{"id":5272,"date":"2021-12-13T10:49:57","date_gmt":"2021-12-13T09:49:57","guid":{"rendered":"https:\/\/www.link2fleet.com\/fleet-dating-special-la-fiscalite-automobile-definie-pour-les-10-ans-a-venir\/"},"modified":"2021-12-13T10:49:57","modified_gmt":"2021-12-13T09:49:57","slug":"fleet-dating-special-la-fiscalite-automobile-definie-pour-les-10-ans-a-venir","status":"publish","type":"post","link":"https:\/\/www.link2fleet.com\/fr\/fleet-dating-special-la-fiscalite-automobile-definie-pour-les-10-ans-a-venir\/","title":{"rendered":"Fleet dating special: plan d&rsquo;action pour une flotte neutre en CO2"},"content":{"rendered":"<p>La fiscalit\u00e9 automobile a fait couler beaucoup d&rsquo;encre ces derniers mois, notamment en ce qui concerne la suppression totale de toute d\u00e9duction fiscale pour les voitures \u00e0 moteur \u00e0 combustion \u00e0 partir de 2026. L&rsquo;obligation du \u00ab\u00a0z\u00e9ro \u00e9mission\u00a0\u00bb sera alors une r\u00e9alit\u00e9. Toutefois, le plus important est qu&rsquo;il existe enfin un cadre clair pour la transition vers un parc automobile d&rsquo;entreprise \u00e0 z\u00e9ro \u00e9mission. La fiscalit\u00e9 automobile pour la p\u00e9riode 2022 &#8211; 2031 a \u00e9t\u00e9 ratifi\u00e9e par une publication au Moniteur belge le 3 d\u00e9cembre 2021.<\/p>\n<p>&nbsp;<\/p>\n<p><strong>La contribution du CO2 comme coupable<\/strong><\/p>\n<p>Pour les entreprises, le plus grand changement en mati\u00e8re de fiscalit\u00e9 automobile est l&rsquo;augmentation exponentielle de la contribution CO2 pour les v\u00e9hicules \u00e0 \u00e9mission non nulle. Cela a un impact important sur le TCO2. De cette fa\u00e7on, le politique punit toutes les voitures de soci\u00e9t\u00e9. A tort, les voitures de soci\u00e9t\u00e9 et les voitures salariales sont plac\u00e9es sur le m\u00eame r\u00e9gime fiscal.<\/p>\n<table>\n<tbody>\n<tr>\n<td width=\"201\"><\/td>\n<td width=\"201\">index CO2<\/td>\n<td width=\"201\">Cotisation CO2 en euros\/mois<\/td>\n<\/tr>\n<tr>\n<td width=\"201\">2021<\/td>\n<td width=\"201\">1,3222<\/td>\n<td width=\"201\">Min. 27,54<\/td>\n<\/tr>\n<tr>\n<td width=\"201\">2022<\/td>\n<td width=\"201\">1,3525<\/td>\n<td width=\"201\">Min. 28,17<\/p>\n<p>si par ex. 62,00 &gt;<\/td>\n<\/tr>\n<tr>\n<td width=\"201\">A partir de 1\/07\/2023<\/td>\n<td width=\"201\">X 2,25<\/td>\n<td width=\"201\"><\/td>\n<\/tr>\n<tr>\n<td width=\"201\">2024<\/td>\n<td width=\"201\">X 2,25<\/td>\n<td width=\"201\"><\/td>\n<\/tr>\n<tr>\n<td width=\"201\">2025<\/td>\n<td width=\"201\">X 2,75<\/td>\n<td width=\"201\">169,00<\/td>\n<\/tr>\n<tr>\n<td width=\"201\">2026<\/td>\n<td width=\"201\">X 4,00<\/td>\n<td width=\"201\"><\/td>\n<\/tr>\n<tr>\n<td width=\"201\">2027<\/td>\n<td width=\"201\">X 5,50<\/td>\n<td width=\"201\">340,00<\/td>\n<\/tr>\n<tr>\n<td width=\"201\">2028<\/td>\n<td width=\"201\">X 5,50<\/td>\n<td width=\"201\">340,00<\/td>\n<\/tr>\n<tr>\n<td width=\"201\">2029<\/td>\n<td width=\"201\">X 5,50<\/td>\n<td width=\"201\">340,00<\/td>\n<\/tr>\n<tr>\n<td width=\"201\">2030<\/td>\n<td width=\"201\">X 5,50<\/td>\n<td width=\"201\">340,00<\/td>\n<\/tr>\n<tr>\n<td width=\"201\">2031<\/td>\n<td width=\"201\">X 5,50<\/td>\n<td width=\"201\">340,00<\/td>\n<\/tr>\n<\/tbody>\n<\/table>\n<p>La cotisation de CO2 est une cotisation sociale et donc 100% d\u00e9ductible pour les entreprises. Elle n&rsquo;a rien avoir avec le verdissement de la fiscalit\u00e9 automobile.<\/p>\n<p>Les v\u00e9hicules 0 \u00e9mission doivent aussi payer une cotisation de CO2, bien qu&rsquo;il s&rsquo;agisse alors du tarif minimum.<\/p>\n<p>&nbsp;<\/p>\n<p><strong>D\u00e9claration fiscale \u00e0 venir<\/strong><\/p>\n<p>Le SPF Finances exige des rapports suppl\u00e9mentaires sur les co\u00fbts du carburant \u00e0 partir de 2022. L&rsquo;arr\u00eat\u00e9 royal correspondant ne para\u00eetra au Moniteur Belge qu&rsquo;en 2022.<\/p>\n<p>Des amendes sont pr\u00e9vues en cas de non-d\u00e9claration de ce rapport annuel.<\/p>\n<p>&nbsp;<\/p>\n<p>La future d\u00e9claration fera \u00e9tat des \u00e9l\u00e9ments suivants:<\/p>\n<ul>\n<li>La d\u00e9ductibilit\u00e9 fiscale des frais de carburant<\/li>\n<li>Les accises pay\u00e9es en partie sur les frais de carburant<\/li>\n<li>La TVA pay\u00e9e en partie sur les frais de carburant<\/li>\n<li>L&rsquo;ATN &#8211; l&rsquo;\u00c9tat veut s&rsquo;assurer que les recettes ne diminuent pas \u00e0 cause du verdissement de la flotte !<\/li>\n<\/ul>\n<p>&nbsp;<\/p>\n<p><strong>TCO2 des voitures avec\u00a0moteur \u00e0 combustion ou z\u00e9ro \u00e9mission\u00a0<\/strong><\/p>\n<table>\n<tbody>\n<tr>\n<td width=\"151\">D\u00e9veloppement index\u00e9<\/td>\n<td width=\"151\">Moteur \u00e0 combustion<\/td>\n<td width=\"151\">Voiture z\u00e9ro \u00e9mission<\/td>\n<\/tr>\n<tr>\n<td width=\"151\">2022<\/td>\n<td width=\"151\">100<\/td>\n<td width=\"151\">100<\/td>\n<\/tr>\n<tr>\n<td width=\"151\">2023<\/td>\n<td width=\"151\">109<\/td>\n<td width=\"151\">100<\/td>\n<\/tr>\n<tr>\n<td width=\"151\">2024<\/td>\n<td width=\"151\">109<\/td>\n<td width=\"151\">100<\/td>\n<\/tr>\n<tr>\n<td width=\"151\">2025<\/td>\n<td width=\"151\">113<\/td>\n<td width=\"151\">100<\/td>\n<\/tr>\n<tr>\n<td width=\"151\">2026<\/td>\n<td width=\"151\">123<\/td>\n<td width=\"151\">101<\/td>\n<\/tr>\n<tr>\n<td width=\"151\">2027<\/td>\n<td width=\"151\">139<\/td>\n<td width=\"151\">102<\/td>\n<\/tr>\n<tr>\n<td width=\"151\">2028<\/td>\n<td width=\"151\">145<\/td>\n<td width=\"151\">104<\/td>\n<\/tr>\n<\/tbody>\n<\/table>\n<p>!!! Il est plus que jamais n\u00e9cessaire de prendre en compte le TCO2.<\/p>\n<p>&nbsp;<\/p>\n<p><strong>Les 10 points \u00e0 retenir de cette session<\/strong><\/p>\n<ol>\n<li>Jusqu&rsquo;au 1er juillet 2023, les r\u00e8gles actuelles en mati\u00e8re de fiscalit\u00e9 automobile restent valables et inchang\u00e9es<\/li>\n<li>La flotte actuelle et les futures commandes (signature du bon de commande; accord re\u00e7u de la soci\u00e9t\u00e9 de leasing) avant le 1er juillet 2023 conservent la fiscalit\u00e9 automobile actuelle.<\/li>\n<li>Tant que le certificat de conformit\u00e9 des v\u00e9hicules indique les mesures d&rsquo;\u00e9missions (\u00e9missions de CO2 en g\/km) selon les valeurs NEDC 2.0 et WLTP, on peut utiliser la valeur la plus faible entre les deux, m\u00eame au-del\u00e0 de 2022.<\/li>\n<li>En cas d&rsquo;achat ou de leasing d&rsquo;une voiture d&rsquo;occasion dont le taux de CO2 est mentionn\u00e9e en NEDC sur le certificat de conformit\u00e9, cette valeur peut-\u00eatre utilis\u00e9e dans le calcul fiscal.<\/li>\n<li>A partir du 1er juillet 2023 et jusqu&rsquo;au 1er janvier 2026, une p\u00e9riode de transition sera mise en place pour transformer le parc automobile en fleet en parc 0 \u00e9mission.<\/li>\n<li>A partir du 1er janvier 2026, les v\u00e9hicules \u00e0 motorisations thermiques ne b\u00e9n\u00e9ficieront plus d&rsquo;aucune d\u00e9ductibilit\u00e9 fiscale.<\/li>\n<li>Les v\u00e9hicules 0 \u00e9mission command\u00e9s avant le 1er janvier 2026 profitent d&rsquo;une d\u00e9ductibilit\u00e9 fiscale \u00e0 100%, y compris les ann\u00e9es qui suivent.<\/li>\n<li>\u00a0A partir du 1er janvier 2026, une d\u00e9gressivit\u00e9 de la d\u00e9ductibilit\u00e9 fiscale des nouveaux v\u00e9hicules 0 \u00e9mission command\u00e9s sera mise en place (95% en 2027, 90% en 2028,&#8230;)<\/li>\n<li>A partir du 1er janvier 2031, la d\u00e9ductibilit\u00e9 fiscale de 100% disparaitra d\u00e9finitivement. La d\u00e9ductibilit\u00e9 maximal pour les v\u00e9hicules 0 \u00e9mission sera alors de 67,5%.<\/li>\n<li>Les co\u00fbts suppl\u00e9mentaires li\u00e9s \u00e0 la nouvelle fiscalit\u00e9 automobile seront enti\u00e8rement \u00e0 charge de l&#8217;employeur.<\/li>\n<\/ol>\n<p>&nbsp;<\/p>\n","protected":false},"excerpt":{"rendered":"<p>La fiscalit\u00e9 automobile a fait couler beaucoup d&rsquo;encre ces derniers mois, notamment en ce qui concerne la suppression totale de toute d\u00e9duction fiscale pour les voitures \u00e0 moteur \u00e0 combustion \u00e0 partir de 2026. L&rsquo;obligation du \u00ab\u00a0z\u00e9ro \u00e9mission\u00a0\u00bb sera alors une r\u00e9alit\u00e9. Toutefois, le plus important est qu&rsquo;il existe enfin un cadre clair pour la [&hellip;]<\/p>\n","protected":false},"author":15,"featured_media":5273,"comment_status":"closed","ping_status":"closed","sticky":false,"template":"","format":"standard","meta":{"_acf_changed":false,"footnotes":""},"categories":[91,101],"tags":[],"class_list":["post-5272","post","type-post","status-publish","format-standard","has-post-thumbnail","hentry","category-expertise-et-management","category-tax-legal"],"acf":[],"yoast_head":"<!-- This site is optimized with the Yoast SEO plugin v27.3 - https:\/\/yoast.com\/product\/yoast-seo-wordpress\/ -->\n<title>Fleet dating special: plan d&#039;action pour une flotte neutre en CO2 - link2fleet<\/title>\n<meta name=\"description\" content=\"Le 7 d\u00e9cembre, link2fleet organisait, en collaboration avec Eurofleet et Mobilitas, un Fleet Dating Special sur la th\u00e9matique bouillonnante \u00ab\u00a0Mission z\u00e9ro pour la flotte de\u2026\" \/>\n<meta name=\"robots\" content=\"index, follow, max-snippet:-1, max-image-preview:large, max-video-preview:-1\" \/>\n<meta property=\"og:locale\" content=\"fr_FR\" \/>\n<meta property=\"og:type\" content=\"article\" \/>\n<meta property=\"og:title\" content=\"Fleet dating special: plan d&#039;action pour une flotte neutre en CO2 - link2fleet\" \/>\n<meta property=\"og:description\" content=\"Le 7 d\u00e9cembre, link2fleet organisait, en collaboration avec Eurofleet et Mobilitas, un Fleet Dating Special sur la th\u00e9matique bouillonnante \u00ab\u00a0Mission z\u00e9ro pour la flotte de\u2026\" \/>\n<meta property=\"og:url\" content=\"https:\/\/www.link2fleet.com\/fr\/fleet-dating-special-la-fiscalite-automobile-definie-pour-les-10-ans-a-venir\/\" \/>\n<meta property=\"og:site_name\" content=\"link2fleet\" \/>\n<meta property=\"article:published_time\" content=\"2021-12-13T09:49:57+00:00\" \/>\n<meta property=\"og:image\" content=\"https:\/\/static.link2fleet.com\/wp-content\/uploads\/2024\/03\/voiturelectrique.jpeg\" \/>\n\t<meta property=\"og:image:width\" content=\"900\" \/>\n\t<meta property=\"og:image:height\" content=\"506\" \/>\n\t<meta property=\"og:image:type\" content=\"image\/jpeg\" \/>\n<meta name=\"author\" content=\"Eduard Codd\u00e9\" \/>\n<meta name=\"twitter:card\" content=\"summary_large_image\" \/>\n<meta name=\"twitter:description\" content=\"Le 7 d\u00e9cembre, link2fleet organisait, en collaboration avec Eurofleet et Mobilitas, un Fleet Dating Special sur la th\u00e9matique bouillonnante \u00ab\u00a0Mission z\u00e9ro pour la flotte de\u2026\" \/>\n<meta name=\"twitter:label1\" content=\"\u00c9crit par\" \/>\n\t<meta name=\"twitter:data1\" content=\"Eduard Codd\u00e9\" \/>\n\t<meta name=\"twitter:label2\" content=\"Dur\u00e9e de lecture estim\u00e9e\" \/>\n\t<meta name=\"twitter:data2\" content=\"3 minutes\" \/>\n<script type=\"application\/ld+json\" class=\"yoast-schema-graph\">{\"@context\":\"https:\\\/\\\/schema.org\",\"@graph\":[{\"@type\":\"Article\",\"@id\":\"https:\\\/\\\/www.link2fleet.com\\\/fr\\\/fleet-dating-special-la-fiscalite-automobile-definie-pour-les-10-ans-a-venir\\\/#article\",\"isPartOf\":{\"@id\":\"https:\\\/\\\/www.link2fleet.com\\\/fr\\\/fleet-dating-special-la-fiscalite-automobile-definie-pour-les-10-ans-a-venir\\\/\"},\"author\":{\"name\":\"Eduard Codd\u00e9\",\"@id\":\"https:\\\/\\\/www.link2fleet.com\\\/fr\\\/#\\\/schema\\\/person\\\/665e97b2a09468c859e1054550b6df42\"},\"headline\":\"Fleet dating special: plan d&rsquo;action pour une flotte neutre en CO2\",\"datePublished\":\"2021-12-13T09:49:57+00:00\",\"mainEntityOfPage\":{\"@id\":\"https:\\\/\\\/www.link2fleet.com\\\/fr\\\/fleet-dating-special-la-fiscalite-automobile-definie-pour-les-10-ans-a-venir\\\/\"},\"wordCount\":667,\"publisher\":{\"@id\":\"https:\\\/\\\/www.link2fleet.com\\\/fr\\\/#organization\"},\"image\":{\"@id\":\"https:\\\/\\\/www.link2fleet.com\\\/fr\\\/fleet-dating-special-la-fiscalite-automobile-definie-pour-les-10-ans-a-venir\\\/#primaryimage\"},\"thumbnailUrl\":\"https:\\\/\\\/static.link2fleet.com\\\/wp-content\\\/uploads\\\/2024\\\/03\\\/voiturelectrique.jpeg\",\"articleSection\":[\"Gestion de flotte\",\"Tax &amp; legal\"],\"inLanguage\":\"fr-FR\"},{\"@type\":\"WebPage\",\"@id\":\"https:\\\/\\\/www.link2fleet.com\\\/fr\\\/fleet-dating-special-la-fiscalite-automobile-definie-pour-les-10-ans-a-venir\\\/\",\"url\":\"https:\\\/\\\/www.link2fleet.com\\\/fr\\\/fleet-dating-special-la-fiscalite-automobile-definie-pour-les-10-ans-a-venir\\\/\",\"name\":\"Fleet dating special: plan d'action pour une flotte neutre en CO2 - link2fleet\",\"isPartOf\":{\"@id\":\"https:\\\/\\\/www.link2fleet.com\\\/fr\\\/#website\"},\"primaryImageOfPage\":{\"@id\":\"https:\\\/\\\/www.link2fleet.com\\\/fr\\\/fleet-dating-special-la-fiscalite-automobile-definie-pour-les-10-ans-a-venir\\\/#primaryimage\"},\"image\":{\"@id\":\"https:\\\/\\\/www.link2fleet.com\\\/fr\\\/fleet-dating-special-la-fiscalite-automobile-definie-pour-les-10-ans-a-venir\\\/#primaryimage\"},\"thumbnailUrl\":\"https:\\\/\\\/static.link2fleet.com\\\/wp-content\\\/uploads\\\/2024\\\/03\\\/voiturelectrique.jpeg\",\"datePublished\":\"2021-12-13T09:49:57+00:00\",\"breadcrumb\":{\"@id\":\"https:\\\/\\\/www.link2fleet.com\\\/fr\\\/fleet-dating-special-la-fiscalite-automobile-definie-pour-les-10-ans-a-venir\\\/#breadcrumb\"},\"inLanguage\":\"fr-FR\",\"potentialAction\":[{\"@type\":\"ReadAction\",\"target\":[\"https:\\\/\\\/www.link2fleet.com\\\/fr\\\/fleet-dating-special-la-fiscalite-automobile-definie-pour-les-10-ans-a-venir\\\/\"]}]},{\"@type\":\"ImageObject\",\"inLanguage\":\"fr-FR\",\"@id\":\"https:\\\/\\\/www.link2fleet.com\\\/fr\\\/fleet-dating-special-la-fiscalite-automobile-definie-pour-les-10-ans-a-venir\\\/#primaryimage\",\"url\":\"https:\\\/\\\/static.link2fleet.com\\\/wp-content\\\/uploads\\\/2024\\\/03\\\/voiturelectrique.jpeg\",\"contentUrl\":\"https:\\\/\\\/static.link2fleet.com\\\/wp-content\\\/uploads\\\/2024\\\/03\\\/voiturelectrique.jpeg\",\"width\":900,\"height\":506},{\"@type\":\"BreadcrumbList\",\"@id\":\"https:\\\/\\\/www.link2fleet.com\\\/fr\\\/fleet-dating-special-la-fiscalite-automobile-definie-pour-les-10-ans-a-venir\\\/#breadcrumb\",\"itemListElement\":[{\"@type\":\"ListItem\",\"position\":1,\"name\":\"Home\",\"item\":\"https:\\\/\\\/www.link2fleet.com\\\/fr\\\/\"},{\"@type\":\"ListItem\",\"position\":2,\"name\":\"Fleet dating special: plan d&#8217;action pour une flotte neutre en CO2\"}]},{\"@type\":\"WebSite\",\"@id\":\"https:\\\/\\\/www.link2fleet.com\\\/fr\\\/#website\",\"url\":\"https:\\\/\\\/www.link2fleet.com\\\/fr\\\/\",\"name\":\"Link2fleet\",\"description\":\"\",\"publisher\":{\"@id\":\"https:\\\/\\\/www.link2fleet.com\\\/fr\\\/#organization\"},\"potentialAction\":[{\"@type\":\"SearchAction\",\"target\":{\"@type\":\"EntryPoint\",\"urlTemplate\":\"https:\\\/\\\/www.link2fleet.com\\\/fr\\\/?s={search_term_string}\"},\"query-input\":{\"@type\":\"PropertyValueSpecification\",\"valueRequired\":true,\"valueName\":\"search_term_string\"}}],\"inLanguage\":\"fr-FR\"},{\"@type\":\"Organization\",\"@id\":\"https:\\\/\\\/www.link2fleet.com\\\/fr\\\/#organization\",\"name\":\"Link2fleet\",\"url\":\"https:\\\/\\\/www.link2fleet.com\\\/fr\\\/\",\"logo\":{\"@type\":\"ImageObject\",\"inLanguage\":\"fr-FR\",\"@id\":\"https:\\\/\\\/www.link2fleet.com\\\/fr\\\/#\\\/schema\\\/logo\\\/image\\\/\",\"url\":\"https:\\\/\\\/static.link2fleet.com\\\/wp-content\\\/uploads\\\/2024\\\/03\\\/share-image.jpg\",\"contentUrl\":\"https:\\\/\\\/static.link2fleet.com\\\/wp-content\\\/uploads\\\/2024\\\/03\\\/share-image.jpg\",\"width\":1200,\"height\":630,\"caption\":\"Link2fleet\"},\"image\":{\"@id\":\"https:\\\/\\\/www.link2fleet.com\\\/fr\\\/#\\\/schema\\\/logo\\\/image\\\/\"},\"sameAs\":[\"https:\\\/\\\/www.linkedin.com\\\/company\\\/link2fleet-belgium\",\"https:\\\/\\\/www.youtube.com\\\/user\\\/MMMBMBE\"]},{\"@type\":\"Person\",\"@id\":\"https:\\\/\\\/www.link2fleet.com\\\/fr\\\/#\\\/schema\\\/person\\\/665e97b2a09468c859e1054550b6df42\",\"name\":\"Eduard Codd\u00e9\",\"image\":{\"@type\":\"ImageObject\",\"inLanguage\":\"fr-FR\",\"@id\":\"https:\\\/\\\/secure.gravatar.com\\\/avatar\\\/dec911fbcc7fe91af8440da6bf79457dcae5ede1c5620184af3119ee3db73d1b?s=96&d=mm&r=g\",\"url\":\"https:\\\/\\\/secure.gravatar.com\\\/avatar\\\/dec911fbcc7fe91af8440da6bf79457dcae5ede1c5620184af3119ee3db73d1b?s=96&d=mm&r=g\",\"contentUrl\":\"https:\\\/\\\/secure.gravatar.com\\\/avatar\\\/dec911fbcc7fe91af8440da6bf79457dcae5ede1c5620184af3119ee3db73d1b?s=96&d=mm&r=g\",\"caption\":\"Eduard Codd\u00e9\"}}]}<\/script>\n<!-- \/ Yoast SEO plugin. -->","yoast_head_json":{"title":"Fleet dating special: plan d'action pour une flotte neutre en CO2 - link2fleet","description":"Le 7 d\u00e9cembre, link2fleet organisait, en collaboration avec Eurofleet et Mobilitas, un Fleet Dating Special sur la th\u00e9matique bouillonnante \u00ab\u00a0Mission z\u00e9ro pour la flotte de\u2026","robots":{"index":"index","follow":"follow","max-snippet":"max-snippet:-1","max-image-preview":"max-image-preview:large","max-video-preview":"max-video-preview:-1"},"og_locale":"fr_FR","og_type":"article","og_title":"Fleet dating special: plan d'action pour une flotte neutre en CO2 - link2fleet","og_description":"Le 7 d\u00e9cembre, link2fleet organisait, en collaboration avec Eurofleet et Mobilitas, un Fleet Dating Special sur la th\u00e9matique bouillonnante \u00ab\u00a0Mission z\u00e9ro pour la flotte de\u2026","og_url":"https:\/\/www.link2fleet.com\/fr\/fleet-dating-special-la-fiscalite-automobile-definie-pour-les-10-ans-a-venir\/","og_site_name":"link2fleet","article_published_time":"2021-12-13T09:49:57+00:00","og_image":[{"width":900,"height":506,"url":"https:\/\/static.link2fleet.com\/wp-content\/uploads\/2024\/03\/voiturelectrique.jpeg","type":"image\/jpeg"}],"author":"Eduard Codd\u00e9","twitter_card":"summary_large_image","twitter_description":"Le 7 d\u00e9cembre, link2fleet organisait, en collaboration avec Eurofleet et Mobilitas, un Fleet Dating Special sur la th\u00e9matique bouillonnante \u00ab\u00a0Mission z\u00e9ro pour la flotte de\u2026","twitter_misc":{"\u00c9crit par":"Eduard Codd\u00e9","Dur\u00e9e de lecture estim\u00e9e":"3 minutes"},"schema":{"@context":"https:\/\/schema.org","@graph":[{"@type":"Article","@id":"https:\/\/www.link2fleet.com\/fr\/fleet-dating-special-la-fiscalite-automobile-definie-pour-les-10-ans-a-venir\/#article","isPartOf":{"@id":"https:\/\/www.link2fleet.com\/fr\/fleet-dating-special-la-fiscalite-automobile-definie-pour-les-10-ans-a-venir\/"},"author":{"name":"Eduard Codd\u00e9","@id":"https:\/\/www.link2fleet.com\/fr\/#\/schema\/person\/665e97b2a09468c859e1054550b6df42"},"headline":"Fleet dating special: plan d&rsquo;action pour une flotte neutre en CO2","datePublished":"2021-12-13T09:49:57+00:00","mainEntityOfPage":{"@id":"https:\/\/www.link2fleet.com\/fr\/fleet-dating-special-la-fiscalite-automobile-definie-pour-les-10-ans-a-venir\/"},"wordCount":667,"publisher":{"@id":"https:\/\/www.link2fleet.com\/fr\/#organization"},"image":{"@id":"https:\/\/www.link2fleet.com\/fr\/fleet-dating-special-la-fiscalite-automobile-definie-pour-les-10-ans-a-venir\/#primaryimage"},"thumbnailUrl":"https:\/\/static.link2fleet.com\/wp-content\/uploads\/2024\/03\/voiturelectrique.jpeg","articleSection":["Gestion de flotte","Tax &amp; legal"],"inLanguage":"fr-FR"},{"@type":"WebPage","@id":"https:\/\/www.link2fleet.com\/fr\/fleet-dating-special-la-fiscalite-automobile-definie-pour-les-10-ans-a-venir\/","url":"https:\/\/www.link2fleet.com\/fr\/fleet-dating-special-la-fiscalite-automobile-definie-pour-les-10-ans-a-venir\/","name":"Fleet dating special: plan d'action pour une flotte neutre en CO2 - link2fleet","isPartOf":{"@id":"https:\/\/www.link2fleet.com\/fr\/#website"},"primaryImageOfPage":{"@id":"https:\/\/www.link2fleet.com\/fr\/fleet-dating-special-la-fiscalite-automobile-definie-pour-les-10-ans-a-venir\/#primaryimage"},"image":{"@id":"https:\/\/www.link2fleet.com\/fr\/fleet-dating-special-la-fiscalite-automobile-definie-pour-les-10-ans-a-venir\/#primaryimage"},"thumbnailUrl":"https:\/\/static.link2fleet.com\/wp-content\/uploads\/2024\/03\/voiturelectrique.jpeg","datePublished":"2021-12-13T09:49:57+00:00","breadcrumb":{"@id":"https:\/\/www.link2fleet.com\/fr\/fleet-dating-special-la-fiscalite-automobile-definie-pour-les-10-ans-a-venir\/#breadcrumb"},"inLanguage":"fr-FR","potentialAction":[{"@type":"ReadAction","target":["https:\/\/www.link2fleet.com\/fr\/fleet-dating-special-la-fiscalite-automobile-definie-pour-les-10-ans-a-venir\/"]}]},{"@type":"ImageObject","inLanguage":"fr-FR","@id":"https:\/\/www.link2fleet.com\/fr\/fleet-dating-special-la-fiscalite-automobile-definie-pour-les-10-ans-a-venir\/#primaryimage","url":"https:\/\/static.link2fleet.com\/wp-content\/uploads\/2024\/03\/voiturelectrique.jpeg","contentUrl":"https:\/\/static.link2fleet.com\/wp-content\/uploads\/2024\/03\/voiturelectrique.jpeg","width":900,"height":506},{"@type":"BreadcrumbList","@id":"https:\/\/www.link2fleet.com\/fr\/fleet-dating-special-la-fiscalite-automobile-definie-pour-les-10-ans-a-venir\/#breadcrumb","itemListElement":[{"@type":"ListItem","position":1,"name":"Home","item":"https:\/\/www.link2fleet.com\/fr\/"},{"@type":"ListItem","position":2,"name":"Fleet dating special: plan d&#8217;action pour une flotte neutre en CO2"}]},{"@type":"WebSite","@id":"https:\/\/www.link2fleet.com\/fr\/#website","url":"https:\/\/www.link2fleet.com\/fr\/","name":"Link2fleet","description":"","publisher":{"@id":"https:\/\/www.link2fleet.com\/fr\/#organization"},"potentialAction":[{"@type":"SearchAction","target":{"@type":"EntryPoint","urlTemplate":"https:\/\/www.link2fleet.com\/fr\/?s={search_term_string}"},"query-input":{"@type":"PropertyValueSpecification","valueRequired":true,"valueName":"search_term_string"}}],"inLanguage":"fr-FR"},{"@type":"Organization","@id":"https:\/\/www.link2fleet.com\/fr\/#organization","name":"Link2fleet","url":"https:\/\/www.link2fleet.com\/fr\/","logo":{"@type":"ImageObject","inLanguage":"fr-FR","@id":"https:\/\/www.link2fleet.com\/fr\/#\/schema\/logo\/image\/","url":"https:\/\/static.link2fleet.com\/wp-content\/uploads\/2024\/03\/share-image.jpg","contentUrl":"https:\/\/static.link2fleet.com\/wp-content\/uploads\/2024\/03\/share-image.jpg","width":1200,"height":630,"caption":"Link2fleet"},"image":{"@id":"https:\/\/www.link2fleet.com\/fr\/#\/schema\/logo\/image\/"},"sameAs":["https:\/\/www.linkedin.com\/company\/link2fleet-belgium","https:\/\/www.youtube.com\/user\/MMMBMBE"]},{"@type":"Person","@id":"https:\/\/www.link2fleet.com\/fr\/#\/schema\/person\/665e97b2a09468c859e1054550b6df42","name":"Eduard Codd\u00e9","image":{"@type":"ImageObject","inLanguage":"fr-FR","@id":"https:\/\/secure.gravatar.com\/avatar\/dec911fbcc7fe91af8440da6bf79457dcae5ede1c5620184af3119ee3db73d1b?s=96&d=mm&r=g","url":"https:\/\/secure.gravatar.com\/avatar\/dec911fbcc7fe91af8440da6bf79457dcae5ede1c5620184af3119ee3db73d1b?s=96&d=mm&r=g","contentUrl":"https:\/\/secure.gravatar.com\/avatar\/dec911fbcc7fe91af8440da6bf79457dcae5ede1c5620184af3119ee3db73d1b?s=96&d=mm&r=g","caption":"Eduard Codd\u00e9"}}]}},"_links":{"self":[{"href":"https:\/\/www.link2fleet.com\/fr\/wp-json\/wp\/v2\/posts\/5272","targetHints":{"allow":["GET"]}}],"collection":[{"href":"https:\/\/www.link2fleet.com\/fr\/wp-json\/wp\/v2\/posts"}],"about":[{"href":"https:\/\/www.link2fleet.com\/fr\/wp-json\/wp\/v2\/types\/post"}],"author":[{"embeddable":true,"href":"https:\/\/www.link2fleet.com\/fr\/wp-json\/wp\/v2\/users\/15"}],"replies":[{"embeddable":true,"href":"https:\/\/www.link2fleet.com\/fr\/wp-json\/wp\/v2\/comments?post=5272"}],"version-history":[{"count":0,"href":"https:\/\/www.link2fleet.com\/fr\/wp-json\/wp\/v2\/posts\/5272\/revisions"}],"wp:featuredmedia":[{"embeddable":true,"href":"https:\/\/www.link2fleet.com\/fr\/wp-json\/wp\/v2\/media\/5273"}],"wp:attachment":[{"href":"https:\/\/www.link2fleet.com\/fr\/wp-json\/wp\/v2\/media?parent=5272"}],"wp:term":[{"taxonomy":"category","embeddable":true,"href":"https:\/\/www.link2fleet.com\/fr\/wp-json\/wp\/v2\/categories?post=5272"},{"taxonomy":"post_tag","embeddable":true,"href":"https:\/\/www.link2fleet.com\/fr\/wp-json\/wp\/v2\/tags?post=5272"}],"curies":[{"name":"wp","href":"https:\/\/api.w.org\/{rel}","templated":true}]}}