{"id":52912,"date":"2025-06-23T16:29:55","date_gmt":"2025-06-23T14:29:55","guid":{"rendered":"https:\/\/www.link2fleet.com\/fleet-test-ford-ranger-phev-nog-niet-helemaal-elektrisch\/"},"modified":"2025-06-24T15:01:47","modified_gmt":"2025-06-24T13:01:47","slug":"fleet-test-ford-ranger-phev-pas-encore-totalement-electrique","status":"publish","type":"post","link":"https:\/\/www.link2fleet.com\/fr\/fleet-test-ford-ranger-phev-pas-encore-totalement-electrique\/","title":{"rendered":"Fleet test Ford Ranger PHEV : pas encore totalement \u00e9lectrique"},"content":{"rendered":"","protected":false},"excerpt":{"rendered":"","protected":false},"author":49,"featured_media":51296,"comment_status":"closed","ping_status":"closed","sticky":false,"template":"","format":"standard","meta":{"_acf_changed":false,"footnotes":""},"categories":[134,1501,1501],"tags":[371,850,358,851],"class_list":{"0":"post-52912","1":"post","2":"type-post","3":"status-publish","4":"format-standard","5":"has-post-thumbnail","6":"hentry","7":"category-fleet-test","8":"category-lcv","10":"tag-ford-fr","11":"tag-ford-ranger","12":"tag-phev-fr","13":"tag-ranger"},"acf":[],"yoast_head":"<!-- This site is optimized with the Yoast SEO plugin v27.3 - https:\/\/yoast.com\/product\/yoast-seo-wordpress\/ -->\n<title>Fleet test Ford Ranger PHEV : pas encore totalement \u00e9lectrique - link2fleet<\/title>\n<meta name=\"description\" content=\"M\u00eame les pick-up commencent timidement \u00e0 se convertir \u00e0 la propulsion enti\u00e8rement \u00e9lectrique. Mais Ford a choisi une autre voie pour l\u2019Europe, en proposant une\u2026\" \/>\n<meta name=\"robots\" content=\"index, follow, max-snippet:-1, max-image-preview:large, max-video-preview:-1\" \/>\n<meta property=\"og:locale\" content=\"fr_FR\" \/>\n<meta property=\"og:type\" content=\"article\" \/>\n<meta property=\"og:title\" content=\"Fleet test Ford Ranger PHEV : pas encore totalement \u00e9lectrique - link2fleet\" \/>\n<meta property=\"og:description\" content=\"M\u00eame les pick-up commencent timidement \u00e0 se convertir \u00e0 la propulsion enti\u00e8rement \u00e9lectrique. Mais Ford a choisi une autre voie pour l\u2019Europe, en proposant une\u2026\" \/>\n<meta property=\"og:url\" content=\"https:\/\/www.link2fleet.com\/fleet-test-ford-ranger-phev-nog-niet-helemaal-elektrisch\/\" \/>\n<meta property=\"og:site_name\" content=\"link2fleet\" \/>\n<meta property=\"article:published_time\" content=\"2025-06-23T14:29:55+00:00\" \/>\n<meta property=\"article:modified_time\" content=\"2025-06-24T13:01:47+00:00\" \/>\n<meta property=\"og:image\" content=\"https:\/\/static.link2fleet.com\/wp-content\/uploads\/2025\/06\/wildtrak-phev-122jpg.jpg\" \/>\n\t<meta property=\"og:image:width\" content=\"1928\" \/>\n\t<meta property=\"og:image:height\" content=\"1285\" \/>\n\t<meta property=\"og:image:type\" content=\"image\/jpeg\" \/>\n<meta name=\"author\" content=\"Kevin Kersemans\" \/>\n<meta name=\"twitter:card\" content=\"summary_large_image\" \/>\n<meta name=\"twitter:description\" content=\"M\u00eame les pick-up commencent timidement \u00e0 se convertir \u00e0 la propulsion enti\u00e8rement \u00e9lectrique. Mais Ford a choisi une autre voie pour l\u2019Europe, en proposant une\u2026\" \/>\n<meta name=\"twitter:label1\" content=\"\u00c9crit par\" \/>\n\t<meta name=\"twitter:data1\" content=\"Kevin Kersemans\" \/>\n\t<meta name=\"twitter:label2\" content=\"Dur\u00e9e de lecture estim\u00e9e\" \/>\n\t<meta name=\"twitter:data2\" content=\"8 minutes\" \/>\n<script type=\"application\/ld+json\" class=\"yoast-schema-graph\">{\"@context\":\"https:\\\/\\\/schema.org\",\"@graph\":[{\"@type\":\"Article\",\"@id\":\"https:\\\/\\\/www.link2fleet.com\\\/fleet-test-ford-ranger-phev-nog-niet-helemaal-elektrisch\\\/#article\",\"isPartOf\":{\"@id\":\"https:\\\/\\\/www.link2fleet.com\\\/fleet-test-ford-ranger-phev-nog-niet-helemaal-elektrisch\\\/\"},\"author\":{\"name\":\"Kevin Kersemans\",\"@id\":\"https:\\\/\\\/www.link2fleet.com\\\/fr\\\/#\\\/schema\\\/person\\\/877bc89c32c65772066cb11fe1e67bbf\"},\"headline\":\"Fleet test Ford Ranger PHEV : pas encore totalement \u00e9lectrique\",\"datePublished\":\"2025-06-23T14:29:55+00:00\",\"dateModified\":\"2025-06-24T13:01:47+00:00\",\"mainEntityOfPage\":{\"@id\":\"https:\\\/\\\/www.link2fleet.com\\\/fleet-test-ford-ranger-phev-nog-niet-helemaal-elektrisch\\\/\"},\"wordCount\":9,\"publisher\":{\"@id\":\"https:\\\/\\\/www.link2fleet.com\\\/fr\\\/#organization\"},\"image\":{\"@id\":\"https:\\\/\\\/www.link2fleet.com\\\/fleet-test-ford-ranger-phev-nog-niet-helemaal-elektrisch\\\/#primaryimage\"},\"thumbnailUrl\":\"https:\\\/\\\/static.link2fleet.com\\\/wp-content\\\/uploads\\\/2025\\\/06\\\/wildtrak-phev-122jpg.jpg\",\"keywords\":[\"ford\",\"ford ranger\",\"PHEV\",\"ranger\"],\"articleSection\":[\"Essais fleet\",\"LCV\",\"LCV\"],\"inLanguage\":\"fr-FR\"},{\"@type\":\"WebPage\",\"@id\":\"https:\\\/\\\/www.link2fleet.com\\\/fleet-test-ford-ranger-phev-nog-niet-helemaal-elektrisch\\\/\",\"url\":\"https:\\\/\\\/www.link2fleet.com\\\/fleet-test-ford-ranger-phev-nog-niet-helemaal-elektrisch\\\/\",\"name\":\"Fleet test Ford Ranger PHEV : pas encore totalement \u00e9lectrique - link2fleet\",\"isPartOf\":{\"@id\":\"https:\\\/\\\/www.link2fleet.com\\\/fr\\\/#website\"},\"primaryImageOfPage\":{\"@id\":\"https:\\\/\\\/www.link2fleet.com\\\/fleet-test-ford-ranger-phev-nog-niet-helemaal-elektrisch\\\/#primaryimage\"},\"image\":{\"@id\":\"https:\\\/\\\/www.link2fleet.com\\\/fleet-test-ford-ranger-phev-nog-niet-helemaal-elektrisch\\\/#primaryimage\"},\"thumbnailUrl\":\"https:\\\/\\\/static.link2fleet.com\\\/wp-content\\\/uploads\\\/2025\\\/06\\\/wildtrak-phev-122jpg.jpg\",\"datePublished\":\"2025-06-23T14:29:55+00:00\",\"dateModified\":\"2025-06-24T13:01:47+00:00\",\"description\":\"Ford a choisi une autre voie pour l\u2019Europe, en proposant une version hybride rechargeable de son populaire Ranger.\",\"breadcrumb\":{\"@id\":\"https:\\\/\\\/www.link2fleet.com\\\/fleet-test-ford-ranger-phev-nog-niet-helemaal-elektrisch\\\/#breadcrumb\"},\"inLanguage\":\"fr-FR\",\"potentialAction\":[{\"@type\":\"ReadAction\",\"target\":[\"https:\\\/\\\/www.link2fleet.com\\\/fleet-test-ford-ranger-phev-nog-niet-helemaal-elektrisch\\\/\"]}]},{\"@type\":\"ImageObject\",\"inLanguage\":\"fr-FR\",\"@id\":\"https:\\\/\\\/www.link2fleet.com\\\/fleet-test-ford-ranger-phev-nog-niet-helemaal-elektrisch\\\/#primaryimage\",\"url\":\"https:\\\/\\\/static.link2fleet.com\\\/wp-content\\\/uploads\\\/2025\\\/06\\\/wildtrak-phev-122jpg.jpg\",\"contentUrl\":\"https:\\\/\\\/static.link2fleet.com\\\/wp-content\\\/uploads\\\/2025\\\/06\\\/wildtrak-phev-122jpg.jpg\",\"width\":1928,\"height\":1285},{\"@type\":\"BreadcrumbList\",\"@id\":\"https:\\\/\\\/www.link2fleet.com\\\/fleet-test-ford-ranger-phev-nog-niet-helemaal-elektrisch\\\/#breadcrumb\",\"itemListElement\":[{\"@type\":\"ListItem\",\"position\":1,\"name\":\"Home\",\"item\":\"https:\\\/\\\/www.link2fleet.com\\\/fr\\\/\"},{\"@type\":\"ListItem\",\"position\":2,\"name\":\"Fleet test Ford Ranger PHEV : pas encore totalement \u00e9lectrique\"}]},{\"@type\":\"WebSite\",\"@id\":\"https:\\\/\\\/www.link2fleet.com\\\/fr\\\/#website\",\"url\":\"https:\\\/\\\/www.link2fleet.com\\\/fr\\\/\",\"name\":\"Link2fleet\",\"description\":\"\",\"publisher\":{\"@id\":\"https:\\\/\\\/www.link2fleet.com\\\/fr\\\/#organization\"},\"potentialAction\":[{\"@type\":\"SearchAction\",\"target\":{\"@type\":\"EntryPoint\",\"urlTemplate\":\"https:\\\/\\\/www.link2fleet.com\\\/fr\\\/?s={search_term_string}\"},\"query-input\":{\"@type\":\"PropertyValueSpecification\",\"valueRequired\":true,\"valueName\":\"search_term_string\"}}],\"inLanguage\":\"fr-FR\"},{\"@type\":\"Organization\",\"@id\":\"https:\\\/\\\/www.link2fleet.com\\\/fr\\\/#organization\",\"name\":\"Link2fleet\",\"url\":\"https:\\\/\\\/www.link2fleet.com\\\/fr\\\/\",\"logo\":{\"@type\":\"ImageObject\",\"inLanguage\":\"fr-FR\",\"@id\":\"https:\\\/\\\/www.link2fleet.com\\\/fr\\\/#\\\/schema\\\/logo\\\/image\\\/\",\"url\":\"https:\\\/\\\/static.link2fleet.com\\\/wp-content\\\/uploads\\\/2024\\\/03\\\/share-image.jpg\",\"contentUrl\":\"https:\\\/\\\/static.link2fleet.com\\\/wp-content\\\/uploads\\\/2024\\\/03\\\/share-image.jpg\",\"width\":1200,\"height\":630,\"caption\":\"Link2fleet\"},\"image\":{\"@id\":\"https:\\\/\\\/www.link2fleet.com\\\/fr\\\/#\\\/schema\\\/logo\\\/image\\\/\"},\"sameAs\":[\"https:\\\/\\\/www.linkedin.com\\\/company\\\/link2fleet-belgium\",\"https:\\\/\\\/www.youtube.com\\\/user\\\/MMMBMBE\"]},{\"@type\":\"Person\",\"@id\":\"https:\\\/\\\/www.link2fleet.com\\\/fr\\\/#\\\/schema\\\/person\\\/877bc89c32c65772066cb11fe1e67bbf\",\"name\":\"Kevin Kersemans\",\"image\":{\"@type\":\"ImageObject\",\"inLanguage\":\"fr-FR\",\"@id\":\"https:\\\/\\\/secure.gravatar.com\\\/avatar\\\/b12f7d0f252688f677f4c181b6df65bf86880634bfcef3be42c82efcdb33d654?s=96&d=mm&r=g\",\"url\":\"https:\\\/\\\/secure.gravatar.com\\\/avatar\\\/b12f7d0f252688f677f4c181b6df65bf86880634bfcef3be42c82efcdb33d654?s=96&d=mm&r=g\",\"contentUrl\":\"https:\\\/\\\/secure.gravatar.com\\\/avatar\\\/b12f7d0f252688f677f4c181b6df65bf86880634bfcef3be42c82efcdb33d654?s=96&d=mm&r=g\",\"caption\":\"Kevin Kersemans\"},\"description\":\"Kevin Kersemans is autojournalist met al enkele decennia ervaring op de teller. Zijn passie voor auto's en alles op wielen heeft hij al van kindsbeen af. Voor link2fleet volgt hij vooral de auto-actualiteit en test hij nieuwe modellen.\"}]}<\/script>\n<!-- \/ Yoast SEO plugin. -->","yoast_head_json":{"title":"Fleet test Ford Ranger PHEV : pas encore totalement \u00e9lectrique - link2fleet","description":"M\u00eame les pick-up commencent timidement \u00e0 se convertir \u00e0 la propulsion enti\u00e8rement \u00e9lectrique. Mais Ford a choisi une autre voie pour l\u2019Europe, en proposant une\u2026","robots":{"index":"index","follow":"follow","max-snippet":"max-snippet:-1","max-image-preview":"max-image-preview:large","max-video-preview":"max-video-preview:-1"},"og_locale":"fr_FR","og_type":"article","og_title":"Fleet test Ford Ranger PHEV : pas encore totalement \u00e9lectrique - link2fleet","og_description":"M\u00eame les pick-up commencent timidement \u00e0 se convertir \u00e0 la propulsion enti\u00e8rement \u00e9lectrique. Mais Ford a choisi une autre voie pour l\u2019Europe, en proposant une\u2026","og_url":"https:\/\/www.link2fleet.com\/fleet-test-ford-ranger-phev-nog-niet-helemaal-elektrisch\/","og_site_name":"link2fleet","article_published_time":"2025-06-23T14:29:55+00:00","article_modified_time":"2025-06-24T13:01:47+00:00","og_image":[{"width":1928,"height":1285,"url":"https:\/\/static.link2fleet.com\/wp-content\/uploads\/2025\/06\/wildtrak-phev-122jpg.jpg","type":"image\/jpeg"}],"author":"Kevin Kersemans","twitter_card":"summary_large_image","twitter_description":"M\u00eame les pick-up commencent timidement \u00e0 se convertir \u00e0 la propulsion enti\u00e8rement \u00e9lectrique. Mais Ford a choisi une autre voie pour l\u2019Europe, en proposant une\u2026","twitter_misc":{"\u00c9crit par":"Kevin Kersemans","Dur\u00e9e de lecture estim\u00e9e":"8 minutes"},"schema":{"@context":"https:\/\/schema.org","@graph":[{"@type":"Article","@id":"https:\/\/www.link2fleet.com\/fleet-test-ford-ranger-phev-nog-niet-helemaal-elektrisch\/#article","isPartOf":{"@id":"https:\/\/www.link2fleet.com\/fleet-test-ford-ranger-phev-nog-niet-helemaal-elektrisch\/"},"author":{"name":"Kevin Kersemans","@id":"https:\/\/www.link2fleet.com\/fr\/#\/schema\/person\/877bc89c32c65772066cb11fe1e67bbf"},"headline":"Fleet test Ford Ranger PHEV : pas encore totalement \u00e9lectrique","datePublished":"2025-06-23T14:29:55+00:00","dateModified":"2025-06-24T13:01:47+00:00","mainEntityOfPage":{"@id":"https:\/\/www.link2fleet.com\/fleet-test-ford-ranger-phev-nog-niet-helemaal-elektrisch\/"},"wordCount":9,"publisher":{"@id":"https:\/\/www.link2fleet.com\/fr\/#organization"},"image":{"@id":"https:\/\/www.link2fleet.com\/fleet-test-ford-ranger-phev-nog-niet-helemaal-elektrisch\/#primaryimage"},"thumbnailUrl":"https:\/\/static.link2fleet.com\/wp-content\/uploads\/2025\/06\/wildtrak-phev-122jpg.jpg","keywords":["ford","ford ranger","PHEV","ranger"],"articleSection":["Essais fleet","LCV","LCV"],"inLanguage":"fr-FR"},{"@type":"WebPage","@id":"https:\/\/www.link2fleet.com\/fleet-test-ford-ranger-phev-nog-niet-helemaal-elektrisch\/","url":"https:\/\/www.link2fleet.com\/fleet-test-ford-ranger-phev-nog-niet-helemaal-elektrisch\/","name":"Fleet test Ford Ranger PHEV : pas encore totalement \u00e9lectrique - link2fleet","isPartOf":{"@id":"https:\/\/www.link2fleet.com\/fr\/#website"},"primaryImageOfPage":{"@id":"https:\/\/www.link2fleet.com\/fleet-test-ford-ranger-phev-nog-niet-helemaal-elektrisch\/#primaryimage"},"image":{"@id":"https:\/\/www.link2fleet.com\/fleet-test-ford-ranger-phev-nog-niet-helemaal-elektrisch\/#primaryimage"},"thumbnailUrl":"https:\/\/static.link2fleet.com\/wp-content\/uploads\/2025\/06\/wildtrak-phev-122jpg.jpg","datePublished":"2025-06-23T14:29:55+00:00","dateModified":"2025-06-24T13:01:47+00:00","description":"Ford a choisi une autre voie pour l\u2019Europe, en proposant une version hybride rechargeable de son populaire Ranger.","breadcrumb":{"@id":"https:\/\/www.link2fleet.com\/fleet-test-ford-ranger-phev-nog-niet-helemaal-elektrisch\/#breadcrumb"},"inLanguage":"fr-FR","potentialAction":[{"@type":"ReadAction","target":["https:\/\/www.link2fleet.com\/fleet-test-ford-ranger-phev-nog-niet-helemaal-elektrisch\/"]}]},{"@type":"ImageObject","inLanguage":"fr-FR","@id":"https:\/\/www.link2fleet.com\/fleet-test-ford-ranger-phev-nog-niet-helemaal-elektrisch\/#primaryimage","url":"https:\/\/static.link2fleet.com\/wp-content\/uploads\/2025\/06\/wildtrak-phev-122jpg.jpg","contentUrl":"https:\/\/static.link2fleet.com\/wp-content\/uploads\/2025\/06\/wildtrak-phev-122jpg.jpg","width":1928,"height":1285},{"@type":"BreadcrumbList","@id":"https:\/\/www.link2fleet.com\/fleet-test-ford-ranger-phev-nog-niet-helemaal-elektrisch\/#breadcrumb","itemListElement":[{"@type":"ListItem","position":1,"name":"Home","item":"https:\/\/www.link2fleet.com\/fr\/"},{"@type":"ListItem","position":2,"name":"Fleet test Ford Ranger PHEV : pas encore totalement \u00e9lectrique"}]},{"@type":"WebSite","@id":"https:\/\/www.link2fleet.com\/fr\/#website","url":"https:\/\/www.link2fleet.com\/fr\/","name":"Link2fleet","description":"","publisher":{"@id":"https:\/\/www.link2fleet.com\/fr\/#organization"},"potentialAction":[{"@type":"SearchAction","target":{"@type":"EntryPoint","urlTemplate":"https:\/\/www.link2fleet.com\/fr\/?s={search_term_string}"},"query-input":{"@type":"PropertyValueSpecification","valueRequired":true,"valueName":"search_term_string"}}],"inLanguage":"fr-FR"},{"@type":"Organization","@id":"https:\/\/www.link2fleet.com\/fr\/#organization","name":"Link2fleet","url":"https:\/\/www.link2fleet.com\/fr\/","logo":{"@type":"ImageObject","inLanguage":"fr-FR","@id":"https:\/\/www.link2fleet.com\/fr\/#\/schema\/logo\/image\/","url":"https:\/\/static.link2fleet.com\/wp-content\/uploads\/2024\/03\/share-image.jpg","contentUrl":"https:\/\/static.link2fleet.com\/wp-content\/uploads\/2024\/03\/share-image.jpg","width":1200,"height":630,"caption":"Link2fleet"},"image":{"@id":"https:\/\/www.link2fleet.com\/fr\/#\/schema\/logo\/image\/"},"sameAs":["https:\/\/www.linkedin.com\/company\/link2fleet-belgium","https:\/\/www.youtube.com\/user\/MMMBMBE"]},{"@type":"Person","@id":"https:\/\/www.link2fleet.com\/fr\/#\/schema\/person\/877bc89c32c65772066cb11fe1e67bbf","name":"Kevin Kersemans","image":{"@type":"ImageObject","inLanguage":"fr-FR","@id":"https:\/\/secure.gravatar.com\/avatar\/b12f7d0f252688f677f4c181b6df65bf86880634bfcef3be42c82efcdb33d654?s=96&d=mm&r=g","url":"https:\/\/secure.gravatar.com\/avatar\/b12f7d0f252688f677f4c181b6df65bf86880634bfcef3be42c82efcdb33d654?s=96&d=mm&r=g","contentUrl":"https:\/\/secure.gravatar.com\/avatar\/b12f7d0f252688f677f4c181b6df65bf86880634bfcef3be42c82efcdb33d654?s=96&d=mm&r=g","caption":"Kevin Kersemans"},"description":"Kevin Kersemans is autojournalist met al enkele decennia ervaring op de teller. Zijn passie voor auto's en alles op wielen heeft hij al van kindsbeen af. Voor link2fleet volgt hij vooral de auto-actualiteit en test hij nieuwe modellen."}]}},"_links":{"self":[{"href":"https:\/\/www.link2fleet.com\/fr\/wp-json\/wp\/v2\/posts\/52912","targetHints":{"allow":["GET"]}}],"collection":[{"href":"https:\/\/www.link2fleet.com\/fr\/wp-json\/wp\/v2\/posts"}],"about":[{"href":"https:\/\/www.link2fleet.com\/fr\/wp-json\/wp\/v2\/types\/post"}],"author":[{"embeddable":true,"href":"https:\/\/www.link2fleet.com\/fr\/wp-json\/wp\/v2\/users\/49"}],"replies":[{"embeddable":true,"href":"https:\/\/www.link2fleet.com\/fr\/wp-json\/wp\/v2\/comments?post=52912"}],"version-history":[{"count":7,"href":"https:\/\/www.link2fleet.com\/fr\/wp-json\/wp\/v2\/posts\/52912\/revisions"}],"predecessor-version":[{"id":52920,"href":"https:\/\/www.link2fleet.com\/fr\/wp-json\/wp\/v2\/posts\/52912\/revisions\/52920"}],"wp:featuredmedia":[{"embeddable":true,"href":"https:\/\/www.link2fleet.com\/fr\/wp-json\/wp\/v2\/media\/51296"}],"wp:attachment":[{"href":"https:\/\/www.link2fleet.com\/fr\/wp-json\/wp\/v2\/media?parent=52912"}],"wp:term":[{"taxonomy":"category","embeddable":true,"href":"https:\/\/www.link2fleet.com\/fr\/wp-json\/wp\/v2\/categories?post=52912"},{"taxonomy":"post_tag","embeddable":true,"href":"https:\/\/www.link2fleet.com\/fr\/wp-json\/wp\/v2\/tags?post=52912"}],"curies":[{"name":"wp","href":"https:\/\/api.w.org\/{rel}","templated":true}]}}