{"id":5293,"date":"2021-12-14T15:44:04","date_gmt":"2021-12-14T14:44:04","guid":{"rendered":"https:\/\/www.link2fleet.com\/jan-de-nul-met-75-toyota-yaris-en-service\/"},"modified":"2021-12-14T15:44:04","modified_gmt":"2021-12-14T14:44:04","slug":"jan-de-nul-met-75-toyota-yaris-en-service","status":"publish","type":"post","link":"https:\/\/www.link2fleet.com\/fr\/jan-de-nul-met-75-toyota-yaris-en-service\/","title":{"rendered":"Jan De Nul met 75 Toyota Yaris en service"},"content":{"rendered":"<p>Jan De Nul est sans aucun doute l&rsquo;une des entreprises les plus prosp\u00e8res de notre pays. Tout a commenc\u00e9 tr\u00e8s modestement avec un atelier de menuiserie au XIXe si\u00e8cle, mais entre-temps, Jan De Nul a acquis une renomm\u00e9e internationale. Certains de ses projets les plus m\u00e9diatis\u00e9s sont l&rsquo;\u00eele artificielle \u00ab\u00a0Palm Island Jebel Ali\u00a0\u00bb \u00e0 Duba\u00ef et l&rsquo;a\u00e9roport \u00ab\u00a0Chek Lap Kok\u00a0\u00bb \u00e0 Hong Kong. Jan De Nul a \u00e9galement quelques projets marquants \u00e0 son actif dans son propre pays. L&rsquo;une d&rsquo;entre elles remonte \u00e0 1959 et concerne la construction du canal p\u00e9riph\u00e9rique de Gand, qui assure la liaison entre la Lys, l&rsquo;Escaut et la zone du canal. Jan De Nul a cinq activit\u00e9s principales : les services maritimes avec, par exemple, des travaux de dragage, des travaux offshore tels que la construction de parcs \u00e9oliens, des projets environnementaux comprenant l&rsquo;assainissement des sols, des projets civils tels que la construction de l&rsquo;A11 entre Bruges et Westkapelle et, enfin, le d\u00e9veloppement de projets ax\u00e9s sur la r\u00e9utilisation et la valorisation d&rsquo;anciens sites industriels.<\/p>\n<figure id=\"attachment_1275047\" aria-describedby=\"caption-attachment-1275047\" style=\"width: 300px\" class=\"wp-caption alignnone\"><img loading=\"lazy\" decoding=\"async\" class=\"size-medium wp-image-1275046\" src=\"https:\/\/www.link2fleet.com\/wp-content\/uploads\/2021\/12\/0P1A3270-lr-300x196.jpg\" alt=\"\" width=\"300\" height=\"196\" \/><figcaption id=\"caption-attachment-1275047\" class=\"wp-caption-text\">Christof De Waele (\u00e0 gauche) (gestionnaire de flotte chez Jan De Nul Group) re\u00e7oit l&rsquo;une des premi\u00e8res Toyota Yaris hybrides des mains de Frederik Van den Bossche (\u00e0 droite) (Fleet &amp; Business Development Manager Toyota Belgium).<\/figcaption><\/figure>\n<p><strong>Choix conscient<\/strong><\/p>\n<p>Jan De Nul dispose d&rsquo;une flotte d&rsquo;environ 900 voitures de soci\u00e9t\u00e9. Parmi celles-ci, 600 peuvent \u00eatre class\u00e9es dans la cat\u00e9gorie des voitures dites \u00ab\u00a0salaire\u00a0\u00bb. \u00c0 la mi-septembre 2021, il a \u00e9t\u00e9 d\u00e9cid\u00e9 de remplacer syst\u00e9matiquement ces v\u00e9hicules par des v\u00e9hicules enti\u00e8rement \u00e9lectriques. L&rsquo;autre partie des voitures est constitu\u00e9e de ce que l&rsquo;on pourrait appeler des \u00ab\u00a0voitures de travail\u00a0\u00bb, que les employ\u00e9s peuvent utiliser pour se rendre sur les sites. Christof De Waele, gestionnaire de flotte, explique : \u00ab\u00a0Ces 300 \u00ab\u00a0voitures de travail\u00a0\u00bb sont enti\u00e8rement li\u00e9es \u00e0 nos missions et sont utilis\u00e9es pour transporter nos collaborateurs de leur domicile ou de leur bureau vers les diff\u00e9rents sites, principalement en Belgique. Ces voitures ne sont pas utilis\u00e9es \u00e0 des fins priv\u00e9es. Nous avons envisag\u00e9 les voitures \u00e9lectriques, mais nous ne l&rsquo;avons pas encore fait en raison de leur co\u00fbt et des obstacles pratiques. Un v\u00e9hicule \u00e9lectrique ne prend tout son sens que lorsque vous pouvez recharger la batterie \u00e0 la maison ou au travail. N\u00e9anmoins, l&rsquo;objectif \u00e9tait de r\u00e9duire les \u00e9missions de CO2. Nous avons test\u00e9 plusieurs voitures et avons finalement choisi la Yaris hybride. Nous avons constat\u00e9 une consommation r\u00e9elle limit\u00e9e de 4,5 \u00e0 5,5 litres. Il n&rsquo;est pas non plus n\u00e9cessaire de fournir une infrastructure de recharge.\u00a0\u00bb<\/p>\n<p>Ce n&rsquo;est pas la premi\u00e8re fois que Toyota Belgique remporte une importante commande pour ses voitures hybrides. D&rsquo;autres exemples sont i-man et Ernst &amp; Young.<\/p>\n<p>&nbsp;<\/p>\n<p><strong>Echelle de performance CO<sub>2<\/sub><\/strong><\/p>\n<p>Le choix de la Yaris hybride s&rsquo;inscrit dans une strat\u00e9gie commerciale g\u00e9n\u00e9rale li\u00e9e \u00e0 l&rsquo;\u00e9chelle des performances en mati\u00e8re de CO2. L&rsquo;\u00e9chelle comporte cinq niveaux qui permettent de d\u00e9terminer les performances d&rsquo;une entreprise en mati\u00e8re de durabilit\u00e9. Un aspect important de cette d\u00e9marche est la r\u00e9duction des \u00e9missions de CO2. Christof De Waele : \u00ab\u00a0En passant \u00e0 la Yaris hybride, nous pouvons r\u00e9duire les \u00e9missions de CO2 jusqu&rsquo;\u00e0 30% par rapport \u00e0 nos voitures sortantes. Cela nous permet de r\u00e9pondre aux crit\u00e8res de l&rsquo;\u00e9chelle de performance CO2. Chaque ann\u00e9e, nous sommes soumis \u00e0 un audit en rapport avec l&rsquo;\u00e9chelle des performances en mati\u00e8re de CO2 et cela nous permet d&rsquo;obtenir un certificat. Ce certificat augmente nos chances d&rsquo;\u00eatre s\u00e9lectionn\u00e9s pour un appel d&rsquo;offres public. Dans le pass\u00e9, le prix \u00e9tait le crit\u00e8re le plus important. Aujourd&rsquo;hui, le respect de l&rsquo;\u00e9chelle de performance en mati\u00e8re de CO2 est au moins aussi important.\u00a0\u00bb<\/p>\n","protected":false},"excerpt":{"rendered":"<p>Jan De Nul est sans aucun doute l&rsquo;une des entreprises les plus prosp\u00e8res de notre pays. Tout a commenc\u00e9 tr\u00e8s modestement avec un atelier de menuiserie au XIXe si\u00e8cle, mais entre-temps, Jan De Nul a acquis une renomm\u00e9e internationale. Certains de ses projets les plus m\u00e9diatis\u00e9s sont l&rsquo;\u00eele artificielle \u00ab\u00a0Palm Island Jebel Ali\u00a0\u00bb \u00e0 Duba\u00ef [&hellip;]<\/p>\n","protected":false},"author":10,"featured_media":5294,"comment_status":"closed","ping_status":"closed","sticky":false,"template":"","format":"standard","meta":{"_acf_changed":false,"footnotes":""},"categories":[135,81,91],"tags":[],"class_list":["post-5293","post","type-post","status-publish","format-standard","has-post-thumbnail","hentry","category-news-fr","category-gestion-de-carburant-et-energie","category-expertise-et-management"],"acf":[],"yoast_head":"<!-- This site is optimized with the Yoast SEO plugin v27.3 - https:\/\/yoast.com\/product\/yoast-seo-wordpress\/ -->\n<title>Jan De Nul met 75 Toyota Yaris en service - link2fleet<\/title>\n<meta name=\"description\" content=\"Le groupe Jan De Nul, entreprise de dragage et de construction renomm\u00e9e, remplace progressivement sa flotte de v\u00e9hicules de soci\u00e9t\u00e9 traditionnels \u00e0 moteur diesel et\u2026\" \/>\n<meta name=\"robots\" content=\"index, follow, max-snippet:-1, max-image-preview:large, max-video-preview:-1\" \/>\n<meta property=\"og:locale\" content=\"fr_FR\" \/>\n<meta property=\"og:type\" content=\"article\" \/>\n<meta property=\"og:title\" content=\"Jan De Nul met 75 Toyota Yaris en service - link2fleet\" \/>\n<meta property=\"og:description\" content=\"Le groupe Jan De Nul, entreprise de dragage et de construction renomm\u00e9e, remplace progressivement sa flotte de v\u00e9hicules de soci\u00e9t\u00e9 traditionnels \u00e0 moteur diesel et\u2026\" \/>\n<meta property=\"og:url\" content=\"https:\/\/www.link2fleet.com\/fr\/jan-de-nul-met-75-toyota-yaris-en-service\/\" \/>\n<meta property=\"og:site_name\" content=\"link2fleet\" \/>\n<meta property=\"article:published_time\" content=\"2021-12-14T14:44:04+00:00\" \/>\n<meta property=\"og:image\" content=\"https:\/\/static.link2fleet.com\/wp-content\/uploads\/2024\/03\/0p1a3282-lr.jpg\" \/>\n\t<meta property=\"og:image:width\" content=\"1024\" \/>\n\t<meta property=\"og:image:height\" content=\"683\" \/>\n\t<meta property=\"og:image:type\" content=\"image\/jpeg\" \/>\n<meta name=\"author\" content=\"Tony De Mesel\" \/>\n<meta name=\"twitter:card\" content=\"summary_large_image\" \/>\n<meta name=\"twitter:description\" content=\"Le groupe Jan De Nul, entreprise de dragage et de construction renomm\u00e9e, remplace progressivement sa flotte de v\u00e9hicules de soci\u00e9t\u00e9 traditionnels \u00e0 moteur diesel et\u2026\" \/>\n<meta name=\"twitter:label1\" content=\"\u00c9crit par\" \/>\n\t<meta name=\"twitter:data1\" content=\"Tony De Mesel\" \/>\n\t<meta name=\"twitter:label2\" content=\"Dur\u00e9e de lecture estim\u00e9e\" \/>\n\t<meta name=\"twitter:data2\" content=\"3 minutes\" \/>\n<script type=\"application\/ld+json\" class=\"yoast-schema-graph\">{\"@context\":\"https:\\\/\\\/schema.org\",\"@graph\":[{\"@type\":\"Article\",\"@id\":\"https:\\\/\\\/www.link2fleet.com\\\/fr\\\/jan-de-nul-met-75-toyota-yaris-en-service\\\/#article\",\"isPartOf\":{\"@id\":\"https:\\\/\\\/www.link2fleet.com\\\/fr\\\/jan-de-nul-met-75-toyota-yaris-en-service\\\/\"},\"author\":{\"name\":\"Tony De Mesel\",\"@id\":\"https:\\\/\\\/www.link2fleet.com\\\/fr\\\/#\\\/schema\\\/person\\\/a73b1a6636e111a3ae1d30bdb4355970\"},\"headline\":\"Jan De Nul met 75 Toyota Yaris en service\",\"datePublished\":\"2021-12-14T14:44:04+00:00\",\"mainEntityOfPage\":{\"@id\":\"https:\\\/\\\/www.link2fleet.com\\\/fr\\\/jan-de-nul-met-75-toyota-yaris-en-service\\\/\"},\"wordCount\":672,\"publisher\":{\"@id\":\"https:\\\/\\\/www.link2fleet.com\\\/fr\\\/#organization\"},\"image\":{\"@id\":\"https:\\\/\\\/www.link2fleet.com\\\/fr\\\/jan-de-nul-met-75-toyota-yaris-en-service\\\/#primaryimage\"},\"thumbnailUrl\":\"https:\\\/\\\/static.link2fleet.com\\\/wp-content\\\/uploads\\\/2024\\\/03\\\/0p1a3282-lr.jpg\",\"articleSection\":[\"Actus\",\"Gestion carburant et de l'\u00e9nergie\",\"Gestion de flotte\"],\"inLanguage\":\"fr-FR\"},{\"@type\":\"WebPage\",\"@id\":\"https:\\\/\\\/www.link2fleet.com\\\/fr\\\/jan-de-nul-met-75-toyota-yaris-en-service\\\/\",\"url\":\"https:\\\/\\\/www.link2fleet.com\\\/fr\\\/jan-de-nul-met-75-toyota-yaris-en-service\\\/\",\"name\":\"Jan De Nul met 75 Toyota Yaris en service - link2fleet\",\"isPartOf\":{\"@id\":\"https:\\\/\\\/www.link2fleet.com\\\/fr\\\/#website\"},\"primaryImageOfPage\":{\"@id\":\"https:\\\/\\\/www.link2fleet.com\\\/fr\\\/jan-de-nul-met-75-toyota-yaris-en-service\\\/#primaryimage\"},\"image\":{\"@id\":\"https:\\\/\\\/www.link2fleet.com\\\/fr\\\/jan-de-nul-met-75-toyota-yaris-en-service\\\/#primaryimage\"},\"thumbnailUrl\":\"https:\\\/\\\/static.link2fleet.com\\\/wp-content\\\/uploads\\\/2024\\\/03\\\/0p1a3282-lr.jpg\",\"datePublished\":\"2021-12-14T14:44:04+00:00\",\"breadcrumb\":{\"@id\":\"https:\\\/\\\/www.link2fleet.com\\\/fr\\\/jan-de-nul-met-75-toyota-yaris-en-service\\\/#breadcrumb\"},\"inLanguage\":\"fr-FR\",\"potentialAction\":[{\"@type\":\"ReadAction\",\"target\":[\"https:\\\/\\\/www.link2fleet.com\\\/fr\\\/jan-de-nul-met-75-toyota-yaris-en-service\\\/\"]}]},{\"@type\":\"ImageObject\",\"inLanguage\":\"fr-FR\",\"@id\":\"https:\\\/\\\/www.link2fleet.com\\\/fr\\\/jan-de-nul-met-75-toyota-yaris-en-service\\\/#primaryimage\",\"url\":\"https:\\\/\\\/static.link2fleet.com\\\/wp-content\\\/uploads\\\/2024\\\/03\\\/0p1a3282-lr.jpg\",\"contentUrl\":\"https:\\\/\\\/static.link2fleet.com\\\/wp-content\\\/uploads\\\/2024\\\/03\\\/0p1a3282-lr.jpg\",\"width\":1024,\"height\":683,\"caption\":\"|Christof De Waele (links) (wagenparkbeheerder bij de Jan De Nul Group) neemt een van de eerste hybride Toyota Yaris in ontvangst van Frederik Van den Bossche (rechts) (Fleet &amp; Business Development Manager Toyota Belgium)\"},{\"@type\":\"BreadcrumbList\",\"@id\":\"https:\\\/\\\/www.link2fleet.com\\\/fr\\\/jan-de-nul-met-75-toyota-yaris-en-service\\\/#breadcrumb\",\"itemListElement\":[{\"@type\":\"ListItem\",\"position\":1,\"name\":\"Home\",\"item\":\"https:\\\/\\\/www.link2fleet.com\\\/fr\\\/\"},{\"@type\":\"ListItem\",\"position\":2,\"name\":\"Jan De Nul met 75 Toyota Yaris en service\"}]},{\"@type\":\"WebSite\",\"@id\":\"https:\\\/\\\/www.link2fleet.com\\\/fr\\\/#website\",\"url\":\"https:\\\/\\\/www.link2fleet.com\\\/fr\\\/\",\"name\":\"Link2fleet\",\"description\":\"\",\"publisher\":{\"@id\":\"https:\\\/\\\/www.link2fleet.com\\\/fr\\\/#organization\"},\"potentialAction\":[{\"@type\":\"SearchAction\",\"target\":{\"@type\":\"EntryPoint\",\"urlTemplate\":\"https:\\\/\\\/www.link2fleet.com\\\/fr\\\/?s={search_term_string}\"},\"query-input\":{\"@type\":\"PropertyValueSpecification\",\"valueRequired\":true,\"valueName\":\"search_term_string\"}}],\"inLanguage\":\"fr-FR\"},{\"@type\":\"Organization\",\"@id\":\"https:\\\/\\\/www.link2fleet.com\\\/fr\\\/#organization\",\"name\":\"Link2fleet\",\"url\":\"https:\\\/\\\/www.link2fleet.com\\\/fr\\\/\",\"logo\":{\"@type\":\"ImageObject\",\"inLanguage\":\"fr-FR\",\"@id\":\"https:\\\/\\\/www.link2fleet.com\\\/fr\\\/#\\\/schema\\\/logo\\\/image\\\/\",\"url\":\"https:\\\/\\\/static.link2fleet.com\\\/wp-content\\\/uploads\\\/2024\\\/03\\\/share-image.jpg\",\"contentUrl\":\"https:\\\/\\\/static.link2fleet.com\\\/wp-content\\\/uploads\\\/2024\\\/03\\\/share-image.jpg\",\"width\":1200,\"height\":630,\"caption\":\"Link2fleet\"},\"image\":{\"@id\":\"https:\\\/\\\/www.link2fleet.com\\\/fr\\\/#\\\/schema\\\/logo\\\/image\\\/\"},\"sameAs\":[\"https:\\\/\\\/www.linkedin.com\\\/company\\\/link2fleet-belgium\",\"https:\\\/\\\/www.youtube.com\\\/user\\\/MMMBMBE\"]},{\"@type\":\"Person\",\"@id\":\"https:\\\/\\\/www.link2fleet.com\\\/fr\\\/#\\\/schema\\\/person\\\/a73b1a6636e111a3ae1d30bdb4355970\",\"name\":\"Tony De Mesel\",\"image\":{\"@type\":\"ImageObject\",\"inLanguage\":\"fr-FR\",\"@id\":\"https:\\\/\\\/secure.gravatar.com\\\/avatar\\\/bced047b3634592be18805c447a996d4c44990f7d665dcb5d309a5b2fc330d16?s=96&d=mm&r=g\",\"url\":\"https:\\\/\\\/secure.gravatar.com\\\/avatar\\\/bced047b3634592be18805c447a996d4c44990f7d665dcb5d309a5b2fc330d16?s=96&d=mm&r=g\",\"contentUrl\":\"https:\\\/\\\/secure.gravatar.com\\\/avatar\\\/bced047b3634592be18805c447a996d4c44990f7d665dcb5d309a5b2fc330d16?s=96&d=mm&r=g\",\"caption\":\"Tony De Mesel\"}}]}<\/script>\n<!-- \/ Yoast SEO plugin. -->","yoast_head_json":{"title":"Jan De Nul met 75 Toyota Yaris en service - link2fleet","description":"Le groupe Jan De Nul, entreprise de dragage et de construction renomm\u00e9e, remplace progressivement sa flotte de v\u00e9hicules de soci\u00e9t\u00e9 traditionnels \u00e0 moteur diesel et\u2026","robots":{"index":"index","follow":"follow","max-snippet":"max-snippet:-1","max-image-preview":"max-image-preview:large","max-video-preview":"max-video-preview:-1"},"og_locale":"fr_FR","og_type":"article","og_title":"Jan De Nul met 75 Toyota Yaris en service - link2fleet","og_description":"Le groupe Jan De Nul, entreprise de dragage et de construction renomm\u00e9e, remplace progressivement sa flotte de v\u00e9hicules de soci\u00e9t\u00e9 traditionnels \u00e0 moteur diesel et\u2026","og_url":"https:\/\/www.link2fleet.com\/fr\/jan-de-nul-met-75-toyota-yaris-en-service\/","og_site_name":"link2fleet","article_published_time":"2021-12-14T14:44:04+00:00","og_image":[{"width":1024,"height":683,"url":"https:\/\/static.link2fleet.com\/wp-content\/uploads\/2024\/03\/0p1a3282-lr.jpg","type":"image\/jpeg"}],"author":"Tony De Mesel","twitter_card":"summary_large_image","twitter_description":"Le groupe Jan De Nul, entreprise de dragage et de construction renomm\u00e9e, remplace progressivement sa flotte de v\u00e9hicules de soci\u00e9t\u00e9 traditionnels \u00e0 moteur diesel et\u2026","twitter_misc":{"\u00c9crit par":"Tony De Mesel","Dur\u00e9e de lecture estim\u00e9e":"3 minutes"},"schema":{"@context":"https:\/\/schema.org","@graph":[{"@type":"Article","@id":"https:\/\/www.link2fleet.com\/fr\/jan-de-nul-met-75-toyota-yaris-en-service\/#article","isPartOf":{"@id":"https:\/\/www.link2fleet.com\/fr\/jan-de-nul-met-75-toyota-yaris-en-service\/"},"author":{"name":"Tony De Mesel","@id":"https:\/\/www.link2fleet.com\/fr\/#\/schema\/person\/a73b1a6636e111a3ae1d30bdb4355970"},"headline":"Jan De Nul met 75 Toyota Yaris en service","datePublished":"2021-12-14T14:44:04+00:00","mainEntityOfPage":{"@id":"https:\/\/www.link2fleet.com\/fr\/jan-de-nul-met-75-toyota-yaris-en-service\/"},"wordCount":672,"publisher":{"@id":"https:\/\/www.link2fleet.com\/fr\/#organization"},"image":{"@id":"https:\/\/www.link2fleet.com\/fr\/jan-de-nul-met-75-toyota-yaris-en-service\/#primaryimage"},"thumbnailUrl":"https:\/\/static.link2fleet.com\/wp-content\/uploads\/2024\/03\/0p1a3282-lr.jpg","articleSection":["Actus","Gestion carburant et de l'\u00e9nergie","Gestion de flotte"],"inLanguage":"fr-FR"},{"@type":"WebPage","@id":"https:\/\/www.link2fleet.com\/fr\/jan-de-nul-met-75-toyota-yaris-en-service\/","url":"https:\/\/www.link2fleet.com\/fr\/jan-de-nul-met-75-toyota-yaris-en-service\/","name":"Jan De Nul met 75 Toyota Yaris en service - link2fleet","isPartOf":{"@id":"https:\/\/www.link2fleet.com\/fr\/#website"},"primaryImageOfPage":{"@id":"https:\/\/www.link2fleet.com\/fr\/jan-de-nul-met-75-toyota-yaris-en-service\/#primaryimage"},"image":{"@id":"https:\/\/www.link2fleet.com\/fr\/jan-de-nul-met-75-toyota-yaris-en-service\/#primaryimage"},"thumbnailUrl":"https:\/\/static.link2fleet.com\/wp-content\/uploads\/2024\/03\/0p1a3282-lr.jpg","datePublished":"2021-12-14T14:44:04+00:00","breadcrumb":{"@id":"https:\/\/www.link2fleet.com\/fr\/jan-de-nul-met-75-toyota-yaris-en-service\/#breadcrumb"},"inLanguage":"fr-FR","potentialAction":[{"@type":"ReadAction","target":["https:\/\/www.link2fleet.com\/fr\/jan-de-nul-met-75-toyota-yaris-en-service\/"]}]},{"@type":"ImageObject","inLanguage":"fr-FR","@id":"https:\/\/www.link2fleet.com\/fr\/jan-de-nul-met-75-toyota-yaris-en-service\/#primaryimage","url":"https:\/\/static.link2fleet.com\/wp-content\/uploads\/2024\/03\/0p1a3282-lr.jpg","contentUrl":"https:\/\/static.link2fleet.com\/wp-content\/uploads\/2024\/03\/0p1a3282-lr.jpg","width":1024,"height":683,"caption":"|Christof De Waele (links) (wagenparkbeheerder bij de Jan De Nul Group) neemt een van de eerste hybride Toyota Yaris in ontvangst van Frederik Van den Bossche (rechts) (Fleet &amp; Business Development Manager Toyota Belgium)"},{"@type":"BreadcrumbList","@id":"https:\/\/www.link2fleet.com\/fr\/jan-de-nul-met-75-toyota-yaris-en-service\/#breadcrumb","itemListElement":[{"@type":"ListItem","position":1,"name":"Home","item":"https:\/\/www.link2fleet.com\/fr\/"},{"@type":"ListItem","position":2,"name":"Jan De Nul met 75 Toyota Yaris en service"}]},{"@type":"WebSite","@id":"https:\/\/www.link2fleet.com\/fr\/#website","url":"https:\/\/www.link2fleet.com\/fr\/","name":"Link2fleet","description":"","publisher":{"@id":"https:\/\/www.link2fleet.com\/fr\/#organization"},"potentialAction":[{"@type":"SearchAction","target":{"@type":"EntryPoint","urlTemplate":"https:\/\/www.link2fleet.com\/fr\/?s={search_term_string}"},"query-input":{"@type":"PropertyValueSpecification","valueRequired":true,"valueName":"search_term_string"}}],"inLanguage":"fr-FR"},{"@type":"Organization","@id":"https:\/\/www.link2fleet.com\/fr\/#organization","name":"Link2fleet","url":"https:\/\/www.link2fleet.com\/fr\/","logo":{"@type":"ImageObject","inLanguage":"fr-FR","@id":"https:\/\/www.link2fleet.com\/fr\/#\/schema\/logo\/image\/","url":"https:\/\/static.link2fleet.com\/wp-content\/uploads\/2024\/03\/share-image.jpg","contentUrl":"https:\/\/static.link2fleet.com\/wp-content\/uploads\/2024\/03\/share-image.jpg","width":1200,"height":630,"caption":"Link2fleet"},"image":{"@id":"https:\/\/www.link2fleet.com\/fr\/#\/schema\/logo\/image\/"},"sameAs":["https:\/\/www.linkedin.com\/company\/link2fleet-belgium","https:\/\/www.youtube.com\/user\/MMMBMBE"]},{"@type":"Person","@id":"https:\/\/www.link2fleet.com\/fr\/#\/schema\/person\/a73b1a6636e111a3ae1d30bdb4355970","name":"Tony De Mesel","image":{"@type":"ImageObject","inLanguage":"fr-FR","@id":"https:\/\/secure.gravatar.com\/avatar\/bced047b3634592be18805c447a996d4c44990f7d665dcb5d309a5b2fc330d16?s=96&d=mm&r=g","url":"https:\/\/secure.gravatar.com\/avatar\/bced047b3634592be18805c447a996d4c44990f7d665dcb5d309a5b2fc330d16?s=96&d=mm&r=g","contentUrl":"https:\/\/secure.gravatar.com\/avatar\/bced047b3634592be18805c447a996d4c44990f7d665dcb5d309a5b2fc330d16?s=96&d=mm&r=g","caption":"Tony De Mesel"}}]}},"_links":{"self":[{"href":"https:\/\/www.link2fleet.com\/fr\/wp-json\/wp\/v2\/posts\/5293","targetHints":{"allow":["GET"]}}],"collection":[{"href":"https:\/\/www.link2fleet.com\/fr\/wp-json\/wp\/v2\/posts"}],"about":[{"href":"https:\/\/www.link2fleet.com\/fr\/wp-json\/wp\/v2\/types\/post"}],"author":[{"embeddable":true,"href":"https:\/\/www.link2fleet.com\/fr\/wp-json\/wp\/v2\/users\/10"}],"replies":[{"embeddable":true,"href":"https:\/\/www.link2fleet.com\/fr\/wp-json\/wp\/v2\/comments?post=5293"}],"version-history":[{"count":0,"href":"https:\/\/www.link2fleet.com\/fr\/wp-json\/wp\/v2\/posts\/5293\/revisions"}],"wp:featuredmedia":[{"embeddable":true,"href":"https:\/\/www.link2fleet.com\/fr\/wp-json\/wp\/v2\/media\/5294"}],"wp:attachment":[{"href":"https:\/\/www.link2fleet.com\/fr\/wp-json\/wp\/v2\/media?parent=5293"}],"wp:term":[{"taxonomy":"category","embeddable":true,"href":"https:\/\/www.link2fleet.com\/fr\/wp-json\/wp\/v2\/categories?post=5293"},{"taxonomy":"post_tag","embeddable":true,"href":"https:\/\/www.link2fleet.com\/fr\/wp-json\/wp\/v2\/tags?post=5293"}],"curies":[{"name":"wp","href":"https:\/\/api.w.org\/{rel}","templated":true}]}}