{"id":53014,"date":"2025-06-30T09:56:20","date_gmt":"2025-06-30T07:56:20","guid":{"rendered":"https:\/\/www.link2fleet.com\/?p=53014"},"modified":"2025-06-30T09:56:20","modified_gmt":"2025-06-30T07:56:20","slug":"headlight-mobility-integre-budget-de-mobilite-et-gestion-de-flotte-sur-la-meme-plateforme","status":"publish","type":"post","link":"https:\/\/www.link2fleet.com\/fr\/headlight-mobility-integre-budget-de-mobilite-et-gestion-de-flotte-sur-la-meme-plateforme\/","title":{"rendered":"Headlight.Mobility int\u00e8gre budget de mobilit\u00e9 et gestion de flotte sur la m\u00eame plateforme"},"content":{"rendered":"","protected":false},"excerpt":{"rendered":"","protected":false},"author":18,"featured_media":53016,"comment_status":"closed","ping_status":"closed","sticky":false,"template":"","format":"standard","meta":{"_acf_changed":false,"footnotes":""},"categories":[135,91],"tags":[853,852],"class_list":["post-53014","post","type-post","status-publish","format-standard","has-post-thumbnail","hentry","category-news-fr","category-expertise-et-management","tag-digital","tag-headlight"],"acf":[],"yoast_head":"<!-- This site is optimized with the Yoast SEO plugin v27.3 - https:\/\/yoast.com\/product\/yoast-seo-wordpress\/ -->\n<title>Headlight.Mobility int\u00e8gre budget de mobilit\u00e9 et gestion de flotte sur la m\u00eame plateforme - link2fleet<\/title>\n<meta name=\"description\" content=\"Headlight, la start-up belge sp\u00e9cialis\u00e9e en fleet et mobilit\u00e9, lance une extension majeure de sa plateforme : Headlight.Mobility. Avec ce nouveau module, Headlight devient la\u2026\" \/>\n<meta name=\"robots\" content=\"index, follow, max-snippet:-1, max-image-preview:large, max-video-preview:-1\" \/>\n<meta property=\"og:locale\" content=\"fr_FR\" \/>\n<meta property=\"og:type\" content=\"article\" \/>\n<meta property=\"og:title\" content=\"Headlight.Mobility int\u00e8gre budget de mobilit\u00e9 et gestion de flotte sur la m\u00eame plateforme - link2fleet\" \/>\n<meta property=\"og:description\" content=\"Headlight, la start-up belge sp\u00e9cialis\u00e9e en fleet et mobilit\u00e9, lance une extension majeure de sa plateforme : Headlight.Mobility. Avec ce nouveau module, Headlight devient la\u2026\" \/>\n<meta property=\"og:url\" content=\"https:\/\/www.link2fleet.com\/headlight-mobility-integreert-fleetbeheer-en-mobiliteitsbudget-op-hetzelfde-platform\/\" \/>\n<meta property=\"og:site_name\" content=\"link2fleet\" \/>\n<meta property=\"article:published_time\" content=\"2025-06-30T07:56:20+00:00\" \/>\n<meta property=\"og:image\" content=\"https:\/\/static.link2fleet.com\/wp-content\/uploads\/2025\/06\/pil04095.jpg\" \/>\n\t<meta property=\"og:image:width\" content=\"2048\" \/>\n\t<meta property=\"og:image:height\" content=\"1365\" \/>\n\t<meta property=\"og:image:type\" content=\"image\/jpeg\" \/>\n<meta name=\"author\" content=\"Maxime Pasture\" \/>\n<meta name=\"twitter:card\" content=\"summary_large_image\" \/>\n<meta name=\"twitter:description\" content=\"Headlight, la start-up belge sp\u00e9cialis\u00e9e en fleet et mobilit\u00e9, lance une extension majeure de sa plateforme : Headlight.Mobility. Avec ce nouveau module, Headlight devient la\u2026\" \/>\n<meta name=\"twitter:label1\" content=\"\u00c9crit par\" \/>\n\t<meta name=\"twitter:data1\" content=\"Journaliste de formation, Maxime est tr\u00e8s curieux mais surtout passionn\u00e9 d&#039;automobile. Sa curiosit\u00e9 l&#039;am\u00e8ne \u00e0 traiter de sujets divers et vari\u00e9s li\u00e9s \u00e0 la mobilit\u00e9 au sens large et bien plus encore !\" \/>\n\t<meta name=\"twitter:label2\" content=\"Dur\u00e9e de lecture estim\u00e9e\" \/>\n\t<meta name=\"twitter:data2\" content=\"2 minutes\" \/>\n<script type=\"application\/ld+json\" class=\"yoast-schema-graph\">{\"@context\":\"https:\\\/\\\/schema.org\",\"@graph\":[{\"@type\":\"Article\",\"@id\":\"https:\\\/\\\/www.link2fleet.com\\\/headlight-mobility-integreert-fleetbeheer-en-mobiliteitsbudget-op-hetzelfde-platform\\\/#article\",\"isPartOf\":{\"@id\":\"https:\\\/\\\/www.link2fleet.com\\\/headlight-mobility-integreert-fleetbeheer-en-mobiliteitsbudget-op-hetzelfde-platform\\\/\"},\"author\":{\"name\":\"Maxime Pasture\",\"@id\":\"https:\\\/\\\/www.link2fleet.com\\\/fr\\\/#\\\/schema\\\/person\\\/36f3d48d12a83e110d72b602b5bebc11\"},\"headline\":\"Headlight.Mobility int\u00e8gre budget de mobilit\u00e9 et gestion de flotte sur la m\u00eame plateforme\",\"datePublished\":\"2025-06-30T07:56:20+00:00\",\"mainEntityOfPage\":{\"@id\":\"https:\\\/\\\/www.link2fleet.com\\\/headlight-mobility-integreert-fleetbeheer-en-mobiliteitsbudget-op-hetzelfde-platform\\\/\"},\"wordCount\":16,\"publisher\":{\"@id\":\"https:\\\/\\\/www.link2fleet.com\\\/fr\\\/#organization\"},\"image\":{\"@id\":\"https:\\\/\\\/www.link2fleet.com\\\/headlight-mobility-integreert-fleetbeheer-en-mobiliteitsbudget-op-hetzelfde-platform\\\/#primaryimage\"},\"thumbnailUrl\":\"https:\\\/\\\/static.link2fleet.com\\\/wp-content\\\/uploads\\\/2025\\\/06\\\/pil04095.jpg\",\"keywords\":[\"Digital\",\"Headlight\"],\"articleSection\":[\"Actus\",\"Gestion de flotte\"],\"inLanguage\":\"fr-FR\"},{\"@type\":\"WebPage\",\"@id\":\"https:\\\/\\\/www.link2fleet.com\\\/headlight-mobility-integreert-fleetbeheer-en-mobiliteitsbudget-op-hetzelfde-platform\\\/\",\"url\":\"https:\\\/\\\/www.link2fleet.com\\\/headlight-mobility-integreert-fleetbeheer-en-mobiliteitsbudget-op-hetzelfde-platform\\\/\",\"name\":\"Headlight.Mobility int\u00e8gre budget de mobilit\u00e9 et gestion de flotte sur la m\u00eame plateforme - link2fleet\",\"isPartOf\":{\"@id\":\"https:\\\/\\\/www.link2fleet.com\\\/fr\\\/#website\"},\"primaryImageOfPage\":{\"@id\":\"https:\\\/\\\/www.link2fleet.com\\\/headlight-mobility-integreert-fleetbeheer-en-mobiliteitsbudget-op-hetzelfde-platform\\\/#primaryimage\"},\"image\":{\"@id\":\"https:\\\/\\\/www.link2fleet.com\\\/headlight-mobility-integreert-fleetbeheer-en-mobiliteitsbudget-op-hetzelfde-platform\\\/#primaryimage\"},\"thumbnailUrl\":\"https:\\\/\\\/static.link2fleet.com\\\/wp-content\\\/uploads\\\/2025\\\/06\\\/pil04095.jpg\",\"datePublished\":\"2025-06-30T07:56:20+00:00\",\"description\":\"Avec Headlight.Mobility, Headlight devient la premi\u00e8re plateforme \u00e0 int\u00e9grer enti\u00e8rement la gestion de flotte et du budget mobilit\u00e9.\",\"breadcrumb\":{\"@id\":\"https:\\\/\\\/www.link2fleet.com\\\/headlight-mobility-integreert-fleetbeheer-en-mobiliteitsbudget-op-hetzelfde-platform\\\/#breadcrumb\"},\"inLanguage\":\"fr-FR\",\"potentialAction\":[{\"@type\":\"ReadAction\",\"target\":[\"https:\\\/\\\/www.link2fleet.com\\\/headlight-mobility-integreert-fleetbeheer-en-mobiliteitsbudget-op-hetzelfde-platform\\\/\"]}]},{\"@type\":\"ImageObject\",\"inLanguage\":\"fr-FR\",\"@id\":\"https:\\\/\\\/www.link2fleet.com\\\/headlight-mobility-integreert-fleetbeheer-en-mobiliteitsbudget-op-hetzelfde-platform\\\/#primaryimage\",\"url\":\"https:\\\/\\\/static.link2fleet.com\\\/wp-content\\\/uploads\\\/2025\\\/06\\\/pil04095.jpg\",\"contentUrl\":\"https:\\\/\\\/static.link2fleet.com\\\/wp-content\\\/uploads\\\/2025\\\/06\\\/pil04095.jpg\",\"width\":2048,\"height\":1365},{\"@type\":\"BreadcrumbList\",\"@id\":\"https:\\\/\\\/www.link2fleet.com\\\/headlight-mobility-integreert-fleetbeheer-en-mobiliteitsbudget-op-hetzelfde-platform\\\/#breadcrumb\",\"itemListElement\":[{\"@type\":\"ListItem\",\"position\":1,\"name\":\"Home\",\"item\":\"https:\\\/\\\/www.link2fleet.com\\\/fr\\\/\"},{\"@type\":\"ListItem\",\"position\":2,\"name\":\"Headlight.Mobility int\u00e8gre budget de mobilit\u00e9 et gestion de flotte sur la m\u00eame plateforme\"}]},{\"@type\":\"WebSite\",\"@id\":\"https:\\\/\\\/www.link2fleet.com\\\/fr\\\/#website\",\"url\":\"https:\\\/\\\/www.link2fleet.com\\\/fr\\\/\",\"name\":\"Link2fleet\",\"description\":\"\",\"publisher\":{\"@id\":\"https:\\\/\\\/www.link2fleet.com\\\/fr\\\/#organization\"},\"potentialAction\":[{\"@type\":\"SearchAction\",\"target\":{\"@type\":\"EntryPoint\",\"urlTemplate\":\"https:\\\/\\\/www.link2fleet.com\\\/fr\\\/?s={search_term_string}\"},\"query-input\":{\"@type\":\"PropertyValueSpecification\",\"valueRequired\":true,\"valueName\":\"search_term_string\"}}],\"inLanguage\":\"fr-FR\"},{\"@type\":\"Organization\",\"@id\":\"https:\\\/\\\/www.link2fleet.com\\\/fr\\\/#organization\",\"name\":\"Link2fleet\",\"url\":\"https:\\\/\\\/www.link2fleet.com\\\/fr\\\/\",\"logo\":{\"@type\":\"ImageObject\",\"inLanguage\":\"fr-FR\",\"@id\":\"https:\\\/\\\/www.link2fleet.com\\\/fr\\\/#\\\/schema\\\/logo\\\/image\\\/\",\"url\":\"https:\\\/\\\/static.link2fleet.com\\\/wp-content\\\/uploads\\\/2024\\\/03\\\/share-image.jpg\",\"contentUrl\":\"https:\\\/\\\/static.link2fleet.com\\\/wp-content\\\/uploads\\\/2024\\\/03\\\/share-image.jpg\",\"width\":1200,\"height\":630,\"caption\":\"Link2fleet\"},\"image\":{\"@id\":\"https:\\\/\\\/www.link2fleet.com\\\/fr\\\/#\\\/schema\\\/logo\\\/image\\\/\"},\"sameAs\":[\"https:\\\/\\\/www.linkedin.com\\\/company\\\/link2fleet-belgium\",\"https:\\\/\\\/www.youtube.com\\\/user\\\/MMMBMBE\"]},{\"@type\":\"Person\",\"@id\":\"https:\\\/\\\/www.link2fleet.com\\\/fr\\\/#\\\/schema\\\/person\\\/36f3d48d12a83e110d72b602b5bebc11\",\"name\":\"Maxime Pasture\",\"image\":{\"@type\":\"ImageObject\",\"inLanguage\":\"fr-FR\",\"@id\":\"https:\\\/\\\/secure.gravatar.com\\\/avatar\\\/a17c47a11dd3996c69a173e291c692b6a028e82349994bf0d9f60936c9795b9f?s=96&d=mm&r=g\",\"url\":\"https:\\\/\\\/secure.gravatar.com\\\/avatar\\\/a17c47a11dd3996c69a173e291c692b6a028e82349994bf0d9f60936c9795b9f?s=96&d=mm&r=g\",\"contentUrl\":\"https:\\\/\\\/secure.gravatar.com\\\/avatar\\\/a17c47a11dd3996c69a173e291c692b6a028e82349994bf0d9f60936c9795b9f?s=96&d=mm&r=g\",\"caption\":\"Maxime Pasture\"},\"description\":\"Journaliste de formation, Maxime est tr\u00e8s curieux mais surtout passionn\u00e9 d'automobile. Sa curiosit\u00e9 l'am\u00e8ne \u00e0 traiter de sujets divers et vari\u00e9s li\u00e9s \u00e0 la mobilit\u00e9 au sens large et bien plus encore !\"}]}<\/script>\n<!-- \/ Yoast SEO plugin. -->","yoast_head_json":{"title":"Headlight.Mobility int\u00e8gre budget de mobilit\u00e9 et gestion de flotte sur la m\u00eame plateforme - link2fleet","description":"Headlight, la start-up belge sp\u00e9cialis\u00e9e en fleet et mobilit\u00e9, lance une extension majeure de sa plateforme : Headlight.Mobility. Avec ce nouveau module, Headlight devient la\u2026","robots":{"index":"index","follow":"follow","max-snippet":"max-snippet:-1","max-image-preview":"max-image-preview:large","max-video-preview":"max-video-preview:-1"},"og_locale":"fr_FR","og_type":"article","og_title":"Headlight.Mobility int\u00e8gre budget de mobilit\u00e9 et gestion de flotte sur la m\u00eame plateforme - link2fleet","og_description":"Headlight, la start-up belge sp\u00e9cialis\u00e9e en fleet et mobilit\u00e9, lance une extension majeure de sa plateforme : Headlight.Mobility. Avec ce nouveau module, Headlight devient la\u2026","og_url":"https:\/\/www.link2fleet.com\/headlight-mobility-integreert-fleetbeheer-en-mobiliteitsbudget-op-hetzelfde-platform\/","og_site_name":"link2fleet","article_published_time":"2025-06-30T07:56:20+00:00","og_image":[{"width":2048,"height":1365,"url":"https:\/\/static.link2fleet.com\/wp-content\/uploads\/2025\/06\/pil04095.jpg","type":"image\/jpeg"}],"author":"Maxime Pasture","twitter_card":"summary_large_image","twitter_description":"Headlight, la start-up belge sp\u00e9cialis\u00e9e en fleet et mobilit\u00e9, lance une extension majeure de sa plateforme : Headlight.Mobility. Avec ce nouveau module, Headlight devient la\u2026","twitter_misc":{"\u00c9crit par":"Journaliste de formation, Maxime est tr\u00e8s curieux mais surtout passionn\u00e9 d'automobile. Sa curiosit\u00e9 l'am\u00e8ne \u00e0 traiter de sujets divers et vari\u00e9s li\u00e9s \u00e0 la mobilit\u00e9 au sens large et bien plus encore !","Dur\u00e9e de lecture estim\u00e9e":"2 minutes"},"schema":{"@context":"https:\/\/schema.org","@graph":[{"@type":"Article","@id":"https:\/\/www.link2fleet.com\/headlight-mobility-integreert-fleetbeheer-en-mobiliteitsbudget-op-hetzelfde-platform\/#article","isPartOf":{"@id":"https:\/\/www.link2fleet.com\/headlight-mobility-integreert-fleetbeheer-en-mobiliteitsbudget-op-hetzelfde-platform\/"},"author":{"name":"Maxime Pasture","@id":"https:\/\/www.link2fleet.com\/fr\/#\/schema\/person\/36f3d48d12a83e110d72b602b5bebc11"},"headline":"Headlight.Mobility int\u00e8gre budget de mobilit\u00e9 et gestion de flotte sur la m\u00eame plateforme","datePublished":"2025-06-30T07:56:20+00:00","mainEntityOfPage":{"@id":"https:\/\/www.link2fleet.com\/headlight-mobility-integreert-fleetbeheer-en-mobiliteitsbudget-op-hetzelfde-platform\/"},"wordCount":16,"publisher":{"@id":"https:\/\/www.link2fleet.com\/fr\/#organization"},"image":{"@id":"https:\/\/www.link2fleet.com\/headlight-mobility-integreert-fleetbeheer-en-mobiliteitsbudget-op-hetzelfde-platform\/#primaryimage"},"thumbnailUrl":"https:\/\/static.link2fleet.com\/wp-content\/uploads\/2025\/06\/pil04095.jpg","keywords":["Digital","Headlight"],"articleSection":["Actus","Gestion de flotte"],"inLanguage":"fr-FR"},{"@type":"WebPage","@id":"https:\/\/www.link2fleet.com\/headlight-mobility-integreert-fleetbeheer-en-mobiliteitsbudget-op-hetzelfde-platform\/","url":"https:\/\/www.link2fleet.com\/headlight-mobility-integreert-fleetbeheer-en-mobiliteitsbudget-op-hetzelfde-platform\/","name":"Headlight.Mobility int\u00e8gre budget de mobilit\u00e9 et gestion de flotte sur la m\u00eame plateforme - link2fleet","isPartOf":{"@id":"https:\/\/www.link2fleet.com\/fr\/#website"},"primaryImageOfPage":{"@id":"https:\/\/www.link2fleet.com\/headlight-mobility-integreert-fleetbeheer-en-mobiliteitsbudget-op-hetzelfde-platform\/#primaryimage"},"image":{"@id":"https:\/\/www.link2fleet.com\/headlight-mobility-integreert-fleetbeheer-en-mobiliteitsbudget-op-hetzelfde-platform\/#primaryimage"},"thumbnailUrl":"https:\/\/static.link2fleet.com\/wp-content\/uploads\/2025\/06\/pil04095.jpg","datePublished":"2025-06-30T07:56:20+00:00","description":"Avec Headlight.Mobility, Headlight devient la premi\u00e8re plateforme \u00e0 int\u00e9grer enti\u00e8rement la gestion de flotte et du budget mobilit\u00e9.","breadcrumb":{"@id":"https:\/\/www.link2fleet.com\/headlight-mobility-integreert-fleetbeheer-en-mobiliteitsbudget-op-hetzelfde-platform\/#breadcrumb"},"inLanguage":"fr-FR","potentialAction":[{"@type":"ReadAction","target":["https:\/\/www.link2fleet.com\/headlight-mobility-integreert-fleetbeheer-en-mobiliteitsbudget-op-hetzelfde-platform\/"]}]},{"@type":"ImageObject","inLanguage":"fr-FR","@id":"https:\/\/www.link2fleet.com\/headlight-mobility-integreert-fleetbeheer-en-mobiliteitsbudget-op-hetzelfde-platform\/#primaryimage","url":"https:\/\/static.link2fleet.com\/wp-content\/uploads\/2025\/06\/pil04095.jpg","contentUrl":"https:\/\/static.link2fleet.com\/wp-content\/uploads\/2025\/06\/pil04095.jpg","width":2048,"height":1365},{"@type":"BreadcrumbList","@id":"https:\/\/www.link2fleet.com\/headlight-mobility-integreert-fleetbeheer-en-mobiliteitsbudget-op-hetzelfde-platform\/#breadcrumb","itemListElement":[{"@type":"ListItem","position":1,"name":"Home","item":"https:\/\/www.link2fleet.com\/fr\/"},{"@type":"ListItem","position":2,"name":"Headlight.Mobility int\u00e8gre budget de mobilit\u00e9 et gestion de flotte sur la m\u00eame plateforme"}]},{"@type":"WebSite","@id":"https:\/\/www.link2fleet.com\/fr\/#website","url":"https:\/\/www.link2fleet.com\/fr\/","name":"Link2fleet","description":"","publisher":{"@id":"https:\/\/www.link2fleet.com\/fr\/#organization"},"potentialAction":[{"@type":"SearchAction","target":{"@type":"EntryPoint","urlTemplate":"https:\/\/www.link2fleet.com\/fr\/?s={search_term_string}"},"query-input":{"@type":"PropertyValueSpecification","valueRequired":true,"valueName":"search_term_string"}}],"inLanguage":"fr-FR"},{"@type":"Organization","@id":"https:\/\/www.link2fleet.com\/fr\/#organization","name":"Link2fleet","url":"https:\/\/www.link2fleet.com\/fr\/","logo":{"@type":"ImageObject","inLanguage":"fr-FR","@id":"https:\/\/www.link2fleet.com\/fr\/#\/schema\/logo\/image\/","url":"https:\/\/static.link2fleet.com\/wp-content\/uploads\/2024\/03\/share-image.jpg","contentUrl":"https:\/\/static.link2fleet.com\/wp-content\/uploads\/2024\/03\/share-image.jpg","width":1200,"height":630,"caption":"Link2fleet"},"image":{"@id":"https:\/\/www.link2fleet.com\/fr\/#\/schema\/logo\/image\/"},"sameAs":["https:\/\/www.linkedin.com\/company\/link2fleet-belgium","https:\/\/www.youtube.com\/user\/MMMBMBE"]},{"@type":"Person","@id":"https:\/\/www.link2fleet.com\/fr\/#\/schema\/person\/36f3d48d12a83e110d72b602b5bebc11","name":"Maxime Pasture","image":{"@type":"ImageObject","inLanguage":"fr-FR","@id":"https:\/\/secure.gravatar.com\/avatar\/a17c47a11dd3996c69a173e291c692b6a028e82349994bf0d9f60936c9795b9f?s=96&d=mm&r=g","url":"https:\/\/secure.gravatar.com\/avatar\/a17c47a11dd3996c69a173e291c692b6a028e82349994bf0d9f60936c9795b9f?s=96&d=mm&r=g","contentUrl":"https:\/\/secure.gravatar.com\/avatar\/a17c47a11dd3996c69a173e291c692b6a028e82349994bf0d9f60936c9795b9f?s=96&d=mm&r=g","caption":"Maxime Pasture"},"description":"Journaliste de formation, Maxime est tr\u00e8s curieux mais surtout passionn\u00e9 d'automobile. Sa curiosit\u00e9 l'am\u00e8ne \u00e0 traiter de sujets divers et vari\u00e9s li\u00e9s \u00e0 la mobilit\u00e9 au sens large et bien plus encore !"}]}},"_links":{"self":[{"href":"https:\/\/www.link2fleet.com\/fr\/wp-json\/wp\/v2\/posts\/53014","targetHints":{"allow":["GET"]}}],"collection":[{"href":"https:\/\/www.link2fleet.com\/fr\/wp-json\/wp\/v2\/posts"}],"about":[{"href":"https:\/\/www.link2fleet.com\/fr\/wp-json\/wp\/v2\/types\/post"}],"author":[{"embeddable":true,"href":"https:\/\/www.link2fleet.com\/fr\/wp-json\/wp\/v2\/users\/18"}],"replies":[{"embeddable":true,"href":"https:\/\/www.link2fleet.com\/fr\/wp-json\/wp\/v2\/comments?post=53014"}],"version-history":[{"count":2,"href":"https:\/\/www.link2fleet.com\/fr\/wp-json\/wp\/v2\/posts\/53014\/revisions"}],"predecessor-version":[{"id":53023,"href":"https:\/\/www.link2fleet.com\/fr\/wp-json\/wp\/v2\/posts\/53014\/revisions\/53023"}],"wp:featuredmedia":[{"embeddable":true,"href":"https:\/\/www.link2fleet.com\/fr\/wp-json\/wp\/v2\/media\/53016"}],"wp:attachment":[{"href":"https:\/\/www.link2fleet.com\/fr\/wp-json\/wp\/v2\/media?parent=53014"}],"wp:term":[{"taxonomy":"category","embeddable":true,"href":"https:\/\/www.link2fleet.com\/fr\/wp-json\/wp\/v2\/categories?post=53014"},{"taxonomy":"post_tag","embeddable":true,"href":"https:\/\/www.link2fleet.com\/fr\/wp-json\/wp\/v2\/tags?post=53014"}],"curies":[{"name":"wp","href":"https:\/\/api.w.org\/{rel}","templated":true}]}}