{"id":5309,"date":"2021-12-17T18:47:26","date_gmt":"2021-12-17T17:47:26","guid":{"rendered":"https:\/\/www.link2fleet.com\/fleet-dating-webinaire-service-maintenance-et-repair-de-vehicules-electriques\/"},"modified":"2021-12-17T18:47:26","modified_gmt":"2021-12-17T17:47:26","slug":"fleet-dating-webinaire-service-maintenance-et-repair-de-vehicules-electriques","status":"publish","type":"post","link":"https:\/\/www.link2fleet.com\/fr\/fleet-dating-webinaire-service-maintenance-et-repair-de-vehicules-electriques\/","title":{"rendered":"Fleet dating webinaire: Service, Maintenance et Repair de v\u00e9hicules \u00e9lectriques"},"content":{"rendered":"<p>Selon Fleet360, qui rassemble plus de 30 ans d&rsquo;exp\u00e9rience dans le secteur fleet, l&rsquo;entretien, la maintenance et la r\u00e9paration repr\u00e9sentent 7 % du TCO des voitures \u00e9lectriques. A c\u00f4t\u00e9 de cela, les consommations de carburant repr\u00e9sentent 20%.<\/p>\n<p>Les co\u00fbts de r\u00e9paration des v\u00e9hicules \u00e9lectriques devraient \u00eatre 30 % plus \u00e9lev\u00e9s que ceux des voitures \u00e0 moteur \u00e0 combustion classique.<\/p>\n<p>&nbsp;<\/p>\n<p><strong>Garantir la mobilit\u00e9<\/strong><\/p>\n<p>Joost Kaesemans (Touring) a rappel\u00e9 que Touring effectue en moyenne 500.000 interventions par an dont entre 0,2 et 0,3% concernent actuellement des v\u00e9hicules \u00e9lectriques, et 1,0% \u00e0 1,25% concernent des v\u00e9hicules PHEV.<\/p>\n<p>Il a toutefois pr\u00e9cis\u00e9 que les EV et PHEV ont un \u00e2ge moyen inf\u00e9rieur \u00e0 la moyenne du parc roulant belge.<\/p>\n<p>Selon les chiffres de Touring, la 5e cause d&rsquo;intervention sur les v\u00e9hicules \u00e9lectriques concerne la batterie haute tension.<\/p>\n<p>&nbsp;<\/p>\n<p><strong>Impact sur la carrosserie<\/strong><\/p>\n<p>Karin Brosens, directrice des ventes et du marketing d&rsquo;AutoRepairGroup.be, convient pour sa part que les voitures \u00e9lectriques ont un impact sur les r\u00e9parations dans les ateliers de carrosserie. AutoRepairGroup.be comprend 16 centres de service et effectue un total de 40 000 r\u00e9parations par an.<\/p>\n<p>\u00ab\u00a0Le nombre de kilom\u00e8tres parcourus par an est en baisse, les ADAS font leur travail et les contr\u00f4les de vitesse entra\u00eenent \u00e9galement une diminution des accidents\u00a0\u00bb, explique Karin Brosens. \u00ab\u00a0La r\u00e9gularit\u00e9 d&rsquo;une r\u00e9paration est presque la m\u00eame pour une voiture \u00e9lectrique ou classique, mais des actions pr\u00e9paratoires suppl\u00e9mentaires sont n\u00e9cessaires, ce qui fait augmenter les co\u00fbts.<\/p>\n<p>La pr\u00e9paration comprend une p\u00e9riode de quarantaine pour le VE (24 \u00e0 48 heures), la d\u00e9charge, l&rsquo;\u00e9valuation du risque d&rsquo;auto-inflammation de la batterie&#8230; Les employ\u00e9s doivent \u00eatre form\u00e9s pour travailler sur les v\u00e9hicules \u00e9lectriques &#8211; de mani\u00e8re g\u00e9n\u00e9rale et sp\u00e9cifique \u00e0 la marque, en ligne ou sur site &#8211; ce qui n\u00e9cessite des investissements. Un d\u00e9ploiement uniforme des connaissances sur tous les sites est essentiel.<\/p>\n<p>En plus d&rsquo;investir dans les personnes, il faut investir dans des outils sp\u00e9cifiques et surtout dans la connectivit\u00e9 entre les voitures et les marques automobiles. \u00ab\u00a0Nous avons besoin d&rsquo;\u00e9quipes pluridisciplinaires, avec \u00e0 la fois des m\u00e9caniciens et des ing\u00e9nieurs en informatique\u00a0\u00bb, explique Karin Brosens. \u00ab\u00a0Il y a beaucoup de nouvelles marques qui apparaissent et nous devons d\u00e9terminer le processus de r\u00e9paration optimal pour chaque v\u00e9hicule en fonction de sa construction. Le montant moyen des dommages est en hausse par rapport aux voitures \u00e0 moteur \u00e0 combustion.<\/p>\n<p>&nbsp;<\/p>\n<p><strong>Chiffres concrets<\/strong><\/p>\n<p>Carlo Marchand, After Sales Manager chez Van Mossel Mercedes-Benz, a donn\u00e9 aux participants du webinaire des chiffres concrets sur la marque automobile qu&rsquo;il repr\u00e9sente. Au sein de la gamme Mercedes-Benz, il existe des mod\u00e8les parfaitement comparables, repr\u00e9sentatifs des types de motorisation diesel, PHEV et (B)EV.<\/p>\n<table>\n<tbody>\n<tr>\n<td width=\"151\">Entretiens prescrits<\/td>\n<td width=\"151\">GLA 180d (diesel)<\/td>\n<td width=\"151\">GLA 250e (PHEV)<\/td>\n<td width=\"151\">EQA 250 (EV)<\/td>\n<\/tr>\n<tr>\n<td width=\"151\">Interval d&rsquo;entretien standard<\/td>\n<td colspan=\"3\" width=\"453\">25.000 km ou annuellement<\/td>\n<\/tr>\n<tr>\n<td width=\"151\">Remplacement d&rsquo;huile<\/td>\n<td colspan=\"2\" width=\"302\">25.000 km ou annuellement<\/td>\n<td width=\"151\">\/<\/td>\n<\/tr>\n<tr>\n<td width=\"151\">Filtre \u00e0 air<\/td>\n<td colspan=\"2\" width=\"302\">75.000 km ou tous les trois ans<\/td>\n<td width=\"151\">\/<\/td>\n<\/tr>\n<tr>\n<td width=\"151\">Huile de boite automatique<\/td>\n<td colspan=\"2\" width=\"302\">125.000 km<\/td>\n<td width=\"151\">\/<\/td>\n<\/tr>\n<tr>\n<td width=\"151\">Filtre \u00e0 carburant<\/td>\n<td width=\"151\">75.000 km ou tous les trois ans<\/td>\n<td width=\"151\">200.000 km ou apr\u00e8s 10 ans<\/td>\n<td width=\"151\">\/<\/td>\n<\/tr>\n<tr>\n<td width=\"151\">Bougies<\/td>\n<td width=\"151\">\/<\/td>\n<td width=\"151\">75.000 km of driejaarlijks<\/td>\n<td width=\"151\">\/<\/td>\n<\/tr>\n<tr>\n<td width=\"151\">Filtre \u00e0 particules<\/td>\n<td colspan=\"3\" width=\"453\">25.000 km ou annuellement<\/td>\n<\/tr>\n<tr>\n<td width=\"151\">Liquide de freins<\/td>\n<td colspan=\"3\" width=\"453\">Tous les deux ans<\/td>\n<\/tr>\n<tr>\n<td width=\"151\">Liquide de refroidissement<\/td>\n<td colspan=\"3\" width=\"453\">200.000 km ou apr\u00e8s 10 ans<\/td>\n<\/tr>\n<\/tbody>\n<\/table>\n<p>&nbsp;<\/p>\n<p>&nbsp;<\/p>\n<table>\n<tbody>\n<tr>\n<td width=\"129\">Co\u00fbts d&rsquo;entretien<\/td>\n<td width=\"119\">GLA 180d (diesel)<\/td>\n<td width=\"119\">GLA 250e (PHEV)<\/td>\n<td width=\"119\">EQA 250 (EV)<\/td>\n<td width=\"120\">Economie<\/td>\n<\/tr>\n<tr>\n<td width=\"129\">Complete Care<\/p>\n<p>(4 ans \/ 100.000km)<\/td>\n<td colspan=\"2\" width=\"237\">\u20ac 65,00<\/td>\n<td width=\"119\">\u20ac 45,50<\/td>\n<td width=\"120\">32%<\/td>\n<\/tr>\n<tr>\n<td width=\"129\">25.000 km \/ 1 an<\/td>\n<td width=\"119\">\u20ac 251,00<\/td>\n<td width=\"119\">\u20ac 205,86<\/td>\n<td width=\"119\">\u20ac 154,81<\/td>\n<td width=\"120\">25 \u00e0 38%<\/td>\n<\/tr>\n<tr>\n<td width=\"129\">50.000 km \/ 2 ans<\/td>\n<td width=\"119\">\u20ac 367,53<\/td>\n<td width=\"119\">\u20ac 342,09<\/td>\n<td width=\"119\">\u20ac 183,92<\/td>\n<td width=\"120\">46 \u00e0 50%<\/td>\n<\/tr>\n<tr>\n<td width=\"129\">75.000 km \/ 3 ans<\/td>\n<td width=\"119\">\u20ac 428,80<\/td>\n<td width=\"119\">\u20ac 381,19<\/td>\n<td width=\"119\">\u20ac 154,81<\/td>\n<td width=\"120\">59 \u00e0 64%<\/td>\n<\/tr>\n<tr>\n<td width=\"129\">100.000 km \/ 4 ans<\/td>\n<td width=\"119\">\u20ac 367,53<\/td>\n<td width=\"119\">\u20ac 342,09<\/td>\n<td width=\"119\">\u20ac 183,92<\/td>\n<td width=\"120\">46 \u00e0 50%<\/td>\n<\/tr>\n<tr>\n<td width=\"129\">Co\u00fbt d&rsquo;entretien total<\/td>\n<td width=\"119\">\u20ac 1414,86<\/td>\n<td width=\"119\">\u20ac 1271,23<\/td>\n<td width=\"119\">\u20ac 677,46<\/td>\n<td width=\"120\">47 \u00e0 52%<\/td>\n<\/tr>\n<\/tbody>\n<\/table>\n<p>&nbsp;<\/p>\n<p>Mercedes-Benz revendique des \u00e9conomies de -50% pour les voitures \u00e9lectriques par rapport aux mod\u00e8les \u00e0 moteur \u00e0 combustion.<\/p>\n<p>&nbsp;<\/p>\n<table>\n<tbody>\n<tr>\n<td width=\"142\">Co\u00fbts de r\u00e9paration<\/td>\n<td width=\"115\">GLA 180d (diesel)<\/td>\n<td width=\"115\">GLA 250e (PHEV)<\/td>\n<td width=\"114\">EQA 250 (EV)<\/td>\n<\/tr>\n<tr>\n<td width=\"142\">Plaquettes\/disques de frein avant<\/td>\n<td width=\"115\">\u20ac 461,73<\/td>\n<td width=\"115\">\u20ac 461,73<\/td>\n<td width=\"114\">\u20ac 477,73<\/td>\n<\/tr>\n<tr>\n<td width=\"142\">Amortisseurs arri\u00e8re<\/td>\n<td width=\"115\">\u20ac 489,20<\/td>\n<td width=\"115\">\u20ac 423,96<\/td>\n<td width=\"114\">\u20ac 439,70<\/td>\n<\/tr>\n<tr>\n<td width=\"142\">Pneus (17\u201d of 18\u201d; excl. montage)<\/td>\n<td width=\"115\">\u20ac 164,00<\/td>\n<td width=\"115\">\u20ac 164,00<\/td>\n<td width=\"114\">\u20ac 228,50<\/td>\n<\/tr>\n<tr>\n<td width=\"142\">Moteur*<\/td>\n<td width=\"115\">\u20ac 15.408,91<\/td>\n<td width=\"115\">\u20ac 8.318<\/td>\n<td width=\"114\">\u20ac 3.412,50<\/td>\n<\/tr>\n<tr>\n<td width=\"142\">Bo\u00eete de vitesse*<\/td>\n<td width=\"115\">\u20ac 5.421,87<\/td>\n<td width=\"115\">\u20ac 5.253,31<\/td>\n<td width=\"114\">\/<\/td>\n<\/tr>\n<tr>\n<td width=\"142\">Batterie haute tension*<\/td>\n<td width=\"115\">\/<\/td>\n<td width=\"115\">\u20ac 5.270,00<\/td>\n<td width=\"114\">\u20ac 19.425,00<\/td>\n<\/tr>\n<tr>\n<td width=\"142\">Total de la propulsion<\/td>\n<td width=\"115\">\u20ac 20.830,78<\/td>\n<td width=\"115\">\u20ac 18.841,31<\/td>\n<td width=\"114\">\u20ac 22.837,50<\/td>\n<\/tr>\n<\/tbody>\n<\/table>\n<p>&nbsp;<\/p>\n<p>&nbsp;<\/p>\n<table>\n<tbody>\n<tr>\n<td width=\"151\">Mercedes-Benz Garantie<\/td>\n<td width=\"151\">Termes<\/td>\n<td width=\"151\">Contient<\/td>\n<\/tr>\n<tr>\n<td width=\"151\">Tous les mod\u00e8les<\/td>\n<td width=\"151\">24 mois sans limitation de km<\/td>\n<td width=\"151\">tout le v\u00e9hicule<\/td>\n<\/tr>\n<tr>\n<td width=\"151\">PHEV<\/td>\n<td width=\"151\">6 ans \/ 100.000 km<\/td>\n<td width=\"151\">Batterie haute tension<\/td>\n<\/tr>\n<tr>\n<td width=\"151\">EQA \/ EQB \/ EQC<\/td>\n<td width=\"151\">8 ans \/ 160.000 km<\/td>\n<td width=\"151\">Batterie haute-tension<\/td>\n<\/tr>\n<tr>\n<td width=\"151\">EQS<\/td>\n<td width=\"151\">10 ans \/ 250.000 km<\/td>\n<td width=\"151\">Batterie haute-tension<\/td>\n<\/tr>\n<\/tbody>\n<\/table>\n<p>&nbsp;<\/p>\n<p>L&rsquo;extension de garantie pour les VE, qui s&rsquo;applique aux v\u00e9hicules r\u00e9guli\u00e8rement entretenus par le r\u00e9seau officiel de concessionnaires, couvre la hausse du co\u00fbt des pi\u00e8ces.<\/p>\n<p>Carlo Marchand a poursuivi en disant que depuis 2015, aucun remplacement de batterie de VE n&rsquo;a \u00e9t\u00e9 un probl\u00e8me, bien qu&rsquo;un PHEV ait d\u00fb \u00eatre remplac\u00e9 apr\u00e8s 200 000 km. Il a \u00e9galement mis l&rsquo;accent sur les progr\u00e8s de la technologie des batteries, qui se refl\u00e8tent \u00e9galement dans la garantie de 10 ans \/ 250 000 km offerte pour le couronnement de la gamme, l&rsquo;EQS.<\/p>\n<p>Le webinaire s&rsquo;est conclu par un rappel g\u00e9n\u00e9ral pr\u00e9cisant que l&rsquo;entretien, la maintenance et la r\u00e9paration des voitures \u00e9lectriques sont des sujets encore neufs et qu&rsquo;il y a trop peu d&rsquo;informations disponibles sur leur long\u00e9vit\u00e9 pour tirer des conclusions d\u00e9finitives.<\/p>\n<p>&nbsp;<\/p>\n","protected":false},"excerpt":{"rendered":"<p>Selon Fleet360, qui rassemble plus de 30 ans d&rsquo;exp\u00e9rience dans le secteur fleet, l&rsquo;entretien, la maintenance et la r\u00e9paration repr\u00e9sentent 7 % du TCO des voitures \u00e9lectriques. A c\u00f4t\u00e9 de cela, les consommations de carburant repr\u00e9sentent 20%. Les co\u00fbts de r\u00e9paration des v\u00e9hicules \u00e9lectriques devraient \u00eatre 30 % plus \u00e9lev\u00e9s que ceux des voitures \u00e0 [&hellip;]<\/p>\n","protected":false},"author":15,"featured_media":5310,"comment_status":"closed","ping_status":"closed","sticky":false,"template":"","format":"standard","meta":{"_acf_changed":false,"footnotes":""},"categories":[83,91],"tags":[],"class_list":["post-5309","post","type-post","status-publish","format-standard","has-post-thumbnail","hentry","category-sssurance-risk-management-assistance-et-depannage","category-expertise-et-management"],"acf":[],"yoast_head":"<!-- This site is optimized with the Yoast SEO plugin v27.3 - https:\/\/yoast.com\/product\/yoast-seo-wordpress\/ -->\n<title>Fleet dating webinaire: Service, Maintenance et Repair de v\u00e9hicules \u00e9lectriques - link2fleet<\/title>\n<meta name=\"description\" content=\"Le fait que la transition vers la conduite \u00e9lectrique ait commenc\u00e9, ne serait-ce qu&rsquo;en raison de la pression fiscale, est indiscutable. La situation est moins\u2026\" \/>\n<meta name=\"robots\" content=\"index, follow, max-snippet:-1, max-image-preview:large, max-video-preview:-1\" \/>\n<meta property=\"og:locale\" content=\"fr_FR\" \/>\n<meta property=\"og:type\" content=\"article\" \/>\n<meta property=\"og:title\" content=\"Fleet dating webinaire: Service, Maintenance et Repair de v\u00e9hicules \u00e9lectriques - link2fleet\" \/>\n<meta property=\"og:description\" content=\"Le fait que la transition vers la conduite \u00e9lectrique ait commenc\u00e9, ne serait-ce qu&rsquo;en raison de la pression fiscale, est indiscutable. La situation est moins\u2026\" \/>\n<meta property=\"og:url\" content=\"https:\/\/www.link2fleet.com\/fr\/fleet-dating-webinaire-service-maintenance-et-repair-de-vehicules-electriques\/\" \/>\n<meta property=\"og:site_name\" content=\"link2fleet\" \/>\n<meta property=\"article:published_time\" content=\"2021-12-17T17:47:26+00:00\" \/>\n<meta property=\"og:image\" content=\"https:\/\/static.link2fleet.com\/wp-content\/uploads\/2024\/03\/vw-elektrisch-rijden-97a1087-2400x1350-768x432-1.jpg\" \/>\n\t<meta property=\"og:image:width\" content=\"768\" \/>\n\t<meta property=\"og:image:height\" content=\"432\" \/>\n\t<meta property=\"og:image:type\" content=\"image\/jpeg\" \/>\n<meta name=\"author\" content=\"Eduard Codd\u00e9\" \/>\n<meta name=\"twitter:card\" content=\"summary_large_image\" \/>\n<meta name=\"twitter:description\" content=\"Le fait que la transition vers la conduite \u00e9lectrique ait commenc\u00e9, ne serait-ce qu&rsquo;en raison de la pression fiscale, est indiscutable. La situation est moins\u2026\" \/>\n<meta name=\"twitter:label1\" content=\"\u00c9crit par\" \/>\n\t<meta name=\"twitter:data1\" content=\"Eduard Codd\u00e9\" \/>\n\t<meta name=\"twitter:label2\" content=\"Dur\u00e9e de lecture estim\u00e9e\" \/>\n\t<meta name=\"twitter:data2\" content=\"4 minutes\" \/>\n<script type=\"application\/ld+json\" class=\"yoast-schema-graph\">{\"@context\":\"https:\\\/\\\/schema.org\",\"@graph\":[{\"@type\":\"Article\",\"@id\":\"https:\\\/\\\/www.link2fleet.com\\\/fr\\\/fleet-dating-webinaire-service-maintenance-et-repair-de-vehicules-electriques\\\/#article\",\"isPartOf\":{\"@id\":\"https:\\\/\\\/www.link2fleet.com\\\/fr\\\/fleet-dating-webinaire-service-maintenance-et-repair-de-vehicules-electriques\\\/\"},\"author\":{\"name\":\"Eduard Codd\u00e9\",\"@id\":\"https:\\\/\\\/www.link2fleet.com\\\/fr\\\/#\\\/schema\\\/person\\\/665e97b2a09468c859e1054550b6df42\"},\"headline\":\"Fleet dating webinaire: Service, Maintenance et Repair de v\u00e9hicules \u00e9lectriques\",\"datePublished\":\"2021-12-17T17:47:26+00:00\",\"mainEntityOfPage\":{\"@id\":\"https:\\\/\\\/www.link2fleet.com\\\/fr\\\/fleet-dating-webinaire-service-maintenance-et-repair-de-vehicules-electriques\\\/\"},\"wordCount\":833,\"publisher\":{\"@id\":\"https:\\\/\\\/www.link2fleet.com\\\/fr\\\/#organization\"},\"image\":{\"@id\":\"https:\\\/\\\/www.link2fleet.com\\\/fr\\\/fleet-dating-webinaire-service-maintenance-et-repair-de-vehicules-electriques\\\/#primaryimage\"},\"thumbnailUrl\":\"https:\\\/\\\/static.link2fleet.com\\\/wp-content\\\/uploads\\\/2024\\\/03\\\/vw-elektrisch-rijden-97a1087-2400x1350-768x432-1.jpg\",\"articleSection\":[\"Assurances et assistance\",\"Gestion de flotte\"],\"inLanguage\":\"fr-FR\"},{\"@type\":\"WebPage\",\"@id\":\"https:\\\/\\\/www.link2fleet.com\\\/fr\\\/fleet-dating-webinaire-service-maintenance-et-repair-de-vehicules-electriques\\\/\",\"url\":\"https:\\\/\\\/www.link2fleet.com\\\/fr\\\/fleet-dating-webinaire-service-maintenance-et-repair-de-vehicules-electriques\\\/\",\"name\":\"Fleet dating webinaire: Service, Maintenance et Repair de v\u00e9hicules \u00e9lectriques - link2fleet\",\"isPartOf\":{\"@id\":\"https:\\\/\\\/www.link2fleet.com\\\/fr\\\/#website\"},\"primaryImageOfPage\":{\"@id\":\"https:\\\/\\\/www.link2fleet.com\\\/fr\\\/fleet-dating-webinaire-service-maintenance-et-repair-de-vehicules-electriques\\\/#primaryimage\"},\"image\":{\"@id\":\"https:\\\/\\\/www.link2fleet.com\\\/fr\\\/fleet-dating-webinaire-service-maintenance-et-repair-de-vehicules-electriques\\\/#primaryimage\"},\"thumbnailUrl\":\"https:\\\/\\\/static.link2fleet.com\\\/wp-content\\\/uploads\\\/2024\\\/03\\\/vw-elektrisch-rijden-97a1087-2400x1350-768x432-1.jpg\",\"datePublished\":\"2021-12-17T17:47:26+00:00\",\"breadcrumb\":{\"@id\":\"https:\\\/\\\/www.link2fleet.com\\\/fr\\\/fleet-dating-webinaire-service-maintenance-et-repair-de-vehicules-electriques\\\/#breadcrumb\"},\"inLanguage\":\"fr-FR\",\"potentialAction\":[{\"@type\":\"ReadAction\",\"target\":[\"https:\\\/\\\/www.link2fleet.com\\\/fr\\\/fleet-dating-webinaire-service-maintenance-et-repair-de-vehicules-electriques\\\/\"]}]},{\"@type\":\"ImageObject\",\"inLanguage\":\"fr-FR\",\"@id\":\"https:\\\/\\\/www.link2fleet.com\\\/fr\\\/fleet-dating-webinaire-service-maintenance-et-repair-de-vehicules-electriques\\\/#primaryimage\",\"url\":\"https:\\\/\\\/static.link2fleet.com\\\/wp-content\\\/uploads\\\/2024\\\/03\\\/vw-elektrisch-rijden-97a1087-2400x1350-768x432-1.jpg\",\"contentUrl\":\"https:\\\/\\\/static.link2fleet.com\\\/wp-content\\\/uploads\\\/2024\\\/03\\\/vw-elektrisch-rijden-97a1087-2400x1350-768x432-1.jpg\",\"width\":768,\"height\":432},{\"@type\":\"BreadcrumbList\",\"@id\":\"https:\\\/\\\/www.link2fleet.com\\\/fr\\\/fleet-dating-webinaire-service-maintenance-et-repair-de-vehicules-electriques\\\/#breadcrumb\",\"itemListElement\":[{\"@type\":\"ListItem\",\"position\":1,\"name\":\"Home\",\"item\":\"https:\\\/\\\/www.link2fleet.com\\\/fr\\\/\"},{\"@type\":\"ListItem\",\"position\":2,\"name\":\"Fleet dating webinaire: Service, Maintenance et Repair de v\u00e9hicules \u00e9lectriques\"}]},{\"@type\":\"WebSite\",\"@id\":\"https:\\\/\\\/www.link2fleet.com\\\/fr\\\/#website\",\"url\":\"https:\\\/\\\/www.link2fleet.com\\\/fr\\\/\",\"name\":\"Link2fleet\",\"description\":\"\",\"publisher\":{\"@id\":\"https:\\\/\\\/www.link2fleet.com\\\/fr\\\/#organization\"},\"potentialAction\":[{\"@type\":\"SearchAction\",\"target\":{\"@type\":\"EntryPoint\",\"urlTemplate\":\"https:\\\/\\\/www.link2fleet.com\\\/fr\\\/?s={search_term_string}\"},\"query-input\":{\"@type\":\"PropertyValueSpecification\",\"valueRequired\":true,\"valueName\":\"search_term_string\"}}],\"inLanguage\":\"fr-FR\"},{\"@type\":\"Organization\",\"@id\":\"https:\\\/\\\/www.link2fleet.com\\\/fr\\\/#organization\",\"name\":\"Link2fleet\",\"url\":\"https:\\\/\\\/www.link2fleet.com\\\/fr\\\/\",\"logo\":{\"@type\":\"ImageObject\",\"inLanguage\":\"fr-FR\",\"@id\":\"https:\\\/\\\/www.link2fleet.com\\\/fr\\\/#\\\/schema\\\/logo\\\/image\\\/\",\"url\":\"https:\\\/\\\/static.link2fleet.com\\\/wp-content\\\/uploads\\\/2024\\\/03\\\/share-image.jpg\",\"contentUrl\":\"https:\\\/\\\/static.link2fleet.com\\\/wp-content\\\/uploads\\\/2024\\\/03\\\/share-image.jpg\",\"width\":1200,\"height\":630,\"caption\":\"Link2fleet\"},\"image\":{\"@id\":\"https:\\\/\\\/www.link2fleet.com\\\/fr\\\/#\\\/schema\\\/logo\\\/image\\\/\"},\"sameAs\":[\"https:\\\/\\\/www.linkedin.com\\\/company\\\/link2fleet-belgium\",\"https:\\\/\\\/www.youtube.com\\\/user\\\/MMMBMBE\"]},{\"@type\":\"Person\",\"@id\":\"https:\\\/\\\/www.link2fleet.com\\\/fr\\\/#\\\/schema\\\/person\\\/665e97b2a09468c859e1054550b6df42\",\"name\":\"Eduard Codd\u00e9\",\"image\":{\"@type\":\"ImageObject\",\"inLanguage\":\"fr-FR\",\"@id\":\"https:\\\/\\\/secure.gravatar.com\\\/avatar\\\/dec911fbcc7fe91af8440da6bf79457dcae5ede1c5620184af3119ee3db73d1b?s=96&d=mm&r=g\",\"url\":\"https:\\\/\\\/secure.gravatar.com\\\/avatar\\\/dec911fbcc7fe91af8440da6bf79457dcae5ede1c5620184af3119ee3db73d1b?s=96&d=mm&r=g\",\"contentUrl\":\"https:\\\/\\\/secure.gravatar.com\\\/avatar\\\/dec911fbcc7fe91af8440da6bf79457dcae5ede1c5620184af3119ee3db73d1b?s=96&d=mm&r=g\",\"caption\":\"Eduard Codd\u00e9\"}}]}<\/script>\n<!-- \/ Yoast SEO plugin. -->","yoast_head_json":{"title":"Fleet dating webinaire: Service, Maintenance et Repair de v\u00e9hicules \u00e9lectriques - link2fleet","description":"Le fait que la transition vers la conduite \u00e9lectrique ait commenc\u00e9, ne serait-ce qu&rsquo;en raison de la pression fiscale, est indiscutable. La situation est moins\u2026","robots":{"index":"index","follow":"follow","max-snippet":"max-snippet:-1","max-image-preview":"max-image-preview:large","max-video-preview":"max-video-preview:-1"},"og_locale":"fr_FR","og_type":"article","og_title":"Fleet dating webinaire: Service, Maintenance et Repair de v\u00e9hicules \u00e9lectriques - link2fleet","og_description":"Le fait que la transition vers la conduite \u00e9lectrique ait commenc\u00e9, ne serait-ce qu&rsquo;en raison de la pression fiscale, est indiscutable. La situation est moins\u2026","og_url":"https:\/\/www.link2fleet.com\/fr\/fleet-dating-webinaire-service-maintenance-et-repair-de-vehicules-electriques\/","og_site_name":"link2fleet","article_published_time":"2021-12-17T17:47:26+00:00","og_image":[{"width":768,"height":432,"url":"https:\/\/static.link2fleet.com\/wp-content\/uploads\/2024\/03\/vw-elektrisch-rijden-97a1087-2400x1350-768x432-1.jpg","type":"image\/jpeg"}],"author":"Eduard Codd\u00e9","twitter_card":"summary_large_image","twitter_description":"Le fait que la transition vers la conduite \u00e9lectrique ait commenc\u00e9, ne serait-ce qu&rsquo;en raison de la pression fiscale, est indiscutable. La situation est moins\u2026","twitter_misc":{"\u00c9crit par":"Eduard Codd\u00e9","Dur\u00e9e de lecture estim\u00e9e":"4 minutes"},"schema":{"@context":"https:\/\/schema.org","@graph":[{"@type":"Article","@id":"https:\/\/www.link2fleet.com\/fr\/fleet-dating-webinaire-service-maintenance-et-repair-de-vehicules-electriques\/#article","isPartOf":{"@id":"https:\/\/www.link2fleet.com\/fr\/fleet-dating-webinaire-service-maintenance-et-repair-de-vehicules-electriques\/"},"author":{"name":"Eduard Codd\u00e9","@id":"https:\/\/www.link2fleet.com\/fr\/#\/schema\/person\/665e97b2a09468c859e1054550b6df42"},"headline":"Fleet dating webinaire: Service, Maintenance et Repair de v\u00e9hicules \u00e9lectriques","datePublished":"2021-12-17T17:47:26+00:00","mainEntityOfPage":{"@id":"https:\/\/www.link2fleet.com\/fr\/fleet-dating-webinaire-service-maintenance-et-repair-de-vehicules-electriques\/"},"wordCount":833,"publisher":{"@id":"https:\/\/www.link2fleet.com\/fr\/#organization"},"image":{"@id":"https:\/\/www.link2fleet.com\/fr\/fleet-dating-webinaire-service-maintenance-et-repair-de-vehicules-electriques\/#primaryimage"},"thumbnailUrl":"https:\/\/static.link2fleet.com\/wp-content\/uploads\/2024\/03\/vw-elektrisch-rijden-97a1087-2400x1350-768x432-1.jpg","articleSection":["Assurances et assistance","Gestion de flotte"],"inLanguage":"fr-FR"},{"@type":"WebPage","@id":"https:\/\/www.link2fleet.com\/fr\/fleet-dating-webinaire-service-maintenance-et-repair-de-vehicules-electriques\/","url":"https:\/\/www.link2fleet.com\/fr\/fleet-dating-webinaire-service-maintenance-et-repair-de-vehicules-electriques\/","name":"Fleet dating webinaire: Service, Maintenance et Repair de v\u00e9hicules \u00e9lectriques - link2fleet","isPartOf":{"@id":"https:\/\/www.link2fleet.com\/fr\/#website"},"primaryImageOfPage":{"@id":"https:\/\/www.link2fleet.com\/fr\/fleet-dating-webinaire-service-maintenance-et-repair-de-vehicules-electriques\/#primaryimage"},"image":{"@id":"https:\/\/www.link2fleet.com\/fr\/fleet-dating-webinaire-service-maintenance-et-repair-de-vehicules-electriques\/#primaryimage"},"thumbnailUrl":"https:\/\/static.link2fleet.com\/wp-content\/uploads\/2024\/03\/vw-elektrisch-rijden-97a1087-2400x1350-768x432-1.jpg","datePublished":"2021-12-17T17:47:26+00:00","breadcrumb":{"@id":"https:\/\/www.link2fleet.com\/fr\/fleet-dating-webinaire-service-maintenance-et-repair-de-vehicules-electriques\/#breadcrumb"},"inLanguage":"fr-FR","potentialAction":[{"@type":"ReadAction","target":["https:\/\/www.link2fleet.com\/fr\/fleet-dating-webinaire-service-maintenance-et-repair-de-vehicules-electriques\/"]}]},{"@type":"ImageObject","inLanguage":"fr-FR","@id":"https:\/\/www.link2fleet.com\/fr\/fleet-dating-webinaire-service-maintenance-et-repair-de-vehicules-electriques\/#primaryimage","url":"https:\/\/static.link2fleet.com\/wp-content\/uploads\/2024\/03\/vw-elektrisch-rijden-97a1087-2400x1350-768x432-1.jpg","contentUrl":"https:\/\/static.link2fleet.com\/wp-content\/uploads\/2024\/03\/vw-elektrisch-rijden-97a1087-2400x1350-768x432-1.jpg","width":768,"height":432},{"@type":"BreadcrumbList","@id":"https:\/\/www.link2fleet.com\/fr\/fleet-dating-webinaire-service-maintenance-et-repair-de-vehicules-electriques\/#breadcrumb","itemListElement":[{"@type":"ListItem","position":1,"name":"Home","item":"https:\/\/www.link2fleet.com\/fr\/"},{"@type":"ListItem","position":2,"name":"Fleet dating webinaire: Service, Maintenance et Repair de v\u00e9hicules \u00e9lectriques"}]},{"@type":"WebSite","@id":"https:\/\/www.link2fleet.com\/fr\/#website","url":"https:\/\/www.link2fleet.com\/fr\/","name":"Link2fleet","description":"","publisher":{"@id":"https:\/\/www.link2fleet.com\/fr\/#organization"},"potentialAction":[{"@type":"SearchAction","target":{"@type":"EntryPoint","urlTemplate":"https:\/\/www.link2fleet.com\/fr\/?s={search_term_string}"},"query-input":{"@type":"PropertyValueSpecification","valueRequired":true,"valueName":"search_term_string"}}],"inLanguage":"fr-FR"},{"@type":"Organization","@id":"https:\/\/www.link2fleet.com\/fr\/#organization","name":"Link2fleet","url":"https:\/\/www.link2fleet.com\/fr\/","logo":{"@type":"ImageObject","inLanguage":"fr-FR","@id":"https:\/\/www.link2fleet.com\/fr\/#\/schema\/logo\/image\/","url":"https:\/\/static.link2fleet.com\/wp-content\/uploads\/2024\/03\/share-image.jpg","contentUrl":"https:\/\/static.link2fleet.com\/wp-content\/uploads\/2024\/03\/share-image.jpg","width":1200,"height":630,"caption":"Link2fleet"},"image":{"@id":"https:\/\/www.link2fleet.com\/fr\/#\/schema\/logo\/image\/"},"sameAs":["https:\/\/www.linkedin.com\/company\/link2fleet-belgium","https:\/\/www.youtube.com\/user\/MMMBMBE"]},{"@type":"Person","@id":"https:\/\/www.link2fleet.com\/fr\/#\/schema\/person\/665e97b2a09468c859e1054550b6df42","name":"Eduard Codd\u00e9","image":{"@type":"ImageObject","inLanguage":"fr-FR","@id":"https:\/\/secure.gravatar.com\/avatar\/dec911fbcc7fe91af8440da6bf79457dcae5ede1c5620184af3119ee3db73d1b?s=96&d=mm&r=g","url":"https:\/\/secure.gravatar.com\/avatar\/dec911fbcc7fe91af8440da6bf79457dcae5ede1c5620184af3119ee3db73d1b?s=96&d=mm&r=g","contentUrl":"https:\/\/secure.gravatar.com\/avatar\/dec911fbcc7fe91af8440da6bf79457dcae5ede1c5620184af3119ee3db73d1b?s=96&d=mm&r=g","caption":"Eduard Codd\u00e9"}}]}},"_links":{"self":[{"href":"https:\/\/www.link2fleet.com\/fr\/wp-json\/wp\/v2\/posts\/5309","targetHints":{"allow":["GET"]}}],"collection":[{"href":"https:\/\/www.link2fleet.com\/fr\/wp-json\/wp\/v2\/posts"}],"about":[{"href":"https:\/\/www.link2fleet.com\/fr\/wp-json\/wp\/v2\/types\/post"}],"author":[{"embeddable":true,"href":"https:\/\/www.link2fleet.com\/fr\/wp-json\/wp\/v2\/users\/15"}],"replies":[{"embeddable":true,"href":"https:\/\/www.link2fleet.com\/fr\/wp-json\/wp\/v2\/comments?post=5309"}],"version-history":[{"count":0,"href":"https:\/\/www.link2fleet.com\/fr\/wp-json\/wp\/v2\/posts\/5309\/revisions"}],"wp:featuredmedia":[{"embeddable":true,"href":"https:\/\/www.link2fleet.com\/fr\/wp-json\/wp\/v2\/media\/5310"}],"wp:attachment":[{"href":"https:\/\/www.link2fleet.com\/fr\/wp-json\/wp\/v2\/media?parent=5309"}],"wp:term":[{"taxonomy":"category","embeddable":true,"href":"https:\/\/www.link2fleet.com\/fr\/wp-json\/wp\/v2\/categories?post=5309"},{"taxonomy":"post_tag","embeddable":true,"href":"https:\/\/www.link2fleet.com\/fr\/wp-json\/wp\/v2\/tags?post=5309"}],"curies":[{"name":"wp","href":"https:\/\/api.w.org\/{rel}","templated":true}]}}