{"id":53426,"date":"2025-07-17T06:30:04","date_gmt":"2025-07-17T04:30:04","guid":{"rendered":"https:\/\/www.link2fleet.com\/?p=53426"},"modified":"2025-07-14T15:43:30","modified_gmt":"2025-07-14T13:43:30","slug":"fleet-test-mercedes-cla-250-electrique-oubliez-la-range-anxiety","status":"publish","type":"post","link":"https:\/\/www.link2fleet.com\/fr\/fleet-test-mercedes-cla-250-electrique-oubliez-la-range-anxiety\/","title":{"rendered":"Fleet test Mercedes CLA 250+ \u00e9lectrique : oubliez la \u00ab range-anxiety \u00bb"},"content":{"rendered":"","protected":false},"excerpt":{"rendered":"","protected":false},"author":18,"featured_media":53428,"comment_status":"closed","ping_status":"closed","sticky":false,"template":"","format":"standard","meta":{"_acf_changed":false,"footnotes":""},"categories":[134],"tags":[155,660,269,858],"class_list":["post-53426","post","type-post","status-publish","format-standard","has-post-thumbnail","hentry","category-fleet-test","tag-ev-fr","tag-fleet-test","tag-mercedes","tag-mercedes-cla"],"acf":[],"yoast_head":"<!-- This site is optimized with the Yoast SEO plugin v27.3 - https:\/\/yoast.com\/product\/yoast-seo-wordpress\/ -->\n<title>Fleet test Mercedes CLA 250+ \u00e9lectrique : oubliez la \u00ab range-anxiety \u00bb - link2fleet<\/title>\n<meta name=\"description\" content=\"Attendue depuis des mois par de nombreux conducteurs et passionn\u00e9s, la nouvelle Mercedes CLA 100% \u00e9lectrique est enfin l\u00e0 et nous l\u2019avons test\u00e9e. Sur papier,\u2026\" \/>\n<meta name=\"robots\" content=\"index, follow, max-snippet:-1, max-image-preview:large, max-video-preview:-1\" \/>\n<meta property=\"og:locale\" content=\"fr_FR\" \/>\n<meta property=\"og:type\" content=\"article\" \/>\n<meta property=\"og:title\" content=\"Fleet test Mercedes CLA 250+ \u00e9lectrique : oubliez la \u00ab range-anxiety \u00bb - link2fleet\" \/>\n<meta property=\"og:description\" content=\"Attendue depuis des mois par de nombreux conducteurs et passionn\u00e9s, la nouvelle Mercedes CLA 100% \u00e9lectrique est enfin l\u00e0 et nous l\u2019avons test\u00e9e. Sur papier,\u2026\" \/>\n<meta property=\"og:url\" content=\"https:\/\/www.link2fleet.com\/fleet-test-elektrische-mercedes-cla-250-gedaan-met-range-anxiety\/\" \/>\n<meta property=\"og:site_name\" content=\"link2fleet\" \/>\n<meta property=\"article:published_time\" content=\"2025-07-17T04:30:04+00:00\" \/>\n<meta property=\"og:image\" content=\"https:\/\/static.link2fleet.com\/wp-content\/uploads\/2025\/07\/mercedes-cla-250-link2fleet-2025-001.jpg\" \/>\n\t<meta property=\"og:image:width\" content=\"1300\" \/>\n\t<meta property=\"og:image:height\" content=\"867\" \/>\n\t<meta property=\"og:image:type\" content=\"image\/jpeg\" \/>\n<meta name=\"author\" content=\"Maxime Pasture\" \/>\n<meta name=\"twitter:card\" content=\"summary_large_image\" \/>\n<meta name=\"twitter:description\" content=\"Attendue depuis des mois par de nombreux conducteurs et passionn\u00e9s, la nouvelle Mercedes CLA 100% \u00e9lectrique est enfin l\u00e0 et nous l\u2019avons test\u00e9e. Sur papier,\u2026\" \/>\n<meta name=\"twitter:label1\" content=\"\u00c9crit par\" \/>\n\t<meta name=\"twitter:data1\" content=\"Journaliste de formation, Maxime est tr\u00e8s curieux mais surtout passionn\u00e9 d&#039;automobile. Sa curiosit\u00e9 l&#039;am\u00e8ne \u00e0 traiter de sujets divers et vari\u00e9s li\u00e9s \u00e0 la mobilit\u00e9 au sens large et bien plus encore !\" \/>\n\t<meta name=\"twitter:label2\" content=\"Dur\u00e9e de lecture estim\u00e9e\" \/>\n\t<meta name=\"twitter:data2\" content=\"11 minutes\" \/>\n<script type=\"application\/ld+json\" class=\"yoast-schema-graph\">{\"@context\":\"https:\\\/\\\/schema.org\",\"@graph\":[{\"@type\":\"Article\",\"@id\":\"https:\\\/\\\/www.link2fleet.com\\\/fleet-test-elektrische-mercedes-cla-250-gedaan-met-range-anxiety\\\/#article\",\"isPartOf\":{\"@id\":\"https:\\\/\\\/www.link2fleet.com\\\/fleet-test-elektrische-mercedes-cla-250-gedaan-met-range-anxiety\\\/\"},\"author\":{\"name\":\"Maxime Pasture\",\"@id\":\"https:\\\/\\\/www.link2fleet.com\\\/fr\\\/#\\\/schema\\\/person\\\/36f3d48d12a83e110d72b602b5bebc11\"},\"headline\":\"Fleet test Mercedes CLA 250+ \u00e9lectrique : oubliez la \u00ab range-anxiety \u00bb\",\"datePublished\":\"2025-07-17T04:30:04+00:00\",\"mainEntityOfPage\":{\"@id\":\"https:\\\/\\\/www.link2fleet.com\\\/fleet-test-elektrische-mercedes-cla-250-gedaan-met-range-anxiety\\\/\"},\"wordCount\":8,\"publisher\":{\"@id\":\"https:\\\/\\\/www.link2fleet.com\\\/fr\\\/#organization\"},\"image\":{\"@id\":\"https:\\\/\\\/www.link2fleet.com\\\/fleet-test-elektrische-mercedes-cla-250-gedaan-met-range-anxiety\\\/#primaryimage\"},\"thumbnailUrl\":\"https:\\\/\\\/static.link2fleet.com\\\/wp-content\\\/uploads\\\/2025\\\/07\\\/mercedes-cla-250-link2fleet-2025-001.jpg\",\"keywords\":[\"EV\",\"Fleet test\",\"Mercedes\",\"mercedes CLA\"],\"articleSection\":[\"Essais fleet\"],\"inLanguage\":\"fr-FR\"},{\"@type\":\"WebPage\",\"@id\":\"https:\\\/\\\/www.link2fleet.com\\\/fleet-test-elektrische-mercedes-cla-250-gedaan-met-range-anxiety\\\/\",\"url\":\"https:\\\/\\\/www.link2fleet.com\\\/fleet-test-elektrische-mercedes-cla-250-gedaan-met-range-anxiety\\\/\",\"name\":\"Fleet test Mercedes CLA 250+ \u00e9lectrique : oubliez la \u00ab range-anxiety \u00bb - link2fleet\",\"isPartOf\":{\"@id\":\"https:\\\/\\\/www.link2fleet.com\\\/fr\\\/#website\"},\"primaryImageOfPage\":{\"@id\":\"https:\\\/\\\/www.link2fleet.com\\\/fleet-test-elektrische-mercedes-cla-250-gedaan-met-range-anxiety\\\/#primaryimage\"},\"image\":{\"@id\":\"https:\\\/\\\/www.link2fleet.com\\\/fleet-test-elektrische-mercedes-cla-250-gedaan-met-range-anxiety\\\/#primaryimage\"},\"thumbnailUrl\":\"https:\\\/\\\/static.link2fleet.com\\\/wp-content\\\/uploads\\\/2025\\\/07\\\/mercedes-cla-250-link2fleet-2025-001.jpg\",\"datePublished\":\"2025-07-17T04:30:04+00:00\",\"description\":\"La nouvelle CLA 100% \u00e9lectrique est enfin l\u00e0 et nous l\u2019avons test\u00e9e. Elle promet jusqu\u2019\u00e0 775 km d\u2019autonomie. Alors, promesse tenue ?\",\"breadcrumb\":{\"@id\":\"https:\\\/\\\/www.link2fleet.com\\\/fleet-test-elektrische-mercedes-cla-250-gedaan-met-range-anxiety\\\/#breadcrumb\"},\"inLanguage\":\"fr-FR\",\"potentialAction\":[{\"@type\":\"ReadAction\",\"target\":[\"https:\\\/\\\/www.link2fleet.com\\\/fleet-test-elektrische-mercedes-cla-250-gedaan-met-range-anxiety\\\/\"]}]},{\"@type\":\"ImageObject\",\"inLanguage\":\"fr-FR\",\"@id\":\"https:\\\/\\\/www.link2fleet.com\\\/fleet-test-elektrische-mercedes-cla-250-gedaan-met-range-anxiety\\\/#primaryimage\",\"url\":\"https:\\\/\\\/static.link2fleet.com\\\/wp-content\\\/uploads\\\/2025\\\/07\\\/mercedes-cla-250-link2fleet-2025-001.jpg\",\"contentUrl\":\"https:\\\/\\\/static.link2fleet.com\\\/wp-content\\\/uploads\\\/2025\\\/07\\\/mercedes-cla-250-link2fleet-2025-001.jpg\",\"width\":1300,\"height\":867},{\"@type\":\"BreadcrumbList\",\"@id\":\"https:\\\/\\\/www.link2fleet.com\\\/fleet-test-elektrische-mercedes-cla-250-gedaan-met-range-anxiety\\\/#breadcrumb\",\"itemListElement\":[{\"@type\":\"ListItem\",\"position\":1,\"name\":\"Home\",\"item\":\"https:\\\/\\\/www.link2fleet.com\\\/fr\\\/\"},{\"@type\":\"ListItem\",\"position\":2,\"name\":\"Fleet test Mercedes CLA 250+ \u00e9lectrique : oubliez la \u00ab range-anxiety \u00bb\"}]},{\"@type\":\"WebSite\",\"@id\":\"https:\\\/\\\/www.link2fleet.com\\\/fr\\\/#website\",\"url\":\"https:\\\/\\\/www.link2fleet.com\\\/fr\\\/\",\"name\":\"Link2fleet\",\"description\":\"\",\"publisher\":{\"@id\":\"https:\\\/\\\/www.link2fleet.com\\\/fr\\\/#organization\"},\"potentialAction\":[{\"@type\":\"SearchAction\",\"target\":{\"@type\":\"EntryPoint\",\"urlTemplate\":\"https:\\\/\\\/www.link2fleet.com\\\/fr\\\/?s={search_term_string}\"},\"query-input\":{\"@type\":\"PropertyValueSpecification\",\"valueRequired\":true,\"valueName\":\"search_term_string\"}}],\"inLanguage\":\"fr-FR\"},{\"@type\":\"Organization\",\"@id\":\"https:\\\/\\\/www.link2fleet.com\\\/fr\\\/#organization\",\"name\":\"Link2fleet\",\"url\":\"https:\\\/\\\/www.link2fleet.com\\\/fr\\\/\",\"logo\":{\"@type\":\"ImageObject\",\"inLanguage\":\"fr-FR\",\"@id\":\"https:\\\/\\\/www.link2fleet.com\\\/fr\\\/#\\\/schema\\\/logo\\\/image\\\/\",\"url\":\"https:\\\/\\\/static.link2fleet.com\\\/wp-content\\\/uploads\\\/2024\\\/03\\\/share-image.jpg\",\"contentUrl\":\"https:\\\/\\\/static.link2fleet.com\\\/wp-content\\\/uploads\\\/2024\\\/03\\\/share-image.jpg\",\"width\":1200,\"height\":630,\"caption\":\"Link2fleet\"},\"image\":{\"@id\":\"https:\\\/\\\/www.link2fleet.com\\\/fr\\\/#\\\/schema\\\/logo\\\/image\\\/\"},\"sameAs\":[\"https:\\\/\\\/www.linkedin.com\\\/company\\\/link2fleet-belgium\",\"https:\\\/\\\/www.youtube.com\\\/user\\\/MMMBMBE\"]},{\"@type\":\"Person\",\"@id\":\"https:\\\/\\\/www.link2fleet.com\\\/fr\\\/#\\\/schema\\\/person\\\/36f3d48d12a83e110d72b602b5bebc11\",\"name\":\"Maxime Pasture\",\"image\":{\"@type\":\"ImageObject\",\"inLanguage\":\"fr-FR\",\"@id\":\"https:\\\/\\\/secure.gravatar.com\\\/avatar\\\/a17c47a11dd3996c69a173e291c692b6a028e82349994bf0d9f60936c9795b9f?s=96&d=mm&r=g\",\"url\":\"https:\\\/\\\/secure.gravatar.com\\\/avatar\\\/a17c47a11dd3996c69a173e291c692b6a028e82349994bf0d9f60936c9795b9f?s=96&d=mm&r=g\",\"contentUrl\":\"https:\\\/\\\/secure.gravatar.com\\\/avatar\\\/a17c47a11dd3996c69a173e291c692b6a028e82349994bf0d9f60936c9795b9f?s=96&d=mm&r=g\",\"caption\":\"Maxime Pasture\"},\"description\":\"Journaliste de formation, Maxime est tr\u00e8s curieux mais surtout passionn\u00e9 d'automobile. Sa curiosit\u00e9 l'am\u00e8ne \u00e0 traiter de sujets divers et vari\u00e9s li\u00e9s \u00e0 la mobilit\u00e9 au sens large et bien plus encore !\"}]}<\/script>\n<!-- \/ Yoast SEO plugin. -->","yoast_head_json":{"title":"Fleet test Mercedes CLA 250+ \u00e9lectrique : oubliez la \u00ab range-anxiety \u00bb - link2fleet","description":"Attendue depuis des mois par de nombreux conducteurs et passionn\u00e9s, la nouvelle Mercedes CLA 100% \u00e9lectrique est enfin l\u00e0 et nous l\u2019avons test\u00e9e. Sur papier,\u2026","robots":{"index":"index","follow":"follow","max-snippet":"max-snippet:-1","max-image-preview":"max-image-preview:large","max-video-preview":"max-video-preview:-1"},"og_locale":"fr_FR","og_type":"article","og_title":"Fleet test Mercedes CLA 250+ \u00e9lectrique : oubliez la \u00ab range-anxiety \u00bb - link2fleet","og_description":"Attendue depuis des mois par de nombreux conducteurs et passionn\u00e9s, la nouvelle Mercedes CLA 100% \u00e9lectrique est enfin l\u00e0 et nous l\u2019avons test\u00e9e. Sur papier,\u2026","og_url":"https:\/\/www.link2fleet.com\/fleet-test-elektrische-mercedes-cla-250-gedaan-met-range-anxiety\/","og_site_name":"link2fleet","article_published_time":"2025-07-17T04:30:04+00:00","og_image":[{"width":1300,"height":867,"url":"https:\/\/static.link2fleet.com\/wp-content\/uploads\/2025\/07\/mercedes-cla-250-link2fleet-2025-001.jpg","type":"image\/jpeg"}],"author":"Maxime Pasture","twitter_card":"summary_large_image","twitter_description":"Attendue depuis des mois par de nombreux conducteurs et passionn\u00e9s, la nouvelle Mercedes CLA 100% \u00e9lectrique est enfin l\u00e0 et nous l\u2019avons test\u00e9e. Sur papier,\u2026","twitter_misc":{"\u00c9crit par":"Journaliste de formation, Maxime est tr\u00e8s curieux mais surtout passionn\u00e9 d'automobile. Sa curiosit\u00e9 l'am\u00e8ne \u00e0 traiter de sujets divers et vari\u00e9s li\u00e9s \u00e0 la mobilit\u00e9 au sens large et bien plus encore !","Dur\u00e9e de lecture estim\u00e9e":"11 minutes"},"schema":{"@context":"https:\/\/schema.org","@graph":[{"@type":"Article","@id":"https:\/\/www.link2fleet.com\/fleet-test-elektrische-mercedes-cla-250-gedaan-met-range-anxiety\/#article","isPartOf":{"@id":"https:\/\/www.link2fleet.com\/fleet-test-elektrische-mercedes-cla-250-gedaan-met-range-anxiety\/"},"author":{"name":"Maxime Pasture","@id":"https:\/\/www.link2fleet.com\/fr\/#\/schema\/person\/36f3d48d12a83e110d72b602b5bebc11"},"headline":"Fleet test Mercedes CLA 250+ \u00e9lectrique : oubliez la \u00ab range-anxiety \u00bb","datePublished":"2025-07-17T04:30:04+00:00","mainEntityOfPage":{"@id":"https:\/\/www.link2fleet.com\/fleet-test-elektrische-mercedes-cla-250-gedaan-met-range-anxiety\/"},"wordCount":8,"publisher":{"@id":"https:\/\/www.link2fleet.com\/fr\/#organization"},"image":{"@id":"https:\/\/www.link2fleet.com\/fleet-test-elektrische-mercedes-cla-250-gedaan-met-range-anxiety\/#primaryimage"},"thumbnailUrl":"https:\/\/static.link2fleet.com\/wp-content\/uploads\/2025\/07\/mercedes-cla-250-link2fleet-2025-001.jpg","keywords":["EV","Fleet test","Mercedes","mercedes CLA"],"articleSection":["Essais fleet"],"inLanguage":"fr-FR"},{"@type":"WebPage","@id":"https:\/\/www.link2fleet.com\/fleet-test-elektrische-mercedes-cla-250-gedaan-met-range-anxiety\/","url":"https:\/\/www.link2fleet.com\/fleet-test-elektrische-mercedes-cla-250-gedaan-met-range-anxiety\/","name":"Fleet test Mercedes CLA 250+ \u00e9lectrique : oubliez la \u00ab range-anxiety \u00bb - link2fleet","isPartOf":{"@id":"https:\/\/www.link2fleet.com\/fr\/#website"},"primaryImageOfPage":{"@id":"https:\/\/www.link2fleet.com\/fleet-test-elektrische-mercedes-cla-250-gedaan-met-range-anxiety\/#primaryimage"},"image":{"@id":"https:\/\/www.link2fleet.com\/fleet-test-elektrische-mercedes-cla-250-gedaan-met-range-anxiety\/#primaryimage"},"thumbnailUrl":"https:\/\/static.link2fleet.com\/wp-content\/uploads\/2025\/07\/mercedes-cla-250-link2fleet-2025-001.jpg","datePublished":"2025-07-17T04:30:04+00:00","description":"La nouvelle CLA 100% \u00e9lectrique est enfin l\u00e0 et nous l\u2019avons test\u00e9e. Elle promet jusqu\u2019\u00e0 775 km d\u2019autonomie. Alors, promesse tenue ?","breadcrumb":{"@id":"https:\/\/www.link2fleet.com\/fleet-test-elektrische-mercedes-cla-250-gedaan-met-range-anxiety\/#breadcrumb"},"inLanguage":"fr-FR","potentialAction":[{"@type":"ReadAction","target":["https:\/\/www.link2fleet.com\/fleet-test-elektrische-mercedes-cla-250-gedaan-met-range-anxiety\/"]}]},{"@type":"ImageObject","inLanguage":"fr-FR","@id":"https:\/\/www.link2fleet.com\/fleet-test-elektrische-mercedes-cla-250-gedaan-met-range-anxiety\/#primaryimage","url":"https:\/\/static.link2fleet.com\/wp-content\/uploads\/2025\/07\/mercedes-cla-250-link2fleet-2025-001.jpg","contentUrl":"https:\/\/static.link2fleet.com\/wp-content\/uploads\/2025\/07\/mercedes-cla-250-link2fleet-2025-001.jpg","width":1300,"height":867},{"@type":"BreadcrumbList","@id":"https:\/\/www.link2fleet.com\/fleet-test-elektrische-mercedes-cla-250-gedaan-met-range-anxiety\/#breadcrumb","itemListElement":[{"@type":"ListItem","position":1,"name":"Home","item":"https:\/\/www.link2fleet.com\/fr\/"},{"@type":"ListItem","position":2,"name":"Fleet test Mercedes CLA 250+ \u00e9lectrique : oubliez la \u00ab range-anxiety \u00bb"}]},{"@type":"WebSite","@id":"https:\/\/www.link2fleet.com\/fr\/#website","url":"https:\/\/www.link2fleet.com\/fr\/","name":"Link2fleet","description":"","publisher":{"@id":"https:\/\/www.link2fleet.com\/fr\/#organization"},"potentialAction":[{"@type":"SearchAction","target":{"@type":"EntryPoint","urlTemplate":"https:\/\/www.link2fleet.com\/fr\/?s={search_term_string}"},"query-input":{"@type":"PropertyValueSpecification","valueRequired":true,"valueName":"search_term_string"}}],"inLanguage":"fr-FR"},{"@type":"Organization","@id":"https:\/\/www.link2fleet.com\/fr\/#organization","name":"Link2fleet","url":"https:\/\/www.link2fleet.com\/fr\/","logo":{"@type":"ImageObject","inLanguage":"fr-FR","@id":"https:\/\/www.link2fleet.com\/fr\/#\/schema\/logo\/image\/","url":"https:\/\/static.link2fleet.com\/wp-content\/uploads\/2024\/03\/share-image.jpg","contentUrl":"https:\/\/static.link2fleet.com\/wp-content\/uploads\/2024\/03\/share-image.jpg","width":1200,"height":630,"caption":"Link2fleet"},"image":{"@id":"https:\/\/www.link2fleet.com\/fr\/#\/schema\/logo\/image\/"},"sameAs":["https:\/\/www.linkedin.com\/company\/link2fleet-belgium","https:\/\/www.youtube.com\/user\/MMMBMBE"]},{"@type":"Person","@id":"https:\/\/www.link2fleet.com\/fr\/#\/schema\/person\/36f3d48d12a83e110d72b602b5bebc11","name":"Maxime Pasture","image":{"@type":"ImageObject","inLanguage":"fr-FR","@id":"https:\/\/secure.gravatar.com\/avatar\/a17c47a11dd3996c69a173e291c692b6a028e82349994bf0d9f60936c9795b9f?s=96&d=mm&r=g","url":"https:\/\/secure.gravatar.com\/avatar\/a17c47a11dd3996c69a173e291c692b6a028e82349994bf0d9f60936c9795b9f?s=96&d=mm&r=g","contentUrl":"https:\/\/secure.gravatar.com\/avatar\/a17c47a11dd3996c69a173e291c692b6a028e82349994bf0d9f60936c9795b9f?s=96&d=mm&r=g","caption":"Maxime Pasture"},"description":"Journaliste de formation, Maxime est tr\u00e8s curieux mais surtout passionn\u00e9 d'automobile. Sa curiosit\u00e9 l'am\u00e8ne \u00e0 traiter de sujets divers et vari\u00e9s li\u00e9s \u00e0 la mobilit\u00e9 au sens large et bien plus encore !"}]}},"_links":{"self":[{"href":"https:\/\/www.link2fleet.com\/fr\/wp-json\/wp\/v2\/posts\/53426","targetHints":{"allow":["GET"]}}],"collection":[{"href":"https:\/\/www.link2fleet.com\/fr\/wp-json\/wp\/v2\/posts"}],"about":[{"href":"https:\/\/www.link2fleet.com\/fr\/wp-json\/wp\/v2\/types\/post"}],"author":[{"embeddable":true,"href":"https:\/\/www.link2fleet.com\/fr\/wp-json\/wp\/v2\/users\/18"}],"replies":[{"embeddable":true,"href":"https:\/\/www.link2fleet.com\/fr\/wp-json\/wp\/v2\/comments?post=53426"}],"version-history":[{"count":9,"href":"https:\/\/www.link2fleet.com\/fr\/wp-json\/wp\/v2\/posts\/53426\/revisions"}],"predecessor-version":[{"id":53540,"href":"https:\/\/www.link2fleet.com\/fr\/wp-json\/wp\/v2\/posts\/53426\/revisions\/53540"}],"wp:featuredmedia":[{"embeddable":true,"href":"https:\/\/www.link2fleet.com\/fr\/wp-json\/wp\/v2\/media\/53428"}],"wp:attachment":[{"href":"https:\/\/www.link2fleet.com\/fr\/wp-json\/wp\/v2\/media?parent=53426"}],"wp:term":[{"taxonomy":"category","embeddable":true,"href":"https:\/\/www.link2fleet.com\/fr\/wp-json\/wp\/v2\/categories?post=53426"},{"taxonomy":"post_tag","embeddable":true,"href":"https:\/\/www.link2fleet.com\/fr\/wp-json\/wp\/v2\/tags?post=53426"}],"curies":[{"name":"wp","href":"https:\/\/api.w.org\/{rel}","templated":true}]}}