{"id":53635,"date":"2025-07-15T10:20:40","date_gmt":"2025-07-15T08:20:40","guid":{"rendered":"https:\/\/www.link2fleet.com\/?p=53635"},"modified":"2025-07-15T11:08:53","modified_gmt":"2025-07-15T09:08:53","slug":"decouvrez-la-mercedes-cla-shooting-brake-2025-en-moins-de-5-minutes","status":"publish","type":"post","link":"https:\/\/www.link2fleet.com\/fr\/decouvrez-la-mercedes-cla-shooting-brake-2025-en-moins-de-5-minutes\/","title":{"rendered":"D\u00e9couvrez la Mercedes CLA Shooting Brake 2025 en moins de 5 minutes"},"content":{"rendered":"","protected":false},"excerpt":{"rendered":"","protected":false},"author":18,"featured_media":53637,"comment_status":"closed","ping_status":"closed","sticky":false,"template":"","format":"standard","meta":{"_acf_changed":false,"footnotes":""},"categories":[135,77,76],"tags":[827,269,858,647],"class_list":["post-53635","post","type-post","status-publish","format-standard","has-post-thumbnail","hentry","category-news-fr","category-importateurs-et-constructeurs-automobiles-vp","category-car","tag-cla","tag-mercedes","tag-mercedes-cla","tag-video"],"acf":[],"yoast_head":"<!-- This site is optimized with the Yoast SEO plugin v27.3 - https:\/\/yoast.com\/product\/yoast-seo-wordpress\/ -->\n<title>D\u00e9couvrez la Mercedes CLA Shooting Brake 2025 en moins de 5 minutes - link2fleet<\/title>\n<meta name=\"description\" content=\"La d\u00e9clinaison break de la nouvelle Mercedes CLA sera commercialis\u00e9e \u00e0 la fin de cette ann\u00e9e, avec des premi\u00e8res livraisons courant 2026. Voici tout ce\u2026\" \/>\n<meta name=\"robots\" content=\"index, follow, max-snippet:-1, max-image-preview:large, max-video-preview:-1\" \/>\n<meta property=\"og:locale\" content=\"fr_FR\" \/>\n<meta property=\"og:type\" content=\"article\" \/>\n<meta property=\"og:title\" content=\"D\u00e9couvrez la Mercedes CLA Shooting Brake 2025 en moins de 5 minutes - link2fleet\" \/>\n<meta property=\"og:description\" content=\"La d\u00e9clinaison break de la nouvelle Mercedes CLA sera commercialis\u00e9e \u00e0 la fin de cette ann\u00e9e, avec des premi\u00e8res livraisons courant 2026. Voici tout ce\u2026\" \/>\n<meta property=\"og:url\" content=\"https:\/\/www.link2fleet.com\/ontdek-de-mercedes-cla-shooting-brake-2025-in-minder-dan-5-minuten\/\" \/>\n<meta property=\"og:site_name\" content=\"link2fleet\" \/>\n<meta property=\"article:published_time\" content=\"2025-07-15T08:20:40+00:00\" \/>\n<meta property=\"article:modified_time\" content=\"2025-07-15T09:08:53+00:00\" \/>\n<meta property=\"og:image\" content=\"https:\/\/static.link2fleet.com\/wp-content\/uploads\/2025\/07\/mercedes-cla-shooting-brake-miniature.jpg\" \/>\n\t<meta property=\"og:image:width\" content=\"1280\" \/>\n\t<meta property=\"og:image:height\" content=\"720\" \/>\n\t<meta property=\"og:image:type\" content=\"image\/jpeg\" \/>\n<meta name=\"author\" content=\"Maxime Pasture\" \/>\n<meta name=\"twitter:card\" content=\"summary_large_image\" \/>\n<meta name=\"twitter:description\" content=\"La d\u00e9clinaison break de la nouvelle Mercedes CLA sera commercialis\u00e9e \u00e0 la fin de cette ann\u00e9e, avec des premi\u00e8res livraisons courant 2026. Voici tout ce\u2026\" \/>\n<meta name=\"twitter:label1\" content=\"\u00c9crit par\" \/>\n\t<meta name=\"twitter:data1\" content=\"Journaliste de formation, Maxime est tr\u00e8s curieux mais surtout passionn\u00e9 d&#039;automobile. Sa curiosit\u00e9 l&#039;am\u00e8ne \u00e0 traiter de sujets divers et vari\u00e9s li\u00e9s \u00e0 la mobilit\u00e9 au sens large et bien plus encore !\" \/>\n\t<meta name=\"twitter:label2\" content=\"Dur\u00e9e de lecture estim\u00e9e\" \/>\n\t<meta name=\"twitter:data2\" content=\"1 minute\" \/>\n<script type=\"application\/ld+json\" class=\"yoast-schema-graph\">{\"@context\":\"https:\\\/\\\/schema.org\",\"@graph\":[{\"@type\":\"Article\",\"@id\":\"https:\\\/\\\/www.link2fleet.com\\\/ontdek-de-mercedes-cla-shooting-brake-2025-in-minder-dan-5-minuten\\\/#article\",\"isPartOf\":{\"@id\":\"https:\\\/\\\/www.link2fleet.com\\\/ontdek-de-mercedes-cla-shooting-brake-2025-in-minder-dan-5-minuten\\\/\"},\"author\":{\"name\":\"Maxime Pasture\",\"@id\":\"https:\\\/\\\/www.link2fleet.com\\\/fr\\\/#\\\/schema\\\/person\\\/36f3d48d12a83e110d72b602b5bebc11\"},\"headline\":\"D\u00e9couvrez la Mercedes CLA Shooting Brake 2025 en moins de 5 minutes\",\"datePublished\":\"2025-07-15T08:20:40+00:00\",\"dateModified\":\"2025-07-15T09:08:53+00:00\",\"mainEntityOfPage\":{\"@id\":\"https:\\\/\\\/www.link2fleet.com\\\/ontdek-de-mercedes-cla-shooting-brake-2025-in-minder-dan-5-minuten\\\/\"},\"wordCount\":11,\"publisher\":{\"@id\":\"https:\\\/\\\/www.link2fleet.com\\\/fr\\\/#organization\"},\"image\":{\"@id\":\"https:\\\/\\\/www.link2fleet.com\\\/ontdek-de-mercedes-cla-shooting-brake-2025-in-minder-dan-5-minuten\\\/#primaryimage\"},\"thumbnailUrl\":\"https:\\\/\\\/static.link2fleet.com\\\/wp-content\\\/uploads\\\/2025\\\/07\\\/mercedes-cla-shooting-brake-miniature.jpg\",\"keywords\":[\"CLA\",\"Mercedes\",\"mercedes CLA\",\"video\"],\"articleSection\":[\"Actus\",\"Importateurs et constructeurs\",\"V\u00e9hicules\"],\"inLanguage\":\"fr-FR\"},{\"@type\":\"WebPage\",\"@id\":\"https:\\\/\\\/www.link2fleet.com\\\/ontdek-de-mercedes-cla-shooting-brake-2025-in-minder-dan-5-minuten\\\/\",\"url\":\"https:\\\/\\\/www.link2fleet.com\\\/ontdek-de-mercedes-cla-shooting-brake-2025-in-minder-dan-5-minuten\\\/\",\"name\":\"D\u00e9couvrez la Mercedes CLA Shooting Brake 2025 en moins de 5 minutes - link2fleet\",\"isPartOf\":{\"@id\":\"https:\\\/\\\/www.link2fleet.com\\\/fr\\\/#website\"},\"primaryImageOfPage\":{\"@id\":\"https:\\\/\\\/www.link2fleet.com\\\/ontdek-de-mercedes-cla-shooting-brake-2025-in-minder-dan-5-minuten\\\/#primaryimage\"},\"image\":{\"@id\":\"https:\\\/\\\/www.link2fleet.com\\\/ontdek-de-mercedes-cla-shooting-brake-2025-in-minder-dan-5-minuten\\\/#primaryimage\"},\"thumbnailUrl\":\"https:\\\/\\\/static.link2fleet.com\\\/wp-content\\\/uploads\\\/2025\\\/07\\\/mercedes-cla-shooting-brake-miniature.jpg\",\"datePublished\":\"2025-07-15T08:20:40+00:00\",\"dateModified\":\"2025-07-15T09:08:53+00:00\",\"description\":\"La d\u00e9clinaison break de la nouvelle Mercedes CLA sera commercialis\u00e9e en fin de cette ann\u00e9e, avec une introduction sur le march\u00e9 en 2026.\",\"breadcrumb\":{\"@id\":\"https:\\\/\\\/www.link2fleet.com\\\/ontdek-de-mercedes-cla-shooting-brake-2025-in-minder-dan-5-minuten\\\/#breadcrumb\"},\"inLanguage\":\"fr-FR\",\"potentialAction\":[{\"@type\":\"ReadAction\",\"target\":[\"https:\\\/\\\/www.link2fleet.com\\\/ontdek-de-mercedes-cla-shooting-brake-2025-in-minder-dan-5-minuten\\\/\"]}]},{\"@type\":\"ImageObject\",\"inLanguage\":\"fr-FR\",\"@id\":\"https:\\\/\\\/www.link2fleet.com\\\/ontdek-de-mercedes-cla-shooting-brake-2025-in-minder-dan-5-minuten\\\/#primaryimage\",\"url\":\"https:\\\/\\\/static.link2fleet.com\\\/wp-content\\\/uploads\\\/2025\\\/07\\\/mercedes-cla-shooting-brake-miniature.jpg\",\"contentUrl\":\"https:\\\/\\\/static.link2fleet.com\\\/wp-content\\\/uploads\\\/2025\\\/07\\\/mercedes-cla-shooting-brake-miniature.jpg\",\"width\":1280,\"height\":720},{\"@type\":\"BreadcrumbList\",\"@id\":\"https:\\\/\\\/www.link2fleet.com\\\/ontdek-de-mercedes-cla-shooting-brake-2025-in-minder-dan-5-minuten\\\/#breadcrumb\",\"itemListElement\":[{\"@type\":\"ListItem\",\"position\":1,\"name\":\"Home\",\"item\":\"https:\\\/\\\/www.link2fleet.com\\\/fr\\\/\"},{\"@type\":\"ListItem\",\"position\":2,\"name\":\"D\u00e9couvrez la Mercedes CLA Shooting Brake 2025 en moins de 5 minutes\"}]},{\"@type\":\"WebSite\",\"@id\":\"https:\\\/\\\/www.link2fleet.com\\\/fr\\\/#website\",\"url\":\"https:\\\/\\\/www.link2fleet.com\\\/fr\\\/\",\"name\":\"Link2fleet\",\"description\":\"\",\"publisher\":{\"@id\":\"https:\\\/\\\/www.link2fleet.com\\\/fr\\\/#organization\"},\"potentialAction\":[{\"@type\":\"SearchAction\",\"target\":{\"@type\":\"EntryPoint\",\"urlTemplate\":\"https:\\\/\\\/www.link2fleet.com\\\/fr\\\/?s={search_term_string}\"},\"query-input\":{\"@type\":\"PropertyValueSpecification\",\"valueRequired\":true,\"valueName\":\"search_term_string\"}}],\"inLanguage\":\"fr-FR\"},{\"@type\":\"Organization\",\"@id\":\"https:\\\/\\\/www.link2fleet.com\\\/fr\\\/#organization\",\"name\":\"Link2fleet\",\"url\":\"https:\\\/\\\/www.link2fleet.com\\\/fr\\\/\",\"logo\":{\"@type\":\"ImageObject\",\"inLanguage\":\"fr-FR\",\"@id\":\"https:\\\/\\\/www.link2fleet.com\\\/fr\\\/#\\\/schema\\\/logo\\\/image\\\/\",\"url\":\"https:\\\/\\\/static.link2fleet.com\\\/wp-content\\\/uploads\\\/2024\\\/03\\\/share-image.jpg\",\"contentUrl\":\"https:\\\/\\\/static.link2fleet.com\\\/wp-content\\\/uploads\\\/2024\\\/03\\\/share-image.jpg\",\"width\":1200,\"height\":630,\"caption\":\"Link2fleet\"},\"image\":{\"@id\":\"https:\\\/\\\/www.link2fleet.com\\\/fr\\\/#\\\/schema\\\/logo\\\/image\\\/\"},\"sameAs\":[\"https:\\\/\\\/www.linkedin.com\\\/company\\\/link2fleet-belgium\",\"https:\\\/\\\/www.youtube.com\\\/user\\\/MMMBMBE\"]},{\"@type\":\"Person\",\"@id\":\"https:\\\/\\\/www.link2fleet.com\\\/fr\\\/#\\\/schema\\\/person\\\/36f3d48d12a83e110d72b602b5bebc11\",\"name\":\"Maxime Pasture\",\"image\":{\"@type\":\"ImageObject\",\"inLanguage\":\"fr-FR\",\"@id\":\"https:\\\/\\\/secure.gravatar.com\\\/avatar\\\/a17c47a11dd3996c69a173e291c692b6a028e82349994bf0d9f60936c9795b9f?s=96&d=mm&r=g\",\"url\":\"https:\\\/\\\/secure.gravatar.com\\\/avatar\\\/a17c47a11dd3996c69a173e291c692b6a028e82349994bf0d9f60936c9795b9f?s=96&d=mm&r=g\",\"contentUrl\":\"https:\\\/\\\/secure.gravatar.com\\\/avatar\\\/a17c47a11dd3996c69a173e291c692b6a028e82349994bf0d9f60936c9795b9f?s=96&d=mm&r=g\",\"caption\":\"Maxime Pasture\"},\"description\":\"Journaliste de formation, Maxime est tr\u00e8s curieux mais surtout passionn\u00e9 d'automobile. Sa curiosit\u00e9 l'am\u00e8ne \u00e0 traiter de sujets divers et vari\u00e9s li\u00e9s \u00e0 la mobilit\u00e9 au sens large et bien plus encore !\"}]}<\/script>\n<!-- \/ Yoast SEO plugin. -->","yoast_head_json":{"title":"D\u00e9couvrez la Mercedes CLA Shooting Brake 2025 en moins de 5 minutes - link2fleet","description":"La d\u00e9clinaison break de la nouvelle Mercedes CLA sera commercialis\u00e9e \u00e0 la fin de cette ann\u00e9e, avec des premi\u00e8res livraisons courant 2026. Voici tout ce\u2026","robots":{"index":"index","follow":"follow","max-snippet":"max-snippet:-1","max-image-preview":"max-image-preview:large","max-video-preview":"max-video-preview:-1"},"og_locale":"fr_FR","og_type":"article","og_title":"D\u00e9couvrez la Mercedes CLA Shooting Brake 2025 en moins de 5 minutes - link2fleet","og_description":"La d\u00e9clinaison break de la nouvelle Mercedes CLA sera commercialis\u00e9e \u00e0 la fin de cette ann\u00e9e, avec des premi\u00e8res livraisons courant 2026. Voici tout ce\u2026","og_url":"https:\/\/www.link2fleet.com\/ontdek-de-mercedes-cla-shooting-brake-2025-in-minder-dan-5-minuten\/","og_site_name":"link2fleet","article_published_time":"2025-07-15T08:20:40+00:00","article_modified_time":"2025-07-15T09:08:53+00:00","og_image":[{"width":1280,"height":720,"url":"https:\/\/static.link2fleet.com\/wp-content\/uploads\/2025\/07\/mercedes-cla-shooting-brake-miniature.jpg","type":"image\/jpeg"}],"author":"Maxime Pasture","twitter_card":"summary_large_image","twitter_description":"La d\u00e9clinaison break de la nouvelle Mercedes CLA sera commercialis\u00e9e \u00e0 la fin de cette ann\u00e9e, avec des premi\u00e8res livraisons courant 2026. Voici tout ce\u2026","twitter_misc":{"\u00c9crit par":"Journaliste de formation, Maxime est tr\u00e8s curieux mais surtout passionn\u00e9 d'automobile. Sa curiosit\u00e9 l'am\u00e8ne \u00e0 traiter de sujets divers et vari\u00e9s li\u00e9s \u00e0 la mobilit\u00e9 au sens large et bien plus encore !","Dur\u00e9e de lecture estim\u00e9e":"1 minute"},"schema":{"@context":"https:\/\/schema.org","@graph":[{"@type":"Article","@id":"https:\/\/www.link2fleet.com\/ontdek-de-mercedes-cla-shooting-brake-2025-in-minder-dan-5-minuten\/#article","isPartOf":{"@id":"https:\/\/www.link2fleet.com\/ontdek-de-mercedes-cla-shooting-brake-2025-in-minder-dan-5-minuten\/"},"author":{"name":"Maxime Pasture","@id":"https:\/\/www.link2fleet.com\/fr\/#\/schema\/person\/36f3d48d12a83e110d72b602b5bebc11"},"headline":"D\u00e9couvrez la Mercedes CLA Shooting Brake 2025 en moins de 5 minutes","datePublished":"2025-07-15T08:20:40+00:00","dateModified":"2025-07-15T09:08:53+00:00","mainEntityOfPage":{"@id":"https:\/\/www.link2fleet.com\/ontdek-de-mercedes-cla-shooting-brake-2025-in-minder-dan-5-minuten\/"},"wordCount":11,"publisher":{"@id":"https:\/\/www.link2fleet.com\/fr\/#organization"},"image":{"@id":"https:\/\/www.link2fleet.com\/ontdek-de-mercedes-cla-shooting-brake-2025-in-minder-dan-5-minuten\/#primaryimage"},"thumbnailUrl":"https:\/\/static.link2fleet.com\/wp-content\/uploads\/2025\/07\/mercedes-cla-shooting-brake-miniature.jpg","keywords":["CLA","Mercedes","mercedes CLA","video"],"articleSection":["Actus","Importateurs et constructeurs","V\u00e9hicules"],"inLanguage":"fr-FR"},{"@type":"WebPage","@id":"https:\/\/www.link2fleet.com\/ontdek-de-mercedes-cla-shooting-brake-2025-in-minder-dan-5-minuten\/","url":"https:\/\/www.link2fleet.com\/ontdek-de-mercedes-cla-shooting-brake-2025-in-minder-dan-5-minuten\/","name":"D\u00e9couvrez la Mercedes CLA Shooting Brake 2025 en moins de 5 minutes - link2fleet","isPartOf":{"@id":"https:\/\/www.link2fleet.com\/fr\/#website"},"primaryImageOfPage":{"@id":"https:\/\/www.link2fleet.com\/ontdek-de-mercedes-cla-shooting-brake-2025-in-minder-dan-5-minuten\/#primaryimage"},"image":{"@id":"https:\/\/www.link2fleet.com\/ontdek-de-mercedes-cla-shooting-brake-2025-in-minder-dan-5-minuten\/#primaryimage"},"thumbnailUrl":"https:\/\/static.link2fleet.com\/wp-content\/uploads\/2025\/07\/mercedes-cla-shooting-brake-miniature.jpg","datePublished":"2025-07-15T08:20:40+00:00","dateModified":"2025-07-15T09:08:53+00:00","description":"La d\u00e9clinaison break de la nouvelle Mercedes CLA sera commercialis\u00e9e en fin de cette ann\u00e9e, avec une introduction sur le march\u00e9 en 2026.","breadcrumb":{"@id":"https:\/\/www.link2fleet.com\/ontdek-de-mercedes-cla-shooting-brake-2025-in-minder-dan-5-minuten\/#breadcrumb"},"inLanguage":"fr-FR","potentialAction":[{"@type":"ReadAction","target":["https:\/\/www.link2fleet.com\/ontdek-de-mercedes-cla-shooting-brake-2025-in-minder-dan-5-minuten\/"]}]},{"@type":"ImageObject","inLanguage":"fr-FR","@id":"https:\/\/www.link2fleet.com\/ontdek-de-mercedes-cla-shooting-brake-2025-in-minder-dan-5-minuten\/#primaryimage","url":"https:\/\/static.link2fleet.com\/wp-content\/uploads\/2025\/07\/mercedes-cla-shooting-brake-miniature.jpg","contentUrl":"https:\/\/static.link2fleet.com\/wp-content\/uploads\/2025\/07\/mercedes-cla-shooting-brake-miniature.jpg","width":1280,"height":720},{"@type":"BreadcrumbList","@id":"https:\/\/www.link2fleet.com\/ontdek-de-mercedes-cla-shooting-brake-2025-in-minder-dan-5-minuten\/#breadcrumb","itemListElement":[{"@type":"ListItem","position":1,"name":"Home","item":"https:\/\/www.link2fleet.com\/fr\/"},{"@type":"ListItem","position":2,"name":"D\u00e9couvrez la Mercedes CLA Shooting Brake 2025 en moins de 5 minutes"}]},{"@type":"WebSite","@id":"https:\/\/www.link2fleet.com\/fr\/#website","url":"https:\/\/www.link2fleet.com\/fr\/","name":"Link2fleet","description":"","publisher":{"@id":"https:\/\/www.link2fleet.com\/fr\/#organization"},"potentialAction":[{"@type":"SearchAction","target":{"@type":"EntryPoint","urlTemplate":"https:\/\/www.link2fleet.com\/fr\/?s={search_term_string}"},"query-input":{"@type":"PropertyValueSpecification","valueRequired":true,"valueName":"search_term_string"}}],"inLanguage":"fr-FR"},{"@type":"Organization","@id":"https:\/\/www.link2fleet.com\/fr\/#organization","name":"Link2fleet","url":"https:\/\/www.link2fleet.com\/fr\/","logo":{"@type":"ImageObject","inLanguage":"fr-FR","@id":"https:\/\/www.link2fleet.com\/fr\/#\/schema\/logo\/image\/","url":"https:\/\/static.link2fleet.com\/wp-content\/uploads\/2024\/03\/share-image.jpg","contentUrl":"https:\/\/static.link2fleet.com\/wp-content\/uploads\/2024\/03\/share-image.jpg","width":1200,"height":630,"caption":"Link2fleet"},"image":{"@id":"https:\/\/www.link2fleet.com\/fr\/#\/schema\/logo\/image\/"},"sameAs":["https:\/\/www.linkedin.com\/company\/link2fleet-belgium","https:\/\/www.youtube.com\/user\/MMMBMBE"]},{"@type":"Person","@id":"https:\/\/www.link2fleet.com\/fr\/#\/schema\/person\/36f3d48d12a83e110d72b602b5bebc11","name":"Maxime Pasture","image":{"@type":"ImageObject","inLanguage":"fr-FR","@id":"https:\/\/secure.gravatar.com\/avatar\/a17c47a11dd3996c69a173e291c692b6a028e82349994bf0d9f60936c9795b9f?s=96&d=mm&r=g","url":"https:\/\/secure.gravatar.com\/avatar\/a17c47a11dd3996c69a173e291c692b6a028e82349994bf0d9f60936c9795b9f?s=96&d=mm&r=g","contentUrl":"https:\/\/secure.gravatar.com\/avatar\/a17c47a11dd3996c69a173e291c692b6a028e82349994bf0d9f60936c9795b9f?s=96&d=mm&r=g","caption":"Maxime Pasture"},"description":"Journaliste de formation, Maxime est tr\u00e8s curieux mais surtout passionn\u00e9 d'automobile. Sa curiosit\u00e9 l'am\u00e8ne \u00e0 traiter de sujets divers et vari\u00e9s li\u00e9s \u00e0 la mobilit\u00e9 au sens large et bien plus encore !"}]}},"_links":{"self":[{"href":"https:\/\/www.link2fleet.com\/fr\/wp-json\/wp\/v2\/posts\/53635","targetHints":{"allow":["GET"]}}],"collection":[{"href":"https:\/\/www.link2fleet.com\/fr\/wp-json\/wp\/v2\/posts"}],"about":[{"href":"https:\/\/www.link2fleet.com\/fr\/wp-json\/wp\/v2\/types\/post"}],"author":[{"embeddable":true,"href":"https:\/\/www.link2fleet.com\/fr\/wp-json\/wp\/v2\/users\/18"}],"replies":[{"embeddable":true,"href":"https:\/\/www.link2fleet.com\/fr\/wp-json\/wp\/v2\/comments?post=53635"}],"version-history":[{"count":6,"href":"https:\/\/www.link2fleet.com\/fr\/wp-json\/wp\/v2\/posts\/53635\/revisions"}],"predecessor-version":[{"id":53652,"href":"https:\/\/www.link2fleet.com\/fr\/wp-json\/wp\/v2\/posts\/53635\/revisions\/53652"}],"wp:featuredmedia":[{"embeddable":true,"href":"https:\/\/www.link2fleet.com\/fr\/wp-json\/wp\/v2\/media\/53637"}],"wp:attachment":[{"href":"https:\/\/www.link2fleet.com\/fr\/wp-json\/wp\/v2\/media?parent=53635"}],"wp:term":[{"taxonomy":"category","embeddable":true,"href":"https:\/\/www.link2fleet.com\/fr\/wp-json\/wp\/v2\/categories?post=53635"},{"taxonomy":"post_tag","embeddable":true,"href":"https:\/\/www.link2fleet.com\/fr\/wp-json\/wp\/v2\/tags?post=53635"}],"curies":[{"name":"wp","href":"https:\/\/api.w.org\/{rel}","templated":true}]}}