{"id":53673,"date":"2025-07-15T13:08:43","date_gmt":"2025-07-15T11:08:43","guid":{"rendered":"https:\/\/www.link2fleet.com\/?p=53673"},"modified":"2025-11-18T10:26:01","modified_gmt":"2025-11-18T09:26:01","slug":"ford-lance-une-version-cargo-utilitaire-de-son-explorer","status":"publish","type":"post","link":"https:\/\/www.link2fleet.com\/fr\/ford-lance-une-version-cargo-utilitaire-de-son-explorer\/","title":{"rendered":"Ford lance une version cargo utilitaire de son Explorer"},"content":{"rendered":"","protected":false},"excerpt":{"rendered":"","protected":false},"author":4,"featured_media":53674,"comment_status":"closed","ping_status":"closed","sticky":false,"template":"","format":"standard","meta":{"_acf_changed":false,"footnotes":""},"categories":[77,1501,76],"tags":[],"class_list":["post-53673","post","type-post","status-publish","format-standard","has-post-thumbnail","hentry","category-importateurs-et-constructeurs-automobiles-vp","category-lcv","category-car"],"acf":[],"yoast_head":"<!-- This site is optimized with the Yoast SEO plugin v27.3 - https:\/\/yoast.com\/product\/yoast-seo-wordpress\/ -->\n<title>Ford lance une version cargo utilitaire de son Explorer - link2fleet<\/title>\n<meta name=\"description\" content=\"Ford dispose d\u00e9j\u00e0 d&rsquo;une large gamme de v\u00e9hicules utilitaires \u00e9lectriques (E-Courier, E-Transit Custom, E-Transit), mais la marque propose aujourd&rsquo;hui un mod\u00e8le suppl\u00e9mentaire bas\u00e9 sur le\u2026\" \/>\n<meta name=\"robots\" content=\"index, follow, max-snippet:-1, max-image-preview:large, max-video-preview:-1\" \/>\n<meta property=\"og:locale\" content=\"fr_FR\" \/>\n<meta property=\"og:type\" content=\"article\" \/>\n<meta property=\"og:title\" content=\"Ford lance une version cargo utilitaire de son Explorer - link2fleet\" \/>\n<meta property=\"og:description\" content=\"Ford dispose d\u00e9j\u00e0 d&rsquo;une large gamme de v\u00e9hicules utilitaires \u00e9lectriques (E-Courier, E-Transit Custom, E-Transit), mais la marque propose aujourd&rsquo;hui un mod\u00e8le suppl\u00e9mentaire bas\u00e9 sur le\u2026\" \/>\n<meta property=\"og:url\" content=\"https:\/\/www.link2fleet.com\/fr\/ford-lance-une-version-cargo-utilitaire-de-son-explorer\/\" \/>\n<meta property=\"og:site_name\" content=\"link2fleet\" \/>\n<meta property=\"article:published_time\" content=\"2025-07-15T11:08:43+00:00\" \/>\n<meta property=\"article:modified_time\" content=\"2025-11-18T09:26:01+00:00\" \/>\n<meta property=\"og:image\" content=\"https:\/\/static.link2fleet.com\/wp-content\/uploads\/2025\/07\/explorer-cargo-1.jpg\" \/>\n\t<meta property=\"og:image:width\" content=\"813\" \/>\n\t<meta property=\"og:image:height\" content=\"627\" \/>\n\t<meta property=\"og:image:type\" content=\"image\/jpeg\" \/>\n<meta name=\"author\" content=\"Damien Malvetti\" \/>\n<meta name=\"twitter:card\" content=\"summary_large_image\" \/>\n<meta name=\"twitter:description\" content=\"Ford dispose d\u00e9j\u00e0 d&rsquo;une large gamme de v\u00e9hicules utilitaires \u00e9lectriques (E-Courier, E-Transit Custom, E-Transit), mais la marque propose aujourd&rsquo;hui un mod\u00e8le suppl\u00e9mentaire bas\u00e9 sur le\u2026\" \/>\n<meta name=\"twitter:label1\" content=\"\u00c9crit par\" \/>\n\t<meta name=\"twitter:data1\" content=\"Damien Malvetti\" \/>\n\t<meta name=\"twitter:label2\" content=\"Dur\u00e9e de lecture estim\u00e9e\" \/>\n\t<meta name=\"twitter:data2\" content=\"2 minutes\" \/>\n<script type=\"application\/ld+json\" class=\"yoast-schema-graph\">{\"@context\":\"https:\\\/\\\/schema.org\",\"@graph\":[{\"@type\":\"Article\",\"@id\":\"https:\\\/\\\/www.link2fleet.com\\\/fr\\\/ford-lance-une-version-cargo-utilitaire-de-son-explorer\\\/#article\",\"isPartOf\":{\"@id\":\"https:\\\/\\\/www.link2fleet.com\\\/fr\\\/ford-lance-une-version-cargo-utilitaire-de-son-explorer\\\/\"},\"author\":{\"name\":\"Damien Malvetti\",\"@id\":\"https:\\\/\\\/www.link2fleet.com\\\/fr\\\/#\\\/schema\\\/person\\\/027cd46113c78036b3809c9a054049da\"},\"headline\":\"Ford lance une version cargo utilitaire de son Explorer\",\"datePublished\":\"2025-07-15T11:08:43+00:00\",\"dateModified\":\"2025-11-18T09:26:01+00:00\",\"mainEntityOfPage\":{\"@id\":\"https:\\\/\\\/www.link2fleet.com\\\/fr\\\/ford-lance-une-version-cargo-utilitaire-de-son-explorer\\\/\"},\"wordCount\":9,\"publisher\":{\"@id\":\"https:\\\/\\\/www.link2fleet.com\\\/fr\\\/#organization\"},\"image\":{\"@id\":\"https:\\\/\\\/www.link2fleet.com\\\/fr\\\/ford-lance-une-version-cargo-utilitaire-de-son-explorer\\\/#primaryimage\"},\"thumbnailUrl\":\"https:\\\/\\\/static.link2fleet.com\\\/wp-content\\\/uploads\\\/2025\\\/07\\\/explorer-cargo-1.jpg\",\"articleSection\":[\"Importateurs et constructeurs\",\"LCV\",\"V\u00e9hicules\"],\"inLanguage\":\"fr-FR\"},{\"@type\":\"WebPage\",\"@id\":\"https:\\\/\\\/www.link2fleet.com\\\/fr\\\/ford-lance-une-version-cargo-utilitaire-de-son-explorer\\\/\",\"url\":\"https:\\\/\\\/www.link2fleet.com\\\/fr\\\/ford-lance-une-version-cargo-utilitaire-de-son-explorer\\\/\",\"name\":\"Ford lance une version cargo utilitaire de son Explorer - link2fleet\",\"isPartOf\":{\"@id\":\"https:\\\/\\\/www.link2fleet.com\\\/fr\\\/#website\"},\"primaryImageOfPage\":{\"@id\":\"https:\\\/\\\/www.link2fleet.com\\\/fr\\\/ford-lance-une-version-cargo-utilitaire-de-son-explorer\\\/#primaryimage\"},\"image\":{\"@id\":\"https:\\\/\\\/www.link2fleet.com\\\/fr\\\/ford-lance-une-version-cargo-utilitaire-de-son-explorer\\\/#primaryimage\"},\"thumbnailUrl\":\"https:\\\/\\\/static.link2fleet.com\\\/wp-content\\\/uploads\\\/2025\\\/07\\\/explorer-cargo-1.jpg\",\"datePublished\":\"2025-07-15T11:08:43+00:00\",\"dateModified\":\"2025-11-18T09:26:01+00:00\",\"description\":\"Ford dispose d\u00e9j\u00e0 d'une large gamme de v\u00e9hicules utilitaires \u00e9lectriques, mais la marque propose aujourd'hui un mod\u00e8le suppl\u00e9mentaire.\",\"breadcrumb\":{\"@id\":\"https:\\\/\\\/www.link2fleet.com\\\/fr\\\/ford-lance-une-version-cargo-utilitaire-de-son-explorer\\\/#breadcrumb\"},\"inLanguage\":\"fr-FR\",\"potentialAction\":[{\"@type\":\"ReadAction\",\"target\":[\"https:\\\/\\\/www.link2fleet.com\\\/fr\\\/ford-lance-une-version-cargo-utilitaire-de-son-explorer\\\/\"]}]},{\"@type\":\"ImageObject\",\"inLanguage\":\"fr-FR\",\"@id\":\"https:\\\/\\\/www.link2fleet.com\\\/fr\\\/ford-lance-une-version-cargo-utilitaire-de-son-explorer\\\/#primaryimage\",\"url\":\"https:\\\/\\\/static.link2fleet.com\\\/wp-content\\\/uploads\\\/2025\\\/07\\\/explorer-cargo-1.jpg\",\"contentUrl\":\"https:\\\/\\\/static.link2fleet.com\\\/wp-content\\\/uploads\\\/2025\\\/07\\\/explorer-cargo-1.jpg\",\"width\":813,\"height\":627},{\"@type\":\"BreadcrumbList\",\"@id\":\"https:\\\/\\\/www.link2fleet.com\\\/fr\\\/ford-lance-une-version-cargo-utilitaire-de-son-explorer\\\/#breadcrumb\",\"itemListElement\":[{\"@type\":\"ListItem\",\"position\":1,\"name\":\"Home\",\"item\":\"https:\\\/\\\/www.link2fleet.com\\\/fr\\\/\"},{\"@type\":\"ListItem\",\"position\":2,\"name\":\"Ford lance une version cargo utilitaire de son Explorer\"}]},{\"@type\":\"WebSite\",\"@id\":\"https:\\\/\\\/www.link2fleet.com\\\/fr\\\/#website\",\"url\":\"https:\\\/\\\/www.link2fleet.com\\\/fr\\\/\",\"name\":\"Link2fleet\",\"description\":\"\",\"publisher\":{\"@id\":\"https:\\\/\\\/www.link2fleet.com\\\/fr\\\/#organization\"},\"potentialAction\":[{\"@type\":\"SearchAction\",\"target\":{\"@type\":\"EntryPoint\",\"urlTemplate\":\"https:\\\/\\\/www.link2fleet.com\\\/fr\\\/?s={search_term_string}\"},\"query-input\":{\"@type\":\"PropertyValueSpecification\",\"valueRequired\":true,\"valueName\":\"search_term_string\"}}],\"inLanguage\":\"fr-FR\"},{\"@type\":\"Organization\",\"@id\":\"https:\\\/\\\/www.link2fleet.com\\\/fr\\\/#organization\",\"name\":\"Link2fleet\",\"url\":\"https:\\\/\\\/www.link2fleet.com\\\/fr\\\/\",\"logo\":{\"@type\":\"ImageObject\",\"inLanguage\":\"fr-FR\",\"@id\":\"https:\\\/\\\/www.link2fleet.com\\\/fr\\\/#\\\/schema\\\/logo\\\/image\\\/\",\"url\":\"https:\\\/\\\/static.link2fleet.com\\\/wp-content\\\/uploads\\\/2024\\\/03\\\/share-image.jpg\",\"contentUrl\":\"https:\\\/\\\/static.link2fleet.com\\\/wp-content\\\/uploads\\\/2024\\\/03\\\/share-image.jpg\",\"width\":1200,\"height\":630,\"caption\":\"Link2fleet\"},\"image\":{\"@id\":\"https:\\\/\\\/www.link2fleet.com\\\/fr\\\/#\\\/schema\\\/logo\\\/image\\\/\"},\"sameAs\":[\"https:\\\/\\\/www.linkedin.com\\\/company\\\/link2fleet-belgium\",\"https:\\\/\\\/www.youtube.com\\\/user\\\/MMMBMBE\"]},{\"@type\":\"Person\",\"@id\":\"https:\\\/\\\/www.link2fleet.com\\\/fr\\\/#\\\/schema\\\/person\\\/027cd46113c78036b3809c9a054049da\",\"name\":\"Damien Malvetti\",\"image\":{\"@type\":\"ImageObject\",\"inLanguage\":\"fr-FR\",\"@id\":\"https:\\\/\\\/secure.gravatar.com\\\/avatar\\\/dd8cc03b49466c735f753ac37f8caa371af16dfed347456ed61f02883255eebb?s=96&d=mm&r=g\",\"url\":\"https:\\\/\\\/secure.gravatar.com\\\/avatar\\\/dd8cc03b49466c735f753ac37f8caa371af16dfed347456ed61f02883255eebb?s=96&d=mm&r=g\",\"contentUrl\":\"https:\\\/\\\/secure.gravatar.com\\\/avatar\\\/dd8cc03b49466c735f753ac37f8caa371af16dfed347456ed61f02883255eebb?s=96&d=mm&r=g\",\"caption\":\"Damien Malvetti\"},\"description\":\"Damien Malvetti is opgeleid als journalist en gepassioneerd door wagens, technologie en mobiliteit. Hij is verantwoordelijk voor de redactionele inhoud van link2fleet en beschikt over een uitgebreide kennis van de fleet-sector en elektrische mobiliteit.\",\"sameAs\":[\"https:\\\/\\\/www.linkedin.com\\\/in\\\/damien-malvetti-56601142\\\/\"]}]}<\/script>\n<!-- \/ Yoast SEO plugin. -->","yoast_head_json":{"title":"Ford lance une version cargo utilitaire de son Explorer - link2fleet","description":"Ford dispose d\u00e9j\u00e0 d&rsquo;une large gamme de v\u00e9hicules utilitaires \u00e9lectriques (E-Courier, E-Transit Custom, E-Transit), mais la marque propose aujourd&rsquo;hui un mod\u00e8le suppl\u00e9mentaire bas\u00e9 sur le\u2026","robots":{"index":"index","follow":"follow","max-snippet":"max-snippet:-1","max-image-preview":"max-image-preview:large","max-video-preview":"max-video-preview:-1"},"og_locale":"fr_FR","og_type":"article","og_title":"Ford lance une version cargo utilitaire de son Explorer - link2fleet","og_description":"Ford dispose d\u00e9j\u00e0 d&rsquo;une large gamme de v\u00e9hicules utilitaires \u00e9lectriques (E-Courier, E-Transit Custom, E-Transit), mais la marque propose aujourd&rsquo;hui un mod\u00e8le suppl\u00e9mentaire bas\u00e9 sur le\u2026","og_url":"https:\/\/www.link2fleet.com\/fr\/ford-lance-une-version-cargo-utilitaire-de-son-explorer\/","og_site_name":"link2fleet","article_published_time":"2025-07-15T11:08:43+00:00","article_modified_time":"2025-11-18T09:26:01+00:00","og_image":[{"width":813,"height":627,"url":"https:\/\/static.link2fleet.com\/wp-content\/uploads\/2025\/07\/explorer-cargo-1.jpg","type":"image\/jpeg"}],"author":"Damien Malvetti","twitter_card":"summary_large_image","twitter_description":"Ford dispose d\u00e9j\u00e0 d&rsquo;une large gamme de v\u00e9hicules utilitaires \u00e9lectriques (E-Courier, E-Transit Custom, E-Transit), mais la marque propose aujourd&rsquo;hui un mod\u00e8le suppl\u00e9mentaire bas\u00e9 sur le\u2026","twitter_misc":{"\u00c9crit par":"Damien Malvetti","Dur\u00e9e de lecture estim\u00e9e":"2 minutes"},"schema":{"@context":"https:\/\/schema.org","@graph":[{"@type":"Article","@id":"https:\/\/www.link2fleet.com\/fr\/ford-lance-une-version-cargo-utilitaire-de-son-explorer\/#article","isPartOf":{"@id":"https:\/\/www.link2fleet.com\/fr\/ford-lance-une-version-cargo-utilitaire-de-son-explorer\/"},"author":{"name":"Damien Malvetti","@id":"https:\/\/www.link2fleet.com\/fr\/#\/schema\/person\/027cd46113c78036b3809c9a054049da"},"headline":"Ford lance une version cargo utilitaire de son Explorer","datePublished":"2025-07-15T11:08:43+00:00","dateModified":"2025-11-18T09:26:01+00:00","mainEntityOfPage":{"@id":"https:\/\/www.link2fleet.com\/fr\/ford-lance-une-version-cargo-utilitaire-de-son-explorer\/"},"wordCount":9,"publisher":{"@id":"https:\/\/www.link2fleet.com\/fr\/#organization"},"image":{"@id":"https:\/\/www.link2fleet.com\/fr\/ford-lance-une-version-cargo-utilitaire-de-son-explorer\/#primaryimage"},"thumbnailUrl":"https:\/\/static.link2fleet.com\/wp-content\/uploads\/2025\/07\/explorer-cargo-1.jpg","articleSection":["Importateurs et constructeurs","LCV","V\u00e9hicules"],"inLanguage":"fr-FR"},{"@type":"WebPage","@id":"https:\/\/www.link2fleet.com\/fr\/ford-lance-une-version-cargo-utilitaire-de-son-explorer\/","url":"https:\/\/www.link2fleet.com\/fr\/ford-lance-une-version-cargo-utilitaire-de-son-explorer\/","name":"Ford lance une version cargo utilitaire de son Explorer - link2fleet","isPartOf":{"@id":"https:\/\/www.link2fleet.com\/fr\/#website"},"primaryImageOfPage":{"@id":"https:\/\/www.link2fleet.com\/fr\/ford-lance-une-version-cargo-utilitaire-de-son-explorer\/#primaryimage"},"image":{"@id":"https:\/\/www.link2fleet.com\/fr\/ford-lance-une-version-cargo-utilitaire-de-son-explorer\/#primaryimage"},"thumbnailUrl":"https:\/\/static.link2fleet.com\/wp-content\/uploads\/2025\/07\/explorer-cargo-1.jpg","datePublished":"2025-07-15T11:08:43+00:00","dateModified":"2025-11-18T09:26:01+00:00","description":"Ford dispose d\u00e9j\u00e0 d'une large gamme de v\u00e9hicules utilitaires \u00e9lectriques, mais la marque propose aujourd'hui un mod\u00e8le suppl\u00e9mentaire.","breadcrumb":{"@id":"https:\/\/www.link2fleet.com\/fr\/ford-lance-une-version-cargo-utilitaire-de-son-explorer\/#breadcrumb"},"inLanguage":"fr-FR","potentialAction":[{"@type":"ReadAction","target":["https:\/\/www.link2fleet.com\/fr\/ford-lance-une-version-cargo-utilitaire-de-son-explorer\/"]}]},{"@type":"ImageObject","inLanguage":"fr-FR","@id":"https:\/\/www.link2fleet.com\/fr\/ford-lance-une-version-cargo-utilitaire-de-son-explorer\/#primaryimage","url":"https:\/\/static.link2fleet.com\/wp-content\/uploads\/2025\/07\/explorer-cargo-1.jpg","contentUrl":"https:\/\/static.link2fleet.com\/wp-content\/uploads\/2025\/07\/explorer-cargo-1.jpg","width":813,"height":627},{"@type":"BreadcrumbList","@id":"https:\/\/www.link2fleet.com\/fr\/ford-lance-une-version-cargo-utilitaire-de-son-explorer\/#breadcrumb","itemListElement":[{"@type":"ListItem","position":1,"name":"Home","item":"https:\/\/www.link2fleet.com\/fr\/"},{"@type":"ListItem","position":2,"name":"Ford lance une version cargo utilitaire de son Explorer"}]},{"@type":"WebSite","@id":"https:\/\/www.link2fleet.com\/fr\/#website","url":"https:\/\/www.link2fleet.com\/fr\/","name":"Link2fleet","description":"","publisher":{"@id":"https:\/\/www.link2fleet.com\/fr\/#organization"},"potentialAction":[{"@type":"SearchAction","target":{"@type":"EntryPoint","urlTemplate":"https:\/\/www.link2fleet.com\/fr\/?s={search_term_string}"},"query-input":{"@type":"PropertyValueSpecification","valueRequired":true,"valueName":"search_term_string"}}],"inLanguage":"fr-FR"},{"@type":"Organization","@id":"https:\/\/www.link2fleet.com\/fr\/#organization","name":"Link2fleet","url":"https:\/\/www.link2fleet.com\/fr\/","logo":{"@type":"ImageObject","inLanguage":"fr-FR","@id":"https:\/\/www.link2fleet.com\/fr\/#\/schema\/logo\/image\/","url":"https:\/\/static.link2fleet.com\/wp-content\/uploads\/2024\/03\/share-image.jpg","contentUrl":"https:\/\/static.link2fleet.com\/wp-content\/uploads\/2024\/03\/share-image.jpg","width":1200,"height":630,"caption":"Link2fleet"},"image":{"@id":"https:\/\/www.link2fleet.com\/fr\/#\/schema\/logo\/image\/"},"sameAs":["https:\/\/www.linkedin.com\/company\/link2fleet-belgium","https:\/\/www.youtube.com\/user\/MMMBMBE"]},{"@type":"Person","@id":"https:\/\/www.link2fleet.com\/fr\/#\/schema\/person\/027cd46113c78036b3809c9a054049da","name":"Damien Malvetti","image":{"@type":"ImageObject","inLanguage":"fr-FR","@id":"https:\/\/secure.gravatar.com\/avatar\/dd8cc03b49466c735f753ac37f8caa371af16dfed347456ed61f02883255eebb?s=96&d=mm&r=g","url":"https:\/\/secure.gravatar.com\/avatar\/dd8cc03b49466c735f753ac37f8caa371af16dfed347456ed61f02883255eebb?s=96&d=mm&r=g","contentUrl":"https:\/\/secure.gravatar.com\/avatar\/dd8cc03b49466c735f753ac37f8caa371af16dfed347456ed61f02883255eebb?s=96&d=mm&r=g","caption":"Damien Malvetti"},"description":"Damien Malvetti is opgeleid als journalist en gepassioneerd door wagens, technologie en mobiliteit. Hij is verantwoordelijk voor de redactionele inhoud van link2fleet en beschikt over een uitgebreide kennis van de fleet-sector en elektrische mobiliteit.","sameAs":["https:\/\/www.linkedin.com\/in\/damien-malvetti-56601142\/"]}]}},"_links":{"self":[{"href":"https:\/\/www.link2fleet.com\/fr\/wp-json\/wp\/v2\/posts\/53673","targetHints":{"allow":["GET"]}}],"collection":[{"href":"https:\/\/www.link2fleet.com\/fr\/wp-json\/wp\/v2\/posts"}],"about":[{"href":"https:\/\/www.link2fleet.com\/fr\/wp-json\/wp\/v2\/types\/post"}],"author":[{"embeddable":true,"href":"https:\/\/www.link2fleet.com\/fr\/wp-json\/wp\/v2\/users\/4"}],"replies":[{"embeddable":true,"href":"https:\/\/www.link2fleet.com\/fr\/wp-json\/wp\/v2\/comments?post=53673"}],"version-history":[{"count":3,"href":"https:\/\/www.link2fleet.com\/fr\/wp-json\/wp\/v2\/posts\/53673\/revisions"}],"predecessor-version":[{"id":53759,"href":"https:\/\/www.link2fleet.com\/fr\/wp-json\/wp\/v2\/posts\/53673\/revisions\/53759"}],"wp:featuredmedia":[{"embeddable":true,"href":"https:\/\/www.link2fleet.com\/fr\/wp-json\/wp\/v2\/media\/53674"}],"wp:attachment":[{"href":"https:\/\/www.link2fleet.com\/fr\/wp-json\/wp\/v2\/media?parent=53673"}],"wp:term":[{"taxonomy":"category","embeddable":true,"href":"https:\/\/www.link2fleet.com\/fr\/wp-json\/wp\/v2\/categories?post=53673"},{"taxonomy":"post_tag","embeddable":true,"href":"https:\/\/www.link2fleet.com\/fr\/wp-json\/wp\/v2\/tags?post=53673"}],"curies":[{"name":"wp","href":"https:\/\/api.w.org\/{rel}","templated":true}]}}