{"id":5371,"date":"2022-01-06T06:45:01","date_gmt":"2022-01-06T05:45:01","guid":{"rendered":"https:\/\/www.link2fleet.com\/leaseplan-va-etre-absorbee-par-ald-automotive-pour-creer-un-groupe-leader-en-mobilite\/"},"modified":"2024-04-17T16:48:15","modified_gmt":"2024-04-17T14:48:15","slug":"leaseplan-va-etre-absorbee-par-ald-automotive-pour-creer-un-groupe-leader-en-mobilite","status":"publish","type":"post","link":"https:\/\/www.link2fleet.com\/fr\/leaseplan-va-etre-absorbee-par-ald-automotive-pour-creer-un-groupe-leader-en-mobilite\/","title":{"rendered":"LeasePlan va \u00eatre absorb\u00e9e par ALD Automotive pour cr\u00e9er un groupe leader en mobilit\u00e9"},"content":{"rendered":"<p>La banque fran\u00e7aise a annonc\u00e9 jeudi que des protocoles d&rsquo;accord ont \u00e9t\u00e9 sign\u00e9s en ce sens et Soci\u00e9t\u00e9 G\u00e9n\u00e9rale restera actionnaire majoritaire du nouvel ensemble avec 53% du capital, tandis que les actionnaires de LeasePlan recevront une participation de 30,75% dans le cadre du paiement en titres.<\/p>\n<p>Le but de ce regroupement est de faire de NewALD un acteur de premier plan mondial dans le domaine de la mobilit\u00e9 gr\u00e2ce \u00e0 une flotte totale de 3,5 millions de v\u00e9hicules. La capacit\u00e9 accrue d\u2019investissement et de d\u00e9veloppement de nouveaux services de mobilit\u00e9 et de services connexes permettrait \u00e0 NewALD d\u2019\u00e9laborer de nouveaux mod\u00e8les d\u2019affaires digitaux fond\u00e9s sur des comp\u00e9tences cl\u00e9s sur l\u2019ensemble de la cha\u00eene de valeur et des solutions digitales innovantes pour toutes les cat\u00e9gories de clients, produits et services.<\/p>\n<p>En nouant de nouveaux partenariats mondiaux autour de services novateurs pour les v\u00e9hicules \u00e9lectriques, la cr\u00e9ation de NewALD acc\u00e9l\u00e8rerait le d\u00e9ploiement de solutions multi-cycles, flexibles et multi-modales, assurerait une rapidit\u00e9 de mise sur le march\u00e9 de solutions innovantes et durables de mobilit\u00e9, et guiderait la transition vers les v\u00e9hicules \u00e9lectriques tant au niveau des entreprises que des particuliers.<\/p>\n<p>\u00ab\u00a0Ce projet structurant marquerait une \u00e9tape majeure dans la cr\u00e9ation d\u2019un leader mondial dans le secteur de la mobilit\u00e9, b\u00e9n\u00e9ficiant d\u2019expertises tr\u00e8s compl\u00e9mentaires et de synergies. Disposant de capacit\u00e9s d\u2019investissement renforc\u00e9es et de savoir-faire diff\u00e9renciants, l\u2019entit\u00e9 combin\u00e9e serait particuli\u00e8rement bien positionn\u00e9e pour tirer avantage des tendances de fond sur ce march\u00e9, \u00e0 savoir l\u2019\u00e9volution des besoins des clients de la propri\u00e9t\u00e9 du v\u00e9hicule \u00e0 son usage, la bascule des flottes de v\u00e9hicules vers les v\u00e9hicules \u00e9lectriques et le recours croissant aux technologies num\u00e9riques permettant d\u2019enrichir les services apport\u00e9s. Ce projet serait parfaitement coh\u00e9rent avec la raison d\u2019\u00eatre du groupe Soci\u00e9t\u00e9 G\u00e9n\u00e9rale et notamment d\u2019accompagner de mani\u00e8re active et engag\u00e9e les \u00e9conomies et ses clients dans la transition \u00e9nerg\u00e9tique\u00a0\u00bb, explique-t-on du c\u00f4t\u00e9 d&rsquo;ALD.<\/p>\n<p>Gr\u00e2ce \u00e0 cette transition, NewALD esp\u00e8re une croissance annuelle de sa flotte de 6%.<\/p>\n<p>&nbsp;<\/p>\n","protected":false},"excerpt":{"rendered":"<p>La banque fran\u00e7aise a annonc\u00e9 jeudi que des protocoles d&rsquo;accord ont \u00e9t\u00e9 sign\u00e9s en ce sens et Soci\u00e9t\u00e9 G\u00e9n\u00e9rale restera actionnaire majoritaire du nouvel ensemble avec 53% du capital, tandis que les actionnaires de LeasePlan recevront une participation de 30,75% dans le cadre du paiement en titres. Le but de ce regroupement est de faire [&hellip;]<\/p>\n","protected":false},"author":4,"featured_media":2970,"comment_status":"closed","ping_status":"closed","sticky":false,"template":"","format":"standard","meta":{"_acf_changed":false,"footnotes":""},"categories":[91,79],"tags":[],"class_list":["post-5371","post","type-post","status-publish","format-standard","has-post-thumbnail","hentry","category-expertise-et-management","category-societes-de-leasing"],"acf":[],"yoast_head":"<!-- This site is optimized with the Yoast SEO plugin v27.3 - https:\/\/yoast.com\/product\/yoast-seo-wordpress\/ -->\n<title>LeasePlan va \u00eatre absorb\u00e9e par ALD Automotive pour cr\u00e9er un groupe leader en mobilit\u00e9 - link2fleet<\/title>\n<meta name=\"description\" content=\"ALD Automotive, via sa soci\u00e9t\u00e9-m\u00e8re Soci\u00e9t\u00e9 G\u00e9n\u00e9rale, va acqu\u00e9rir son concurrent LeasePlan pour 4,9 milliards d&rsquo;euros. Le but? Regrouper les deux loueurs dans un grand\u2026\" \/>\n<meta name=\"robots\" content=\"index, follow, max-snippet:-1, max-image-preview:large, max-video-preview:-1\" \/>\n<meta property=\"og:locale\" content=\"fr_FR\" \/>\n<meta property=\"og:type\" content=\"article\" \/>\n<meta property=\"og:title\" content=\"LeasePlan va \u00eatre absorb\u00e9e par ALD Automotive pour cr\u00e9er un groupe leader en mobilit\u00e9 - link2fleet\" \/>\n<meta property=\"og:description\" content=\"ALD Automotive, via sa soci\u00e9t\u00e9-m\u00e8re Soci\u00e9t\u00e9 G\u00e9n\u00e9rale, va acqu\u00e9rir son concurrent LeasePlan pour 4,9 milliards d&rsquo;euros. Le but? Regrouper les deux loueurs dans un grand\u2026\" \/>\n<meta property=\"og:url\" content=\"https:\/\/www.link2fleet.com\/fr\/leaseplan-va-etre-absorbee-par-ald-automotive-pour-creer-un-groupe-leader-en-mobilite\/\" \/>\n<meta property=\"og:site_name\" content=\"link2fleet\" \/>\n<meta property=\"article:published_time\" content=\"2022-01-06T05:45:01+00:00\" \/>\n<meta property=\"article:modified_time\" content=\"2024-04-17T14:48:15+00:00\" \/>\n<meta property=\"og:image\" content=\"https:\/\/static.link2fleet.com\/wp-content\/uploads\/2024\/03\/ald-automotive.jpg\" \/>\n\t<meta property=\"og:image:width\" content=\"582\" \/>\n\t<meta property=\"og:image:height\" content=\"370\" \/>\n\t<meta property=\"og:image:type\" content=\"image\/jpeg\" \/>\n<meta name=\"author\" content=\"Damien Malvetti\" \/>\n<meta name=\"twitter:card\" content=\"summary_large_image\" \/>\n<meta name=\"twitter:description\" content=\"ALD Automotive, via sa soci\u00e9t\u00e9-m\u00e8re Soci\u00e9t\u00e9 G\u00e9n\u00e9rale, va acqu\u00e9rir son concurrent LeasePlan pour 4,9 milliards d&rsquo;euros. Le but? Regrouper les deux loueurs dans un grand\u2026\" \/>\n<meta name=\"twitter:label1\" content=\"\u00c9crit par\" \/>\n\t<meta name=\"twitter:data1\" content=\"Damien Malvetti\" \/>\n\t<meta name=\"twitter:label2\" content=\"Dur\u00e9e de lecture estim\u00e9e\" \/>\n\t<meta name=\"twitter:data2\" content=\"2 minutes\" \/>\n<script type=\"application\/ld+json\" class=\"yoast-schema-graph\">{\"@context\":\"https:\\\/\\\/schema.org\",\"@graph\":[{\"@type\":\"Article\",\"@id\":\"https:\\\/\\\/www.link2fleet.com\\\/fr\\\/leaseplan-va-etre-absorbee-par-ald-automotive-pour-creer-un-groupe-leader-en-mobilite\\\/#article\",\"isPartOf\":{\"@id\":\"https:\\\/\\\/www.link2fleet.com\\\/fr\\\/leaseplan-va-etre-absorbee-par-ald-automotive-pour-creer-un-groupe-leader-en-mobilite\\\/\"},\"author\":{\"name\":\"Damien Malvetti\",\"@id\":\"https:\\\/\\\/www.link2fleet.com\\\/fr\\\/#\\\/schema\\\/person\\\/027cd46113c78036b3809c9a054049da\"},\"headline\":\"LeasePlan va \u00eatre absorb\u00e9e par ALD Automotive pour cr\u00e9er un groupe leader en mobilit\u00e9\",\"datePublished\":\"2022-01-06T05:45:01+00:00\",\"dateModified\":\"2024-04-17T14:48:15+00:00\",\"mainEntityOfPage\":{\"@id\":\"https:\\\/\\\/www.link2fleet.com\\\/fr\\\/leaseplan-va-etre-absorbee-par-ald-automotive-pour-creer-un-groupe-leader-en-mobilite\\\/\"},\"wordCount\":393,\"publisher\":{\"@id\":\"https:\\\/\\\/www.link2fleet.com\\\/fr\\\/#organization\"},\"image\":{\"@id\":\"https:\\\/\\\/www.link2fleet.com\\\/fr\\\/leaseplan-va-etre-absorbee-par-ald-automotive-pour-creer-un-groupe-leader-en-mobilite\\\/#primaryimage\"},\"thumbnailUrl\":\"https:\\\/\\\/static.link2fleet.com\\\/wp-content\\\/uploads\\\/2024\\\/03\\\/ald-automotive.jpg\",\"articleSection\":[\"Gestion de flotte\",\"Location long-terme\"],\"inLanguage\":\"fr-FR\"},{\"@type\":\"WebPage\",\"@id\":\"https:\\\/\\\/www.link2fleet.com\\\/fr\\\/leaseplan-va-etre-absorbee-par-ald-automotive-pour-creer-un-groupe-leader-en-mobilite\\\/\",\"url\":\"https:\\\/\\\/www.link2fleet.com\\\/fr\\\/leaseplan-va-etre-absorbee-par-ald-automotive-pour-creer-un-groupe-leader-en-mobilite\\\/\",\"name\":\"LeasePlan va \u00eatre absorb\u00e9e par ALD Automotive pour cr\u00e9er un groupe leader en mobilit\u00e9 - link2fleet\",\"isPartOf\":{\"@id\":\"https:\\\/\\\/www.link2fleet.com\\\/fr\\\/#website\"},\"primaryImageOfPage\":{\"@id\":\"https:\\\/\\\/www.link2fleet.com\\\/fr\\\/leaseplan-va-etre-absorbee-par-ald-automotive-pour-creer-un-groupe-leader-en-mobilite\\\/#primaryimage\"},\"image\":{\"@id\":\"https:\\\/\\\/www.link2fleet.com\\\/fr\\\/leaseplan-va-etre-absorbee-par-ald-automotive-pour-creer-un-groupe-leader-en-mobilite\\\/#primaryimage\"},\"thumbnailUrl\":\"https:\\\/\\\/static.link2fleet.com\\\/wp-content\\\/uploads\\\/2024\\\/03\\\/ald-automotive.jpg\",\"datePublished\":\"2022-01-06T05:45:01+00:00\",\"dateModified\":\"2024-04-17T14:48:15+00:00\",\"breadcrumb\":{\"@id\":\"https:\\\/\\\/www.link2fleet.com\\\/fr\\\/leaseplan-va-etre-absorbee-par-ald-automotive-pour-creer-un-groupe-leader-en-mobilite\\\/#breadcrumb\"},\"inLanguage\":\"fr-FR\",\"potentialAction\":[{\"@type\":\"ReadAction\",\"target\":[\"https:\\\/\\\/www.link2fleet.com\\\/fr\\\/leaseplan-va-etre-absorbee-par-ald-automotive-pour-creer-un-groupe-leader-en-mobilite\\\/\"]}]},{\"@type\":\"ImageObject\",\"inLanguage\":\"fr-FR\",\"@id\":\"https:\\\/\\\/www.link2fleet.com\\\/fr\\\/leaseplan-va-etre-absorbee-par-ald-automotive-pour-creer-un-groupe-leader-en-mobilite\\\/#primaryimage\",\"url\":\"https:\\\/\\\/static.link2fleet.com\\\/wp-content\\\/uploads\\\/2024\\\/03\\\/ald-automotive.jpg\",\"contentUrl\":\"https:\\\/\\\/static.link2fleet.com\\\/wp-content\\\/uploads\\\/2024\\\/03\\\/ald-automotive.jpg\",\"width\":582,\"height\":370},{\"@type\":\"BreadcrumbList\",\"@id\":\"https:\\\/\\\/www.link2fleet.com\\\/fr\\\/leaseplan-va-etre-absorbee-par-ald-automotive-pour-creer-un-groupe-leader-en-mobilite\\\/#breadcrumb\",\"itemListElement\":[{\"@type\":\"ListItem\",\"position\":1,\"name\":\"Home\",\"item\":\"https:\\\/\\\/www.link2fleet.com\\\/fr\\\/\"},{\"@type\":\"ListItem\",\"position\":2,\"name\":\"LeasePlan va \u00eatre absorb\u00e9e par ALD Automotive pour cr\u00e9er un groupe leader en mobilit\u00e9\"}]},{\"@type\":\"WebSite\",\"@id\":\"https:\\\/\\\/www.link2fleet.com\\\/fr\\\/#website\",\"url\":\"https:\\\/\\\/www.link2fleet.com\\\/fr\\\/\",\"name\":\"Link2fleet\",\"description\":\"\",\"publisher\":{\"@id\":\"https:\\\/\\\/www.link2fleet.com\\\/fr\\\/#organization\"},\"potentialAction\":[{\"@type\":\"SearchAction\",\"target\":{\"@type\":\"EntryPoint\",\"urlTemplate\":\"https:\\\/\\\/www.link2fleet.com\\\/fr\\\/?s={search_term_string}\"},\"query-input\":{\"@type\":\"PropertyValueSpecification\",\"valueRequired\":true,\"valueName\":\"search_term_string\"}}],\"inLanguage\":\"fr-FR\"},{\"@type\":\"Organization\",\"@id\":\"https:\\\/\\\/www.link2fleet.com\\\/fr\\\/#organization\",\"name\":\"Link2fleet\",\"url\":\"https:\\\/\\\/www.link2fleet.com\\\/fr\\\/\",\"logo\":{\"@type\":\"ImageObject\",\"inLanguage\":\"fr-FR\",\"@id\":\"https:\\\/\\\/www.link2fleet.com\\\/fr\\\/#\\\/schema\\\/logo\\\/image\\\/\",\"url\":\"https:\\\/\\\/static.link2fleet.com\\\/wp-content\\\/uploads\\\/2024\\\/03\\\/share-image.jpg\",\"contentUrl\":\"https:\\\/\\\/static.link2fleet.com\\\/wp-content\\\/uploads\\\/2024\\\/03\\\/share-image.jpg\",\"width\":1200,\"height\":630,\"caption\":\"Link2fleet\"},\"image\":{\"@id\":\"https:\\\/\\\/www.link2fleet.com\\\/fr\\\/#\\\/schema\\\/logo\\\/image\\\/\"},\"sameAs\":[\"https:\\\/\\\/www.linkedin.com\\\/company\\\/link2fleet-belgium\",\"https:\\\/\\\/www.youtube.com\\\/user\\\/MMMBMBE\"]},{\"@type\":\"Person\",\"@id\":\"https:\\\/\\\/www.link2fleet.com\\\/fr\\\/#\\\/schema\\\/person\\\/027cd46113c78036b3809c9a054049da\",\"name\":\"Damien Malvetti\",\"image\":{\"@type\":\"ImageObject\",\"inLanguage\":\"fr-FR\",\"@id\":\"https:\\\/\\\/secure.gravatar.com\\\/avatar\\\/dd8cc03b49466c735f753ac37f8caa371af16dfed347456ed61f02883255eebb?s=96&d=mm&r=g\",\"url\":\"https:\\\/\\\/secure.gravatar.com\\\/avatar\\\/dd8cc03b49466c735f753ac37f8caa371af16dfed347456ed61f02883255eebb?s=96&d=mm&r=g\",\"contentUrl\":\"https:\\\/\\\/secure.gravatar.com\\\/avatar\\\/dd8cc03b49466c735f753ac37f8caa371af16dfed347456ed61f02883255eebb?s=96&d=mm&r=g\",\"caption\":\"Damien Malvetti\"},\"description\":\"Damien Malvetti is opgeleid als journalist en gepassioneerd door wagens, technologie en mobiliteit. Hij is verantwoordelijk voor de redactionele inhoud van link2fleet en beschikt over een uitgebreide kennis van de fleet-sector en elektrische mobiliteit.\",\"sameAs\":[\"https:\\\/\\\/www.linkedin.com\\\/in\\\/damien-malvetti-56601142\\\/\"]}]}<\/script>\n<!-- \/ Yoast SEO plugin. -->","yoast_head_json":{"title":"LeasePlan va \u00eatre absorb\u00e9e par ALD Automotive pour cr\u00e9er un groupe leader en mobilit\u00e9 - link2fleet","description":"ALD Automotive, via sa soci\u00e9t\u00e9-m\u00e8re Soci\u00e9t\u00e9 G\u00e9n\u00e9rale, va acqu\u00e9rir son concurrent LeasePlan pour 4,9 milliards d&rsquo;euros. Le but? Regrouper les deux loueurs dans un grand\u2026","robots":{"index":"index","follow":"follow","max-snippet":"max-snippet:-1","max-image-preview":"max-image-preview:large","max-video-preview":"max-video-preview:-1"},"og_locale":"fr_FR","og_type":"article","og_title":"LeasePlan va \u00eatre absorb\u00e9e par ALD Automotive pour cr\u00e9er un groupe leader en mobilit\u00e9 - link2fleet","og_description":"ALD Automotive, via sa soci\u00e9t\u00e9-m\u00e8re Soci\u00e9t\u00e9 G\u00e9n\u00e9rale, va acqu\u00e9rir son concurrent LeasePlan pour 4,9 milliards d&rsquo;euros. Le but? Regrouper les deux loueurs dans un grand\u2026","og_url":"https:\/\/www.link2fleet.com\/fr\/leaseplan-va-etre-absorbee-par-ald-automotive-pour-creer-un-groupe-leader-en-mobilite\/","og_site_name":"link2fleet","article_published_time":"2022-01-06T05:45:01+00:00","article_modified_time":"2024-04-17T14:48:15+00:00","og_image":[{"width":582,"height":370,"url":"https:\/\/static.link2fleet.com\/wp-content\/uploads\/2024\/03\/ald-automotive.jpg","type":"image\/jpeg"}],"author":"Damien Malvetti","twitter_card":"summary_large_image","twitter_description":"ALD Automotive, via sa soci\u00e9t\u00e9-m\u00e8re Soci\u00e9t\u00e9 G\u00e9n\u00e9rale, va acqu\u00e9rir son concurrent LeasePlan pour 4,9 milliards d&rsquo;euros. Le but? Regrouper les deux loueurs dans un grand\u2026","twitter_misc":{"\u00c9crit par":"Damien Malvetti","Dur\u00e9e de lecture estim\u00e9e":"2 minutes"},"schema":{"@context":"https:\/\/schema.org","@graph":[{"@type":"Article","@id":"https:\/\/www.link2fleet.com\/fr\/leaseplan-va-etre-absorbee-par-ald-automotive-pour-creer-un-groupe-leader-en-mobilite\/#article","isPartOf":{"@id":"https:\/\/www.link2fleet.com\/fr\/leaseplan-va-etre-absorbee-par-ald-automotive-pour-creer-un-groupe-leader-en-mobilite\/"},"author":{"name":"Damien Malvetti","@id":"https:\/\/www.link2fleet.com\/fr\/#\/schema\/person\/027cd46113c78036b3809c9a054049da"},"headline":"LeasePlan va \u00eatre absorb\u00e9e par ALD Automotive pour cr\u00e9er un groupe leader en mobilit\u00e9","datePublished":"2022-01-06T05:45:01+00:00","dateModified":"2024-04-17T14:48:15+00:00","mainEntityOfPage":{"@id":"https:\/\/www.link2fleet.com\/fr\/leaseplan-va-etre-absorbee-par-ald-automotive-pour-creer-un-groupe-leader-en-mobilite\/"},"wordCount":393,"publisher":{"@id":"https:\/\/www.link2fleet.com\/fr\/#organization"},"image":{"@id":"https:\/\/www.link2fleet.com\/fr\/leaseplan-va-etre-absorbee-par-ald-automotive-pour-creer-un-groupe-leader-en-mobilite\/#primaryimage"},"thumbnailUrl":"https:\/\/static.link2fleet.com\/wp-content\/uploads\/2024\/03\/ald-automotive.jpg","articleSection":["Gestion de flotte","Location long-terme"],"inLanguage":"fr-FR"},{"@type":"WebPage","@id":"https:\/\/www.link2fleet.com\/fr\/leaseplan-va-etre-absorbee-par-ald-automotive-pour-creer-un-groupe-leader-en-mobilite\/","url":"https:\/\/www.link2fleet.com\/fr\/leaseplan-va-etre-absorbee-par-ald-automotive-pour-creer-un-groupe-leader-en-mobilite\/","name":"LeasePlan va \u00eatre absorb\u00e9e par ALD Automotive pour cr\u00e9er un groupe leader en mobilit\u00e9 - link2fleet","isPartOf":{"@id":"https:\/\/www.link2fleet.com\/fr\/#website"},"primaryImageOfPage":{"@id":"https:\/\/www.link2fleet.com\/fr\/leaseplan-va-etre-absorbee-par-ald-automotive-pour-creer-un-groupe-leader-en-mobilite\/#primaryimage"},"image":{"@id":"https:\/\/www.link2fleet.com\/fr\/leaseplan-va-etre-absorbee-par-ald-automotive-pour-creer-un-groupe-leader-en-mobilite\/#primaryimage"},"thumbnailUrl":"https:\/\/static.link2fleet.com\/wp-content\/uploads\/2024\/03\/ald-automotive.jpg","datePublished":"2022-01-06T05:45:01+00:00","dateModified":"2024-04-17T14:48:15+00:00","breadcrumb":{"@id":"https:\/\/www.link2fleet.com\/fr\/leaseplan-va-etre-absorbee-par-ald-automotive-pour-creer-un-groupe-leader-en-mobilite\/#breadcrumb"},"inLanguage":"fr-FR","potentialAction":[{"@type":"ReadAction","target":["https:\/\/www.link2fleet.com\/fr\/leaseplan-va-etre-absorbee-par-ald-automotive-pour-creer-un-groupe-leader-en-mobilite\/"]}]},{"@type":"ImageObject","inLanguage":"fr-FR","@id":"https:\/\/www.link2fleet.com\/fr\/leaseplan-va-etre-absorbee-par-ald-automotive-pour-creer-un-groupe-leader-en-mobilite\/#primaryimage","url":"https:\/\/static.link2fleet.com\/wp-content\/uploads\/2024\/03\/ald-automotive.jpg","contentUrl":"https:\/\/static.link2fleet.com\/wp-content\/uploads\/2024\/03\/ald-automotive.jpg","width":582,"height":370},{"@type":"BreadcrumbList","@id":"https:\/\/www.link2fleet.com\/fr\/leaseplan-va-etre-absorbee-par-ald-automotive-pour-creer-un-groupe-leader-en-mobilite\/#breadcrumb","itemListElement":[{"@type":"ListItem","position":1,"name":"Home","item":"https:\/\/www.link2fleet.com\/fr\/"},{"@type":"ListItem","position":2,"name":"LeasePlan va \u00eatre absorb\u00e9e par ALD Automotive pour cr\u00e9er un groupe leader en mobilit\u00e9"}]},{"@type":"WebSite","@id":"https:\/\/www.link2fleet.com\/fr\/#website","url":"https:\/\/www.link2fleet.com\/fr\/","name":"Link2fleet","description":"","publisher":{"@id":"https:\/\/www.link2fleet.com\/fr\/#organization"},"potentialAction":[{"@type":"SearchAction","target":{"@type":"EntryPoint","urlTemplate":"https:\/\/www.link2fleet.com\/fr\/?s={search_term_string}"},"query-input":{"@type":"PropertyValueSpecification","valueRequired":true,"valueName":"search_term_string"}}],"inLanguage":"fr-FR"},{"@type":"Organization","@id":"https:\/\/www.link2fleet.com\/fr\/#organization","name":"Link2fleet","url":"https:\/\/www.link2fleet.com\/fr\/","logo":{"@type":"ImageObject","inLanguage":"fr-FR","@id":"https:\/\/www.link2fleet.com\/fr\/#\/schema\/logo\/image\/","url":"https:\/\/static.link2fleet.com\/wp-content\/uploads\/2024\/03\/share-image.jpg","contentUrl":"https:\/\/static.link2fleet.com\/wp-content\/uploads\/2024\/03\/share-image.jpg","width":1200,"height":630,"caption":"Link2fleet"},"image":{"@id":"https:\/\/www.link2fleet.com\/fr\/#\/schema\/logo\/image\/"},"sameAs":["https:\/\/www.linkedin.com\/company\/link2fleet-belgium","https:\/\/www.youtube.com\/user\/MMMBMBE"]},{"@type":"Person","@id":"https:\/\/www.link2fleet.com\/fr\/#\/schema\/person\/027cd46113c78036b3809c9a054049da","name":"Damien Malvetti","image":{"@type":"ImageObject","inLanguage":"fr-FR","@id":"https:\/\/secure.gravatar.com\/avatar\/dd8cc03b49466c735f753ac37f8caa371af16dfed347456ed61f02883255eebb?s=96&d=mm&r=g","url":"https:\/\/secure.gravatar.com\/avatar\/dd8cc03b49466c735f753ac37f8caa371af16dfed347456ed61f02883255eebb?s=96&d=mm&r=g","contentUrl":"https:\/\/secure.gravatar.com\/avatar\/dd8cc03b49466c735f753ac37f8caa371af16dfed347456ed61f02883255eebb?s=96&d=mm&r=g","caption":"Damien Malvetti"},"description":"Damien Malvetti is opgeleid als journalist en gepassioneerd door wagens, technologie en mobiliteit. Hij is verantwoordelijk voor de redactionele inhoud van link2fleet en beschikt over een uitgebreide kennis van de fleet-sector en elektrische mobiliteit.","sameAs":["https:\/\/www.linkedin.com\/in\/damien-malvetti-56601142\/"]}]}},"_links":{"self":[{"href":"https:\/\/www.link2fleet.com\/fr\/wp-json\/wp\/v2\/posts\/5371","targetHints":{"allow":["GET"]}}],"collection":[{"href":"https:\/\/www.link2fleet.com\/fr\/wp-json\/wp\/v2\/posts"}],"about":[{"href":"https:\/\/www.link2fleet.com\/fr\/wp-json\/wp\/v2\/types\/post"}],"author":[{"embeddable":true,"href":"https:\/\/www.link2fleet.com\/fr\/wp-json\/wp\/v2\/users\/4"}],"replies":[{"embeddable":true,"href":"https:\/\/www.link2fleet.com\/fr\/wp-json\/wp\/v2\/comments?post=5371"}],"version-history":[{"count":0,"href":"https:\/\/www.link2fleet.com\/fr\/wp-json\/wp\/v2\/posts\/5371\/revisions"}],"wp:featuredmedia":[{"embeddable":true,"href":"https:\/\/www.link2fleet.com\/fr\/wp-json\/wp\/v2\/media\/2970"}],"wp:attachment":[{"href":"https:\/\/www.link2fleet.com\/fr\/wp-json\/wp\/v2\/media?parent=5371"}],"wp:term":[{"taxonomy":"category","embeddable":true,"href":"https:\/\/www.link2fleet.com\/fr\/wp-json\/wp\/v2\/categories?post=5371"},{"taxonomy":"post_tag","embeddable":true,"href":"https:\/\/www.link2fleet.com\/fr\/wp-json\/wp\/v2\/tags?post=5371"}],"curies":[{"name":"wp","href":"https:\/\/api.w.org\/{rel}","templated":true}]}}