{"id":5376,"date":"2022-01-10T09:27:15","date_gmt":"2022-01-10T08:27:15","guid":{"rendered":"https:\/\/www.link2fleet.com\/fraikin-elargit-son-offre-a-liege-avec-une-nouvelle-agence-a-herstal\/"},"modified":"2022-01-10T09:27:15","modified_gmt":"2022-01-10T08:27:15","slug":"fraikin-elargit-son-offre-a-liege-avec-une-nouvelle-agence-a-herstal","status":"publish","type":"post","link":"https:\/\/www.link2fleet.com\/fr\/fraikin-elargit-son-offre-a-liege-avec-une-nouvelle-agence-a-herstal\/","title":{"rendered":"Fraikin \u00e9largit son offre \u00e0 Li\u00e8ge avec une nouvelle agence \u00e0 Herstal"},"content":{"rendered":"<p>En ouvrant une agence \u00e0 Herstal, Fraikin renforce son offre pour les nombreux clients li\u00e9geois existants et permet que le service soit toujours facilement accessible. Fraikin disposait d\u00e9j\u00e0 d&rsquo;un drop-off point \u00e0 Herstal, mais ouvre \u00e0 pr\u00e9sent une agence \u00e0 part enti\u00e8re dans le Parc industriel des Hauts-Sarts, \u00e0 proximit\u00e9 de la E25 pr\u00e8s de Li\u00e8ge.<\/p>\n<p><strong>Service proche des clients<\/strong><\/p>\n<p>L&rsquo;agence de Li\u00e8ge est la troisi\u00e8me nouvelle filiale qui a ouvert ses portes en 2021 apr\u00e8s Mons et Izegem, et ce, sur une p\u00e9riode de moins d&rsquo;un an. Ces agences visent \u00e0 offrir un service plus proche des clients. \u00ab\u00a0Il ressort de notre enqu\u00eate de satisfaction des clients que la proximit\u00e9 est tr\u00e8s importante\u00a0\u00bb, affirme Cyriel Vrijders, CEO pour le Benelux. \u00ab\u00a0Pour nos clients existants dans les environs de Li\u00e8ge, il est tr\u00e8s pratique que nous ouvrions une filiale proche. Par ailleurs, Li\u00e8ge est en plein essor en mati\u00e8re de\u00a0<em>last-mile delivery<\/em>\u00a0et de transport, et pour l&rsquo;activit\u00e9 en g\u00e9n\u00e9ral. Nous y voyons un fort potentiel de croissance.\u00a0\u00bb<\/p>\n<p>L&rsquo;importance d&rsquo;une pr\u00e9sence locale se refl\u00e8te dans l&rsquo;\u00e9quipe qui aide \u00e0 mettre en place la filiale li\u00e9geoise. Benoit Rousseau est un Li\u00e9geois qui poss\u00e8de une longue exp\u00e9rience chez Fraikin. Il est second\u00e9 par Christophe Cappuccio qui viendra travailler \u00e0 Herstal un jour par semaine. Par ailleurs, deux techniciens d&rsquo;entretien de la r\u00e9gion li\u00e9geoise viennent renforcer l&rsquo;\u00e9quipe. Le poste de brand manager est toujours vacant \u00e0 l&rsquo;heure actuelle.<\/p>\n<p><strong>Fleet management<\/strong><\/p>\n<p>L&rsquo;offre compl\u00e8te de services est disponible \u00e0 Li\u00e8ge, tant pour le leasing op\u00e9rationnel \u00e0 long terme qu&rsquo;\u00e0 court et \u00e0 moyen terme pour le B2B. Par ailleurs, le fleet management est \u00e0 l&rsquo;avant-plan\u00a0: Fraikin d\u00e9charge totalement ses clients en s&rsquo;occupant, dans son propre atelier, de l&rsquo;entretien de toute la flotte des v\u00e9hicules de l&rsquo;entreprise. C&rsquo;est d\u00e9j\u00e0 le cas aujourd&rsquo;hui, par exemple, pour les clients du secteur du transport de fonds.<\/p>\n<p>Cette ann\u00e9e, Fraikin se concentrera principalement sur la rentabilisation des filiales existantes. \u00ab\u00a0\u00c0 terme, nous avons encore des plans d&rsquo;extension \u00e0 Anvers\u00a0\u00bb, affirme Cyriel Vrijders. \u00ab\u00a0Nous voulons continuer de nous concentrer au maximum sur l&rsquo;ancrage local avec des filiales proches de nos clients.\u00a0\u00bb<\/p>\n<p><strong>\u00c0 propos de Fraikin<\/strong><\/p>\n<p>Fraikin est le leader europ\u00e9en du march\u00e9 de la location et du leasing de v\u00e9hicules d&rsquo;entreprise et de camionnettes. L&rsquo;entreprise loue des v\u00e9hicules \u00e0 court et \u00e0 long terme et propose un ensemble de services complet pour d\u00e9charger totalement les clients de la gestion de leur flotte. Fraikin peut se targuer de nombreuses ann\u00e9es d&rsquo;exp\u00e9rience et d&rsquo;une expertise pointue dans le secteur de la location et du leasing, tant pour les PME que pour les grandes entreprises. Elle met \u00e0 disposition une flotte de plus de 58 000 v\u00e9hicules, toutes marques confondues, allant des camionnettes, tracteurs et camions aux camions frigorifiques, camions \u00e0 benne et camions-poubelles, en passant par les ambulances et les camions-grues. Gr\u00e2ce \u00e0 son approche centr\u00e9e sur le client, Fraikin aide les entreprises \u00e0 r\u00e9duire le co\u00fbt total de fonctionnement de leur flotte.<\/p>\n","protected":false},"excerpt":{"rendered":"<p>En ouvrant une agence \u00e0 Herstal, Fraikin renforce son offre pour les nombreux clients li\u00e9geois existants et permet que le service soit toujours facilement accessible. Fraikin disposait d\u00e9j\u00e0 d&rsquo;un drop-off point \u00e0 Herstal, mais ouvre \u00e0 pr\u00e9sent une agence \u00e0 part enti\u00e8re dans le Parc industriel des Hauts-Sarts, \u00e0 proximit\u00e9 de la E25 pr\u00e8s de [&hellip;]<\/p>\n","protected":false},"author":43,"featured_media":5377,"comment_status":"closed","ping_status":"closed","sticky":false,"template":"","format":"standard","meta":{"_acf_changed":false,"footnotes":""},"categories":[91,80,79],"tags":[],"class_list":["post-5376","post","type-post","status-publish","format-standard","has-post-thumbnail","hentry","category-expertise-et-management","category-loueurs-courtterme","category-societes-de-leasing"],"acf":[],"yoast_head":"<!-- This site is optimized with the Yoast SEO plugin v27.3 - https:\/\/yoast.com\/product\/yoast-seo-wordpress\/ -->\n<title>Fraikin \u00e9largit son offre \u00e0 Li\u00e8ge avec une nouvelle agence \u00e0 Herstal - link2fleet<\/title>\n<meta name=\"description\" content=\"Fraikin, le leader du march\u00e9 de la location et du leasing de v\u00e9hicules d&rsquo;entreprise et de camionnettes, a ouvert une nouvelle agence \u00e0 Herstal, permettant\u2026\" \/>\n<meta name=\"robots\" content=\"index, follow, max-snippet:-1, max-image-preview:large, max-video-preview:-1\" \/>\n<meta property=\"og:locale\" content=\"fr_FR\" \/>\n<meta property=\"og:type\" content=\"article\" \/>\n<meta property=\"og:title\" content=\"Fraikin \u00e9largit son offre \u00e0 Li\u00e8ge avec une nouvelle agence \u00e0 Herstal - link2fleet\" \/>\n<meta property=\"og:description\" content=\"Fraikin, le leader du march\u00e9 de la location et du leasing de v\u00e9hicules d&rsquo;entreprise et de camionnettes, a ouvert une nouvelle agence \u00e0 Herstal, permettant\u2026\" \/>\n<meta property=\"og:url\" content=\"https:\/\/www.link2fleet.com\/fr\/fraikin-elargit-son-offre-a-liege-avec-une-nouvelle-agence-a-herstal\/\" \/>\n<meta property=\"og:site_name\" content=\"link2fleet\" \/>\n<meta property=\"article:published_time\" content=\"2022-01-10T08:27:15+00:00\" \/>\n<meta property=\"og:image\" content=\"https:\/\/static.link2fleet.com\/wp-content\/uploads\/2024\/03\/download.jpeg\" \/>\n\t<meta property=\"og:image:width\" content=\"1019\" \/>\n\t<meta property=\"og:image:height\" content=\"848\" \/>\n\t<meta property=\"og:image:type\" content=\"image\/jpeg\" \/>\n<meta name=\"author\" content=\"Jeroen Evens\" \/>\n<meta name=\"twitter:card\" content=\"summary_large_image\" \/>\n<meta name=\"twitter:description\" content=\"Fraikin, le leader du march\u00e9 de la location et du leasing de v\u00e9hicules d&rsquo;entreprise et de camionnettes, a ouvert une nouvelle agence \u00e0 Herstal, permettant\u2026\" \/>\n<meta name=\"twitter:label1\" content=\"\u00c9crit par\" \/>\n\t<meta name=\"twitter:data1\" content=\"Jeroen Evens\" \/>\n\t<meta name=\"twitter:label2\" content=\"Dur\u00e9e de lecture estim\u00e9e\" \/>\n\t<meta name=\"twitter:data2\" content=\"3 minutes\" \/>\n<script type=\"application\/ld+json\" class=\"yoast-schema-graph\">{\"@context\":\"https:\\\/\\\/schema.org\",\"@graph\":[{\"@type\":\"Article\",\"@id\":\"https:\\\/\\\/www.link2fleet.com\\\/fr\\\/fraikin-elargit-son-offre-a-liege-avec-une-nouvelle-agence-a-herstal\\\/#article\",\"isPartOf\":{\"@id\":\"https:\\\/\\\/www.link2fleet.com\\\/fr\\\/fraikin-elargit-son-offre-a-liege-avec-une-nouvelle-agence-a-herstal\\\/\"},\"author\":{\"name\":\"Jeroen Evens\",\"@id\":\"https:\\\/\\\/www.link2fleet.com\\\/fr\\\/#\\\/schema\\\/person\\\/3f23fa5cf039e25761156c930f6bf38f\"},\"headline\":\"Fraikin \u00e9largit son offre \u00e0 Li\u00e8ge avec une nouvelle agence \u00e0 Herstal\",\"datePublished\":\"2022-01-10T08:27:15+00:00\",\"mainEntityOfPage\":{\"@id\":\"https:\\\/\\\/www.link2fleet.com\\\/fr\\\/fraikin-elargit-son-offre-a-liege-avec-une-nouvelle-agence-a-herstal\\\/\"},\"wordCount\":544,\"publisher\":{\"@id\":\"https:\\\/\\\/www.link2fleet.com\\\/fr\\\/#organization\"},\"image\":{\"@id\":\"https:\\\/\\\/www.link2fleet.com\\\/fr\\\/fraikin-elargit-son-offre-a-liege-avec-une-nouvelle-agence-a-herstal\\\/#primaryimage\"},\"thumbnailUrl\":\"https:\\\/\\\/static.link2fleet.com\\\/wp-content\\\/uploads\\\/2024\\\/03\\\/download.jpeg\",\"articleSection\":[\"Gestion de flotte\",\"Location court-terme\",\"Location long-terme\"],\"inLanguage\":\"fr-FR\"},{\"@type\":\"WebPage\",\"@id\":\"https:\\\/\\\/www.link2fleet.com\\\/fr\\\/fraikin-elargit-son-offre-a-liege-avec-une-nouvelle-agence-a-herstal\\\/\",\"url\":\"https:\\\/\\\/www.link2fleet.com\\\/fr\\\/fraikin-elargit-son-offre-a-liege-avec-une-nouvelle-agence-a-herstal\\\/\",\"name\":\"Fraikin \u00e9largit son offre \u00e0 Li\u00e8ge avec une nouvelle agence \u00e0 Herstal - link2fleet\",\"isPartOf\":{\"@id\":\"https:\\\/\\\/www.link2fleet.com\\\/fr\\\/#website\"},\"primaryImageOfPage\":{\"@id\":\"https:\\\/\\\/www.link2fleet.com\\\/fr\\\/fraikin-elargit-son-offre-a-liege-avec-une-nouvelle-agence-a-herstal\\\/#primaryimage\"},\"image\":{\"@id\":\"https:\\\/\\\/www.link2fleet.com\\\/fr\\\/fraikin-elargit-son-offre-a-liege-avec-une-nouvelle-agence-a-herstal\\\/#primaryimage\"},\"thumbnailUrl\":\"https:\\\/\\\/static.link2fleet.com\\\/wp-content\\\/uploads\\\/2024\\\/03\\\/download.jpeg\",\"datePublished\":\"2022-01-10T08:27:15+00:00\",\"breadcrumb\":{\"@id\":\"https:\\\/\\\/www.link2fleet.com\\\/fr\\\/fraikin-elargit-son-offre-a-liege-avec-une-nouvelle-agence-a-herstal\\\/#breadcrumb\"},\"inLanguage\":\"fr-FR\",\"potentialAction\":[{\"@type\":\"ReadAction\",\"target\":[\"https:\\\/\\\/www.link2fleet.com\\\/fr\\\/fraikin-elargit-son-offre-a-liege-avec-une-nouvelle-agence-a-herstal\\\/\"]}]},{\"@type\":\"ImageObject\",\"inLanguage\":\"fr-FR\",\"@id\":\"https:\\\/\\\/www.link2fleet.com\\\/fr\\\/fraikin-elargit-son-offre-a-liege-avec-une-nouvelle-agence-a-herstal\\\/#primaryimage\",\"url\":\"https:\\\/\\\/static.link2fleet.com\\\/wp-content\\\/uploads\\\/2024\\\/03\\\/download.jpeg\",\"contentUrl\":\"https:\\\/\\\/static.link2fleet.com\\\/wp-content\\\/uploads\\\/2024\\\/03\\\/download.jpeg\",\"width\":1019,\"height\":848},{\"@type\":\"BreadcrumbList\",\"@id\":\"https:\\\/\\\/www.link2fleet.com\\\/fr\\\/fraikin-elargit-son-offre-a-liege-avec-une-nouvelle-agence-a-herstal\\\/#breadcrumb\",\"itemListElement\":[{\"@type\":\"ListItem\",\"position\":1,\"name\":\"Home\",\"item\":\"https:\\\/\\\/www.link2fleet.com\\\/fr\\\/\"},{\"@type\":\"ListItem\",\"position\":2,\"name\":\"Fraikin \u00e9largit son offre \u00e0 Li\u00e8ge avec une nouvelle agence \u00e0 Herstal\"}]},{\"@type\":\"WebSite\",\"@id\":\"https:\\\/\\\/www.link2fleet.com\\\/fr\\\/#website\",\"url\":\"https:\\\/\\\/www.link2fleet.com\\\/fr\\\/\",\"name\":\"Link2fleet\",\"description\":\"\",\"publisher\":{\"@id\":\"https:\\\/\\\/www.link2fleet.com\\\/fr\\\/#organization\"},\"potentialAction\":[{\"@type\":\"SearchAction\",\"target\":{\"@type\":\"EntryPoint\",\"urlTemplate\":\"https:\\\/\\\/www.link2fleet.com\\\/fr\\\/?s={search_term_string}\"},\"query-input\":{\"@type\":\"PropertyValueSpecification\",\"valueRequired\":true,\"valueName\":\"search_term_string\"}}],\"inLanguage\":\"fr-FR\"},{\"@type\":\"Organization\",\"@id\":\"https:\\\/\\\/www.link2fleet.com\\\/fr\\\/#organization\",\"name\":\"Link2fleet\",\"url\":\"https:\\\/\\\/www.link2fleet.com\\\/fr\\\/\",\"logo\":{\"@type\":\"ImageObject\",\"inLanguage\":\"fr-FR\",\"@id\":\"https:\\\/\\\/www.link2fleet.com\\\/fr\\\/#\\\/schema\\\/logo\\\/image\\\/\",\"url\":\"https:\\\/\\\/static.link2fleet.com\\\/wp-content\\\/uploads\\\/2024\\\/03\\\/share-image.jpg\",\"contentUrl\":\"https:\\\/\\\/static.link2fleet.com\\\/wp-content\\\/uploads\\\/2024\\\/03\\\/share-image.jpg\",\"width\":1200,\"height\":630,\"caption\":\"Link2fleet\"},\"image\":{\"@id\":\"https:\\\/\\\/www.link2fleet.com\\\/fr\\\/#\\\/schema\\\/logo\\\/image\\\/\"},\"sameAs\":[\"https:\\\/\\\/www.linkedin.com\\\/company\\\/link2fleet-belgium\",\"https:\\\/\\\/www.youtube.com\\\/user\\\/MMMBMBE\"]},{\"@type\":\"Person\",\"@id\":\"https:\\\/\\\/www.link2fleet.com\\\/fr\\\/#\\\/schema\\\/person\\\/3f23fa5cf039e25761156c930f6bf38f\",\"name\":\"Jeroen Evens\",\"image\":{\"@type\":\"ImageObject\",\"inLanguage\":\"fr-FR\",\"@id\":\"https:\\\/\\\/secure.gravatar.com\\\/avatar\\\/6e059523a84fbec54e5ec5d0f3fb4322b7b077be22b323085f823d1d7f00f32e?s=96&d=mm&r=g\",\"url\":\"https:\\\/\\\/secure.gravatar.com\\\/avatar\\\/6e059523a84fbec54e5ec5d0f3fb4322b7b077be22b323085f823d1d7f00f32e?s=96&d=mm&r=g\",\"contentUrl\":\"https:\\\/\\\/secure.gravatar.com\\\/avatar\\\/6e059523a84fbec54e5ec5d0f3fb4322b7b077be22b323085f823d1d7f00f32e?s=96&d=mm&r=g\",\"caption\":\"Jeroen Evens\"},\"description\":\"Jeroen Evens is opgeleid in de Communicatiewetenschappen (KULeuven) en is een enthousiaste volger van alles wat met mobiliteit en bedrijfswagens te maken heeft. Als freelance journalist gespecialiseerd in de fleetsector houdt hij al drie jaar lang de vinger aan de pols van de laatste ontwikkelingen in onze sector.\"}]}<\/script>\n<!-- \/ Yoast SEO plugin. -->","yoast_head_json":{"title":"Fraikin \u00e9largit son offre \u00e0 Li\u00e8ge avec une nouvelle agence \u00e0 Herstal - link2fleet","description":"Fraikin, le leader du march\u00e9 de la location et du leasing de v\u00e9hicules d&rsquo;entreprise et de camionnettes, a ouvert une nouvelle agence \u00e0 Herstal, permettant\u2026","robots":{"index":"index","follow":"follow","max-snippet":"max-snippet:-1","max-image-preview":"max-image-preview:large","max-video-preview":"max-video-preview:-1"},"og_locale":"fr_FR","og_type":"article","og_title":"Fraikin \u00e9largit son offre \u00e0 Li\u00e8ge avec une nouvelle agence \u00e0 Herstal - link2fleet","og_description":"Fraikin, le leader du march\u00e9 de la location et du leasing de v\u00e9hicules d&rsquo;entreprise et de camionnettes, a ouvert une nouvelle agence \u00e0 Herstal, permettant\u2026","og_url":"https:\/\/www.link2fleet.com\/fr\/fraikin-elargit-son-offre-a-liege-avec-une-nouvelle-agence-a-herstal\/","og_site_name":"link2fleet","article_published_time":"2022-01-10T08:27:15+00:00","og_image":[{"width":1019,"height":848,"url":"https:\/\/static.link2fleet.com\/wp-content\/uploads\/2024\/03\/download.jpeg","type":"image\/jpeg"}],"author":"Jeroen Evens","twitter_card":"summary_large_image","twitter_description":"Fraikin, le leader du march\u00e9 de la location et du leasing de v\u00e9hicules d&rsquo;entreprise et de camionnettes, a ouvert une nouvelle agence \u00e0 Herstal, permettant\u2026","twitter_misc":{"\u00c9crit par":"Jeroen Evens","Dur\u00e9e de lecture estim\u00e9e":"3 minutes"},"schema":{"@context":"https:\/\/schema.org","@graph":[{"@type":"Article","@id":"https:\/\/www.link2fleet.com\/fr\/fraikin-elargit-son-offre-a-liege-avec-une-nouvelle-agence-a-herstal\/#article","isPartOf":{"@id":"https:\/\/www.link2fleet.com\/fr\/fraikin-elargit-son-offre-a-liege-avec-une-nouvelle-agence-a-herstal\/"},"author":{"name":"Jeroen Evens","@id":"https:\/\/www.link2fleet.com\/fr\/#\/schema\/person\/3f23fa5cf039e25761156c930f6bf38f"},"headline":"Fraikin \u00e9largit son offre \u00e0 Li\u00e8ge avec une nouvelle agence \u00e0 Herstal","datePublished":"2022-01-10T08:27:15+00:00","mainEntityOfPage":{"@id":"https:\/\/www.link2fleet.com\/fr\/fraikin-elargit-son-offre-a-liege-avec-une-nouvelle-agence-a-herstal\/"},"wordCount":544,"publisher":{"@id":"https:\/\/www.link2fleet.com\/fr\/#organization"},"image":{"@id":"https:\/\/www.link2fleet.com\/fr\/fraikin-elargit-son-offre-a-liege-avec-une-nouvelle-agence-a-herstal\/#primaryimage"},"thumbnailUrl":"https:\/\/static.link2fleet.com\/wp-content\/uploads\/2024\/03\/download.jpeg","articleSection":["Gestion de flotte","Location court-terme","Location long-terme"],"inLanguage":"fr-FR"},{"@type":"WebPage","@id":"https:\/\/www.link2fleet.com\/fr\/fraikin-elargit-son-offre-a-liege-avec-une-nouvelle-agence-a-herstal\/","url":"https:\/\/www.link2fleet.com\/fr\/fraikin-elargit-son-offre-a-liege-avec-une-nouvelle-agence-a-herstal\/","name":"Fraikin \u00e9largit son offre \u00e0 Li\u00e8ge avec une nouvelle agence \u00e0 Herstal - link2fleet","isPartOf":{"@id":"https:\/\/www.link2fleet.com\/fr\/#website"},"primaryImageOfPage":{"@id":"https:\/\/www.link2fleet.com\/fr\/fraikin-elargit-son-offre-a-liege-avec-une-nouvelle-agence-a-herstal\/#primaryimage"},"image":{"@id":"https:\/\/www.link2fleet.com\/fr\/fraikin-elargit-son-offre-a-liege-avec-une-nouvelle-agence-a-herstal\/#primaryimage"},"thumbnailUrl":"https:\/\/static.link2fleet.com\/wp-content\/uploads\/2024\/03\/download.jpeg","datePublished":"2022-01-10T08:27:15+00:00","breadcrumb":{"@id":"https:\/\/www.link2fleet.com\/fr\/fraikin-elargit-son-offre-a-liege-avec-une-nouvelle-agence-a-herstal\/#breadcrumb"},"inLanguage":"fr-FR","potentialAction":[{"@type":"ReadAction","target":["https:\/\/www.link2fleet.com\/fr\/fraikin-elargit-son-offre-a-liege-avec-une-nouvelle-agence-a-herstal\/"]}]},{"@type":"ImageObject","inLanguage":"fr-FR","@id":"https:\/\/www.link2fleet.com\/fr\/fraikin-elargit-son-offre-a-liege-avec-une-nouvelle-agence-a-herstal\/#primaryimage","url":"https:\/\/static.link2fleet.com\/wp-content\/uploads\/2024\/03\/download.jpeg","contentUrl":"https:\/\/static.link2fleet.com\/wp-content\/uploads\/2024\/03\/download.jpeg","width":1019,"height":848},{"@type":"BreadcrumbList","@id":"https:\/\/www.link2fleet.com\/fr\/fraikin-elargit-son-offre-a-liege-avec-une-nouvelle-agence-a-herstal\/#breadcrumb","itemListElement":[{"@type":"ListItem","position":1,"name":"Home","item":"https:\/\/www.link2fleet.com\/fr\/"},{"@type":"ListItem","position":2,"name":"Fraikin \u00e9largit son offre \u00e0 Li\u00e8ge avec une nouvelle agence \u00e0 Herstal"}]},{"@type":"WebSite","@id":"https:\/\/www.link2fleet.com\/fr\/#website","url":"https:\/\/www.link2fleet.com\/fr\/","name":"Link2fleet","description":"","publisher":{"@id":"https:\/\/www.link2fleet.com\/fr\/#organization"},"potentialAction":[{"@type":"SearchAction","target":{"@type":"EntryPoint","urlTemplate":"https:\/\/www.link2fleet.com\/fr\/?s={search_term_string}"},"query-input":{"@type":"PropertyValueSpecification","valueRequired":true,"valueName":"search_term_string"}}],"inLanguage":"fr-FR"},{"@type":"Organization","@id":"https:\/\/www.link2fleet.com\/fr\/#organization","name":"Link2fleet","url":"https:\/\/www.link2fleet.com\/fr\/","logo":{"@type":"ImageObject","inLanguage":"fr-FR","@id":"https:\/\/www.link2fleet.com\/fr\/#\/schema\/logo\/image\/","url":"https:\/\/static.link2fleet.com\/wp-content\/uploads\/2024\/03\/share-image.jpg","contentUrl":"https:\/\/static.link2fleet.com\/wp-content\/uploads\/2024\/03\/share-image.jpg","width":1200,"height":630,"caption":"Link2fleet"},"image":{"@id":"https:\/\/www.link2fleet.com\/fr\/#\/schema\/logo\/image\/"},"sameAs":["https:\/\/www.linkedin.com\/company\/link2fleet-belgium","https:\/\/www.youtube.com\/user\/MMMBMBE"]},{"@type":"Person","@id":"https:\/\/www.link2fleet.com\/fr\/#\/schema\/person\/3f23fa5cf039e25761156c930f6bf38f","name":"Jeroen Evens","image":{"@type":"ImageObject","inLanguage":"fr-FR","@id":"https:\/\/secure.gravatar.com\/avatar\/6e059523a84fbec54e5ec5d0f3fb4322b7b077be22b323085f823d1d7f00f32e?s=96&d=mm&r=g","url":"https:\/\/secure.gravatar.com\/avatar\/6e059523a84fbec54e5ec5d0f3fb4322b7b077be22b323085f823d1d7f00f32e?s=96&d=mm&r=g","contentUrl":"https:\/\/secure.gravatar.com\/avatar\/6e059523a84fbec54e5ec5d0f3fb4322b7b077be22b323085f823d1d7f00f32e?s=96&d=mm&r=g","caption":"Jeroen Evens"},"description":"Jeroen Evens is opgeleid in de Communicatiewetenschappen (KULeuven) en is een enthousiaste volger van alles wat met mobiliteit en bedrijfswagens te maken heeft. Als freelance journalist gespecialiseerd in de fleetsector houdt hij al drie jaar lang de vinger aan de pols van de laatste ontwikkelingen in onze sector."}]}},"_links":{"self":[{"href":"https:\/\/www.link2fleet.com\/fr\/wp-json\/wp\/v2\/posts\/5376","targetHints":{"allow":["GET"]}}],"collection":[{"href":"https:\/\/www.link2fleet.com\/fr\/wp-json\/wp\/v2\/posts"}],"about":[{"href":"https:\/\/www.link2fleet.com\/fr\/wp-json\/wp\/v2\/types\/post"}],"author":[{"embeddable":true,"href":"https:\/\/www.link2fleet.com\/fr\/wp-json\/wp\/v2\/users\/43"}],"replies":[{"embeddable":true,"href":"https:\/\/www.link2fleet.com\/fr\/wp-json\/wp\/v2\/comments?post=5376"}],"version-history":[{"count":0,"href":"https:\/\/www.link2fleet.com\/fr\/wp-json\/wp\/v2\/posts\/5376\/revisions"}],"wp:featuredmedia":[{"embeddable":true,"href":"https:\/\/www.link2fleet.com\/fr\/wp-json\/wp\/v2\/media\/5377"}],"wp:attachment":[{"href":"https:\/\/www.link2fleet.com\/fr\/wp-json\/wp\/v2\/media?parent=5376"}],"wp:term":[{"taxonomy":"category","embeddable":true,"href":"https:\/\/www.link2fleet.com\/fr\/wp-json\/wp\/v2\/categories?post=5376"},{"taxonomy":"post_tag","embeddable":true,"href":"https:\/\/www.link2fleet.com\/fr\/wp-json\/wp\/v2\/tags?post=5376"}],"curies":[{"name":"wp","href":"https:\/\/api.w.org\/{rel}","templated":true}]}}