{"id":5388,"date":"2022-01-10T11:02:03","date_gmt":"2022-01-10T10:02:03","guid":{"rendered":"https:\/\/www.link2fleet.com\/vab-enregistre-48-dappels-supplementaires-en-cas-de-pannees-liees-a-des-demarrages-a-froid\/"},"modified":"2022-01-10T11:02:03","modified_gmt":"2022-01-10T10:02:03","slug":"vab-enregistre-48-dappels-supplementaires-en-cas-de-pannees-liees-a-des-demarrages-a-froid","status":"publish","type":"post","link":"https:\/\/www.link2fleet.com\/fr\/vab-enregistre-48-dappels-supplementaires-en-cas-de-pannees-liees-a-des-demarrages-a-froid\/","title":{"rendered":"VAB enregistre 48 % d&rsquo;appels suppl\u00e9mentaires en cas de pann\u00e9es li\u00e9es \u00e0 des d\u00e9marrages \u00e0 froid"},"content":{"rendered":"<p>VAB s&rsquo;attendait \u00e0 ce que la plupart des probl\u00e8mes de panne se produisent dans le sud du pays, o\u00f9 il y a eu de la neige, mais actuellement, VAB constate une augmentation du nombre de probl\u00e8mes de panne dans toute la Belgique. 45% du nombre total de probl\u00e8mes de panne sont actuellement des probl\u00e8mes de d\u00e9marrage. VAB s&rsquo;attend donc \u00e0 ce que mardi soit une autre matin\u00e9e charg\u00e9e et a d\u00e9ploy\u00e9 du personnel suppl\u00e9mentaire au centre d&rsquo;urgence et sur la route.<\/p>\n<p>&nbsp;<\/p>\n<p><strong>Comment pr\u00e9venir les probl\u00e8mes de d\u00e9marrage ?<\/strong><strong>\u00a0<\/strong><\/p>\n<ol>\n<li>Garez votre voiture en int\u00e9rieur autant que possible.<\/li>\n<li>Effectuez le moins possible de petits trajets<\/li>\n<li>Votre batterie a plus de 6 ans\u00a0? Faites-l\u00e0 v\u00e9rifier.<\/li>\n<li>Utilisez un chargeur d&rsquo;appoint si vous n&rsquo;utilisez pas la voiture pendant un certain temps.<\/li>\n<li>\u00c9teignez le plus grand nombre possible d&rsquo;appareils \u00e9nergivores avant de d\u00e9marrer.<\/li>\n<li>Appuyez sur l&#8217;embrayage tout en d\u00e9marrant le moteur ou mettez la voiture au point mort.<\/li>\n<li>Il est pr\u00e9f\u00e9rable d&rsquo;essayer plusieurs courtes tentatives de d\u00e9marrage successives plut\u00f4t qu&rsquo;une longue.<\/li>\n<\/ol>\n","protected":false},"excerpt":{"rendered":"<p>VAB s&rsquo;attendait \u00e0 ce que la plupart des probl\u00e8mes de panne se produisent dans le sud du pays, o\u00f9 il y a eu de la neige, mais actuellement, VAB constate une augmentation du nombre de probl\u00e8mes de panne dans toute la Belgique. 45% du nombre total de probl\u00e8mes de panne sont actuellement des probl\u00e8mes de [&hellip;]<\/p>\n","protected":false},"author":43,"featured_media":5389,"comment_status":"closed","ping_status":"closed","sticky":false,"template":"","format":"standard","meta":{"_acf_changed":false,"footnotes":""},"categories":[83,91],"tags":[],"class_list":["post-5388","post","type-post","status-publish","format-standard","has-post-thumbnail","hentry","category-sssurance-risk-management-assistance-et-depannage","category-expertise-et-management"],"acf":[],"yoast_head":"<!-- This site is optimized with the Yoast SEO plugin v27.3 - https:\/\/yoast.com\/product\/yoast-seo-wordpress\/ -->\n<title>VAB enregistre 48 % d&#039;appels suppl\u00e9mentaires en cas de pann\u00e9es li\u00e9es \u00e0 des d\u00e9marrages \u00e0 froid - link2fleet<\/title>\n<meta name=\"description\" content=\"Ces derniers jours, la temp\u00e9rature dans notre pays a de nouveau chut\u00e9 et, qui dit temp\u00e9rature plus basses rime avec capacit\u00e9s de batterie r\u00e9duites. En\u2026\" \/>\n<meta name=\"robots\" content=\"index, follow, max-snippet:-1, max-image-preview:large, max-video-preview:-1\" \/>\n<meta property=\"og:locale\" content=\"fr_FR\" \/>\n<meta property=\"og:type\" content=\"article\" \/>\n<meta property=\"og:title\" content=\"VAB enregistre 48 % d&#039;appels suppl\u00e9mentaires en cas de pann\u00e9es li\u00e9es \u00e0 des d\u00e9marrages \u00e0 froid - link2fleet\" \/>\n<meta property=\"og:description\" content=\"Ces derniers jours, la temp\u00e9rature dans notre pays a de nouveau chut\u00e9 et, qui dit temp\u00e9rature plus basses rime avec capacit\u00e9s de batterie r\u00e9duites. En\u2026\" \/>\n<meta property=\"og:url\" content=\"https:\/\/www.link2fleet.com\/fr\/vab-enregistre-48-dappels-supplementaires-en-cas-de-pannees-liees-a-des-demarrages-a-froid\/\" \/>\n<meta property=\"og:site_name\" content=\"link2fleet\" \/>\n<meta property=\"article:published_time\" content=\"2022-01-10T10:02:03+00:00\" \/>\n<meta property=\"og:image\" content=\"https:\/\/static.link2fleet.com\/wp-content\/uploads\/2024\/03\/livraison-vab-d-ieteren7.jpg\" \/>\n\t<meta property=\"og:image:width\" content=\"3190\" \/>\n\t<meta property=\"og:image:height\" content=\"2127\" \/>\n\t<meta property=\"og:image:type\" content=\"image\/jpeg\" \/>\n<meta name=\"author\" content=\"Jeroen Evens\" \/>\n<meta name=\"twitter:card\" content=\"summary_large_image\" \/>\n<meta name=\"twitter:description\" content=\"Ces derniers jours, la temp\u00e9rature dans notre pays a de nouveau chut\u00e9 et, qui dit temp\u00e9rature plus basses rime avec capacit\u00e9s de batterie r\u00e9duites. En\u2026\" \/>\n<meta name=\"twitter:label1\" content=\"\u00c9crit par\" \/>\n\t<meta name=\"twitter:data1\" content=\"Jeroen Evens\" \/>\n\t<meta name=\"twitter:label2\" content=\"Dur\u00e9e de lecture estim\u00e9e\" \/>\n\t<meta name=\"twitter:data2\" content=\"1 minute\" \/>\n<script type=\"application\/ld+json\" class=\"yoast-schema-graph\">{\"@context\":\"https:\\\/\\\/schema.org\",\"@graph\":[{\"@type\":\"Article\",\"@id\":\"https:\\\/\\\/www.link2fleet.com\\\/fr\\\/vab-enregistre-48-dappels-supplementaires-en-cas-de-pannees-liees-a-des-demarrages-a-froid\\\/#article\",\"isPartOf\":{\"@id\":\"https:\\\/\\\/www.link2fleet.com\\\/fr\\\/vab-enregistre-48-dappels-supplementaires-en-cas-de-pannees-liees-a-des-demarrages-a-froid\\\/\"},\"author\":{\"name\":\"Jeroen Evens\",\"@id\":\"https:\\\/\\\/www.link2fleet.com\\\/fr\\\/#\\\/schema\\\/person\\\/3f23fa5cf039e25761156c930f6bf38f\"},\"headline\":\"VAB enregistre 48 % d&rsquo;appels suppl\u00e9mentaires en cas de pann\u00e9es li\u00e9es \u00e0 des d\u00e9marrages \u00e0 froid\",\"datePublished\":\"2022-01-10T10:02:03+00:00\",\"mainEntityOfPage\":{\"@id\":\"https:\\\/\\\/www.link2fleet.com\\\/fr\\\/vab-enregistre-48-dappels-supplementaires-en-cas-de-pannees-liees-a-des-demarrages-a-froid\\\/\"},\"wordCount\":207,\"publisher\":{\"@id\":\"https:\\\/\\\/www.link2fleet.com\\\/fr\\\/#organization\"},\"image\":{\"@id\":\"https:\\\/\\\/www.link2fleet.com\\\/fr\\\/vab-enregistre-48-dappels-supplementaires-en-cas-de-pannees-liees-a-des-demarrages-a-froid\\\/#primaryimage\"},\"thumbnailUrl\":\"https:\\\/\\\/static.link2fleet.com\\\/wp-content\\\/uploads\\\/2024\\\/03\\\/livraison-vab-d-ieteren7.jpg\",\"articleSection\":[\"Assurances et assistance\",\"Gestion de flotte\"],\"inLanguage\":\"fr-FR\"},{\"@type\":\"WebPage\",\"@id\":\"https:\\\/\\\/www.link2fleet.com\\\/fr\\\/vab-enregistre-48-dappels-supplementaires-en-cas-de-pannees-liees-a-des-demarrages-a-froid\\\/\",\"url\":\"https:\\\/\\\/www.link2fleet.com\\\/fr\\\/vab-enregistre-48-dappels-supplementaires-en-cas-de-pannees-liees-a-des-demarrages-a-froid\\\/\",\"name\":\"VAB enregistre 48 % d'appels suppl\u00e9mentaires en cas de pann\u00e9es li\u00e9es \u00e0 des d\u00e9marrages \u00e0 froid - link2fleet\",\"isPartOf\":{\"@id\":\"https:\\\/\\\/www.link2fleet.com\\\/fr\\\/#website\"},\"primaryImageOfPage\":{\"@id\":\"https:\\\/\\\/www.link2fleet.com\\\/fr\\\/vab-enregistre-48-dappels-supplementaires-en-cas-de-pannees-liees-a-des-demarrages-a-froid\\\/#primaryimage\"},\"image\":{\"@id\":\"https:\\\/\\\/www.link2fleet.com\\\/fr\\\/vab-enregistre-48-dappels-supplementaires-en-cas-de-pannees-liees-a-des-demarrages-a-froid\\\/#primaryimage\"},\"thumbnailUrl\":\"https:\\\/\\\/static.link2fleet.com\\\/wp-content\\\/uploads\\\/2024\\\/03\\\/livraison-vab-d-ieteren7.jpg\",\"datePublished\":\"2022-01-10T10:02:03+00:00\",\"breadcrumb\":{\"@id\":\"https:\\\/\\\/www.link2fleet.com\\\/fr\\\/vab-enregistre-48-dappels-supplementaires-en-cas-de-pannees-liees-a-des-demarrages-a-froid\\\/#breadcrumb\"},\"inLanguage\":\"fr-FR\",\"potentialAction\":[{\"@type\":\"ReadAction\",\"target\":[\"https:\\\/\\\/www.link2fleet.com\\\/fr\\\/vab-enregistre-48-dappels-supplementaires-en-cas-de-pannees-liees-a-des-demarrages-a-froid\\\/\"]}]},{\"@type\":\"ImageObject\",\"inLanguage\":\"fr-FR\",\"@id\":\"https:\\\/\\\/www.link2fleet.com\\\/fr\\\/vab-enregistre-48-dappels-supplementaires-en-cas-de-pannees-liees-a-des-demarrages-a-froid\\\/#primaryimage\",\"url\":\"https:\\\/\\\/static.link2fleet.com\\\/wp-content\\\/uploads\\\/2024\\\/03\\\/livraison-vab-d-ieteren7.jpg\",\"contentUrl\":\"https:\\\/\\\/static.link2fleet.com\\\/wp-content\\\/uploads\\\/2024\\\/03\\\/livraison-vab-d-ieteren7.jpg\",\"width\":3190,\"height\":2127},{\"@type\":\"BreadcrumbList\",\"@id\":\"https:\\\/\\\/www.link2fleet.com\\\/fr\\\/vab-enregistre-48-dappels-supplementaires-en-cas-de-pannees-liees-a-des-demarrages-a-froid\\\/#breadcrumb\",\"itemListElement\":[{\"@type\":\"ListItem\",\"position\":1,\"name\":\"Home\",\"item\":\"https:\\\/\\\/www.link2fleet.com\\\/fr\\\/\"},{\"@type\":\"ListItem\",\"position\":2,\"name\":\"VAB enregistre 48 % d&#8217;appels suppl\u00e9mentaires en cas de pann\u00e9es li\u00e9es \u00e0 des d\u00e9marrages \u00e0 froid\"}]},{\"@type\":\"WebSite\",\"@id\":\"https:\\\/\\\/www.link2fleet.com\\\/fr\\\/#website\",\"url\":\"https:\\\/\\\/www.link2fleet.com\\\/fr\\\/\",\"name\":\"Link2fleet\",\"description\":\"\",\"publisher\":{\"@id\":\"https:\\\/\\\/www.link2fleet.com\\\/fr\\\/#organization\"},\"potentialAction\":[{\"@type\":\"SearchAction\",\"target\":{\"@type\":\"EntryPoint\",\"urlTemplate\":\"https:\\\/\\\/www.link2fleet.com\\\/fr\\\/?s={search_term_string}\"},\"query-input\":{\"@type\":\"PropertyValueSpecification\",\"valueRequired\":true,\"valueName\":\"search_term_string\"}}],\"inLanguage\":\"fr-FR\"},{\"@type\":\"Organization\",\"@id\":\"https:\\\/\\\/www.link2fleet.com\\\/fr\\\/#organization\",\"name\":\"Link2fleet\",\"url\":\"https:\\\/\\\/www.link2fleet.com\\\/fr\\\/\",\"logo\":{\"@type\":\"ImageObject\",\"inLanguage\":\"fr-FR\",\"@id\":\"https:\\\/\\\/www.link2fleet.com\\\/fr\\\/#\\\/schema\\\/logo\\\/image\\\/\",\"url\":\"https:\\\/\\\/static.link2fleet.com\\\/wp-content\\\/uploads\\\/2024\\\/03\\\/share-image.jpg\",\"contentUrl\":\"https:\\\/\\\/static.link2fleet.com\\\/wp-content\\\/uploads\\\/2024\\\/03\\\/share-image.jpg\",\"width\":1200,\"height\":630,\"caption\":\"Link2fleet\"},\"image\":{\"@id\":\"https:\\\/\\\/www.link2fleet.com\\\/fr\\\/#\\\/schema\\\/logo\\\/image\\\/\"},\"sameAs\":[\"https:\\\/\\\/www.linkedin.com\\\/company\\\/link2fleet-belgium\",\"https:\\\/\\\/www.youtube.com\\\/user\\\/MMMBMBE\"]},{\"@type\":\"Person\",\"@id\":\"https:\\\/\\\/www.link2fleet.com\\\/fr\\\/#\\\/schema\\\/person\\\/3f23fa5cf039e25761156c930f6bf38f\",\"name\":\"Jeroen Evens\",\"image\":{\"@type\":\"ImageObject\",\"inLanguage\":\"fr-FR\",\"@id\":\"https:\\\/\\\/secure.gravatar.com\\\/avatar\\\/6e059523a84fbec54e5ec5d0f3fb4322b7b077be22b323085f823d1d7f00f32e?s=96&d=mm&r=g\",\"url\":\"https:\\\/\\\/secure.gravatar.com\\\/avatar\\\/6e059523a84fbec54e5ec5d0f3fb4322b7b077be22b323085f823d1d7f00f32e?s=96&d=mm&r=g\",\"contentUrl\":\"https:\\\/\\\/secure.gravatar.com\\\/avatar\\\/6e059523a84fbec54e5ec5d0f3fb4322b7b077be22b323085f823d1d7f00f32e?s=96&d=mm&r=g\",\"caption\":\"Jeroen Evens\"},\"description\":\"Jeroen Evens is opgeleid in de Communicatiewetenschappen (KULeuven) en is een enthousiaste volger van alles wat met mobiliteit en bedrijfswagens te maken heeft. Als freelance journalist gespecialiseerd in de fleetsector houdt hij al drie jaar lang de vinger aan de pols van de laatste ontwikkelingen in onze sector.\"}]}<\/script>\n<!-- \/ Yoast SEO plugin. -->","yoast_head_json":{"title":"VAB enregistre 48 % d'appels suppl\u00e9mentaires en cas de pann\u00e9es li\u00e9es \u00e0 des d\u00e9marrages \u00e0 froid - link2fleet","description":"Ces derniers jours, la temp\u00e9rature dans notre pays a de nouveau chut\u00e9 et, qui dit temp\u00e9rature plus basses rime avec capacit\u00e9s de batterie r\u00e9duites. En\u2026","robots":{"index":"index","follow":"follow","max-snippet":"max-snippet:-1","max-image-preview":"max-image-preview:large","max-video-preview":"max-video-preview:-1"},"og_locale":"fr_FR","og_type":"article","og_title":"VAB enregistre 48 % d'appels suppl\u00e9mentaires en cas de pann\u00e9es li\u00e9es \u00e0 des d\u00e9marrages \u00e0 froid - link2fleet","og_description":"Ces derniers jours, la temp\u00e9rature dans notre pays a de nouveau chut\u00e9 et, qui dit temp\u00e9rature plus basses rime avec capacit\u00e9s de batterie r\u00e9duites. En\u2026","og_url":"https:\/\/www.link2fleet.com\/fr\/vab-enregistre-48-dappels-supplementaires-en-cas-de-pannees-liees-a-des-demarrages-a-froid\/","og_site_name":"link2fleet","article_published_time":"2022-01-10T10:02:03+00:00","og_image":[{"width":3190,"height":2127,"url":"https:\/\/static.link2fleet.com\/wp-content\/uploads\/2024\/03\/livraison-vab-d-ieteren7.jpg","type":"image\/jpeg"}],"author":"Jeroen Evens","twitter_card":"summary_large_image","twitter_description":"Ces derniers jours, la temp\u00e9rature dans notre pays a de nouveau chut\u00e9 et, qui dit temp\u00e9rature plus basses rime avec capacit\u00e9s de batterie r\u00e9duites. En\u2026","twitter_misc":{"\u00c9crit par":"Jeroen Evens","Dur\u00e9e de lecture estim\u00e9e":"1 minute"},"schema":{"@context":"https:\/\/schema.org","@graph":[{"@type":"Article","@id":"https:\/\/www.link2fleet.com\/fr\/vab-enregistre-48-dappels-supplementaires-en-cas-de-pannees-liees-a-des-demarrages-a-froid\/#article","isPartOf":{"@id":"https:\/\/www.link2fleet.com\/fr\/vab-enregistre-48-dappels-supplementaires-en-cas-de-pannees-liees-a-des-demarrages-a-froid\/"},"author":{"name":"Jeroen Evens","@id":"https:\/\/www.link2fleet.com\/fr\/#\/schema\/person\/3f23fa5cf039e25761156c930f6bf38f"},"headline":"VAB enregistre 48 % d&rsquo;appels suppl\u00e9mentaires en cas de pann\u00e9es li\u00e9es \u00e0 des d\u00e9marrages \u00e0 froid","datePublished":"2022-01-10T10:02:03+00:00","mainEntityOfPage":{"@id":"https:\/\/www.link2fleet.com\/fr\/vab-enregistre-48-dappels-supplementaires-en-cas-de-pannees-liees-a-des-demarrages-a-froid\/"},"wordCount":207,"publisher":{"@id":"https:\/\/www.link2fleet.com\/fr\/#organization"},"image":{"@id":"https:\/\/www.link2fleet.com\/fr\/vab-enregistre-48-dappels-supplementaires-en-cas-de-pannees-liees-a-des-demarrages-a-froid\/#primaryimage"},"thumbnailUrl":"https:\/\/static.link2fleet.com\/wp-content\/uploads\/2024\/03\/livraison-vab-d-ieteren7.jpg","articleSection":["Assurances et assistance","Gestion de flotte"],"inLanguage":"fr-FR"},{"@type":"WebPage","@id":"https:\/\/www.link2fleet.com\/fr\/vab-enregistre-48-dappels-supplementaires-en-cas-de-pannees-liees-a-des-demarrages-a-froid\/","url":"https:\/\/www.link2fleet.com\/fr\/vab-enregistre-48-dappels-supplementaires-en-cas-de-pannees-liees-a-des-demarrages-a-froid\/","name":"VAB enregistre 48 % d'appels suppl\u00e9mentaires en cas de pann\u00e9es li\u00e9es \u00e0 des d\u00e9marrages \u00e0 froid - link2fleet","isPartOf":{"@id":"https:\/\/www.link2fleet.com\/fr\/#website"},"primaryImageOfPage":{"@id":"https:\/\/www.link2fleet.com\/fr\/vab-enregistre-48-dappels-supplementaires-en-cas-de-pannees-liees-a-des-demarrages-a-froid\/#primaryimage"},"image":{"@id":"https:\/\/www.link2fleet.com\/fr\/vab-enregistre-48-dappels-supplementaires-en-cas-de-pannees-liees-a-des-demarrages-a-froid\/#primaryimage"},"thumbnailUrl":"https:\/\/static.link2fleet.com\/wp-content\/uploads\/2024\/03\/livraison-vab-d-ieteren7.jpg","datePublished":"2022-01-10T10:02:03+00:00","breadcrumb":{"@id":"https:\/\/www.link2fleet.com\/fr\/vab-enregistre-48-dappels-supplementaires-en-cas-de-pannees-liees-a-des-demarrages-a-froid\/#breadcrumb"},"inLanguage":"fr-FR","potentialAction":[{"@type":"ReadAction","target":["https:\/\/www.link2fleet.com\/fr\/vab-enregistre-48-dappels-supplementaires-en-cas-de-pannees-liees-a-des-demarrages-a-froid\/"]}]},{"@type":"ImageObject","inLanguage":"fr-FR","@id":"https:\/\/www.link2fleet.com\/fr\/vab-enregistre-48-dappels-supplementaires-en-cas-de-pannees-liees-a-des-demarrages-a-froid\/#primaryimage","url":"https:\/\/static.link2fleet.com\/wp-content\/uploads\/2024\/03\/livraison-vab-d-ieteren7.jpg","contentUrl":"https:\/\/static.link2fleet.com\/wp-content\/uploads\/2024\/03\/livraison-vab-d-ieteren7.jpg","width":3190,"height":2127},{"@type":"BreadcrumbList","@id":"https:\/\/www.link2fleet.com\/fr\/vab-enregistre-48-dappels-supplementaires-en-cas-de-pannees-liees-a-des-demarrages-a-froid\/#breadcrumb","itemListElement":[{"@type":"ListItem","position":1,"name":"Home","item":"https:\/\/www.link2fleet.com\/fr\/"},{"@type":"ListItem","position":2,"name":"VAB enregistre 48 % d&#8217;appels suppl\u00e9mentaires en cas de pann\u00e9es li\u00e9es \u00e0 des d\u00e9marrages \u00e0 froid"}]},{"@type":"WebSite","@id":"https:\/\/www.link2fleet.com\/fr\/#website","url":"https:\/\/www.link2fleet.com\/fr\/","name":"Link2fleet","description":"","publisher":{"@id":"https:\/\/www.link2fleet.com\/fr\/#organization"},"potentialAction":[{"@type":"SearchAction","target":{"@type":"EntryPoint","urlTemplate":"https:\/\/www.link2fleet.com\/fr\/?s={search_term_string}"},"query-input":{"@type":"PropertyValueSpecification","valueRequired":true,"valueName":"search_term_string"}}],"inLanguage":"fr-FR"},{"@type":"Organization","@id":"https:\/\/www.link2fleet.com\/fr\/#organization","name":"Link2fleet","url":"https:\/\/www.link2fleet.com\/fr\/","logo":{"@type":"ImageObject","inLanguage":"fr-FR","@id":"https:\/\/www.link2fleet.com\/fr\/#\/schema\/logo\/image\/","url":"https:\/\/static.link2fleet.com\/wp-content\/uploads\/2024\/03\/share-image.jpg","contentUrl":"https:\/\/static.link2fleet.com\/wp-content\/uploads\/2024\/03\/share-image.jpg","width":1200,"height":630,"caption":"Link2fleet"},"image":{"@id":"https:\/\/www.link2fleet.com\/fr\/#\/schema\/logo\/image\/"},"sameAs":["https:\/\/www.linkedin.com\/company\/link2fleet-belgium","https:\/\/www.youtube.com\/user\/MMMBMBE"]},{"@type":"Person","@id":"https:\/\/www.link2fleet.com\/fr\/#\/schema\/person\/3f23fa5cf039e25761156c930f6bf38f","name":"Jeroen Evens","image":{"@type":"ImageObject","inLanguage":"fr-FR","@id":"https:\/\/secure.gravatar.com\/avatar\/6e059523a84fbec54e5ec5d0f3fb4322b7b077be22b323085f823d1d7f00f32e?s=96&d=mm&r=g","url":"https:\/\/secure.gravatar.com\/avatar\/6e059523a84fbec54e5ec5d0f3fb4322b7b077be22b323085f823d1d7f00f32e?s=96&d=mm&r=g","contentUrl":"https:\/\/secure.gravatar.com\/avatar\/6e059523a84fbec54e5ec5d0f3fb4322b7b077be22b323085f823d1d7f00f32e?s=96&d=mm&r=g","caption":"Jeroen Evens"},"description":"Jeroen Evens is opgeleid in de Communicatiewetenschappen (KULeuven) en is een enthousiaste volger van alles wat met mobiliteit en bedrijfswagens te maken heeft. Als freelance journalist gespecialiseerd in de fleetsector houdt hij al drie jaar lang de vinger aan de pols van de laatste ontwikkelingen in onze sector."}]}},"_links":{"self":[{"href":"https:\/\/www.link2fleet.com\/fr\/wp-json\/wp\/v2\/posts\/5388","targetHints":{"allow":["GET"]}}],"collection":[{"href":"https:\/\/www.link2fleet.com\/fr\/wp-json\/wp\/v2\/posts"}],"about":[{"href":"https:\/\/www.link2fleet.com\/fr\/wp-json\/wp\/v2\/types\/post"}],"author":[{"embeddable":true,"href":"https:\/\/www.link2fleet.com\/fr\/wp-json\/wp\/v2\/users\/43"}],"replies":[{"embeddable":true,"href":"https:\/\/www.link2fleet.com\/fr\/wp-json\/wp\/v2\/comments?post=5388"}],"version-history":[{"count":0,"href":"https:\/\/www.link2fleet.com\/fr\/wp-json\/wp\/v2\/posts\/5388\/revisions"}],"wp:featuredmedia":[{"embeddable":true,"href":"https:\/\/www.link2fleet.com\/fr\/wp-json\/wp\/v2\/media\/5389"}],"wp:attachment":[{"href":"https:\/\/www.link2fleet.com\/fr\/wp-json\/wp\/v2\/media?parent=5388"}],"wp:term":[{"taxonomy":"category","embeddable":true,"href":"https:\/\/www.link2fleet.com\/fr\/wp-json\/wp\/v2\/categories?post=5388"},{"taxonomy":"post_tag","embeddable":true,"href":"https:\/\/www.link2fleet.com\/fr\/wp-json\/wp\/v2\/tags?post=5388"}],"curies":[{"name":"wp","href":"https:\/\/api.w.org\/{rel}","templated":true}]}}