{"id":54109,"date":"2025-07-30T16:34:50","date_gmt":"2025-07-30T14:34:50","guid":{"rendered":"https:\/\/www.link2fleet.com\/?p=54109"},"modified":"2025-07-30T16:43:00","modified_gmt":"2025-07-30T14:43:00","slug":"longevite-des-batteries-des-chiffres-de-plus-en-plus-encourageants","status":"publish","type":"post","link":"https:\/\/www.link2fleet.com\/fr\/longevite-des-batteries-des-chiffres-de-plus-en-plus-encourageants\/","title":{"rendered":"Long\u00e9vit\u00e9 des batteries : des chiffres de plus en plus encourageants"},"content":{"rendered":"","protected":false},"excerpt":{"rendered":"","protected":false},"author":18,"featured_media":54111,"comment_status":"closed","ping_status":"closed","sticky":false,"template":"","format":"standard","meta":{"_acf_changed":false,"footnotes":""},"categories":[135,81,91],"tags":[],"class_list":["post-54109","post","type-post","status-publish","format-standard","has-post-thumbnail","hentry","category-news-fr","category-gestion-de-carburant-et-energie","category-expertise-et-management"],"acf":[],"yoast_head":"<!-- This site is optimized with the Yoast SEO plugin v27.3 - https:\/\/yoast.com\/product\/yoast-seo-wordpress\/ -->\n<title>Long\u00e9vit\u00e9 des batteries : des chiffres de plus en plus encourageants - link2fleet<\/title>\n<meta name=\"description\" content=\"Si certains acteurs estiment que les batteries de voitures \u00e9lectriques perdent en moyenne 3% de capacit\u00e9 par an, d\u2019autres avancent des chiffres bien plus optimistes.\u2026\" \/>\n<meta name=\"robots\" content=\"index, follow, max-snippet:-1, max-image-preview:large, max-video-preview:-1\" \/>\n<meta property=\"og:locale\" content=\"fr_FR\" \/>\n<meta property=\"og:type\" content=\"article\" \/>\n<meta property=\"og:title\" content=\"Long\u00e9vit\u00e9 des batteries : des chiffres de plus en plus encourageants - link2fleet\" \/>\n<meta property=\"og:description\" content=\"Si certains acteurs estiment que les batteries de voitures \u00e9lectriques perdent en moyenne 3% de capacit\u00e9 par an, d\u2019autres avancent des chiffres bien plus optimistes.\u2026\" \/>\n<meta property=\"og:url\" content=\"https:\/\/www.link2fleet.com\/levensduur-van-batterijen-steeds-bemoedigendere-cijfers\/\" \/>\n<meta property=\"og:site_name\" content=\"link2fleet\" \/>\n<meta property=\"article:published_time\" content=\"2025-07-30T14:34:50+00:00\" \/>\n<meta property=\"article:modified_time\" content=\"2025-07-30T14:43:00+00:00\" \/>\n<meta property=\"og:image\" content=\"https:\/\/static.link2fleet.com\/wp-content\/uploads\/2025\/07\/article-link2fleet-soh-batteries.jpg\" \/>\n\t<meta property=\"og:image:width\" content=\"1300\" \/>\n\t<meta property=\"og:image:height\" content=\"866\" \/>\n\t<meta property=\"og:image:type\" content=\"image\/jpeg\" \/>\n<meta name=\"author\" content=\"Maxime Pasture\" \/>\n<meta name=\"twitter:card\" content=\"summary_large_image\" \/>\n<meta name=\"twitter:description\" content=\"Si certains acteurs estiment que les batteries de voitures \u00e9lectriques perdent en moyenne 3% de capacit\u00e9 par an, d\u2019autres avancent des chiffres bien plus optimistes.\u2026\" \/>\n<meta name=\"twitter:label1\" content=\"\u00c9crit par\" \/>\n\t<meta name=\"twitter:data1\" content=\"Journaliste de formation, Maxime est tr\u00e8s curieux mais surtout passionn\u00e9 d&#039;automobile. Sa curiosit\u00e9 l&#039;am\u00e8ne \u00e0 traiter de sujets divers et vari\u00e9s li\u00e9s \u00e0 la mobilit\u00e9 au sens large et bien plus encore !\" \/>\n\t<meta name=\"twitter:label2\" content=\"Dur\u00e9e de lecture estim\u00e9e\" \/>\n\t<meta name=\"twitter:data2\" content=\"5 minutes\" \/>\n<script type=\"application\/ld+json\" class=\"yoast-schema-graph\">{\"@context\":\"https:\\\/\\\/schema.org\",\"@graph\":[{\"@type\":\"Article\",\"@id\":\"https:\\\/\\\/www.link2fleet.com\\\/levensduur-van-batterijen-steeds-bemoedigendere-cijfers\\\/#article\",\"isPartOf\":{\"@id\":\"https:\\\/\\\/www.link2fleet.com\\\/levensduur-van-batterijen-steeds-bemoedigendere-cijfers\\\/\"},\"author\":{\"name\":\"Maxime Pasture\",\"@id\":\"https:\\\/\\\/www.link2fleet.com\\\/fr\\\/#\\\/schema\\\/person\\\/36f3d48d12a83e110d72b602b5bebc11\"},\"headline\":\"Long\u00e9vit\u00e9 des batteries : des chiffres de plus en plus encourageants\",\"datePublished\":\"2025-07-30T14:34:50+00:00\",\"dateModified\":\"2025-07-30T14:43:00+00:00\",\"mainEntityOfPage\":{\"@id\":\"https:\\\/\\\/www.link2fleet.com\\\/levensduur-van-batterijen-steeds-bemoedigendere-cijfers\\\/\"},\"wordCount\":11,\"publisher\":{\"@id\":\"https:\\\/\\\/www.link2fleet.com\\\/fr\\\/#organization\"},\"image\":{\"@id\":\"https:\\\/\\\/www.link2fleet.com\\\/levensduur-van-batterijen-steeds-bemoedigendere-cijfers\\\/#primaryimage\"},\"thumbnailUrl\":\"https:\\\/\\\/static.link2fleet.com\\\/wp-content\\\/uploads\\\/2025\\\/07\\\/article-link2fleet-soh-batteries.jpg\",\"articleSection\":[\"Actus\",\"Gestion carburant et de l'\u00e9nergie\",\"Gestion de flotte\"],\"inLanguage\":\"fr-FR\"},{\"@type\":\"WebPage\",\"@id\":\"https:\\\/\\\/www.link2fleet.com\\\/levensduur-van-batterijen-steeds-bemoedigendere-cijfers\\\/\",\"url\":\"https:\\\/\\\/www.link2fleet.com\\\/levensduur-van-batterijen-steeds-bemoedigendere-cijfers\\\/\",\"name\":\"Long\u00e9vit\u00e9 des batteries : des chiffres de plus en plus encourageants - link2fleet\",\"isPartOf\":{\"@id\":\"https:\\\/\\\/www.link2fleet.com\\\/fr\\\/#website\"},\"primaryImageOfPage\":{\"@id\":\"https:\\\/\\\/www.link2fleet.com\\\/levensduur-van-batterijen-steeds-bemoedigendere-cijfers\\\/#primaryimage\"},\"image\":{\"@id\":\"https:\\\/\\\/www.link2fleet.com\\\/levensduur-van-batterijen-steeds-bemoedigendere-cijfers\\\/#primaryimage\"},\"thumbnailUrl\":\"https:\\\/\\\/static.link2fleet.com\\\/wp-content\\\/uploads\\\/2025\\\/07\\\/article-link2fleet-soh-batteries.jpg\",\"datePublished\":\"2025-07-30T14:34:50+00:00\",\"dateModified\":\"2025-07-30T14:43:00+00:00\",\"description\":\"Si certains acteurs estiment que les batteries de voitures \u00e9lectriques perdent en moyenne 3% de capacit\u00e9 par an, d\u2019autres avancent des chiffres bien plus optimistes.\",\"breadcrumb\":{\"@id\":\"https:\\\/\\\/www.link2fleet.com\\\/levensduur-van-batterijen-steeds-bemoedigendere-cijfers\\\/#breadcrumb\"},\"inLanguage\":\"fr-FR\",\"potentialAction\":[{\"@type\":\"ReadAction\",\"target\":[\"https:\\\/\\\/www.link2fleet.com\\\/levensduur-van-batterijen-steeds-bemoedigendere-cijfers\\\/\"]}]},{\"@type\":\"ImageObject\",\"inLanguage\":\"fr-FR\",\"@id\":\"https:\\\/\\\/www.link2fleet.com\\\/levensduur-van-batterijen-steeds-bemoedigendere-cijfers\\\/#primaryimage\",\"url\":\"https:\\\/\\\/static.link2fleet.com\\\/wp-content\\\/uploads\\\/2025\\\/07\\\/article-link2fleet-soh-batteries.jpg\",\"contentUrl\":\"https:\\\/\\\/static.link2fleet.com\\\/wp-content\\\/uploads\\\/2025\\\/07\\\/article-link2fleet-soh-batteries.jpg\",\"width\":1300,\"height\":866},{\"@type\":\"BreadcrumbList\",\"@id\":\"https:\\\/\\\/www.link2fleet.com\\\/levensduur-van-batterijen-steeds-bemoedigendere-cijfers\\\/#breadcrumb\",\"itemListElement\":[{\"@type\":\"ListItem\",\"position\":1,\"name\":\"Home\",\"item\":\"https:\\\/\\\/www.link2fleet.com\\\/fr\\\/\"},{\"@type\":\"ListItem\",\"position\":2,\"name\":\"Long\u00e9vit\u00e9 des batteries : des chiffres de plus en plus encourageants\"}]},{\"@type\":\"WebSite\",\"@id\":\"https:\\\/\\\/www.link2fleet.com\\\/fr\\\/#website\",\"url\":\"https:\\\/\\\/www.link2fleet.com\\\/fr\\\/\",\"name\":\"Link2fleet\",\"description\":\"\",\"publisher\":{\"@id\":\"https:\\\/\\\/www.link2fleet.com\\\/fr\\\/#organization\"},\"potentialAction\":[{\"@type\":\"SearchAction\",\"target\":{\"@type\":\"EntryPoint\",\"urlTemplate\":\"https:\\\/\\\/www.link2fleet.com\\\/fr\\\/?s={search_term_string}\"},\"query-input\":{\"@type\":\"PropertyValueSpecification\",\"valueRequired\":true,\"valueName\":\"search_term_string\"}}],\"inLanguage\":\"fr-FR\"},{\"@type\":\"Organization\",\"@id\":\"https:\\\/\\\/www.link2fleet.com\\\/fr\\\/#organization\",\"name\":\"Link2fleet\",\"url\":\"https:\\\/\\\/www.link2fleet.com\\\/fr\\\/\",\"logo\":{\"@type\":\"ImageObject\",\"inLanguage\":\"fr-FR\",\"@id\":\"https:\\\/\\\/www.link2fleet.com\\\/fr\\\/#\\\/schema\\\/logo\\\/image\\\/\",\"url\":\"https:\\\/\\\/static.link2fleet.com\\\/wp-content\\\/uploads\\\/2024\\\/03\\\/share-image.jpg\",\"contentUrl\":\"https:\\\/\\\/static.link2fleet.com\\\/wp-content\\\/uploads\\\/2024\\\/03\\\/share-image.jpg\",\"width\":1200,\"height\":630,\"caption\":\"Link2fleet\"},\"image\":{\"@id\":\"https:\\\/\\\/www.link2fleet.com\\\/fr\\\/#\\\/schema\\\/logo\\\/image\\\/\"},\"sameAs\":[\"https:\\\/\\\/www.linkedin.com\\\/company\\\/link2fleet-belgium\",\"https:\\\/\\\/www.youtube.com\\\/user\\\/MMMBMBE\"]},{\"@type\":\"Person\",\"@id\":\"https:\\\/\\\/www.link2fleet.com\\\/fr\\\/#\\\/schema\\\/person\\\/36f3d48d12a83e110d72b602b5bebc11\",\"name\":\"Maxime Pasture\",\"image\":{\"@type\":\"ImageObject\",\"inLanguage\":\"fr-FR\",\"@id\":\"https:\\\/\\\/secure.gravatar.com\\\/avatar\\\/a17c47a11dd3996c69a173e291c692b6a028e82349994bf0d9f60936c9795b9f?s=96&d=mm&r=g\",\"url\":\"https:\\\/\\\/secure.gravatar.com\\\/avatar\\\/a17c47a11dd3996c69a173e291c692b6a028e82349994bf0d9f60936c9795b9f?s=96&d=mm&r=g\",\"contentUrl\":\"https:\\\/\\\/secure.gravatar.com\\\/avatar\\\/a17c47a11dd3996c69a173e291c692b6a028e82349994bf0d9f60936c9795b9f?s=96&d=mm&r=g\",\"caption\":\"Maxime Pasture\"},\"description\":\"Journaliste de formation, Maxime est tr\u00e8s curieux mais surtout passionn\u00e9 d'automobile. Sa curiosit\u00e9 l'am\u00e8ne \u00e0 traiter de sujets divers et vari\u00e9s li\u00e9s \u00e0 la mobilit\u00e9 au sens large et bien plus encore !\"}]}<\/script>\n<!-- \/ Yoast SEO plugin. -->","yoast_head_json":{"title":"Long\u00e9vit\u00e9 des batteries : des chiffres de plus en plus encourageants - link2fleet","description":"Si certains acteurs estiment que les batteries de voitures \u00e9lectriques perdent en moyenne 3% de capacit\u00e9 par an, d\u2019autres avancent des chiffres bien plus optimistes.\u2026","robots":{"index":"index","follow":"follow","max-snippet":"max-snippet:-1","max-image-preview":"max-image-preview:large","max-video-preview":"max-video-preview:-1"},"og_locale":"fr_FR","og_type":"article","og_title":"Long\u00e9vit\u00e9 des batteries : des chiffres de plus en plus encourageants - link2fleet","og_description":"Si certains acteurs estiment que les batteries de voitures \u00e9lectriques perdent en moyenne 3% de capacit\u00e9 par an, d\u2019autres avancent des chiffres bien plus optimistes.\u2026","og_url":"https:\/\/www.link2fleet.com\/levensduur-van-batterijen-steeds-bemoedigendere-cijfers\/","og_site_name":"link2fleet","article_published_time":"2025-07-30T14:34:50+00:00","article_modified_time":"2025-07-30T14:43:00+00:00","og_image":[{"width":1300,"height":866,"url":"https:\/\/static.link2fleet.com\/wp-content\/uploads\/2025\/07\/article-link2fleet-soh-batteries.jpg","type":"image\/jpeg"}],"author":"Maxime Pasture","twitter_card":"summary_large_image","twitter_description":"Si certains acteurs estiment que les batteries de voitures \u00e9lectriques perdent en moyenne 3% de capacit\u00e9 par an, d\u2019autres avancent des chiffres bien plus optimistes.\u2026","twitter_misc":{"\u00c9crit par":"Journaliste de formation, Maxime est tr\u00e8s curieux mais surtout passionn\u00e9 d'automobile. Sa curiosit\u00e9 l'am\u00e8ne \u00e0 traiter de sujets divers et vari\u00e9s li\u00e9s \u00e0 la mobilit\u00e9 au sens large et bien plus encore !","Dur\u00e9e de lecture estim\u00e9e":"5 minutes"},"schema":{"@context":"https:\/\/schema.org","@graph":[{"@type":"Article","@id":"https:\/\/www.link2fleet.com\/levensduur-van-batterijen-steeds-bemoedigendere-cijfers\/#article","isPartOf":{"@id":"https:\/\/www.link2fleet.com\/levensduur-van-batterijen-steeds-bemoedigendere-cijfers\/"},"author":{"name":"Maxime Pasture","@id":"https:\/\/www.link2fleet.com\/fr\/#\/schema\/person\/36f3d48d12a83e110d72b602b5bebc11"},"headline":"Long\u00e9vit\u00e9 des batteries : des chiffres de plus en plus encourageants","datePublished":"2025-07-30T14:34:50+00:00","dateModified":"2025-07-30T14:43:00+00:00","mainEntityOfPage":{"@id":"https:\/\/www.link2fleet.com\/levensduur-van-batterijen-steeds-bemoedigendere-cijfers\/"},"wordCount":11,"publisher":{"@id":"https:\/\/www.link2fleet.com\/fr\/#organization"},"image":{"@id":"https:\/\/www.link2fleet.com\/levensduur-van-batterijen-steeds-bemoedigendere-cijfers\/#primaryimage"},"thumbnailUrl":"https:\/\/static.link2fleet.com\/wp-content\/uploads\/2025\/07\/article-link2fleet-soh-batteries.jpg","articleSection":["Actus","Gestion carburant et de l'\u00e9nergie","Gestion de flotte"],"inLanguage":"fr-FR"},{"@type":"WebPage","@id":"https:\/\/www.link2fleet.com\/levensduur-van-batterijen-steeds-bemoedigendere-cijfers\/","url":"https:\/\/www.link2fleet.com\/levensduur-van-batterijen-steeds-bemoedigendere-cijfers\/","name":"Long\u00e9vit\u00e9 des batteries : des chiffres de plus en plus encourageants - link2fleet","isPartOf":{"@id":"https:\/\/www.link2fleet.com\/fr\/#website"},"primaryImageOfPage":{"@id":"https:\/\/www.link2fleet.com\/levensduur-van-batterijen-steeds-bemoedigendere-cijfers\/#primaryimage"},"image":{"@id":"https:\/\/www.link2fleet.com\/levensduur-van-batterijen-steeds-bemoedigendere-cijfers\/#primaryimage"},"thumbnailUrl":"https:\/\/static.link2fleet.com\/wp-content\/uploads\/2025\/07\/article-link2fleet-soh-batteries.jpg","datePublished":"2025-07-30T14:34:50+00:00","dateModified":"2025-07-30T14:43:00+00:00","description":"Si certains acteurs estiment que les batteries de voitures \u00e9lectriques perdent en moyenne 3% de capacit\u00e9 par an, d\u2019autres avancent des chiffres bien plus optimistes.","breadcrumb":{"@id":"https:\/\/www.link2fleet.com\/levensduur-van-batterijen-steeds-bemoedigendere-cijfers\/#breadcrumb"},"inLanguage":"fr-FR","potentialAction":[{"@type":"ReadAction","target":["https:\/\/www.link2fleet.com\/levensduur-van-batterijen-steeds-bemoedigendere-cijfers\/"]}]},{"@type":"ImageObject","inLanguage":"fr-FR","@id":"https:\/\/www.link2fleet.com\/levensduur-van-batterijen-steeds-bemoedigendere-cijfers\/#primaryimage","url":"https:\/\/static.link2fleet.com\/wp-content\/uploads\/2025\/07\/article-link2fleet-soh-batteries.jpg","contentUrl":"https:\/\/static.link2fleet.com\/wp-content\/uploads\/2025\/07\/article-link2fleet-soh-batteries.jpg","width":1300,"height":866},{"@type":"BreadcrumbList","@id":"https:\/\/www.link2fleet.com\/levensduur-van-batterijen-steeds-bemoedigendere-cijfers\/#breadcrumb","itemListElement":[{"@type":"ListItem","position":1,"name":"Home","item":"https:\/\/www.link2fleet.com\/fr\/"},{"@type":"ListItem","position":2,"name":"Long\u00e9vit\u00e9 des batteries : des chiffres de plus en plus encourageants"}]},{"@type":"WebSite","@id":"https:\/\/www.link2fleet.com\/fr\/#website","url":"https:\/\/www.link2fleet.com\/fr\/","name":"Link2fleet","description":"","publisher":{"@id":"https:\/\/www.link2fleet.com\/fr\/#organization"},"potentialAction":[{"@type":"SearchAction","target":{"@type":"EntryPoint","urlTemplate":"https:\/\/www.link2fleet.com\/fr\/?s={search_term_string}"},"query-input":{"@type":"PropertyValueSpecification","valueRequired":true,"valueName":"search_term_string"}}],"inLanguage":"fr-FR"},{"@type":"Organization","@id":"https:\/\/www.link2fleet.com\/fr\/#organization","name":"Link2fleet","url":"https:\/\/www.link2fleet.com\/fr\/","logo":{"@type":"ImageObject","inLanguage":"fr-FR","@id":"https:\/\/www.link2fleet.com\/fr\/#\/schema\/logo\/image\/","url":"https:\/\/static.link2fleet.com\/wp-content\/uploads\/2024\/03\/share-image.jpg","contentUrl":"https:\/\/static.link2fleet.com\/wp-content\/uploads\/2024\/03\/share-image.jpg","width":1200,"height":630,"caption":"Link2fleet"},"image":{"@id":"https:\/\/www.link2fleet.com\/fr\/#\/schema\/logo\/image\/"},"sameAs":["https:\/\/www.linkedin.com\/company\/link2fleet-belgium","https:\/\/www.youtube.com\/user\/MMMBMBE"]},{"@type":"Person","@id":"https:\/\/www.link2fleet.com\/fr\/#\/schema\/person\/36f3d48d12a83e110d72b602b5bebc11","name":"Maxime Pasture","image":{"@type":"ImageObject","inLanguage":"fr-FR","@id":"https:\/\/secure.gravatar.com\/avatar\/a17c47a11dd3996c69a173e291c692b6a028e82349994bf0d9f60936c9795b9f?s=96&d=mm&r=g","url":"https:\/\/secure.gravatar.com\/avatar\/a17c47a11dd3996c69a173e291c692b6a028e82349994bf0d9f60936c9795b9f?s=96&d=mm&r=g","contentUrl":"https:\/\/secure.gravatar.com\/avatar\/a17c47a11dd3996c69a173e291c692b6a028e82349994bf0d9f60936c9795b9f?s=96&d=mm&r=g","caption":"Maxime Pasture"},"description":"Journaliste de formation, Maxime est tr\u00e8s curieux mais surtout passionn\u00e9 d'automobile. Sa curiosit\u00e9 l'am\u00e8ne \u00e0 traiter de sujets divers et vari\u00e9s li\u00e9s \u00e0 la mobilit\u00e9 au sens large et bien plus encore !"}]}},"_links":{"self":[{"href":"https:\/\/www.link2fleet.com\/fr\/wp-json\/wp\/v2\/posts\/54109","targetHints":{"allow":["GET"]}}],"collection":[{"href":"https:\/\/www.link2fleet.com\/fr\/wp-json\/wp\/v2\/posts"}],"about":[{"href":"https:\/\/www.link2fleet.com\/fr\/wp-json\/wp\/v2\/types\/post"}],"author":[{"embeddable":true,"href":"https:\/\/www.link2fleet.com\/fr\/wp-json\/wp\/v2\/users\/18"}],"replies":[{"embeddable":true,"href":"https:\/\/www.link2fleet.com\/fr\/wp-json\/wp\/v2\/comments?post=54109"}],"version-history":[{"count":5,"href":"https:\/\/www.link2fleet.com\/fr\/wp-json\/wp\/v2\/posts\/54109\/revisions"}],"predecessor-version":[{"id":54127,"href":"https:\/\/www.link2fleet.com\/fr\/wp-json\/wp\/v2\/posts\/54109\/revisions\/54127"}],"wp:featuredmedia":[{"embeddable":true,"href":"https:\/\/www.link2fleet.com\/fr\/wp-json\/wp\/v2\/media\/54111"}],"wp:attachment":[{"href":"https:\/\/www.link2fleet.com\/fr\/wp-json\/wp\/v2\/media?parent=54109"}],"wp:term":[{"taxonomy":"category","embeddable":true,"href":"https:\/\/www.link2fleet.com\/fr\/wp-json\/wp\/v2\/categories?post=54109"},{"taxonomy":"post_tag","embeddable":true,"href":"https:\/\/www.link2fleet.com\/fr\/wp-json\/wp\/v2\/tags?post=54109"}],"curies":[{"name":"wp","href":"https:\/\/api.w.org\/{rel}","templated":true}]}}