{"id":5437,"date":"2022-01-17T19:03:08","date_gmt":"2022-01-17T18:03:08","guid":{"rendered":"https:\/\/www.link2fleet.com\/fleet-test-ssangyong-korando-e-motion-lelectrique-a-portee-de-portefeuille\/"},"modified":"2024-04-17T16:48:05","modified_gmt":"2024-04-17T14:48:05","slug":"fleet-test-ssangyong-korando-e-motion-lelectrique-a-portee-de-portefeuille","status":"publish","type":"post","link":"https:\/\/www.link2fleet.com\/fr\/fleet-test-ssangyong-korando-e-motion-lelectrique-a-portee-de-portefeuille\/","title":{"rendered":"Fleet test \u2013 SsangYong Korando e-Motion: l\u2019\u00e9lectrique \u00e0 port\u00e9e de portefeuille"},"content":{"rendered":"<p>SsangYong affiche une croissance moyenne de 20% par an. Pourtant, sa situation financi\u00e8re est au plus bas. Menac\u00e9 de faillite, le constructeur sud-cor\u00e9en a \u00e9t\u00e9 rachet\u00e9 fin d\u00e9cembre par Edison Motors, entreprise sp\u00e9cialis\u00e9e dans les bus \u00e9lectriques. Esp\u00e9rons que cette reprise donnera \u00e0 SsangYong le nouveau coup de boost dont elle a besoin pour survivre dans un march\u00e9 automobile toujours plus concurrentiel et o\u00f9 la voiture \u00e9lectrique va continuer \u00e0 s\u2019imposer.<\/p>\n<p>&nbsp;<\/p>\n<p><strong>Le chainon manquant<\/strong><\/p>\n<p><a href=\"https:\/\/www.link2fleet.com\/wp-content\/uploads\/2022\/01\/SsangYongKorando-16.jpg\"><img loading=\"lazy\" decoding=\"async\" class=\"alignright size-medium wp-image-1276522\" src=\"https:\/\/www.link2fleet.com\/wp-content\/uploads\/2022\/01\/SsangYongKorando-16-300x200.jpg\" alt=\"\" width=\"300\" height=\"200\" \/><\/a>La voiture \u00e9lectrique, c\u2019est peut-\u00eatre justement l\u2019\u00e9l\u00e9ment qu\u2019il manquait \u00e0 SsangYong pour continuer \u00e0 attirer de nouveaux clients. Mais les choses sont en passe de changer. M\u00eame si la marque dispose encore actuellement d\u2019une gamme tr\u00e8s limit\u00e9e, elle ambitionne de se d\u00e9velopper fortement dans les ann\u00e9es \u00e0 venir puisque, d\u00e8s 2023, un nouveau mod\u00e8le EV fera son apparition chaque ann\u00e9e sur le march\u00e9 europ\u00e9en. Et cela commence d\u00e8s aujourd\u2019hui avec l\u2019introduction du Korando e-Motion.<\/p>\n<p>Il ne s\u2019agit pas encore \u00e0 proprement parler d\u2019un nouveau mod\u00e8le, mais bien d\u2019une adaptation \u00e9lectrique du SUV Korando existant, deuxi\u00e8me mod\u00e8le le plus vendu de la marque. Pour diff\u00e9rencier ce Korando EV de sa version thermique, il se dote d\u2019accents bleut\u00e9s sur sa carrosserie, ses r\u00e9troviseurs et dans son habitacle et s\u2019offre des jantes 17 pouces sp\u00e9cifiques. Sur le plan technologique, la version EV se dote d\u2019un \u00e9cran num\u00e9rique de 12,3 pouces de s\u00e9rie, tandis que toutes les aides \u00e0 la conduite sont disponibles de s\u00e9rie sur toutes les versions.<\/p>\n<p><a href=\"https:\/\/www.link2fleet.com\/wp-content\/uploads\/2022\/01\/SsangYongKorando-51.jpg\"><img loading=\"lazy\" decoding=\"async\" class=\"alignleft size-medium wp-image-1276506\" src=\"https:\/\/www.link2fleet.com\/wp-content\/uploads\/2022\/01\/SsangYongKorando-51-300x200.jpg\" alt=\"\" width=\"300\" height=\"200\" \/><\/a>Mais c\u2019est surtout sous sa carrosserie que la diff\u00e9rence se fait puisqu\u2019il renferme une batterie de 62,5 kWh qui lui permet d\u2019afficher une autonomie \u00e9lectrique de 339 km (WLTP), qui peuvent grimper \u00e0 474 km en cycle urbain. La puissance cumul\u00e9e est de 190 ch (140 kW). L\u2019autonomie peut \u00eatre r\u00e9gul\u00e9e via 3 modes de r\u00e9g\u00e9n\u00e9ration et le conducteur peut choisir de programmer la recharge \u00e0 un moment pr\u00e9cis via l\u2019ordinateur de bord. La recharge compl\u00e8te prend 11 heures sur une wallbox, tandis qu\u2019une recharge rapide sur une borne DC prendra moins d\u2019une heure pour passer de 20 \u00e0 80% de la capacit\u00e9.<\/p>\n<p>&nbsp;<\/p>\n<p><strong>1,5 T de capacit\u00e9 de remorquage<\/strong><\/p>\n<p>Sp\u00e9cificit\u00e9s du mod\u00e8le, le Korando e-Motion est capable de tracter jusqu\u2019\u00e0 1,5 tonne, ce qui en fait le meilleur \u00e9l\u00e8ve de sa cat\u00e9gorie et propose en plus 7 ans de garantie \u2013 ou 150.000 km. Son autre grand atout, c\u2019est son coffre puisqu\u2019avec 551 litres de volume, il affiche exactement la m\u00eame capacit\u00e9 que les versions thermiques. Enfin, la cerise sur le g\u00e2teau, c\u2019est son tarif ultra concurrentiel\u00a0: son prix de base d\u00e9bute \u00e0 38.990\u20ac TVAC. On vous met au d\u00e9fi de trouver un concurrent moins cher avec un \u00e9quipement aussi riche\u00a0!<\/p>\n<p><a href=\"https:\/\/www.link2fleet.com\/wp-content\/uploads\/2022\/01\/SsangYongKorando-17.jpg\"><img loading=\"lazy\" decoding=\"async\" class=\"aligncenter wp-image-1276520\" src=\"https:\/\/www.link2fleet.com\/wp-content\/uploads\/2022\/01\/SsangYongKorando-17.jpg\" alt=\"\" width=\"665\" height=\"444\" \/><\/a><\/p>\n<p>&nbsp;<\/p>\n<p><strong>Bilan fleet<\/strong><\/p>\n<p>Mais que vaut-il vraiment \u00e0 la conduite ce Korando e-Motion\u00a0? Eh bien, il n\u2019a pas vraiment \u00e0 rougir face \u00e0 ses concurrents. D\u2019abord parce qu\u2019il offre un excellent confort, une palette d\u2019aides \u00e0 la conduite quasi in\u00e9galable, un tr\u00e8s bel espace int\u00e9rieur, une qualit\u00e9 de mat\u00e9riaux plut\u00f4t valorisante et surtout parce que sa technologie moteur lui permet de tenir ses promesses en mati\u00e8re d\u2019autonomie. Notamment gr\u00e2ce \u00e0 ses 3 modes de r\u00e9cup\u00e9ration d\u2019\u00e9nergie, mais aussi gr\u00e2ce \u00e0 la pr\u00e9sence de s\u00e9rie d\u2019une pompe \u00e0 chaleur, souvent optionnelle chez la concurrence. En bref, ce Korando e-Motion se r\u00e9v\u00e8le \u00eatre un excellent compromis \u00e0 de nombreuses voitures \u00e9lectriques et permettra \u00e0 des clients fleet de pouvoir b\u00e9n\u00e9ficier d\u2019un v\u00e9hicule \u00e9lectrique familial.<\/p>\n<p>&nbsp;<\/p>\n<p><strong>\u00a0<\/strong><\/p>\n<p><strong>Fiche technique<\/strong><\/p>\n<p><strong>SsangYong Korando e-Motion<\/strong><\/p>\n<table width=\"565\">\n<tbody>\n<tr>\n<td width=\"300\"><strong>INFORMATIONS TECHNIQUES<\/strong><\/td>\n<td width=\"265\"><strong>\u00a0<\/strong><\/td>\n<\/tr>\n<tr>\n<td width=\"300\"><strong>Carburant\u00a0\u00a0\u00a0 <\/strong><\/td>\n<td width=\"265\">Electrique<\/td>\n<\/tr>\n<tr>\n<td width=\"300\"><strong>Puissance<\/strong><\/td>\n<td width=\"265\">140 kW\u00a0\/ 190 ch<\/td>\n<\/tr>\n<tr>\n<td width=\"300\"><strong>Couple maximum <\/strong><\/td>\n<td width=\"265\">360 Nm<\/td>\n<\/tr>\n<tr>\n<td width=\"300\"><strong>Poids \u00e0 vide<\/strong><\/td>\n<td width=\"265\">1.765 kg<\/td>\n<\/tr>\n<tr>\n<td width=\"300\"><strong>Volume du coffre<\/strong><\/td>\n<td width=\"265\">551 l<\/td>\n<\/tr>\n<tr>\n<td width=\"300\"><strong>Autonomie<\/strong><\/td>\n<td width=\"265\">339 km (WLTP)<\/td>\n<\/tr>\n<tr>\n<td width=\"300\"><strong>Consommation moyenne<\/strong><\/td>\n<td width=\"265\">16,8 kWh\/100 km<\/td>\n<\/tr>\n<tr>\n<td width=\"300\"><strong>Emission CO<sub>2<\/sub><\/strong><\/td>\n<td width=\"265\">0 g\/km<\/td>\n<\/tr>\n<tr>\n<td width=\"300\"><strong>Vitesse maximale<\/strong><\/td>\n<td width=\"265\">156 km\/h<\/td>\n<\/tr>\n<tr>\n<td width=\"300\"><strong>Capacit\u00e9 de la batterie<\/strong><\/td>\n<td width=\"265\">62,5 kWh<\/td>\n<\/tr>\n<\/tbody>\n<\/table>\n<p>&nbsp;<\/p>\n<table width=\"565\">\n<tbody>\n<tr>\n<td colspan=\"2\" width=\"565\"><strong>INFORMATIONS DE GESTION<\/strong><\/td>\n<\/tr>\n<tr>\n<td width=\"385\"><strong>Prix de base HTVA<\/strong><\/td>\n<td width=\"180\">32.223 \u20ac<\/td>\n<\/tr>\n<tr>\n<td width=\"385\"><strong>Prix de base TVAC<\/strong><\/td>\n<td width=\"180\">38.990 \u20ac<\/td>\n<\/tr>\n<tr>\n<td width=\"385\"><strong>TMC (Bruxelles, Wallonie, Leasing)<\/strong><\/td>\n<td width=\"180\">61,5 \u20ac<\/td>\n<\/tr>\n<tr>\n<td width=\"385\"><strong>BIV (Flandre)<\/strong><\/td>\n<td width=\"180\">0 \u20ac<\/td>\n<\/tr>\n<tr>\n<td width=\"385\"><strong>Taxe de circulation (Bruxelles, Wallonie)<\/strong><\/td>\n<td width=\"180\">83,56 \u20ac<\/td>\n<\/tr>\n<tr>\n<td width=\"385\"><strong>Taxe de circulation (Flandre)<\/strong><\/td>\n<td width=\"180\">0 \u20ac<\/td>\n<\/tr>\n<tr>\n<td width=\"385\"><strong>D\u00e9ductibilit\u00e9 fiscale<\/strong><\/td>\n<td width=\"180\">100 %<\/td>\n<\/tr>\n<tr>\n<td width=\"385\"><strong>ATN utilisateur<\/strong><\/td>\n<td width=\"180\">1.400 \u20ac\/an<\/td>\n<\/tr>\n<tr>\n<td width=\"385\"><strong>D\u00e9penses non-admises<\/strong><\/td>\n<td width=\"180\">560 \u20ac\/an<\/td>\n<\/tr>\n<tr>\n<td width=\"385\"><strong>Taxe CO<sub>2<\/sub><\/strong><\/td>\n<td width=\"180\">27,24 \u20ac<\/td>\n<\/tr>\n<\/tbody>\n<\/table>\n<p>&nbsp;<\/p>\n<p><strong>Galerie photos<\/strong><\/p>\n\n<p>&nbsp;<\/p>\n","protected":false},"excerpt":{"rendered":"<p>SsangYong affiche une croissance moyenne de 20% par an. Pourtant, sa situation financi\u00e8re est au plus bas. Menac\u00e9 de faillite, le constructeur sud-cor\u00e9en a \u00e9t\u00e9 rachet\u00e9 fin d\u00e9cembre par Edison Motors, entreprise sp\u00e9cialis\u00e9e dans les bus \u00e9lectriques. Esp\u00e9rons que cette reprise donnera \u00e0 SsangYong le nouveau coup de boost dont elle a besoin pour survivre [&hellip;]<\/p>\n","protected":false},"author":4,"featured_media":5438,"comment_status":"closed","ping_status":"closed","sticky":false,"template":"","format":"standard","meta":{"_acf_changed":false,"footnotes":""},"categories":[77,76],"tags":[],"class_list":["post-5437","post","type-post","status-publish","format-standard","has-post-thumbnail","hentry","category-importateurs-et-constructeurs-automobiles-vp","category-car"],"acf":[],"yoast_head":"<!-- This site is optimized with the Yoast SEO plugin v27.3 - https:\/\/yoast.com\/product\/yoast-seo-wordpress\/ -->\n<title>Fleet test \u2013 SsangYong Korando e-Motion: l\u2019\u00e9lectrique \u00e0 port\u00e9e de portefeuille - link2fleet<\/title>\n<meta name=\"description\" content=\"Encore discr\u00e8te sur le march\u00e9 fleet, SsangYong est pourtant une marque en pleine croissance et en pleine mutation. Avec l\u2019introduction de son Korando e-Motion, elle\u2026\" \/>\n<meta name=\"robots\" content=\"index, follow, max-snippet:-1, max-image-preview:large, max-video-preview:-1\" \/>\n<meta property=\"og:locale\" content=\"fr_FR\" \/>\n<meta property=\"og:type\" content=\"article\" \/>\n<meta property=\"og:title\" content=\"Fleet test \u2013 SsangYong Korando e-Motion: l\u2019\u00e9lectrique \u00e0 port\u00e9e de portefeuille - link2fleet\" \/>\n<meta property=\"og:description\" content=\"Encore discr\u00e8te sur le march\u00e9 fleet, SsangYong est pourtant une marque en pleine croissance et en pleine mutation. Avec l\u2019introduction de son Korando e-Motion, elle\u2026\" \/>\n<meta property=\"og:url\" content=\"https:\/\/www.link2fleet.com\/fr\/fleet-test-ssangyong-korando-e-motion-lelectrique-a-portee-de-portefeuille\/\" \/>\n<meta property=\"og:site_name\" content=\"link2fleet\" \/>\n<meta property=\"article:published_time\" content=\"2022-01-17T18:03:08+00:00\" \/>\n<meta property=\"article:modified_time\" content=\"2024-04-17T14:48:05+00:00\" \/>\n<meta property=\"og:image\" content=\"https:\/\/static.link2fleet.com\/wp-content\/uploads\/2024\/03\/ssangyongkorando-80.jpg\" \/>\n\t<meta property=\"og:image:width\" content=\"1024\" \/>\n\t<meta property=\"og:image:height\" content=\"683\" \/>\n\t<meta property=\"og:image:type\" content=\"image\/jpeg\" \/>\n<meta name=\"author\" content=\"Damien Malvetti\" \/>\n<meta name=\"twitter:card\" content=\"summary_large_image\" \/>\n<meta name=\"twitter:description\" content=\"Encore discr\u00e8te sur le march\u00e9 fleet, SsangYong est pourtant une marque en pleine croissance et en pleine mutation. Avec l\u2019introduction de son Korando e-Motion, elle\u2026\" \/>\n<meta name=\"twitter:label1\" content=\"\u00c9crit par\" \/>\n\t<meta name=\"twitter:data1\" content=\"Damien Malvetti\" \/>\n\t<meta name=\"twitter:label2\" content=\"Dur\u00e9e de lecture estim\u00e9e\" \/>\n\t<meta name=\"twitter:data2\" content=\"6 minutes\" \/>\n<script type=\"application\/ld+json\" class=\"yoast-schema-graph\">{\"@context\":\"https:\\\/\\\/schema.org\",\"@graph\":[{\"@type\":\"Article\",\"@id\":\"https:\\\/\\\/www.link2fleet.com\\\/fr\\\/fleet-test-ssangyong-korando-e-motion-lelectrique-a-portee-de-portefeuille\\\/#article\",\"isPartOf\":{\"@id\":\"https:\\\/\\\/www.link2fleet.com\\\/fr\\\/fleet-test-ssangyong-korando-e-motion-lelectrique-a-portee-de-portefeuille\\\/\"},\"author\":{\"name\":\"Damien Malvetti\",\"@id\":\"https:\\\/\\\/www.link2fleet.com\\\/fr\\\/#\\\/schema\\\/person\\\/027cd46113c78036b3809c9a054049da\"},\"headline\":\"Fleet test \u2013 SsangYong Korando e-Motion: l\u2019\u00e9lectrique \u00e0 port\u00e9e de portefeuille\",\"datePublished\":\"2022-01-17T18:03:08+00:00\",\"dateModified\":\"2024-04-17T14:48:05+00:00\",\"mainEntityOfPage\":{\"@id\":\"https:\\\/\\\/www.link2fleet.com\\\/fr\\\/fleet-test-ssangyong-korando-e-motion-lelectrique-a-portee-de-portefeuille\\\/\"},\"wordCount\":1116,\"publisher\":{\"@id\":\"https:\\\/\\\/www.link2fleet.com\\\/fr\\\/#organization\"},\"image\":{\"@id\":\"https:\\\/\\\/www.link2fleet.com\\\/fr\\\/fleet-test-ssangyong-korando-e-motion-lelectrique-a-portee-de-portefeuille\\\/#primaryimage\"},\"thumbnailUrl\":\"https:\\\/\\\/static.link2fleet.com\\\/wp-content\\\/uploads\\\/2024\\\/03\\\/ssangyongkorando-80.jpg\",\"articleSection\":[\"Importateurs et constructeurs\",\"V\u00e9hicules\"],\"inLanguage\":\"fr-FR\"},{\"@type\":\"WebPage\",\"@id\":\"https:\\\/\\\/www.link2fleet.com\\\/fr\\\/fleet-test-ssangyong-korando-e-motion-lelectrique-a-portee-de-portefeuille\\\/\",\"url\":\"https:\\\/\\\/www.link2fleet.com\\\/fr\\\/fleet-test-ssangyong-korando-e-motion-lelectrique-a-portee-de-portefeuille\\\/\",\"name\":\"Fleet test \u2013 SsangYong Korando e-Motion: l\u2019\u00e9lectrique \u00e0 port\u00e9e de portefeuille - link2fleet\",\"isPartOf\":{\"@id\":\"https:\\\/\\\/www.link2fleet.com\\\/fr\\\/#website\"},\"primaryImageOfPage\":{\"@id\":\"https:\\\/\\\/www.link2fleet.com\\\/fr\\\/fleet-test-ssangyong-korando-e-motion-lelectrique-a-portee-de-portefeuille\\\/#primaryimage\"},\"image\":{\"@id\":\"https:\\\/\\\/www.link2fleet.com\\\/fr\\\/fleet-test-ssangyong-korando-e-motion-lelectrique-a-portee-de-portefeuille\\\/#primaryimage\"},\"thumbnailUrl\":\"https:\\\/\\\/static.link2fleet.com\\\/wp-content\\\/uploads\\\/2024\\\/03\\\/ssangyongkorando-80.jpg\",\"datePublished\":\"2022-01-17T18:03:08+00:00\",\"dateModified\":\"2024-04-17T14:48:05+00:00\",\"breadcrumb\":{\"@id\":\"https:\\\/\\\/www.link2fleet.com\\\/fr\\\/fleet-test-ssangyong-korando-e-motion-lelectrique-a-portee-de-portefeuille\\\/#breadcrumb\"},\"inLanguage\":\"fr-FR\",\"potentialAction\":[{\"@type\":\"ReadAction\",\"target\":[\"https:\\\/\\\/www.link2fleet.com\\\/fr\\\/fleet-test-ssangyong-korando-e-motion-lelectrique-a-portee-de-portefeuille\\\/\"]}]},{\"@type\":\"ImageObject\",\"inLanguage\":\"fr-FR\",\"@id\":\"https:\\\/\\\/www.link2fleet.com\\\/fr\\\/fleet-test-ssangyong-korando-e-motion-lelectrique-a-portee-de-portefeuille\\\/#primaryimage\",\"url\":\"https:\\\/\\\/static.link2fleet.com\\\/wp-content\\\/uploads\\\/2024\\\/03\\\/ssangyongkorando-80.jpg\",\"contentUrl\":\"https:\\\/\\\/static.link2fleet.com\\\/wp-content\\\/uploads\\\/2024\\\/03\\\/ssangyongkorando-80.jpg\",\"width\":1024,\"height\":683,\"caption\":\"|||||||||||||||||||\"},{\"@type\":\"BreadcrumbList\",\"@id\":\"https:\\\/\\\/www.link2fleet.com\\\/fr\\\/fleet-test-ssangyong-korando-e-motion-lelectrique-a-portee-de-portefeuille\\\/#breadcrumb\",\"itemListElement\":[{\"@type\":\"ListItem\",\"position\":1,\"name\":\"Home\",\"item\":\"https:\\\/\\\/www.link2fleet.com\\\/fr\\\/\"},{\"@type\":\"ListItem\",\"position\":2,\"name\":\"Fleet test \u2013 SsangYong Korando e-Motion: l\u2019\u00e9lectrique \u00e0 port\u00e9e de portefeuille\"}]},{\"@type\":\"WebSite\",\"@id\":\"https:\\\/\\\/www.link2fleet.com\\\/fr\\\/#website\",\"url\":\"https:\\\/\\\/www.link2fleet.com\\\/fr\\\/\",\"name\":\"Link2fleet\",\"description\":\"\",\"publisher\":{\"@id\":\"https:\\\/\\\/www.link2fleet.com\\\/fr\\\/#organization\"},\"potentialAction\":[{\"@type\":\"SearchAction\",\"target\":{\"@type\":\"EntryPoint\",\"urlTemplate\":\"https:\\\/\\\/www.link2fleet.com\\\/fr\\\/?s={search_term_string}\"},\"query-input\":{\"@type\":\"PropertyValueSpecification\",\"valueRequired\":true,\"valueName\":\"search_term_string\"}}],\"inLanguage\":\"fr-FR\"},{\"@type\":\"Organization\",\"@id\":\"https:\\\/\\\/www.link2fleet.com\\\/fr\\\/#organization\",\"name\":\"Link2fleet\",\"url\":\"https:\\\/\\\/www.link2fleet.com\\\/fr\\\/\",\"logo\":{\"@type\":\"ImageObject\",\"inLanguage\":\"fr-FR\",\"@id\":\"https:\\\/\\\/www.link2fleet.com\\\/fr\\\/#\\\/schema\\\/logo\\\/image\\\/\",\"url\":\"https:\\\/\\\/static.link2fleet.com\\\/wp-content\\\/uploads\\\/2024\\\/03\\\/share-image.jpg\",\"contentUrl\":\"https:\\\/\\\/static.link2fleet.com\\\/wp-content\\\/uploads\\\/2024\\\/03\\\/share-image.jpg\",\"width\":1200,\"height\":630,\"caption\":\"Link2fleet\"},\"image\":{\"@id\":\"https:\\\/\\\/www.link2fleet.com\\\/fr\\\/#\\\/schema\\\/logo\\\/image\\\/\"},\"sameAs\":[\"https:\\\/\\\/www.linkedin.com\\\/company\\\/link2fleet-belgium\",\"https:\\\/\\\/www.youtube.com\\\/user\\\/MMMBMBE\"]},{\"@type\":\"Person\",\"@id\":\"https:\\\/\\\/www.link2fleet.com\\\/fr\\\/#\\\/schema\\\/person\\\/027cd46113c78036b3809c9a054049da\",\"name\":\"Damien Malvetti\",\"image\":{\"@type\":\"ImageObject\",\"inLanguage\":\"fr-FR\",\"@id\":\"https:\\\/\\\/secure.gravatar.com\\\/avatar\\\/dd8cc03b49466c735f753ac37f8caa371af16dfed347456ed61f02883255eebb?s=96&d=mm&r=g\",\"url\":\"https:\\\/\\\/secure.gravatar.com\\\/avatar\\\/dd8cc03b49466c735f753ac37f8caa371af16dfed347456ed61f02883255eebb?s=96&d=mm&r=g\",\"contentUrl\":\"https:\\\/\\\/secure.gravatar.com\\\/avatar\\\/dd8cc03b49466c735f753ac37f8caa371af16dfed347456ed61f02883255eebb?s=96&d=mm&r=g\",\"caption\":\"Damien Malvetti\"},\"description\":\"Damien Malvetti is opgeleid als journalist en gepassioneerd door wagens, technologie en mobiliteit. Hij is verantwoordelijk voor de redactionele inhoud van link2fleet en beschikt over een uitgebreide kennis van de fleet-sector en elektrische mobiliteit.\",\"sameAs\":[\"https:\\\/\\\/www.linkedin.com\\\/in\\\/damien-malvetti-56601142\\\/\"]}]}<\/script>\n<!-- \/ Yoast SEO plugin. -->","yoast_head_json":{"title":"Fleet test \u2013 SsangYong Korando e-Motion: l\u2019\u00e9lectrique \u00e0 port\u00e9e de portefeuille - link2fleet","description":"Encore discr\u00e8te sur le march\u00e9 fleet, SsangYong est pourtant une marque en pleine croissance et en pleine mutation. Avec l\u2019introduction de son Korando e-Motion, elle\u2026","robots":{"index":"index","follow":"follow","max-snippet":"max-snippet:-1","max-image-preview":"max-image-preview:large","max-video-preview":"max-video-preview:-1"},"og_locale":"fr_FR","og_type":"article","og_title":"Fleet test \u2013 SsangYong Korando e-Motion: l\u2019\u00e9lectrique \u00e0 port\u00e9e de portefeuille - link2fleet","og_description":"Encore discr\u00e8te sur le march\u00e9 fleet, SsangYong est pourtant une marque en pleine croissance et en pleine mutation. Avec l\u2019introduction de son Korando e-Motion, elle\u2026","og_url":"https:\/\/www.link2fleet.com\/fr\/fleet-test-ssangyong-korando-e-motion-lelectrique-a-portee-de-portefeuille\/","og_site_name":"link2fleet","article_published_time":"2022-01-17T18:03:08+00:00","article_modified_time":"2024-04-17T14:48:05+00:00","og_image":[{"width":1024,"height":683,"url":"https:\/\/static.link2fleet.com\/wp-content\/uploads\/2024\/03\/ssangyongkorando-80.jpg","type":"image\/jpeg"}],"author":"Damien Malvetti","twitter_card":"summary_large_image","twitter_description":"Encore discr\u00e8te sur le march\u00e9 fleet, SsangYong est pourtant une marque en pleine croissance et en pleine mutation. Avec l\u2019introduction de son Korando e-Motion, elle\u2026","twitter_misc":{"\u00c9crit par":"Damien Malvetti","Dur\u00e9e de lecture estim\u00e9e":"6 minutes"},"schema":{"@context":"https:\/\/schema.org","@graph":[{"@type":"Article","@id":"https:\/\/www.link2fleet.com\/fr\/fleet-test-ssangyong-korando-e-motion-lelectrique-a-portee-de-portefeuille\/#article","isPartOf":{"@id":"https:\/\/www.link2fleet.com\/fr\/fleet-test-ssangyong-korando-e-motion-lelectrique-a-portee-de-portefeuille\/"},"author":{"name":"Damien Malvetti","@id":"https:\/\/www.link2fleet.com\/fr\/#\/schema\/person\/027cd46113c78036b3809c9a054049da"},"headline":"Fleet test \u2013 SsangYong Korando e-Motion: l\u2019\u00e9lectrique \u00e0 port\u00e9e de portefeuille","datePublished":"2022-01-17T18:03:08+00:00","dateModified":"2024-04-17T14:48:05+00:00","mainEntityOfPage":{"@id":"https:\/\/www.link2fleet.com\/fr\/fleet-test-ssangyong-korando-e-motion-lelectrique-a-portee-de-portefeuille\/"},"wordCount":1116,"publisher":{"@id":"https:\/\/www.link2fleet.com\/fr\/#organization"},"image":{"@id":"https:\/\/www.link2fleet.com\/fr\/fleet-test-ssangyong-korando-e-motion-lelectrique-a-portee-de-portefeuille\/#primaryimage"},"thumbnailUrl":"https:\/\/static.link2fleet.com\/wp-content\/uploads\/2024\/03\/ssangyongkorando-80.jpg","articleSection":["Importateurs et constructeurs","V\u00e9hicules"],"inLanguage":"fr-FR"},{"@type":"WebPage","@id":"https:\/\/www.link2fleet.com\/fr\/fleet-test-ssangyong-korando-e-motion-lelectrique-a-portee-de-portefeuille\/","url":"https:\/\/www.link2fleet.com\/fr\/fleet-test-ssangyong-korando-e-motion-lelectrique-a-portee-de-portefeuille\/","name":"Fleet test \u2013 SsangYong Korando e-Motion: l\u2019\u00e9lectrique \u00e0 port\u00e9e de portefeuille - link2fleet","isPartOf":{"@id":"https:\/\/www.link2fleet.com\/fr\/#website"},"primaryImageOfPage":{"@id":"https:\/\/www.link2fleet.com\/fr\/fleet-test-ssangyong-korando-e-motion-lelectrique-a-portee-de-portefeuille\/#primaryimage"},"image":{"@id":"https:\/\/www.link2fleet.com\/fr\/fleet-test-ssangyong-korando-e-motion-lelectrique-a-portee-de-portefeuille\/#primaryimage"},"thumbnailUrl":"https:\/\/static.link2fleet.com\/wp-content\/uploads\/2024\/03\/ssangyongkorando-80.jpg","datePublished":"2022-01-17T18:03:08+00:00","dateModified":"2024-04-17T14:48:05+00:00","breadcrumb":{"@id":"https:\/\/www.link2fleet.com\/fr\/fleet-test-ssangyong-korando-e-motion-lelectrique-a-portee-de-portefeuille\/#breadcrumb"},"inLanguage":"fr-FR","potentialAction":[{"@type":"ReadAction","target":["https:\/\/www.link2fleet.com\/fr\/fleet-test-ssangyong-korando-e-motion-lelectrique-a-portee-de-portefeuille\/"]}]},{"@type":"ImageObject","inLanguage":"fr-FR","@id":"https:\/\/www.link2fleet.com\/fr\/fleet-test-ssangyong-korando-e-motion-lelectrique-a-portee-de-portefeuille\/#primaryimage","url":"https:\/\/static.link2fleet.com\/wp-content\/uploads\/2024\/03\/ssangyongkorando-80.jpg","contentUrl":"https:\/\/static.link2fleet.com\/wp-content\/uploads\/2024\/03\/ssangyongkorando-80.jpg","width":1024,"height":683,"caption":"|||||||||||||||||||"},{"@type":"BreadcrumbList","@id":"https:\/\/www.link2fleet.com\/fr\/fleet-test-ssangyong-korando-e-motion-lelectrique-a-portee-de-portefeuille\/#breadcrumb","itemListElement":[{"@type":"ListItem","position":1,"name":"Home","item":"https:\/\/www.link2fleet.com\/fr\/"},{"@type":"ListItem","position":2,"name":"Fleet test \u2013 SsangYong Korando e-Motion: l\u2019\u00e9lectrique \u00e0 port\u00e9e de portefeuille"}]},{"@type":"WebSite","@id":"https:\/\/www.link2fleet.com\/fr\/#website","url":"https:\/\/www.link2fleet.com\/fr\/","name":"Link2fleet","description":"","publisher":{"@id":"https:\/\/www.link2fleet.com\/fr\/#organization"},"potentialAction":[{"@type":"SearchAction","target":{"@type":"EntryPoint","urlTemplate":"https:\/\/www.link2fleet.com\/fr\/?s={search_term_string}"},"query-input":{"@type":"PropertyValueSpecification","valueRequired":true,"valueName":"search_term_string"}}],"inLanguage":"fr-FR"},{"@type":"Organization","@id":"https:\/\/www.link2fleet.com\/fr\/#organization","name":"Link2fleet","url":"https:\/\/www.link2fleet.com\/fr\/","logo":{"@type":"ImageObject","inLanguage":"fr-FR","@id":"https:\/\/www.link2fleet.com\/fr\/#\/schema\/logo\/image\/","url":"https:\/\/static.link2fleet.com\/wp-content\/uploads\/2024\/03\/share-image.jpg","contentUrl":"https:\/\/static.link2fleet.com\/wp-content\/uploads\/2024\/03\/share-image.jpg","width":1200,"height":630,"caption":"Link2fleet"},"image":{"@id":"https:\/\/www.link2fleet.com\/fr\/#\/schema\/logo\/image\/"},"sameAs":["https:\/\/www.linkedin.com\/company\/link2fleet-belgium","https:\/\/www.youtube.com\/user\/MMMBMBE"]},{"@type":"Person","@id":"https:\/\/www.link2fleet.com\/fr\/#\/schema\/person\/027cd46113c78036b3809c9a054049da","name":"Damien Malvetti","image":{"@type":"ImageObject","inLanguage":"fr-FR","@id":"https:\/\/secure.gravatar.com\/avatar\/dd8cc03b49466c735f753ac37f8caa371af16dfed347456ed61f02883255eebb?s=96&d=mm&r=g","url":"https:\/\/secure.gravatar.com\/avatar\/dd8cc03b49466c735f753ac37f8caa371af16dfed347456ed61f02883255eebb?s=96&d=mm&r=g","contentUrl":"https:\/\/secure.gravatar.com\/avatar\/dd8cc03b49466c735f753ac37f8caa371af16dfed347456ed61f02883255eebb?s=96&d=mm&r=g","caption":"Damien Malvetti"},"description":"Damien Malvetti is opgeleid als journalist en gepassioneerd door wagens, technologie en mobiliteit. Hij is verantwoordelijk voor de redactionele inhoud van link2fleet en beschikt over een uitgebreide kennis van de fleet-sector en elektrische mobiliteit.","sameAs":["https:\/\/www.linkedin.com\/in\/damien-malvetti-56601142\/"]}]}},"_links":{"self":[{"href":"https:\/\/www.link2fleet.com\/fr\/wp-json\/wp\/v2\/posts\/5437","targetHints":{"allow":["GET"]}}],"collection":[{"href":"https:\/\/www.link2fleet.com\/fr\/wp-json\/wp\/v2\/posts"}],"about":[{"href":"https:\/\/www.link2fleet.com\/fr\/wp-json\/wp\/v2\/types\/post"}],"author":[{"embeddable":true,"href":"https:\/\/www.link2fleet.com\/fr\/wp-json\/wp\/v2\/users\/4"}],"replies":[{"embeddable":true,"href":"https:\/\/www.link2fleet.com\/fr\/wp-json\/wp\/v2\/comments?post=5437"}],"version-history":[{"count":0,"href":"https:\/\/www.link2fleet.com\/fr\/wp-json\/wp\/v2\/posts\/5437\/revisions"}],"wp:featuredmedia":[{"embeddable":true,"href":"https:\/\/www.link2fleet.com\/fr\/wp-json\/wp\/v2\/media\/5438"}],"wp:attachment":[{"href":"https:\/\/www.link2fleet.com\/fr\/wp-json\/wp\/v2\/media?parent=5437"}],"wp:term":[{"taxonomy":"category","embeddable":true,"href":"https:\/\/www.link2fleet.com\/fr\/wp-json\/wp\/v2\/categories?post=5437"},{"taxonomy":"post_tag","embeddable":true,"href":"https:\/\/www.link2fleet.com\/fr\/wp-json\/wp\/v2\/tags?post=5437"}],"curies":[{"name":"wp","href":"https:\/\/api.w.org\/{rel}","templated":true}]}}