{"id":545,"date":"2024-01-11T16:12:27","date_gmt":"2024-01-11T15:12:27","guid":{"rendered":"https:\/\/www.link2fleet.com\/conduite-electrique-la-france-a-mis-les-bouchees-double-en-matiere-dinfrastructure\/"},"modified":"2024-01-29T11:37:42","modified_gmt":"2024-01-29T10:37:42","slug":"conduite-electrique-la-france-a-mis-les-bouchees-double-en-matiere-dinfrastructure","status":"publish","type":"post","link":"https:\/\/www.link2fleet.com\/fr\/conduite-electrique-la-france-a-mis-les-bouchees-double-en-matiere-dinfrastructure\/","title":{"rendered":"Conduite \u00e9lectrique : la France a mis les bouch\u00e9es double en mati\u00e8re d\u2019infrastructure"},"content":{"rendered":"<p style=\"font-weight: 400;\">Souvenez-vous\u00a0: l\u2019an dernier, je vous partageais mon exp\u00e9rience d\u2019un trajet en voiture \u00e9lectrique vers le plus c\u00e9l\u00e8bre parc d\u2019attraction de l\u2019est Parisien le 1<sup>er<\/sup> janvier. <a href=\"https:\/\/www.link2fleet.com\/fr\/trajet-en-electrique-quand-le-voyage-au-pays-du-reve-se-transforme-en-cauchemar\/\">Trajet qui avait tourn\u00e9 au cauchemar et avait dur\u00e9 12 heures pour parcourir 400 km en raison de l\u2019infrastructure de recharge absente, voire d\u00e9fectueuse dans certains cas, dans le nord de la France<\/a>.<\/p>\n<p style=\"font-weight: 400;\">N\u2019\u00e9tant pas de nature \u00e0 baisser les bras, j\u2019ai d\u00e9cid\u00e9 de retenter l\u2019exp\u00e9rience en ce 1<sup>er<\/sup> janvier 2024 pour d\u00e9terminer si la situation avait \u00e9volu\u00e9 ou non.<br \/>\nNous voil\u00e0 donc le 1<sup>er<\/sup> janvier \u00e0 17h. Les bagages sont dans la voiture \u2013 une Jeep Avenger \u2013 et nous d\u00e9marrons donc notre p\u00e9riple de 400 km de Maastricht jusqu\u2019\u00e0 Marne-la-Vall\u00e9e, avec une autonomie annonc\u00e9e de 372 km \u2013 la voiture n\u2019\u00e9tant pas charg\u00e9e \u00e0 100%. Comme l\u2019ann\u00e9e derni\u00e8re, la m\u00e9t\u00e9o est tout simplement ex\u00e9crable\u00a0: il fait froid et il pleut des cordes\u00a0!<\/p>\n<figure id=\"attachment_1303278\" aria-describedby=\"caption-attachment-1303278\" style=\"width: 300px\" class=\"wp-caption alignright\"><a href=\"https:\/\/www.link2fleet.com\/wp-content\/uploads\/2024\/01\/chargemap-leroeulx.jpg\"><img loading=\"lazy\" decoding=\"async\" class=\"wp-image-1303278 size-medium\" src=\"https:\/\/www.link2fleet.com\/wp-content\/uploads\/2024\/01\/chargemap-leroeulx-300x225.jpg\" alt=\"\" width=\"300\" height=\"225\" \/><\/a><figcaption id=\"caption-attachment-1303278\" class=\"wp-caption-text\">Le Roeulx &#8211; Photo ChargeMap<\/figcaption><\/figure>\n<p style=\"font-weight: 400;\">Apr\u00e8s 140 km parcourus et une autonomie restante de 74 km, nous d\u00e9cidons de nous arr\u00eater \u00e0 l\u2019aire du Roeulx-Thieu sur l\u2019E42, o\u00f9 6 chargeurs Ionity d\u2019une puissance de 475 kW sont \u00e0 disposition. Mais il semblerait que cette aire, unique parking autoroutier proposant des charges ultrarapides sur cette portion d\u2019autoroute, soit tr\u00e8s pris\u00e9e puisque toutes les bornes sont occup\u00e9es et 2 voitures font d\u00e9j\u00e0 la file devant nous. D\u2019autres conducteurs arrivent rapidement derri\u00e8re nous et on sent une ambiance assez tendue entre certains usagers.<\/p>\n<p style=\"font-weight: 400;\">Un conducteur monopolise ainsi une borne depuis un certain temps et veut absolument recharger son v\u00e9hicule \u00e0 100%. Il n\u2019en a que faire des arguments d\u2019une autre conductrice qui lui explique que la file s\u2019allonge et qu\u2019il vaut mieux cesser la charge \u00e0 80%.<\/p>\n<p style=\"font-weight: 400;\">\n<p style=\"font-weight: 400;\"><strong>Un peu de courtoisie, svp\u00a0!<\/strong><\/p>\n<p style=\"font-weight: 400;\">Profitons-en pour rappeler qu\u2019il vaut mieux \u00e9viter de recharger trop souvent votre v\u00e9hicules \u00e9lectrique \u00e0 100%, surtout sur les bornes rapides DC. Non seulement pour pr\u00e9server votre batterie dans la dur\u00e9e, mais aussi parce que la derni\u00e8re portion de 20% va mettre beaucoup plus de temps \u00e0 charger. Mieux vaut donc stopper la charge \u00e0 80%, quitte \u00e0 refaire un arr\u00eat un peu plus loin sur votre route. Par la m\u00eame, vous ferez montre de courtoisie envers les autres usagers\u2026<\/p>\n<p style=\"font-weight: 400;\">Mais revenons \u00e0 notre p\u00e9riple\u00a0: 15 minutes d\u2019attente plus tard, notre tour vient enfin et apr\u00e8s 15 minutes de recharge \u2013 l\u2019occasion d\u2019une pause sanitaire -, nous repartons avec un peu moins de 300 km d\u2019autonomie au compteur.<\/p>\n<p style=\"font-weight: 400;\">La m\u00e9t\u00e9o ne fait qu\u2019empirer \u00e0 force que les kilom\u00e8tres d\u00e9filent et nous d\u00e9cidons de faire une pause 130 km plus loin, sur l\u2019Aire des C\u0153urs de Hauts de France Ouest, o\u00f9 des bornes TotalEnergies de diff\u00e9rentes puissantes sont pr\u00e9vues. Notre voiture acceptant une puissance de 100 kW en DC, une borne de 150 kW fera largement l\u2019affaire pour r\u00e9cup\u00e9rer suffisamment d\u2019autonomie pendant notre pause repas. R\u00e9sultat, 35 minutes plus tard, nous repartons avec une batterie charg\u00e9e \u00e0 87%, soit pr\u00e8s de 360 km.<\/p>\n<figure id=\"attachment_1303274\" aria-describedby=\"caption-attachment-1303274\" style=\"width: 512px\" class=\"wp-caption aligncenter\"><a href=\"https:\/\/www.link2fleet.com\/wp-content\/uploads\/2024\/01\/Chargemap_Aire-de-Coeur-des-Hauts-de-France.jpeg\"><img loading=\"lazy\" decoding=\"async\" class=\" wp-image-1303274\" src=\"https:\/\/www.link2fleet.com\/wp-content\/uploads\/2024\/01\/Chargemap_Aire-de-Coeur-des-Hauts-de-France.jpeg\" alt=\"\" width=\"512\" height=\"384\" \/><\/a><figcaption id=\"caption-attachment-1303274\" class=\"wp-caption-text\">L&rsquo;Aire de Coeur des Hauts de France &#8211; Photo ChargeMap<\/figcaption><\/figure>\n<p style=\"font-weight: 400;\">\n<p style=\"font-weight: 400;\"><strong>De 12h \u00e0\u20265h30 de route<\/strong><\/p>\n<figure id=\"attachment_1303280\" aria-describedby=\"caption-attachment-1303280\" style=\"width: 142px\" class=\"wp-caption alignright\"><a href=\"https:\/\/www.link2fleet.com\/wp-content\/uploads\/2024\/01\/chargemap-saint-witz.jpg\"><img loading=\"lazy\" decoding=\"async\" class=\"wp-image-1303280 size-medium\" src=\"https:\/\/www.link2fleet.com\/wp-content\/uploads\/2024\/01\/chargemap-saint-witz-142x300.jpg\" alt=\"\" width=\"142\" height=\"300\" \/><\/a><figcaption id=\"caption-attachment-1303280\" class=\"wp-caption-text\">Photo: ChargeMap<\/figcaption><\/figure>\n<p style=\"font-weight: 400;\">Il est aux alentours de 20H30 lorsque nous reprenons la route vers notre destination, mais la m\u00e9t\u00e9o nous contraint \u00e0 un changement de conducteur. Nous nous arr\u00eatons donc \u00e0 Saint-Witz, o\u00f9 le parking d\u2019un h\u00f4tel est \u00e9quip\u00e9 de 15 stations de charge, dont la majorit\u00e9 sont des chargeurs rapides Ionity de 475 kW. On en profite donc pour donner un petit coup de boost \u00e0 notre batterie pendant 10 minutes. De quoi nous permettre d\u2019arriver \u00e0 destination avec suffisamment d\u2019autonomie pour nous rendre le lendemain au Parc Disneyland.<\/p>\n<p style=\"font-weight: 400;\">C\u2019est finalement vers 22H30, apr\u00e8s \u2018seulement\u2019 5h30 de route, 400 km et 3 arr\u00eats \u2018recharge\u2019 que nous arrivons \u00e0 notre h\u00f4tel situ\u00e9 \u00e0 Val d\u2019Europe pour passer une premi\u00e8re nuit. On est donc bien loin des 12 heures qu\u2019avait r\u00e9clam\u00e9 le m\u00eame trajet un an plus t\u00f4t.<\/p>\n<p>&nbsp;<\/p>\n<p style=\"font-weight: 400;\"><strong>+ de 30 bornes sur un parking\u00a0!<\/strong><\/p>\n<p style=\"font-weight: 400;\">Le parking de notre h\u00f4tel ne dispose malheureusement pas d\u2019infrastructure de recharge, mais nous disposons d\u2019assez d\u2019autonomie pour nous rendre \u00e0 Marne-la-Vall\u00e9e le lendemain. Et quelle ne f\u00fbt pas notre surprise en arrivant le lendemain sur le parking de notre h\u00f4tel pour le reste du s\u00e9jour de d\u00e9couvrir que Disneyland Paris avait aussi investi massivement dans le d\u00e9veloppement de l\u2019infrastructure de recharge. Plus de 30 bornes (de 3 \u00e0 11 kW) sont \u00e0 disposition des clients sur les parkings des diff\u00e9rents h\u00f4tels. Mieux, des places de stationnement d\u00e9di\u00e9es aux PMR sont aussi \u00e9quip\u00e9es de bornes. Nous voil\u00e0 donc assur\u00e9s de repartir avec une batterie enti\u00e8rement charg\u00e9e 3 jours plus tard.<\/p>\n<figure id=\"attachment_1303282\" aria-describedby=\"caption-attachment-1303282\" style=\"width: 484px\" class=\"wp-caption aligncenter\"><a href=\"https:\/\/www.link2fleet.com\/wp-content\/uploads\/2024\/01\/chargemap-sequoialodge.jpg\"><img loading=\"lazy\" decoding=\"async\" class=\"wp-image-1303282 \" src=\"https:\/\/www.link2fleet.com\/wp-content\/uploads\/2024\/01\/chargemap-sequoialodge.jpg\" alt=\"\" width=\"484\" height=\"363\" \/><\/a><figcaption id=\"caption-attachment-1303282\" class=\"wp-caption-text\">Le parking du Disneyland Sequoia Hotel &#8211; Photo ChargeMap<\/figcaption><\/figure>\n<p>&nbsp;<\/p>\n<p style=\"font-weight: 400;\">Et le trajet retour fut encore plus simple. Nous avons emprunt\u00e9 un autre itin\u00e9raire vers l\u2019A34 et nous sommes arr\u00eat\u00e9s \u00e0 l\u2019aire des Ardennes de Woinic, d\u00e9sormais aussi \u00e9quip\u00e9es de bornes Ionity. 25 minutes plus tard \u2013 le temps d\u2019un lunch -, nous avons repris la route avec une autonomie d\u2019un peu plus de 80% pour repartir vers le nord.<\/p>\n<p style=\"font-weight: 400;\">Un dernier arr\u00eat sanitaire et caf\u00e9 \u00e0 l\u2019aire de Verlaine (E42) pour une dur\u00e9e de 15 minutes et nous avons finalement pu rentrer \u00e0 notre point de d\u00e9part sans le moindre souci.<\/p>\n\n<p style=\"font-weight: 400;\">\n<p style=\"font-weight: 400; text-align: right;\">Toutes les photos de cet articles proviennent de la plateforme <a href=\"https:\/\/fr.chargemap.com\">CHARGEMAP<\/a><\/p>\n<p>&nbsp;<\/p>\n<blockquote>\n<p style=\"font-weight: 400;\"><strong>La France, 3<sup>e<\/sup> meilleur \u00e9l\u00e8ve d\u2019Europe<\/strong><\/p>\n<p style=\"font-weight: 400;\">R\u00e9it\u00e9rer cette exp\u00e9rience en valait donc la peine. Cela nous a permis de constater l\u2019\u00e9volution incroyable du nombre de stations de recharge (rapide) sur les autoroutes fran\u00e7aises. Presque toutes les aires sont d\u00e9sormais \u00e9quip\u00e9es d\u2019un espace d\u00e9di\u00e9 \u00e0 la recharge rapide d\u2019EV\u2019s. Les chiffres de la plateforme ChargeMap parlent d\u2019ailleurs d\u2019eux-m\u00eames\u00a0: entre fin 2022 et d\u00e9but 2024, le nombre de bornes publiques sur le territoire fran\u00e7ais est pass\u00e9 de 28.700 \u00e0 pr\u00e8s de 37.000. Une croissance de pr\u00e8s de 10.000 bornes disponibles en seulement 12 mois donc.<\/p>\n<p style=\"font-weight: 400;\">59% sont des bornes \u00e0 recharge acc\u00e9l\u00e9r\u00e9e et 14,8% \u00e0 recharge rapide.<\/p>\n<p style=\"font-weight: 400;\">La France se positionne d\u00e9sormais en 3<sup>e<\/sup> position des pays d\u2019Europe les mieux desservis en nombre de bornes, derri\u00e8re les Pays-Bas et l\u2019Allemagne. Elle est m\u00eame \u00e0 la premi\u00e8re place du classement si on consid\u00e8re uniquement le nombre de prises disponibles &#8211; une borne pouvant compter plusieurs prises diff\u00e9rentes \u2013 avec 185.000 prises disponibles au 1<sup>er<\/sup> janvier.<\/p>\n<p style=\"font-weight: 400;\">Notre pays arrive pour l\u2019instant \u00e0 la cinqui\u00e8me place de ce classement europ\u00e9en derri\u00e8re l\u2019Italie avec 15.000 bornes et 56.000 prises publiques disponibles.<\/p>\n<p style=\"font-weight: 400;\">A l\u2019heure actuelle, il n\u2019y a donc plus aucune raison de craindre de prendre votre voiture \u00e9lectrique pour vous rendre en vacances quelque part en France. Il vous suffira de bien planifier votre trajet avec une application d\u00e9di\u00e9e telles que ChargeMap ou A Better Routeplanner pour vous assurer que les bornes sur votre trajet sont bien disponibles et fonctionnelles.<\/p>\n<p style=\"font-weight: 400;\">\n<\/blockquote>\n","protected":false},"excerpt":{"rendered":"<p>Souvenez-vous\u00a0: l\u2019an dernier, je vous partageais mon exp\u00e9rience d\u2019un trajet en voiture \u00e9lectrique vers le plus c\u00e9l\u00e8bre parc d\u2019attraction de l\u2019est Parisien le 1er janvier. Trajet qui avait tourn\u00e9 au cauchemar et avait dur\u00e9 12 heures pour parcourir 400 km en raison de l\u2019infrastructure de recharge absente, voire d\u00e9fectueuse dans certains cas, dans le nord [&hellip;]<\/p>\n","protected":false},"author":4,"featured_media":690,"comment_status":"closed","ping_status":"closed","sticky":false,"template":"","format":"standard","meta":{"_acf_changed":false,"footnotes":""},"categories":[81,91],"tags":[],"class_list":["post-545","post","type-post","status-publish","format-standard","has-post-thumbnail","hentry","category-gestion-de-carburant-et-energie","category-expertise-et-management"],"acf":[],"yoast_head":"<!-- This site is optimized with the Yoast SEO plugin v27.3 - https:\/\/yoast.com\/product\/yoast-seo-wordpress\/ -->\n<title>Conduite \u00e9lectrique : la France a mis les bouch\u00e9es double en mati\u00e8re d\u2019infrastructure - link2fleet<\/title>\n<meta name=\"description\" content=\"Un an apr\u00e8s un trajet \u00e9lectrique qui avait vir\u00e9 au cauchemar sur les routes du nord de la France, nous avons d\u00e9cid\u00e9 de r\u00e9it\u00e9rer l&rsquo;op\u00e9ration\u2026\" \/>\n<meta name=\"robots\" content=\"index, follow, max-snippet:-1, max-image-preview:large, max-video-preview:-1\" \/>\n<meta property=\"og:locale\" content=\"fr_FR\" \/>\n<meta property=\"og:type\" content=\"article\" \/>\n<meta property=\"og:title\" content=\"Conduite \u00e9lectrique : la France a mis les bouch\u00e9es double en mati\u00e8re d\u2019infrastructure - link2fleet\" \/>\n<meta property=\"og:description\" content=\"Un an apr\u00e8s un trajet \u00e9lectrique qui avait vir\u00e9 au cauchemar sur les routes du nord de la France, nous avons d\u00e9cid\u00e9 de r\u00e9it\u00e9rer l&rsquo;op\u00e9ration\u2026\" \/>\n<meta property=\"og:url\" content=\"https:\/\/www.link2fleet.com\/fr\/conduite-electrique-la-france-a-mis-les-bouchees-double-en-matiere-dinfrastructure\/\" \/>\n<meta property=\"og:site_name\" content=\"link2fleet\" \/>\n<meta property=\"article:published_time\" content=\"2024-01-11T15:12:27+00:00\" \/>\n<meta property=\"article:modified_time\" content=\"2024-01-29T10:37:42+00:00\" \/>\n<meta property=\"og:image\" content=\"https:\/\/static.link2fleet.com\/wp-content\/uploads\/2024\/01\/chargemap-sequoialodge.jpg\" \/>\n\t<meta property=\"og:image:width\" content=\"747\" \/>\n\t<meta property=\"og:image:height\" content=\"560\" \/>\n\t<meta property=\"og:image:type\" content=\"image\/jpeg\" \/>\n<meta name=\"author\" content=\"Damien Malvetti\" \/>\n<meta name=\"twitter:card\" content=\"summary_large_image\" \/>\n<meta name=\"twitter:description\" content=\"Un an apr\u00e8s un trajet \u00e9lectrique qui avait vir\u00e9 au cauchemar sur les routes du nord de la France, nous avons d\u00e9cid\u00e9 de r\u00e9it\u00e9rer l&rsquo;op\u00e9ration\u2026\" \/>\n<meta name=\"twitter:label1\" content=\"\u00c9crit par\" \/>\n\t<meta name=\"twitter:data1\" content=\"Damien Malvetti\" \/>\n\t<meta name=\"twitter:label2\" content=\"Dur\u00e9e de lecture estim\u00e9e\" \/>\n\t<meta name=\"twitter:data2\" content=\"6 minutes\" \/>\n<script type=\"application\/ld+json\" class=\"yoast-schema-graph\">{\"@context\":\"https:\\\/\\\/schema.org\",\"@graph\":[{\"@type\":\"Article\",\"@id\":\"https:\\\/\\\/www.link2fleet.com\\\/fr\\\/conduite-electrique-la-france-a-mis-les-bouchees-double-en-matiere-dinfrastructure\\\/#article\",\"isPartOf\":{\"@id\":\"https:\\\/\\\/www.link2fleet.com\\\/fr\\\/conduite-electrique-la-france-a-mis-les-bouchees-double-en-matiere-dinfrastructure\\\/\"},\"author\":{\"name\":\"Damien Malvetti\",\"@id\":\"https:\\\/\\\/www.link2fleet.com\\\/fr\\\/#\\\/schema\\\/person\\\/027cd46113c78036b3809c9a054049da\"},\"headline\":\"Conduite \u00e9lectrique : la France a mis les bouch\u00e9es double en mati\u00e8re d\u2019infrastructure\",\"datePublished\":\"2024-01-11T15:12:27+00:00\",\"dateModified\":\"2024-01-29T10:37:42+00:00\",\"mainEntityOfPage\":{\"@id\":\"https:\\\/\\\/www.link2fleet.com\\\/fr\\\/conduite-electrique-la-france-a-mis-les-bouchees-double-en-matiere-dinfrastructure\\\/\"},\"wordCount\":1280,\"publisher\":{\"@id\":\"https:\\\/\\\/www.link2fleet.com\\\/fr\\\/#organization\"},\"image\":{\"@id\":\"https:\\\/\\\/www.link2fleet.com\\\/fr\\\/conduite-electrique-la-france-a-mis-les-bouchees-double-en-matiere-dinfrastructure\\\/#primaryimage\"},\"thumbnailUrl\":\"https:\\\/\\\/static.link2fleet.com\\\/wp-content\\\/uploads\\\/2024\\\/01\\\/chargemap-sequoialodge.jpg\",\"articleSection\":[\"Gestion carburant et de l'\u00e9nergie\",\"Gestion de flotte\"],\"inLanguage\":\"fr-FR\"},{\"@type\":\"WebPage\",\"@id\":\"https:\\\/\\\/www.link2fleet.com\\\/fr\\\/conduite-electrique-la-france-a-mis-les-bouchees-double-en-matiere-dinfrastructure\\\/\",\"url\":\"https:\\\/\\\/www.link2fleet.com\\\/fr\\\/conduite-electrique-la-france-a-mis-les-bouchees-double-en-matiere-dinfrastructure\\\/\",\"name\":\"Conduite \u00e9lectrique : la France a mis les bouch\u00e9es double en mati\u00e8re d\u2019infrastructure - link2fleet\",\"isPartOf\":{\"@id\":\"https:\\\/\\\/www.link2fleet.com\\\/fr\\\/#website\"},\"primaryImageOfPage\":{\"@id\":\"https:\\\/\\\/www.link2fleet.com\\\/fr\\\/conduite-electrique-la-france-a-mis-les-bouchees-double-en-matiere-dinfrastructure\\\/#primaryimage\"},\"image\":{\"@id\":\"https:\\\/\\\/www.link2fleet.com\\\/fr\\\/conduite-electrique-la-france-a-mis-les-bouchees-double-en-matiere-dinfrastructure\\\/#primaryimage\"},\"thumbnailUrl\":\"https:\\\/\\\/static.link2fleet.com\\\/wp-content\\\/uploads\\\/2024\\\/01\\\/chargemap-sequoialodge.jpg\",\"datePublished\":\"2024-01-11T15:12:27+00:00\",\"dateModified\":\"2024-01-29T10:37:42+00:00\",\"breadcrumb\":{\"@id\":\"https:\\\/\\\/www.link2fleet.com\\\/fr\\\/conduite-electrique-la-france-a-mis-les-bouchees-double-en-matiere-dinfrastructure\\\/#breadcrumb\"},\"inLanguage\":\"fr-FR\",\"potentialAction\":[{\"@type\":\"ReadAction\",\"target\":[\"https:\\\/\\\/www.link2fleet.com\\\/fr\\\/conduite-electrique-la-france-a-mis-les-bouchees-double-en-matiere-dinfrastructure\\\/\"]}]},{\"@type\":\"ImageObject\",\"inLanguage\":\"fr-FR\",\"@id\":\"https:\\\/\\\/www.link2fleet.com\\\/fr\\\/conduite-electrique-la-france-a-mis-les-bouchees-double-en-matiere-dinfrastructure\\\/#primaryimage\",\"url\":\"https:\\\/\\\/static.link2fleet.com\\\/wp-content\\\/uploads\\\/2024\\\/01\\\/chargemap-sequoialodge.jpg\",\"contentUrl\":\"https:\\\/\\\/static.link2fleet.com\\\/wp-content\\\/uploads\\\/2024\\\/01\\\/chargemap-sequoialodge.jpg\",\"width\":747,\"height\":560,\"caption\":\"|L'Aire de Coeur des Hauts de France - Photo ChargeMap|L'aire de Verlaine (E42)|||L'aire des Ardennes Woinic\"},{\"@type\":\"BreadcrumbList\",\"@id\":\"https:\\\/\\\/www.link2fleet.com\\\/fr\\\/conduite-electrique-la-france-a-mis-les-bouchees-double-en-matiere-dinfrastructure\\\/#breadcrumb\",\"itemListElement\":[{\"@type\":\"ListItem\",\"position\":1,\"name\":\"Home\",\"item\":\"https:\\\/\\\/www.link2fleet.com\\\/fr\\\/\"},{\"@type\":\"ListItem\",\"position\":2,\"name\":\"Conduite \u00e9lectrique : la France a mis les bouch\u00e9es double en mati\u00e8re d\u2019infrastructure\"}]},{\"@type\":\"WebSite\",\"@id\":\"https:\\\/\\\/www.link2fleet.com\\\/fr\\\/#website\",\"url\":\"https:\\\/\\\/www.link2fleet.com\\\/fr\\\/\",\"name\":\"Link2fleet\",\"description\":\"\",\"publisher\":{\"@id\":\"https:\\\/\\\/www.link2fleet.com\\\/fr\\\/#organization\"},\"potentialAction\":[{\"@type\":\"SearchAction\",\"target\":{\"@type\":\"EntryPoint\",\"urlTemplate\":\"https:\\\/\\\/www.link2fleet.com\\\/fr\\\/?s={search_term_string}\"},\"query-input\":{\"@type\":\"PropertyValueSpecification\",\"valueRequired\":true,\"valueName\":\"search_term_string\"}}],\"inLanguage\":\"fr-FR\"},{\"@type\":\"Organization\",\"@id\":\"https:\\\/\\\/www.link2fleet.com\\\/fr\\\/#organization\",\"name\":\"Link2fleet\",\"url\":\"https:\\\/\\\/www.link2fleet.com\\\/fr\\\/\",\"logo\":{\"@type\":\"ImageObject\",\"inLanguage\":\"fr-FR\",\"@id\":\"https:\\\/\\\/www.link2fleet.com\\\/fr\\\/#\\\/schema\\\/logo\\\/image\\\/\",\"url\":\"https:\\\/\\\/static.link2fleet.com\\\/wp-content\\\/uploads\\\/2024\\\/03\\\/share-image.jpg\",\"contentUrl\":\"https:\\\/\\\/static.link2fleet.com\\\/wp-content\\\/uploads\\\/2024\\\/03\\\/share-image.jpg\",\"width\":1200,\"height\":630,\"caption\":\"Link2fleet\"},\"image\":{\"@id\":\"https:\\\/\\\/www.link2fleet.com\\\/fr\\\/#\\\/schema\\\/logo\\\/image\\\/\"},\"sameAs\":[\"https:\\\/\\\/www.linkedin.com\\\/company\\\/link2fleet-belgium\",\"https:\\\/\\\/www.youtube.com\\\/user\\\/MMMBMBE\"]},{\"@type\":\"Person\",\"@id\":\"https:\\\/\\\/www.link2fleet.com\\\/fr\\\/#\\\/schema\\\/person\\\/027cd46113c78036b3809c9a054049da\",\"name\":\"Damien Malvetti\",\"image\":{\"@type\":\"ImageObject\",\"inLanguage\":\"fr-FR\",\"@id\":\"https:\\\/\\\/secure.gravatar.com\\\/avatar\\\/dd8cc03b49466c735f753ac37f8caa371af16dfed347456ed61f02883255eebb?s=96&d=mm&r=g\",\"url\":\"https:\\\/\\\/secure.gravatar.com\\\/avatar\\\/dd8cc03b49466c735f753ac37f8caa371af16dfed347456ed61f02883255eebb?s=96&d=mm&r=g\",\"contentUrl\":\"https:\\\/\\\/secure.gravatar.com\\\/avatar\\\/dd8cc03b49466c735f753ac37f8caa371af16dfed347456ed61f02883255eebb?s=96&d=mm&r=g\",\"caption\":\"Damien Malvetti\"},\"description\":\"Damien Malvetti is opgeleid als journalist en gepassioneerd door wagens, technologie en mobiliteit. Hij is verantwoordelijk voor de redactionele inhoud van link2fleet en beschikt over een uitgebreide kennis van de fleet-sector en elektrische mobiliteit.\",\"sameAs\":[\"https:\\\/\\\/www.linkedin.com\\\/in\\\/damien-malvetti-56601142\\\/\"]}]}<\/script>\n<!-- \/ Yoast SEO plugin. -->","yoast_head_json":{"title":"Conduite \u00e9lectrique : la France a mis les bouch\u00e9es double en mati\u00e8re d\u2019infrastructure - link2fleet","description":"Un an apr\u00e8s un trajet \u00e9lectrique qui avait vir\u00e9 au cauchemar sur les routes du nord de la France, nous avons d\u00e9cid\u00e9 de r\u00e9it\u00e9rer l&rsquo;op\u00e9ration\u2026","robots":{"index":"index","follow":"follow","max-snippet":"max-snippet:-1","max-image-preview":"max-image-preview:large","max-video-preview":"max-video-preview:-1"},"og_locale":"fr_FR","og_type":"article","og_title":"Conduite \u00e9lectrique : la France a mis les bouch\u00e9es double en mati\u00e8re d\u2019infrastructure - link2fleet","og_description":"Un an apr\u00e8s un trajet \u00e9lectrique qui avait vir\u00e9 au cauchemar sur les routes du nord de la France, nous avons d\u00e9cid\u00e9 de r\u00e9it\u00e9rer l&rsquo;op\u00e9ration\u2026","og_url":"https:\/\/www.link2fleet.com\/fr\/conduite-electrique-la-france-a-mis-les-bouchees-double-en-matiere-dinfrastructure\/","og_site_name":"link2fleet","article_published_time":"2024-01-11T15:12:27+00:00","article_modified_time":"2024-01-29T10:37:42+00:00","og_image":[{"width":747,"height":560,"url":"https:\/\/static.link2fleet.com\/wp-content\/uploads\/2024\/01\/chargemap-sequoialodge.jpg","type":"image\/jpeg"}],"author":"Damien Malvetti","twitter_card":"summary_large_image","twitter_description":"Un an apr\u00e8s un trajet \u00e9lectrique qui avait vir\u00e9 au cauchemar sur les routes du nord de la France, nous avons d\u00e9cid\u00e9 de r\u00e9it\u00e9rer l&rsquo;op\u00e9ration\u2026","twitter_misc":{"\u00c9crit par":"Damien Malvetti","Dur\u00e9e de lecture estim\u00e9e":"6 minutes"},"schema":{"@context":"https:\/\/schema.org","@graph":[{"@type":"Article","@id":"https:\/\/www.link2fleet.com\/fr\/conduite-electrique-la-france-a-mis-les-bouchees-double-en-matiere-dinfrastructure\/#article","isPartOf":{"@id":"https:\/\/www.link2fleet.com\/fr\/conduite-electrique-la-france-a-mis-les-bouchees-double-en-matiere-dinfrastructure\/"},"author":{"name":"Damien Malvetti","@id":"https:\/\/www.link2fleet.com\/fr\/#\/schema\/person\/027cd46113c78036b3809c9a054049da"},"headline":"Conduite \u00e9lectrique : la France a mis les bouch\u00e9es double en mati\u00e8re d\u2019infrastructure","datePublished":"2024-01-11T15:12:27+00:00","dateModified":"2024-01-29T10:37:42+00:00","mainEntityOfPage":{"@id":"https:\/\/www.link2fleet.com\/fr\/conduite-electrique-la-france-a-mis-les-bouchees-double-en-matiere-dinfrastructure\/"},"wordCount":1280,"publisher":{"@id":"https:\/\/www.link2fleet.com\/fr\/#organization"},"image":{"@id":"https:\/\/www.link2fleet.com\/fr\/conduite-electrique-la-france-a-mis-les-bouchees-double-en-matiere-dinfrastructure\/#primaryimage"},"thumbnailUrl":"https:\/\/static.link2fleet.com\/wp-content\/uploads\/2024\/01\/chargemap-sequoialodge.jpg","articleSection":["Gestion carburant et de l'\u00e9nergie","Gestion de flotte"],"inLanguage":"fr-FR"},{"@type":"WebPage","@id":"https:\/\/www.link2fleet.com\/fr\/conduite-electrique-la-france-a-mis-les-bouchees-double-en-matiere-dinfrastructure\/","url":"https:\/\/www.link2fleet.com\/fr\/conduite-electrique-la-france-a-mis-les-bouchees-double-en-matiere-dinfrastructure\/","name":"Conduite \u00e9lectrique : la France a mis les bouch\u00e9es double en mati\u00e8re d\u2019infrastructure - link2fleet","isPartOf":{"@id":"https:\/\/www.link2fleet.com\/fr\/#website"},"primaryImageOfPage":{"@id":"https:\/\/www.link2fleet.com\/fr\/conduite-electrique-la-france-a-mis-les-bouchees-double-en-matiere-dinfrastructure\/#primaryimage"},"image":{"@id":"https:\/\/www.link2fleet.com\/fr\/conduite-electrique-la-france-a-mis-les-bouchees-double-en-matiere-dinfrastructure\/#primaryimage"},"thumbnailUrl":"https:\/\/static.link2fleet.com\/wp-content\/uploads\/2024\/01\/chargemap-sequoialodge.jpg","datePublished":"2024-01-11T15:12:27+00:00","dateModified":"2024-01-29T10:37:42+00:00","breadcrumb":{"@id":"https:\/\/www.link2fleet.com\/fr\/conduite-electrique-la-france-a-mis-les-bouchees-double-en-matiere-dinfrastructure\/#breadcrumb"},"inLanguage":"fr-FR","potentialAction":[{"@type":"ReadAction","target":["https:\/\/www.link2fleet.com\/fr\/conduite-electrique-la-france-a-mis-les-bouchees-double-en-matiere-dinfrastructure\/"]}]},{"@type":"ImageObject","inLanguage":"fr-FR","@id":"https:\/\/www.link2fleet.com\/fr\/conduite-electrique-la-france-a-mis-les-bouchees-double-en-matiere-dinfrastructure\/#primaryimage","url":"https:\/\/static.link2fleet.com\/wp-content\/uploads\/2024\/01\/chargemap-sequoialodge.jpg","contentUrl":"https:\/\/static.link2fleet.com\/wp-content\/uploads\/2024\/01\/chargemap-sequoialodge.jpg","width":747,"height":560,"caption":"|L'Aire de Coeur des Hauts de France - Photo ChargeMap|L'aire de Verlaine (E42)|||L'aire des Ardennes Woinic"},{"@type":"BreadcrumbList","@id":"https:\/\/www.link2fleet.com\/fr\/conduite-electrique-la-france-a-mis-les-bouchees-double-en-matiere-dinfrastructure\/#breadcrumb","itemListElement":[{"@type":"ListItem","position":1,"name":"Home","item":"https:\/\/www.link2fleet.com\/fr\/"},{"@type":"ListItem","position":2,"name":"Conduite \u00e9lectrique : la France a mis les bouch\u00e9es double en mati\u00e8re d\u2019infrastructure"}]},{"@type":"WebSite","@id":"https:\/\/www.link2fleet.com\/fr\/#website","url":"https:\/\/www.link2fleet.com\/fr\/","name":"Link2fleet","description":"","publisher":{"@id":"https:\/\/www.link2fleet.com\/fr\/#organization"},"potentialAction":[{"@type":"SearchAction","target":{"@type":"EntryPoint","urlTemplate":"https:\/\/www.link2fleet.com\/fr\/?s={search_term_string}"},"query-input":{"@type":"PropertyValueSpecification","valueRequired":true,"valueName":"search_term_string"}}],"inLanguage":"fr-FR"},{"@type":"Organization","@id":"https:\/\/www.link2fleet.com\/fr\/#organization","name":"Link2fleet","url":"https:\/\/www.link2fleet.com\/fr\/","logo":{"@type":"ImageObject","inLanguage":"fr-FR","@id":"https:\/\/www.link2fleet.com\/fr\/#\/schema\/logo\/image\/","url":"https:\/\/static.link2fleet.com\/wp-content\/uploads\/2024\/03\/share-image.jpg","contentUrl":"https:\/\/static.link2fleet.com\/wp-content\/uploads\/2024\/03\/share-image.jpg","width":1200,"height":630,"caption":"Link2fleet"},"image":{"@id":"https:\/\/www.link2fleet.com\/fr\/#\/schema\/logo\/image\/"},"sameAs":["https:\/\/www.linkedin.com\/company\/link2fleet-belgium","https:\/\/www.youtube.com\/user\/MMMBMBE"]},{"@type":"Person","@id":"https:\/\/www.link2fleet.com\/fr\/#\/schema\/person\/027cd46113c78036b3809c9a054049da","name":"Damien Malvetti","image":{"@type":"ImageObject","inLanguage":"fr-FR","@id":"https:\/\/secure.gravatar.com\/avatar\/dd8cc03b49466c735f753ac37f8caa371af16dfed347456ed61f02883255eebb?s=96&d=mm&r=g","url":"https:\/\/secure.gravatar.com\/avatar\/dd8cc03b49466c735f753ac37f8caa371af16dfed347456ed61f02883255eebb?s=96&d=mm&r=g","contentUrl":"https:\/\/secure.gravatar.com\/avatar\/dd8cc03b49466c735f753ac37f8caa371af16dfed347456ed61f02883255eebb?s=96&d=mm&r=g","caption":"Damien Malvetti"},"description":"Damien Malvetti is opgeleid als journalist en gepassioneerd door wagens, technologie en mobiliteit. Hij is verantwoordelijk voor de redactionele inhoud van link2fleet en beschikt over een uitgebreide kennis van de fleet-sector en elektrische mobiliteit.","sameAs":["https:\/\/www.linkedin.com\/in\/damien-malvetti-56601142\/"]}]}},"_links":{"self":[{"href":"https:\/\/www.link2fleet.com\/fr\/wp-json\/wp\/v2\/posts\/545","targetHints":{"allow":["GET"]}}],"collection":[{"href":"https:\/\/www.link2fleet.com\/fr\/wp-json\/wp\/v2\/posts"}],"about":[{"href":"https:\/\/www.link2fleet.com\/fr\/wp-json\/wp\/v2\/types\/post"}],"author":[{"embeddable":true,"href":"https:\/\/www.link2fleet.com\/fr\/wp-json\/wp\/v2\/users\/4"}],"replies":[{"embeddable":true,"href":"https:\/\/www.link2fleet.com\/fr\/wp-json\/wp\/v2\/comments?post=545"}],"version-history":[{"count":0,"href":"https:\/\/www.link2fleet.com\/fr\/wp-json\/wp\/v2\/posts\/545\/revisions"}],"wp:featuredmedia":[{"embeddable":true,"href":"https:\/\/www.link2fleet.com\/fr\/wp-json\/wp\/v2\/media\/690"}],"wp:attachment":[{"href":"https:\/\/www.link2fleet.com\/fr\/wp-json\/wp\/v2\/media?parent=545"}],"wp:term":[{"taxonomy":"category","embeddable":true,"href":"https:\/\/www.link2fleet.com\/fr\/wp-json\/wp\/v2\/categories?post=545"},{"taxonomy":"post_tag","embeddable":true,"href":"https:\/\/www.link2fleet.com\/fr\/wp-json\/wp\/v2\/tags?post=545"}],"curies":[{"name":"wp","href":"https:\/\/api.w.org\/{rel}","templated":true}]}}