{"id":546,"date":"2024-01-11T16:01:04","date_gmt":"2024-01-11T15:01:04","guid":{"rendered":"https:\/\/www.link2fleet.com\/une-taskforce-pour-mieux-gerer-la-mobilite-au-sein-de-lunion-europeenne\/"},"modified":"2024-01-29T11:37:44","modified_gmt":"2024-01-29T10:37:44","slug":"une-taskforce-pour-mieux-gerer-la-mobilite-au-sein-de-lunion-europeenne","status":"publish","type":"post","link":"https:\/\/www.link2fleet.com\/fr\/une-taskforce-pour-mieux-gerer-la-mobilite-au-sein-de-lunion-europeenne\/","title":{"rendered":"Une taskforce pour mieux g\u00e9rer la mobilit\u00e9 au sein de l&rsquo;Union Europ\u00e9enne"},"content":{"rendered":"<p>La Commissaire aux Transports, Adina V\u0103lean, a salu\u00e9 l&rsquo;initiative, d\u00e9clarant : \u00ab Aujourd&rsquo;hui a marqu\u00e9 le lancement de la Taskforce sur le futur de la mobilit\u00e9 de l\u2019UE, o\u00f9 16 PDG et fondateurs des meilleures licornes de mobilit\u00e9 priv\u00e9e et startups d&rsquo;Europe ont uni leurs forces. Lors d&rsquo;une r\u00e9union dynamique, nous avons examin\u00e9 les besoins de nos innovateurs en transport et explor\u00e9 des initiatives r\u00e9volutionnaires telles que la Strat\u00e9gie Drone 2.0 et les cadres r\u00e9glementaires futurs d&rsquo;Hyperloop. L&rsquo;Union europ\u00e9enne renforce le soutien financier pour les innovateurs et startups du transport \u00e0 travers le cluster 5 d&rsquo;Horizon Europe et la Mobilit\u00e9 Urbaine EIT. Le Conseil europ\u00e9en de l&rsquo;innovation, avec un budget de 10 milliards d&rsquo;euros, appelle les entrepreneurs du transport \u00e0 postuler. \u00bb<\/p>\n<p>Initi\u00e9e par Bolt et Cabify, la Taskforce r\u00e9unit des entreprises dans les secteurs de la mobilit\u00e9 partag\u00e9e, de la recharge de VE, du maglev, du rail, des autocars, du fret et de la mobilit\u00e9 a\u00e9rienne, dans le domaine de l&rsquo;innovation en transport et de la deep-tech. Les entreprises unies dans la taskforce partagent l&rsquo;objectif commun d&rsquo;introduire de nouvelles solutions pour r\u00e9pondre \u00e0 la demande croissante des consommateurs et de rendre la mobilit\u00e9 plus durable, abordable et connect\u00e9e. Les d\u00e9fis communs comprennent la r\u00e9glementation d\u00e9su\u00e8te et fragment\u00e9e, le manque de mise en application, les barri\u00e8res \u00e0 l&rsquo;entr\u00e9e sur le march\u00e9, l&rsquo;acc\u00e8s au financement et l&rsquo;accessibilit\u00e9 des donn\u00e9es. Bien que l&rsquo;Europe ait \u00e9t\u00e9 pionni\u00e8re dans des avanc\u00e9es significatives en mati\u00e8re de mobilit\u00e9, notamment gr\u00e2ce \u00e0 un environnement concurrentiel dans un march\u00e9 unique des transports, elle fait d\u00e9sormais face au d\u00e9fi crucial de tirer pleinement parti des solutions de nouvelle g\u00e9n\u00e9ration aux c\u00f4t\u00e9s des solutions existantes, et de faire \u00e9voluer ces innovations sur la sc\u00e8ne mondiale.<\/p>\n<p>L&rsquo;objectif principal de la Taskforce sur le futur de la mobilit\u00e9 de l\u2019UE est d&rsquo;informer et de fournir des orientations aux d\u00e9cideurs politiques de l&rsquo;UE pour le prochain mandat l\u00e9gislatif dans le domaine de l&rsquo;innovation et des startups dans le secteur des transports. Le premier apport de la Taskforce sera un rapport complet qui encapsule les perspectives et recommandations collectives de ses membres, qui sera pr\u00e9sent\u00e9 \u00e0 la Commissaire V\u0103lean au printemps. C&rsquo;est une \u00e9tape importante vers la formation d&rsquo;un avenir o\u00f9 l&rsquo;innovation europ\u00e9enne en mati\u00e8re de mobilit\u00e9 est non seulement soutenue mais aussi acc\u00e9l\u00e9r\u00e9e, assurant le leadership continu de l&rsquo;Europe dans l&rsquo;innovation en mati\u00e8re de transport mondial.<\/p>\n<p>Les entreprises qui ont d\u00e9j\u00e0 rejoint l&rsquo;initiative sont (par ordre alphab\u00e9tique) : Aura Aero, Bolt, Cabify, CARTO, Dronamics, EVBox, EV Connect, Fastned, Flix, Lilium, MaasGlobal, Nevomo, Omio, OTIV, Scoobic, Volocopter, Voi, Virta, et est ouverte \u00e0 d&rsquo;autres entreprises similaires qui souhaiteraient rejoindre.<\/p>\n","protected":false},"excerpt":{"rendered":"<p>La Commissaire aux Transports, Adina V\u0103lean, a salu\u00e9 l&rsquo;initiative, d\u00e9clarant : \u00ab Aujourd&rsquo;hui a marqu\u00e9 le lancement de la Taskforce sur le futur de la mobilit\u00e9 de l\u2019UE, o\u00f9 16 PDG et fondateurs des meilleures licornes de mobilit\u00e9 priv\u00e9e et startups d&rsquo;Europe ont uni leurs forces. Lors d&rsquo;une r\u00e9union dynamique, nous avons examin\u00e9 les besoins [&hellip;]<\/p>\n","protected":false},"author":4,"featured_media":547,"comment_status":"closed","ping_status":"closed","sticky":false,"template":"","format":"standard","meta":{"_acf_changed":false,"footnotes":""},"categories":[90,88,87,97,98,96],"tags":[],"class_list":["post-546","post","type-post","status-publish","format-standard","has-post-thumbnail","hentry","category-car-sharing-et-car-pooling","category-cartes-de-mobilite","category-mobility-2","category-transportsencommun","category-trottinettes_scooters_motos","category-velos-location"],"acf":[],"yoast_head":"<!-- This site is optimized with the Yoast SEO plugin v27.3 - https:\/\/yoast.com\/product\/yoast-seo-wordpress\/ -->\n<title>Une taskforce pour mieux g\u00e9rer la mobilit\u00e9 au sein de l&#039;Union Europ\u00e9enne - link2fleet<\/title>\n<meta name=\"description\" content=\"16 PDG et fondateurs des entreprises de mobilit\u00e9 priv\u00e9e et des startups les plus influentes d&rsquo;Europe ont lanc\u00e9 aujourd&rsquo;hui la Taskforce sur le futur de\u2026\" \/>\n<meta name=\"robots\" content=\"index, follow, max-snippet:-1, max-image-preview:large, max-video-preview:-1\" \/>\n<meta property=\"og:locale\" content=\"fr_FR\" \/>\n<meta property=\"og:type\" content=\"article\" \/>\n<meta property=\"og:title\" content=\"Une taskforce pour mieux g\u00e9rer la mobilit\u00e9 au sein de l&#039;Union Europ\u00e9enne - link2fleet\" \/>\n<meta property=\"og:description\" content=\"16 PDG et fondateurs des entreprises de mobilit\u00e9 priv\u00e9e et des startups les plus influentes d&rsquo;Europe ont lanc\u00e9 aujourd&rsquo;hui la Taskforce sur le futur de\u2026\" \/>\n<meta property=\"og:url\" content=\"https:\/\/www.link2fleet.com\/fr\/une-taskforce-pour-mieux-gerer-la-mobilite-au-sein-de-lunion-europeenne\/\" \/>\n<meta property=\"og:site_name\" content=\"link2fleet\" \/>\n<meta property=\"article:published_time\" content=\"2024-01-11T15:01:04+00:00\" \/>\n<meta property=\"article:modified_time\" content=\"2024-01-29T10:37:44+00:00\" \/>\n<meta property=\"og:image\" content=\"https:\/\/static.link2fleet.com\/wp-content\/uploads\/2024\/01\/mobilites-urbaines-c-scusi.jpg\" \/>\n\t<meta property=\"og:image:width\" content=\"1000\" \/>\n\t<meta property=\"og:image:height\" content=\"586\" \/>\n\t<meta property=\"og:image:type\" content=\"image\/jpeg\" \/>\n<meta name=\"author\" content=\"Damien Malvetti\" \/>\n<meta name=\"twitter:card\" content=\"summary_large_image\" \/>\n<meta name=\"twitter:description\" content=\"16 PDG et fondateurs des entreprises de mobilit\u00e9 priv\u00e9e et des startups les plus influentes d&rsquo;Europe ont lanc\u00e9 aujourd&rsquo;hui la Taskforce sur le futur de\u2026\" \/>\n<meta name=\"twitter:label1\" content=\"\u00c9crit par\" \/>\n\t<meta name=\"twitter:data1\" content=\"Damien Malvetti\" \/>\n\t<meta name=\"twitter:label2\" content=\"Dur\u00e9e de lecture estim\u00e9e\" \/>\n\t<meta name=\"twitter:data2\" content=\"2 minutes\" \/>\n<script type=\"application\/ld+json\" class=\"yoast-schema-graph\">{\"@context\":\"https:\\\/\\\/schema.org\",\"@graph\":[{\"@type\":\"Article\",\"@id\":\"https:\\\/\\\/www.link2fleet.com\\\/fr\\\/une-taskforce-pour-mieux-gerer-la-mobilite-au-sein-de-lunion-europeenne\\\/#article\",\"isPartOf\":{\"@id\":\"https:\\\/\\\/www.link2fleet.com\\\/fr\\\/une-taskforce-pour-mieux-gerer-la-mobilite-au-sein-de-lunion-europeenne\\\/\"},\"author\":{\"name\":\"Damien Malvetti\",\"@id\":\"https:\\\/\\\/www.link2fleet.com\\\/fr\\\/#\\\/schema\\\/person\\\/027cd46113c78036b3809c9a054049da\"},\"headline\":\"Une taskforce pour mieux g\u00e9rer la mobilit\u00e9 au sein de l&rsquo;Union Europ\u00e9enne\",\"datePublished\":\"2024-01-11T15:01:04+00:00\",\"dateModified\":\"2024-01-29T10:37:44+00:00\",\"mainEntityOfPage\":{\"@id\":\"https:\\\/\\\/www.link2fleet.com\\\/fr\\\/une-taskforce-pour-mieux-gerer-la-mobilite-au-sein-de-lunion-europeenne\\\/\"},\"wordCount\":511,\"publisher\":{\"@id\":\"https:\\\/\\\/www.link2fleet.com\\\/fr\\\/#organization\"},\"image\":{\"@id\":\"https:\\\/\\\/www.link2fleet.com\\\/fr\\\/une-taskforce-pour-mieux-gerer-la-mobilite-au-sein-de-lunion-europeenne\\\/#primaryimage\"},\"thumbnailUrl\":\"https:\\\/\\\/static.link2fleet.com\\\/wp-content\\\/uploads\\\/2024\\\/01\\\/mobilites-urbaines-c-scusi.jpg\",\"articleSection\":[\"Car-sharing, car-pooling et taxi\",\"Cartes\\\/app de mobilit\u00e9\",\"Mobilit\u00e9\",\"Transports en commun\",\"Trottinettes, scooters et motos\",\"V\u00e9los (location)\"],\"inLanguage\":\"fr-FR\"},{\"@type\":\"WebPage\",\"@id\":\"https:\\\/\\\/www.link2fleet.com\\\/fr\\\/une-taskforce-pour-mieux-gerer-la-mobilite-au-sein-de-lunion-europeenne\\\/\",\"url\":\"https:\\\/\\\/www.link2fleet.com\\\/fr\\\/une-taskforce-pour-mieux-gerer-la-mobilite-au-sein-de-lunion-europeenne\\\/\",\"name\":\"Une taskforce pour mieux g\u00e9rer la mobilit\u00e9 au sein de l'Union Europ\u00e9enne - link2fleet\",\"isPartOf\":{\"@id\":\"https:\\\/\\\/www.link2fleet.com\\\/fr\\\/#website\"},\"primaryImageOfPage\":{\"@id\":\"https:\\\/\\\/www.link2fleet.com\\\/fr\\\/une-taskforce-pour-mieux-gerer-la-mobilite-au-sein-de-lunion-europeenne\\\/#primaryimage\"},\"image\":{\"@id\":\"https:\\\/\\\/www.link2fleet.com\\\/fr\\\/une-taskforce-pour-mieux-gerer-la-mobilite-au-sein-de-lunion-europeenne\\\/#primaryimage\"},\"thumbnailUrl\":\"https:\\\/\\\/static.link2fleet.com\\\/wp-content\\\/uploads\\\/2024\\\/01\\\/mobilites-urbaines-c-scusi.jpg\",\"datePublished\":\"2024-01-11T15:01:04+00:00\",\"dateModified\":\"2024-01-29T10:37:44+00:00\",\"breadcrumb\":{\"@id\":\"https:\\\/\\\/www.link2fleet.com\\\/fr\\\/une-taskforce-pour-mieux-gerer-la-mobilite-au-sein-de-lunion-europeenne\\\/#breadcrumb\"},\"inLanguage\":\"fr-FR\",\"potentialAction\":[{\"@type\":\"ReadAction\",\"target\":[\"https:\\\/\\\/www.link2fleet.com\\\/fr\\\/une-taskforce-pour-mieux-gerer-la-mobilite-au-sein-de-lunion-europeenne\\\/\"]}]},{\"@type\":\"ImageObject\",\"inLanguage\":\"fr-FR\",\"@id\":\"https:\\\/\\\/www.link2fleet.com\\\/fr\\\/une-taskforce-pour-mieux-gerer-la-mobilite-au-sein-de-lunion-europeenne\\\/#primaryimage\",\"url\":\"https:\\\/\\\/static.link2fleet.com\\\/wp-content\\\/uploads\\\/2024\\\/01\\\/mobilites-urbaines-c-scusi.jpg\",\"contentUrl\":\"https:\\\/\\\/static.link2fleet.com\\\/wp-content\\\/uploads\\\/2024\\\/01\\\/mobilites-urbaines-c-scusi.jpg\",\"width\":1000,\"height\":586},{\"@type\":\"BreadcrumbList\",\"@id\":\"https:\\\/\\\/www.link2fleet.com\\\/fr\\\/une-taskforce-pour-mieux-gerer-la-mobilite-au-sein-de-lunion-europeenne\\\/#breadcrumb\",\"itemListElement\":[{\"@type\":\"ListItem\",\"position\":1,\"name\":\"Home\",\"item\":\"https:\\\/\\\/www.link2fleet.com\\\/fr\\\/\"},{\"@type\":\"ListItem\",\"position\":2,\"name\":\"Une taskforce pour mieux g\u00e9rer la mobilit\u00e9 au sein de l&#8217;Union Europ\u00e9enne\"}]},{\"@type\":\"WebSite\",\"@id\":\"https:\\\/\\\/www.link2fleet.com\\\/fr\\\/#website\",\"url\":\"https:\\\/\\\/www.link2fleet.com\\\/fr\\\/\",\"name\":\"Link2fleet\",\"description\":\"\",\"publisher\":{\"@id\":\"https:\\\/\\\/www.link2fleet.com\\\/fr\\\/#organization\"},\"potentialAction\":[{\"@type\":\"SearchAction\",\"target\":{\"@type\":\"EntryPoint\",\"urlTemplate\":\"https:\\\/\\\/www.link2fleet.com\\\/fr\\\/?s={search_term_string}\"},\"query-input\":{\"@type\":\"PropertyValueSpecification\",\"valueRequired\":true,\"valueName\":\"search_term_string\"}}],\"inLanguage\":\"fr-FR\"},{\"@type\":\"Organization\",\"@id\":\"https:\\\/\\\/www.link2fleet.com\\\/fr\\\/#organization\",\"name\":\"Link2fleet\",\"url\":\"https:\\\/\\\/www.link2fleet.com\\\/fr\\\/\",\"logo\":{\"@type\":\"ImageObject\",\"inLanguage\":\"fr-FR\",\"@id\":\"https:\\\/\\\/www.link2fleet.com\\\/fr\\\/#\\\/schema\\\/logo\\\/image\\\/\",\"url\":\"https:\\\/\\\/static.link2fleet.com\\\/wp-content\\\/uploads\\\/2024\\\/03\\\/share-image.jpg\",\"contentUrl\":\"https:\\\/\\\/static.link2fleet.com\\\/wp-content\\\/uploads\\\/2024\\\/03\\\/share-image.jpg\",\"width\":1200,\"height\":630,\"caption\":\"Link2fleet\"},\"image\":{\"@id\":\"https:\\\/\\\/www.link2fleet.com\\\/fr\\\/#\\\/schema\\\/logo\\\/image\\\/\"},\"sameAs\":[\"https:\\\/\\\/www.linkedin.com\\\/company\\\/link2fleet-belgium\",\"https:\\\/\\\/www.youtube.com\\\/user\\\/MMMBMBE\"]},{\"@type\":\"Person\",\"@id\":\"https:\\\/\\\/www.link2fleet.com\\\/fr\\\/#\\\/schema\\\/person\\\/027cd46113c78036b3809c9a054049da\",\"name\":\"Damien Malvetti\",\"image\":{\"@type\":\"ImageObject\",\"inLanguage\":\"fr-FR\",\"@id\":\"https:\\\/\\\/secure.gravatar.com\\\/avatar\\\/dd8cc03b49466c735f753ac37f8caa371af16dfed347456ed61f02883255eebb?s=96&d=mm&r=g\",\"url\":\"https:\\\/\\\/secure.gravatar.com\\\/avatar\\\/dd8cc03b49466c735f753ac37f8caa371af16dfed347456ed61f02883255eebb?s=96&d=mm&r=g\",\"contentUrl\":\"https:\\\/\\\/secure.gravatar.com\\\/avatar\\\/dd8cc03b49466c735f753ac37f8caa371af16dfed347456ed61f02883255eebb?s=96&d=mm&r=g\",\"caption\":\"Damien Malvetti\"},\"description\":\"Damien Malvetti is opgeleid als journalist en gepassioneerd door wagens, technologie en mobiliteit. Hij is verantwoordelijk voor de redactionele inhoud van link2fleet en beschikt over een uitgebreide kennis van de fleet-sector en elektrische mobiliteit.\",\"sameAs\":[\"https:\\\/\\\/www.linkedin.com\\\/in\\\/damien-malvetti-56601142\\\/\"]}]}<\/script>\n<!-- \/ Yoast SEO plugin. -->","yoast_head_json":{"title":"Une taskforce pour mieux g\u00e9rer la mobilit\u00e9 au sein de l'Union Europ\u00e9enne - link2fleet","description":"16 PDG et fondateurs des entreprises de mobilit\u00e9 priv\u00e9e et des startups les plus influentes d&rsquo;Europe ont lanc\u00e9 aujourd&rsquo;hui la Taskforce sur le futur de\u2026","robots":{"index":"index","follow":"follow","max-snippet":"max-snippet:-1","max-image-preview":"max-image-preview:large","max-video-preview":"max-video-preview:-1"},"og_locale":"fr_FR","og_type":"article","og_title":"Une taskforce pour mieux g\u00e9rer la mobilit\u00e9 au sein de l'Union Europ\u00e9enne - link2fleet","og_description":"16 PDG et fondateurs des entreprises de mobilit\u00e9 priv\u00e9e et des startups les plus influentes d&rsquo;Europe ont lanc\u00e9 aujourd&rsquo;hui la Taskforce sur le futur de\u2026","og_url":"https:\/\/www.link2fleet.com\/fr\/une-taskforce-pour-mieux-gerer-la-mobilite-au-sein-de-lunion-europeenne\/","og_site_name":"link2fleet","article_published_time":"2024-01-11T15:01:04+00:00","article_modified_time":"2024-01-29T10:37:44+00:00","og_image":[{"width":1000,"height":586,"url":"https:\/\/static.link2fleet.com\/wp-content\/uploads\/2024\/01\/mobilites-urbaines-c-scusi.jpg","type":"image\/jpeg"}],"author":"Damien Malvetti","twitter_card":"summary_large_image","twitter_description":"16 PDG et fondateurs des entreprises de mobilit\u00e9 priv\u00e9e et des startups les plus influentes d&rsquo;Europe ont lanc\u00e9 aujourd&rsquo;hui la Taskforce sur le futur de\u2026","twitter_misc":{"\u00c9crit par":"Damien Malvetti","Dur\u00e9e de lecture estim\u00e9e":"2 minutes"},"schema":{"@context":"https:\/\/schema.org","@graph":[{"@type":"Article","@id":"https:\/\/www.link2fleet.com\/fr\/une-taskforce-pour-mieux-gerer-la-mobilite-au-sein-de-lunion-europeenne\/#article","isPartOf":{"@id":"https:\/\/www.link2fleet.com\/fr\/une-taskforce-pour-mieux-gerer-la-mobilite-au-sein-de-lunion-europeenne\/"},"author":{"name":"Damien Malvetti","@id":"https:\/\/www.link2fleet.com\/fr\/#\/schema\/person\/027cd46113c78036b3809c9a054049da"},"headline":"Une taskforce pour mieux g\u00e9rer la mobilit\u00e9 au sein de l&rsquo;Union Europ\u00e9enne","datePublished":"2024-01-11T15:01:04+00:00","dateModified":"2024-01-29T10:37:44+00:00","mainEntityOfPage":{"@id":"https:\/\/www.link2fleet.com\/fr\/une-taskforce-pour-mieux-gerer-la-mobilite-au-sein-de-lunion-europeenne\/"},"wordCount":511,"publisher":{"@id":"https:\/\/www.link2fleet.com\/fr\/#organization"},"image":{"@id":"https:\/\/www.link2fleet.com\/fr\/une-taskforce-pour-mieux-gerer-la-mobilite-au-sein-de-lunion-europeenne\/#primaryimage"},"thumbnailUrl":"https:\/\/static.link2fleet.com\/wp-content\/uploads\/2024\/01\/mobilites-urbaines-c-scusi.jpg","articleSection":["Car-sharing, car-pooling et taxi","Cartes\/app de mobilit\u00e9","Mobilit\u00e9","Transports en commun","Trottinettes, scooters et motos","V\u00e9los (location)"],"inLanguage":"fr-FR"},{"@type":"WebPage","@id":"https:\/\/www.link2fleet.com\/fr\/une-taskforce-pour-mieux-gerer-la-mobilite-au-sein-de-lunion-europeenne\/","url":"https:\/\/www.link2fleet.com\/fr\/une-taskforce-pour-mieux-gerer-la-mobilite-au-sein-de-lunion-europeenne\/","name":"Une taskforce pour mieux g\u00e9rer la mobilit\u00e9 au sein de l'Union Europ\u00e9enne - link2fleet","isPartOf":{"@id":"https:\/\/www.link2fleet.com\/fr\/#website"},"primaryImageOfPage":{"@id":"https:\/\/www.link2fleet.com\/fr\/une-taskforce-pour-mieux-gerer-la-mobilite-au-sein-de-lunion-europeenne\/#primaryimage"},"image":{"@id":"https:\/\/www.link2fleet.com\/fr\/une-taskforce-pour-mieux-gerer-la-mobilite-au-sein-de-lunion-europeenne\/#primaryimage"},"thumbnailUrl":"https:\/\/static.link2fleet.com\/wp-content\/uploads\/2024\/01\/mobilites-urbaines-c-scusi.jpg","datePublished":"2024-01-11T15:01:04+00:00","dateModified":"2024-01-29T10:37:44+00:00","breadcrumb":{"@id":"https:\/\/www.link2fleet.com\/fr\/une-taskforce-pour-mieux-gerer-la-mobilite-au-sein-de-lunion-europeenne\/#breadcrumb"},"inLanguage":"fr-FR","potentialAction":[{"@type":"ReadAction","target":["https:\/\/www.link2fleet.com\/fr\/une-taskforce-pour-mieux-gerer-la-mobilite-au-sein-de-lunion-europeenne\/"]}]},{"@type":"ImageObject","inLanguage":"fr-FR","@id":"https:\/\/www.link2fleet.com\/fr\/une-taskforce-pour-mieux-gerer-la-mobilite-au-sein-de-lunion-europeenne\/#primaryimage","url":"https:\/\/static.link2fleet.com\/wp-content\/uploads\/2024\/01\/mobilites-urbaines-c-scusi.jpg","contentUrl":"https:\/\/static.link2fleet.com\/wp-content\/uploads\/2024\/01\/mobilites-urbaines-c-scusi.jpg","width":1000,"height":586},{"@type":"BreadcrumbList","@id":"https:\/\/www.link2fleet.com\/fr\/une-taskforce-pour-mieux-gerer-la-mobilite-au-sein-de-lunion-europeenne\/#breadcrumb","itemListElement":[{"@type":"ListItem","position":1,"name":"Home","item":"https:\/\/www.link2fleet.com\/fr\/"},{"@type":"ListItem","position":2,"name":"Une taskforce pour mieux g\u00e9rer la mobilit\u00e9 au sein de l&#8217;Union Europ\u00e9enne"}]},{"@type":"WebSite","@id":"https:\/\/www.link2fleet.com\/fr\/#website","url":"https:\/\/www.link2fleet.com\/fr\/","name":"Link2fleet","description":"","publisher":{"@id":"https:\/\/www.link2fleet.com\/fr\/#organization"},"potentialAction":[{"@type":"SearchAction","target":{"@type":"EntryPoint","urlTemplate":"https:\/\/www.link2fleet.com\/fr\/?s={search_term_string}"},"query-input":{"@type":"PropertyValueSpecification","valueRequired":true,"valueName":"search_term_string"}}],"inLanguage":"fr-FR"},{"@type":"Organization","@id":"https:\/\/www.link2fleet.com\/fr\/#organization","name":"Link2fleet","url":"https:\/\/www.link2fleet.com\/fr\/","logo":{"@type":"ImageObject","inLanguage":"fr-FR","@id":"https:\/\/www.link2fleet.com\/fr\/#\/schema\/logo\/image\/","url":"https:\/\/static.link2fleet.com\/wp-content\/uploads\/2024\/03\/share-image.jpg","contentUrl":"https:\/\/static.link2fleet.com\/wp-content\/uploads\/2024\/03\/share-image.jpg","width":1200,"height":630,"caption":"Link2fleet"},"image":{"@id":"https:\/\/www.link2fleet.com\/fr\/#\/schema\/logo\/image\/"},"sameAs":["https:\/\/www.linkedin.com\/company\/link2fleet-belgium","https:\/\/www.youtube.com\/user\/MMMBMBE"]},{"@type":"Person","@id":"https:\/\/www.link2fleet.com\/fr\/#\/schema\/person\/027cd46113c78036b3809c9a054049da","name":"Damien Malvetti","image":{"@type":"ImageObject","inLanguage":"fr-FR","@id":"https:\/\/secure.gravatar.com\/avatar\/dd8cc03b49466c735f753ac37f8caa371af16dfed347456ed61f02883255eebb?s=96&d=mm&r=g","url":"https:\/\/secure.gravatar.com\/avatar\/dd8cc03b49466c735f753ac37f8caa371af16dfed347456ed61f02883255eebb?s=96&d=mm&r=g","contentUrl":"https:\/\/secure.gravatar.com\/avatar\/dd8cc03b49466c735f753ac37f8caa371af16dfed347456ed61f02883255eebb?s=96&d=mm&r=g","caption":"Damien Malvetti"},"description":"Damien Malvetti is opgeleid als journalist en gepassioneerd door wagens, technologie en mobiliteit. Hij is verantwoordelijk voor de redactionele inhoud van link2fleet en beschikt over een uitgebreide kennis van de fleet-sector en elektrische mobiliteit.","sameAs":["https:\/\/www.linkedin.com\/in\/damien-malvetti-56601142\/"]}]}},"_links":{"self":[{"href":"https:\/\/www.link2fleet.com\/fr\/wp-json\/wp\/v2\/posts\/546","targetHints":{"allow":["GET"]}}],"collection":[{"href":"https:\/\/www.link2fleet.com\/fr\/wp-json\/wp\/v2\/posts"}],"about":[{"href":"https:\/\/www.link2fleet.com\/fr\/wp-json\/wp\/v2\/types\/post"}],"author":[{"embeddable":true,"href":"https:\/\/www.link2fleet.com\/fr\/wp-json\/wp\/v2\/users\/4"}],"replies":[{"embeddable":true,"href":"https:\/\/www.link2fleet.com\/fr\/wp-json\/wp\/v2\/comments?post=546"}],"version-history":[{"count":0,"href":"https:\/\/www.link2fleet.com\/fr\/wp-json\/wp\/v2\/posts\/546\/revisions"}],"wp:featuredmedia":[{"embeddable":true,"href":"https:\/\/www.link2fleet.com\/fr\/wp-json\/wp\/v2\/media\/547"}],"wp:attachment":[{"href":"https:\/\/www.link2fleet.com\/fr\/wp-json\/wp\/v2\/media?parent=546"}],"wp:term":[{"taxonomy":"category","embeddable":true,"href":"https:\/\/www.link2fleet.com\/fr\/wp-json\/wp\/v2\/categories?post=546"},{"taxonomy":"post_tag","embeddable":true,"href":"https:\/\/www.link2fleet.com\/fr\/wp-json\/wp\/v2\/tags?post=546"}],"curies":[{"name":"wp","href":"https:\/\/api.w.org\/{rel}","templated":true}]}}