{"id":54628,"date":"2025-08-21T19:17:08","date_gmt":"2025-08-21T17:17:08","guid":{"rendered":"https:\/\/www.link2fleet.com\/?p=54628"},"modified":"2025-08-21T19:17:08","modified_gmt":"2025-08-21T17:17:08","slug":"la-belgique-franchit-le-cap-des-100-000-points-de-recharge-publics-et-vise-un-doublement-dici-2030","status":"publish","type":"post","link":"https:\/\/www.link2fleet.com\/fr\/la-belgique-franchit-le-cap-des-100-000-points-de-recharge-publics-et-vise-un-doublement-dici-2030\/","title":{"rendered":"La Belgique franchit le cap des 100.000 points de recharge publics et vise un doublement d\u2019ici 2030"},"content":{"rendered":"","protected":false},"excerpt":{"rendered":"","protected":false},"author":4,"featured_media":54629,"comment_status":"closed","ping_status":"closed","sticky":false,"template":"","format":"standard","meta":{"_acf_changed":false,"footnotes":""},"categories":[81,91],"tags":[],"class_list":["post-54628","post","type-post","status-publish","format-standard","has-post-thumbnail","hentry","category-gestion-de-carburant-et-energie","category-expertise-et-management"],"acf":[],"yoast_head":"<!-- This site is optimized with the Yoast SEO plugin v27.3 - https:\/\/yoast.com\/product\/yoast-seo-wordpress\/ -->\n<title>La Belgique franchit le cap des 100.000 points de recharge publics et vise un doublement d\u2019ici 2030 - link2fleet<\/title>\n<meta name=\"description\" content=\"La Belgique a franchi cet \u00e9t\u00e9 une \u00e9tape symbolique dans la transition vers la mobilit\u00e9 \u00e9lectrique : notre pays compte d\u00e9sormais plus de 100.000 points\u2026\" \/>\n<meta name=\"robots\" content=\"index, follow, max-snippet:-1, max-image-preview:large, max-video-preview:-1\" \/>\n<meta property=\"og:locale\" content=\"fr_FR\" \/>\n<meta property=\"og:type\" content=\"article\" \/>\n<meta property=\"og:title\" content=\"La Belgique franchit le cap des 100.000 points de recharge publics et vise un doublement d\u2019ici 2030 - link2fleet\" \/>\n<meta property=\"og:description\" content=\"La Belgique a franchi cet \u00e9t\u00e9 une \u00e9tape symbolique dans la transition vers la mobilit\u00e9 \u00e9lectrique : notre pays compte d\u00e9sormais plus de 100.000 points\u2026\" \/>\n<meta property=\"og:url\" content=\"https:\/\/www.link2fleet.com\/belgie-overschrijdt-kaap-van-100-000-publieke-laadpunten-en-mikt-op-verdubbeling-tegen-2030\/\" \/>\n<meta property=\"og:site_name\" content=\"link2fleet\" \/>\n<meta property=\"article:published_time\" content=\"2025-08-21T17:17:08+00:00\" \/>\n<meta property=\"og:image\" content=\"https:\/\/static.link2fleet.com\/wp-content\/uploads\/2025\/08\/carte-belgique.png\" \/>\n\t<meta property=\"og:image:width\" content=\"1024\" \/>\n\t<meta property=\"og:image:height\" content=\"1024\" \/>\n\t<meta property=\"og:image:type\" content=\"image\/png\" \/>\n<meta name=\"author\" content=\"Damien Malvetti\" \/>\n<meta name=\"twitter:card\" content=\"summary_large_image\" \/>\n<meta name=\"twitter:description\" content=\"La Belgique a franchi cet \u00e9t\u00e9 une \u00e9tape symbolique dans la transition vers la mobilit\u00e9 \u00e9lectrique : notre pays compte d\u00e9sormais plus de 100.000 points\u2026\" \/>\n<meta name=\"twitter:label1\" content=\"\u00c9crit par\" \/>\n\t<meta name=\"twitter:data1\" content=\"Damien Malvetti\" \/>\n\t<meta name=\"twitter:label2\" content=\"Dur\u00e9e de lecture estim\u00e9e\" \/>\n\t<meta name=\"twitter:data2\" content=\"4 minutes\" \/>\n<script type=\"application\/ld+json\" class=\"yoast-schema-graph\">{\"@context\":\"https:\\\/\\\/schema.org\",\"@graph\":[{\"@type\":\"Article\",\"@id\":\"https:\\\/\\\/www.link2fleet.com\\\/belgie-overschrijdt-kaap-van-100-000-publieke-laadpunten-en-mikt-op-verdubbeling-tegen-2030\\\/#article\",\"isPartOf\":{\"@id\":\"https:\\\/\\\/www.link2fleet.com\\\/belgie-overschrijdt-kaap-van-100-000-publieke-laadpunten-en-mikt-op-verdubbeling-tegen-2030\\\/\"},\"author\":{\"name\":\"Damien Malvetti\",\"@id\":\"https:\\\/\\\/www.link2fleet.com\\\/fr\\\/#\\\/schema\\\/person\\\/027cd46113c78036b3809c9a054049da\"},\"headline\":\"La Belgique franchit le cap des 100.000 points de recharge publics et vise un doublement d\u2019ici 2030\",\"datePublished\":\"2025-08-21T17:17:08+00:00\",\"mainEntityOfPage\":{\"@id\":\"https:\\\/\\\/www.link2fleet.com\\\/belgie-overschrijdt-kaap-van-100-000-publieke-laadpunten-en-mikt-op-verdubbeling-tegen-2030\\\/\"},\"wordCount\":16,\"publisher\":{\"@id\":\"https:\\\/\\\/www.link2fleet.com\\\/fr\\\/#organization\"},\"image\":{\"@id\":\"https:\\\/\\\/www.link2fleet.com\\\/belgie-overschrijdt-kaap-van-100-000-publieke-laadpunten-en-mikt-op-verdubbeling-tegen-2030\\\/#primaryimage\"},\"thumbnailUrl\":\"https:\\\/\\\/static.link2fleet.com\\\/wp-content\\\/uploads\\\/2025\\\/08\\\/carte-belgique.png\",\"articleSection\":[\"Gestion carburant et de l'\u00e9nergie\",\"Gestion de flotte\"],\"inLanguage\":\"fr-FR\"},{\"@type\":\"WebPage\",\"@id\":\"https:\\\/\\\/www.link2fleet.com\\\/belgie-overschrijdt-kaap-van-100-000-publieke-laadpunten-en-mikt-op-verdubbeling-tegen-2030\\\/\",\"url\":\"https:\\\/\\\/www.link2fleet.com\\\/belgie-overschrijdt-kaap-van-100-000-publieke-laadpunten-en-mikt-op-verdubbeling-tegen-2030\\\/\",\"name\":\"La Belgique franchit le cap des 100.000 points de recharge publics et vise un doublement d\u2019ici 2030 - link2fleet\",\"isPartOf\":{\"@id\":\"https:\\\/\\\/www.link2fleet.com\\\/fr\\\/#website\"},\"primaryImageOfPage\":{\"@id\":\"https:\\\/\\\/www.link2fleet.com\\\/belgie-overschrijdt-kaap-van-100-000-publieke-laadpunten-en-mikt-op-verdubbeling-tegen-2030\\\/#primaryimage\"},\"image\":{\"@id\":\"https:\\\/\\\/www.link2fleet.com\\\/belgie-overschrijdt-kaap-van-100-000-publieke-laadpunten-en-mikt-op-verdubbeling-tegen-2030\\\/#primaryimage\"},\"thumbnailUrl\":\"https:\\\/\\\/static.link2fleet.com\\\/wp-content\\\/uploads\\\/2025\\\/08\\\/carte-belgique.png\",\"datePublished\":\"2025-08-21T17:17:08+00:00\",\"breadcrumb\":{\"@id\":\"https:\\\/\\\/www.link2fleet.com\\\/belgie-overschrijdt-kaap-van-100-000-publieke-laadpunten-en-mikt-op-verdubbeling-tegen-2030\\\/#breadcrumb\"},\"inLanguage\":\"fr-FR\",\"potentialAction\":[{\"@type\":\"ReadAction\",\"target\":[\"https:\\\/\\\/www.link2fleet.com\\\/belgie-overschrijdt-kaap-van-100-000-publieke-laadpunten-en-mikt-op-verdubbeling-tegen-2030\\\/\"]}]},{\"@type\":\"ImageObject\",\"inLanguage\":\"fr-FR\",\"@id\":\"https:\\\/\\\/www.link2fleet.com\\\/belgie-overschrijdt-kaap-van-100-000-publieke-laadpunten-en-mikt-op-verdubbeling-tegen-2030\\\/#primaryimage\",\"url\":\"https:\\\/\\\/static.link2fleet.com\\\/wp-content\\\/uploads\\\/2025\\\/08\\\/carte-belgique.png\",\"contentUrl\":\"https:\\\/\\\/static.link2fleet.com\\\/wp-content\\\/uploads\\\/2025\\\/08\\\/carte-belgique.png\",\"width\":1024,\"height\":1024},{\"@type\":\"BreadcrumbList\",\"@id\":\"https:\\\/\\\/www.link2fleet.com\\\/belgie-overschrijdt-kaap-van-100-000-publieke-laadpunten-en-mikt-op-verdubbeling-tegen-2030\\\/#breadcrumb\",\"itemListElement\":[{\"@type\":\"ListItem\",\"position\":1,\"name\":\"Home\",\"item\":\"https:\\\/\\\/www.link2fleet.com\\\/fr\\\/\"},{\"@type\":\"ListItem\",\"position\":2,\"name\":\"La Belgique franchit le cap des 100.000 points de recharge publics et vise un doublement d\u2019ici 2030\"}]},{\"@type\":\"WebSite\",\"@id\":\"https:\\\/\\\/www.link2fleet.com\\\/fr\\\/#website\",\"url\":\"https:\\\/\\\/www.link2fleet.com\\\/fr\\\/\",\"name\":\"Link2fleet\",\"description\":\"\",\"publisher\":{\"@id\":\"https:\\\/\\\/www.link2fleet.com\\\/fr\\\/#organization\"},\"potentialAction\":[{\"@type\":\"SearchAction\",\"target\":{\"@type\":\"EntryPoint\",\"urlTemplate\":\"https:\\\/\\\/www.link2fleet.com\\\/fr\\\/?s={search_term_string}\"},\"query-input\":{\"@type\":\"PropertyValueSpecification\",\"valueRequired\":true,\"valueName\":\"search_term_string\"}}],\"inLanguage\":\"fr-FR\"},{\"@type\":\"Organization\",\"@id\":\"https:\\\/\\\/www.link2fleet.com\\\/fr\\\/#organization\",\"name\":\"Link2fleet\",\"url\":\"https:\\\/\\\/www.link2fleet.com\\\/fr\\\/\",\"logo\":{\"@type\":\"ImageObject\",\"inLanguage\":\"fr-FR\",\"@id\":\"https:\\\/\\\/www.link2fleet.com\\\/fr\\\/#\\\/schema\\\/logo\\\/image\\\/\",\"url\":\"https:\\\/\\\/static.link2fleet.com\\\/wp-content\\\/uploads\\\/2024\\\/03\\\/share-image.jpg\",\"contentUrl\":\"https:\\\/\\\/static.link2fleet.com\\\/wp-content\\\/uploads\\\/2024\\\/03\\\/share-image.jpg\",\"width\":1200,\"height\":630,\"caption\":\"Link2fleet\"},\"image\":{\"@id\":\"https:\\\/\\\/www.link2fleet.com\\\/fr\\\/#\\\/schema\\\/logo\\\/image\\\/\"},\"sameAs\":[\"https:\\\/\\\/www.linkedin.com\\\/company\\\/link2fleet-belgium\",\"https:\\\/\\\/www.youtube.com\\\/user\\\/MMMBMBE\"]},{\"@type\":\"Person\",\"@id\":\"https:\\\/\\\/www.link2fleet.com\\\/fr\\\/#\\\/schema\\\/person\\\/027cd46113c78036b3809c9a054049da\",\"name\":\"Damien Malvetti\",\"image\":{\"@type\":\"ImageObject\",\"inLanguage\":\"fr-FR\",\"@id\":\"https:\\\/\\\/secure.gravatar.com\\\/avatar\\\/dd8cc03b49466c735f753ac37f8caa371af16dfed347456ed61f02883255eebb?s=96&d=mm&r=g\",\"url\":\"https:\\\/\\\/secure.gravatar.com\\\/avatar\\\/dd8cc03b49466c735f753ac37f8caa371af16dfed347456ed61f02883255eebb?s=96&d=mm&r=g\",\"contentUrl\":\"https:\\\/\\\/secure.gravatar.com\\\/avatar\\\/dd8cc03b49466c735f753ac37f8caa371af16dfed347456ed61f02883255eebb?s=96&d=mm&r=g\",\"caption\":\"Damien Malvetti\"},\"description\":\"Damien Malvetti is opgeleid als journalist en gepassioneerd door wagens, technologie en mobiliteit. Hij is verantwoordelijk voor de redactionele inhoud van link2fleet en beschikt over een uitgebreide kennis van de fleet-sector en elektrische mobiliteit.\",\"sameAs\":[\"https:\\\/\\\/www.linkedin.com\\\/in\\\/damien-malvetti-56601142\\\/\"]}]}<\/script>\n<!-- \/ Yoast SEO plugin. -->","yoast_head_json":{"title":"La Belgique franchit le cap des 100.000 points de recharge publics et vise un doublement d\u2019ici 2030 - link2fleet","description":"La Belgique a franchi cet \u00e9t\u00e9 une \u00e9tape symbolique dans la transition vers la mobilit\u00e9 \u00e9lectrique : notre pays compte d\u00e9sormais plus de 100.000 points\u2026","robots":{"index":"index","follow":"follow","max-snippet":"max-snippet:-1","max-image-preview":"max-image-preview:large","max-video-preview":"max-video-preview:-1"},"og_locale":"fr_FR","og_type":"article","og_title":"La Belgique franchit le cap des 100.000 points de recharge publics et vise un doublement d\u2019ici 2030 - link2fleet","og_description":"La Belgique a franchi cet \u00e9t\u00e9 une \u00e9tape symbolique dans la transition vers la mobilit\u00e9 \u00e9lectrique : notre pays compte d\u00e9sormais plus de 100.000 points\u2026","og_url":"https:\/\/www.link2fleet.com\/belgie-overschrijdt-kaap-van-100-000-publieke-laadpunten-en-mikt-op-verdubbeling-tegen-2030\/","og_site_name":"link2fleet","article_published_time":"2025-08-21T17:17:08+00:00","og_image":[{"width":1024,"height":1024,"url":"https:\/\/static.link2fleet.com\/wp-content\/uploads\/2025\/08\/carte-belgique.png","type":"image\/png"}],"author":"Damien Malvetti","twitter_card":"summary_large_image","twitter_description":"La Belgique a franchi cet \u00e9t\u00e9 une \u00e9tape symbolique dans la transition vers la mobilit\u00e9 \u00e9lectrique : notre pays compte d\u00e9sormais plus de 100.000 points\u2026","twitter_misc":{"\u00c9crit par":"Damien Malvetti","Dur\u00e9e de lecture estim\u00e9e":"4 minutes"},"schema":{"@context":"https:\/\/schema.org","@graph":[{"@type":"Article","@id":"https:\/\/www.link2fleet.com\/belgie-overschrijdt-kaap-van-100-000-publieke-laadpunten-en-mikt-op-verdubbeling-tegen-2030\/#article","isPartOf":{"@id":"https:\/\/www.link2fleet.com\/belgie-overschrijdt-kaap-van-100-000-publieke-laadpunten-en-mikt-op-verdubbeling-tegen-2030\/"},"author":{"name":"Damien Malvetti","@id":"https:\/\/www.link2fleet.com\/fr\/#\/schema\/person\/027cd46113c78036b3809c9a054049da"},"headline":"La Belgique franchit le cap des 100.000 points de recharge publics et vise un doublement d\u2019ici 2030","datePublished":"2025-08-21T17:17:08+00:00","mainEntityOfPage":{"@id":"https:\/\/www.link2fleet.com\/belgie-overschrijdt-kaap-van-100-000-publieke-laadpunten-en-mikt-op-verdubbeling-tegen-2030\/"},"wordCount":16,"publisher":{"@id":"https:\/\/www.link2fleet.com\/fr\/#organization"},"image":{"@id":"https:\/\/www.link2fleet.com\/belgie-overschrijdt-kaap-van-100-000-publieke-laadpunten-en-mikt-op-verdubbeling-tegen-2030\/#primaryimage"},"thumbnailUrl":"https:\/\/static.link2fleet.com\/wp-content\/uploads\/2025\/08\/carte-belgique.png","articleSection":["Gestion carburant et de l'\u00e9nergie","Gestion de flotte"],"inLanguage":"fr-FR"},{"@type":"WebPage","@id":"https:\/\/www.link2fleet.com\/belgie-overschrijdt-kaap-van-100-000-publieke-laadpunten-en-mikt-op-verdubbeling-tegen-2030\/","url":"https:\/\/www.link2fleet.com\/belgie-overschrijdt-kaap-van-100-000-publieke-laadpunten-en-mikt-op-verdubbeling-tegen-2030\/","name":"La Belgique franchit le cap des 100.000 points de recharge publics et vise un doublement d\u2019ici 2030 - link2fleet","isPartOf":{"@id":"https:\/\/www.link2fleet.com\/fr\/#website"},"primaryImageOfPage":{"@id":"https:\/\/www.link2fleet.com\/belgie-overschrijdt-kaap-van-100-000-publieke-laadpunten-en-mikt-op-verdubbeling-tegen-2030\/#primaryimage"},"image":{"@id":"https:\/\/www.link2fleet.com\/belgie-overschrijdt-kaap-van-100-000-publieke-laadpunten-en-mikt-op-verdubbeling-tegen-2030\/#primaryimage"},"thumbnailUrl":"https:\/\/static.link2fleet.com\/wp-content\/uploads\/2025\/08\/carte-belgique.png","datePublished":"2025-08-21T17:17:08+00:00","breadcrumb":{"@id":"https:\/\/www.link2fleet.com\/belgie-overschrijdt-kaap-van-100-000-publieke-laadpunten-en-mikt-op-verdubbeling-tegen-2030\/#breadcrumb"},"inLanguage":"fr-FR","potentialAction":[{"@type":"ReadAction","target":["https:\/\/www.link2fleet.com\/belgie-overschrijdt-kaap-van-100-000-publieke-laadpunten-en-mikt-op-verdubbeling-tegen-2030\/"]}]},{"@type":"ImageObject","inLanguage":"fr-FR","@id":"https:\/\/www.link2fleet.com\/belgie-overschrijdt-kaap-van-100-000-publieke-laadpunten-en-mikt-op-verdubbeling-tegen-2030\/#primaryimage","url":"https:\/\/static.link2fleet.com\/wp-content\/uploads\/2025\/08\/carte-belgique.png","contentUrl":"https:\/\/static.link2fleet.com\/wp-content\/uploads\/2025\/08\/carte-belgique.png","width":1024,"height":1024},{"@type":"BreadcrumbList","@id":"https:\/\/www.link2fleet.com\/belgie-overschrijdt-kaap-van-100-000-publieke-laadpunten-en-mikt-op-verdubbeling-tegen-2030\/#breadcrumb","itemListElement":[{"@type":"ListItem","position":1,"name":"Home","item":"https:\/\/www.link2fleet.com\/fr\/"},{"@type":"ListItem","position":2,"name":"La Belgique franchit le cap des 100.000 points de recharge publics et vise un doublement d\u2019ici 2030"}]},{"@type":"WebSite","@id":"https:\/\/www.link2fleet.com\/fr\/#website","url":"https:\/\/www.link2fleet.com\/fr\/","name":"Link2fleet","description":"","publisher":{"@id":"https:\/\/www.link2fleet.com\/fr\/#organization"},"potentialAction":[{"@type":"SearchAction","target":{"@type":"EntryPoint","urlTemplate":"https:\/\/www.link2fleet.com\/fr\/?s={search_term_string}"},"query-input":{"@type":"PropertyValueSpecification","valueRequired":true,"valueName":"search_term_string"}}],"inLanguage":"fr-FR"},{"@type":"Organization","@id":"https:\/\/www.link2fleet.com\/fr\/#organization","name":"Link2fleet","url":"https:\/\/www.link2fleet.com\/fr\/","logo":{"@type":"ImageObject","inLanguage":"fr-FR","@id":"https:\/\/www.link2fleet.com\/fr\/#\/schema\/logo\/image\/","url":"https:\/\/static.link2fleet.com\/wp-content\/uploads\/2024\/03\/share-image.jpg","contentUrl":"https:\/\/static.link2fleet.com\/wp-content\/uploads\/2024\/03\/share-image.jpg","width":1200,"height":630,"caption":"Link2fleet"},"image":{"@id":"https:\/\/www.link2fleet.com\/fr\/#\/schema\/logo\/image\/"},"sameAs":["https:\/\/www.linkedin.com\/company\/link2fleet-belgium","https:\/\/www.youtube.com\/user\/MMMBMBE"]},{"@type":"Person","@id":"https:\/\/www.link2fleet.com\/fr\/#\/schema\/person\/027cd46113c78036b3809c9a054049da","name":"Damien Malvetti","image":{"@type":"ImageObject","inLanguage":"fr-FR","@id":"https:\/\/secure.gravatar.com\/avatar\/dd8cc03b49466c735f753ac37f8caa371af16dfed347456ed61f02883255eebb?s=96&d=mm&r=g","url":"https:\/\/secure.gravatar.com\/avatar\/dd8cc03b49466c735f753ac37f8caa371af16dfed347456ed61f02883255eebb?s=96&d=mm&r=g","contentUrl":"https:\/\/secure.gravatar.com\/avatar\/dd8cc03b49466c735f753ac37f8caa371af16dfed347456ed61f02883255eebb?s=96&d=mm&r=g","caption":"Damien Malvetti"},"description":"Damien Malvetti is opgeleid als journalist en gepassioneerd door wagens, technologie en mobiliteit. Hij is verantwoordelijk voor de redactionele inhoud van link2fleet en beschikt over een uitgebreide kennis van de fleet-sector en elektrische mobiliteit.","sameAs":["https:\/\/www.linkedin.com\/in\/damien-malvetti-56601142\/"]}]}},"_links":{"self":[{"href":"https:\/\/www.link2fleet.com\/fr\/wp-json\/wp\/v2\/posts\/54628","targetHints":{"allow":["GET"]}}],"collection":[{"href":"https:\/\/www.link2fleet.com\/fr\/wp-json\/wp\/v2\/posts"}],"about":[{"href":"https:\/\/www.link2fleet.com\/fr\/wp-json\/wp\/v2\/types\/post"}],"author":[{"embeddable":true,"href":"https:\/\/www.link2fleet.com\/fr\/wp-json\/wp\/v2\/users\/4"}],"replies":[{"embeddable":true,"href":"https:\/\/www.link2fleet.com\/fr\/wp-json\/wp\/v2\/comments?post=54628"}],"version-history":[{"count":2,"href":"https:\/\/www.link2fleet.com\/fr\/wp-json\/wp\/v2\/posts\/54628\/revisions"}],"predecessor-version":[{"id":54633,"href":"https:\/\/www.link2fleet.com\/fr\/wp-json\/wp\/v2\/posts\/54628\/revisions\/54633"}],"wp:featuredmedia":[{"embeddable":true,"href":"https:\/\/www.link2fleet.com\/fr\/wp-json\/wp\/v2\/media\/54629"}],"wp:attachment":[{"href":"https:\/\/www.link2fleet.com\/fr\/wp-json\/wp\/v2\/media?parent=54628"}],"wp:term":[{"taxonomy":"category","embeddable":true,"href":"https:\/\/www.link2fleet.com\/fr\/wp-json\/wp\/v2\/categories?post=54628"},{"taxonomy":"post_tag","embeddable":true,"href":"https:\/\/www.link2fleet.com\/fr\/wp-json\/wp\/v2\/tags?post=54628"}],"curies":[{"name":"wp","href":"https:\/\/api.w.org\/{rel}","templated":true}]}}