{"id":5489,"date":"2022-01-20T09:20:18","date_gmt":"2022-01-20T08:20:18","guid":{"rendered":"https:\/\/www.link2fleet.com\/belfius-auto-lease-a-pris-un-tournant-decisif-vers-la-conduite-electrique-en-2021\/"},"modified":"2024-04-17T16:48:03","modified_gmt":"2024-04-17T14:48:03","slug":"belfius-auto-lease-a-pris-un-tournant-decisif-vers-la-conduite-electrique-en-2021","status":"publish","type":"post","link":"https:\/\/www.link2fleet.com\/fr\/belfius-auto-lease-a-pris-un-tournant-decisif-vers-la-conduite-electrique-en-2021\/","title":{"rendered":"Belfius Auto Lease a pris un tournant d\u00e9cisif vers la conduite \u00e9lectrique en 2021"},"content":{"rendered":"<p>Alors qu&rsquo;au premier trimestre 2021, plus de 60% des nouvelles commandes pass\u00e9es aupr\u00e8s de Belfius Auto Lease concernaient des v\u00e9hicules conventionnels \u00e0 essence ou diesel, la demande pour ce type de voitures s&rsquo;est depuis consid\u00e9rablement r\u00e9duite, mois apr\u00e8s mois, pour n&rsquo;atteindre qu&rsquo;environ 40% \u00e0 la fin de l&rsquo;ann\u00e9e. Dans le m\u00eame temps, les commandes de voitures \u00e9lectriques et hybrides rechargeables ont bondi de 1,9% \u00e0 15% et de 8,5% \u00e0 35,5% respectivement entre janvier et d\u00e9cembre. D&rsquo;autre part, la part des voitures hybrides non rechargeables a diminu\u00e9 de mani\u00e8re significative (de 21,9 % en janvier \u00e0 7,9 % en d\u00e9cembre), augmentant l&rsquo;offre du march\u00e9 des v\u00e9hicules \u00e9lectriques et hybrides rechargeables et incitant les clients \u00e0 se tourner en grand nombre vers ce type de v\u00e9hicule. Depuis novembre 2021, plus de la moiti\u00e9 des nouvelles commandes pass\u00e9es aupr\u00e8s de Belfius Auto Lease concernent des v\u00e9hicules \u00e9lectriques ou plug-in.<\/p>\n<p><strong>\u00a0<\/strong><\/p>\n<p><strong>Objectif : r\u00e9duire de moiti\u00e9 les \u00e9missions de CO2 d&rsquo;ici 2025<\/strong><\/p>\n<p>Apr\u00e8s une hausse spectaculaire en 2021, la demande de voitures 100% \u00e9lectriques devrait encore augmenter dans les mois et ann\u00e9es \u00e0 venir, gr\u00e2ce notamment \u00e0 la politique de prix attractive que Belfius Auto Lease adopte d\u00e9lib\u00e9r\u00e9ment pour ce type de motorisation. Cela se traduira \u00e9galement par une r\u00e9duction acc\u00e9l\u00e9r\u00e9e des \u00e9missions de CO2 de sa flotte, qui compte actuellement 24 150 v\u00e9hicules.<\/p>\n<p>Belfius Auto Lease est en bonne voie pour r\u00e9duire de moiti\u00e9 les \u00e9missions de CO2 de sa flotte d&rsquo;ici 2025, conform\u00e9ment \u00e0 son engagement envers la strat\u00e9gie ESG de Belfius. Elle entend atteindre cet objectif non seulement en rendant sa flotte plus \u00e9cologique, mais aussi en r\u00e9duisant davantage le nombre de kilom\u00e8tres parcourus par ses clients et en d\u00e9veloppant une offre de mobilit\u00e9 flexible et durable.<\/p>\n<p>Belfius Auto Lease est pleinement conscient des d\u00e9fis de la mobilit\u00e9 durable et a donc d\u00e9cid\u00e9 d&rsquo;offrir une solution de mobilit\u00e9 flexible. Elle offre \u00e0 ses clients une gamme de solutions de mobilit\u00e9 flexibles, durables et innovantes, adapt\u00e9es \u00e0 leurs besoins sp\u00e9cifiques et d\u00e9velopp\u00e9es en collaboration avec un certain nombre de partenaires belges de premier plan :<\/p>\n<ul>\n<li>Belfius Car Lease, une gamme compl\u00e8te de formules de leasing automobile sur mesure destin\u00e9es \u00e0 encourager l&rsquo;utilisation de voitures vertes et comprenant, entre autres, des infrastructures de recharge pour v\u00e9hicules \u00e9lectriques ou plug-in (en partenariat avec CenEnergy et GinionMobilitySolutions)<\/li>\n<li>Belfius Bike Lease, un service complet de leasing op\u00e9rationnel de v\u00e9los pour les entreprises, les institutions et leurs employ\u00e9s (en partenariat avec Cyclis, le pionnier du leasing de v\u00e9los en Belgique).<\/li>\n<li>Belfius Move by Skipr, une solution num\u00e9rique innovante con\u00e7ue pour optimiser les d\u00e9placements du personnel tout en all\u00e9geant la charge administrative des employeurs. La solution, d\u00e9velopp\u00e9e par Skipr, comprend une application permettant de planifier, r\u00e9server et payer les d\u00e9placements en combinant diff\u00e9rents moyens de transport et en choisissant l&rsquo;itin\u00e9raire le plus court et le plus \u00e9cologique.<\/li>\n<\/ul>\n","protected":false},"excerpt":{"rendered":"<p>Alors qu&rsquo;au premier trimestre 2021, plus de 60% des nouvelles commandes pass\u00e9es aupr\u00e8s de Belfius Auto Lease concernaient des v\u00e9hicules conventionnels \u00e0 essence ou diesel, la demande pour ce type de voitures s&rsquo;est depuis consid\u00e9rablement r\u00e9duite, mois apr\u00e8s mois, pour n&rsquo;atteindre qu&rsquo;environ 40% \u00e0 la fin de l&rsquo;ann\u00e9e. Dans le m\u00eame temps, les commandes de [&hellip;]<\/p>\n","protected":false},"author":4,"featured_media":5490,"comment_status":"closed","ping_status":"closed","sticky":false,"template":"","format":"standard","meta":{"_acf_changed":false,"footnotes":""},"categories":[91,79],"tags":[],"class_list":["post-5489","post","type-post","status-publish","format-standard","has-post-thumbnail","hentry","category-expertise-et-management","category-societes-de-leasing"],"acf":[],"yoast_head":"<!-- This site is optimized with the Yoast SEO plugin v27.3 - https:\/\/yoast.com\/product\/yoast-seo-wordpress\/ -->\n<title>Belfius Auto Lease a pris un tournant d\u00e9cisif vers la conduite \u00e9lectrique en 2021 - link2fleet<\/title>\n<meta name=\"description\" content=\"L&rsquo;ann\u00e9e derni\u00e8re, pour la premi\u00e8re fois, la part des voitures conventionnelles \u00e0 essence et diesel dans les nouvelles commandes de Belfius Auto Lease \u00e9tait inf\u00e9rieure\u2026\" \/>\n<meta name=\"robots\" content=\"index, follow, max-snippet:-1, max-image-preview:large, max-video-preview:-1\" \/>\n<meta property=\"og:locale\" content=\"fr_FR\" \/>\n<meta property=\"og:type\" content=\"article\" \/>\n<meta property=\"og:title\" content=\"Belfius Auto Lease a pris un tournant d\u00e9cisif vers la conduite \u00e9lectrique en 2021 - link2fleet\" \/>\n<meta property=\"og:description\" content=\"L&rsquo;ann\u00e9e derni\u00e8re, pour la premi\u00e8re fois, la part des voitures conventionnelles \u00e0 essence et diesel dans les nouvelles commandes de Belfius Auto Lease \u00e9tait inf\u00e9rieure\u2026\" \/>\n<meta property=\"og:url\" content=\"https:\/\/www.link2fleet.com\/fr\/belfius-auto-lease-a-pris-un-tournant-decisif-vers-la-conduite-electrique-en-2021\/\" \/>\n<meta property=\"og:site_name\" content=\"link2fleet\" \/>\n<meta property=\"article:published_time\" content=\"2022-01-20T08:20:18+00:00\" \/>\n<meta property=\"article:modified_time\" content=\"2024-04-17T14:48:03+00:00\" \/>\n<meta property=\"og:image\" content=\"https:\/\/static.link2fleet.com\/wp-content\/uploads\/2024\/03\/depositphotos-102402582-l-2015.jpg\" \/>\n\t<meta property=\"og:image:width\" content=\"2000\" \/>\n\t<meta property=\"og:image:height\" content=\"1486\" \/>\n\t<meta property=\"og:image:type\" content=\"image\/jpeg\" \/>\n<meta name=\"author\" content=\"Damien Malvetti\" \/>\n<meta name=\"twitter:card\" content=\"summary_large_image\" \/>\n<meta name=\"twitter:description\" content=\"L&rsquo;ann\u00e9e derni\u00e8re, pour la premi\u00e8re fois, la part des voitures conventionnelles \u00e0 essence et diesel dans les nouvelles commandes de Belfius Auto Lease \u00e9tait inf\u00e9rieure\u2026\" \/>\n<meta name=\"twitter:label1\" content=\"\u00c9crit par\" \/>\n\t<meta name=\"twitter:data1\" content=\"Damien Malvetti\" \/>\n\t<meta name=\"twitter:label2\" content=\"Dur\u00e9e de lecture estim\u00e9e\" \/>\n\t<meta name=\"twitter:data2\" content=\"2 minutes\" \/>\n<script type=\"application\/ld+json\" class=\"yoast-schema-graph\">{\"@context\":\"https:\\\/\\\/schema.org\",\"@graph\":[{\"@type\":\"Article\",\"@id\":\"https:\\\/\\\/www.link2fleet.com\\\/fr\\\/belfius-auto-lease-a-pris-un-tournant-decisif-vers-la-conduite-electrique-en-2021\\\/#article\",\"isPartOf\":{\"@id\":\"https:\\\/\\\/www.link2fleet.com\\\/fr\\\/belfius-auto-lease-a-pris-un-tournant-decisif-vers-la-conduite-electrique-en-2021\\\/\"},\"author\":{\"name\":\"Damien Malvetti\",\"@id\":\"https:\\\/\\\/www.link2fleet.com\\\/fr\\\/#\\\/schema\\\/person\\\/027cd46113c78036b3809c9a054049da\"},\"headline\":\"Belfius Auto Lease a pris un tournant d\u00e9cisif vers la conduite \u00e9lectrique en 2021\",\"datePublished\":\"2022-01-20T08:20:18+00:00\",\"dateModified\":\"2024-04-17T14:48:03+00:00\",\"mainEntityOfPage\":{\"@id\":\"https:\\\/\\\/www.link2fleet.com\\\/fr\\\/belfius-auto-lease-a-pris-un-tournant-decisif-vers-la-conduite-electrique-en-2021\\\/\"},\"wordCount\":520,\"publisher\":{\"@id\":\"https:\\\/\\\/www.link2fleet.com\\\/fr\\\/#organization\"},\"image\":{\"@id\":\"https:\\\/\\\/www.link2fleet.com\\\/fr\\\/belfius-auto-lease-a-pris-un-tournant-decisif-vers-la-conduite-electrique-en-2021\\\/#primaryimage\"},\"thumbnailUrl\":\"https:\\\/\\\/static.link2fleet.com\\\/wp-content\\\/uploads\\\/2024\\\/03\\\/depositphotos-102402582-l-2015.jpg\",\"articleSection\":[\"Gestion de flotte\",\"Location long-terme\"],\"inLanguage\":\"fr-FR\"},{\"@type\":\"WebPage\",\"@id\":\"https:\\\/\\\/www.link2fleet.com\\\/fr\\\/belfius-auto-lease-a-pris-un-tournant-decisif-vers-la-conduite-electrique-en-2021\\\/\",\"url\":\"https:\\\/\\\/www.link2fleet.com\\\/fr\\\/belfius-auto-lease-a-pris-un-tournant-decisif-vers-la-conduite-electrique-en-2021\\\/\",\"name\":\"Belfius Auto Lease a pris un tournant d\u00e9cisif vers la conduite \u00e9lectrique en 2021 - link2fleet\",\"isPartOf\":{\"@id\":\"https:\\\/\\\/www.link2fleet.com\\\/fr\\\/#website\"},\"primaryImageOfPage\":{\"@id\":\"https:\\\/\\\/www.link2fleet.com\\\/fr\\\/belfius-auto-lease-a-pris-un-tournant-decisif-vers-la-conduite-electrique-en-2021\\\/#primaryimage\"},\"image\":{\"@id\":\"https:\\\/\\\/www.link2fleet.com\\\/fr\\\/belfius-auto-lease-a-pris-un-tournant-decisif-vers-la-conduite-electrique-en-2021\\\/#primaryimage\"},\"thumbnailUrl\":\"https:\\\/\\\/static.link2fleet.com\\\/wp-content\\\/uploads\\\/2024\\\/03\\\/depositphotos-102402582-l-2015.jpg\",\"datePublished\":\"2022-01-20T08:20:18+00:00\",\"dateModified\":\"2024-04-17T14:48:03+00:00\",\"breadcrumb\":{\"@id\":\"https:\\\/\\\/www.link2fleet.com\\\/fr\\\/belfius-auto-lease-a-pris-un-tournant-decisif-vers-la-conduite-electrique-en-2021\\\/#breadcrumb\"},\"inLanguage\":\"fr-FR\",\"potentialAction\":[{\"@type\":\"ReadAction\",\"target\":[\"https:\\\/\\\/www.link2fleet.com\\\/fr\\\/belfius-auto-lease-a-pris-un-tournant-decisif-vers-la-conduite-electrique-en-2021\\\/\"]}]},{\"@type\":\"ImageObject\",\"inLanguage\":\"fr-FR\",\"@id\":\"https:\\\/\\\/www.link2fleet.com\\\/fr\\\/belfius-auto-lease-a-pris-un-tournant-decisif-vers-la-conduite-electrique-en-2021\\\/#primaryimage\",\"url\":\"https:\\\/\\\/static.link2fleet.com\\\/wp-content\\\/uploads\\\/2024\\\/03\\\/depositphotos-102402582-l-2015.jpg\",\"contentUrl\":\"https:\\\/\\\/static.link2fleet.com\\\/wp-content\\\/uploads\\\/2024\\\/03\\\/depositphotos-102402582-l-2015.jpg\",\"width\":2000,\"height\":1486},{\"@type\":\"BreadcrumbList\",\"@id\":\"https:\\\/\\\/www.link2fleet.com\\\/fr\\\/belfius-auto-lease-a-pris-un-tournant-decisif-vers-la-conduite-electrique-en-2021\\\/#breadcrumb\",\"itemListElement\":[{\"@type\":\"ListItem\",\"position\":1,\"name\":\"Home\",\"item\":\"https:\\\/\\\/www.link2fleet.com\\\/fr\\\/\"},{\"@type\":\"ListItem\",\"position\":2,\"name\":\"Belfius Auto Lease a pris un tournant d\u00e9cisif vers la conduite \u00e9lectrique en 2021\"}]},{\"@type\":\"WebSite\",\"@id\":\"https:\\\/\\\/www.link2fleet.com\\\/fr\\\/#website\",\"url\":\"https:\\\/\\\/www.link2fleet.com\\\/fr\\\/\",\"name\":\"Link2fleet\",\"description\":\"\",\"publisher\":{\"@id\":\"https:\\\/\\\/www.link2fleet.com\\\/fr\\\/#organization\"},\"potentialAction\":[{\"@type\":\"SearchAction\",\"target\":{\"@type\":\"EntryPoint\",\"urlTemplate\":\"https:\\\/\\\/www.link2fleet.com\\\/fr\\\/?s={search_term_string}\"},\"query-input\":{\"@type\":\"PropertyValueSpecification\",\"valueRequired\":true,\"valueName\":\"search_term_string\"}}],\"inLanguage\":\"fr-FR\"},{\"@type\":\"Organization\",\"@id\":\"https:\\\/\\\/www.link2fleet.com\\\/fr\\\/#organization\",\"name\":\"Link2fleet\",\"url\":\"https:\\\/\\\/www.link2fleet.com\\\/fr\\\/\",\"logo\":{\"@type\":\"ImageObject\",\"inLanguage\":\"fr-FR\",\"@id\":\"https:\\\/\\\/www.link2fleet.com\\\/fr\\\/#\\\/schema\\\/logo\\\/image\\\/\",\"url\":\"https:\\\/\\\/static.link2fleet.com\\\/wp-content\\\/uploads\\\/2024\\\/03\\\/share-image.jpg\",\"contentUrl\":\"https:\\\/\\\/static.link2fleet.com\\\/wp-content\\\/uploads\\\/2024\\\/03\\\/share-image.jpg\",\"width\":1200,\"height\":630,\"caption\":\"Link2fleet\"},\"image\":{\"@id\":\"https:\\\/\\\/www.link2fleet.com\\\/fr\\\/#\\\/schema\\\/logo\\\/image\\\/\"},\"sameAs\":[\"https:\\\/\\\/www.linkedin.com\\\/company\\\/link2fleet-belgium\",\"https:\\\/\\\/www.youtube.com\\\/user\\\/MMMBMBE\"]},{\"@type\":\"Person\",\"@id\":\"https:\\\/\\\/www.link2fleet.com\\\/fr\\\/#\\\/schema\\\/person\\\/027cd46113c78036b3809c9a054049da\",\"name\":\"Damien Malvetti\",\"image\":{\"@type\":\"ImageObject\",\"inLanguage\":\"fr-FR\",\"@id\":\"https:\\\/\\\/secure.gravatar.com\\\/avatar\\\/dd8cc03b49466c735f753ac37f8caa371af16dfed347456ed61f02883255eebb?s=96&d=mm&r=g\",\"url\":\"https:\\\/\\\/secure.gravatar.com\\\/avatar\\\/dd8cc03b49466c735f753ac37f8caa371af16dfed347456ed61f02883255eebb?s=96&d=mm&r=g\",\"contentUrl\":\"https:\\\/\\\/secure.gravatar.com\\\/avatar\\\/dd8cc03b49466c735f753ac37f8caa371af16dfed347456ed61f02883255eebb?s=96&d=mm&r=g\",\"caption\":\"Damien Malvetti\"},\"description\":\"Damien Malvetti is opgeleid als journalist en gepassioneerd door wagens, technologie en mobiliteit. Hij is verantwoordelijk voor de redactionele inhoud van link2fleet en beschikt over een uitgebreide kennis van de fleet-sector en elektrische mobiliteit.\",\"sameAs\":[\"https:\\\/\\\/www.linkedin.com\\\/in\\\/damien-malvetti-56601142\\\/\"]}]}<\/script>\n<!-- \/ Yoast SEO plugin. -->","yoast_head_json":{"title":"Belfius Auto Lease a pris un tournant d\u00e9cisif vers la conduite \u00e9lectrique en 2021 - link2fleet","description":"L&rsquo;ann\u00e9e derni\u00e8re, pour la premi\u00e8re fois, la part des voitures conventionnelles \u00e0 essence et diesel dans les nouvelles commandes de Belfius Auto Lease \u00e9tait inf\u00e9rieure\u2026","robots":{"index":"index","follow":"follow","max-snippet":"max-snippet:-1","max-image-preview":"max-image-preview:large","max-video-preview":"max-video-preview:-1"},"og_locale":"fr_FR","og_type":"article","og_title":"Belfius Auto Lease a pris un tournant d\u00e9cisif vers la conduite \u00e9lectrique en 2021 - link2fleet","og_description":"L&rsquo;ann\u00e9e derni\u00e8re, pour la premi\u00e8re fois, la part des voitures conventionnelles \u00e0 essence et diesel dans les nouvelles commandes de Belfius Auto Lease \u00e9tait inf\u00e9rieure\u2026","og_url":"https:\/\/www.link2fleet.com\/fr\/belfius-auto-lease-a-pris-un-tournant-decisif-vers-la-conduite-electrique-en-2021\/","og_site_name":"link2fleet","article_published_time":"2022-01-20T08:20:18+00:00","article_modified_time":"2024-04-17T14:48:03+00:00","og_image":[{"width":2000,"height":1486,"url":"https:\/\/static.link2fleet.com\/wp-content\/uploads\/2024\/03\/depositphotos-102402582-l-2015.jpg","type":"image\/jpeg"}],"author":"Damien Malvetti","twitter_card":"summary_large_image","twitter_description":"L&rsquo;ann\u00e9e derni\u00e8re, pour la premi\u00e8re fois, la part des voitures conventionnelles \u00e0 essence et diesel dans les nouvelles commandes de Belfius Auto Lease \u00e9tait inf\u00e9rieure\u2026","twitter_misc":{"\u00c9crit par":"Damien Malvetti","Dur\u00e9e de lecture estim\u00e9e":"2 minutes"},"schema":{"@context":"https:\/\/schema.org","@graph":[{"@type":"Article","@id":"https:\/\/www.link2fleet.com\/fr\/belfius-auto-lease-a-pris-un-tournant-decisif-vers-la-conduite-electrique-en-2021\/#article","isPartOf":{"@id":"https:\/\/www.link2fleet.com\/fr\/belfius-auto-lease-a-pris-un-tournant-decisif-vers-la-conduite-electrique-en-2021\/"},"author":{"name":"Damien Malvetti","@id":"https:\/\/www.link2fleet.com\/fr\/#\/schema\/person\/027cd46113c78036b3809c9a054049da"},"headline":"Belfius Auto Lease a pris un tournant d\u00e9cisif vers la conduite \u00e9lectrique en 2021","datePublished":"2022-01-20T08:20:18+00:00","dateModified":"2024-04-17T14:48:03+00:00","mainEntityOfPage":{"@id":"https:\/\/www.link2fleet.com\/fr\/belfius-auto-lease-a-pris-un-tournant-decisif-vers-la-conduite-electrique-en-2021\/"},"wordCount":520,"publisher":{"@id":"https:\/\/www.link2fleet.com\/fr\/#organization"},"image":{"@id":"https:\/\/www.link2fleet.com\/fr\/belfius-auto-lease-a-pris-un-tournant-decisif-vers-la-conduite-electrique-en-2021\/#primaryimage"},"thumbnailUrl":"https:\/\/static.link2fleet.com\/wp-content\/uploads\/2024\/03\/depositphotos-102402582-l-2015.jpg","articleSection":["Gestion de flotte","Location long-terme"],"inLanguage":"fr-FR"},{"@type":"WebPage","@id":"https:\/\/www.link2fleet.com\/fr\/belfius-auto-lease-a-pris-un-tournant-decisif-vers-la-conduite-electrique-en-2021\/","url":"https:\/\/www.link2fleet.com\/fr\/belfius-auto-lease-a-pris-un-tournant-decisif-vers-la-conduite-electrique-en-2021\/","name":"Belfius Auto Lease a pris un tournant d\u00e9cisif vers la conduite \u00e9lectrique en 2021 - link2fleet","isPartOf":{"@id":"https:\/\/www.link2fleet.com\/fr\/#website"},"primaryImageOfPage":{"@id":"https:\/\/www.link2fleet.com\/fr\/belfius-auto-lease-a-pris-un-tournant-decisif-vers-la-conduite-electrique-en-2021\/#primaryimage"},"image":{"@id":"https:\/\/www.link2fleet.com\/fr\/belfius-auto-lease-a-pris-un-tournant-decisif-vers-la-conduite-electrique-en-2021\/#primaryimage"},"thumbnailUrl":"https:\/\/static.link2fleet.com\/wp-content\/uploads\/2024\/03\/depositphotos-102402582-l-2015.jpg","datePublished":"2022-01-20T08:20:18+00:00","dateModified":"2024-04-17T14:48:03+00:00","breadcrumb":{"@id":"https:\/\/www.link2fleet.com\/fr\/belfius-auto-lease-a-pris-un-tournant-decisif-vers-la-conduite-electrique-en-2021\/#breadcrumb"},"inLanguage":"fr-FR","potentialAction":[{"@type":"ReadAction","target":["https:\/\/www.link2fleet.com\/fr\/belfius-auto-lease-a-pris-un-tournant-decisif-vers-la-conduite-electrique-en-2021\/"]}]},{"@type":"ImageObject","inLanguage":"fr-FR","@id":"https:\/\/www.link2fleet.com\/fr\/belfius-auto-lease-a-pris-un-tournant-decisif-vers-la-conduite-electrique-en-2021\/#primaryimage","url":"https:\/\/static.link2fleet.com\/wp-content\/uploads\/2024\/03\/depositphotos-102402582-l-2015.jpg","contentUrl":"https:\/\/static.link2fleet.com\/wp-content\/uploads\/2024\/03\/depositphotos-102402582-l-2015.jpg","width":2000,"height":1486},{"@type":"BreadcrumbList","@id":"https:\/\/www.link2fleet.com\/fr\/belfius-auto-lease-a-pris-un-tournant-decisif-vers-la-conduite-electrique-en-2021\/#breadcrumb","itemListElement":[{"@type":"ListItem","position":1,"name":"Home","item":"https:\/\/www.link2fleet.com\/fr\/"},{"@type":"ListItem","position":2,"name":"Belfius Auto Lease a pris un tournant d\u00e9cisif vers la conduite \u00e9lectrique en 2021"}]},{"@type":"WebSite","@id":"https:\/\/www.link2fleet.com\/fr\/#website","url":"https:\/\/www.link2fleet.com\/fr\/","name":"Link2fleet","description":"","publisher":{"@id":"https:\/\/www.link2fleet.com\/fr\/#organization"},"potentialAction":[{"@type":"SearchAction","target":{"@type":"EntryPoint","urlTemplate":"https:\/\/www.link2fleet.com\/fr\/?s={search_term_string}"},"query-input":{"@type":"PropertyValueSpecification","valueRequired":true,"valueName":"search_term_string"}}],"inLanguage":"fr-FR"},{"@type":"Organization","@id":"https:\/\/www.link2fleet.com\/fr\/#organization","name":"Link2fleet","url":"https:\/\/www.link2fleet.com\/fr\/","logo":{"@type":"ImageObject","inLanguage":"fr-FR","@id":"https:\/\/www.link2fleet.com\/fr\/#\/schema\/logo\/image\/","url":"https:\/\/static.link2fleet.com\/wp-content\/uploads\/2024\/03\/share-image.jpg","contentUrl":"https:\/\/static.link2fleet.com\/wp-content\/uploads\/2024\/03\/share-image.jpg","width":1200,"height":630,"caption":"Link2fleet"},"image":{"@id":"https:\/\/www.link2fleet.com\/fr\/#\/schema\/logo\/image\/"},"sameAs":["https:\/\/www.linkedin.com\/company\/link2fleet-belgium","https:\/\/www.youtube.com\/user\/MMMBMBE"]},{"@type":"Person","@id":"https:\/\/www.link2fleet.com\/fr\/#\/schema\/person\/027cd46113c78036b3809c9a054049da","name":"Damien Malvetti","image":{"@type":"ImageObject","inLanguage":"fr-FR","@id":"https:\/\/secure.gravatar.com\/avatar\/dd8cc03b49466c735f753ac37f8caa371af16dfed347456ed61f02883255eebb?s=96&d=mm&r=g","url":"https:\/\/secure.gravatar.com\/avatar\/dd8cc03b49466c735f753ac37f8caa371af16dfed347456ed61f02883255eebb?s=96&d=mm&r=g","contentUrl":"https:\/\/secure.gravatar.com\/avatar\/dd8cc03b49466c735f753ac37f8caa371af16dfed347456ed61f02883255eebb?s=96&d=mm&r=g","caption":"Damien Malvetti"},"description":"Damien Malvetti is opgeleid als journalist en gepassioneerd door wagens, technologie en mobiliteit. Hij is verantwoordelijk voor de redactionele inhoud van link2fleet en beschikt over een uitgebreide kennis van de fleet-sector en elektrische mobiliteit.","sameAs":["https:\/\/www.linkedin.com\/in\/damien-malvetti-56601142\/"]}]}},"_links":{"self":[{"href":"https:\/\/www.link2fleet.com\/fr\/wp-json\/wp\/v2\/posts\/5489","targetHints":{"allow":["GET"]}}],"collection":[{"href":"https:\/\/www.link2fleet.com\/fr\/wp-json\/wp\/v2\/posts"}],"about":[{"href":"https:\/\/www.link2fleet.com\/fr\/wp-json\/wp\/v2\/types\/post"}],"author":[{"embeddable":true,"href":"https:\/\/www.link2fleet.com\/fr\/wp-json\/wp\/v2\/users\/4"}],"replies":[{"embeddable":true,"href":"https:\/\/www.link2fleet.com\/fr\/wp-json\/wp\/v2\/comments?post=5489"}],"version-history":[{"count":0,"href":"https:\/\/www.link2fleet.com\/fr\/wp-json\/wp\/v2\/posts\/5489\/revisions"}],"wp:featuredmedia":[{"embeddable":true,"href":"https:\/\/www.link2fleet.com\/fr\/wp-json\/wp\/v2\/media\/5490"}],"wp:attachment":[{"href":"https:\/\/www.link2fleet.com\/fr\/wp-json\/wp\/v2\/media?parent=5489"}],"wp:term":[{"taxonomy":"category","embeddable":true,"href":"https:\/\/www.link2fleet.com\/fr\/wp-json\/wp\/v2\/categories?post=5489"},{"taxonomy":"post_tag","embeddable":true,"href":"https:\/\/www.link2fleet.com\/fr\/wp-json\/wp\/v2\/tags?post=5489"}],"curies":[{"name":"wp","href":"https:\/\/api.w.org\/{rel}","templated":true}]}}