{"id":549,"date":"2024-01-12T09:33:42","date_gmt":"2024-01-12T08:33:42","guid":{"rendered":"https:\/\/www.link2fleet.com\/van-peteghem-veut-proteger-fiscalement-les-conducteurs-de-voitures-de-societe-thermiques\/"},"modified":"2024-01-29T11:37:45","modified_gmt":"2024-01-29T10:37:45","slug":"van-peteghem-veut-proteger-fiscalement-les-conducteurs-de-voitures-de-societe-thermiques","status":"publish","type":"post","link":"https:\/\/www.link2fleet.com\/fr\/van-peteghem-veut-proteger-fiscalement-les-conducteurs-de-voitures-de-societe-thermiques\/","title":{"rendered":"Une possible modification de la formule de l&rsquo;Avantage de Toute Nature pour 2024"},"content":{"rendered":"<p style=\"font-weight: 400;\">L\u2019\u00e9lectrification massive du parc de voitures de soci\u00e9t\u00e9 l\u2019an dernier, cons\u00e9cutive \u00e0 la Loi Van Peteghem, a fait baisser fortement le niveau d\u2019\u00e9mission de CO2 du parc automobile belge. R\u00e9sultat, le taux de r\u00e9f\u00e9rence d\u2019\u00e9mission de CO2 pris en compte pour la calcul de l\u2019ATN des voitures de soci\u00e9t\u00e9 va lui aussi d\u00e9gringoler.<\/p>\n<p style=\"font-weight: 400;\">La cons\u00e9quence, c\u2019est que les voitures de soci\u00e9t\u00e9 thermiques (essence et diesel) encore en circulation vont s\u2019\u00e9carter de ce taux de r\u00e9f\u00e9rence et donc, voir leur avantage de toute nature grimper en fl\u00e8che. Une cons\u00e9quence que le ministre des Finances, Vincent Van Peteghem (CD&amp;V), n\u2019avait visiblement pas prise en compte dans son plan de verdissement du parc automobile fleet\u2026<\/p>\n<p style=\"font-weight: 400;\">Interrog\u00e9 ce jeudi \u00e0 la Chambre par Vincent Van Quickenborne (Open VLD), sur la question, Vincent Van Peteghem a annonc\u00e9 qu\u2019il r\u00e9fl\u00e9chissait \u00e0 une proposition qu\u2019il va soumettre au gouvernement pour \u00e9viter que les conducteurs d\u2019une voiture de soci\u00e9t\u00e9 thermique se retrouvent tout \u00e0 coup beaucoup plus lourdement tax\u00e9s et voient ainsi leur salaire net r\u00e9duit.<\/p>\n<p>&nbsp;<\/p>\n<p><strong>Un succ\u00e8s qui d\u00e9passe les attentes<\/strong><\/p>\n<p style=\"font-weight: 400;\">Dans les colonnes de l\u2019Echo, le ministre a expliqu\u00e9 que le succ\u00e8s de son plan de verdissement du parc fleet \u00ab\u00a0d\u00e9passait toutes les attentes\u00a0\u00bb. Il a pr\u00e9cis\u00e9 que le calcul du coefficient de CO2 de r\u00e9f\u00e9rence est actuellement toujours bas\u00e9 sur la norme NEDC et qu\u2019il souhaitait donc la remplacer par la norme WLTP, qui donnera des valeurs CO2 plus \u00e9lev\u00e9es.<\/p>\n<p style=\"font-weight: 400;\">La norme de r\u00e9f\u00e9rence resterait ainsi en quasi statu quo en 2024 par rapport \u00e0 2023, \u00e9vitant toute augmentation de l\u2019ATN. Le but \u00e9tant \u00e9videmment de continuer \u00e0 avantager le choix pour des v\u00e9hicules 100% \u00e9lectriques par rapport aux mod\u00e8les thermiques, mais sans sanctionner lourdement ceux qui n&rsquo;ont pas encore effectuer le switch vers un mod\u00e8le plus respectueux de l&rsquo;environnement.<\/p>\n<p style=\"font-weight: 400;\">Il ne s\u2019agit encore que d\u2019une proposition que le gouvernement devra valider. Les lib\u00e9raux ont d\u00e9j\u00e0 fait savoir qu\u2019ils soutenaient cette solution, mais les autres partis de la coalition se montrent plus r\u00e9ticents. Les discussions s\u2019annoncent donc compliqu\u00e9es\u2026<\/p>\n<p>&nbsp;<\/p>\n<p><strong>Solution provisoire<\/strong><\/p>\n<p style=\"font-weight: 400;\">Il est aussi \u00e0 noter que cette solution ne r\u00e8glera le probl\u00e8me que de fa\u00e7on temporaire puisque l\u2019\u00e9lectrification du parc fleet va se poursuivre encore plus fortement en 2024, avec pour cons\u00e9quence une nouvelle (forte) baisse du taux de CO2 de r\u00e9f\u00e9rence l\u2019an prochain, et donc une nouvelle (forte) augmentation de l\u2019ATN des mod\u00e8les thermiques. \u00c9videmment, le nombre de voitures de soci\u00e9t\u00e9 thermiques encore en parc va aussi continuer \u00e0 baisser au fur et \u00e0 mesure des renouvellement des flottes, bien que certaines continuent malgr\u00e9 tout \u00e0 opter pour des mod\u00e8les thermiques lors des nouvelles commandes.<\/p>\n<p>Enfin, mentionnons que l&rsquo;avantage en nature annuel minimum pour 2024 a \u00e9t\u00e9 fix\u00e9 \u00e0 1 600,00 \u20ac contre 1 540,00 \u20ac en 2023.<\/p>\n<p style=\"font-weight: 400;\">\n","protected":false},"excerpt":{"rendered":"<p>L\u2019\u00e9lectrification massive du parc de voitures de soci\u00e9t\u00e9 l\u2019an dernier, cons\u00e9cutive \u00e0 la Loi Van Peteghem, a fait baisser fortement le niveau d\u2019\u00e9mission de CO2 du parc automobile belge. R\u00e9sultat, le taux de r\u00e9f\u00e9rence d\u2019\u00e9mission de CO2 pris en compte pour la calcul de l\u2019ATN des voitures de soci\u00e9t\u00e9 va lui aussi d\u00e9gringoler. La cons\u00e9quence, [&hellip;]<\/p>\n","protected":false},"author":4,"featured_media":550,"comment_status":"closed","ping_status":"closed","sticky":false,"template":"","format":"standard","meta":{"_acf_changed":false,"footnotes":""},"categories":[91,101],"tags":[],"class_list":["post-549","post","type-post","status-publish","format-standard","has-post-thumbnail","hentry","category-expertise-et-management","category-tax-legal"],"acf":[],"yoast_head":"<!-- This site is optimized with the Yoast SEO plugin v27.3 - https:\/\/yoast.com\/product\/yoast-seo-wordpress\/ -->\n<title>Une possible modification de la formule de l&#039;Avantage de Toute Nature pour 2024 - link2fleet<\/title>\n<meta name=\"description\" content=\"Vous n\u2019aurez certainement pas manqu\u00e9 de remarquer que l\u2019arr\u00eat\u00e9 royal cens\u00e9 fixer le taux d\u2019\u00e9mission de CO2 de r\u00e9f\u00e9rence pour le calcul de l\u2019ATN des\u2026\" \/>\n<meta name=\"robots\" content=\"index, follow, max-snippet:-1, max-image-preview:large, max-video-preview:-1\" \/>\n<meta property=\"og:locale\" content=\"fr_FR\" \/>\n<meta property=\"og:type\" content=\"article\" \/>\n<meta property=\"og:title\" content=\"Une possible modification de la formule de l&#039;Avantage de Toute Nature pour 2024 - link2fleet\" \/>\n<meta property=\"og:description\" content=\"Vous n\u2019aurez certainement pas manqu\u00e9 de remarquer que l\u2019arr\u00eat\u00e9 royal cens\u00e9 fixer le taux d\u2019\u00e9mission de CO2 de r\u00e9f\u00e9rence pour le calcul de l\u2019ATN des\u2026\" \/>\n<meta property=\"og:url\" content=\"https:\/\/www.link2fleet.com\/fr\/van-peteghem-veut-proteger-fiscalement-les-conducteurs-de-voitures-de-societe-thermiques\/\" \/>\n<meta property=\"og:site_name\" content=\"link2fleet\" \/>\n<meta property=\"article:published_time\" content=\"2024-01-12T08:33:42+00:00\" \/>\n<meta property=\"article:modified_time\" content=\"2024-01-29T10:37:45+00:00\" \/>\n<meta property=\"og:image\" content=\"https:\/\/static.link2fleet.com\/wp-content\/uploads\/2024\/01\/1321947813-fiscaliteit-bedrijfswagen1.jpg\" \/>\n\t<meta property=\"og:image:width\" content=\"500\" \/>\n\t<meta property=\"og:image:height\" content=\"357\" \/>\n\t<meta property=\"og:image:type\" content=\"image\/jpeg\" \/>\n<meta name=\"author\" content=\"Damien Malvetti\" \/>\n<meta name=\"twitter:card\" content=\"summary_large_image\" \/>\n<meta name=\"twitter:description\" content=\"Vous n\u2019aurez certainement pas manqu\u00e9 de remarquer que l\u2019arr\u00eat\u00e9 royal cens\u00e9 fixer le taux d\u2019\u00e9mission de CO2 de r\u00e9f\u00e9rence pour le calcul de l\u2019ATN des\u2026\" \/>\n<meta name=\"twitter:label1\" content=\"\u00c9crit par\" \/>\n\t<meta name=\"twitter:data1\" content=\"Damien Malvetti\" \/>\n\t<meta name=\"twitter:label2\" content=\"Dur\u00e9e de lecture estim\u00e9e\" \/>\n\t<meta name=\"twitter:data2\" content=\"3 minutes\" \/>\n<script type=\"application\/ld+json\" class=\"yoast-schema-graph\">{\"@context\":\"https:\\\/\\\/schema.org\",\"@graph\":[{\"@type\":\"Article\",\"@id\":\"https:\\\/\\\/www.link2fleet.com\\\/fr\\\/van-peteghem-veut-proteger-fiscalement-les-conducteurs-de-voitures-de-societe-thermiques\\\/#article\",\"isPartOf\":{\"@id\":\"https:\\\/\\\/www.link2fleet.com\\\/fr\\\/van-peteghem-veut-proteger-fiscalement-les-conducteurs-de-voitures-de-societe-thermiques\\\/\"},\"author\":{\"name\":\"Damien Malvetti\",\"@id\":\"https:\\\/\\\/www.link2fleet.com\\\/fr\\\/#\\\/schema\\\/person\\\/027cd46113c78036b3809c9a054049da\"},\"headline\":\"Une possible modification de la formule de l&rsquo;Avantage de Toute Nature pour 2024\",\"datePublished\":\"2024-01-12T08:33:42+00:00\",\"dateModified\":\"2024-01-29T10:37:45+00:00\",\"mainEntityOfPage\":{\"@id\":\"https:\\\/\\\/www.link2fleet.com\\\/fr\\\/van-peteghem-veut-proteger-fiscalement-les-conducteurs-de-voitures-de-societe-thermiques\\\/\"},\"wordCount\":516,\"publisher\":{\"@id\":\"https:\\\/\\\/www.link2fleet.com\\\/fr\\\/#organization\"},\"image\":{\"@id\":\"https:\\\/\\\/www.link2fleet.com\\\/fr\\\/van-peteghem-veut-proteger-fiscalement-les-conducteurs-de-voitures-de-societe-thermiques\\\/#primaryimage\"},\"thumbnailUrl\":\"https:\\\/\\\/static.link2fleet.com\\\/wp-content\\\/uploads\\\/2024\\\/01\\\/1321947813-fiscaliteit-bedrijfswagen1.jpg\",\"articleSection\":[\"Gestion de flotte\",\"Tax &amp; legal\"],\"inLanguage\":\"fr-FR\"},{\"@type\":\"WebPage\",\"@id\":\"https:\\\/\\\/www.link2fleet.com\\\/fr\\\/van-peteghem-veut-proteger-fiscalement-les-conducteurs-de-voitures-de-societe-thermiques\\\/\",\"url\":\"https:\\\/\\\/www.link2fleet.com\\\/fr\\\/van-peteghem-veut-proteger-fiscalement-les-conducteurs-de-voitures-de-societe-thermiques\\\/\",\"name\":\"Une possible modification de la formule de l'Avantage de Toute Nature pour 2024 - link2fleet\",\"isPartOf\":{\"@id\":\"https:\\\/\\\/www.link2fleet.com\\\/fr\\\/#website\"},\"primaryImageOfPage\":{\"@id\":\"https:\\\/\\\/www.link2fleet.com\\\/fr\\\/van-peteghem-veut-proteger-fiscalement-les-conducteurs-de-voitures-de-societe-thermiques\\\/#primaryimage\"},\"image\":{\"@id\":\"https:\\\/\\\/www.link2fleet.com\\\/fr\\\/van-peteghem-veut-proteger-fiscalement-les-conducteurs-de-voitures-de-societe-thermiques\\\/#primaryimage\"},\"thumbnailUrl\":\"https:\\\/\\\/static.link2fleet.com\\\/wp-content\\\/uploads\\\/2024\\\/01\\\/1321947813-fiscaliteit-bedrijfswagen1.jpg\",\"datePublished\":\"2024-01-12T08:33:42+00:00\",\"dateModified\":\"2024-01-29T10:37:45+00:00\",\"breadcrumb\":{\"@id\":\"https:\\\/\\\/www.link2fleet.com\\\/fr\\\/van-peteghem-veut-proteger-fiscalement-les-conducteurs-de-voitures-de-societe-thermiques\\\/#breadcrumb\"},\"inLanguage\":\"fr-FR\",\"potentialAction\":[{\"@type\":\"ReadAction\",\"target\":[\"https:\\\/\\\/www.link2fleet.com\\\/fr\\\/van-peteghem-veut-proteger-fiscalement-les-conducteurs-de-voitures-de-societe-thermiques\\\/\"]}]},{\"@type\":\"ImageObject\",\"inLanguage\":\"fr-FR\",\"@id\":\"https:\\\/\\\/www.link2fleet.com\\\/fr\\\/van-peteghem-veut-proteger-fiscalement-les-conducteurs-de-voitures-de-societe-thermiques\\\/#primaryimage\",\"url\":\"https:\\\/\\\/static.link2fleet.com\\\/wp-content\\\/uploads\\\/2024\\\/01\\\/1321947813-fiscaliteit-bedrijfswagen1.jpg\",\"contentUrl\":\"https:\\\/\\\/static.link2fleet.com\\\/wp-content\\\/uploads\\\/2024\\\/01\\\/1321947813-fiscaliteit-bedrijfswagen1.jpg\",\"width\":500,\"height\":357},{\"@type\":\"BreadcrumbList\",\"@id\":\"https:\\\/\\\/www.link2fleet.com\\\/fr\\\/van-peteghem-veut-proteger-fiscalement-les-conducteurs-de-voitures-de-societe-thermiques\\\/#breadcrumb\",\"itemListElement\":[{\"@type\":\"ListItem\",\"position\":1,\"name\":\"Home\",\"item\":\"https:\\\/\\\/www.link2fleet.com\\\/fr\\\/\"},{\"@type\":\"ListItem\",\"position\":2,\"name\":\"Une possible modification de la formule de l&#8217;Avantage de Toute Nature pour 2024\"}]},{\"@type\":\"WebSite\",\"@id\":\"https:\\\/\\\/www.link2fleet.com\\\/fr\\\/#website\",\"url\":\"https:\\\/\\\/www.link2fleet.com\\\/fr\\\/\",\"name\":\"Link2fleet\",\"description\":\"\",\"publisher\":{\"@id\":\"https:\\\/\\\/www.link2fleet.com\\\/fr\\\/#organization\"},\"potentialAction\":[{\"@type\":\"SearchAction\",\"target\":{\"@type\":\"EntryPoint\",\"urlTemplate\":\"https:\\\/\\\/www.link2fleet.com\\\/fr\\\/?s={search_term_string}\"},\"query-input\":{\"@type\":\"PropertyValueSpecification\",\"valueRequired\":true,\"valueName\":\"search_term_string\"}}],\"inLanguage\":\"fr-FR\"},{\"@type\":\"Organization\",\"@id\":\"https:\\\/\\\/www.link2fleet.com\\\/fr\\\/#organization\",\"name\":\"Link2fleet\",\"url\":\"https:\\\/\\\/www.link2fleet.com\\\/fr\\\/\",\"logo\":{\"@type\":\"ImageObject\",\"inLanguage\":\"fr-FR\",\"@id\":\"https:\\\/\\\/www.link2fleet.com\\\/fr\\\/#\\\/schema\\\/logo\\\/image\\\/\",\"url\":\"https:\\\/\\\/static.link2fleet.com\\\/wp-content\\\/uploads\\\/2024\\\/03\\\/share-image.jpg\",\"contentUrl\":\"https:\\\/\\\/static.link2fleet.com\\\/wp-content\\\/uploads\\\/2024\\\/03\\\/share-image.jpg\",\"width\":1200,\"height\":630,\"caption\":\"Link2fleet\"},\"image\":{\"@id\":\"https:\\\/\\\/www.link2fleet.com\\\/fr\\\/#\\\/schema\\\/logo\\\/image\\\/\"},\"sameAs\":[\"https:\\\/\\\/www.linkedin.com\\\/company\\\/link2fleet-belgium\",\"https:\\\/\\\/www.youtube.com\\\/user\\\/MMMBMBE\"]},{\"@type\":\"Person\",\"@id\":\"https:\\\/\\\/www.link2fleet.com\\\/fr\\\/#\\\/schema\\\/person\\\/027cd46113c78036b3809c9a054049da\",\"name\":\"Damien Malvetti\",\"image\":{\"@type\":\"ImageObject\",\"inLanguage\":\"fr-FR\",\"@id\":\"https:\\\/\\\/secure.gravatar.com\\\/avatar\\\/dd8cc03b49466c735f753ac37f8caa371af16dfed347456ed61f02883255eebb?s=96&d=mm&r=g\",\"url\":\"https:\\\/\\\/secure.gravatar.com\\\/avatar\\\/dd8cc03b49466c735f753ac37f8caa371af16dfed347456ed61f02883255eebb?s=96&d=mm&r=g\",\"contentUrl\":\"https:\\\/\\\/secure.gravatar.com\\\/avatar\\\/dd8cc03b49466c735f753ac37f8caa371af16dfed347456ed61f02883255eebb?s=96&d=mm&r=g\",\"caption\":\"Damien Malvetti\"},\"description\":\"Damien Malvetti is opgeleid als journalist en gepassioneerd door wagens, technologie en mobiliteit. Hij is verantwoordelijk voor de redactionele inhoud van link2fleet en beschikt over een uitgebreide kennis van de fleet-sector en elektrische mobiliteit.\",\"sameAs\":[\"https:\\\/\\\/www.linkedin.com\\\/in\\\/damien-malvetti-56601142\\\/\"]}]}<\/script>\n<!-- \/ Yoast SEO plugin. -->","yoast_head_json":{"title":"Une possible modification de la formule de l'Avantage de Toute Nature pour 2024 - link2fleet","description":"Vous n\u2019aurez certainement pas manqu\u00e9 de remarquer que l\u2019arr\u00eat\u00e9 royal cens\u00e9 fixer le taux d\u2019\u00e9mission de CO2 de r\u00e9f\u00e9rence pour le calcul de l\u2019ATN des\u2026","robots":{"index":"index","follow":"follow","max-snippet":"max-snippet:-1","max-image-preview":"max-image-preview:large","max-video-preview":"max-video-preview:-1"},"og_locale":"fr_FR","og_type":"article","og_title":"Une possible modification de la formule de l'Avantage de Toute Nature pour 2024 - link2fleet","og_description":"Vous n\u2019aurez certainement pas manqu\u00e9 de remarquer que l\u2019arr\u00eat\u00e9 royal cens\u00e9 fixer le taux d\u2019\u00e9mission de CO2 de r\u00e9f\u00e9rence pour le calcul de l\u2019ATN des\u2026","og_url":"https:\/\/www.link2fleet.com\/fr\/van-peteghem-veut-proteger-fiscalement-les-conducteurs-de-voitures-de-societe-thermiques\/","og_site_name":"link2fleet","article_published_time":"2024-01-12T08:33:42+00:00","article_modified_time":"2024-01-29T10:37:45+00:00","og_image":[{"width":500,"height":357,"url":"https:\/\/static.link2fleet.com\/wp-content\/uploads\/2024\/01\/1321947813-fiscaliteit-bedrijfswagen1.jpg","type":"image\/jpeg"}],"author":"Damien Malvetti","twitter_card":"summary_large_image","twitter_description":"Vous n\u2019aurez certainement pas manqu\u00e9 de remarquer que l\u2019arr\u00eat\u00e9 royal cens\u00e9 fixer le taux d\u2019\u00e9mission de CO2 de r\u00e9f\u00e9rence pour le calcul de l\u2019ATN des\u2026","twitter_misc":{"\u00c9crit par":"Damien Malvetti","Dur\u00e9e de lecture estim\u00e9e":"3 minutes"},"schema":{"@context":"https:\/\/schema.org","@graph":[{"@type":"Article","@id":"https:\/\/www.link2fleet.com\/fr\/van-peteghem-veut-proteger-fiscalement-les-conducteurs-de-voitures-de-societe-thermiques\/#article","isPartOf":{"@id":"https:\/\/www.link2fleet.com\/fr\/van-peteghem-veut-proteger-fiscalement-les-conducteurs-de-voitures-de-societe-thermiques\/"},"author":{"name":"Damien Malvetti","@id":"https:\/\/www.link2fleet.com\/fr\/#\/schema\/person\/027cd46113c78036b3809c9a054049da"},"headline":"Une possible modification de la formule de l&rsquo;Avantage de Toute Nature pour 2024","datePublished":"2024-01-12T08:33:42+00:00","dateModified":"2024-01-29T10:37:45+00:00","mainEntityOfPage":{"@id":"https:\/\/www.link2fleet.com\/fr\/van-peteghem-veut-proteger-fiscalement-les-conducteurs-de-voitures-de-societe-thermiques\/"},"wordCount":516,"publisher":{"@id":"https:\/\/www.link2fleet.com\/fr\/#organization"},"image":{"@id":"https:\/\/www.link2fleet.com\/fr\/van-peteghem-veut-proteger-fiscalement-les-conducteurs-de-voitures-de-societe-thermiques\/#primaryimage"},"thumbnailUrl":"https:\/\/static.link2fleet.com\/wp-content\/uploads\/2024\/01\/1321947813-fiscaliteit-bedrijfswagen1.jpg","articleSection":["Gestion de flotte","Tax &amp; legal"],"inLanguage":"fr-FR"},{"@type":"WebPage","@id":"https:\/\/www.link2fleet.com\/fr\/van-peteghem-veut-proteger-fiscalement-les-conducteurs-de-voitures-de-societe-thermiques\/","url":"https:\/\/www.link2fleet.com\/fr\/van-peteghem-veut-proteger-fiscalement-les-conducteurs-de-voitures-de-societe-thermiques\/","name":"Une possible modification de la formule de l'Avantage de Toute Nature pour 2024 - link2fleet","isPartOf":{"@id":"https:\/\/www.link2fleet.com\/fr\/#website"},"primaryImageOfPage":{"@id":"https:\/\/www.link2fleet.com\/fr\/van-peteghem-veut-proteger-fiscalement-les-conducteurs-de-voitures-de-societe-thermiques\/#primaryimage"},"image":{"@id":"https:\/\/www.link2fleet.com\/fr\/van-peteghem-veut-proteger-fiscalement-les-conducteurs-de-voitures-de-societe-thermiques\/#primaryimage"},"thumbnailUrl":"https:\/\/static.link2fleet.com\/wp-content\/uploads\/2024\/01\/1321947813-fiscaliteit-bedrijfswagen1.jpg","datePublished":"2024-01-12T08:33:42+00:00","dateModified":"2024-01-29T10:37:45+00:00","breadcrumb":{"@id":"https:\/\/www.link2fleet.com\/fr\/van-peteghem-veut-proteger-fiscalement-les-conducteurs-de-voitures-de-societe-thermiques\/#breadcrumb"},"inLanguage":"fr-FR","potentialAction":[{"@type":"ReadAction","target":["https:\/\/www.link2fleet.com\/fr\/van-peteghem-veut-proteger-fiscalement-les-conducteurs-de-voitures-de-societe-thermiques\/"]}]},{"@type":"ImageObject","inLanguage":"fr-FR","@id":"https:\/\/www.link2fleet.com\/fr\/van-peteghem-veut-proteger-fiscalement-les-conducteurs-de-voitures-de-societe-thermiques\/#primaryimage","url":"https:\/\/static.link2fleet.com\/wp-content\/uploads\/2024\/01\/1321947813-fiscaliteit-bedrijfswagen1.jpg","contentUrl":"https:\/\/static.link2fleet.com\/wp-content\/uploads\/2024\/01\/1321947813-fiscaliteit-bedrijfswagen1.jpg","width":500,"height":357},{"@type":"BreadcrumbList","@id":"https:\/\/www.link2fleet.com\/fr\/van-peteghem-veut-proteger-fiscalement-les-conducteurs-de-voitures-de-societe-thermiques\/#breadcrumb","itemListElement":[{"@type":"ListItem","position":1,"name":"Home","item":"https:\/\/www.link2fleet.com\/fr\/"},{"@type":"ListItem","position":2,"name":"Une possible modification de la formule de l&#8217;Avantage de Toute Nature pour 2024"}]},{"@type":"WebSite","@id":"https:\/\/www.link2fleet.com\/fr\/#website","url":"https:\/\/www.link2fleet.com\/fr\/","name":"Link2fleet","description":"","publisher":{"@id":"https:\/\/www.link2fleet.com\/fr\/#organization"},"potentialAction":[{"@type":"SearchAction","target":{"@type":"EntryPoint","urlTemplate":"https:\/\/www.link2fleet.com\/fr\/?s={search_term_string}"},"query-input":{"@type":"PropertyValueSpecification","valueRequired":true,"valueName":"search_term_string"}}],"inLanguage":"fr-FR"},{"@type":"Organization","@id":"https:\/\/www.link2fleet.com\/fr\/#organization","name":"Link2fleet","url":"https:\/\/www.link2fleet.com\/fr\/","logo":{"@type":"ImageObject","inLanguage":"fr-FR","@id":"https:\/\/www.link2fleet.com\/fr\/#\/schema\/logo\/image\/","url":"https:\/\/static.link2fleet.com\/wp-content\/uploads\/2024\/03\/share-image.jpg","contentUrl":"https:\/\/static.link2fleet.com\/wp-content\/uploads\/2024\/03\/share-image.jpg","width":1200,"height":630,"caption":"Link2fleet"},"image":{"@id":"https:\/\/www.link2fleet.com\/fr\/#\/schema\/logo\/image\/"},"sameAs":["https:\/\/www.linkedin.com\/company\/link2fleet-belgium","https:\/\/www.youtube.com\/user\/MMMBMBE"]},{"@type":"Person","@id":"https:\/\/www.link2fleet.com\/fr\/#\/schema\/person\/027cd46113c78036b3809c9a054049da","name":"Damien Malvetti","image":{"@type":"ImageObject","inLanguage":"fr-FR","@id":"https:\/\/secure.gravatar.com\/avatar\/dd8cc03b49466c735f753ac37f8caa371af16dfed347456ed61f02883255eebb?s=96&d=mm&r=g","url":"https:\/\/secure.gravatar.com\/avatar\/dd8cc03b49466c735f753ac37f8caa371af16dfed347456ed61f02883255eebb?s=96&d=mm&r=g","contentUrl":"https:\/\/secure.gravatar.com\/avatar\/dd8cc03b49466c735f753ac37f8caa371af16dfed347456ed61f02883255eebb?s=96&d=mm&r=g","caption":"Damien Malvetti"},"description":"Damien Malvetti is opgeleid als journalist en gepassioneerd door wagens, technologie en mobiliteit. Hij is verantwoordelijk voor de redactionele inhoud van link2fleet en beschikt over een uitgebreide kennis van de fleet-sector en elektrische mobiliteit.","sameAs":["https:\/\/www.linkedin.com\/in\/damien-malvetti-56601142\/"]}]}},"_links":{"self":[{"href":"https:\/\/www.link2fleet.com\/fr\/wp-json\/wp\/v2\/posts\/549","targetHints":{"allow":["GET"]}}],"collection":[{"href":"https:\/\/www.link2fleet.com\/fr\/wp-json\/wp\/v2\/posts"}],"about":[{"href":"https:\/\/www.link2fleet.com\/fr\/wp-json\/wp\/v2\/types\/post"}],"author":[{"embeddable":true,"href":"https:\/\/www.link2fleet.com\/fr\/wp-json\/wp\/v2\/users\/4"}],"replies":[{"embeddable":true,"href":"https:\/\/www.link2fleet.com\/fr\/wp-json\/wp\/v2\/comments?post=549"}],"version-history":[{"count":0,"href":"https:\/\/www.link2fleet.com\/fr\/wp-json\/wp\/v2\/posts\/549\/revisions"}],"wp:featuredmedia":[{"embeddable":true,"href":"https:\/\/www.link2fleet.com\/fr\/wp-json\/wp\/v2\/media\/550"}],"wp:attachment":[{"href":"https:\/\/www.link2fleet.com\/fr\/wp-json\/wp\/v2\/media?parent=549"}],"wp:term":[{"taxonomy":"category","embeddable":true,"href":"https:\/\/www.link2fleet.com\/fr\/wp-json\/wp\/v2\/categories?post=549"},{"taxonomy":"post_tag","embeddable":true,"href":"https:\/\/www.link2fleet.com\/fr\/wp-json\/wp\/v2\/tags?post=549"}],"curies":[{"name":"wp","href":"https:\/\/api.w.org\/{rel}","templated":true}]}}