{"id":55075,"date":"2025-09-03T16:01:33","date_gmt":"2025-09-03T14:01:33","guid":{"rendered":"https:\/\/www.link2fleet.com\/?p=55075"},"modified":"2025-09-03T16:06:42","modified_gmt":"2025-09-03T14:06:42","slug":"traxio-souhaite-la-bienvenue-a-emily-coenegrachts-nommee-ceo","status":"publish","type":"post","link":"https:\/\/www.link2fleet.com\/fr\/traxio-souhaite-la-bienvenue-a-emily-coenegrachts-nommee-ceo\/","title":{"rendered":"TRAXIO souhaite la bienvenue \u00e0 Emily Coenegrachts, nomm\u00e9e CEO"},"content":{"rendered":"","protected":false},"excerpt":{"rendered":"","protected":false},"author":49,"featured_media":55069,"comment_status":"closed","ping_status":"closed","sticky":false,"template":"","format":"standard","meta":{"_acf_changed":false,"footnotes":""},"categories":[135,95],"tags":[],"class_list":["post-55075","post","type-post","status-publish","format-standard","has-post-thumbnail","hentry","category-news-fr","category-organisations-professionnelles-federations-experts"],"acf":[],"yoast_head":"<!-- This site is optimized with the Yoast SEO plugin v27.3 - https:\/\/yoast.com\/product\/yoast-seo-wordpress\/ -->\n<title>TRAXIO souhaite la bienvenue \u00e0 Emily Coenegrachts, nomm\u00e9e CEO - link2fleet<\/title>\n<meta name=\"description\" content=\"La f\u00e9d\u00e9ration de la mobilit\u00e9 TRAXIO est fi\u00e8re d\u2019annoncer la nomination d\u2019Emily Coenegrachts au poste de Chief Executive Officer. Elle rendra compte \u00e0 l\u2019Organe d\u2019administration\u2026\" \/>\n<meta name=\"robots\" content=\"index, follow, max-snippet:-1, max-image-preview:large, max-video-preview:-1\" \/>\n<meta property=\"og:locale\" content=\"fr_FR\" \/>\n<meta property=\"og:type\" content=\"article\" \/>\n<meta property=\"og:title\" content=\"TRAXIO souhaite la bienvenue \u00e0 Emily Coenegrachts, nomm\u00e9e CEO - link2fleet\" \/>\n<meta property=\"og:description\" content=\"La f\u00e9d\u00e9ration de la mobilit\u00e9 TRAXIO est fi\u00e8re d\u2019annoncer la nomination d\u2019Emily Coenegrachts au poste de Chief Executive Officer. Elle rendra compte \u00e0 l\u2019Organe d\u2019administration\u2026\" \/>\n<meta property=\"og:url\" content=\"https:\/\/www.link2fleet.com\/fr\/traxio-souhaite-la-bienvenue-a-emily-coenegrachts-nommee-ceo\/\" \/>\n<meta property=\"og:site_name\" content=\"link2fleet\" \/>\n<meta property=\"article:published_time\" content=\"2025-09-03T14:01:33+00:00\" \/>\n<meta property=\"article:modified_time\" content=\"2025-09-03T14:06:42+00:00\" \/>\n<meta property=\"og:image\" content=\"https:\/\/static.link2fleet.com\/wp-content\/uploads\/2025\/09\/250901-traxio-portraits-benbrolet-0009.webp\" \/>\n\t<meta property=\"og:image:width\" content=\"800\" \/>\n\t<meta property=\"og:image:height\" content=\"600\" \/>\n\t<meta property=\"og:image:type\" content=\"image\/webp\" \/>\n<meta name=\"author\" content=\"Kevin Kersemans\" \/>\n<meta name=\"twitter:card\" content=\"summary_large_image\" \/>\n<meta name=\"twitter:description\" content=\"La f\u00e9d\u00e9ration de la mobilit\u00e9 TRAXIO est fi\u00e8re d\u2019annoncer la nomination d\u2019Emily Coenegrachts au poste de Chief Executive Officer. Elle rendra compte \u00e0 l\u2019Organe d\u2019administration\u2026\" \/>\n<meta name=\"twitter:label1\" content=\"\u00c9crit par\" \/>\n\t<meta name=\"twitter:data1\" content=\"Kevin Kersemans\" \/>\n\t<meta name=\"twitter:label2\" content=\"Dur\u00e9e de lecture estim\u00e9e\" \/>\n\t<meta name=\"twitter:data2\" content=\"3 minutes\" \/>\n<script type=\"application\/ld+json\" class=\"yoast-schema-graph\">{\"@context\":\"https:\\\/\\\/schema.org\",\"@graph\":[{\"@type\":\"Article\",\"@id\":\"https:\\\/\\\/www.link2fleet.com\\\/fr\\\/traxio-souhaite-la-bienvenue-a-emily-coenegrachts-nommee-ceo\\\/#article\",\"isPartOf\":{\"@id\":\"https:\\\/\\\/www.link2fleet.com\\\/fr\\\/traxio-souhaite-la-bienvenue-a-emily-coenegrachts-nommee-ceo\\\/\"},\"author\":{\"name\":\"Kevin Kersemans\",\"@id\":\"https:\\\/\\\/www.link2fleet.com\\\/fr\\\/#\\\/schema\\\/person\\\/877bc89c32c65772066cb11fe1e67bbf\"},\"headline\":\"TRAXIO souhaite la bienvenue \u00e0 Emily Coenegrachts, nomm\u00e9e CEO\",\"datePublished\":\"2025-09-03T14:01:33+00:00\",\"dateModified\":\"2025-09-03T14:06:42+00:00\",\"mainEntityOfPage\":{\"@id\":\"https:\\\/\\\/www.link2fleet.com\\\/fr\\\/traxio-souhaite-la-bienvenue-a-emily-coenegrachts-nommee-ceo\\\/\"},\"wordCount\":9,\"publisher\":{\"@id\":\"https:\\\/\\\/www.link2fleet.com\\\/fr\\\/#organization\"},\"image\":{\"@id\":\"https:\\\/\\\/www.link2fleet.com\\\/fr\\\/traxio-souhaite-la-bienvenue-a-emily-coenegrachts-nommee-ceo\\\/#primaryimage\"},\"thumbnailUrl\":\"https:\\\/\\\/static.link2fleet.com\\\/wp-content\\\/uploads\\\/2025\\\/09\\\/250901-traxio-portraits-benbrolet-0009.webp\",\"articleSection\":[\"Actus\",\"Expertise et f\u00e9d\u00e9rations\"],\"inLanguage\":\"fr-FR\"},{\"@type\":\"WebPage\",\"@id\":\"https:\\\/\\\/www.link2fleet.com\\\/fr\\\/traxio-souhaite-la-bienvenue-a-emily-coenegrachts-nommee-ceo\\\/\",\"url\":\"https:\\\/\\\/www.link2fleet.com\\\/fr\\\/traxio-souhaite-la-bienvenue-a-emily-coenegrachts-nommee-ceo\\\/\",\"name\":\"TRAXIO souhaite la bienvenue \u00e0 Emily Coenegrachts, nomm\u00e9e CEO - link2fleet\",\"isPartOf\":{\"@id\":\"https:\\\/\\\/www.link2fleet.com\\\/fr\\\/#website\"},\"primaryImageOfPage\":{\"@id\":\"https:\\\/\\\/www.link2fleet.com\\\/fr\\\/traxio-souhaite-la-bienvenue-a-emily-coenegrachts-nommee-ceo\\\/#primaryimage\"},\"image\":{\"@id\":\"https:\\\/\\\/www.link2fleet.com\\\/fr\\\/traxio-souhaite-la-bienvenue-a-emily-coenegrachts-nommee-ceo\\\/#primaryimage\"},\"thumbnailUrl\":\"https:\\\/\\\/static.link2fleet.com\\\/wp-content\\\/uploads\\\/2025\\\/09\\\/250901-traxio-portraits-benbrolet-0009.webp\",\"datePublished\":\"2025-09-03T14:01:33+00:00\",\"dateModified\":\"2025-09-03T14:06:42+00:00\",\"breadcrumb\":{\"@id\":\"https:\\\/\\\/www.link2fleet.com\\\/fr\\\/traxio-souhaite-la-bienvenue-a-emily-coenegrachts-nommee-ceo\\\/#breadcrumb\"},\"inLanguage\":\"fr-FR\",\"potentialAction\":[{\"@type\":\"ReadAction\",\"target\":[\"https:\\\/\\\/www.link2fleet.com\\\/fr\\\/traxio-souhaite-la-bienvenue-a-emily-coenegrachts-nommee-ceo\\\/\"]}]},{\"@type\":\"ImageObject\",\"inLanguage\":\"fr-FR\",\"@id\":\"https:\\\/\\\/www.link2fleet.com\\\/fr\\\/traxio-souhaite-la-bienvenue-a-emily-coenegrachts-nommee-ceo\\\/#primaryimage\",\"url\":\"https:\\\/\\\/static.link2fleet.com\\\/wp-content\\\/uploads\\\/2025\\\/09\\\/250901-traxio-portraits-benbrolet-0009.webp\",\"contentUrl\":\"https:\\\/\\\/static.link2fleet.com\\\/wp-content\\\/uploads\\\/2025\\\/09\\\/250901-traxio-portraits-benbrolet-0009.webp\",\"width\":800,\"height\":600},{\"@type\":\"BreadcrumbList\",\"@id\":\"https:\\\/\\\/www.link2fleet.com\\\/fr\\\/traxio-souhaite-la-bienvenue-a-emily-coenegrachts-nommee-ceo\\\/#breadcrumb\",\"itemListElement\":[{\"@type\":\"ListItem\",\"position\":1,\"name\":\"Home\",\"item\":\"https:\\\/\\\/www.link2fleet.com\\\/fr\\\/\"},{\"@type\":\"ListItem\",\"position\":2,\"name\":\"TRAXIO souhaite la bienvenue \u00e0 Emily Coenegrachts, nomm\u00e9e CEO\"}]},{\"@type\":\"WebSite\",\"@id\":\"https:\\\/\\\/www.link2fleet.com\\\/fr\\\/#website\",\"url\":\"https:\\\/\\\/www.link2fleet.com\\\/fr\\\/\",\"name\":\"Link2fleet\",\"description\":\"\",\"publisher\":{\"@id\":\"https:\\\/\\\/www.link2fleet.com\\\/fr\\\/#organization\"},\"potentialAction\":[{\"@type\":\"SearchAction\",\"target\":{\"@type\":\"EntryPoint\",\"urlTemplate\":\"https:\\\/\\\/www.link2fleet.com\\\/fr\\\/?s={search_term_string}\"},\"query-input\":{\"@type\":\"PropertyValueSpecification\",\"valueRequired\":true,\"valueName\":\"search_term_string\"}}],\"inLanguage\":\"fr-FR\"},{\"@type\":\"Organization\",\"@id\":\"https:\\\/\\\/www.link2fleet.com\\\/fr\\\/#organization\",\"name\":\"Link2fleet\",\"url\":\"https:\\\/\\\/www.link2fleet.com\\\/fr\\\/\",\"logo\":{\"@type\":\"ImageObject\",\"inLanguage\":\"fr-FR\",\"@id\":\"https:\\\/\\\/www.link2fleet.com\\\/fr\\\/#\\\/schema\\\/logo\\\/image\\\/\",\"url\":\"https:\\\/\\\/static.link2fleet.com\\\/wp-content\\\/uploads\\\/2024\\\/03\\\/share-image.jpg\",\"contentUrl\":\"https:\\\/\\\/static.link2fleet.com\\\/wp-content\\\/uploads\\\/2024\\\/03\\\/share-image.jpg\",\"width\":1200,\"height\":630,\"caption\":\"Link2fleet\"},\"image\":{\"@id\":\"https:\\\/\\\/www.link2fleet.com\\\/fr\\\/#\\\/schema\\\/logo\\\/image\\\/\"},\"sameAs\":[\"https:\\\/\\\/www.linkedin.com\\\/company\\\/link2fleet-belgium\",\"https:\\\/\\\/www.youtube.com\\\/user\\\/MMMBMBE\"]},{\"@type\":\"Person\",\"@id\":\"https:\\\/\\\/www.link2fleet.com\\\/fr\\\/#\\\/schema\\\/person\\\/877bc89c32c65772066cb11fe1e67bbf\",\"name\":\"Kevin Kersemans\",\"image\":{\"@type\":\"ImageObject\",\"inLanguage\":\"fr-FR\",\"@id\":\"https:\\\/\\\/secure.gravatar.com\\\/avatar\\\/b12f7d0f252688f677f4c181b6df65bf86880634bfcef3be42c82efcdb33d654?s=96&d=mm&r=g\",\"url\":\"https:\\\/\\\/secure.gravatar.com\\\/avatar\\\/b12f7d0f252688f677f4c181b6df65bf86880634bfcef3be42c82efcdb33d654?s=96&d=mm&r=g\",\"contentUrl\":\"https:\\\/\\\/secure.gravatar.com\\\/avatar\\\/b12f7d0f252688f677f4c181b6df65bf86880634bfcef3be42c82efcdb33d654?s=96&d=mm&r=g\",\"caption\":\"Kevin Kersemans\"},\"description\":\"Kevin Kersemans is autojournalist met al enkele decennia ervaring op de teller. Zijn passie voor auto's en alles op wielen heeft hij al van kindsbeen af. Voor link2fleet volgt hij vooral de auto-actualiteit en test hij nieuwe modellen.\"}]}<\/script>\n<!-- \/ Yoast SEO plugin. -->","yoast_head_json":{"title":"TRAXIO souhaite la bienvenue \u00e0 Emily Coenegrachts, nomm\u00e9e CEO - link2fleet","description":"La f\u00e9d\u00e9ration de la mobilit\u00e9 TRAXIO est fi\u00e8re d\u2019annoncer la nomination d\u2019Emily Coenegrachts au poste de Chief Executive Officer. Elle rendra compte \u00e0 l\u2019Organe d\u2019administration\u2026","robots":{"index":"index","follow":"follow","max-snippet":"max-snippet:-1","max-image-preview":"max-image-preview:large","max-video-preview":"max-video-preview:-1"},"og_locale":"fr_FR","og_type":"article","og_title":"TRAXIO souhaite la bienvenue \u00e0 Emily Coenegrachts, nomm\u00e9e CEO - link2fleet","og_description":"La f\u00e9d\u00e9ration de la mobilit\u00e9 TRAXIO est fi\u00e8re d\u2019annoncer la nomination d\u2019Emily Coenegrachts au poste de Chief Executive Officer. Elle rendra compte \u00e0 l\u2019Organe d\u2019administration\u2026","og_url":"https:\/\/www.link2fleet.com\/fr\/traxio-souhaite-la-bienvenue-a-emily-coenegrachts-nommee-ceo\/","og_site_name":"link2fleet","article_published_time":"2025-09-03T14:01:33+00:00","article_modified_time":"2025-09-03T14:06:42+00:00","og_image":[{"width":800,"height":600,"url":"https:\/\/static.link2fleet.com\/wp-content\/uploads\/2025\/09\/250901-traxio-portraits-benbrolet-0009.webp","type":"image\/webp"}],"author":"Kevin Kersemans","twitter_card":"summary_large_image","twitter_description":"La f\u00e9d\u00e9ration de la mobilit\u00e9 TRAXIO est fi\u00e8re d\u2019annoncer la nomination d\u2019Emily Coenegrachts au poste de Chief Executive Officer. Elle rendra compte \u00e0 l\u2019Organe d\u2019administration\u2026","twitter_misc":{"\u00c9crit par":"Kevin Kersemans","Dur\u00e9e de lecture estim\u00e9e":"3 minutes"},"schema":{"@context":"https:\/\/schema.org","@graph":[{"@type":"Article","@id":"https:\/\/www.link2fleet.com\/fr\/traxio-souhaite-la-bienvenue-a-emily-coenegrachts-nommee-ceo\/#article","isPartOf":{"@id":"https:\/\/www.link2fleet.com\/fr\/traxio-souhaite-la-bienvenue-a-emily-coenegrachts-nommee-ceo\/"},"author":{"name":"Kevin Kersemans","@id":"https:\/\/www.link2fleet.com\/fr\/#\/schema\/person\/877bc89c32c65772066cb11fe1e67bbf"},"headline":"TRAXIO souhaite la bienvenue \u00e0 Emily Coenegrachts, nomm\u00e9e CEO","datePublished":"2025-09-03T14:01:33+00:00","dateModified":"2025-09-03T14:06:42+00:00","mainEntityOfPage":{"@id":"https:\/\/www.link2fleet.com\/fr\/traxio-souhaite-la-bienvenue-a-emily-coenegrachts-nommee-ceo\/"},"wordCount":9,"publisher":{"@id":"https:\/\/www.link2fleet.com\/fr\/#organization"},"image":{"@id":"https:\/\/www.link2fleet.com\/fr\/traxio-souhaite-la-bienvenue-a-emily-coenegrachts-nommee-ceo\/#primaryimage"},"thumbnailUrl":"https:\/\/static.link2fleet.com\/wp-content\/uploads\/2025\/09\/250901-traxio-portraits-benbrolet-0009.webp","articleSection":["Actus","Expertise et f\u00e9d\u00e9rations"],"inLanguage":"fr-FR"},{"@type":"WebPage","@id":"https:\/\/www.link2fleet.com\/fr\/traxio-souhaite-la-bienvenue-a-emily-coenegrachts-nommee-ceo\/","url":"https:\/\/www.link2fleet.com\/fr\/traxio-souhaite-la-bienvenue-a-emily-coenegrachts-nommee-ceo\/","name":"TRAXIO souhaite la bienvenue \u00e0 Emily Coenegrachts, nomm\u00e9e CEO - link2fleet","isPartOf":{"@id":"https:\/\/www.link2fleet.com\/fr\/#website"},"primaryImageOfPage":{"@id":"https:\/\/www.link2fleet.com\/fr\/traxio-souhaite-la-bienvenue-a-emily-coenegrachts-nommee-ceo\/#primaryimage"},"image":{"@id":"https:\/\/www.link2fleet.com\/fr\/traxio-souhaite-la-bienvenue-a-emily-coenegrachts-nommee-ceo\/#primaryimage"},"thumbnailUrl":"https:\/\/static.link2fleet.com\/wp-content\/uploads\/2025\/09\/250901-traxio-portraits-benbrolet-0009.webp","datePublished":"2025-09-03T14:01:33+00:00","dateModified":"2025-09-03T14:06:42+00:00","breadcrumb":{"@id":"https:\/\/www.link2fleet.com\/fr\/traxio-souhaite-la-bienvenue-a-emily-coenegrachts-nommee-ceo\/#breadcrumb"},"inLanguage":"fr-FR","potentialAction":[{"@type":"ReadAction","target":["https:\/\/www.link2fleet.com\/fr\/traxio-souhaite-la-bienvenue-a-emily-coenegrachts-nommee-ceo\/"]}]},{"@type":"ImageObject","inLanguage":"fr-FR","@id":"https:\/\/www.link2fleet.com\/fr\/traxio-souhaite-la-bienvenue-a-emily-coenegrachts-nommee-ceo\/#primaryimage","url":"https:\/\/static.link2fleet.com\/wp-content\/uploads\/2025\/09\/250901-traxio-portraits-benbrolet-0009.webp","contentUrl":"https:\/\/static.link2fleet.com\/wp-content\/uploads\/2025\/09\/250901-traxio-portraits-benbrolet-0009.webp","width":800,"height":600},{"@type":"BreadcrumbList","@id":"https:\/\/www.link2fleet.com\/fr\/traxio-souhaite-la-bienvenue-a-emily-coenegrachts-nommee-ceo\/#breadcrumb","itemListElement":[{"@type":"ListItem","position":1,"name":"Home","item":"https:\/\/www.link2fleet.com\/fr\/"},{"@type":"ListItem","position":2,"name":"TRAXIO souhaite la bienvenue \u00e0 Emily Coenegrachts, nomm\u00e9e CEO"}]},{"@type":"WebSite","@id":"https:\/\/www.link2fleet.com\/fr\/#website","url":"https:\/\/www.link2fleet.com\/fr\/","name":"Link2fleet","description":"","publisher":{"@id":"https:\/\/www.link2fleet.com\/fr\/#organization"},"potentialAction":[{"@type":"SearchAction","target":{"@type":"EntryPoint","urlTemplate":"https:\/\/www.link2fleet.com\/fr\/?s={search_term_string}"},"query-input":{"@type":"PropertyValueSpecification","valueRequired":true,"valueName":"search_term_string"}}],"inLanguage":"fr-FR"},{"@type":"Organization","@id":"https:\/\/www.link2fleet.com\/fr\/#organization","name":"Link2fleet","url":"https:\/\/www.link2fleet.com\/fr\/","logo":{"@type":"ImageObject","inLanguage":"fr-FR","@id":"https:\/\/www.link2fleet.com\/fr\/#\/schema\/logo\/image\/","url":"https:\/\/static.link2fleet.com\/wp-content\/uploads\/2024\/03\/share-image.jpg","contentUrl":"https:\/\/static.link2fleet.com\/wp-content\/uploads\/2024\/03\/share-image.jpg","width":1200,"height":630,"caption":"Link2fleet"},"image":{"@id":"https:\/\/www.link2fleet.com\/fr\/#\/schema\/logo\/image\/"},"sameAs":["https:\/\/www.linkedin.com\/company\/link2fleet-belgium","https:\/\/www.youtube.com\/user\/MMMBMBE"]},{"@type":"Person","@id":"https:\/\/www.link2fleet.com\/fr\/#\/schema\/person\/877bc89c32c65772066cb11fe1e67bbf","name":"Kevin Kersemans","image":{"@type":"ImageObject","inLanguage":"fr-FR","@id":"https:\/\/secure.gravatar.com\/avatar\/b12f7d0f252688f677f4c181b6df65bf86880634bfcef3be42c82efcdb33d654?s=96&d=mm&r=g","url":"https:\/\/secure.gravatar.com\/avatar\/b12f7d0f252688f677f4c181b6df65bf86880634bfcef3be42c82efcdb33d654?s=96&d=mm&r=g","contentUrl":"https:\/\/secure.gravatar.com\/avatar\/b12f7d0f252688f677f4c181b6df65bf86880634bfcef3be42c82efcdb33d654?s=96&d=mm&r=g","caption":"Kevin Kersemans"},"description":"Kevin Kersemans is autojournalist met al enkele decennia ervaring op de teller. Zijn passie voor auto's en alles op wielen heeft hij al van kindsbeen af. Voor link2fleet volgt hij vooral de auto-actualiteit en test hij nieuwe modellen."}]}},"_links":{"self":[{"href":"https:\/\/www.link2fleet.com\/fr\/wp-json\/wp\/v2\/posts\/55075","targetHints":{"allow":["GET"]}}],"collection":[{"href":"https:\/\/www.link2fleet.com\/fr\/wp-json\/wp\/v2\/posts"}],"about":[{"href":"https:\/\/www.link2fleet.com\/fr\/wp-json\/wp\/v2\/types\/post"}],"author":[{"embeddable":true,"href":"https:\/\/www.link2fleet.com\/fr\/wp-json\/wp\/v2\/users\/49"}],"replies":[{"embeddable":true,"href":"https:\/\/www.link2fleet.com\/fr\/wp-json\/wp\/v2\/comments?post=55075"}],"version-history":[{"count":2,"href":"https:\/\/www.link2fleet.com\/fr\/wp-json\/wp\/v2\/posts\/55075\/revisions"}],"predecessor-version":[{"id":55078,"href":"https:\/\/www.link2fleet.com\/fr\/wp-json\/wp\/v2\/posts\/55075\/revisions\/55078"}],"wp:featuredmedia":[{"embeddable":true,"href":"https:\/\/www.link2fleet.com\/fr\/wp-json\/wp\/v2\/media\/55069"}],"wp:attachment":[{"href":"https:\/\/www.link2fleet.com\/fr\/wp-json\/wp\/v2\/media?parent=55075"}],"wp:term":[{"taxonomy":"category","embeddable":true,"href":"https:\/\/www.link2fleet.com\/fr\/wp-json\/wp\/v2\/categories?post=55075"},{"taxonomy":"post_tag","embeddable":true,"href":"https:\/\/www.link2fleet.com\/fr\/wp-json\/wp\/v2\/tags?post=55075"}],"curies":[{"name":"wp","href":"https:\/\/api.w.org\/{rel}","templated":true}]}}