{"id":55098,"date":"2025-09-07T20:30:06","date_gmt":"2025-09-07T18:30:06","guid":{"rendered":"https:\/\/www.link2fleet.com\/?p=55098"},"modified":"2025-09-07T20:46:33","modified_gmt":"2025-09-07T18:46:33","slug":"mercedes-glc-avec-technologie-eq-le-successeur-de-leqc-video","status":"publish","type":"post","link":"https:\/\/www.link2fleet.com\/fr\/mercedes-glc-avec-technologie-eq-le-successeur-de-leqc-video\/","title":{"rendered":"Mercedes GLC avec technologie EQ: le successeur de l&rsquo;EQC (+ video)"},"content":{"rendered":"","protected":false},"excerpt":{"rendered":"","protected":false},"author":49,"featured_media":55139,"comment_status":"closed","ping_status":"closed","sticky":false,"template":"","format":"standard","meta":{"_acf_changed":false,"footnotes":""},"categories":[135,77,76],"tags":[],"class_list":["post-55098","post","type-post","status-publish","format-standard","has-post-thumbnail","hentry","category-news-fr","category-importateurs-et-constructeurs-automobiles-vp","category-car"],"acf":[],"yoast_head":"<!-- This site is optimized with the Yoast SEO plugin v27.3 - https:\/\/yoast.com\/product\/yoast-seo-wordpress\/ -->\n<title>Mercedes GLC avec technologie EQ: le successeur de l&#039;EQC (+ video) - link2fleet<\/title>\n<meta name=\"description\" content=\"Oubliez l&rsquo;EQC: le nouveau SUV 100% \u00e9lectrique de Mercedes s&rsquo;appelle officiellement \u00ab\u00a0GLC avec technologie EQ\u00a0\u00bb. En attendant les variantes moins puissantes, la puissante version de\u2026\" \/>\n<meta name=\"robots\" content=\"index, follow, max-snippet:-1, max-image-preview:large, max-video-preview:-1\" \/>\n<meta property=\"og:locale\" content=\"fr_FR\" \/>\n<meta property=\"og:type\" content=\"article\" \/>\n<meta property=\"og:title\" content=\"Mercedes GLC avec technologie EQ: le successeur de l&#039;EQC (+ video) - link2fleet\" \/>\n<meta property=\"og:description\" content=\"Oubliez l&rsquo;EQC: le nouveau SUV 100% \u00e9lectrique de Mercedes s&rsquo;appelle officiellement \u00ab\u00a0GLC avec technologie EQ\u00a0\u00bb. En attendant les variantes moins puissantes, la puissante version de\u2026\" \/>\n<meta property=\"og:url\" content=\"https:\/\/www.link2fleet.com\/mercedes-glc-met-eq-technologie-de-opvolger-van-de-eqc-video\/\" \/>\n<meta property=\"og:site_name\" content=\"link2fleet\" \/>\n<meta property=\"article:published_time\" content=\"2025-09-07T18:30:06+00:00\" \/>\n<meta property=\"article:modified_time\" content=\"2025-09-07T18:46:33+00:00\" \/>\n<meta property=\"og:image\" content=\"https:\/\/static.link2fleet.com\/wp-content\/uploads\/2025\/09\/1920-pre-media-25c0225-020.jpg\" \/>\n\t<meta property=\"og:image:width\" content=\"1799\" \/>\n\t<meta property=\"og:image:height\" content=\"1200\" \/>\n\t<meta property=\"og:image:type\" content=\"image\/jpeg\" \/>\n<meta name=\"author\" content=\"Kevin Kersemans\" \/>\n<meta name=\"twitter:card\" content=\"summary_large_image\" \/>\n<meta name=\"twitter:description\" content=\"Oubliez l&rsquo;EQC: le nouveau SUV 100% \u00e9lectrique de Mercedes s&rsquo;appelle officiellement \u00ab\u00a0GLC avec technologie EQ\u00a0\u00bb. En attendant les variantes moins puissantes, la puissante version de\u2026\" \/>\n<meta name=\"twitter:label1\" content=\"\u00c9crit par\" \/>\n\t<meta name=\"twitter:data1\" content=\"Kevin Kersemans\" \/>\n\t<meta name=\"twitter:label2\" content=\"Dur\u00e9e de lecture estim\u00e9e\" \/>\n\t<meta name=\"twitter:data2\" content=\"10 minutes\" \/>\n<script type=\"application\/ld+json\" class=\"yoast-schema-graph\">{\"@context\":\"https:\\\/\\\/schema.org\",\"@graph\":[{\"@type\":\"Article\",\"@id\":\"https:\\\/\\\/www.link2fleet.com\\\/mercedes-glc-met-eq-technologie-de-opvolger-van-de-eqc-video\\\/#article\",\"isPartOf\":{\"@id\":\"https:\\\/\\\/www.link2fleet.com\\\/mercedes-glc-met-eq-technologie-de-opvolger-van-de-eqc-video\\\/\"},\"author\":{\"name\":\"Kevin Kersemans\",\"@id\":\"https:\\\/\\\/www.link2fleet.com\\\/fr\\\/#\\\/schema\\\/person\\\/877bc89c32c65772066cb11fe1e67bbf\"},\"headline\":\"Mercedes GLC avec technologie EQ: le successeur de l&rsquo;EQC (+ video)\",\"datePublished\":\"2025-09-07T18:30:06+00:00\",\"dateModified\":\"2025-09-07T18:46:33+00:00\",\"mainEntityOfPage\":{\"@id\":\"https:\\\/\\\/www.link2fleet.com\\\/mercedes-glc-met-eq-technologie-de-opvolger-van-de-eqc-video\\\/\"},\"wordCount\":11,\"publisher\":{\"@id\":\"https:\\\/\\\/www.link2fleet.com\\\/fr\\\/#organization\"},\"image\":{\"@id\":\"https:\\\/\\\/www.link2fleet.com\\\/mercedes-glc-met-eq-technologie-de-opvolger-van-de-eqc-video\\\/#primaryimage\"},\"thumbnailUrl\":\"https:\\\/\\\/static.link2fleet.com\\\/wp-content\\\/uploads\\\/2025\\\/09\\\/1920-pre-media-25c0225-020.jpg\",\"articleSection\":[\"Actus\",\"Importateurs et constructeurs\",\"V\u00e9hicules\"],\"inLanguage\":\"fr-FR\"},{\"@type\":\"WebPage\",\"@id\":\"https:\\\/\\\/www.link2fleet.com\\\/mercedes-glc-met-eq-technologie-de-opvolger-van-de-eqc-video\\\/\",\"url\":\"https:\\\/\\\/www.link2fleet.com\\\/mercedes-glc-met-eq-technologie-de-opvolger-van-de-eqc-video\\\/\",\"name\":\"Mercedes GLC avec technologie EQ: le successeur de l'EQC (+ video) - link2fleet\",\"isPartOf\":{\"@id\":\"https:\\\/\\\/www.link2fleet.com\\\/fr\\\/#website\"},\"primaryImageOfPage\":{\"@id\":\"https:\\\/\\\/www.link2fleet.com\\\/mercedes-glc-met-eq-technologie-de-opvolger-van-de-eqc-video\\\/#primaryimage\"},\"image\":{\"@id\":\"https:\\\/\\\/www.link2fleet.com\\\/mercedes-glc-met-eq-technologie-de-opvolger-van-de-eqc-video\\\/#primaryimage\"},\"thumbnailUrl\":\"https:\\\/\\\/static.link2fleet.com\\\/wp-content\\\/uploads\\\/2025\\\/09\\\/1920-pre-media-25c0225-020.jpg\",\"datePublished\":\"2025-09-07T18:30:06+00:00\",\"dateModified\":\"2025-09-07T18:46:33+00:00\",\"breadcrumb\":{\"@id\":\"https:\\\/\\\/www.link2fleet.com\\\/mercedes-glc-met-eq-technologie-de-opvolger-van-de-eqc-video\\\/#breadcrumb\"},\"inLanguage\":\"fr-FR\",\"potentialAction\":[{\"@type\":\"ReadAction\",\"target\":[\"https:\\\/\\\/www.link2fleet.com\\\/mercedes-glc-met-eq-technologie-de-opvolger-van-de-eqc-video\\\/\"]}]},{\"@type\":\"ImageObject\",\"inLanguage\":\"fr-FR\",\"@id\":\"https:\\\/\\\/www.link2fleet.com\\\/mercedes-glc-met-eq-technologie-de-opvolger-van-de-eqc-video\\\/#primaryimage\",\"url\":\"https:\\\/\\\/static.link2fleet.com\\\/wp-content\\\/uploads\\\/2025\\\/09\\\/1920-pre-media-25c0225-020.jpg\",\"contentUrl\":\"https:\\\/\\\/static.link2fleet.com\\\/wp-content\\\/uploads\\\/2025\\\/09\\\/1920-pre-media-25c0225-020.jpg\",\"width\":1799,\"height\":1200},{\"@type\":\"BreadcrumbList\",\"@id\":\"https:\\\/\\\/www.link2fleet.com\\\/mercedes-glc-met-eq-technologie-de-opvolger-van-de-eqc-video\\\/#breadcrumb\",\"itemListElement\":[{\"@type\":\"ListItem\",\"position\":1,\"name\":\"Home\",\"item\":\"https:\\\/\\\/www.link2fleet.com\\\/fr\\\/\"},{\"@type\":\"ListItem\",\"position\":2,\"name\":\"Mercedes GLC avec technologie EQ: le successeur de l&#8217;EQC (+ video)\"}]},{\"@type\":\"WebSite\",\"@id\":\"https:\\\/\\\/www.link2fleet.com\\\/fr\\\/#website\",\"url\":\"https:\\\/\\\/www.link2fleet.com\\\/fr\\\/\",\"name\":\"Link2fleet\",\"description\":\"\",\"publisher\":{\"@id\":\"https:\\\/\\\/www.link2fleet.com\\\/fr\\\/#organization\"},\"potentialAction\":[{\"@type\":\"SearchAction\",\"target\":{\"@type\":\"EntryPoint\",\"urlTemplate\":\"https:\\\/\\\/www.link2fleet.com\\\/fr\\\/?s={search_term_string}\"},\"query-input\":{\"@type\":\"PropertyValueSpecification\",\"valueRequired\":true,\"valueName\":\"search_term_string\"}}],\"inLanguage\":\"fr-FR\"},{\"@type\":\"Organization\",\"@id\":\"https:\\\/\\\/www.link2fleet.com\\\/fr\\\/#organization\",\"name\":\"Link2fleet\",\"url\":\"https:\\\/\\\/www.link2fleet.com\\\/fr\\\/\",\"logo\":{\"@type\":\"ImageObject\",\"inLanguage\":\"fr-FR\",\"@id\":\"https:\\\/\\\/www.link2fleet.com\\\/fr\\\/#\\\/schema\\\/logo\\\/image\\\/\",\"url\":\"https:\\\/\\\/static.link2fleet.com\\\/wp-content\\\/uploads\\\/2024\\\/03\\\/share-image.jpg\",\"contentUrl\":\"https:\\\/\\\/static.link2fleet.com\\\/wp-content\\\/uploads\\\/2024\\\/03\\\/share-image.jpg\",\"width\":1200,\"height\":630,\"caption\":\"Link2fleet\"},\"image\":{\"@id\":\"https:\\\/\\\/www.link2fleet.com\\\/fr\\\/#\\\/schema\\\/logo\\\/image\\\/\"},\"sameAs\":[\"https:\\\/\\\/www.linkedin.com\\\/company\\\/link2fleet-belgium\",\"https:\\\/\\\/www.youtube.com\\\/user\\\/MMMBMBE\"]},{\"@type\":\"Person\",\"@id\":\"https:\\\/\\\/www.link2fleet.com\\\/fr\\\/#\\\/schema\\\/person\\\/877bc89c32c65772066cb11fe1e67bbf\",\"name\":\"Kevin Kersemans\",\"image\":{\"@type\":\"ImageObject\",\"inLanguage\":\"fr-FR\",\"@id\":\"https:\\\/\\\/secure.gravatar.com\\\/avatar\\\/b12f7d0f252688f677f4c181b6df65bf86880634bfcef3be42c82efcdb33d654?s=96&d=mm&r=g\",\"url\":\"https:\\\/\\\/secure.gravatar.com\\\/avatar\\\/b12f7d0f252688f677f4c181b6df65bf86880634bfcef3be42c82efcdb33d654?s=96&d=mm&r=g\",\"contentUrl\":\"https:\\\/\\\/secure.gravatar.com\\\/avatar\\\/b12f7d0f252688f677f4c181b6df65bf86880634bfcef3be42c82efcdb33d654?s=96&d=mm&r=g\",\"caption\":\"Kevin Kersemans\"},\"description\":\"Kevin Kersemans is autojournalist met al enkele decennia ervaring op de teller. Zijn passie voor auto's en alles op wielen heeft hij al van kindsbeen af. Voor link2fleet volgt hij vooral de auto-actualiteit en test hij nieuwe modellen.\"}]}<\/script>\n<!-- \/ Yoast SEO plugin. -->","yoast_head_json":{"title":"Mercedes GLC avec technologie EQ: le successeur de l'EQC (+ video) - link2fleet","description":"Oubliez l&rsquo;EQC: le nouveau SUV 100% \u00e9lectrique de Mercedes s&rsquo;appelle officiellement \u00ab\u00a0GLC avec technologie EQ\u00a0\u00bb. En attendant les variantes moins puissantes, la puissante version de\u2026","robots":{"index":"index","follow":"follow","max-snippet":"max-snippet:-1","max-image-preview":"max-image-preview:large","max-video-preview":"max-video-preview:-1"},"og_locale":"fr_FR","og_type":"article","og_title":"Mercedes GLC avec technologie EQ: le successeur de l'EQC (+ video) - link2fleet","og_description":"Oubliez l&rsquo;EQC: le nouveau SUV 100% \u00e9lectrique de Mercedes s&rsquo;appelle officiellement \u00ab\u00a0GLC avec technologie EQ\u00a0\u00bb. En attendant les variantes moins puissantes, la puissante version de\u2026","og_url":"https:\/\/www.link2fleet.com\/mercedes-glc-met-eq-technologie-de-opvolger-van-de-eqc-video\/","og_site_name":"link2fleet","article_published_time":"2025-09-07T18:30:06+00:00","article_modified_time":"2025-09-07T18:46:33+00:00","og_image":[{"width":1799,"height":1200,"url":"https:\/\/static.link2fleet.com\/wp-content\/uploads\/2025\/09\/1920-pre-media-25c0225-020.jpg","type":"image\/jpeg"}],"author":"Kevin Kersemans","twitter_card":"summary_large_image","twitter_description":"Oubliez l&rsquo;EQC: le nouveau SUV 100% \u00e9lectrique de Mercedes s&rsquo;appelle officiellement \u00ab\u00a0GLC avec technologie EQ\u00a0\u00bb. En attendant les variantes moins puissantes, la puissante version de\u2026","twitter_misc":{"\u00c9crit par":"Kevin Kersemans","Dur\u00e9e de lecture estim\u00e9e":"10 minutes"},"schema":{"@context":"https:\/\/schema.org","@graph":[{"@type":"Article","@id":"https:\/\/www.link2fleet.com\/mercedes-glc-met-eq-technologie-de-opvolger-van-de-eqc-video\/#article","isPartOf":{"@id":"https:\/\/www.link2fleet.com\/mercedes-glc-met-eq-technologie-de-opvolger-van-de-eqc-video\/"},"author":{"name":"Kevin Kersemans","@id":"https:\/\/www.link2fleet.com\/fr\/#\/schema\/person\/877bc89c32c65772066cb11fe1e67bbf"},"headline":"Mercedes GLC avec technologie EQ: le successeur de l&rsquo;EQC (+ video)","datePublished":"2025-09-07T18:30:06+00:00","dateModified":"2025-09-07T18:46:33+00:00","mainEntityOfPage":{"@id":"https:\/\/www.link2fleet.com\/mercedes-glc-met-eq-technologie-de-opvolger-van-de-eqc-video\/"},"wordCount":11,"publisher":{"@id":"https:\/\/www.link2fleet.com\/fr\/#organization"},"image":{"@id":"https:\/\/www.link2fleet.com\/mercedes-glc-met-eq-technologie-de-opvolger-van-de-eqc-video\/#primaryimage"},"thumbnailUrl":"https:\/\/static.link2fleet.com\/wp-content\/uploads\/2025\/09\/1920-pre-media-25c0225-020.jpg","articleSection":["Actus","Importateurs et constructeurs","V\u00e9hicules"],"inLanguage":"fr-FR"},{"@type":"WebPage","@id":"https:\/\/www.link2fleet.com\/mercedes-glc-met-eq-technologie-de-opvolger-van-de-eqc-video\/","url":"https:\/\/www.link2fleet.com\/mercedes-glc-met-eq-technologie-de-opvolger-van-de-eqc-video\/","name":"Mercedes GLC avec technologie EQ: le successeur de l'EQC (+ video) - link2fleet","isPartOf":{"@id":"https:\/\/www.link2fleet.com\/fr\/#website"},"primaryImageOfPage":{"@id":"https:\/\/www.link2fleet.com\/mercedes-glc-met-eq-technologie-de-opvolger-van-de-eqc-video\/#primaryimage"},"image":{"@id":"https:\/\/www.link2fleet.com\/mercedes-glc-met-eq-technologie-de-opvolger-van-de-eqc-video\/#primaryimage"},"thumbnailUrl":"https:\/\/static.link2fleet.com\/wp-content\/uploads\/2025\/09\/1920-pre-media-25c0225-020.jpg","datePublished":"2025-09-07T18:30:06+00:00","dateModified":"2025-09-07T18:46:33+00:00","breadcrumb":{"@id":"https:\/\/www.link2fleet.com\/mercedes-glc-met-eq-technologie-de-opvolger-van-de-eqc-video\/#breadcrumb"},"inLanguage":"fr-FR","potentialAction":[{"@type":"ReadAction","target":["https:\/\/www.link2fleet.com\/mercedes-glc-met-eq-technologie-de-opvolger-van-de-eqc-video\/"]}]},{"@type":"ImageObject","inLanguage":"fr-FR","@id":"https:\/\/www.link2fleet.com\/mercedes-glc-met-eq-technologie-de-opvolger-van-de-eqc-video\/#primaryimage","url":"https:\/\/static.link2fleet.com\/wp-content\/uploads\/2025\/09\/1920-pre-media-25c0225-020.jpg","contentUrl":"https:\/\/static.link2fleet.com\/wp-content\/uploads\/2025\/09\/1920-pre-media-25c0225-020.jpg","width":1799,"height":1200},{"@type":"BreadcrumbList","@id":"https:\/\/www.link2fleet.com\/mercedes-glc-met-eq-technologie-de-opvolger-van-de-eqc-video\/#breadcrumb","itemListElement":[{"@type":"ListItem","position":1,"name":"Home","item":"https:\/\/www.link2fleet.com\/fr\/"},{"@type":"ListItem","position":2,"name":"Mercedes GLC avec technologie EQ: le successeur de l&#8217;EQC (+ video)"}]},{"@type":"WebSite","@id":"https:\/\/www.link2fleet.com\/fr\/#website","url":"https:\/\/www.link2fleet.com\/fr\/","name":"Link2fleet","description":"","publisher":{"@id":"https:\/\/www.link2fleet.com\/fr\/#organization"},"potentialAction":[{"@type":"SearchAction","target":{"@type":"EntryPoint","urlTemplate":"https:\/\/www.link2fleet.com\/fr\/?s={search_term_string}"},"query-input":{"@type":"PropertyValueSpecification","valueRequired":true,"valueName":"search_term_string"}}],"inLanguage":"fr-FR"},{"@type":"Organization","@id":"https:\/\/www.link2fleet.com\/fr\/#organization","name":"Link2fleet","url":"https:\/\/www.link2fleet.com\/fr\/","logo":{"@type":"ImageObject","inLanguage":"fr-FR","@id":"https:\/\/www.link2fleet.com\/fr\/#\/schema\/logo\/image\/","url":"https:\/\/static.link2fleet.com\/wp-content\/uploads\/2024\/03\/share-image.jpg","contentUrl":"https:\/\/static.link2fleet.com\/wp-content\/uploads\/2024\/03\/share-image.jpg","width":1200,"height":630,"caption":"Link2fleet"},"image":{"@id":"https:\/\/www.link2fleet.com\/fr\/#\/schema\/logo\/image\/"},"sameAs":["https:\/\/www.linkedin.com\/company\/link2fleet-belgium","https:\/\/www.youtube.com\/user\/MMMBMBE"]},{"@type":"Person","@id":"https:\/\/www.link2fleet.com\/fr\/#\/schema\/person\/877bc89c32c65772066cb11fe1e67bbf","name":"Kevin Kersemans","image":{"@type":"ImageObject","inLanguage":"fr-FR","@id":"https:\/\/secure.gravatar.com\/avatar\/b12f7d0f252688f677f4c181b6df65bf86880634bfcef3be42c82efcdb33d654?s=96&d=mm&r=g","url":"https:\/\/secure.gravatar.com\/avatar\/b12f7d0f252688f677f4c181b6df65bf86880634bfcef3be42c82efcdb33d654?s=96&d=mm&r=g","contentUrl":"https:\/\/secure.gravatar.com\/avatar\/b12f7d0f252688f677f4c181b6df65bf86880634bfcef3be42c82efcdb33d654?s=96&d=mm&r=g","caption":"Kevin Kersemans"},"description":"Kevin Kersemans is autojournalist met al enkele decennia ervaring op de teller. Zijn passie voor auto's en alles op wielen heeft hij al van kindsbeen af. Voor link2fleet volgt hij vooral de auto-actualiteit en test hij nieuwe modellen."}]}},"_links":{"self":[{"href":"https:\/\/www.link2fleet.com\/fr\/wp-json\/wp\/v2\/posts\/55098","targetHints":{"allow":["GET"]}}],"collection":[{"href":"https:\/\/www.link2fleet.com\/fr\/wp-json\/wp\/v2\/posts"}],"about":[{"href":"https:\/\/www.link2fleet.com\/fr\/wp-json\/wp\/v2\/types\/post"}],"author":[{"embeddable":true,"href":"https:\/\/www.link2fleet.com\/fr\/wp-json\/wp\/v2\/users\/49"}],"replies":[{"embeddable":true,"href":"https:\/\/www.link2fleet.com\/fr\/wp-json\/wp\/v2\/comments?post=55098"}],"version-history":[{"count":6,"href":"https:\/\/www.link2fleet.com\/fr\/wp-json\/wp\/v2\/posts\/55098\/revisions"}],"predecessor-version":[{"id":55188,"href":"https:\/\/www.link2fleet.com\/fr\/wp-json\/wp\/v2\/posts\/55098\/revisions\/55188"}],"wp:featuredmedia":[{"embeddable":true,"href":"https:\/\/www.link2fleet.com\/fr\/wp-json\/wp\/v2\/media\/55139"}],"wp:attachment":[{"href":"https:\/\/www.link2fleet.com\/fr\/wp-json\/wp\/v2\/media?parent=55098"}],"wp:term":[{"taxonomy":"category","embeddable":true,"href":"https:\/\/www.link2fleet.com\/fr\/wp-json\/wp\/v2\/categories?post=55098"},{"taxonomy":"post_tag","embeddable":true,"href":"https:\/\/www.link2fleet.com\/fr\/wp-json\/wp\/v2\/tags?post=55098"}],"curies":[{"name":"wp","href":"https:\/\/api.w.org\/{rel}","templated":true}]}}