{"id":552,"date":"2024-01-15T09:28:35","date_gmt":"2024-01-15T08:28:35","guid":{"rendered":"https:\/\/www.link2fleet.com\/de-moins-en-moins-demployeurs-offrent-une-voiture-de-societe\/"},"modified":"2024-01-29T11:37:48","modified_gmt":"2024-01-29T10:37:48","slug":"de-moins-en-moins-demployeurs-offrent-une-voiture-de-societe","status":"publish","type":"post","link":"https:\/\/www.link2fleet.com\/fr\/de-moins-en-moins-demployeurs-offrent-une-voiture-de-societe\/","title":{"rendered":"Les entreprises donnent moins vite une voiture de soci\u00e9t\u00e9"},"content":{"rendered":"<table border=\"0\" width=\"100%\" cellspacing=\"0\" cellpadding=\"0\">\n<tbody>\n<tr>\n<td>\n<div>\n<p class=\"variant-2\"><strong>Les jeunes de moins de 25 ans sont moins susceptibles d&rsquo;obtenir une voiture de soci\u00e9t\u00e9<\/strong><\/p>\n<p><strong>Val\u00e9rie t\u2019Serstevens, Legal HR Managing Consultant chez SD Worx<\/strong> : <em>\u00ab\u00a0La tendance est \u00e0 la multiplication des voitures vertes et \u00e0 l&rsquo;augmentation des co\u00fbts. Pour la premi\u00e8re fois depuis des ann\u00e9es, on observe un l\u00e9ger recul des voitures de soci\u00e9t\u00e9 (de 14,8 % \u00e0 14,6 % en 2023). La baisse la plus importante est observ\u00e9e chez les moins de 25 ans (de 3,3 % \u00e0 2,0 %), elle est \u00e9galement remarqu\u00e9e chez les 25-35 ans, m\u00eame si elle est plus limit\u00e9e. Autre constat, de plus en plus d&#8217;employeurs n&rsquo;accordent cet avantage qu&rsquo;apr\u00e8s un an d&rsquo;anciennet\u00e9 : le pourcentage de salari\u00e9s disposant d&rsquo;une voiture de soci\u00e9t\u00e9 et ayant moins d&rsquo;un an d&rsquo;anciennet\u00e9 chute de mani\u00e8re significative \u00e0 moins de 2 % (de 7,3 % en 2022 \u00e0 1,8 % en 2023). La voiture de fonction reste \u00e9galement un outil important de fid\u00e9lisation des travailleurs. La situation est bien s\u00fbr diff\u00e9rente pour les voitures de fonction : ces voitures font partie d\u2019un travail qui n\u00e9cessite des d\u00e9placements chez les clients notamment; il est d\u00e8s lors difficile pour les employeurs de r\u00e9duire voire supprimer ces d\u00e9placements.\u00a0\u00bb<\/em><\/p>\n<p>&nbsp;<\/p>\n<p class=\"variant-2\"><strong>L<\/strong><strong>a moiti\u00e9 des voitures de soci\u00e9t\u00e9 sont des voitures de fonction et sont donc n\u00e9cessaires pour le travail<\/strong><\/p>\n<p>En moyenne, la moiti\u00e9 de ces v\u00e9hicules sont des voitures de fonction, l&rsquo;autre moiti\u00e9 des voitures salaires, constate SD Worx sur la base d&rsquo;une enqu\u00eate men\u00e9e aupr\u00e8s de plus de 1.000 travailleurs belges. Cette r\u00e9partition est int\u00e9ressante car il existe peu de donn\u00e9es \u00e0 ce sujet. N\u00e9anmoins, il est important de tenir compte de cette distinction. \u00c0 partir de 30 ans, plus d&rsquo;un cas sur deux concerne une voiture de fonction, c&rsquo;est-\u00e0-dire une voiture n\u00e9cessaire \u00e0 l&rsquo;exercice de la fonction.<\/p>\n<p><strong>Val\u00e9rie t\u2019Serstevens, chez SD Worx<\/strong> : <em>\u00ab\u00a0Les voitures de soci\u00e9t\u00e9 sont surtout utilis\u00e9es par les travailleurs qui ont des enfants et qui travaillent \u00e0 temps plein. Il ne s&rsquo;agit pas d&rsquo;un privil\u00e8ge r\u00e9serv\u00e9 \u00e0 quelques &lsquo;happy few&rsquo;. En outre, la voiture va souvent de pair avec un emploi \u00e0 plus grande responsabilit\u00e9, avec un lien avec des clients : on trouve ces voitures de fonction dans les emplois commerciaux et techniques, dans la construction, mais aussi dans les soins \u00e0 domicile. Ces travailleurs peuvent difficilement renoncer \u00e0 leur voiture et opter pour une autre solution.\u00a0\u00bb<\/em><\/p>\n<p>Selon l&rsquo;enqu\u00eate, parmi les moins de 25 ans, la voiture salaire est plus utilis\u00e9e comme outil pour attirer les jeunes ayant des talents sp\u00e9cifiques. Dans deux tiers des cas (66 %), les voitures des moins de 25 ans sont des voitures salaires.<\/p>\n<p>&nbsp;<\/p>\n<p><strong>Distinction entre voiture salaire et voiture de fonction selon l&rsquo;\u00e2ge en 2023, en Belgique<\/strong><\/p>\n<\/div>\n<\/td>\n<\/tr>\n<\/tbody>\n<\/table>\n<table border=\"0\" width=\"100%\" cellspacing=\"0\" cellpadding=\"0\">\n<tbody>\n<tr>\n<td valign=\"top\" width=\"100%\" height=\"20\"><\/td>\n<\/tr>\n<\/tbody>\n<\/table>\n<table border=\"0\" width=\"100%\" cellspacing=\"0\" cellpadding=\"0\">\n<tbody>\n<tr>\n<td align=\"left\"><img loading=\"lazy\" decoding=\"async\" class=\"\" tabindex=\"0\" src=\"https:\/\/prdproduction.ams3.digitaloceanspaces.com\/editor\/3683\/2024_01\/65a1cdf8a9f17.png\" alt=\"Image\" width=\"624\" height=\"49\" \/><\/td>\n<\/tr>\n<\/tbody>\n<\/table>\n<table border=\"0\" width=\"100%\" cellspacing=\"0\" cellpadding=\"0\">\n<tbody>\n<tr>\n<td valign=\"top\" width=\"100%\" height=\"20\"><\/td>\n<\/tr>\n<\/tbody>\n<\/table>\n<table border=\"0\" width=\"100%\" cellspacing=\"0\" cellpadding=\"0\">\n<tbody>\n<tr>\n<td>\n<div>\n<p class=\"variant-2\"><strong>Le co\u00fbt pour les employeurs a augment\u00e9 de pr\u00e8s de 25 % en cinq ans<\/strong><\/p>\n<p>Les employeurs d\u00e9pensent de plus en plus pour les voitures de soci\u00e9t\u00e9. Le montant m\u00e9dian du prix catalogue des v\u00e9hicules utilitaires neufs a augment\u00e9 de pr\u00e8s d&rsquo;un quart (+ 24 %) au cours des cinq derni\u00e8res ann\u00e9es : de 32 529 \u20ac en 2018 \u00e0 40 280 \u20ac en 2023. Entre 2022 et 2023, l&rsquo;augmentation a \u00e9t\u00e9 de 10 %. Pour les moins de 25 ans, le prix catalogue m\u00e9dian se limite \u00e0 31 112 \u20ac.<\/p>\n<p><em>\u00ab\u00a0Le prix catalogue augmente avec l&rsquo;\u00e2ge car il est souvent li\u00e9 \u00e0 une fonction \u00e0 responsabilit\u00e9 plus importante. Depuis 2021, les v\u00e9hicules essence (hybrides) ont d\u00e9pass\u00e9 les v\u00e9hicules diesel (hybrides) et les v\u00e9hicules \u00e9lectriques sont en plein essor\u00a0\u00bb<\/em>, conclut <strong>Val\u00e9rie t\u2019Serstevens, de SD Worx<\/strong>.<\/p>\n<p>&nbsp;<\/p>\n<p><strong>Prix m\u00e9dian des voitures neuves en 2023 par \u00e2ge (compar\u00e9 \u00e0 5 ans plus t\u00f4t)<\/strong><\/p>\n<\/div>\n<\/td>\n<\/tr>\n<\/tbody>\n<\/table>\n<table border=\"0\" width=\"100%\" cellspacing=\"0\" cellpadding=\"0\">\n<tbody>\n<tr>\n<td valign=\"top\" width=\"100%\" height=\"20\"><\/td>\n<\/tr>\n<\/tbody>\n<\/table>\n<table border=\"0\" width=\"100%\" cellspacing=\"0\" cellpadding=\"0\">\n<tbody>\n<tr>\n<td align=\"center\"><img decoding=\"async\" tabindex=\"0\" src=\"https:\/\/prdproduction.ams3.digitaloceanspaces.com\/editor\/3683\/2024_01\/65a1ce00e369d.png\" alt=\"Image\" width=\"300\" height=\"auto\" \/><\/td>\n<\/tr>\n<\/tbody>\n<\/table>\n<table border=\"0\" width=\"100%\" cellspacing=\"0\" cellpadding=\"0\">\n<tbody>\n<tr>\n<td valign=\"top\" width=\"100%\" height=\"20\"><\/td>\n<\/tr>\n<\/tbody>\n<\/table>\n<table border=\"0\" width=\"100%\" cellspacing=\"0\" cellpadding=\"0\">\n<tbody>\n<tr>\n<td>\n<div>\n<p>&nbsp;<\/p>\n<p><strong>\u00c9volution du type de carburant des nouveaux v\u00e9hicules de soci\u00e9t\u00e9<\/strong><\/p>\n<\/div>\n<\/td>\n<\/tr>\n<\/tbody>\n<\/table>\n<table border=\"0\" width=\"100%\" cellspacing=\"0\" cellpadding=\"0\">\n<tbody>\n<tr>\n<td valign=\"top\" width=\"100%\" height=\"20\"><\/td>\n<\/tr>\n<\/tbody>\n<\/table>\n<table border=\"0\" width=\"100%\" cellspacing=\"0\" cellpadding=\"0\">\n<tbody>\n<tr>\n<td align=\"center\"><img decoding=\"async\" tabindex=\"0\" src=\"https:\/\/prdproduction.ams3.digitaloceanspaces.com\/editor\/3683\/2024_01\/65a1ce0d2b1fd.png\" alt=\"Image\" width=\"300\" height=\"auto\" \/><\/td>\n<\/tr>\n<\/tbody>\n<\/table>\n<table border=\"0\" width=\"100%\" cellspacing=\"0\" cellpadding=\"0\">\n<tbody>\n<tr>\n<td valign=\"top\" width=\"100%\" height=\"20\"><\/td>\n<\/tr>\n<\/tbody>\n<\/table>\n<table border=\"0\" width=\"100%\" cellspacing=\"0\" cellpadding=\"0\">\n<tbody>\n<tr>\n<td>\n<div>\n<p>&nbsp;<\/p>\n<p class=\"variant-2\"><strong>Les avantages li\u00e9s \u00e0 la mobilit\u00e9 sont tr\u00e8s populaires aupr\u00e8s des travailleurs belges<\/strong><\/p>\n<p>Pas moins de 83 % des travailleurs belges interrog\u00e9s souhaitent b\u00e9n\u00e9ficier d&rsquo;avantages ou d&rsquo;allocations en mati\u00e8re de mobilit\u00e9 : cela va d\u2019un v\u00e9lo ou d&rsquo;une allocation v\u00e9lo, \u00e0 une voiture de soci\u00e9t\u00e9, en passant par une contribution ou un abonnement aux transports publics. C&rsquo;est le pourcentage le plus \u00e9lev\u00e9 d&rsquo;Europe, m\u00eame si nous ne sommes certainement pas les seuls \u00e0 avoir cette pr\u00e9f\u00e9rence : plus de trois quarts des travailleurs en France (78 %), en Irlande (74 %), en Autriche (75 %), en Suisse (76 %), en Espagne (77 %), en Pologne (81 %), en Finlande (80 %) et en Croatie (89 %) aimeraient en b\u00e9n\u00e9ficier. Les Belges sont cependant les seuls o\u00f9 plus de la moiti\u00e9 (57 %) des salari\u00e9s d\u00e9clarent b\u00e9n\u00e9ficier d&rsquo;un avantage li\u00e9 \u00e0 la mobilit\u00e9. En moyenne, c&rsquo;est le cas de 29 % des travailleurs europ\u00e9ens.<\/p>\n<\/div>\n<\/td>\n<\/tr>\n<\/tbody>\n<\/table>\n<table border=\"0\" width=\"100%\" cellspacing=\"0\" cellpadding=\"0\">\n<tbody>\n<tr>\n<td valign=\"top\" width=\"100%\" height=\"20\"><\/td>\n<\/tr>\n<\/tbody>\n<\/table>\n<table border=\"0\" width=\"100%\" cellspacing=\"0\" cellpadding=\"0\">\n<tbody>\n<tr>\n<td align=\"left\"><img loading=\"lazy\" decoding=\"async\" tabindex=\"0\" src=\"https:\/\/prdproduction.ams3.digitaloceanspaces.com\/editor\/3683\/2024_01\/65a1ce1b74162.png\" alt=\"Image\" width=\"560\" height=\"33\" \/><\/td>\n<\/tr>\n<\/tbody>\n<\/table>\n<table border=\"0\" width=\"100%\" cellspacing=\"0\" cellpadding=\"0\">\n<tbody>\n<tr>\n<td valign=\"top\" width=\"100%\" height=\"20\"><\/td>\n<\/tr>\n<\/tbody>\n<\/table>\n<table border=\"0\" width=\"100%\" cellspacing=\"0\" cellpadding=\"0\">\n<tbody>\n<tr>\n<td>\n<div>\n<p>&nbsp;<\/p>\n<p><strong>Occurrence de la voiture de soci\u00e9t\u00e9 en fonction de l&rsquo;\u00e2ge (toutes les voitures)<\/strong><\/p>\n<\/div>\n<\/td>\n<\/tr>\n<\/tbody>\n<\/table>\n<table border=\"0\" width=\"100%\" cellspacing=\"0\" cellpadding=\"0\">\n<tbody>\n<tr>\n<td valign=\"top\" width=\"100%\" height=\"20\"><\/td>\n<\/tr>\n<\/tbody>\n<\/table>\n<table border=\"0\" width=\"100%\" cellspacing=\"0\" cellpadding=\"0\">\n<tbody>\n<tr>\n<td align=\"center\"><img decoding=\"async\" tabindex=\"0\" src=\"https:\/\/prdproduction.ams3.digitaloceanspaces.com\/editor\/3683\/2024_01\/65a1ce4dd1a7c.png\" alt=\"Image\" width=\"300\" height=\"auto\" \/><\/td>\n<\/tr>\n<\/tbody>\n<\/table>\n","protected":false},"excerpt":{"rendered":"<p>Les jeunes de moins de 25 ans sont moins susceptibles d&rsquo;obtenir une voiture de soci\u00e9t\u00e9 Val\u00e9rie t\u2019Serstevens, Legal HR Managing Consultant chez SD Worx : \u00ab\u00a0La tendance est \u00e0 la multiplication des voitures vertes et \u00e0 l&rsquo;augmentation des co\u00fbts. Pour la premi\u00e8re fois depuis des ann\u00e9es, on observe un l\u00e9ger recul des voitures de soci\u00e9t\u00e9 [&hellip;]<\/p>\n","protected":false},"author":4,"featured_media":0,"comment_status":"closed","ping_status":"closed","sticky":false,"template":"","format":"standard","meta":{"_acf_changed":false,"footnotes":""},"categories":[95,91],"tags":[],"class_list":["post-552","post","type-post","status-publish","format-standard","hentry","category-organisations-professionnelles-federations-experts","category-expertise-et-management"],"acf":[],"yoast_head":"<!-- This site is optimized with the Yoast SEO plugin v27.3 - https:\/\/yoast.com\/product\/yoast-seo-wordpress\/ -->\n<title>Les entreprises donnent moins vite une voiture de soci\u00e9t\u00e9 - link2fleet<\/title>\n<meta name=\"description\" content=\"Sur base d&rsquo;une analyse de 1,2 million de travailleurs du secteur priv\u00e9 disposant de plus de 175.000 voitures de soci\u00e9t\u00e9, SD Worx constate que la\u2026\" \/>\n<meta name=\"robots\" content=\"index, follow, max-snippet:-1, max-image-preview:large, max-video-preview:-1\" \/>\n<meta property=\"og:locale\" content=\"fr_FR\" \/>\n<meta property=\"og:type\" content=\"article\" \/>\n<meta property=\"og:title\" content=\"Les entreprises donnent moins vite une voiture de soci\u00e9t\u00e9 - link2fleet\" \/>\n<meta property=\"og:description\" content=\"Sur base d&rsquo;une analyse de 1,2 million de travailleurs du secteur priv\u00e9 disposant de plus de 175.000 voitures de soci\u00e9t\u00e9, SD Worx constate que la\u2026\" \/>\n<meta property=\"og:url\" content=\"https:\/\/www.link2fleet.com\/fr\/de-moins-en-moins-demployeurs-offrent-une-voiture-de-societe\/\" \/>\n<meta property=\"og:site_name\" content=\"link2fleet\" \/>\n<meta property=\"article:published_time\" content=\"2024-01-15T08:28:35+00:00\" \/>\n<meta property=\"article:modified_time\" content=\"2024-01-29T10:37:48+00:00\" \/>\n<meta property=\"og:image\" content=\"https:\/\/prdproduction.ams3.digitaloceanspaces.com\/editor\/3683\/2024_01\/65a1cdf8a9f17.png\" \/>\n<meta name=\"author\" content=\"Damien Malvetti\" \/>\n<meta name=\"twitter:card\" content=\"summary_large_image\" \/>\n<meta name=\"twitter:description\" content=\"Sur base d&rsquo;une analyse de 1,2 million de travailleurs du secteur priv\u00e9 disposant de plus de 175.000 voitures de soci\u00e9t\u00e9, SD Worx constate que la\u2026\" \/>\n<meta name=\"twitter:label1\" content=\"\u00c9crit par\" \/>\n\t<meta name=\"twitter:data1\" content=\"Damien Malvetti\" \/>\n\t<meta name=\"twitter:label2\" content=\"Dur\u00e9e de lecture estim\u00e9e\" \/>\n\t<meta name=\"twitter:data2\" content=\"4 minutes\" \/>\n<script type=\"application\/ld+json\" class=\"yoast-schema-graph\">{\"@context\":\"https:\\\/\\\/schema.org\",\"@graph\":[{\"@type\":\"Article\",\"@id\":\"https:\\\/\\\/www.link2fleet.com\\\/fr\\\/de-moins-en-moins-demployeurs-offrent-une-voiture-de-societe\\\/#article\",\"isPartOf\":{\"@id\":\"https:\\\/\\\/www.link2fleet.com\\\/fr\\\/de-moins-en-moins-demployeurs-offrent-une-voiture-de-societe\\\/\"},\"author\":{\"name\":\"Damien Malvetti\",\"@id\":\"https:\\\/\\\/www.link2fleet.com\\\/fr\\\/#\\\/schema\\\/person\\\/027cd46113c78036b3809c9a054049da\"},\"headline\":\"Les entreprises donnent moins vite une voiture de soci\u00e9t\u00e9\",\"datePublished\":\"2024-01-15T08:28:35+00:00\",\"dateModified\":\"2024-01-29T10:37:48+00:00\",\"mainEntityOfPage\":{\"@id\":\"https:\\\/\\\/www.link2fleet.com\\\/fr\\\/de-moins-en-moins-demployeurs-offrent-une-voiture-de-societe\\\/\"},\"wordCount\":804,\"publisher\":{\"@id\":\"https:\\\/\\\/www.link2fleet.com\\\/fr\\\/#organization\"},\"image\":{\"@id\":\"https:\\\/\\\/www.link2fleet.com\\\/fr\\\/de-moins-en-moins-demployeurs-offrent-une-voiture-de-societe\\\/#primaryimage\"},\"thumbnailUrl\":\"https:\\\/\\\/prdproduction.ams3.digitaloceanspaces.com\\\/editor\\\/3683\\\/2024_01\\\/65a1cdf8a9f17.png\",\"articleSection\":[\"Expertise et f\u00e9d\u00e9rations\",\"Gestion de flotte\"],\"inLanguage\":\"fr-FR\"},{\"@type\":\"WebPage\",\"@id\":\"https:\\\/\\\/www.link2fleet.com\\\/fr\\\/de-moins-en-moins-demployeurs-offrent-une-voiture-de-societe\\\/\",\"url\":\"https:\\\/\\\/www.link2fleet.com\\\/fr\\\/de-moins-en-moins-demployeurs-offrent-une-voiture-de-societe\\\/\",\"name\":\"Les entreprises donnent moins vite une voiture de soci\u00e9t\u00e9 - link2fleet\",\"isPartOf\":{\"@id\":\"https:\\\/\\\/www.link2fleet.com\\\/fr\\\/#website\"},\"primaryImageOfPage\":{\"@id\":\"https:\\\/\\\/www.link2fleet.com\\\/fr\\\/de-moins-en-moins-demployeurs-offrent-une-voiture-de-societe\\\/#primaryimage\"},\"image\":{\"@id\":\"https:\\\/\\\/www.link2fleet.com\\\/fr\\\/de-moins-en-moins-demployeurs-offrent-une-voiture-de-societe\\\/#primaryimage\"},\"thumbnailUrl\":\"https:\\\/\\\/prdproduction.ams3.digitaloceanspaces.com\\\/editor\\\/3683\\\/2024_01\\\/65a1cdf8a9f17.png\",\"datePublished\":\"2024-01-15T08:28:35+00:00\",\"dateModified\":\"2024-01-29T10:37:48+00:00\",\"breadcrumb\":{\"@id\":\"https:\\\/\\\/www.link2fleet.com\\\/fr\\\/de-moins-en-moins-demployeurs-offrent-une-voiture-de-societe\\\/#breadcrumb\"},\"inLanguage\":\"fr-FR\",\"potentialAction\":[{\"@type\":\"ReadAction\",\"target\":[\"https:\\\/\\\/www.link2fleet.com\\\/fr\\\/de-moins-en-moins-demployeurs-offrent-une-voiture-de-societe\\\/\"]}]},{\"@type\":\"ImageObject\",\"inLanguage\":\"fr-FR\",\"@id\":\"https:\\\/\\\/www.link2fleet.com\\\/fr\\\/de-moins-en-moins-demployeurs-offrent-une-voiture-de-societe\\\/#primaryimage\",\"url\":\"https:\\\/\\\/prdproduction.ams3.digitaloceanspaces.com\\\/editor\\\/3683\\\/2024_01\\\/65a1cdf8a9f17.png\",\"contentUrl\":\"https:\\\/\\\/prdproduction.ams3.digitaloceanspaces.com\\\/editor\\\/3683\\\/2024_01\\\/65a1cdf8a9f17.png\"},{\"@type\":\"BreadcrumbList\",\"@id\":\"https:\\\/\\\/www.link2fleet.com\\\/fr\\\/de-moins-en-moins-demployeurs-offrent-une-voiture-de-societe\\\/#breadcrumb\",\"itemListElement\":[{\"@type\":\"ListItem\",\"position\":1,\"name\":\"Home\",\"item\":\"https:\\\/\\\/www.link2fleet.com\\\/fr\\\/\"},{\"@type\":\"ListItem\",\"position\":2,\"name\":\"Les entreprises donnent moins vite une voiture de soci\u00e9t\u00e9\"}]},{\"@type\":\"WebSite\",\"@id\":\"https:\\\/\\\/www.link2fleet.com\\\/fr\\\/#website\",\"url\":\"https:\\\/\\\/www.link2fleet.com\\\/fr\\\/\",\"name\":\"Link2fleet\",\"description\":\"\",\"publisher\":{\"@id\":\"https:\\\/\\\/www.link2fleet.com\\\/fr\\\/#organization\"},\"potentialAction\":[{\"@type\":\"SearchAction\",\"target\":{\"@type\":\"EntryPoint\",\"urlTemplate\":\"https:\\\/\\\/www.link2fleet.com\\\/fr\\\/?s={search_term_string}\"},\"query-input\":{\"@type\":\"PropertyValueSpecification\",\"valueRequired\":true,\"valueName\":\"search_term_string\"}}],\"inLanguage\":\"fr-FR\"},{\"@type\":\"Organization\",\"@id\":\"https:\\\/\\\/www.link2fleet.com\\\/fr\\\/#organization\",\"name\":\"Link2fleet\",\"url\":\"https:\\\/\\\/www.link2fleet.com\\\/fr\\\/\",\"logo\":{\"@type\":\"ImageObject\",\"inLanguage\":\"fr-FR\",\"@id\":\"https:\\\/\\\/www.link2fleet.com\\\/fr\\\/#\\\/schema\\\/logo\\\/image\\\/\",\"url\":\"https:\\\/\\\/static.link2fleet.com\\\/wp-content\\\/uploads\\\/2024\\\/03\\\/share-image.jpg\",\"contentUrl\":\"https:\\\/\\\/static.link2fleet.com\\\/wp-content\\\/uploads\\\/2024\\\/03\\\/share-image.jpg\",\"width\":1200,\"height\":630,\"caption\":\"Link2fleet\"},\"image\":{\"@id\":\"https:\\\/\\\/www.link2fleet.com\\\/fr\\\/#\\\/schema\\\/logo\\\/image\\\/\"},\"sameAs\":[\"https:\\\/\\\/www.linkedin.com\\\/company\\\/link2fleet-belgium\",\"https:\\\/\\\/www.youtube.com\\\/user\\\/MMMBMBE\"]},{\"@type\":\"Person\",\"@id\":\"https:\\\/\\\/www.link2fleet.com\\\/fr\\\/#\\\/schema\\\/person\\\/027cd46113c78036b3809c9a054049da\",\"name\":\"Damien Malvetti\",\"image\":{\"@type\":\"ImageObject\",\"inLanguage\":\"fr-FR\",\"@id\":\"https:\\\/\\\/secure.gravatar.com\\\/avatar\\\/dd8cc03b49466c735f753ac37f8caa371af16dfed347456ed61f02883255eebb?s=96&d=mm&r=g\",\"url\":\"https:\\\/\\\/secure.gravatar.com\\\/avatar\\\/dd8cc03b49466c735f753ac37f8caa371af16dfed347456ed61f02883255eebb?s=96&d=mm&r=g\",\"contentUrl\":\"https:\\\/\\\/secure.gravatar.com\\\/avatar\\\/dd8cc03b49466c735f753ac37f8caa371af16dfed347456ed61f02883255eebb?s=96&d=mm&r=g\",\"caption\":\"Damien Malvetti\"},\"description\":\"Damien Malvetti is opgeleid als journalist en gepassioneerd door wagens, technologie en mobiliteit. Hij is verantwoordelijk voor de redactionele inhoud van link2fleet en beschikt over een uitgebreide kennis van de fleet-sector en elektrische mobiliteit.\",\"sameAs\":[\"https:\\\/\\\/www.linkedin.com\\\/in\\\/damien-malvetti-56601142\\\/\"]}]}<\/script>\n<!-- \/ Yoast SEO plugin. -->","yoast_head_json":{"title":"Les entreprises donnent moins vite une voiture de soci\u00e9t\u00e9 - link2fleet","description":"Sur base d&rsquo;une analyse de 1,2 million de travailleurs du secteur priv\u00e9 disposant de plus de 175.000 voitures de soci\u00e9t\u00e9, SD Worx constate que la\u2026","robots":{"index":"index","follow":"follow","max-snippet":"max-snippet:-1","max-image-preview":"max-image-preview:large","max-video-preview":"max-video-preview:-1"},"og_locale":"fr_FR","og_type":"article","og_title":"Les entreprises donnent moins vite une voiture de soci\u00e9t\u00e9 - link2fleet","og_description":"Sur base d&rsquo;une analyse de 1,2 million de travailleurs du secteur priv\u00e9 disposant de plus de 175.000 voitures de soci\u00e9t\u00e9, SD Worx constate que la\u2026","og_url":"https:\/\/www.link2fleet.com\/fr\/de-moins-en-moins-demployeurs-offrent-une-voiture-de-societe\/","og_site_name":"link2fleet","article_published_time":"2024-01-15T08:28:35+00:00","article_modified_time":"2024-01-29T10:37:48+00:00","og_image":[{"url":"https:\/\/prdproduction.ams3.digitaloceanspaces.com\/editor\/3683\/2024_01\/65a1cdf8a9f17.png","type":"","width":"","height":""}],"author":"Damien Malvetti","twitter_card":"summary_large_image","twitter_description":"Sur base d&rsquo;une analyse de 1,2 million de travailleurs du secteur priv\u00e9 disposant de plus de 175.000 voitures de soci\u00e9t\u00e9, SD Worx constate que la\u2026","twitter_misc":{"\u00c9crit par":"Damien Malvetti","Dur\u00e9e de lecture estim\u00e9e":"4 minutes"},"schema":{"@context":"https:\/\/schema.org","@graph":[{"@type":"Article","@id":"https:\/\/www.link2fleet.com\/fr\/de-moins-en-moins-demployeurs-offrent-une-voiture-de-societe\/#article","isPartOf":{"@id":"https:\/\/www.link2fleet.com\/fr\/de-moins-en-moins-demployeurs-offrent-une-voiture-de-societe\/"},"author":{"name":"Damien Malvetti","@id":"https:\/\/www.link2fleet.com\/fr\/#\/schema\/person\/027cd46113c78036b3809c9a054049da"},"headline":"Les entreprises donnent moins vite une voiture de soci\u00e9t\u00e9","datePublished":"2024-01-15T08:28:35+00:00","dateModified":"2024-01-29T10:37:48+00:00","mainEntityOfPage":{"@id":"https:\/\/www.link2fleet.com\/fr\/de-moins-en-moins-demployeurs-offrent-une-voiture-de-societe\/"},"wordCount":804,"publisher":{"@id":"https:\/\/www.link2fleet.com\/fr\/#organization"},"image":{"@id":"https:\/\/www.link2fleet.com\/fr\/de-moins-en-moins-demployeurs-offrent-une-voiture-de-societe\/#primaryimage"},"thumbnailUrl":"https:\/\/prdproduction.ams3.digitaloceanspaces.com\/editor\/3683\/2024_01\/65a1cdf8a9f17.png","articleSection":["Expertise et f\u00e9d\u00e9rations","Gestion de flotte"],"inLanguage":"fr-FR"},{"@type":"WebPage","@id":"https:\/\/www.link2fleet.com\/fr\/de-moins-en-moins-demployeurs-offrent-une-voiture-de-societe\/","url":"https:\/\/www.link2fleet.com\/fr\/de-moins-en-moins-demployeurs-offrent-une-voiture-de-societe\/","name":"Les entreprises donnent moins vite une voiture de soci\u00e9t\u00e9 - link2fleet","isPartOf":{"@id":"https:\/\/www.link2fleet.com\/fr\/#website"},"primaryImageOfPage":{"@id":"https:\/\/www.link2fleet.com\/fr\/de-moins-en-moins-demployeurs-offrent-une-voiture-de-societe\/#primaryimage"},"image":{"@id":"https:\/\/www.link2fleet.com\/fr\/de-moins-en-moins-demployeurs-offrent-une-voiture-de-societe\/#primaryimage"},"thumbnailUrl":"https:\/\/prdproduction.ams3.digitaloceanspaces.com\/editor\/3683\/2024_01\/65a1cdf8a9f17.png","datePublished":"2024-01-15T08:28:35+00:00","dateModified":"2024-01-29T10:37:48+00:00","breadcrumb":{"@id":"https:\/\/www.link2fleet.com\/fr\/de-moins-en-moins-demployeurs-offrent-une-voiture-de-societe\/#breadcrumb"},"inLanguage":"fr-FR","potentialAction":[{"@type":"ReadAction","target":["https:\/\/www.link2fleet.com\/fr\/de-moins-en-moins-demployeurs-offrent-une-voiture-de-societe\/"]}]},{"@type":"ImageObject","inLanguage":"fr-FR","@id":"https:\/\/www.link2fleet.com\/fr\/de-moins-en-moins-demployeurs-offrent-une-voiture-de-societe\/#primaryimage","url":"https:\/\/prdproduction.ams3.digitaloceanspaces.com\/editor\/3683\/2024_01\/65a1cdf8a9f17.png","contentUrl":"https:\/\/prdproduction.ams3.digitaloceanspaces.com\/editor\/3683\/2024_01\/65a1cdf8a9f17.png"},{"@type":"BreadcrumbList","@id":"https:\/\/www.link2fleet.com\/fr\/de-moins-en-moins-demployeurs-offrent-une-voiture-de-societe\/#breadcrumb","itemListElement":[{"@type":"ListItem","position":1,"name":"Home","item":"https:\/\/www.link2fleet.com\/fr\/"},{"@type":"ListItem","position":2,"name":"Les entreprises donnent moins vite une voiture de soci\u00e9t\u00e9"}]},{"@type":"WebSite","@id":"https:\/\/www.link2fleet.com\/fr\/#website","url":"https:\/\/www.link2fleet.com\/fr\/","name":"Link2fleet","description":"","publisher":{"@id":"https:\/\/www.link2fleet.com\/fr\/#organization"},"potentialAction":[{"@type":"SearchAction","target":{"@type":"EntryPoint","urlTemplate":"https:\/\/www.link2fleet.com\/fr\/?s={search_term_string}"},"query-input":{"@type":"PropertyValueSpecification","valueRequired":true,"valueName":"search_term_string"}}],"inLanguage":"fr-FR"},{"@type":"Organization","@id":"https:\/\/www.link2fleet.com\/fr\/#organization","name":"Link2fleet","url":"https:\/\/www.link2fleet.com\/fr\/","logo":{"@type":"ImageObject","inLanguage":"fr-FR","@id":"https:\/\/www.link2fleet.com\/fr\/#\/schema\/logo\/image\/","url":"https:\/\/static.link2fleet.com\/wp-content\/uploads\/2024\/03\/share-image.jpg","contentUrl":"https:\/\/static.link2fleet.com\/wp-content\/uploads\/2024\/03\/share-image.jpg","width":1200,"height":630,"caption":"Link2fleet"},"image":{"@id":"https:\/\/www.link2fleet.com\/fr\/#\/schema\/logo\/image\/"},"sameAs":["https:\/\/www.linkedin.com\/company\/link2fleet-belgium","https:\/\/www.youtube.com\/user\/MMMBMBE"]},{"@type":"Person","@id":"https:\/\/www.link2fleet.com\/fr\/#\/schema\/person\/027cd46113c78036b3809c9a054049da","name":"Damien Malvetti","image":{"@type":"ImageObject","inLanguage":"fr-FR","@id":"https:\/\/secure.gravatar.com\/avatar\/dd8cc03b49466c735f753ac37f8caa371af16dfed347456ed61f02883255eebb?s=96&d=mm&r=g","url":"https:\/\/secure.gravatar.com\/avatar\/dd8cc03b49466c735f753ac37f8caa371af16dfed347456ed61f02883255eebb?s=96&d=mm&r=g","contentUrl":"https:\/\/secure.gravatar.com\/avatar\/dd8cc03b49466c735f753ac37f8caa371af16dfed347456ed61f02883255eebb?s=96&d=mm&r=g","caption":"Damien Malvetti"},"description":"Damien Malvetti is opgeleid als journalist en gepassioneerd door wagens, technologie en mobiliteit. Hij is verantwoordelijk voor de redactionele inhoud van link2fleet en beschikt over een uitgebreide kennis van de fleet-sector en elektrische mobiliteit.","sameAs":["https:\/\/www.linkedin.com\/in\/damien-malvetti-56601142\/"]}]}},"_links":{"self":[{"href":"https:\/\/www.link2fleet.com\/fr\/wp-json\/wp\/v2\/posts\/552","targetHints":{"allow":["GET"]}}],"collection":[{"href":"https:\/\/www.link2fleet.com\/fr\/wp-json\/wp\/v2\/posts"}],"about":[{"href":"https:\/\/www.link2fleet.com\/fr\/wp-json\/wp\/v2\/types\/post"}],"author":[{"embeddable":true,"href":"https:\/\/www.link2fleet.com\/fr\/wp-json\/wp\/v2\/users\/4"}],"replies":[{"embeddable":true,"href":"https:\/\/www.link2fleet.com\/fr\/wp-json\/wp\/v2\/comments?post=552"}],"version-history":[{"count":0,"href":"https:\/\/www.link2fleet.com\/fr\/wp-json\/wp\/v2\/posts\/552\/revisions"}],"wp:attachment":[{"href":"https:\/\/www.link2fleet.com\/fr\/wp-json\/wp\/v2\/media?parent=552"}],"wp:term":[{"taxonomy":"category","embeddable":true,"href":"https:\/\/www.link2fleet.com\/fr\/wp-json\/wp\/v2\/categories?post=552"},{"taxonomy":"post_tag","embeddable":true,"href":"https:\/\/www.link2fleet.com\/fr\/wp-json\/wp\/v2\/tags?post=552"}],"curies":[{"name":"wp","href":"https:\/\/api.w.org\/{rel}","templated":true}]}}