{"id":55436,"date":"2025-09-12T11:32:47","date_gmt":"2025-09-12T09:32:47","guid":{"rendered":"https:\/\/www.link2fleet.com\/?p=55436"},"modified":"2025-09-12T11:32:47","modified_gmt":"2025-09-12T09:32:47","slug":"etude-polaris-2025-les-jeunes-generations-plus-enclines-a-adopter-le-budget-mobilite","status":"publish","type":"post","link":"https:\/\/www.link2fleet.com\/fr\/etude-polaris-2025-les-jeunes-generations-plus-enclines-a-adopter-le-budget-mobilite\/","title":{"rendered":"Etude Polaris 2025 : Les jeunes g\u00e9n\u00e9rations plus enclines \u00e0 adopter le budget mobilit\u00e9"},"content":{"rendered":"","protected":false},"excerpt":{"rendered":"","protected":false},"author":4,"featured_media":55437,"comment_status":"closed","ping_status":"closed","sticky":false,"template":"","format":"standard","meta":{"_acf_changed":false,"footnotes":""},"categories":[135],"tags":[],"class_list":["post-55436","post","type-post","status-publish","format-standard","has-post-thumbnail","hentry","category-news-fr"],"acf":[],"yoast_head":"<!-- This site is optimized with the Yoast SEO plugin v27.3 - https:\/\/yoast.com\/product\/yoast-seo-wordpress\/ -->\n<title>Etude Polaris 2025 : Les jeunes g\u00e9n\u00e9rations plus enclines \u00e0 adopter le budget mobilit\u00e9 - link2fleet<\/title>\n<meta name=\"description\" content=\"D\u2019Ieteren vient de publier les r\u00e9sultats de la 4e \u00e9dition de son \u00e9tude strat\u00e9gique Polaris, r\u00e9alis\u00e9e en collaboration avec l\u2019agence ind\u00e9pendante Profacts. Lanc\u00e9e en 2021,\u2026\" \/>\n<meta name=\"robots\" content=\"index, follow, max-snippet:-1, max-image-preview:large, max-video-preview:-1\" \/>\n<meta property=\"og:locale\" content=\"fr_FR\" \/>\n<meta property=\"og:type\" content=\"article\" \/>\n<meta property=\"og:title\" content=\"Etude Polaris 2025 : Les jeunes g\u00e9n\u00e9rations plus enclines \u00e0 adopter le budget mobilit\u00e9 - link2fleet\" \/>\n<meta property=\"og:description\" content=\"D\u2019Ieteren vient de publier les r\u00e9sultats de la 4e \u00e9dition de son \u00e9tude strat\u00e9gique Polaris, r\u00e9alis\u00e9e en collaboration avec l\u2019agence ind\u00e9pendante Profacts. Lanc\u00e9e en 2021,\u2026\" \/>\n<meta property=\"og:url\" content=\"https:\/\/www.link2fleet.com\/polaris-studie-2025-jongere-generaties-staan-meer-open-voor-het-mobiliteitsbudget\/\" \/>\n<meta property=\"og:site_name\" content=\"link2fleet\" \/>\n<meta property=\"article:published_time\" content=\"2025-09-12T09:32:47+00:00\" \/>\n<meta property=\"og:image\" content=\"https:\/\/static.link2fleet.com\/wp-content\/uploads\/2025\/09\/jeunes-moblite-bruxelles-1024x683.png\" \/>\n\t<meta property=\"og:image:width\" content=\"1024\" \/>\n\t<meta property=\"og:image:height\" content=\"683\" \/>\n\t<meta property=\"og:image:type\" content=\"image\/png\" \/>\n<meta name=\"author\" content=\"Damien Malvetti\" \/>\n<meta name=\"twitter:card\" content=\"summary_large_image\" \/>\n<meta name=\"twitter:description\" content=\"D\u2019Ieteren vient de publier les r\u00e9sultats de la 4e \u00e9dition de son \u00e9tude strat\u00e9gique Polaris, r\u00e9alis\u00e9e en collaboration avec l\u2019agence ind\u00e9pendante Profacts. Lanc\u00e9e en 2021,\u2026\" \/>\n<meta name=\"twitter:label1\" content=\"\u00c9crit par\" \/>\n\t<meta name=\"twitter:data1\" content=\"Damien Malvetti\" \/>\n\t<meta name=\"twitter:label2\" content=\"Dur\u00e9e de lecture estim\u00e9e\" \/>\n\t<meta name=\"twitter:data2\" content=\"4 minutes\" \/>\n<script type=\"application\/ld+json\" class=\"yoast-schema-graph\">{\"@context\":\"https:\\\/\\\/schema.org\",\"@graph\":[{\"@type\":\"Article\",\"@id\":\"https:\\\/\\\/www.link2fleet.com\\\/polaris-studie-2025-jongere-generaties-staan-meer-open-voor-het-mobiliteitsbudget\\\/#article\",\"isPartOf\":{\"@id\":\"https:\\\/\\\/www.link2fleet.com\\\/polaris-studie-2025-jongere-generaties-staan-meer-open-voor-het-mobiliteitsbudget\\\/\"},\"author\":{\"name\":\"Damien Malvetti\",\"@id\":\"https:\\\/\\\/www.link2fleet.com\\\/fr\\\/#\\\/schema\\\/person\\\/027cd46113c78036b3809c9a054049da\"},\"headline\":\"Etude Polaris 2025 : Les jeunes g\u00e9n\u00e9rations plus enclines \u00e0 adopter le budget mobilit\u00e9\",\"datePublished\":\"2025-09-12T09:32:47+00:00\",\"mainEntityOfPage\":{\"@id\":\"https:\\\/\\\/www.link2fleet.com\\\/polaris-studie-2025-jongere-generaties-staan-meer-open-voor-het-mobiliteitsbudget\\\/\"},\"wordCount\":13,\"publisher\":{\"@id\":\"https:\\\/\\\/www.link2fleet.com\\\/fr\\\/#organization\"},\"image\":{\"@id\":\"https:\\\/\\\/www.link2fleet.com\\\/polaris-studie-2025-jongere-generaties-staan-meer-open-voor-het-mobiliteitsbudget\\\/#primaryimage\"},\"thumbnailUrl\":\"https:\\\/\\\/static.link2fleet.com\\\/wp-content\\\/uploads\\\/2025\\\/09\\\/jeunes-moblite-bruxelles.png\",\"articleSection\":[\"Actus\"],\"inLanguage\":\"fr-FR\"},{\"@type\":\"WebPage\",\"@id\":\"https:\\\/\\\/www.link2fleet.com\\\/polaris-studie-2025-jongere-generaties-staan-meer-open-voor-het-mobiliteitsbudget\\\/\",\"url\":\"https:\\\/\\\/www.link2fleet.com\\\/polaris-studie-2025-jongere-generaties-staan-meer-open-voor-het-mobiliteitsbudget\\\/\",\"name\":\"Etude Polaris 2025 : Les jeunes g\u00e9n\u00e9rations plus enclines \u00e0 adopter le budget mobilit\u00e9 - link2fleet\",\"isPartOf\":{\"@id\":\"https:\\\/\\\/www.link2fleet.com\\\/fr\\\/#website\"},\"primaryImageOfPage\":{\"@id\":\"https:\\\/\\\/www.link2fleet.com\\\/polaris-studie-2025-jongere-generaties-staan-meer-open-voor-het-mobiliteitsbudget\\\/#primaryimage\"},\"image\":{\"@id\":\"https:\\\/\\\/www.link2fleet.com\\\/polaris-studie-2025-jongere-generaties-staan-meer-open-voor-het-mobiliteitsbudget\\\/#primaryimage\"},\"thumbnailUrl\":\"https:\\\/\\\/static.link2fleet.com\\\/wp-content\\\/uploads\\\/2025\\\/09\\\/jeunes-moblite-bruxelles.png\",\"datePublished\":\"2025-09-12T09:32:47+00:00\",\"breadcrumb\":{\"@id\":\"https:\\\/\\\/www.link2fleet.com\\\/polaris-studie-2025-jongere-generaties-staan-meer-open-voor-het-mobiliteitsbudget\\\/#breadcrumb\"},\"inLanguage\":\"fr-FR\",\"potentialAction\":[{\"@type\":\"ReadAction\",\"target\":[\"https:\\\/\\\/www.link2fleet.com\\\/polaris-studie-2025-jongere-generaties-staan-meer-open-voor-het-mobiliteitsbudget\\\/\"]}]},{\"@type\":\"ImageObject\",\"inLanguage\":\"fr-FR\",\"@id\":\"https:\\\/\\\/www.link2fleet.com\\\/polaris-studie-2025-jongere-generaties-staan-meer-open-voor-het-mobiliteitsbudget\\\/#primaryimage\",\"url\":\"https:\\\/\\\/static.link2fleet.com\\\/wp-content\\\/uploads\\\/2025\\\/09\\\/jeunes-moblite-bruxelles.png\",\"contentUrl\":\"https:\\\/\\\/static.link2fleet.com\\\/wp-content\\\/uploads\\\/2025\\\/09\\\/jeunes-moblite-bruxelles.png\",\"width\":1536,\"height\":1024},{\"@type\":\"BreadcrumbList\",\"@id\":\"https:\\\/\\\/www.link2fleet.com\\\/polaris-studie-2025-jongere-generaties-staan-meer-open-voor-het-mobiliteitsbudget\\\/#breadcrumb\",\"itemListElement\":[{\"@type\":\"ListItem\",\"position\":1,\"name\":\"Home\",\"item\":\"https:\\\/\\\/www.link2fleet.com\\\/fr\\\/\"},{\"@type\":\"ListItem\",\"position\":2,\"name\":\"Etude Polaris 2025 : Les jeunes g\u00e9n\u00e9rations plus enclines \u00e0 adopter le budget mobilit\u00e9\"}]},{\"@type\":\"WebSite\",\"@id\":\"https:\\\/\\\/www.link2fleet.com\\\/fr\\\/#website\",\"url\":\"https:\\\/\\\/www.link2fleet.com\\\/fr\\\/\",\"name\":\"Link2fleet\",\"description\":\"\",\"publisher\":{\"@id\":\"https:\\\/\\\/www.link2fleet.com\\\/fr\\\/#organization\"},\"potentialAction\":[{\"@type\":\"SearchAction\",\"target\":{\"@type\":\"EntryPoint\",\"urlTemplate\":\"https:\\\/\\\/www.link2fleet.com\\\/fr\\\/?s={search_term_string}\"},\"query-input\":{\"@type\":\"PropertyValueSpecification\",\"valueRequired\":true,\"valueName\":\"search_term_string\"}}],\"inLanguage\":\"fr-FR\"},{\"@type\":\"Organization\",\"@id\":\"https:\\\/\\\/www.link2fleet.com\\\/fr\\\/#organization\",\"name\":\"Link2fleet\",\"url\":\"https:\\\/\\\/www.link2fleet.com\\\/fr\\\/\",\"logo\":{\"@type\":\"ImageObject\",\"inLanguage\":\"fr-FR\",\"@id\":\"https:\\\/\\\/www.link2fleet.com\\\/fr\\\/#\\\/schema\\\/logo\\\/image\\\/\",\"url\":\"https:\\\/\\\/static.link2fleet.com\\\/wp-content\\\/uploads\\\/2024\\\/03\\\/share-image.jpg\",\"contentUrl\":\"https:\\\/\\\/static.link2fleet.com\\\/wp-content\\\/uploads\\\/2024\\\/03\\\/share-image.jpg\",\"width\":1200,\"height\":630,\"caption\":\"Link2fleet\"},\"image\":{\"@id\":\"https:\\\/\\\/www.link2fleet.com\\\/fr\\\/#\\\/schema\\\/logo\\\/image\\\/\"},\"sameAs\":[\"https:\\\/\\\/www.linkedin.com\\\/company\\\/link2fleet-belgium\",\"https:\\\/\\\/www.youtube.com\\\/user\\\/MMMBMBE\"]},{\"@type\":\"Person\",\"@id\":\"https:\\\/\\\/www.link2fleet.com\\\/fr\\\/#\\\/schema\\\/person\\\/027cd46113c78036b3809c9a054049da\",\"name\":\"Damien Malvetti\",\"image\":{\"@type\":\"ImageObject\",\"inLanguage\":\"fr-FR\",\"@id\":\"https:\\\/\\\/secure.gravatar.com\\\/avatar\\\/dd8cc03b49466c735f753ac37f8caa371af16dfed347456ed61f02883255eebb?s=96&d=mm&r=g\",\"url\":\"https:\\\/\\\/secure.gravatar.com\\\/avatar\\\/dd8cc03b49466c735f753ac37f8caa371af16dfed347456ed61f02883255eebb?s=96&d=mm&r=g\",\"contentUrl\":\"https:\\\/\\\/secure.gravatar.com\\\/avatar\\\/dd8cc03b49466c735f753ac37f8caa371af16dfed347456ed61f02883255eebb?s=96&d=mm&r=g\",\"caption\":\"Damien Malvetti\"},\"description\":\"Damien Malvetti is opgeleid als journalist en gepassioneerd door wagens, technologie en mobiliteit. Hij is verantwoordelijk voor de redactionele inhoud van link2fleet en beschikt over een uitgebreide kennis van de fleet-sector en elektrische mobiliteit.\",\"sameAs\":[\"https:\\\/\\\/www.linkedin.com\\\/in\\\/damien-malvetti-56601142\\\/\"]}]}<\/script>\n<!-- \/ Yoast SEO plugin. -->","yoast_head_json":{"title":"Etude Polaris 2025 : Les jeunes g\u00e9n\u00e9rations plus enclines \u00e0 adopter le budget mobilit\u00e9 - link2fleet","description":"D\u2019Ieteren vient de publier les r\u00e9sultats de la 4e \u00e9dition de son \u00e9tude strat\u00e9gique Polaris, r\u00e9alis\u00e9e en collaboration avec l\u2019agence ind\u00e9pendante Profacts. Lanc\u00e9e en 2021,\u2026","robots":{"index":"index","follow":"follow","max-snippet":"max-snippet:-1","max-image-preview":"max-image-preview:large","max-video-preview":"max-video-preview:-1"},"og_locale":"fr_FR","og_type":"article","og_title":"Etude Polaris 2025 : Les jeunes g\u00e9n\u00e9rations plus enclines \u00e0 adopter le budget mobilit\u00e9 - link2fleet","og_description":"D\u2019Ieteren vient de publier les r\u00e9sultats de la 4e \u00e9dition de son \u00e9tude strat\u00e9gique Polaris, r\u00e9alis\u00e9e en collaboration avec l\u2019agence ind\u00e9pendante Profacts. Lanc\u00e9e en 2021,\u2026","og_url":"https:\/\/www.link2fleet.com\/polaris-studie-2025-jongere-generaties-staan-meer-open-voor-het-mobiliteitsbudget\/","og_site_name":"link2fleet","article_published_time":"2025-09-12T09:32:47+00:00","og_image":[{"width":1024,"height":683,"url":"https:\/\/static.link2fleet.com\/wp-content\/uploads\/2025\/09\/jeunes-moblite-bruxelles-1024x683.png","type":"image\/png"}],"author":"Damien Malvetti","twitter_card":"summary_large_image","twitter_description":"D\u2019Ieteren vient de publier les r\u00e9sultats de la 4e \u00e9dition de son \u00e9tude strat\u00e9gique Polaris, r\u00e9alis\u00e9e en collaboration avec l\u2019agence ind\u00e9pendante Profacts. Lanc\u00e9e en 2021,\u2026","twitter_misc":{"\u00c9crit par":"Damien Malvetti","Dur\u00e9e de lecture estim\u00e9e":"4 minutes"},"schema":{"@context":"https:\/\/schema.org","@graph":[{"@type":"Article","@id":"https:\/\/www.link2fleet.com\/polaris-studie-2025-jongere-generaties-staan-meer-open-voor-het-mobiliteitsbudget\/#article","isPartOf":{"@id":"https:\/\/www.link2fleet.com\/polaris-studie-2025-jongere-generaties-staan-meer-open-voor-het-mobiliteitsbudget\/"},"author":{"name":"Damien Malvetti","@id":"https:\/\/www.link2fleet.com\/fr\/#\/schema\/person\/027cd46113c78036b3809c9a054049da"},"headline":"Etude Polaris 2025 : Les jeunes g\u00e9n\u00e9rations plus enclines \u00e0 adopter le budget mobilit\u00e9","datePublished":"2025-09-12T09:32:47+00:00","mainEntityOfPage":{"@id":"https:\/\/www.link2fleet.com\/polaris-studie-2025-jongere-generaties-staan-meer-open-voor-het-mobiliteitsbudget\/"},"wordCount":13,"publisher":{"@id":"https:\/\/www.link2fleet.com\/fr\/#organization"},"image":{"@id":"https:\/\/www.link2fleet.com\/polaris-studie-2025-jongere-generaties-staan-meer-open-voor-het-mobiliteitsbudget\/#primaryimage"},"thumbnailUrl":"https:\/\/static.link2fleet.com\/wp-content\/uploads\/2025\/09\/jeunes-moblite-bruxelles.png","articleSection":["Actus"],"inLanguage":"fr-FR"},{"@type":"WebPage","@id":"https:\/\/www.link2fleet.com\/polaris-studie-2025-jongere-generaties-staan-meer-open-voor-het-mobiliteitsbudget\/","url":"https:\/\/www.link2fleet.com\/polaris-studie-2025-jongere-generaties-staan-meer-open-voor-het-mobiliteitsbudget\/","name":"Etude Polaris 2025 : Les jeunes g\u00e9n\u00e9rations plus enclines \u00e0 adopter le budget mobilit\u00e9 - link2fleet","isPartOf":{"@id":"https:\/\/www.link2fleet.com\/fr\/#website"},"primaryImageOfPage":{"@id":"https:\/\/www.link2fleet.com\/polaris-studie-2025-jongere-generaties-staan-meer-open-voor-het-mobiliteitsbudget\/#primaryimage"},"image":{"@id":"https:\/\/www.link2fleet.com\/polaris-studie-2025-jongere-generaties-staan-meer-open-voor-het-mobiliteitsbudget\/#primaryimage"},"thumbnailUrl":"https:\/\/static.link2fleet.com\/wp-content\/uploads\/2025\/09\/jeunes-moblite-bruxelles.png","datePublished":"2025-09-12T09:32:47+00:00","breadcrumb":{"@id":"https:\/\/www.link2fleet.com\/polaris-studie-2025-jongere-generaties-staan-meer-open-voor-het-mobiliteitsbudget\/#breadcrumb"},"inLanguage":"fr-FR","potentialAction":[{"@type":"ReadAction","target":["https:\/\/www.link2fleet.com\/polaris-studie-2025-jongere-generaties-staan-meer-open-voor-het-mobiliteitsbudget\/"]}]},{"@type":"ImageObject","inLanguage":"fr-FR","@id":"https:\/\/www.link2fleet.com\/polaris-studie-2025-jongere-generaties-staan-meer-open-voor-het-mobiliteitsbudget\/#primaryimage","url":"https:\/\/static.link2fleet.com\/wp-content\/uploads\/2025\/09\/jeunes-moblite-bruxelles.png","contentUrl":"https:\/\/static.link2fleet.com\/wp-content\/uploads\/2025\/09\/jeunes-moblite-bruxelles.png","width":1536,"height":1024},{"@type":"BreadcrumbList","@id":"https:\/\/www.link2fleet.com\/polaris-studie-2025-jongere-generaties-staan-meer-open-voor-het-mobiliteitsbudget\/#breadcrumb","itemListElement":[{"@type":"ListItem","position":1,"name":"Home","item":"https:\/\/www.link2fleet.com\/fr\/"},{"@type":"ListItem","position":2,"name":"Etude Polaris 2025 : Les jeunes g\u00e9n\u00e9rations plus enclines \u00e0 adopter le budget mobilit\u00e9"}]},{"@type":"WebSite","@id":"https:\/\/www.link2fleet.com\/fr\/#website","url":"https:\/\/www.link2fleet.com\/fr\/","name":"Link2fleet","description":"","publisher":{"@id":"https:\/\/www.link2fleet.com\/fr\/#organization"},"potentialAction":[{"@type":"SearchAction","target":{"@type":"EntryPoint","urlTemplate":"https:\/\/www.link2fleet.com\/fr\/?s={search_term_string}"},"query-input":{"@type":"PropertyValueSpecification","valueRequired":true,"valueName":"search_term_string"}}],"inLanguage":"fr-FR"},{"@type":"Organization","@id":"https:\/\/www.link2fleet.com\/fr\/#organization","name":"Link2fleet","url":"https:\/\/www.link2fleet.com\/fr\/","logo":{"@type":"ImageObject","inLanguage":"fr-FR","@id":"https:\/\/www.link2fleet.com\/fr\/#\/schema\/logo\/image\/","url":"https:\/\/static.link2fleet.com\/wp-content\/uploads\/2024\/03\/share-image.jpg","contentUrl":"https:\/\/static.link2fleet.com\/wp-content\/uploads\/2024\/03\/share-image.jpg","width":1200,"height":630,"caption":"Link2fleet"},"image":{"@id":"https:\/\/www.link2fleet.com\/fr\/#\/schema\/logo\/image\/"},"sameAs":["https:\/\/www.linkedin.com\/company\/link2fleet-belgium","https:\/\/www.youtube.com\/user\/MMMBMBE"]},{"@type":"Person","@id":"https:\/\/www.link2fleet.com\/fr\/#\/schema\/person\/027cd46113c78036b3809c9a054049da","name":"Damien Malvetti","image":{"@type":"ImageObject","inLanguage":"fr-FR","@id":"https:\/\/secure.gravatar.com\/avatar\/dd8cc03b49466c735f753ac37f8caa371af16dfed347456ed61f02883255eebb?s=96&d=mm&r=g","url":"https:\/\/secure.gravatar.com\/avatar\/dd8cc03b49466c735f753ac37f8caa371af16dfed347456ed61f02883255eebb?s=96&d=mm&r=g","contentUrl":"https:\/\/secure.gravatar.com\/avatar\/dd8cc03b49466c735f753ac37f8caa371af16dfed347456ed61f02883255eebb?s=96&d=mm&r=g","caption":"Damien Malvetti"},"description":"Damien Malvetti is opgeleid als journalist en gepassioneerd door wagens, technologie en mobiliteit. Hij is verantwoordelijk voor de redactionele inhoud van link2fleet en beschikt over een uitgebreide kennis van de fleet-sector en elektrische mobiliteit.","sameAs":["https:\/\/www.linkedin.com\/in\/damien-malvetti-56601142\/"]}]}},"_links":{"self":[{"href":"https:\/\/www.link2fleet.com\/fr\/wp-json\/wp\/v2\/posts\/55436","targetHints":{"allow":["GET"]}}],"collection":[{"href":"https:\/\/www.link2fleet.com\/fr\/wp-json\/wp\/v2\/posts"}],"about":[{"href":"https:\/\/www.link2fleet.com\/fr\/wp-json\/wp\/v2\/types\/post"}],"author":[{"embeddable":true,"href":"https:\/\/www.link2fleet.com\/fr\/wp-json\/wp\/v2\/users\/4"}],"replies":[{"embeddable":true,"href":"https:\/\/www.link2fleet.com\/fr\/wp-json\/wp\/v2\/comments?post=55436"}],"version-history":[{"count":2,"href":"https:\/\/www.link2fleet.com\/fr\/wp-json\/wp\/v2\/posts\/55436\/revisions"}],"predecessor-version":[{"id":55441,"href":"https:\/\/www.link2fleet.com\/fr\/wp-json\/wp\/v2\/posts\/55436\/revisions\/55441"}],"wp:featuredmedia":[{"embeddable":true,"href":"https:\/\/www.link2fleet.com\/fr\/wp-json\/wp\/v2\/media\/55437"}],"wp:attachment":[{"href":"https:\/\/www.link2fleet.com\/fr\/wp-json\/wp\/v2\/media?parent=55436"}],"wp:term":[{"taxonomy":"category","embeddable":true,"href":"https:\/\/www.link2fleet.com\/fr\/wp-json\/wp\/v2\/categories?post=55436"},{"taxonomy":"post_tag","embeddable":true,"href":"https:\/\/www.link2fleet.com\/fr\/wp-json\/wp\/v2\/tags?post=55436"}],"curies":[{"name":"wp","href":"https:\/\/api.w.org\/{rel}","templated":true}]}}