{"id":5549,"date":"2022-01-27T08:14:21","date_gmt":"2022-01-27T07:14:21","guid":{"rendered":"https:\/\/www.link2fleet.com\/ald-automotive-sassocie-a-corporate-benefits-pour-proposer-des-offres-de-mobilite-aux-employes\/"},"modified":"2022-01-27T08:14:21","modified_gmt":"2022-01-27T07:14:21","slug":"ald-automotive-sassocie-a-corporate-benefits-pour-proposer-des-offres-de-mobilite-aux-employes","status":"publish","type":"post","link":"https:\/\/www.link2fleet.com\/fr\/ald-automotive-sassocie-a-corporate-benefits-pour-proposer-des-offres-de-mobilite-aux-employes\/","title":{"rendered":"ALD Automotive s&rsquo;associe \u00e0 Corporate Benefits pour proposer des offres de mobilit\u00e9 aux employ\u00e9s"},"content":{"rendered":"<p>Des formules de leasing complet, sur une gamme de v\u00e9hicules neufs ou d\u2019occasion, sont disponibles pour les employ\u00e9s \u00e0 prix r\u00e9duit ou dans le cadre d\u2019offres promotionnelles. Tous les mod\u00e8les b\u00e9n\u00e9ficient de l\u2019entretien, du changement de pneus, de l\u2019assistance d\u00e9pannage, de l\u2019assurance et de l\u2019immatriculation de v\u00e9hicule, et sont disponibles avec des dur\u00e9es de location et un kilom\u00e9trage flexible. Le contrat est g\u00e9r\u00e9 par ALD Automotive pendant la dur\u00e9e du leasing.<\/p>\n<p>Ces programmes de mobilit\u00e9 permettent aux entreprises d\u2019\u00e9tendre les avantages d\u2019une voiture de soci\u00e9t\u00e9 \u00e0 tous leurs salari\u00e9s, tout en limitant leur r\u00f4le dans la mise en application des offres et dans le processus administratif. Avec ces programmes d\u2019avantages, les entreprises de toutes tailles peuvent motiver leurs employ\u00e9s en leur donnant acc\u00e8s \u00e0 des produits et des services qualitatifs et en leur proposant des marques automobiles renomm\u00e9es. Les programmes d\u2019avantages sociaux peuvent contribuer au recrutement et fid\u00e9liser les employ\u00e9s \u00e0 moindre co\u00fbt.<\/p>\n<p>Gr\u00e2ce \u00e0 son statut de leader de march\u00e9 europ\u00e9en, ALD Automotive est le premier fournisseur d\u2019offres de leasing pour employ\u00e9s \u00e0 \u00eatre s\u00e9lectionn\u00e9 par <em>corporate benefits<\/em>. Le processus de s\u00e9lection rigoureux \u00e9value \u00e0 travers des contr\u00f4les r\u00e9guliers la qualit\u00e9, les prix et la facilit\u00e9 du processus d\u2019achat. Les offres de leasing pour employ\u00e9s par le biais de <em>corporate benefits<\/em> sont maintenant disponibles en Belgique, en Autriche, en Allemagne, en Italie et aux Pays-Bas.<\/p>\n<p>ALD Automotive fournit actuellement des services leasing op\u00e9rationnel aux particuliers dans 23 pays en Europe, repr\u00e9sentant 165\u00a0000 v\u00e9hicules au 30 septembre 2021.<\/p>\n<p><strong>Patrick Ellenberger, CEO de <em>corporate benefits<\/em><\/strong>, a d\u00e9clar\u00e9 : \u201c<em>Les offres de leasing propos\u00e9s par ALD Automotive nous permettent d\u2019\u00e9largir nos programmes d\u2019offres promotionnelles destin\u00e9s aux employ\u00e9s, int\u00e9grant des services de leasing \u00e0 notre vaste gamme propos\u00e9e aux entreprises. Cette coop\u00e9ration s\u2019accorde avec notre engagement de fournir des offres promotionnelles pour employ\u00e9s en Europe et de r\u00e9duire constamment la charge de travail des entreprises et fournisseurs.<\/em>\u201d<\/p>\n<p>\u201c<em>Nous sommes fiers de nous associer \u00e0 corporate benefits afin de les aider \u00e0 diversifier davantage leur gamme de programmes d\u2019avantages sociaux. Par exemple, en offrant \u00e0 tous les employ\u00e9s d\u2019une entreprise un acc\u00e8s \u00e0 une s\u00e9lection de v\u00e9hicules de qualit\u00e9, tous services inclus, \u00e0 un prix r\u00e9duit,<\/em>\u201d confirme <strong>Annie Pin, Directrice commerciale d\u2019ALD<\/strong> <strong>Automotive<\/strong>. \u201c<em>Un crit\u00e8re de location essentiel pour les particuliers est de b\u00e9n\u00e9ficier d\u2019offres flexibles et conforme \u00e0 leurs attentes. La simplicit\u00e9 et la digitalisation sont des \u00e9l\u00e9ments indispensables pour r\u00e9pondre \u00e0 ces besoins. Cette nouvelle coop\u00e9ration confirme notre position de leader dans le secteur du leasing op\u00e9rationnel priv\u00e9 en Europe. De plus, elle soutient notre plan de d\u00e9veloppement strat\u00e9gique, Move 2025, dont l\u2019un des objectifs majeurs est d\u2019\u00e9tendre la port\u00e9e de nos solutions de mobilit\u00e9 et d\u2019\u00e9largir davantage notre client\u00e8le.<\/em>\u201d<\/p>\n","protected":false},"excerpt":{"rendered":"<p>Des formules de leasing complet, sur une gamme de v\u00e9hicules neufs ou d\u2019occasion, sont disponibles pour les employ\u00e9s \u00e0 prix r\u00e9duit ou dans le cadre d\u2019offres promotionnelles. Tous les mod\u00e8les b\u00e9n\u00e9ficient de l\u2019entretien, du changement de pneus, de l\u2019assistance d\u00e9pannage, de l\u2019assurance et de l\u2019immatriculation de v\u00e9hicule, et sont disponibles avec des dur\u00e9es de location [&hellip;]<\/p>\n","protected":false},"author":4,"featured_media":5550,"comment_status":"closed","ping_status":"closed","sticky":false,"template":"","format":"standard","meta":{"_acf_changed":false,"footnotes":""},"categories":[91,79],"tags":[],"class_list":["post-5549","post","type-post","status-publish","format-standard","has-post-thumbnail","hentry","category-expertise-et-management","category-societes-de-leasing"],"acf":[],"yoast_head":"<!-- This site is optimized with the Yoast SEO plugin v27.3 - https:\/\/yoast.com\/product\/yoast-seo-wordpress\/ -->\n<title>ALD Automotive s&#039;associe \u00e0 Corporate Benefits pour proposer des offres de mobilit\u00e9 aux employ\u00e9s - link2fleet<\/title>\n<meta name=\"description\" content=\"ALD Automotive s\u2019associe \u00e0 corporate benefits, le leader europ\u00e9en en programmes d\u2019offres promotionnelles destin\u00e9s aux employ\u00e9s, afin d\u2019offrir des services de leasing op\u00e9rationnel aux employ\u00e9s\u2026\" \/>\n<meta name=\"robots\" content=\"index, follow, max-snippet:-1, max-image-preview:large, max-video-preview:-1\" \/>\n<meta property=\"og:locale\" content=\"fr_FR\" \/>\n<meta property=\"og:type\" content=\"article\" \/>\n<meta property=\"og:title\" content=\"ALD Automotive s&#039;associe \u00e0 Corporate Benefits pour proposer des offres de mobilit\u00e9 aux employ\u00e9s - link2fleet\" \/>\n<meta property=\"og:description\" content=\"ALD Automotive s\u2019associe \u00e0 corporate benefits, le leader europ\u00e9en en programmes d\u2019offres promotionnelles destin\u00e9s aux employ\u00e9s, afin d\u2019offrir des services de leasing op\u00e9rationnel aux employ\u00e9s\u2026\" \/>\n<meta property=\"og:url\" content=\"https:\/\/www.link2fleet.com\/fr\/ald-automotive-sassocie-a-corporate-benefits-pour-proposer-des-offres-de-mobilite-aux-employes\/\" \/>\n<meta property=\"og:site_name\" content=\"link2fleet\" \/>\n<meta property=\"article:published_time\" content=\"2022-01-27T07:14:21+00:00\" \/>\n<meta property=\"og:image\" content=\"https:\/\/static.link2fleet.com\/wp-content\/uploads\/2024\/03\/ald.png\" \/>\n\t<meta property=\"og:image:width\" content=\"1200\" \/>\n\t<meta property=\"og:image:height\" content=\"627\" \/>\n\t<meta property=\"og:image:type\" content=\"image\/png\" \/>\n<meta name=\"author\" content=\"Damien Malvetti\" \/>\n<meta name=\"twitter:card\" content=\"summary_large_image\" \/>\n<meta name=\"twitter:description\" content=\"ALD Automotive s\u2019associe \u00e0 corporate benefits, le leader europ\u00e9en en programmes d\u2019offres promotionnelles destin\u00e9s aux employ\u00e9s, afin d\u2019offrir des services de leasing op\u00e9rationnel aux employ\u00e9s\u2026\" \/>\n<meta name=\"twitter:label1\" content=\"\u00c9crit par\" \/>\n\t<meta name=\"twitter:data1\" content=\"Damien Malvetti\" \/>\n\t<meta name=\"twitter:label2\" content=\"Dur\u00e9e de lecture estim\u00e9e\" \/>\n\t<meta name=\"twitter:data2\" content=\"3 minutes\" \/>\n<script type=\"application\/ld+json\" class=\"yoast-schema-graph\">{\"@context\":\"https:\\\/\\\/schema.org\",\"@graph\":[{\"@type\":\"Article\",\"@id\":\"https:\\\/\\\/www.link2fleet.com\\\/fr\\\/ald-automotive-sassocie-a-corporate-benefits-pour-proposer-des-offres-de-mobilite-aux-employes\\\/#article\",\"isPartOf\":{\"@id\":\"https:\\\/\\\/www.link2fleet.com\\\/fr\\\/ald-automotive-sassocie-a-corporate-benefits-pour-proposer-des-offres-de-mobilite-aux-employes\\\/\"},\"author\":{\"name\":\"Damien Malvetti\",\"@id\":\"https:\\\/\\\/www.link2fleet.com\\\/fr\\\/#\\\/schema\\\/person\\\/027cd46113c78036b3809c9a054049da\"},\"headline\":\"ALD Automotive s&rsquo;associe \u00e0 Corporate Benefits pour proposer des offres de mobilit\u00e9 aux employ\u00e9s\",\"datePublished\":\"2022-01-27T07:14:21+00:00\",\"mainEntityOfPage\":{\"@id\":\"https:\\\/\\\/www.link2fleet.com\\\/fr\\\/ald-automotive-sassocie-a-corporate-benefits-pour-proposer-des-offres-de-mobilite-aux-employes\\\/\"},\"wordCount\":521,\"publisher\":{\"@id\":\"https:\\\/\\\/www.link2fleet.com\\\/fr\\\/#organization\"},\"image\":{\"@id\":\"https:\\\/\\\/www.link2fleet.com\\\/fr\\\/ald-automotive-sassocie-a-corporate-benefits-pour-proposer-des-offres-de-mobilite-aux-employes\\\/#primaryimage\"},\"thumbnailUrl\":\"https:\\\/\\\/static.link2fleet.com\\\/wp-content\\\/uploads\\\/2024\\\/03\\\/ald.png\",\"articleSection\":[\"Gestion de flotte\",\"Location long-terme\"],\"inLanguage\":\"fr-FR\"},{\"@type\":\"WebPage\",\"@id\":\"https:\\\/\\\/www.link2fleet.com\\\/fr\\\/ald-automotive-sassocie-a-corporate-benefits-pour-proposer-des-offres-de-mobilite-aux-employes\\\/\",\"url\":\"https:\\\/\\\/www.link2fleet.com\\\/fr\\\/ald-automotive-sassocie-a-corporate-benefits-pour-proposer-des-offres-de-mobilite-aux-employes\\\/\",\"name\":\"ALD Automotive s'associe \u00e0 Corporate Benefits pour proposer des offres de mobilit\u00e9 aux employ\u00e9s - link2fleet\",\"isPartOf\":{\"@id\":\"https:\\\/\\\/www.link2fleet.com\\\/fr\\\/#website\"},\"primaryImageOfPage\":{\"@id\":\"https:\\\/\\\/www.link2fleet.com\\\/fr\\\/ald-automotive-sassocie-a-corporate-benefits-pour-proposer-des-offres-de-mobilite-aux-employes\\\/#primaryimage\"},\"image\":{\"@id\":\"https:\\\/\\\/www.link2fleet.com\\\/fr\\\/ald-automotive-sassocie-a-corporate-benefits-pour-proposer-des-offres-de-mobilite-aux-employes\\\/#primaryimage\"},\"thumbnailUrl\":\"https:\\\/\\\/static.link2fleet.com\\\/wp-content\\\/uploads\\\/2024\\\/03\\\/ald.png\",\"datePublished\":\"2022-01-27T07:14:21+00:00\",\"breadcrumb\":{\"@id\":\"https:\\\/\\\/www.link2fleet.com\\\/fr\\\/ald-automotive-sassocie-a-corporate-benefits-pour-proposer-des-offres-de-mobilite-aux-employes\\\/#breadcrumb\"},\"inLanguage\":\"fr-FR\",\"potentialAction\":[{\"@type\":\"ReadAction\",\"target\":[\"https:\\\/\\\/www.link2fleet.com\\\/fr\\\/ald-automotive-sassocie-a-corporate-benefits-pour-proposer-des-offres-de-mobilite-aux-employes\\\/\"]}]},{\"@type\":\"ImageObject\",\"inLanguage\":\"fr-FR\",\"@id\":\"https:\\\/\\\/www.link2fleet.com\\\/fr\\\/ald-automotive-sassocie-a-corporate-benefits-pour-proposer-des-offres-de-mobilite-aux-employes\\\/#primaryimage\",\"url\":\"https:\\\/\\\/static.link2fleet.com\\\/wp-content\\\/uploads\\\/2024\\\/03\\\/ald.png\",\"contentUrl\":\"https:\\\/\\\/static.link2fleet.com\\\/wp-content\\\/uploads\\\/2024\\\/03\\\/ald.png\",\"width\":1200,\"height\":627},{\"@type\":\"BreadcrumbList\",\"@id\":\"https:\\\/\\\/www.link2fleet.com\\\/fr\\\/ald-automotive-sassocie-a-corporate-benefits-pour-proposer-des-offres-de-mobilite-aux-employes\\\/#breadcrumb\",\"itemListElement\":[{\"@type\":\"ListItem\",\"position\":1,\"name\":\"Home\",\"item\":\"https:\\\/\\\/www.link2fleet.com\\\/fr\\\/\"},{\"@type\":\"ListItem\",\"position\":2,\"name\":\"ALD Automotive s&#8217;associe \u00e0 Corporate Benefits pour proposer des offres de mobilit\u00e9 aux employ\u00e9s\"}]},{\"@type\":\"WebSite\",\"@id\":\"https:\\\/\\\/www.link2fleet.com\\\/fr\\\/#website\",\"url\":\"https:\\\/\\\/www.link2fleet.com\\\/fr\\\/\",\"name\":\"Link2fleet\",\"description\":\"\",\"publisher\":{\"@id\":\"https:\\\/\\\/www.link2fleet.com\\\/fr\\\/#organization\"},\"potentialAction\":[{\"@type\":\"SearchAction\",\"target\":{\"@type\":\"EntryPoint\",\"urlTemplate\":\"https:\\\/\\\/www.link2fleet.com\\\/fr\\\/?s={search_term_string}\"},\"query-input\":{\"@type\":\"PropertyValueSpecification\",\"valueRequired\":true,\"valueName\":\"search_term_string\"}}],\"inLanguage\":\"fr-FR\"},{\"@type\":\"Organization\",\"@id\":\"https:\\\/\\\/www.link2fleet.com\\\/fr\\\/#organization\",\"name\":\"Link2fleet\",\"url\":\"https:\\\/\\\/www.link2fleet.com\\\/fr\\\/\",\"logo\":{\"@type\":\"ImageObject\",\"inLanguage\":\"fr-FR\",\"@id\":\"https:\\\/\\\/www.link2fleet.com\\\/fr\\\/#\\\/schema\\\/logo\\\/image\\\/\",\"url\":\"https:\\\/\\\/static.link2fleet.com\\\/wp-content\\\/uploads\\\/2024\\\/03\\\/share-image.jpg\",\"contentUrl\":\"https:\\\/\\\/static.link2fleet.com\\\/wp-content\\\/uploads\\\/2024\\\/03\\\/share-image.jpg\",\"width\":1200,\"height\":630,\"caption\":\"Link2fleet\"},\"image\":{\"@id\":\"https:\\\/\\\/www.link2fleet.com\\\/fr\\\/#\\\/schema\\\/logo\\\/image\\\/\"},\"sameAs\":[\"https:\\\/\\\/www.linkedin.com\\\/company\\\/link2fleet-belgium\",\"https:\\\/\\\/www.youtube.com\\\/user\\\/MMMBMBE\"]},{\"@type\":\"Person\",\"@id\":\"https:\\\/\\\/www.link2fleet.com\\\/fr\\\/#\\\/schema\\\/person\\\/027cd46113c78036b3809c9a054049da\",\"name\":\"Damien Malvetti\",\"image\":{\"@type\":\"ImageObject\",\"inLanguage\":\"fr-FR\",\"@id\":\"https:\\\/\\\/secure.gravatar.com\\\/avatar\\\/dd8cc03b49466c735f753ac37f8caa371af16dfed347456ed61f02883255eebb?s=96&d=mm&r=g\",\"url\":\"https:\\\/\\\/secure.gravatar.com\\\/avatar\\\/dd8cc03b49466c735f753ac37f8caa371af16dfed347456ed61f02883255eebb?s=96&d=mm&r=g\",\"contentUrl\":\"https:\\\/\\\/secure.gravatar.com\\\/avatar\\\/dd8cc03b49466c735f753ac37f8caa371af16dfed347456ed61f02883255eebb?s=96&d=mm&r=g\",\"caption\":\"Damien Malvetti\"},\"description\":\"Damien Malvetti is opgeleid als journalist en gepassioneerd door wagens, technologie en mobiliteit. Hij is verantwoordelijk voor de redactionele inhoud van link2fleet en beschikt over een uitgebreide kennis van de fleet-sector en elektrische mobiliteit.\",\"sameAs\":[\"https:\\\/\\\/www.linkedin.com\\\/in\\\/damien-malvetti-56601142\\\/\"]}]}<\/script>\n<!-- \/ Yoast SEO plugin. -->","yoast_head_json":{"title":"ALD Automotive s'associe \u00e0 Corporate Benefits pour proposer des offres de mobilit\u00e9 aux employ\u00e9s - link2fleet","description":"ALD Automotive s\u2019associe \u00e0 corporate benefits, le leader europ\u00e9en en programmes d\u2019offres promotionnelles destin\u00e9s aux employ\u00e9s, afin d\u2019offrir des services de leasing op\u00e9rationnel aux employ\u00e9s\u2026","robots":{"index":"index","follow":"follow","max-snippet":"max-snippet:-1","max-image-preview":"max-image-preview:large","max-video-preview":"max-video-preview:-1"},"og_locale":"fr_FR","og_type":"article","og_title":"ALD Automotive s'associe \u00e0 Corporate Benefits pour proposer des offres de mobilit\u00e9 aux employ\u00e9s - link2fleet","og_description":"ALD Automotive s\u2019associe \u00e0 corporate benefits, le leader europ\u00e9en en programmes d\u2019offres promotionnelles destin\u00e9s aux employ\u00e9s, afin d\u2019offrir des services de leasing op\u00e9rationnel aux employ\u00e9s\u2026","og_url":"https:\/\/www.link2fleet.com\/fr\/ald-automotive-sassocie-a-corporate-benefits-pour-proposer-des-offres-de-mobilite-aux-employes\/","og_site_name":"link2fleet","article_published_time":"2022-01-27T07:14:21+00:00","og_image":[{"width":1200,"height":627,"url":"https:\/\/static.link2fleet.com\/wp-content\/uploads\/2024\/03\/ald.png","type":"image\/png"}],"author":"Damien Malvetti","twitter_card":"summary_large_image","twitter_description":"ALD Automotive s\u2019associe \u00e0 corporate benefits, le leader europ\u00e9en en programmes d\u2019offres promotionnelles destin\u00e9s aux employ\u00e9s, afin d\u2019offrir des services de leasing op\u00e9rationnel aux employ\u00e9s\u2026","twitter_misc":{"\u00c9crit par":"Damien Malvetti","Dur\u00e9e de lecture estim\u00e9e":"3 minutes"},"schema":{"@context":"https:\/\/schema.org","@graph":[{"@type":"Article","@id":"https:\/\/www.link2fleet.com\/fr\/ald-automotive-sassocie-a-corporate-benefits-pour-proposer-des-offres-de-mobilite-aux-employes\/#article","isPartOf":{"@id":"https:\/\/www.link2fleet.com\/fr\/ald-automotive-sassocie-a-corporate-benefits-pour-proposer-des-offres-de-mobilite-aux-employes\/"},"author":{"name":"Damien Malvetti","@id":"https:\/\/www.link2fleet.com\/fr\/#\/schema\/person\/027cd46113c78036b3809c9a054049da"},"headline":"ALD Automotive s&rsquo;associe \u00e0 Corporate Benefits pour proposer des offres de mobilit\u00e9 aux employ\u00e9s","datePublished":"2022-01-27T07:14:21+00:00","mainEntityOfPage":{"@id":"https:\/\/www.link2fleet.com\/fr\/ald-automotive-sassocie-a-corporate-benefits-pour-proposer-des-offres-de-mobilite-aux-employes\/"},"wordCount":521,"publisher":{"@id":"https:\/\/www.link2fleet.com\/fr\/#organization"},"image":{"@id":"https:\/\/www.link2fleet.com\/fr\/ald-automotive-sassocie-a-corporate-benefits-pour-proposer-des-offres-de-mobilite-aux-employes\/#primaryimage"},"thumbnailUrl":"https:\/\/static.link2fleet.com\/wp-content\/uploads\/2024\/03\/ald.png","articleSection":["Gestion de flotte","Location long-terme"],"inLanguage":"fr-FR"},{"@type":"WebPage","@id":"https:\/\/www.link2fleet.com\/fr\/ald-automotive-sassocie-a-corporate-benefits-pour-proposer-des-offres-de-mobilite-aux-employes\/","url":"https:\/\/www.link2fleet.com\/fr\/ald-automotive-sassocie-a-corporate-benefits-pour-proposer-des-offres-de-mobilite-aux-employes\/","name":"ALD Automotive s'associe \u00e0 Corporate Benefits pour proposer des offres de mobilit\u00e9 aux employ\u00e9s - link2fleet","isPartOf":{"@id":"https:\/\/www.link2fleet.com\/fr\/#website"},"primaryImageOfPage":{"@id":"https:\/\/www.link2fleet.com\/fr\/ald-automotive-sassocie-a-corporate-benefits-pour-proposer-des-offres-de-mobilite-aux-employes\/#primaryimage"},"image":{"@id":"https:\/\/www.link2fleet.com\/fr\/ald-automotive-sassocie-a-corporate-benefits-pour-proposer-des-offres-de-mobilite-aux-employes\/#primaryimage"},"thumbnailUrl":"https:\/\/static.link2fleet.com\/wp-content\/uploads\/2024\/03\/ald.png","datePublished":"2022-01-27T07:14:21+00:00","breadcrumb":{"@id":"https:\/\/www.link2fleet.com\/fr\/ald-automotive-sassocie-a-corporate-benefits-pour-proposer-des-offres-de-mobilite-aux-employes\/#breadcrumb"},"inLanguage":"fr-FR","potentialAction":[{"@type":"ReadAction","target":["https:\/\/www.link2fleet.com\/fr\/ald-automotive-sassocie-a-corporate-benefits-pour-proposer-des-offres-de-mobilite-aux-employes\/"]}]},{"@type":"ImageObject","inLanguage":"fr-FR","@id":"https:\/\/www.link2fleet.com\/fr\/ald-automotive-sassocie-a-corporate-benefits-pour-proposer-des-offres-de-mobilite-aux-employes\/#primaryimage","url":"https:\/\/static.link2fleet.com\/wp-content\/uploads\/2024\/03\/ald.png","contentUrl":"https:\/\/static.link2fleet.com\/wp-content\/uploads\/2024\/03\/ald.png","width":1200,"height":627},{"@type":"BreadcrumbList","@id":"https:\/\/www.link2fleet.com\/fr\/ald-automotive-sassocie-a-corporate-benefits-pour-proposer-des-offres-de-mobilite-aux-employes\/#breadcrumb","itemListElement":[{"@type":"ListItem","position":1,"name":"Home","item":"https:\/\/www.link2fleet.com\/fr\/"},{"@type":"ListItem","position":2,"name":"ALD Automotive s&#8217;associe \u00e0 Corporate Benefits pour proposer des offres de mobilit\u00e9 aux employ\u00e9s"}]},{"@type":"WebSite","@id":"https:\/\/www.link2fleet.com\/fr\/#website","url":"https:\/\/www.link2fleet.com\/fr\/","name":"Link2fleet","description":"","publisher":{"@id":"https:\/\/www.link2fleet.com\/fr\/#organization"},"potentialAction":[{"@type":"SearchAction","target":{"@type":"EntryPoint","urlTemplate":"https:\/\/www.link2fleet.com\/fr\/?s={search_term_string}"},"query-input":{"@type":"PropertyValueSpecification","valueRequired":true,"valueName":"search_term_string"}}],"inLanguage":"fr-FR"},{"@type":"Organization","@id":"https:\/\/www.link2fleet.com\/fr\/#organization","name":"Link2fleet","url":"https:\/\/www.link2fleet.com\/fr\/","logo":{"@type":"ImageObject","inLanguage":"fr-FR","@id":"https:\/\/www.link2fleet.com\/fr\/#\/schema\/logo\/image\/","url":"https:\/\/static.link2fleet.com\/wp-content\/uploads\/2024\/03\/share-image.jpg","contentUrl":"https:\/\/static.link2fleet.com\/wp-content\/uploads\/2024\/03\/share-image.jpg","width":1200,"height":630,"caption":"Link2fleet"},"image":{"@id":"https:\/\/www.link2fleet.com\/fr\/#\/schema\/logo\/image\/"},"sameAs":["https:\/\/www.linkedin.com\/company\/link2fleet-belgium","https:\/\/www.youtube.com\/user\/MMMBMBE"]},{"@type":"Person","@id":"https:\/\/www.link2fleet.com\/fr\/#\/schema\/person\/027cd46113c78036b3809c9a054049da","name":"Damien Malvetti","image":{"@type":"ImageObject","inLanguage":"fr-FR","@id":"https:\/\/secure.gravatar.com\/avatar\/dd8cc03b49466c735f753ac37f8caa371af16dfed347456ed61f02883255eebb?s=96&d=mm&r=g","url":"https:\/\/secure.gravatar.com\/avatar\/dd8cc03b49466c735f753ac37f8caa371af16dfed347456ed61f02883255eebb?s=96&d=mm&r=g","contentUrl":"https:\/\/secure.gravatar.com\/avatar\/dd8cc03b49466c735f753ac37f8caa371af16dfed347456ed61f02883255eebb?s=96&d=mm&r=g","caption":"Damien Malvetti"},"description":"Damien Malvetti is opgeleid als journalist en gepassioneerd door wagens, technologie en mobiliteit. Hij is verantwoordelijk voor de redactionele inhoud van link2fleet en beschikt over een uitgebreide kennis van de fleet-sector en elektrische mobiliteit.","sameAs":["https:\/\/www.linkedin.com\/in\/damien-malvetti-56601142\/"]}]}},"_links":{"self":[{"href":"https:\/\/www.link2fleet.com\/fr\/wp-json\/wp\/v2\/posts\/5549","targetHints":{"allow":["GET"]}}],"collection":[{"href":"https:\/\/www.link2fleet.com\/fr\/wp-json\/wp\/v2\/posts"}],"about":[{"href":"https:\/\/www.link2fleet.com\/fr\/wp-json\/wp\/v2\/types\/post"}],"author":[{"embeddable":true,"href":"https:\/\/www.link2fleet.com\/fr\/wp-json\/wp\/v2\/users\/4"}],"replies":[{"embeddable":true,"href":"https:\/\/www.link2fleet.com\/fr\/wp-json\/wp\/v2\/comments?post=5549"}],"version-history":[{"count":0,"href":"https:\/\/www.link2fleet.com\/fr\/wp-json\/wp\/v2\/posts\/5549\/revisions"}],"wp:featuredmedia":[{"embeddable":true,"href":"https:\/\/www.link2fleet.com\/fr\/wp-json\/wp\/v2\/media\/5550"}],"wp:attachment":[{"href":"https:\/\/www.link2fleet.com\/fr\/wp-json\/wp\/v2\/media?parent=5549"}],"wp:term":[{"taxonomy":"category","embeddable":true,"href":"https:\/\/www.link2fleet.com\/fr\/wp-json\/wp\/v2\/categories?post=5549"},{"taxonomy":"post_tag","embeddable":true,"href":"https:\/\/www.link2fleet.com\/fr\/wp-json\/wp\/v2\/tags?post=5549"}],"curies":[{"name":"wp","href":"https:\/\/api.w.org\/{rel}","templated":true}]}}