{"id":555,"date":"2024-01-15T18:50:58","date_gmt":"2024-01-15T17:50:58","guid":{"rendered":"https:\/\/www.link2fleet.com\/q8-sassocie-a-storm-pour-deployer-200-bornes-de-recharge-rapide-en-belgique\/"},"modified":"2024-01-29T11:37:49","modified_gmt":"2024-01-29T10:37:49","slug":"q8-sassocie-a-storm-pour-deployer-200-bornes-de-recharge-rapide-en-belgique","status":"publish","type":"post","link":"https:\/\/www.link2fleet.com\/fr\/q8-sassocie-a-storm-pour-deployer-200-bornes-de-recharge-rapide-en-belgique\/","title":{"rendered":"Q8 s&rsquo;associe \u00e0 Storm pour d\u00e9ployer 200 stations de recharge rapide en Belgique"},"content":{"rendered":"<p>C&rsquo;est un projet d&rsquo;envergure que viennent d&rsquo;annoncer conjointement Q8 et la soci\u00e9t\u00e9 Storm, sp\u00e9cialis\u00e9e dans l&rsquo;\u00e9nergie renouvelable. Elles compte d\u00e9velopper rapidement un r\u00e9seau de recharge rapide pour v\u00e9hicules \u00e9lectriques sur l&rsquo;ensemble du territoire belge. On parle de jusqu&rsquo;\u00e0 200 stations pour un investissement qui pourrait grimper \u00e0 250 millions d&rsquo;euros.<\/p>\n<p>Le d\u00e9ploiement se fera \u00e0 raison de 40 stations chaque ann\u00e9e, certaines \u00e9tant \u00e9quip\u00e9es d&rsquo;un commerce ou d&rsquo;un restaurant via des partenariats avec des groupes comme Delhaize ou Panos. Elles prendront place le long des grands axes routiers, mais aussi \u00e0 proximit\u00e9 des centres urbains.<\/p>\n<p>Chaque station sera \u00e9videmment aliment\u00e9e en \u00e9lectricit\u00e9 100% renouvelable et proposera entre 10 et 16 bornes de recharge de puissances variables pouvant aller jusqu&rsquo;\u00e0 400 kW. Elles seront adapt\u00e9es pour accueillir des v\u00e9hicules utilitaires l\u00e9gers ainsi que des personnes \u00e0 mobilit\u00e9 r\u00e9duite.<\/p>\n","protected":false},"excerpt":{"rendered":"<p>C&rsquo;est un projet d&rsquo;envergure que viennent d&rsquo;annoncer conjointement Q8 et la soci\u00e9t\u00e9 Storm, sp\u00e9cialis\u00e9e dans l&rsquo;\u00e9nergie renouvelable. Elles compte d\u00e9velopper rapidement un r\u00e9seau de recharge rapide pour v\u00e9hicules \u00e9lectriques sur l&rsquo;ensemble du territoire belge. On parle de jusqu&rsquo;\u00e0 200 stations pour un investissement qui pourrait grimper \u00e0 250 millions d&rsquo;euros. Le d\u00e9ploiement se fera \u00e0 [&hellip;]<\/p>\n","protected":false},"author":4,"featured_media":556,"comment_status":"closed","ping_status":"closed","sticky":false,"template":"","format":"standard","meta":{"_acf_changed":false,"footnotes":""},"categories":[81,91],"tags":[],"class_list":["post-555","post","type-post","status-publish","format-standard","has-post-thumbnail","hentry","category-gestion-de-carburant-et-energie","category-expertise-et-management"],"acf":[],"yoast_head":"<!-- This site is optimized with the Yoast SEO plugin v27.3 - https:\/\/yoast.com\/product\/yoast-seo-wordpress\/ -->\n<title>Q8 s&#039;associe \u00e0 Storm pour d\u00e9ployer 200 stations de recharge rapide en Belgique - link2fleet<\/title>\n<meta name=\"description\" content=\"Le p\u00e9trolier Q8 et l&rsquo;entreprise d&rsquo;\u00e9nergie renouvelable Storm vont investir jusqu&rsquo;\u00e0 250 millions d&rsquo;euros dans la construction de jusqu&rsquo;\u00e0 200 stations de recharge rapide pour\u2026\" \/>\n<meta name=\"robots\" content=\"index, follow, max-snippet:-1, max-image-preview:large, max-video-preview:-1\" \/>\n<meta property=\"og:locale\" content=\"fr_FR\" \/>\n<meta property=\"og:type\" content=\"article\" \/>\n<meta property=\"og:title\" content=\"Q8 s&#039;associe \u00e0 Storm pour d\u00e9ployer 200 stations de recharge rapide en Belgique - link2fleet\" \/>\n<meta property=\"og:description\" content=\"Le p\u00e9trolier Q8 et l&rsquo;entreprise d&rsquo;\u00e9nergie renouvelable Storm vont investir jusqu&rsquo;\u00e0 250 millions d&rsquo;euros dans la construction de jusqu&rsquo;\u00e0 200 stations de recharge rapide pour\u2026\" \/>\n<meta property=\"og:url\" content=\"https:\/\/www.link2fleet.com\/fr\/q8-sassocie-a-storm-pour-deployer-200-bornes-de-recharge-rapide-en-belgique\/\" \/>\n<meta property=\"og:site_name\" content=\"link2fleet\" \/>\n<meta property=\"article:published_time\" content=\"2024-01-15T17:50:58+00:00\" \/>\n<meta property=\"article:modified_time\" content=\"2024-01-29T10:37:49+00:00\" \/>\n<meta property=\"og:image\" content=\"https:\/\/static.link2fleet.com\/wp-content\/uploads\/2024\/01\/q8-storm-scaled-1.jpeg\" \/>\n\t<meta property=\"og:image:width\" content=\"2560\" \/>\n\t<meta property=\"og:image:height\" content=\"1440\" \/>\n\t<meta property=\"og:image:type\" content=\"image\/jpeg\" \/>\n<meta name=\"author\" content=\"Damien Malvetti\" \/>\n<meta name=\"twitter:card\" content=\"summary_large_image\" \/>\n<meta name=\"twitter:description\" content=\"Le p\u00e9trolier Q8 et l&rsquo;entreprise d&rsquo;\u00e9nergie renouvelable Storm vont investir jusqu&rsquo;\u00e0 250 millions d&rsquo;euros dans la construction de jusqu&rsquo;\u00e0 200 stations de recharge rapide pour\u2026\" \/>\n<meta name=\"twitter:label1\" content=\"\u00c9crit par\" \/>\n\t<meta name=\"twitter:data1\" content=\"Damien Malvetti\" \/>\n\t<meta name=\"twitter:label2\" content=\"Dur\u00e9e de lecture estim\u00e9e\" \/>\n\t<meta name=\"twitter:data2\" content=\"1 minute\" \/>\n<script type=\"application\/ld+json\" class=\"yoast-schema-graph\">{\"@context\":\"https:\\\/\\\/schema.org\",\"@graph\":[{\"@type\":\"Article\",\"@id\":\"https:\\\/\\\/www.link2fleet.com\\\/fr\\\/q8-sassocie-a-storm-pour-deployer-200-bornes-de-recharge-rapide-en-belgique\\\/#article\",\"isPartOf\":{\"@id\":\"https:\\\/\\\/www.link2fleet.com\\\/fr\\\/q8-sassocie-a-storm-pour-deployer-200-bornes-de-recharge-rapide-en-belgique\\\/\"},\"author\":{\"name\":\"Damien Malvetti\",\"@id\":\"https:\\\/\\\/www.link2fleet.com\\\/fr\\\/#\\\/schema\\\/person\\\/027cd46113c78036b3809c9a054049da\"},\"headline\":\"Q8 s&rsquo;associe \u00e0 Storm pour d\u00e9ployer 200 stations de recharge rapide en Belgique\",\"datePublished\":\"2024-01-15T17:50:58+00:00\",\"dateModified\":\"2024-01-29T10:37:49+00:00\",\"mainEntityOfPage\":{\"@id\":\"https:\\\/\\\/www.link2fleet.com\\\/fr\\\/q8-sassocie-a-storm-pour-deployer-200-bornes-de-recharge-rapide-en-belgique\\\/\"},\"wordCount\":161,\"publisher\":{\"@id\":\"https:\\\/\\\/www.link2fleet.com\\\/fr\\\/#organization\"},\"image\":{\"@id\":\"https:\\\/\\\/www.link2fleet.com\\\/fr\\\/q8-sassocie-a-storm-pour-deployer-200-bornes-de-recharge-rapide-en-belgique\\\/#primaryimage\"},\"thumbnailUrl\":\"https:\\\/\\\/static.link2fleet.com\\\/wp-content\\\/uploads\\\/2024\\\/01\\\/q8-storm-scaled-1.jpeg\",\"articleSection\":[\"Gestion carburant et de l'\u00e9nergie\",\"Gestion de flotte\"],\"inLanguage\":\"fr-FR\"},{\"@type\":\"WebPage\",\"@id\":\"https:\\\/\\\/www.link2fleet.com\\\/fr\\\/q8-sassocie-a-storm-pour-deployer-200-bornes-de-recharge-rapide-en-belgique\\\/\",\"url\":\"https:\\\/\\\/www.link2fleet.com\\\/fr\\\/q8-sassocie-a-storm-pour-deployer-200-bornes-de-recharge-rapide-en-belgique\\\/\",\"name\":\"Q8 s'associe \u00e0 Storm pour d\u00e9ployer 200 stations de recharge rapide en Belgique - link2fleet\",\"isPartOf\":{\"@id\":\"https:\\\/\\\/www.link2fleet.com\\\/fr\\\/#website\"},\"primaryImageOfPage\":{\"@id\":\"https:\\\/\\\/www.link2fleet.com\\\/fr\\\/q8-sassocie-a-storm-pour-deployer-200-bornes-de-recharge-rapide-en-belgique\\\/#primaryimage\"},\"image\":{\"@id\":\"https:\\\/\\\/www.link2fleet.com\\\/fr\\\/q8-sassocie-a-storm-pour-deployer-200-bornes-de-recharge-rapide-en-belgique\\\/#primaryimage\"},\"thumbnailUrl\":\"https:\\\/\\\/static.link2fleet.com\\\/wp-content\\\/uploads\\\/2024\\\/01\\\/q8-storm-scaled-1.jpeg\",\"datePublished\":\"2024-01-15T17:50:58+00:00\",\"dateModified\":\"2024-01-29T10:37:49+00:00\",\"breadcrumb\":{\"@id\":\"https:\\\/\\\/www.link2fleet.com\\\/fr\\\/q8-sassocie-a-storm-pour-deployer-200-bornes-de-recharge-rapide-en-belgique\\\/#breadcrumb\"},\"inLanguage\":\"fr-FR\",\"potentialAction\":[{\"@type\":\"ReadAction\",\"target\":[\"https:\\\/\\\/www.link2fleet.com\\\/fr\\\/q8-sassocie-a-storm-pour-deployer-200-bornes-de-recharge-rapide-en-belgique\\\/\"]}]},{\"@type\":\"ImageObject\",\"inLanguage\":\"fr-FR\",\"@id\":\"https:\\\/\\\/www.link2fleet.com\\\/fr\\\/q8-sassocie-a-storm-pour-deployer-200-bornes-de-recharge-rapide-en-belgique\\\/#primaryimage\",\"url\":\"https:\\\/\\\/static.link2fleet.com\\\/wp-content\\\/uploads\\\/2024\\\/01\\\/q8-storm-scaled-1.jpeg\",\"contentUrl\":\"https:\\\/\\\/static.link2fleet.com\\\/wp-content\\\/uploads\\\/2024\\\/01\\\/q8-storm-scaled-1.jpeg\",\"width\":2560,\"height\":1440},{\"@type\":\"BreadcrumbList\",\"@id\":\"https:\\\/\\\/www.link2fleet.com\\\/fr\\\/q8-sassocie-a-storm-pour-deployer-200-bornes-de-recharge-rapide-en-belgique\\\/#breadcrumb\",\"itemListElement\":[{\"@type\":\"ListItem\",\"position\":1,\"name\":\"Home\",\"item\":\"https:\\\/\\\/www.link2fleet.com\\\/fr\\\/\"},{\"@type\":\"ListItem\",\"position\":2,\"name\":\"Q8 s&#8217;associe \u00e0 Storm pour d\u00e9ployer 200 stations de recharge rapide en Belgique\"}]},{\"@type\":\"WebSite\",\"@id\":\"https:\\\/\\\/www.link2fleet.com\\\/fr\\\/#website\",\"url\":\"https:\\\/\\\/www.link2fleet.com\\\/fr\\\/\",\"name\":\"Link2fleet\",\"description\":\"\",\"publisher\":{\"@id\":\"https:\\\/\\\/www.link2fleet.com\\\/fr\\\/#organization\"},\"potentialAction\":[{\"@type\":\"SearchAction\",\"target\":{\"@type\":\"EntryPoint\",\"urlTemplate\":\"https:\\\/\\\/www.link2fleet.com\\\/fr\\\/?s={search_term_string}\"},\"query-input\":{\"@type\":\"PropertyValueSpecification\",\"valueRequired\":true,\"valueName\":\"search_term_string\"}}],\"inLanguage\":\"fr-FR\"},{\"@type\":\"Organization\",\"@id\":\"https:\\\/\\\/www.link2fleet.com\\\/fr\\\/#organization\",\"name\":\"Link2fleet\",\"url\":\"https:\\\/\\\/www.link2fleet.com\\\/fr\\\/\",\"logo\":{\"@type\":\"ImageObject\",\"inLanguage\":\"fr-FR\",\"@id\":\"https:\\\/\\\/www.link2fleet.com\\\/fr\\\/#\\\/schema\\\/logo\\\/image\\\/\",\"url\":\"https:\\\/\\\/static.link2fleet.com\\\/wp-content\\\/uploads\\\/2024\\\/03\\\/share-image.jpg\",\"contentUrl\":\"https:\\\/\\\/static.link2fleet.com\\\/wp-content\\\/uploads\\\/2024\\\/03\\\/share-image.jpg\",\"width\":1200,\"height\":630,\"caption\":\"Link2fleet\"},\"image\":{\"@id\":\"https:\\\/\\\/www.link2fleet.com\\\/fr\\\/#\\\/schema\\\/logo\\\/image\\\/\"},\"sameAs\":[\"https:\\\/\\\/www.linkedin.com\\\/company\\\/link2fleet-belgium\",\"https:\\\/\\\/www.youtube.com\\\/user\\\/MMMBMBE\"]},{\"@type\":\"Person\",\"@id\":\"https:\\\/\\\/www.link2fleet.com\\\/fr\\\/#\\\/schema\\\/person\\\/027cd46113c78036b3809c9a054049da\",\"name\":\"Damien Malvetti\",\"image\":{\"@type\":\"ImageObject\",\"inLanguage\":\"fr-FR\",\"@id\":\"https:\\\/\\\/secure.gravatar.com\\\/avatar\\\/dd8cc03b49466c735f753ac37f8caa371af16dfed347456ed61f02883255eebb?s=96&d=mm&r=g\",\"url\":\"https:\\\/\\\/secure.gravatar.com\\\/avatar\\\/dd8cc03b49466c735f753ac37f8caa371af16dfed347456ed61f02883255eebb?s=96&d=mm&r=g\",\"contentUrl\":\"https:\\\/\\\/secure.gravatar.com\\\/avatar\\\/dd8cc03b49466c735f753ac37f8caa371af16dfed347456ed61f02883255eebb?s=96&d=mm&r=g\",\"caption\":\"Damien Malvetti\"},\"description\":\"Damien Malvetti is opgeleid als journalist en gepassioneerd door wagens, technologie en mobiliteit. Hij is verantwoordelijk voor de redactionele inhoud van link2fleet en beschikt over een uitgebreide kennis van de fleet-sector en elektrische mobiliteit.\",\"sameAs\":[\"https:\\\/\\\/www.linkedin.com\\\/in\\\/damien-malvetti-56601142\\\/\"]}]}<\/script>\n<!-- \/ Yoast SEO plugin. -->","yoast_head_json":{"title":"Q8 s'associe \u00e0 Storm pour d\u00e9ployer 200 stations de recharge rapide en Belgique - link2fleet","description":"Le p\u00e9trolier Q8 et l&rsquo;entreprise d&rsquo;\u00e9nergie renouvelable Storm vont investir jusqu&rsquo;\u00e0 250 millions d&rsquo;euros dans la construction de jusqu&rsquo;\u00e0 200 stations de recharge rapide pour\u2026","robots":{"index":"index","follow":"follow","max-snippet":"max-snippet:-1","max-image-preview":"max-image-preview:large","max-video-preview":"max-video-preview:-1"},"og_locale":"fr_FR","og_type":"article","og_title":"Q8 s'associe \u00e0 Storm pour d\u00e9ployer 200 stations de recharge rapide en Belgique - link2fleet","og_description":"Le p\u00e9trolier Q8 et l&rsquo;entreprise d&rsquo;\u00e9nergie renouvelable Storm vont investir jusqu&rsquo;\u00e0 250 millions d&rsquo;euros dans la construction de jusqu&rsquo;\u00e0 200 stations de recharge rapide pour\u2026","og_url":"https:\/\/www.link2fleet.com\/fr\/q8-sassocie-a-storm-pour-deployer-200-bornes-de-recharge-rapide-en-belgique\/","og_site_name":"link2fleet","article_published_time":"2024-01-15T17:50:58+00:00","article_modified_time":"2024-01-29T10:37:49+00:00","og_image":[{"width":2560,"height":1440,"url":"https:\/\/static.link2fleet.com\/wp-content\/uploads\/2024\/01\/q8-storm-scaled-1.jpeg","type":"image\/jpeg"}],"author":"Damien Malvetti","twitter_card":"summary_large_image","twitter_description":"Le p\u00e9trolier Q8 et l&rsquo;entreprise d&rsquo;\u00e9nergie renouvelable Storm vont investir jusqu&rsquo;\u00e0 250 millions d&rsquo;euros dans la construction de jusqu&rsquo;\u00e0 200 stations de recharge rapide pour\u2026","twitter_misc":{"\u00c9crit par":"Damien Malvetti","Dur\u00e9e de lecture estim\u00e9e":"1 minute"},"schema":{"@context":"https:\/\/schema.org","@graph":[{"@type":"Article","@id":"https:\/\/www.link2fleet.com\/fr\/q8-sassocie-a-storm-pour-deployer-200-bornes-de-recharge-rapide-en-belgique\/#article","isPartOf":{"@id":"https:\/\/www.link2fleet.com\/fr\/q8-sassocie-a-storm-pour-deployer-200-bornes-de-recharge-rapide-en-belgique\/"},"author":{"name":"Damien Malvetti","@id":"https:\/\/www.link2fleet.com\/fr\/#\/schema\/person\/027cd46113c78036b3809c9a054049da"},"headline":"Q8 s&rsquo;associe \u00e0 Storm pour d\u00e9ployer 200 stations de recharge rapide en Belgique","datePublished":"2024-01-15T17:50:58+00:00","dateModified":"2024-01-29T10:37:49+00:00","mainEntityOfPage":{"@id":"https:\/\/www.link2fleet.com\/fr\/q8-sassocie-a-storm-pour-deployer-200-bornes-de-recharge-rapide-en-belgique\/"},"wordCount":161,"publisher":{"@id":"https:\/\/www.link2fleet.com\/fr\/#organization"},"image":{"@id":"https:\/\/www.link2fleet.com\/fr\/q8-sassocie-a-storm-pour-deployer-200-bornes-de-recharge-rapide-en-belgique\/#primaryimage"},"thumbnailUrl":"https:\/\/static.link2fleet.com\/wp-content\/uploads\/2024\/01\/q8-storm-scaled-1.jpeg","articleSection":["Gestion carburant et de l'\u00e9nergie","Gestion de flotte"],"inLanguage":"fr-FR"},{"@type":"WebPage","@id":"https:\/\/www.link2fleet.com\/fr\/q8-sassocie-a-storm-pour-deployer-200-bornes-de-recharge-rapide-en-belgique\/","url":"https:\/\/www.link2fleet.com\/fr\/q8-sassocie-a-storm-pour-deployer-200-bornes-de-recharge-rapide-en-belgique\/","name":"Q8 s'associe \u00e0 Storm pour d\u00e9ployer 200 stations de recharge rapide en Belgique - link2fleet","isPartOf":{"@id":"https:\/\/www.link2fleet.com\/fr\/#website"},"primaryImageOfPage":{"@id":"https:\/\/www.link2fleet.com\/fr\/q8-sassocie-a-storm-pour-deployer-200-bornes-de-recharge-rapide-en-belgique\/#primaryimage"},"image":{"@id":"https:\/\/www.link2fleet.com\/fr\/q8-sassocie-a-storm-pour-deployer-200-bornes-de-recharge-rapide-en-belgique\/#primaryimage"},"thumbnailUrl":"https:\/\/static.link2fleet.com\/wp-content\/uploads\/2024\/01\/q8-storm-scaled-1.jpeg","datePublished":"2024-01-15T17:50:58+00:00","dateModified":"2024-01-29T10:37:49+00:00","breadcrumb":{"@id":"https:\/\/www.link2fleet.com\/fr\/q8-sassocie-a-storm-pour-deployer-200-bornes-de-recharge-rapide-en-belgique\/#breadcrumb"},"inLanguage":"fr-FR","potentialAction":[{"@type":"ReadAction","target":["https:\/\/www.link2fleet.com\/fr\/q8-sassocie-a-storm-pour-deployer-200-bornes-de-recharge-rapide-en-belgique\/"]}]},{"@type":"ImageObject","inLanguage":"fr-FR","@id":"https:\/\/www.link2fleet.com\/fr\/q8-sassocie-a-storm-pour-deployer-200-bornes-de-recharge-rapide-en-belgique\/#primaryimage","url":"https:\/\/static.link2fleet.com\/wp-content\/uploads\/2024\/01\/q8-storm-scaled-1.jpeg","contentUrl":"https:\/\/static.link2fleet.com\/wp-content\/uploads\/2024\/01\/q8-storm-scaled-1.jpeg","width":2560,"height":1440},{"@type":"BreadcrumbList","@id":"https:\/\/www.link2fleet.com\/fr\/q8-sassocie-a-storm-pour-deployer-200-bornes-de-recharge-rapide-en-belgique\/#breadcrumb","itemListElement":[{"@type":"ListItem","position":1,"name":"Home","item":"https:\/\/www.link2fleet.com\/fr\/"},{"@type":"ListItem","position":2,"name":"Q8 s&#8217;associe \u00e0 Storm pour d\u00e9ployer 200 stations de recharge rapide en Belgique"}]},{"@type":"WebSite","@id":"https:\/\/www.link2fleet.com\/fr\/#website","url":"https:\/\/www.link2fleet.com\/fr\/","name":"Link2fleet","description":"","publisher":{"@id":"https:\/\/www.link2fleet.com\/fr\/#organization"},"potentialAction":[{"@type":"SearchAction","target":{"@type":"EntryPoint","urlTemplate":"https:\/\/www.link2fleet.com\/fr\/?s={search_term_string}"},"query-input":{"@type":"PropertyValueSpecification","valueRequired":true,"valueName":"search_term_string"}}],"inLanguage":"fr-FR"},{"@type":"Organization","@id":"https:\/\/www.link2fleet.com\/fr\/#organization","name":"Link2fleet","url":"https:\/\/www.link2fleet.com\/fr\/","logo":{"@type":"ImageObject","inLanguage":"fr-FR","@id":"https:\/\/www.link2fleet.com\/fr\/#\/schema\/logo\/image\/","url":"https:\/\/static.link2fleet.com\/wp-content\/uploads\/2024\/03\/share-image.jpg","contentUrl":"https:\/\/static.link2fleet.com\/wp-content\/uploads\/2024\/03\/share-image.jpg","width":1200,"height":630,"caption":"Link2fleet"},"image":{"@id":"https:\/\/www.link2fleet.com\/fr\/#\/schema\/logo\/image\/"},"sameAs":["https:\/\/www.linkedin.com\/company\/link2fleet-belgium","https:\/\/www.youtube.com\/user\/MMMBMBE"]},{"@type":"Person","@id":"https:\/\/www.link2fleet.com\/fr\/#\/schema\/person\/027cd46113c78036b3809c9a054049da","name":"Damien Malvetti","image":{"@type":"ImageObject","inLanguage":"fr-FR","@id":"https:\/\/secure.gravatar.com\/avatar\/dd8cc03b49466c735f753ac37f8caa371af16dfed347456ed61f02883255eebb?s=96&d=mm&r=g","url":"https:\/\/secure.gravatar.com\/avatar\/dd8cc03b49466c735f753ac37f8caa371af16dfed347456ed61f02883255eebb?s=96&d=mm&r=g","contentUrl":"https:\/\/secure.gravatar.com\/avatar\/dd8cc03b49466c735f753ac37f8caa371af16dfed347456ed61f02883255eebb?s=96&d=mm&r=g","caption":"Damien Malvetti"},"description":"Damien Malvetti is opgeleid als journalist en gepassioneerd door wagens, technologie en mobiliteit. Hij is verantwoordelijk voor de redactionele inhoud van link2fleet en beschikt over een uitgebreide kennis van de fleet-sector en elektrische mobiliteit.","sameAs":["https:\/\/www.linkedin.com\/in\/damien-malvetti-56601142\/"]}]}},"_links":{"self":[{"href":"https:\/\/www.link2fleet.com\/fr\/wp-json\/wp\/v2\/posts\/555","targetHints":{"allow":["GET"]}}],"collection":[{"href":"https:\/\/www.link2fleet.com\/fr\/wp-json\/wp\/v2\/posts"}],"about":[{"href":"https:\/\/www.link2fleet.com\/fr\/wp-json\/wp\/v2\/types\/post"}],"author":[{"embeddable":true,"href":"https:\/\/www.link2fleet.com\/fr\/wp-json\/wp\/v2\/users\/4"}],"replies":[{"embeddable":true,"href":"https:\/\/www.link2fleet.com\/fr\/wp-json\/wp\/v2\/comments?post=555"}],"version-history":[{"count":0,"href":"https:\/\/www.link2fleet.com\/fr\/wp-json\/wp\/v2\/posts\/555\/revisions"}],"wp:featuredmedia":[{"embeddable":true,"href":"https:\/\/www.link2fleet.com\/fr\/wp-json\/wp\/v2\/media\/556"}],"wp:attachment":[{"href":"https:\/\/www.link2fleet.com\/fr\/wp-json\/wp\/v2\/media?parent=555"}],"wp:term":[{"taxonomy":"category","embeddable":true,"href":"https:\/\/www.link2fleet.com\/fr\/wp-json\/wp\/v2\/categories?post=555"},{"taxonomy":"post_tag","embeddable":true,"href":"https:\/\/www.link2fleet.com\/fr\/wp-json\/wp\/v2\/tags?post=555"}],"curies":[{"name":"wp","href":"https:\/\/api.w.org\/{rel}","templated":true}]}}