{"id":55545,"date":"2025-09-13T17:33:12","date_gmt":"2025-09-13T15:33:12","guid":{"rendered":"https:\/\/www.link2fleet.com\/?p=55545"},"modified":"2025-09-17T09:09:03","modified_gmt":"2025-09-17T07:09:03","slug":"budget-de-mobilite-cadre-legal-federal-ou-solution-sur-mesure-que-choisir","status":"publish","type":"post","link":"https:\/\/www.link2fleet.com\/fr\/budget-de-mobilite-cadre-legal-federal-ou-solution-sur-mesure-que-choisir\/","title":{"rendered":"Budget de mobilit\u00e9 &#8211; cadre l\u00e9gal f\u00e9d\u00e9ral ou solution sur mesure: que choisir?"},"content":{"rendered":"","protected":false},"excerpt":{"rendered":"","protected":false},"author":4,"featured_media":55546,"comment_status":"closed","ping_status":"closed","sticky":false,"template":"","format":"standard","meta":{"_acf_changed":false,"footnotes":""},"categories":[135,100,91,87],"tags":[],"class_list":["post-55545","post","type-post","status-publish","format-standard","has-post-thumbnail","hentry","category-news-fr","category-best-practices","category-expertise-et-management","category-mobility-2"],"acf":[],"yoast_head":"<!-- This site is optimized with the Yoast SEO plugin v27.3 - https:\/\/yoast.com\/product\/yoast-seo-wordpress\/ -->\n<title>Budget de mobilit\u00e9 - cadre l\u00e9gal f\u00e9d\u00e9ral ou solution sur mesure: que choisir? - link2fleet<\/title>\n<meta name=\"description\" content=\"\u00c0 partir de janvier 2026, toutes les entreprises belges auront l\u2019obligation de proposer un budget de mobilit\u00e9 \u00e0 leurs collaborateurs disposant d\u2019une voiture de soci\u00e9t\u00e9.\u2026\" \/>\n<meta name=\"robots\" content=\"index, follow, max-snippet:-1, max-image-preview:large, max-video-preview:-1\" \/>\n<meta property=\"og:locale\" content=\"fr_FR\" \/>\n<meta property=\"og:type\" content=\"article\" \/>\n<meta property=\"og:title\" content=\"Budget de mobilit\u00e9 - cadre l\u00e9gal f\u00e9d\u00e9ral ou solution sur mesure: que choisir? - link2fleet\" \/>\n<meta property=\"og:description\" content=\"\u00c0 partir de janvier 2026, toutes les entreprises belges auront l\u2019obligation de proposer un budget de mobilit\u00e9 \u00e0 leurs collaborateurs disposant d\u2019une voiture de soci\u00e9t\u00e9.\u2026\" \/>\n<meta property=\"og:url\" content=\"https:\/\/www.link2fleet.com\/mobiliteitsbudget-federaal-wettelijk-kader-of-oplossing-op-maat-welke-van-de-twee\/\" \/>\n<meta property=\"og:site_name\" content=\"link2fleet\" \/>\n<meta property=\"article:published_time\" content=\"2025-09-13T15:33:12+00:00\" \/>\n<meta property=\"article:modified_time\" content=\"2025-09-17T07:09:03+00:00\" \/>\n<meta property=\"og:image\" content=\"https:\/\/static.link2fleet.com\/wp-content\/uploads\/2025\/09\/mobiliteitsbudget-opmaat.png\" \/>\n\t<meta property=\"og:image:width\" content=\"1024\" \/>\n\t<meta property=\"og:image:height\" content=\"1024\" \/>\n\t<meta property=\"og:image:type\" content=\"image\/png\" \/>\n<meta name=\"author\" content=\"Damien Malvetti\" \/>\n<meta name=\"twitter:card\" content=\"summary_large_image\" \/>\n<meta name=\"twitter:description\" content=\"\u00c0 partir de janvier 2026, toutes les entreprises belges auront l\u2019obligation de proposer un budget de mobilit\u00e9 \u00e0 leurs collaborateurs disposant d\u2019une voiture de soci\u00e9t\u00e9.\u2026\" \/>\n<meta name=\"twitter:label1\" content=\"\u00c9crit par\" \/>\n\t<meta name=\"twitter:data1\" content=\"Damien Malvetti\" \/>\n\t<meta name=\"twitter:label2\" content=\"Dur\u00e9e de lecture estim\u00e9e\" \/>\n\t<meta name=\"twitter:data2\" content=\"4 minutes\" \/>\n<script type=\"application\/ld+json\" class=\"yoast-schema-graph\">{\"@context\":\"https:\\\/\\\/schema.org\",\"@graph\":[{\"@type\":\"Article\",\"@id\":\"https:\\\/\\\/www.link2fleet.com\\\/mobiliteitsbudget-federaal-wettelijk-kader-of-oplossing-op-maat-welke-van-de-twee\\\/#article\",\"isPartOf\":{\"@id\":\"https:\\\/\\\/www.link2fleet.com\\\/mobiliteitsbudget-federaal-wettelijk-kader-of-oplossing-op-maat-welke-van-de-twee\\\/\"},\"author\":{\"name\":\"Damien Malvetti\",\"@id\":\"https:\\\/\\\/www.link2fleet.com\\\/fr\\\/#\\\/schema\\\/person\\\/027cd46113c78036b3809c9a054049da\"},\"headline\":\"Budget de mobilit\u00e9 &#8211; cadre l\u00e9gal f\u00e9d\u00e9ral ou solution sur mesure: que choisir?\",\"datePublished\":\"2025-09-13T15:33:12+00:00\",\"dateModified\":\"2025-09-17T07:09:03+00:00\",\"mainEntityOfPage\":{\"@id\":\"https:\\\/\\\/www.link2fleet.com\\\/mobiliteitsbudget-federaal-wettelijk-kader-of-oplossing-op-maat-welke-van-de-twee\\\/\"},\"wordCount\":16,\"publisher\":{\"@id\":\"https:\\\/\\\/www.link2fleet.com\\\/fr\\\/#organization\"},\"image\":{\"@id\":\"https:\\\/\\\/www.link2fleet.com\\\/mobiliteitsbudget-federaal-wettelijk-kader-of-oplossing-op-maat-welke-van-de-twee\\\/#primaryimage\"},\"thumbnailUrl\":\"https:\\\/\\\/static.link2fleet.com\\\/wp-content\\\/uploads\\\/2025\\\/09\\\/mobiliteitsbudget-opmaat.png\",\"articleSection\":[\"Actus\",\"Best practices\",\"Gestion de flotte\",\"Mobilit\u00e9\"],\"inLanguage\":\"fr-FR\"},{\"@type\":\"WebPage\",\"@id\":\"https:\\\/\\\/www.link2fleet.com\\\/mobiliteitsbudget-federaal-wettelijk-kader-of-oplossing-op-maat-welke-van-de-twee\\\/\",\"url\":\"https:\\\/\\\/www.link2fleet.com\\\/mobiliteitsbudget-federaal-wettelijk-kader-of-oplossing-op-maat-welke-van-de-twee\\\/\",\"name\":\"Budget de mobilit\u00e9 - cadre l\u00e9gal f\u00e9d\u00e9ral ou solution sur mesure: que choisir? - link2fleet\",\"isPartOf\":{\"@id\":\"https:\\\/\\\/www.link2fleet.com\\\/fr\\\/#website\"},\"primaryImageOfPage\":{\"@id\":\"https:\\\/\\\/www.link2fleet.com\\\/mobiliteitsbudget-federaal-wettelijk-kader-of-oplossing-op-maat-welke-van-de-twee\\\/#primaryimage\"},\"image\":{\"@id\":\"https:\\\/\\\/www.link2fleet.com\\\/mobiliteitsbudget-federaal-wettelijk-kader-of-oplossing-op-maat-welke-van-de-twee\\\/#primaryimage\"},\"thumbnailUrl\":\"https:\\\/\\\/static.link2fleet.com\\\/wp-content\\\/uploads\\\/2025\\\/09\\\/mobiliteitsbudget-opmaat.png\",\"datePublished\":\"2025-09-13T15:33:12+00:00\",\"dateModified\":\"2025-09-17T07:09:03+00:00\",\"breadcrumb\":{\"@id\":\"https:\\\/\\\/www.link2fleet.com\\\/mobiliteitsbudget-federaal-wettelijk-kader-of-oplossing-op-maat-welke-van-de-twee\\\/#breadcrumb\"},\"inLanguage\":\"fr-FR\",\"potentialAction\":[{\"@type\":\"ReadAction\",\"target\":[\"https:\\\/\\\/www.link2fleet.com\\\/mobiliteitsbudget-federaal-wettelijk-kader-of-oplossing-op-maat-welke-van-de-twee\\\/\"]}]},{\"@type\":\"ImageObject\",\"inLanguage\":\"fr-FR\",\"@id\":\"https:\\\/\\\/www.link2fleet.com\\\/mobiliteitsbudget-federaal-wettelijk-kader-of-oplossing-op-maat-welke-van-de-twee\\\/#primaryimage\",\"url\":\"https:\\\/\\\/static.link2fleet.com\\\/wp-content\\\/uploads\\\/2025\\\/09\\\/mobiliteitsbudget-opmaat.png\",\"contentUrl\":\"https:\\\/\\\/static.link2fleet.com\\\/wp-content\\\/uploads\\\/2025\\\/09\\\/mobiliteitsbudget-opmaat.png\",\"width\":1024,\"height\":1024},{\"@type\":\"BreadcrumbList\",\"@id\":\"https:\\\/\\\/www.link2fleet.com\\\/mobiliteitsbudget-federaal-wettelijk-kader-of-oplossing-op-maat-welke-van-de-twee\\\/#breadcrumb\",\"itemListElement\":[{\"@type\":\"ListItem\",\"position\":1,\"name\":\"Home\",\"item\":\"https:\\\/\\\/www.link2fleet.com\\\/fr\\\/\"},{\"@type\":\"ListItem\",\"position\":2,\"name\":\"Budget de mobilit\u00e9 &#8211; cadre l\u00e9gal f\u00e9d\u00e9ral ou solution sur mesure: que choisir?\"}]},{\"@type\":\"WebSite\",\"@id\":\"https:\\\/\\\/www.link2fleet.com\\\/fr\\\/#website\",\"url\":\"https:\\\/\\\/www.link2fleet.com\\\/fr\\\/\",\"name\":\"Link2fleet\",\"description\":\"\",\"publisher\":{\"@id\":\"https:\\\/\\\/www.link2fleet.com\\\/fr\\\/#organization\"},\"potentialAction\":[{\"@type\":\"SearchAction\",\"target\":{\"@type\":\"EntryPoint\",\"urlTemplate\":\"https:\\\/\\\/www.link2fleet.com\\\/fr\\\/?s={search_term_string}\"},\"query-input\":{\"@type\":\"PropertyValueSpecification\",\"valueRequired\":true,\"valueName\":\"search_term_string\"}}],\"inLanguage\":\"fr-FR\"},{\"@type\":\"Organization\",\"@id\":\"https:\\\/\\\/www.link2fleet.com\\\/fr\\\/#organization\",\"name\":\"Link2fleet\",\"url\":\"https:\\\/\\\/www.link2fleet.com\\\/fr\\\/\",\"logo\":{\"@type\":\"ImageObject\",\"inLanguage\":\"fr-FR\",\"@id\":\"https:\\\/\\\/www.link2fleet.com\\\/fr\\\/#\\\/schema\\\/logo\\\/image\\\/\",\"url\":\"https:\\\/\\\/static.link2fleet.com\\\/wp-content\\\/uploads\\\/2024\\\/03\\\/share-image.jpg\",\"contentUrl\":\"https:\\\/\\\/static.link2fleet.com\\\/wp-content\\\/uploads\\\/2024\\\/03\\\/share-image.jpg\",\"width\":1200,\"height\":630,\"caption\":\"Link2fleet\"},\"image\":{\"@id\":\"https:\\\/\\\/www.link2fleet.com\\\/fr\\\/#\\\/schema\\\/logo\\\/image\\\/\"},\"sameAs\":[\"https:\\\/\\\/www.linkedin.com\\\/company\\\/link2fleet-belgium\",\"https:\\\/\\\/www.youtube.com\\\/user\\\/MMMBMBE\"]},{\"@type\":\"Person\",\"@id\":\"https:\\\/\\\/www.link2fleet.com\\\/fr\\\/#\\\/schema\\\/person\\\/027cd46113c78036b3809c9a054049da\",\"name\":\"Damien Malvetti\",\"image\":{\"@type\":\"ImageObject\",\"inLanguage\":\"fr-FR\",\"@id\":\"https:\\\/\\\/secure.gravatar.com\\\/avatar\\\/dd8cc03b49466c735f753ac37f8caa371af16dfed347456ed61f02883255eebb?s=96&d=mm&r=g\",\"url\":\"https:\\\/\\\/secure.gravatar.com\\\/avatar\\\/dd8cc03b49466c735f753ac37f8caa371af16dfed347456ed61f02883255eebb?s=96&d=mm&r=g\",\"contentUrl\":\"https:\\\/\\\/secure.gravatar.com\\\/avatar\\\/dd8cc03b49466c735f753ac37f8caa371af16dfed347456ed61f02883255eebb?s=96&d=mm&r=g\",\"caption\":\"Damien Malvetti\"},\"description\":\"Damien Malvetti is opgeleid als journalist en gepassioneerd door wagens, technologie en mobiliteit. Hij is verantwoordelijk voor de redactionele inhoud van link2fleet en beschikt over een uitgebreide kennis van de fleet-sector en elektrische mobiliteit.\",\"sameAs\":[\"https:\\\/\\\/www.linkedin.com\\\/in\\\/damien-malvetti-56601142\\\/\"]}]}<\/script>\n<!-- \/ Yoast SEO plugin. -->","yoast_head_json":{"title":"Budget de mobilit\u00e9 - cadre l\u00e9gal f\u00e9d\u00e9ral ou solution sur mesure: que choisir? - link2fleet","description":"\u00c0 partir de janvier 2026, toutes les entreprises belges auront l\u2019obligation de proposer un budget de mobilit\u00e9 \u00e0 leurs collaborateurs disposant d\u2019une voiture de soci\u00e9t\u00e9.\u2026","robots":{"index":"index","follow":"follow","max-snippet":"max-snippet:-1","max-image-preview":"max-image-preview:large","max-video-preview":"max-video-preview:-1"},"og_locale":"fr_FR","og_type":"article","og_title":"Budget de mobilit\u00e9 - cadre l\u00e9gal f\u00e9d\u00e9ral ou solution sur mesure: que choisir? - link2fleet","og_description":"\u00c0 partir de janvier 2026, toutes les entreprises belges auront l\u2019obligation de proposer un budget de mobilit\u00e9 \u00e0 leurs collaborateurs disposant d\u2019une voiture de soci\u00e9t\u00e9.\u2026","og_url":"https:\/\/www.link2fleet.com\/mobiliteitsbudget-federaal-wettelijk-kader-of-oplossing-op-maat-welke-van-de-twee\/","og_site_name":"link2fleet","article_published_time":"2025-09-13T15:33:12+00:00","article_modified_time":"2025-09-17T07:09:03+00:00","og_image":[{"width":1024,"height":1024,"url":"https:\/\/static.link2fleet.com\/wp-content\/uploads\/2025\/09\/mobiliteitsbudget-opmaat.png","type":"image\/png"}],"author":"Damien Malvetti","twitter_card":"summary_large_image","twitter_description":"\u00c0 partir de janvier 2026, toutes les entreprises belges auront l\u2019obligation de proposer un budget de mobilit\u00e9 \u00e0 leurs collaborateurs disposant d\u2019une voiture de soci\u00e9t\u00e9.\u2026","twitter_misc":{"\u00c9crit par":"Damien Malvetti","Dur\u00e9e de lecture estim\u00e9e":"4 minutes"},"schema":{"@context":"https:\/\/schema.org","@graph":[{"@type":"Article","@id":"https:\/\/www.link2fleet.com\/mobiliteitsbudget-federaal-wettelijk-kader-of-oplossing-op-maat-welke-van-de-twee\/#article","isPartOf":{"@id":"https:\/\/www.link2fleet.com\/mobiliteitsbudget-federaal-wettelijk-kader-of-oplossing-op-maat-welke-van-de-twee\/"},"author":{"name":"Damien Malvetti","@id":"https:\/\/www.link2fleet.com\/fr\/#\/schema\/person\/027cd46113c78036b3809c9a054049da"},"headline":"Budget de mobilit\u00e9 &#8211; cadre l\u00e9gal f\u00e9d\u00e9ral ou solution sur mesure: que choisir?","datePublished":"2025-09-13T15:33:12+00:00","dateModified":"2025-09-17T07:09:03+00:00","mainEntityOfPage":{"@id":"https:\/\/www.link2fleet.com\/mobiliteitsbudget-federaal-wettelijk-kader-of-oplossing-op-maat-welke-van-de-twee\/"},"wordCount":16,"publisher":{"@id":"https:\/\/www.link2fleet.com\/fr\/#organization"},"image":{"@id":"https:\/\/www.link2fleet.com\/mobiliteitsbudget-federaal-wettelijk-kader-of-oplossing-op-maat-welke-van-de-twee\/#primaryimage"},"thumbnailUrl":"https:\/\/static.link2fleet.com\/wp-content\/uploads\/2025\/09\/mobiliteitsbudget-opmaat.png","articleSection":["Actus","Best practices","Gestion de flotte","Mobilit\u00e9"],"inLanguage":"fr-FR"},{"@type":"WebPage","@id":"https:\/\/www.link2fleet.com\/mobiliteitsbudget-federaal-wettelijk-kader-of-oplossing-op-maat-welke-van-de-twee\/","url":"https:\/\/www.link2fleet.com\/mobiliteitsbudget-federaal-wettelijk-kader-of-oplossing-op-maat-welke-van-de-twee\/","name":"Budget de mobilit\u00e9 - cadre l\u00e9gal f\u00e9d\u00e9ral ou solution sur mesure: que choisir? - link2fleet","isPartOf":{"@id":"https:\/\/www.link2fleet.com\/fr\/#website"},"primaryImageOfPage":{"@id":"https:\/\/www.link2fleet.com\/mobiliteitsbudget-federaal-wettelijk-kader-of-oplossing-op-maat-welke-van-de-twee\/#primaryimage"},"image":{"@id":"https:\/\/www.link2fleet.com\/mobiliteitsbudget-federaal-wettelijk-kader-of-oplossing-op-maat-welke-van-de-twee\/#primaryimage"},"thumbnailUrl":"https:\/\/static.link2fleet.com\/wp-content\/uploads\/2025\/09\/mobiliteitsbudget-opmaat.png","datePublished":"2025-09-13T15:33:12+00:00","dateModified":"2025-09-17T07:09:03+00:00","breadcrumb":{"@id":"https:\/\/www.link2fleet.com\/mobiliteitsbudget-federaal-wettelijk-kader-of-oplossing-op-maat-welke-van-de-twee\/#breadcrumb"},"inLanguage":"fr-FR","potentialAction":[{"@type":"ReadAction","target":["https:\/\/www.link2fleet.com\/mobiliteitsbudget-federaal-wettelijk-kader-of-oplossing-op-maat-welke-van-de-twee\/"]}]},{"@type":"ImageObject","inLanguage":"fr-FR","@id":"https:\/\/www.link2fleet.com\/mobiliteitsbudget-federaal-wettelijk-kader-of-oplossing-op-maat-welke-van-de-twee\/#primaryimage","url":"https:\/\/static.link2fleet.com\/wp-content\/uploads\/2025\/09\/mobiliteitsbudget-opmaat.png","contentUrl":"https:\/\/static.link2fleet.com\/wp-content\/uploads\/2025\/09\/mobiliteitsbudget-opmaat.png","width":1024,"height":1024},{"@type":"BreadcrumbList","@id":"https:\/\/www.link2fleet.com\/mobiliteitsbudget-federaal-wettelijk-kader-of-oplossing-op-maat-welke-van-de-twee\/#breadcrumb","itemListElement":[{"@type":"ListItem","position":1,"name":"Home","item":"https:\/\/www.link2fleet.com\/fr\/"},{"@type":"ListItem","position":2,"name":"Budget de mobilit\u00e9 &#8211; cadre l\u00e9gal f\u00e9d\u00e9ral ou solution sur mesure: que choisir?"}]},{"@type":"WebSite","@id":"https:\/\/www.link2fleet.com\/fr\/#website","url":"https:\/\/www.link2fleet.com\/fr\/","name":"Link2fleet","description":"","publisher":{"@id":"https:\/\/www.link2fleet.com\/fr\/#organization"},"potentialAction":[{"@type":"SearchAction","target":{"@type":"EntryPoint","urlTemplate":"https:\/\/www.link2fleet.com\/fr\/?s={search_term_string}"},"query-input":{"@type":"PropertyValueSpecification","valueRequired":true,"valueName":"search_term_string"}}],"inLanguage":"fr-FR"},{"@type":"Organization","@id":"https:\/\/www.link2fleet.com\/fr\/#organization","name":"Link2fleet","url":"https:\/\/www.link2fleet.com\/fr\/","logo":{"@type":"ImageObject","inLanguage":"fr-FR","@id":"https:\/\/www.link2fleet.com\/fr\/#\/schema\/logo\/image\/","url":"https:\/\/static.link2fleet.com\/wp-content\/uploads\/2024\/03\/share-image.jpg","contentUrl":"https:\/\/static.link2fleet.com\/wp-content\/uploads\/2024\/03\/share-image.jpg","width":1200,"height":630,"caption":"Link2fleet"},"image":{"@id":"https:\/\/www.link2fleet.com\/fr\/#\/schema\/logo\/image\/"},"sameAs":["https:\/\/www.linkedin.com\/company\/link2fleet-belgium","https:\/\/www.youtube.com\/user\/MMMBMBE"]},{"@type":"Person","@id":"https:\/\/www.link2fleet.com\/fr\/#\/schema\/person\/027cd46113c78036b3809c9a054049da","name":"Damien Malvetti","image":{"@type":"ImageObject","inLanguage":"fr-FR","@id":"https:\/\/secure.gravatar.com\/avatar\/dd8cc03b49466c735f753ac37f8caa371af16dfed347456ed61f02883255eebb?s=96&d=mm&r=g","url":"https:\/\/secure.gravatar.com\/avatar\/dd8cc03b49466c735f753ac37f8caa371af16dfed347456ed61f02883255eebb?s=96&d=mm&r=g","contentUrl":"https:\/\/secure.gravatar.com\/avatar\/dd8cc03b49466c735f753ac37f8caa371af16dfed347456ed61f02883255eebb?s=96&d=mm&r=g","caption":"Damien Malvetti"},"description":"Damien Malvetti is opgeleid als journalist en gepassioneerd door wagens, technologie en mobiliteit. Hij is verantwoordelijk voor de redactionele inhoud van link2fleet en beschikt over een uitgebreide kennis van de fleet-sector en elektrische mobiliteit.","sameAs":["https:\/\/www.linkedin.com\/in\/damien-malvetti-56601142\/"]}]}},"_links":{"self":[{"href":"https:\/\/www.link2fleet.com\/fr\/wp-json\/wp\/v2\/posts\/55545","targetHints":{"allow":["GET"]}}],"collection":[{"href":"https:\/\/www.link2fleet.com\/fr\/wp-json\/wp\/v2\/posts"}],"about":[{"href":"https:\/\/www.link2fleet.com\/fr\/wp-json\/wp\/v2\/types\/post"}],"author":[{"embeddable":true,"href":"https:\/\/www.link2fleet.com\/fr\/wp-json\/wp\/v2\/users\/4"}],"replies":[{"embeddable":true,"href":"https:\/\/www.link2fleet.com\/fr\/wp-json\/wp\/v2\/comments?post=55545"}],"version-history":[{"count":5,"href":"https:\/\/www.link2fleet.com\/fr\/wp-json\/wp\/v2\/posts\/55545\/revisions"}],"predecessor-version":[{"id":55687,"href":"https:\/\/www.link2fleet.com\/fr\/wp-json\/wp\/v2\/posts\/55545\/revisions\/55687"}],"wp:featuredmedia":[{"embeddable":true,"href":"https:\/\/www.link2fleet.com\/fr\/wp-json\/wp\/v2\/media\/55546"}],"wp:attachment":[{"href":"https:\/\/www.link2fleet.com\/fr\/wp-json\/wp\/v2\/media?parent=55545"}],"wp:term":[{"taxonomy":"category","embeddable":true,"href":"https:\/\/www.link2fleet.com\/fr\/wp-json\/wp\/v2\/categories?post=55545"},{"taxonomy":"post_tag","embeddable":true,"href":"https:\/\/www.link2fleet.com\/fr\/wp-json\/wp\/v2\/tags?post=55545"}],"curies":[{"name":"wp","href":"https:\/\/api.w.org\/{rel}","templated":true}]}}