{"id":55597,"date":"2025-09-15T09:21:36","date_gmt":"2025-09-15T07:21:36","guid":{"rendered":"https:\/\/www.link2fleet.com\/belgische-bedrijven-scoren-onvoldoende-op-duurzame-mobiliteit\/"},"modified":"2025-09-17T09:07:41","modified_gmt":"2025-09-17T07:07:41","slug":"mobilite-durable-les-entreprises-belges-peuvent-mieux-faire","status":"publish","type":"post","link":"https:\/\/www.link2fleet.com\/fr\/mobilite-durable-les-entreprises-belges-peuvent-mieux-faire\/","title":{"rendered":"Mobilit\u00e9 durable: les entreprises belges peuvent mieux faire"},"content":{"rendered":"","protected":false},"excerpt":{"rendered":"","protected":false},"author":4,"featured_media":55592,"comment_status":"closed","ping_status":"closed","sticky":false,"template":"","format":"standard","meta":{"_acf_changed":false,"footnotes":""},"categories":[135,87],"tags":[],"class_list":["post-55597","post","type-post","status-publish","format-standard","has-post-thumbnail","hentry","category-news-fr","category-mobility-2"],"acf":[],"yoast_head":"<!-- This site is optimized with the Yoast SEO plugin v27.3 - https:\/\/yoast.com\/product\/yoast-seo-wordpress\/ -->\n<title>Mobilit\u00e9 durable: les entreprises belges peuvent mieux faire - link2fleet<\/title>\n<meta name=\"description\" content=\"Pour la premi\u00e8re fois, le bureau de services RH Securex a d\u00e9voil\u00e9 les r\u00e9sultats de son Indice de Mobilit\u00e9, d\u00e9velopp\u00e9 en tant qu&rsquo;instrument pour les\u2026\" \/>\n<meta name=\"robots\" content=\"index, follow, max-snippet:-1, max-image-preview:large, max-video-preview:-1\" \/>\n<meta property=\"og:locale\" content=\"fr_FR\" \/>\n<meta property=\"og:type\" content=\"article\" \/>\n<meta property=\"og:title\" content=\"Mobilit\u00e9 durable: les entreprises belges peuvent mieux faire - link2fleet\" \/>\n<meta property=\"og:description\" content=\"Pour la premi\u00e8re fois, le bureau de services RH Securex a d\u00e9voil\u00e9 les r\u00e9sultats de son Indice de Mobilit\u00e9, d\u00e9velopp\u00e9 en tant qu&rsquo;instrument pour les\u2026\" \/>\n<meta property=\"og:url\" content=\"https:\/\/www.link2fleet.com\/belgische-bedrijven-scoren-onvoldoende-op-duurzame-mobiliteit\/\" \/>\n<meta property=\"og:site_name\" content=\"link2fleet\" \/>\n<meta property=\"article:published_time\" content=\"2025-09-15T07:21:36+00:00\" \/>\n<meta property=\"article:modified_time\" content=\"2025-09-17T07:07:41+00:00\" \/>\n<meta property=\"og:image\" content=\"https:\/\/static.link2fleet.com\/wp-content\/uploads\/2025\/09\/securexmobiliteitsindex.webp\" \/>\n\t<meta property=\"og:image:width\" content=\"2400\" \/>\n\t<meta property=\"og:image:height\" content=\"1600\" \/>\n\t<meta property=\"og:image:type\" content=\"image\/webp\" \/>\n<meta name=\"author\" content=\"Damien Malvetti\" \/>\n<meta name=\"twitter:card\" content=\"summary_large_image\" \/>\n<meta name=\"twitter:description\" content=\"Pour la premi\u00e8re fois, le bureau de services RH Securex a d\u00e9voil\u00e9 les r\u00e9sultats de son Indice de Mobilit\u00e9, d\u00e9velopp\u00e9 en tant qu&rsquo;instrument pour les\u2026\" \/>\n<meta name=\"twitter:label1\" content=\"\u00c9crit par\" \/>\n\t<meta name=\"twitter:data1\" content=\"Damien Malvetti\" \/>\n\t<meta name=\"twitter:label2\" content=\"Dur\u00e9e de lecture estim\u00e9e\" \/>\n\t<meta name=\"twitter:data2\" content=\"8 minutes\" \/>\n<script type=\"application\/ld+json\" class=\"yoast-schema-graph\">{\"@context\":\"https:\\\/\\\/schema.org\",\"@graph\":[{\"@type\":\"Article\",\"@id\":\"https:\\\/\\\/www.link2fleet.com\\\/belgische-bedrijven-scoren-onvoldoende-op-duurzame-mobiliteit\\\/#article\",\"isPartOf\":{\"@id\":\"https:\\\/\\\/www.link2fleet.com\\\/belgische-bedrijven-scoren-onvoldoende-op-duurzame-mobiliteit\\\/\"},\"author\":{\"name\":\"Damien Malvetti\",\"@id\":\"https:\\\/\\\/www.link2fleet.com\\\/fr\\\/#\\\/schema\\\/person\\\/027cd46113c78036b3809c9a054049da\"},\"headline\":\"Mobilit\u00e9 durable: les entreprises belges peuvent mieux faire\",\"datePublished\":\"2025-09-15T07:21:36+00:00\",\"dateModified\":\"2025-09-17T07:07:41+00:00\",\"mainEntityOfPage\":{\"@id\":\"https:\\\/\\\/www.link2fleet.com\\\/belgische-bedrijven-scoren-onvoldoende-op-duurzame-mobiliteit\\\/\"},\"wordCount\":8,\"publisher\":{\"@id\":\"https:\\\/\\\/www.link2fleet.com\\\/fr\\\/#organization\"},\"image\":{\"@id\":\"https:\\\/\\\/www.link2fleet.com\\\/belgische-bedrijven-scoren-onvoldoende-op-duurzame-mobiliteit\\\/#primaryimage\"},\"thumbnailUrl\":\"https:\\\/\\\/static.link2fleet.com\\\/wp-content\\\/uploads\\\/2025\\\/09\\\/securexmobiliteitsindex.webp\",\"articleSection\":[\"Actus\",\"Mobilit\u00e9\"],\"inLanguage\":\"fr-FR\"},{\"@type\":\"WebPage\",\"@id\":\"https:\\\/\\\/www.link2fleet.com\\\/belgische-bedrijven-scoren-onvoldoende-op-duurzame-mobiliteit\\\/\",\"url\":\"https:\\\/\\\/www.link2fleet.com\\\/belgische-bedrijven-scoren-onvoldoende-op-duurzame-mobiliteit\\\/\",\"name\":\"Mobilit\u00e9 durable: les entreprises belges peuvent mieux faire - link2fleet\",\"isPartOf\":{\"@id\":\"https:\\\/\\\/www.link2fleet.com\\\/fr\\\/#website\"},\"primaryImageOfPage\":{\"@id\":\"https:\\\/\\\/www.link2fleet.com\\\/belgische-bedrijven-scoren-onvoldoende-op-duurzame-mobiliteit\\\/#primaryimage\"},\"image\":{\"@id\":\"https:\\\/\\\/www.link2fleet.com\\\/belgische-bedrijven-scoren-onvoldoende-op-duurzame-mobiliteit\\\/#primaryimage\"},\"thumbnailUrl\":\"https:\\\/\\\/static.link2fleet.com\\\/wp-content\\\/uploads\\\/2025\\\/09\\\/securexmobiliteitsindex.webp\",\"datePublished\":\"2025-09-15T07:21:36+00:00\",\"dateModified\":\"2025-09-17T07:07:41+00:00\",\"breadcrumb\":{\"@id\":\"https:\\\/\\\/www.link2fleet.com\\\/belgische-bedrijven-scoren-onvoldoende-op-duurzame-mobiliteit\\\/#breadcrumb\"},\"inLanguage\":\"fr-FR\",\"potentialAction\":[{\"@type\":\"ReadAction\",\"target\":[\"https:\\\/\\\/www.link2fleet.com\\\/belgische-bedrijven-scoren-onvoldoende-op-duurzame-mobiliteit\\\/\"]}]},{\"@type\":\"ImageObject\",\"inLanguage\":\"fr-FR\",\"@id\":\"https:\\\/\\\/www.link2fleet.com\\\/belgische-bedrijven-scoren-onvoldoende-op-duurzame-mobiliteit\\\/#primaryimage\",\"url\":\"https:\\\/\\\/static.link2fleet.com\\\/wp-content\\\/uploads\\\/2025\\\/09\\\/securexmobiliteitsindex.webp\",\"contentUrl\":\"https:\\\/\\\/static.link2fleet.com\\\/wp-content\\\/uploads\\\/2025\\\/09\\\/securexmobiliteitsindex.webp\",\"width\":2400,\"height\":1600},{\"@type\":\"BreadcrumbList\",\"@id\":\"https:\\\/\\\/www.link2fleet.com\\\/belgische-bedrijven-scoren-onvoldoende-op-duurzame-mobiliteit\\\/#breadcrumb\",\"itemListElement\":[{\"@type\":\"ListItem\",\"position\":1,\"name\":\"Home\",\"item\":\"https:\\\/\\\/www.link2fleet.com\\\/fr\\\/\"},{\"@type\":\"ListItem\",\"position\":2,\"name\":\"Mobilit\u00e9 durable: les entreprises belges peuvent mieux faire\"}]},{\"@type\":\"WebSite\",\"@id\":\"https:\\\/\\\/www.link2fleet.com\\\/fr\\\/#website\",\"url\":\"https:\\\/\\\/www.link2fleet.com\\\/fr\\\/\",\"name\":\"Link2fleet\",\"description\":\"\",\"publisher\":{\"@id\":\"https:\\\/\\\/www.link2fleet.com\\\/fr\\\/#organization\"},\"potentialAction\":[{\"@type\":\"SearchAction\",\"target\":{\"@type\":\"EntryPoint\",\"urlTemplate\":\"https:\\\/\\\/www.link2fleet.com\\\/fr\\\/?s={search_term_string}\"},\"query-input\":{\"@type\":\"PropertyValueSpecification\",\"valueRequired\":true,\"valueName\":\"search_term_string\"}}],\"inLanguage\":\"fr-FR\"},{\"@type\":\"Organization\",\"@id\":\"https:\\\/\\\/www.link2fleet.com\\\/fr\\\/#organization\",\"name\":\"Link2fleet\",\"url\":\"https:\\\/\\\/www.link2fleet.com\\\/fr\\\/\",\"logo\":{\"@type\":\"ImageObject\",\"inLanguage\":\"fr-FR\",\"@id\":\"https:\\\/\\\/www.link2fleet.com\\\/fr\\\/#\\\/schema\\\/logo\\\/image\\\/\",\"url\":\"https:\\\/\\\/static.link2fleet.com\\\/wp-content\\\/uploads\\\/2024\\\/03\\\/share-image.jpg\",\"contentUrl\":\"https:\\\/\\\/static.link2fleet.com\\\/wp-content\\\/uploads\\\/2024\\\/03\\\/share-image.jpg\",\"width\":1200,\"height\":630,\"caption\":\"Link2fleet\"},\"image\":{\"@id\":\"https:\\\/\\\/www.link2fleet.com\\\/fr\\\/#\\\/schema\\\/logo\\\/image\\\/\"},\"sameAs\":[\"https:\\\/\\\/www.linkedin.com\\\/company\\\/link2fleet-belgium\",\"https:\\\/\\\/www.youtube.com\\\/user\\\/MMMBMBE\"]},{\"@type\":\"Person\",\"@id\":\"https:\\\/\\\/www.link2fleet.com\\\/fr\\\/#\\\/schema\\\/person\\\/027cd46113c78036b3809c9a054049da\",\"name\":\"Damien Malvetti\",\"image\":{\"@type\":\"ImageObject\",\"inLanguage\":\"fr-FR\",\"@id\":\"https:\\\/\\\/secure.gravatar.com\\\/avatar\\\/dd8cc03b49466c735f753ac37f8caa371af16dfed347456ed61f02883255eebb?s=96&d=mm&r=g\",\"url\":\"https:\\\/\\\/secure.gravatar.com\\\/avatar\\\/dd8cc03b49466c735f753ac37f8caa371af16dfed347456ed61f02883255eebb?s=96&d=mm&r=g\",\"contentUrl\":\"https:\\\/\\\/secure.gravatar.com\\\/avatar\\\/dd8cc03b49466c735f753ac37f8caa371af16dfed347456ed61f02883255eebb?s=96&d=mm&r=g\",\"caption\":\"Damien Malvetti\"},\"description\":\"Damien Malvetti is opgeleid als journalist en gepassioneerd door wagens, technologie en mobiliteit. Hij is verantwoordelijk voor de redactionele inhoud van link2fleet en beschikt over een uitgebreide kennis van de fleet-sector en elektrische mobiliteit.\",\"sameAs\":[\"https:\\\/\\\/www.linkedin.com\\\/in\\\/damien-malvetti-56601142\\\/\"]}]}<\/script>\n<!-- \/ Yoast SEO plugin. -->","yoast_head_json":{"title":"Mobilit\u00e9 durable: les entreprises belges peuvent mieux faire - link2fleet","description":"Pour la premi\u00e8re fois, le bureau de services RH Securex a d\u00e9voil\u00e9 les r\u00e9sultats de son Indice de Mobilit\u00e9, d\u00e9velopp\u00e9 en tant qu&rsquo;instrument pour les\u2026","robots":{"index":"index","follow":"follow","max-snippet":"max-snippet:-1","max-image-preview":"max-image-preview:large","max-video-preview":"max-video-preview:-1"},"og_locale":"fr_FR","og_type":"article","og_title":"Mobilit\u00e9 durable: les entreprises belges peuvent mieux faire - link2fleet","og_description":"Pour la premi\u00e8re fois, le bureau de services RH Securex a d\u00e9voil\u00e9 les r\u00e9sultats de son Indice de Mobilit\u00e9, d\u00e9velopp\u00e9 en tant qu&rsquo;instrument pour les\u2026","og_url":"https:\/\/www.link2fleet.com\/belgische-bedrijven-scoren-onvoldoende-op-duurzame-mobiliteit\/","og_site_name":"link2fleet","article_published_time":"2025-09-15T07:21:36+00:00","article_modified_time":"2025-09-17T07:07:41+00:00","og_image":[{"width":2400,"height":1600,"url":"https:\/\/static.link2fleet.com\/wp-content\/uploads\/2025\/09\/securexmobiliteitsindex.webp","type":"image\/webp"}],"author":"Damien Malvetti","twitter_card":"summary_large_image","twitter_description":"Pour la premi\u00e8re fois, le bureau de services RH Securex a d\u00e9voil\u00e9 les r\u00e9sultats de son Indice de Mobilit\u00e9, d\u00e9velopp\u00e9 en tant qu&rsquo;instrument pour les\u2026","twitter_misc":{"\u00c9crit par":"Damien Malvetti","Dur\u00e9e de lecture estim\u00e9e":"8 minutes"},"schema":{"@context":"https:\/\/schema.org","@graph":[{"@type":"Article","@id":"https:\/\/www.link2fleet.com\/belgische-bedrijven-scoren-onvoldoende-op-duurzame-mobiliteit\/#article","isPartOf":{"@id":"https:\/\/www.link2fleet.com\/belgische-bedrijven-scoren-onvoldoende-op-duurzame-mobiliteit\/"},"author":{"name":"Damien Malvetti","@id":"https:\/\/www.link2fleet.com\/fr\/#\/schema\/person\/027cd46113c78036b3809c9a054049da"},"headline":"Mobilit\u00e9 durable: les entreprises belges peuvent mieux faire","datePublished":"2025-09-15T07:21:36+00:00","dateModified":"2025-09-17T07:07:41+00:00","mainEntityOfPage":{"@id":"https:\/\/www.link2fleet.com\/belgische-bedrijven-scoren-onvoldoende-op-duurzame-mobiliteit\/"},"wordCount":8,"publisher":{"@id":"https:\/\/www.link2fleet.com\/fr\/#organization"},"image":{"@id":"https:\/\/www.link2fleet.com\/belgische-bedrijven-scoren-onvoldoende-op-duurzame-mobiliteit\/#primaryimage"},"thumbnailUrl":"https:\/\/static.link2fleet.com\/wp-content\/uploads\/2025\/09\/securexmobiliteitsindex.webp","articleSection":["Actus","Mobilit\u00e9"],"inLanguage":"fr-FR"},{"@type":"WebPage","@id":"https:\/\/www.link2fleet.com\/belgische-bedrijven-scoren-onvoldoende-op-duurzame-mobiliteit\/","url":"https:\/\/www.link2fleet.com\/belgische-bedrijven-scoren-onvoldoende-op-duurzame-mobiliteit\/","name":"Mobilit\u00e9 durable: les entreprises belges peuvent mieux faire - link2fleet","isPartOf":{"@id":"https:\/\/www.link2fleet.com\/fr\/#website"},"primaryImageOfPage":{"@id":"https:\/\/www.link2fleet.com\/belgische-bedrijven-scoren-onvoldoende-op-duurzame-mobiliteit\/#primaryimage"},"image":{"@id":"https:\/\/www.link2fleet.com\/belgische-bedrijven-scoren-onvoldoende-op-duurzame-mobiliteit\/#primaryimage"},"thumbnailUrl":"https:\/\/static.link2fleet.com\/wp-content\/uploads\/2025\/09\/securexmobiliteitsindex.webp","datePublished":"2025-09-15T07:21:36+00:00","dateModified":"2025-09-17T07:07:41+00:00","breadcrumb":{"@id":"https:\/\/www.link2fleet.com\/belgische-bedrijven-scoren-onvoldoende-op-duurzame-mobiliteit\/#breadcrumb"},"inLanguage":"fr-FR","potentialAction":[{"@type":"ReadAction","target":["https:\/\/www.link2fleet.com\/belgische-bedrijven-scoren-onvoldoende-op-duurzame-mobiliteit\/"]}]},{"@type":"ImageObject","inLanguage":"fr-FR","@id":"https:\/\/www.link2fleet.com\/belgische-bedrijven-scoren-onvoldoende-op-duurzame-mobiliteit\/#primaryimage","url":"https:\/\/static.link2fleet.com\/wp-content\/uploads\/2025\/09\/securexmobiliteitsindex.webp","contentUrl":"https:\/\/static.link2fleet.com\/wp-content\/uploads\/2025\/09\/securexmobiliteitsindex.webp","width":2400,"height":1600},{"@type":"BreadcrumbList","@id":"https:\/\/www.link2fleet.com\/belgische-bedrijven-scoren-onvoldoende-op-duurzame-mobiliteit\/#breadcrumb","itemListElement":[{"@type":"ListItem","position":1,"name":"Home","item":"https:\/\/www.link2fleet.com\/fr\/"},{"@type":"ListItem","position":2,"name":"Mobilit\u00e9 durable: les entreprises belges peuvent mieux faire"}]},{"@type":"WebSite","@id":"https:\/\/www.link2fleet.com\/fr\/#website","url":"https:\/\/www.link2fleet.com\/fr\/","name":"Link2fleet","description":"","publisher":{"@id":"https:\/\/www.link2fleet.com\/fr\/#organization"},"potentialAction":[{"@type":"SearchAction","target":{"@type":"EntryPoint","urlTemplate":"https:\/\/www.link2fleet.com\/fr\/?s={search_term_string}"},"query-input":{"@type":"PropertyValueSpecification","valueRequired":true,"valueName":"search_term_string"}}],"inLanguage":"fr-FR"},{"@type":"Organization","@id":"https:\/\/www.link2fleet.com\/fr\/#organization","name":"Link2fleet","url":"https:\/\/www.link2fleet.com\/fr\/","logo":{"@type":"ImageObject","inLanguage":"fr-FR","@id":"https:\/\/www.link2fleet.com\/fr\/#\/schema\/logo\/image\/","url":"https:\/\/static.link2fleet.com\/wp-content\/uploads\/2024\/03\/share-image.jpg","contentUrl":"https:\/\/static.link2fleet.com\/wp-content\/uploads\/2024\/03\/share-image.jpg","width":1200,"height":630,"caption":"Link2fleet"},"image":{"@id":"https:\/\/www.link2fleet.com\/fr\/#\/schema\/logo\/image\/"},"sameAs":["https:\/\/www.linkedin.com\/company\/link2fleet-belgium","https:\/\/www.youtube.com\/user\/MMMBMBE"]},{"@type":"Person","@id":"https:\/\/www.link2fleet.com\/fr\/#\/schema\/person\/027cd46113c78036b3809c9a054049da","name":"Damien Malvetti","image":{"@type":"ImageObject","inLanguage":"fr-FR","@id":"https:\/\/secure.gravatar.com\/avatar\/dd8cc03b49466c735f753ac37f8caa371af16dfed347456ed61f02883255eebb?s=96&d=mm&r=g","url":"https:\/\/secure.gravatar.com\/avatar\/dd8cc03b49466c735f753ac37f8caa371af16dfed347456ed61f02883255eebb?s=96&d=mm&r=g","contentUrl":"https:\/\/secure.gravatar.com\/avatar\/dd8cc03b49466c735f753ac37f8caa371af16dfed347456ed61f02883255eebb?s=96&d=mm&r=g","caption":"Damien Malvetti"},"description":"Damien Malvetti is opgeleid als journalist en gepassioneerd door wagens, technologie en mobiliteit. Hij is verantwoordelijk voor de redactionele inhoud van link2fleet en beschikt over een uitgebreide kennis van de fleet-sector en elektrische mobiliteit.","sameAs":["https:\/\/www.linkedin.com\/in\/damien-malvetti-56601142\/"]}]}},"_links":{"self":[{"href":"https:\/\/www.link2fleet.com\/fr\/wp-json\/wp\/v2\/posts\/55597","targetHints":{"allow":["GET"]}}],"collection":[{"href":"https:\/\/www.link2fleet.com\/fr\/wp-json\/wp\/v2\/posts"}],"about":[{"href":"https:\/\/www.link2fleet.com\/fr\/wp-json\/wp\/v2\/types\/post"}],"author":[{"embeddable":true,"href":"https:\/\/www.link2fleet.com\/fr\/wp-json\/wp\/v2\/users\/4"}],"replies":[{"embeddable":true,"href":"https:\/\/www.link2fleet.com\/fr\/wp-json\/wp\/v2\/comments?post=55597"}],"version-history":[{"count":4,"href":"https:\/\/www.link2fleet.com\/fr\/wp-json\/wp\/v2\/posts\/55597\/revisions"}],"predecessor-version":[{"id":55607,"href":"https:\/\/www.link2fleet.com\/fr\/wp-json\/wp\/v2\/posts\/55597\/revisions\/55607"}],"wp:featuredmedia":[{"embeddable":true,"href":"https:\/\/www.link2fleet.com\/fr\/wp-json\/wp\/v2\/media\/55592"}],"wp:attachment":[{"href":"https:\/\/www.link2fleet.com\/fr\/wp-json\/wp\/v2\/media?parent=55597"}],"wp:term":[{"taxonomy":"category","embeddable":true,"href":"https:\/\/www.link2fleet.com\/fr\/wp-json\/wp\/v2\/categories?post=55597"},{"taxonomy":"post_tag","embeddable":true,"href":"https:\/\/www.link2fleet.com\/fr\/wp-json\/wp\/v2\/tags?post=55597"}],"curies":[{"name":"wp","href":"https:\/\/api.w.org\/{rel}","templated":true}]}}