{"id":5576,"date":"2022-02-04T16:26:40","date_gmt":"2022-02-04T15:26:40","guid":{"rendered":"https:\/\/www.link2fleet.com\/fiscalite-2026-se-prepare-des-aujourdhui\/"},"modified":"2024-04-17T16:47:53","modified_gmt":"2024-04-17T14:47:53","slug":"fiscalite-2026-se-prepare-des-aujourdhui","status":"publish","type":"post","link":"https:\/\/www.link2fleet.com\/fr\/fiscalite-2026-se-prepare-des-aujourdhui\/","title":{"rendered":"Fiscalit\u00e9: 2026 se pr\u00e9pare d\u00e8s aujourd\u2019hui!"},"content":{"rendered":"<p>Vot\u00e9e mi-novembre, la loi qui a pour but le verdissement du parc automobile fleet pr\u00e9voit donc que les voitures \u00e0 carburants fossiles (en ce compris les hybrides, PHEV et CNG) ne b\u00e9n\u00e9ficient plus d\u2019une d\u00e9ductibilit\u00e9 fiscale \u00e0 l\u2019avenir. A partir du 1<sup>er<\/sup> juillet 2023, la d\u00e9ductibilit\u00e9 des nouveaux v\u00e9hicules command\u00e9s \u2013 date de commande faisant foi \u2013 va donc \u00eatre r\u00e9duite crescendo d\u2019ann\u00e9e en ann\u00e9e. Ainsi, un v\u00e9hicule thermique command\u00e9 entre le 1<sup>er<\/sup> juillet 2023 et le 31 d\u00e9cembre 2025 b\u00e9n\u00e9ficiera d\u2019un taux de d\u00e9ductibilit\u00e9 fiscale de 75%. Ce pourcentage diminuera \u00e0 50% d\u00e8s le 1<sup>er<\/sup> janvier 2026, puis \u00e0 25% l\u2019ann\u00e9e suivante pour finalement atteindre 0% \u00e0 partir du 1<sup>er<\/sup> janvier 2028.<\/p>\n<p>A noter que cette l\u00e9gislation ne touche donc que les nouvelles commandes pass\u00e9es \u00e0 partir du 1<sup>er<\/sup> juillet 2023. Pour toute commande pass\u00e9e avant cette date, ou pour tout v\u00e9hicule d\u00e9j\u00e0 en circulation, rien ne change\u00a0!<\/p>\n<p>Si vous souhaitez donc encore commander des v\u00e9hicules thermiques et b\u00e9n\u00e9ficier d\u2019une fiscalit\u00e9 avantageuse, ne trainez plus\u00a0!<\/p>\n<p>&nbsp;<\/p>\n<p><strong>EV: l&rsquo;alternative gagnante<\/strong><\/p>\n<p>Le but de cette nouvelle loi est \u00e9videmment de r\u00e9duire l\u2019empreinte \u00e9cologique du parc automobile fleet et donc de privil\u00e9gier l\u2019acquisition de mod\u00e8les neutres en carbone \u2013 soit \u00e9lectriques ou hydrog\u00e8nes &#8211; par les ind\u00e9pendants et soci\u00e9t\u00e9s. Pour y arriver, ces v\u00e9hicules neutres en carbones continueront \u00e0 b\u00e9n\u00e9ficier d\u2019une d\u00e9ductibilit\u00e9 de 100% jusqu\u2019au 1<sup>er<\/sup> janvier 2027. Ce n\u2019est qu\u2019\u00e0 partir de cette date que leur taux de d\u00e9ductibilit\u00e9 fiscale commencera \u00e0 baisser comme suit\u00a0:<\/p>\n<table>\n<tbody>\n<tr>\n<td width=\"302\"><strong>Ann\u00e9e <\/strong><\/td>\n<td width=\"302\"><strong>Pourcentage de d\u00e9ductibilit\u00e9<\/strong><\/td>\n<\/tr>\n<tr>\n<td width=\"302\">2026<\/td>\n<td width=\"302\">100%<\/td>\n<\/tr>\n<tr>\n<td width=\"302\">2027<\/td>\n<td width=\"302\">95%<\/td>\n<\/tr>\n<tr>\n<td width=\"302\">2028<\/td>\n<td width=\"302\">90%<\/td>\n<\/tr>\n<tr>\n<td width=\"302\">2029<\/td>\n<td width=\"302\">82,5%<\/td>\n<\/tr>\n<tr>\n<td width=\"302\">2030<\/td>\n<td width=\"302\">75%<\/td>\n<\/tr>\n<tr>\n<td width=\"302\">2031<\/td>\n<td width=\"302\">67,5%<\/td>\n<\/tr>\n<\/tbody>\n<\/table>\n<p>&nbsp;<\/p>\n<p>Si vous souhaitez b\u00e9n\u00e9ficier d\u2019une d\u00e9ductibilit\u00e9 fiscale compl\u00e8te sur vos prochains v\u00e9hicules, il vous faudra donc opter pour de l\u2019\u00e9lectrique. Et chez Hyundai, nous avons d\u00e9j\u00e0 une offre parfaitement adapt\u00e9e aux besoins de chaque profil de conducteur.<\/p>\n<p>&nbsp;<\/p>\n<p><strong>IONIQ 5<\/strong><\/p>\n<p><a href=\"https:\/\/www.link2fleet.com\/wp-content\/uploads\/2021\/06\/IONIQ5_design_tab_zshape.jpg\"><img loading=\"lazy\" decoding=\"async\" class=\"alignleft size-medium wp-image-1269202\" src=\"https:\/\/www.link2fleet.com\/wp-content\/uploads\/2021\/06\/IONIQ5_design_tab_zshape-300x170.jpg\" alt=\"\" width=\"300\" height=\"170\" \/><\/a><\/p>\n<p>L\u2019IONIQ 5 est le premier mod\u00e8le d\u00e9velopp\u00e9 par Hyundai sur sa nouvelle plateforme E-GMP con\u00e7ue pour les v\u00e9hicules 100% \u00e9lectriques. Celle-ci permet d\u2019offrir beaucoup plus de possibilit\u00e9s en mati\u00e8re de design, sans faire de compromis sur l\u2019habitabilit\u00e9. Jusqu\u2019\u00e0 481 km d\u2019autonomie, chargement ultra-rapide\u00a0et une\u00a0d\u00e9ductibilit\u00e9 fiscale de 100%.<\/p>\n<blockquote>\n<h3 style=\"text-align: center;\"><a href=\"https:\/\/www.link2fleet.com\/fr\/ioniq-5-en-route-vers-le-mobilite\/\"><strong>D\u00e9couvrez l&rsquo;IONIQ 5<\/strong><\/a><\/h3>\n<\/blockquote>\n<p><strong>\u00a0<\/strong><\/p>\n<p><strong>KONA EV<\/strong><\/p>\n<p><a href=\"https:\/\/www.link2fleet.com\/wp-content\/uploads\/2022\/02\/hyundai-kona-electric-2021-move.jpg\"><img loading=\"lazy\" decoding=\"async\" class=\"alignright size-medium wp-image-1277153\" src=\"https:\/\/www.link2fleet.com\/wp-content\/uploads\/2022\/02\/hyundai-kona-electric-2021-move-300x185.jpg\" alt=\"\" width=\"300\" height=\"185\" \/><\/a><\/p>\n<p>SUV compact, la KONA EV a r\u00e9cemment subi un petit lifting de mi-carri\u00e8re et affiche d\u00e9sormais une impressionnante autonomie de 484 km et une d\u00e9ductibilit\u00e9 qui restera donc aussi \u00e0 100% jusqu\u2019en 2026 inclus.<\/p>\n<blockquote>\n<h3 style=\"text-align: center;\"><a href=\"https:\/\/www.hyundai.com\/be\/fr\/modeles\/kona-electric.html\">D\u00e9couvrez la KONA EV<\/a><\/h3>\n<\/blockquote>\n<p><strong>\u00a0<\/strong><\/p>\n<p><strong>SANTA FE PHEV<\/strong><\/p>\n<p><a href=\"https:\/\/www.link2fleet.com\/wp-content\/uploads\/2021\/06\/SANTAFE_5.jpg\"><img loading=\"lazy\" decoding=\"async\" class=\"size-medium wp-image-1269274 alignleft\" src=\"https:\/\/www.link2fleet.com\/wp-content\/uploads\/2021\/06\/SANTAFE_5-300x191.jpg\" alt=\"\" width=\"300\" height=\"191\" \/><\/a><\/p>\n<p>Si votre choix se porte sur l\u2019hybride, le Santa Fe sera votre alli\u00e9 parfait\u00a0! Gr\u00e2ce \u00e0 ses 60 km d\u2019autonomie full \u00e9lectrique, il est capable d\u2019assurer vos trajets quotidiens en mode 0 \u00e9mission. Commandez-le avant le 1<sup>er<\/sup>juillet 2023 et vous pourrez toujours b\u00e9n\u00e9ficier de 100% de d\u00e9ductibilit\u00e9 fiscale.<\/p>\n<blockquote>\n<h3 style=\"text-align: center;\"><strong><a href=\"https:\/\/www.link2fleet.com\/fr\/santa-fe-phev-a-la-hauteur-des-premiums\/\">D\u00e9couvrez le SANTA FE PHEV<\/a>\u00a0<\/strong><\/h3>\n<\/blockquote>\n<p>&nbsp;<\/p>\n<p><strong>\u00a0<\/strong><\/p>\n<blockquote><p>L\u2019arriv\u00e9e massive annonc\u00e9e sur le march\u00e9 des voitures \u00e9lectriques va augmenter la demande en bornes de recharge. Le gouvernement a donc pr\u00e9vu des incentives pour les entreprises qui vont investir en la mati\u00e8re. Ainsi, les co\u00fbts d\u2019installation pourront \u00eatre d\u00e9duits fiscalement et la dur\u00e9e de l\u2019amortissement sera r\u00e9duite si l\u2019entreprise met ses bornes \u00e0 disposition du public en dehors des heures de bureaux. Le taux de d\u00e9ductibilit\u00e9 \u00e9voluera \u00e9galement dans le temps comme suit\u00a0:<\/p>\n<table width=\"453\">\n<tbody>\n<tr>\n<td width=\"198\">P\u00e9riode<\/td>\n<td width=\"255\">Pourcentage de d\u00e9ductibilit\u00e9<\/td>\n<\/tr>\n<tr>\n<td width=\"198\">1\/09\/2021 \u2013 31\/12\/2022<\/td>\n<td width=\"255\">200%<\/td>\n<\/tr>\n<tr>\n<td width=\"198\">1\/01\/2023 \u2013 31\/08\/2024<\/td>\n<td width=\"255\">150%<\/td>\n<\/tr>\n<\/tbody>\n<\/table>\n<\/blockquote>\n","protected":false},"excerpt":{"rendered":"<p>Vot\u00e9e mi-novembre, la loi qui a pour but le verdissement du parc automobile fleet pr\u00e9voit donc que les voitures \u00e0 carburants fossiles (en ce compris les hybrides, PHEV et CNG) ne b\u00e9n\u00e9ficient plus d\u2019une d\u00e9ductibilit\u00e9 fiscale \u00e0 l\u2019avenir. A partir du 1er juillet 2023, la d\u00e9ductibilit\u00e9 des nouveaux v\u00e9hicules command\u00e9s \u2013 date de commande faisant [&hellip;]<\/p>\n","protected":false},"author":4,"featured_media":1728,"comment_status":"closed","ping_status":"closed","sticky":false,"template":"","format":"standard","meta":{"_acf_changed":false,"footnotes":""},"categories":[2],"tags":[],"class_list":["post-5576","post","type-post","status-publish","format-standard","has-post-thumbnail","hentry","category-non-classifiee"],"acf":[],"yoast_head":"<!-- This site is optimized with the Yoast SEO plugin v27.3 - https:\/\/yoast.com\/product\/yoast-seo-wordpress\/ -->\n<title>Fiscalit\u00e9: 2026 se pr\u00e9pare d\u00e8s aujourd\u2019hui! - link2fleet<\/title>\n<meta name=\"description\" content=\"Plus personne ne l\u2019ignore : d\u2019ici 2026, le gouvernement souhaite que le parc automobile fleet devienne \u00e9lectrique. Mais cette nouvelle loi aura d\u00e9j\u00e0 un impact\u2026\" \/>\n<meta name=\"robots\" content=\"index, follow, max-snippet:-1, max-image-preview:large, max-video-preview:-1\" \/>\n<meta property=\"og:locale\" content=\"fr_FR\" \/>\n<meta property=\"og:type\" content=\"article\" \/>\n<meta property=\"og:title\" content=\"Fiscalit\u00e9: 2026 se pr\u00e9pare d\u00e8s aujourd\u2019hui! - link2fleet\" \/>\n<meta property=\"og:description\" content=\"Plus personne ne l\u2019ignore : d\u2019ici 2026, le gouvernement souhaite que le parc automobile fleet devienne \u00e9lectrique. Mais cette nouvelle loi aura d\u00e9j\u00e0 un impact\u2026\" \/>\n<meta property=\"og:url\" content=\"https:\/\/www.link2fleet.com\/fr\/fiscalite-2026-se-prepare-des-aujourdhui\/\" \/>\n<meta property=\"og:site_name\" content=\"link2fleet\" \/>\n<meta property=\"article:published_time\" content=\"2022-02-04T15:26:40+00:00\" \/>\n<meta property=\"article:modified_time\" content=\"2024-04-17T14:47:53+00:00\" \/>\n<meta property=\"og:image\" content=\"https:\/\/static.link2fleet.com\/wp-content\/uploads\/2024\/03\/carfiscality2020.jpg\" \/>\n\t<meta property=\"og:image:width\" content=\"2560\" \/>\n\t<meta property=\"og:image:height\" content=\"1440\" \/>\n\t<meta property=\"og:image:type\" content=\"image\/jpeg\" \/>\n<meta name=\"author\" content=\"Damien Malvetti\" \/>\n<meta name=\"twitter:card\" content=\"summary_large_image\" \/>\n<meta name=\"twitter:description\" content=\"Plus personne ne l\u2019ignore : d\u2019ici 2026, le gouvernement souhaite que le parc automobile fleet devienne \u00e9lectrique. Mais cette nouvelle loi aura d\u00e9j\u00e0 un impact\u2026\" \/>\n<meta name=\"twitter:label1\" content=\"\u00c9crit par\" \/>\n\t<meta name=\"twitter:data1\" content=\"Damien Malvetti\" \/>\n\t<meta name=\"twitter:label2\" content=\"Dur\u00e9e de lecture estim\u00e9e\" \/>\n\t<meta name=\"twitter:data2\" content=\"3 minutes\" \/>\n<script type=\"application\/ld+json\" class=\"yoast-schema-graph\">{\"@context\":\"https:\\\/\\\/schema.org\",\"@graph\":[{\"@type\":\"Article\",\"@id\":\"https:\\\/\\\/www.link2fleet.com\\\/fr\\\/fiscalite-2026-se-prepare-des-aujourdhui\\\/#article\",\"isPartOf\":{\"@id\":\"https:\\\/\\\/www.link2fleet.com\\\/fr\\\/fiscalite-2026-se-prepare-des-aujourdhui\\\/\"},\"author\":{\"name\":\"Damien Malvetti\",\"@id\":\"https:\\\/\\\/www.link2fleet.com\\\/fr\\\/#\\\/schema\\\/person\\\/027cd46113c78036b3809c9a054049da\"},\"headline\":\"Fiscalit\u00e9: 2026 se pr\u00e9pare d\u00e8s aujourd\u2019hui!\",\"datePublished\":\"2022-02-04T15:26:40+00:00\",\"dateModified\":\"2024-04-17T14:47:53+00:00\",\"mainEntityOfPage\":{\"@id\":\"https:\\\/\\\/www.link2fleet.com\\\/fr\\\/fiscalite-2026-se-prepare-des-aujourdhui\\\/\"},\"wordCount\":587,\"publisher\":{\"@id\":\"https:\\\/\\\/www.link2fleet.com\\\/fr\\\/#organization\"},\"image\":{\"@id\":\"https:\\\/\\\/www.link2fleet.com\\\/fr\\\/fiscalite-2026-se-prepare-des-aujourdhui\\\/#primaryimage\"},\"thumbnailUrl\":\"https:\\\/\\\/static.link2fleet.com\\\/wp-content\\\/uploads\\\/2024\\\/03\\\/carfiscality2020.jpg\",\"articleSection\":[\"Non classifi\u00e9(e)\"],\"inLanguage\":\"fr-FR\"},{\"@type\":\"WebPage\",\"@id\":\"https:\\\/\\\/www.link2fleet.com\\\/fr\\\/fiscalite-2026-se-prepare-des-aujourdhui\\\/\",\"url\":\"https:\\\/\\\/www.link2fleet.com\\\/fr\\\/fiscalite-2026-se-prepare-des-aujourdhui\\\/\",\"name\":\"Fiscalit\u00e9: 2026 se pr\u00e9pare d\u00e8s aujourd\u2019hui! - link2fleet\",\"isPartOf\":{\"@id\":\"https:\\\/\\\/www.link2fleet.com\\\/fr\\\/#website\"},\"primaryImageOfPage\":{\"@id\":\"https:\\\/\\\/www.link2fleet.com\\\/fr\\\/fiscalite-2026-se-prepare-des-aujourdhui\\\/#primaryimage\"},\"image\":{\"@id\":\"https:\\\/\\\/www.link2fleet.com\\\/fr\\\/fiscalite-2026-se-prepare-des-aujourdhui\\\/#primaryimage\"},\"thumbnailUrl\":\"https:\\\/\\\/static.link2fleet.com\\\/wp-content\\\/uploads\\\/2024\\\/03\\\/carfiscality2020.jpg\",\"datePublished\":\"2022-02-04T15:26:40+00:00\",\"dateModified\":\"2024-04-17T14:47:53+00:00\",\"breadcrumb\":{\"@id\":\"https:\\\/\\\/www.link2fleet.com\\\/fr\\\/fiscalite-2026-se-prepare-des-aujourdhui\\\/#breadcrumb\"},\"inLanguage\":\"fr-FR\",\"potentialAction\":[{\"@type\":\"ReadAction\",\"target\":[\"https:\\\/\\\/www.link2fleet.com\\\/fr\\\/fiscalite-2026-se-prepare-des-aujourdhui\\\/\"]}]},{\"@type\":\"ImageObject\",\"inLanguage\":\"fr-FR\",\"@id\":\"https:\\\/\\\/www.link2fleet.com\\\/fr\\\/fiscalite-2026-se-prepare-des-aujourdhui\\\/#primaryimage\",\"url\":\"https:\\\/\\\/static.link2fleet.com\\\/wp-content\\\/uploads\\\/2024\\\/03\\\/carfiscality2020.jpg\",\"contentUrl\":\"https:\\\/\\\/static.link2fleet.com\\\/wp-content\\\/uploads\\\/2024\\\/03\\\/carfiscality2020.jpg\",\"width\":2560,\"height\":1440,\"caption\":\"|\"},{\"@type\":\"BreadcrumbList\",\"@id\":\"https:\\\/\\\/www.link2fleet.com\\\/fr\\\/fiscalite-2026-se-prepare-des-aujourdhui\\\/#breadcrumb\",\"itemListElement\":[{\"@type\":\"ListItem\",\"position\":1,\"name\":\"Home\",\"item\":\"https:\\\/\\\/www.link2fleet.com\\\/fr\\\/\"},{\"@type\":\"ListItem\",\"position\":2,\"name\":\"Fiscalit\u00e9: 2026 se pr\u00e9pare d\u00e8s aujourd\u2019hui!\"}]},{\"@type\":\"WebSite\",\"@id\":\"https:\\\/\\\/www.link2fleet.com\\\/fr\\\/#website\",\"url\":\"https:\\\/\\\/www.link2fleet.com\\\/fr\\\/\",\"name\":\"Link2fleet\",\"description\":\"\",\"publisher\":{\"@id\":\"https:\\\/\\\/www.link2fleet.com\\\/fr\\\/#organization\"},\"potentialAction\":[{\"@type\":\"SearchAction\",\"target\":{\"@type\":\"EntryPoint\",\"urlTemplate\":\"https:\\\/\\\/www.link2fleet.com\\\/fr\\\/?s={search_term_string}\"},\"query-input\":{\"@type\":\"PropertyValueSpecification\",\"valueRequired\":true,\"valueName\":\"search_term_string\"}}],\"inLanguage\":\"fr-FR\"},{\"@type\":\"Organization\",\"@id\":\"https:\\\/\\\/www.link2fleet.com\\\/fr\\\/#organization\",\"name\":\"Link2fleet\",\"url\":\"https:\\\/\\\/www.link2fleet.com\\\/fr\\\/\",\"logo\":{\"@type\":\"ImageObject\",\"inLanguage\":\"fr-FR\",\"@id\":\"https:\\\/\\\/www.link2fleet.com\\\/fr\\\/#\\\/schema\\\/logo\\\/image\\\/\",\"url\":\"https:\\\/\\\/static.link2fleet.com\\\/wp-content\\\/uploads\\\/2024\\\/03\\\/share-image.jpg\",\"contentUrl\":\"https:\\\/\\\/static.link2fleet.com\\\/wp-content\\\/uploads\\\/2024\\\/03\\\/share-image.jpg\",\"width\":1200,\"height\":630,\"caption\":\"Link2fleet\"},\"image\":{\"@id\":\"https:\\\/\\\/www.link2fleet.com\\\/fr\\\/#\\\/schema\\\/logo\\\/image\\\/\"},\"sameAs\":[\"https:\\\/\\\/www.linkedin.com\\\/company\\\/link2fleet-belgium\",\"https:\\\/\\\/www.youtube.com\\\/user\\\/MMMBMBE\"]},{\"@type\":\"Person\",\"@id\":\"https:\\\/\\\/www.link2fleet.com\\\/fr\\\/#\\\/schema\\\/person\\\/027cd46113c78036b3809c9a054049da\",\"name\":\"Damien Malvetti\",\"image\":{\"@type\":\"ImageObject\",\"inLanguage\":\"fr-FR\",\"@id\":\"https:\\\/\\\/secure.gravatar.com\\\/avatar\\\/dd8cc03b49466c735f753ac37f8caa371af16dfed347456ed61f02883255eebb?s=96&d=mm&r=g\",\"url\":\"https:\\\/\\\/secure.gravatar.com\\\/avatar\\\/dd8cc03b49466c735f753ac37f8caa371af16dfed347456ed61f02883255eebb?s=96&d=mm&r=g\",\"contentUrl\":\"https:\\\/\\\/secure.gravatar.com\\\/avatar\\\/dd8cc03b49466c735f753ac37f8caa371af16dfed347456ed61f02883255eebb?s=96&d=mm&r=g\",\"caption\":\"Damien Malvetti\"},\"description\":\"Damien Malvetti is opgeleid als journalist en gepassioneerd door wagens, technologie en mobiliteit. Hij is verantwoordelijk voor de redactionele inhoud van link2fleet en beschikt over een uitgebreide kennis van de fleet-sector en elektrische mobiliteit.\",\"sameAs\":[\"https:\\\/\\\/www.linkedin.com\\\/in\\\/damien-malvetti-56601142\\\/\"]}]}<\/script>\n<!-- \/ Yoast SEO plugin. -->","yoast_head_json":{"title":"Fiscalit\u00e9: 2026 se pr\u00e9pare d\u00e8s aujourd\u2019hui! - link2fleet","description":"Plus personne ne l\u2019ignore : d\u2019ici 2026, le gouvernement souhaite que le parc automobile fleet devienne \u00e9lectrique. Mais cette nouvelle loi aura d\u00e9j\u00e0 un impact\u2026","robots":{"index":"index","follow":"follow","max-snippet":"max-snippet:-1","max-image-preview":"max-image-preview:large","max-video-preview":"max-video-preview:-1"},"og_locale":"fr_FR","og_type":"article","og_title":"Fiscalit\u00e9: 2026 se pr\u00e9pare d\u00e8s aujourd\u2019hui! - link2fleet","og_description":"Plus personne ne l\u2019ignore : d\u2019ici 2026, le gouvernement souhaite que le parc automobile fleet devienne \u00e9lectrique. Mais cette nouvelle loi aura d\u00e9j\u00e0 un impact\u2026","og_url":"https:\/\/www.link2fleet.com\/fr\/fiscalite-2026-se-prepare-des-aujourdhui\/","og_site_name":"link2fleet","article_published_time":"2022-02-04T15:26:40+00:00","article_modified_time":"2024-04-17T14:47:53+00:00","og_image":[{"width":2560,"height":1440,"url":"https:\/\/static.link2fleet.com\/wp-content\/uploads\/2024\/03\/carfiscality2020.jpg","type":"image\/jpeg"}],"author":"Damien Malvetti","twitter_card":"summary_large_image","twitter_description":"Plus personne ne l\u2019ignore : d\u2019ici 2026, le gouvernement souhaite que le parc automobile fleet devienne \u00e9lectrique. Mais cette nouvelle loi aura d\u00e9j\u00e0 un impact\u2026","twitter_misc":{"\u00c9crit par":"Damien Malvetti","Dur\u00e9e de lecture estim\u00e9e":"3 minutes"},"schema":{"@context":"https:\/\/schema.org","@graph":[{"@type":"Article","@id":"https:\/\/www.link2fleet.com\/fr\/fiscalite-2026-se-prepare-des-aujourdhui\/#article","isPartOf":{"@id":"https:\/\/www.link2fleet.com\/fr\/fiscalite-2026-se-prepare-des-aujourdhui\/"},"author":{"name":"Damien Malvetti","@id":"https:\/\/www.link2fleet.com\/fr\/#\/schema\/person\/027cd46113c78036b3809c9a054049da"},"headline":"Fiscalit\u00e9: 2026 se pr\u00e9pare d\u00e8s aujourd\u2019hui!","datePublished":"2022-02-04T15:26:40+00:00","dateModified":"2024-04-17T14:47:53+00:00","mainEntityOfPage":{"@id":"https:\/\/www.link2fleet.com\/fr\/fiscalite-2026-se-prepare-des-aujourdhui\/"},"wordCount":587,"publisher":{"@id":"https:\/\/www.link2fleet.com\/fr\/#organization"},"image":{"@id":"https:\/\/www.link2fleet.com\/fr\/fiscalite-2026-se-prepare-des-aujourdhui\/#primaryimage"},"thumbnailUrl":"https:\/\/static.link2fleet.com\/wp-content\/uploads\/2024\/03\/carfiscality2020.jpg","articleSection":["Non classifi\u00e9(e)"],"inLanguage":"fr-FR"},{"@type":"WebPage","@id":"https:\/\/www.link2fleet.com\/fr\/fiscalite-2026-se-prepare-des-aujourdhui\/","url":"https:\/\/www.link2fleet.com\/fr\/fiscalite-2026-se-prepare-des-aujourdhui\/","name":"Fiscalit\u00e9: 2026 se pr\u00e9pare d\u00e8s aujourd\u2019hui! - link2fleet","isPartOf":{"@id":"https:\/\/www.link2fleet.com\/fr\/#website"},"primaryImageOfPage":{"@id":"https:\/\/www.link2fleet.com\/fr\/fiscalite-2026-se-prepare-des-aujourdhui\/#primaryimage"},"image":{"@id":"https:\/\/www.link2fleet.com\/fr\/fiscalite-2026-se-prepare-des-aujourdhui\/#primaryimage"},"thumbnailUrl":"https:\/\/static.link2fleet.com\/wp-content\/uploads\/2024\/03\/carfiscality2020.jpg","datePublished":"2022-02-04T15:26:40+00:00","dateModified":"2024-04-17T14:47:53+00:00","breadcrumb":{"@id":"https:\/\/www.link2fleet.com\/fr\/fiscalite-2026-se-prepare-des-aujourdhui\/#breadcrumb"},"inLanguage":"fr-FR","potentialAction":[{"@type":"ReadAction","target":["https:\/\/www.link2fleet.com\/fr\/fiscalite-2026-se-prepare-des-aujourdhui\/"]}]},{"@type":"ImageObject","inLanguage":"fr-FR","@id":"https:\/\/www.link2fleet.com\/fr\/fiscalite-2026-se-prepare-des-aujourdhui\/#primaryimage","url":"https:\/\/static.link2fleet.com\/wp-content\/uploads\/2024\/03\/carfiscality2020.jpg","contentUrl":"https:\/\/static.link2fleet.com\/wp-content\/uploads\/2024\/03\/carfiscality2020.jpg","width":2560,"height":1440,"caption":"|"},{"@type":"BreadcrumbList","@id":"https:\/\/www.link2fleet.com\/fr\/fiscalite-2026-se-prepare-des-aujourdhui\/#breadcrumb","itemListElement":[{"@type":"ListItem","position":1,"name":"Home","item":"https:\/\/www.link2fleet.com\/fr\/"},{"@type":"ListItem","position":2,"name":"Fiscalit\u00e9: 2026 se pr\u00e9pare d\u00e8s aujourd\u2019hui!"}]},{"@type":"WebSite","@id":"https:\/\/www.link2fleet.com\/fr\/#website","url":"https:\/\/www.link2fleet.com\/fr\/","name":"Link2fleet","description":"","publisher":{"@id":"https:\/\/www.link2fleet.com\/fr\/#organization"},"potentialAction":[{"@type":"SearchAction","target":{"@type":"EntryPoint","urlTemplate":"https:\/\/www.link2fleet.com\/fr\/?s={search_term_string}"},"query-input":{"@type":"PropertyValueSpecification","valueRequired":true,"valueName":"search_term_string"}}],"inLanguage":"fr-FR"},{"@type":"Organization","@id":"https:\/\/www.link2fleet.com\/fr\/#organization","name":"Link2fleet","url":"https:\/\/www.link2fleet.com\/fr\/","logo":{"@type":"ImageObject","inLanguage":"fr-FR","@id":"https:\/\/www.link2fleet.com\/fr\/#\/schema\/logo\/image\/","url":"https:\/\/static.link2fleet.com\/wp-content\/uploads\/2024\/03\/share-image.jpg","contentUrl":"https:\/\/static.link2fleet.com\/wp-content\/uploads\/2024\/03\/share-image.jpg","width":1200,"height":630,"caption":"Link2fleet"},"image":{"@id":"https:\/\/www.link2fleet.com\/fr\/#\/schema\/logo\/image\/"},"sameAs":["https:\/\/www.linkedin.com\/company\/link2fleet-belgium","https:\/\/www.youtube.com\/user\/MMMBMBE"]},{"@type":"Person","@id":"https:\/\/www.link2fleet.com\/fr\/#\/schema\/person\/027cd46113c78036b3809c9a054049da","name":"Damien Malvetti","image":{"@type":"ImageObject","inLanguage":"fr-FR","@id":"https:\/\/secure.gravatar.com\/avatar\/dd8cc03b49466c735f753ac37f8caa371af16dfed347456ed61f02883255eebb?s=96&d=mm&r=g","url":"https:\/\/secure.gravatar.com\/avatar\/dd8cc03b49466c735f753ac37f8caa371af16dfed347456ed61f02883255eebb?s=96&d=mm&r=g","contentUrl":"https:\/\/secure.gravatar.com\/avatar\/dd8cc03b49466c735f753ac37f8caa371af16dfed347456ed61f02883255eebb?s=96&d=mm&r=g","caption":"Damien Malvetti"},"description":"Damien Malvetti is opgeleid als journalist en gepassioneerd door wagens, technologie en mobiliteit. Hij is verantwoordelijk voor de redactionele inhoud van link2fleet en beschikt over een uitgebreide kennis van de fleet-sector en elektrische mobiliteit.","sameAs":["https:\/\/www.linkedin.com\/in\/damien-malvetti-56601142\/"]}]}},"_links":{"self":[{"href":"https:\/\/www.link2fleet.com\/fr\/wp-json\/wp\/v2\/posts\/5576","targetHints":{"allow":["GET"]}}],"collection":[{"href":"https:\/\/www.link2fleet.com\/fr\/wp-json\/wp\/v2\/posts"}],"about":[{"href":"https:\/\/www.link2fleet.com\/fr\/wp-json\/wp\/v2\/types\/post"}],"author":[{"embeddable":true,"href":"https:\/\/www.link2fleet.com\/fr\/wp-json\/wp\/v2\/users\/4"}],"replies":[{"embeddable":true,"href":"https:\/\/www.link2fleet.com\/fr\/wp-json\/wp\/v2\/comments?post=5576"}],"version-history":[{"count":0,"href":"https:\/\/www.link2fleet.com\/fr\/wp-json\/wp\/v2\/posts\/5576\/revisions"}],"wp:featuredmedia":[{"embeddable":true,"href":"https:\/\/www.link2fleet.com\/fr\/wp-json\/wp\/v2\/media\/1728"}],"wp:attachment":[{"href":"https:\/\/www.link2fleet.com\/fr\/wp-json\/wp\/v2\/media?parent=5576"}],"wp:term":[{"taxonomy":"category","embeddable":true,"href":"https:\/\/www.link2fleet.com\/fr\/wp-json\/wp\/v2\/categories?post=5576"},{"taxonomy":"post_tag","embeddable":true,"href":"https:\/\/www.link2fleet.com\/fr\/wp-json\/wp\/v2\/tags?post=5576"}],"curies":[{"name":"wp","href":"https:\/\/api.w.org\/{rel}","templated":true}]}}