{"id":558,"date":"2024-01-16T15:12:41","date_gmt":"2024-01-16T14:12:41","guid":{"rendered":"https:\/\/www.link2fleet.com\/radius-lance-sa-carte-de-recharge-dediee-aux-vehicules-hybrides-et-electriques\/"},"modified":"2024-01-29T11:37:50","modified_gmt":"2024-01-29T10:37:50","slug":"radius-lance-sa-carte-de-recharge-dediee-aux-vehicules-hybrides-et-electriques","status":"publish","type":"post","link":"https:\/\/www.link2fleet.com\/fr\/radius-lance-sa-carte-de-recharge-dediee-aux-vehicules-hybrides-et-electriques\/","title":{"rendered":"Radius lance sa carte de recharge d\u00e9di\u00e9e aux v\u00e9hicules hybrides et \u00e9lectriques"},"content":{"rendered":"<p>\u00c0 mesure que les entreprises migrent vers le \u00ab tout \u00e9lectrique\u00a0\u00bb, leur flotte de camionnettes et de v\u00e9hicules d\u2019entreprise se partage entre combustibles fossiles et \u00e9nergie \u00e9lectrique. Elles doivent alors g\u00e9n\u00e9ralement se tourner vers une carte de recharge d\u00e9di\u00e9e sp\u00e9cifiquement aux v\u00e9hicules \u00e9lectriques venant s\u2019ajouter \u00e0 leur carte carburant classique, ce qui entra\u00eene une surcharge administrative.<\/p>\n<p>Gr\u00e2ce \u00e0 Fleetpass, la toute nouvelle carte tout-en-un propos\u00e9e par Radius, les clients ont d\u00e9sormais la possibilit\u00e9 de \u00ab\u00a0recharger\u00a0\u00bb les deux types de v\u00e9hicules \u00e0 l\u2019aide d\u2019une seule et m\u00eame carte. Ils ne re\u00e7oivent qu\u2019une seule facture, ce qui r\u00e9duit ainsi leurs tracas administratifs.<\/p>\n<p>Ne g\u00e9rer qu\u2019une seule et unique carte permet aux entreprises de basculer plus facilement vers une flotte neutre en CO2. La carte Fleetpass ayant \u00e9t\u00e9 pens\u00e9e dans une optique de durabilit\u00e9, elle est bien s\u00fbr fabriqu\u00e9e \u00e0 partir de mat\u00e9riaux recycl\u00e9s.<\/p>\n<blockquote><p>\u00ab\u00a0Notre monde \u00e9volue rapidement. En tant qu\u2019entreprise, Radius donnera toujours la priorit\u00e9 aux activit\u00e9s de ses clients. Notre objectif est de leur faciliter la vie\u00a0:\u00a0 avec le lancement de cette carte hybride Fleetpass (carburant fossile et \u00e9nergie \u00e9lectrique), ils b\u00e9n\u00e9ficieront d\u2019un r\u00e9el confort d\u2019utilisation. La priorit\u00e9 de Radius\u00a0? Accompagner nos clients dans leur transition \u00e9nerg\u00e9tique tout en assurant l\u2019efficacit\u00e9 de leurs activit\u00e9s\u00a0!\u00a0\u00bb Frederic de Broux, Country Director Radius pour la Belgique.<\/p><\/blockquote>\n<p>&nbsp;<\/p>\n<p>En Belgique, Radius compte aujourd\u2019hui 80\u00a0000\u00a0clients et 200\u00a0000\u00a0cartes carburant actives, donnant acc\u00e8s \u00e0 98\u00a0% des stations-service du pays. Avec plus de 23\u00a0000\u00a0points de recharge publics dans le pays et plus de 450\u00a0000 en Europe, cette nouvelle carte facilitera encore la mobilit\u00e9 des entreprises.<\/p>\n<p>Radius a commenc\u00e9 \u00e0 op\u00e9rer en Belgique en 2004 et dispose aujourd&rsquo;hui de trois bureaux, dont le dernier a ouvert \u00e0 Anvers en 2022. L\u2019entreprise emploie 120 personnes dans le pays.<\/p>\n","protected":false},"excerpt":{"rendered":"<p>\u00c0 mesure que les entreprises migrent vers le \u00ab tout \u00e9lectrique\u00a0\u00bb, leur flotte de camionnettes et de v\u00e9hicules d\u2019entreprise se partage entre combustibles fossiles et \u00e9nergie \u00e9lectrique. Elles doivent alors g\u00e9n\u00e9ralement se tourner vers une carte de recharge d\u00e9di\u00e9e sp\u00e9cifiquement aux v\u00e9hicules \u00e9lectriques venant s\u2019ajouter \u00e0 leur carte carburant classique, ce qui entra\u00eene une surcharge [&hellip;]<\/p>\n","protected":false},"author":43,"featured_media":559,"comment_status":"closed","ping_status":"closed","sticky":false,"template":"","format":"standard","meta":{"_acf_changed":false,"footnotes":""},"categories":[81,91],"tags":[],"class_list":["post-558","post","type-post","status-publish","format-standard","has-post-thumbnail","hentry","category-gestion-de-carburant-et-energie","category-expertise-et-management"],"acf":[],"yoast_head":"<!-- This site is optimized with the Yoast SEO plugin v27.3 - https:\/\/yoast.com\/product\/yoast-seo-wordpress\/ -->\n<title>Radius lance sa carte de recharge d\u00e9di\u00e9e aux v\u00e9hicules hybrides et \u00e9lectriques - link2fleet<\/title>\n<meta name=\"description\" content=\"Radius, leader mondial en mati\u00e8re de mobilit\u00e9 et de connectivit\u00e9, a annonc\u00e9 aujourd\u2019hui le lancement d\u2019une carte unique permettant \u00e0 ses clients en Belgique de\u2026\" \/>\n<meta name=\"robots\" content=\"index, follow, max-snippet:-1, max-image-preview:large, max-video-preview:-1\" \/>\n<meta property=\"og:locale\" content=\"fr_FR\" \/>\n<meta property=\"og:type\" content=\"article\" \/>\n<meta property=\"og:title\" content=\"Radius lance sa carte de recharge d\u00e9di\u00e9e aux v\u00e9hicules hybrides et \u00e9lectriques - link2fleet\" \/>\n<meta property=\"og:description\" content=\"Radius, leader mondial en mati\u00e8re de mobilit\u00e9 et de connectivit\u00e9, a annonc\u00e9 aujourd\u2019hui le lancement d\u2019une carte unique permettant \u00e0 ses clients en Belgique de\u2026\" \/>\n<meta property=\"og:url\" content=\"https:\/\/www.link2fleet.com\/fr\/radius-lance-sa-carte-de-recharge-dediee-aux-vehicules-hybrides-et-electriques\/\" \/>\n<meta property=\"og:site_name\" content=\"link2fleet\" \/>\n<meta property=\"article:published_time\" content=\"2024-01-16T14:12:41+00:00\" \/>\n<meta property=\"article:modified_time\" content=\"2024-01-29T10:37:50+00:00\" \/>\n<meta property=\"og:image\" content=\"https:\/\/static.link2fleet.com\/wp-content\/uploads\/2024\/01\/schermafbeelding-2024-01-16-om-160948.png\" \/>\n\t<meta property=\"og:image:width\" content=\"1116\" \/>\n\t<meta property=\"og:image:height\" content=\"692\" \/>\n\t<meta property=\"og:image:type\" content=\"image\/png\" \/>\n<meta name=\"author\" content=\"Jeroen Evens\" \/>\n<meta name=\"twitter:card\" content=\"summary_large_image\" \/>\n<meta name=\"twitter:description\" content=\"Radius, leader mondial en mati\u00e8re de mobilit\u00e9 et de connectivit\u00e9, a annonc\u00e9 aujourd\u2019hui le lancement d\u2019une carte unique permettant \u00e0 ses clients en Belgique de\u2026\" \/>\n<meta name=\"twitter:label1\" content=\"\u00c9crit par\" \/>\n\t<meta name=\"twitter:data1\" content=\"Jeroen Evens\" \/>\n\t<meta name=\"twitter:label2\" content=\"Dur\u00e9e de lecture estim\u00e9e\" \/>\n\t<meta name=\"twitter:data2\" content=\"2 minutes\" \/>\n<script type=\"application\/ld+json\" class=\"yoast-schema-graph\">{\"@context\":\"https:\\\/\\\/schema.org\",\"@graph\":[{\"@type\":\"Article\",\"@id\":\"https:\\\/\\\/www.link2fleet.com\\\/fr\\\/radius-lance-sa-carte-de-recharge-dediee-aux-vehicules-hybrides-et-electriques\\\/#article\",\"isPartOf\":{\"@id\":\"https:\\\/\\\/www.link2fleet.com\\\/fr\\\/radius-lance-sa-carte-de-recharge-dediee-aux-vehicules-hybrides-et-electriques\\\/\"},\"author\":{\"name\":\"Jeroen Evens\",\"@id\":\"https:\\\/\\\/www.link2fleet.com\\\/fr\\\/#\\\/schema\\\/person\\\/3f23fa5cf039e25761156c930f6bf38f\"},\"headline\":\"Radius lance sa carte de recharge d\u00e9di\u00e9e aux v\u00e9hicules hybrides et \u00e9lectriques\",\"datePublished\":\"2024-01-16T14:12:41+00:00\",\"dateModified\":\"2024-01-29T10:37:50+00:00\",\"mainEntityOfPage\":{\"@id\":\"https:\\\/\\\/www.link2fleet.com\\\/fr\\\/radius-lance-sa-carte-de-recharge-dediee-aux-vehicules-hybrides-et-electriques\\\/\"},\"wordCount\":330,\"publisher\":{\"@id\":\"https:\\\/\\\/www.link2fleet.com\\\/fr\\\/#organization\"},\"image\":{\"@id\":\"https:\\\/\\\/www.link2fleet.com\\\/fr\\\/radius-lance-sa-carte-de-recharge-dediee-aux-vehicules-hybrides-et-electriques\\\/#primaryimage\"},\"thumbnailUrl\":\"https:\\\/\\\/static.link2fleet.com\\\/wp-content\\\/uploads\\\/2024\\\/01\\\/schermafbeelding-2024-01-16-om-160948.png\",\"articleSection\":[\"Gestion carburant et de l'\u00e9nergie\",\"Gestion de flotte\"],\"inLanguage\":\"fr-FR\"},{\"@type\":\"WebPage\",\"@id\":\"https:\\\/\\\/www.link2fleet.com\\\/fr\\\/radius-lance-sa-carte-de-recharge-dediee-aux-vehicules-hybrides-et-electriques\\\/\",\"url\":\"https:\\\/\\\/www.link2fleet.com\\\/fr\\\/radius-lance-sa-carte-de-recharge-dediee-aux-vehicules-hybrides-et-electriques\\\/\",\"name\":\"Radius lance sa carte de recharge d\u00e9di\u00e9e aux v\u00e9hicules hybrides et \u00e9lectriques - link2fleet\",\"isPartOf\":{\"@id\":\"https:\\\/\\\/www.link2fleet.com\\\/fr\\\/#website\"},\"primaryImageOfPage\":{\"@id\":\"https:\\\/\\\/www.link2fleet.com\\\/fr\\\/radius-lance-sa-carte-de-recharge-dediee-aux-vehicules-hybrides-et-electriques\\\/#primaryimage\"},\"image\":{\"@id\":\"https:\\\/\\\/www.link2fleet.com\\\/fr\\\/radius-lance-sa-carte-de-recharge-dediee-aux-vehicules-hybrides-et-electriques\\\/#primaryimage\"},\"thumbnailUrl\":\"https:\\\/\\\/static.link2fleet.com\\\/wp-content\\\/uploads\\\/2024\\\/01\\\/schermafbeelding-2024-01-16-om-160948.png\",\"datePublished\":\"2024-01-16T14:12:41+00:00\",\"dateModified\":\"2024-01-29T10:37:50+00:00\",\"breadcrumb\":{\"@id\":\"https:\\\/\\\/www.link2fleet.com\\\/fr\\\/radius-lance-sa-carte-de-recharge-dediee-aux-vehicules-hybrides-et-electriques\\\/#breadcrumb\"},\"inLanguage\":\"fr-FR\",\"potentialAction\":[{\"@type\":\"ReadAction\",\"target\":[\"https:\\\/\\\/www.link2fleet.com\\\/fr\\\/radius-lance-sa-carte-de-recharge-dediee-aux-vehicules-hybrides-et-electriques\\\/\"]}]},{\"@type\":\"ImageObject\",\"inLanguage\":\"fr-FR\",\"@id\":\"https:\\\/\\\/www.link2fleet.com\\\/fr\\\/radius-lance-sa-carte-de-recharge-dediee-aux-vehicules-hybrides-et-electriques\\\/#primaryimage\",\"url\":\"https:\\\/\\\/static.link2fleet.com\\\/wp-content\\\/uploads\\\/2024\\\/01\\\/schermafbeelding-2024-01-16-om-160948.png\",\"contentUrl\":\"https:\\\/\\\/static.link2fleet.com\\\/wp-content\\\/uploads\\\/2024\\\/01\\\/schermafbeelding-2024-01-16-om-160948.png\",\"width\":1116,\"height\":692},{\"@type\":\"BreadcrumbList\",\"@id\":\"https:\\\/\\\/www.link2fleet.com\\\/fr\\\/radius-lance-sa-carte-de-recharge-dediee-aux-vehicules-hybrides-et-electriques\\\/#breadcrumb\",\"itemListElement\":[{\"@type\":\"ListItem\",\"position\":1,\"name\":\"Home\",\"item\":\"https:\\\/\\\/www.link2fleet.com\\\/fr\\\/\"},{\"@type\":\"ListItem\",\"position\":2,\"name\":\"Radius lance sa carte de recharge d\u00e9di\u00e9e aux v\u00e9hicules hybrides et \u00e9lectriques\"}]},{\"@type\":\"WebSite\",\"@id\":\"https:\\\/\\\/www.link2fleet.com\\\/fr\\\/#website\",\"url\":\"https:\\\/\\\/www.link2fleet.com\\\/fr\\\/\",\"name\":\"Link2fleet\",\"description\":\"\",\"publisher\":{\"@id\":\"https:\\\/\\\/www.link2fleet.com\\\/fr\\\/#organization\"},\"potentialAction\":[{\"@type\":\"SearchAction\",\"target\":{\"@type\":\"EntryPoint\",\"urlTemplate\":\"https:\\\/\\\/www.link2fleet.com\\\/fr\\\/?s={search_term_string}\"},\"query-input\":{\"@type\":\"PropertyValueSpecification\",\"valueRequired\":true,\"valueName\":\"search_term_string\"}}],\"inLanguage\":\"fr-FR\"},{\"@type\":\"Organization\",\"@id\":\"https:\\\/\\\/www.link2fleet.com\\\/fr\\\/#organization\",\"name\":\"Link2fleet\",\"url\":\"https:\\\/\\\/www.link2fleet.com\\\/fr\\\/\",\"logo\":{\"@type\":\"ImageObject\",\"inLanguage\":\"fr-FR\",\"@id\":\"https:\\\/\\\/www.link2fleet.com\\\/fr\\\/#\\\/schema\\\/logo\\\/image\\\/\",\"url\":\"https:\\\/\\\/static.link2fleet.com\\\/wp-content\\\/uploads\\\/2024\\\/03\\\/share-image.jpg\",\"contentUrl\":\"https:\\\/\\\/static.link2fleet.com\\\/wp-content\\\/uploads\\\/2024\\\/03\\\/share-image.jpg\",\"width\":1200,\"height\":630,\"caption\":\"Link2fleet\"},\"image\":{\"@id\":\"https:\\\/\\\/www.link2fleet.com\\\/fr\\\/#\\\/schema\\\/logo\\\/image\\\/\"},\"sameAs\":[\"https:\\\/\\\/www.linkedin.com\\\/company\\\/link2fleet-belgium\",\"https:\\\/\\\/www.youtube.com\\\/user\\\/MMMBMBE\"]},{\"@type\":\"Person\",\"@id\":\"https:\\\/\\\/www.link2fleet.com\\\/fr\\\/#\\\/schema\\\/person\\\/3f23fa5cf039e25761156c930f6bf38f\",\"name\":\"Jeroen Evens\",\"image\":{\"@type\":\"ImageObject\",\"inLanguage\":\"fr-FR\",\"@id\":\"https:\\\/\\\/secure.gravatar.com\\\/avatar\\\/6e059523a84fbec54e5ec5d0f3fb4322b7b077be22b323085f823d1d7f00f32e?s=96&d=mm&r=g\",\"url\":\"https:\\\/\\\/secure.gravatar.com\\\/avatar\\\/6e059523a84fbec54e5ec5d0f3fb4322b7b077be22b323085f823d1d7f00f32e?s=96&d=mm&r=g\",\"contentUrl\":\"https:\\\/\\\/secure.gravatar.com\\\/avatar\\\/6e059523a84fbec54e5ec5d0f3fb4322b7b077be22b323085f823d1d7f00f32e?s=96&d=mm&r=g\",\"caption\":\"Jeroen Evens\"},\"description\":\"Jeroen Evens is opgeleid in de Communicatiewetenschappen (KULeuven) en is een enthousiaste volger van alles wat met mobiliteit en bedrijfswagens te maken heeft. Als freelance journalist gespecialiseerd in de fleetsector houdt hij al drie jaar lang de vinger aan de pols van de laatste ontwikkelingen in onze sector.\"}]}<\/script>\n<!-- \/ Yoast SEO plugin. -->","yoast_head_json":{"title":"Radius lance sa carte de recharge d\u00e9di\u00e9e aux v\u00e9hicules hybrides et \u00e9lectriques - link2fleet","description":"Radius, leader mondial en mati\u00e8re de mobilit\u00e9 et de connectivit\u00e9, a annonc\u00e9 aujourd\u2019hui le lancement d\u2019une carte unique permettant \u00e0 ses clients en Belgique de\u2026","robots":{"index":"index","follow":"follow","max-snippet":"max-snippet:-1","max-image-preview":"max-image-preview:large","max-video-preview":"max-video-preview:-1"},"og_locale":"fr_FR","og_type":"article","og_title":"Radius lance sa carte de recharge d\u00e9di\u00e9e aux v\u00e9hicules hybrides et \u00e9lectriques - link2fleet","og_description":"Radius, leader mondial en mati\u00e8re de mobilit\u00e9 et de connectivit\u00e9, a annonc\u00e9 aujourd\u2019hui le lancement d\u2019une carte unique permettant \u00e0 ses clients en Belgique de\u2026","og_url":"https:\/\/www.link2fleet.com\/fr\/radius-lance-sa-carte-de-recharge-dediee-aux-vehicules-hybrides-et-electriques\/","og_site_name":"link2fleet","article_published_time":"2024-01-16T14:12:41+00:00","article_modified_time":"2024-01-29T10:37:50+00:00","og_image":[{"width":1116,"height":692,"url":"https:\/\/static.link2fleet.com\/wp-content\/uploads\/2024\/01\/schermafbeelding-2024-01-16-om-160948.png","type":"image\/png"}],"author":"Jeroen Evens","twitter_card":"summary_large_image","twitter_description":"Radius, leader mondial en mati\u00e8re de mobilit\u00e9 et de connectivit\u00e9, a annonc\u00e9 aujourd\u2019hui le lancement d\u2019une carte unique permettant \u00e0 ses clients en Belgique de\u2026","twitter_misc":{"\u00c9crit par":"Jeroen Evens","Dur\u00e9e de lecture estim\u00e9e":"2 minutes"},"schema":{"@context":"https:\/\/schema.org","@graph":[{"@type":"Article","@id":"https:\/\/www.link2fleet.com\/fr\/radius-lance-sa-carte-de-recharge-dediee-aux-vehicules-hybrides-et-electriques\/#article","isPartOf":{"@id":"https:\/\/www.link2fleet.com\/fr\/radius-lance-sa-carte-de-recharge-dediee-aux-vehicules-hybrides-et-electriques\/"},"author":{"name":"Jeroen Evens","@id":"https:\/\/www.link2fleet.com\/fr\/#\/schema\/person\/3f23fa5cf039e25761156c930f6bf38f"},"headline":"Radius lance sa carte de recharge d\u00e9di\u00e9e aux v\u00e9hicules hybrides et \u00e9lectriques","datePublished":"2024-01-16T14:12:41+00:00","dateModified":"2024-01-29T10:37:50+00:00","mainEntityOfPage":{"@id":"https:\/\/www.link2fleet.com\/fr\/radius-lance-sa-carte-de-recharge-dediee-aux-vehicules-hybrides-et-electriques\/"},"wordCount":330,"publisher":{"@id":"https:\/\/www.link2fleet.com\/fr\/#organization"},"image":{"@id":"https:\/\/www.link2fleet.com\/fr\/radius-lance-sa-carte-de-recharge-dediee-aux-vehicules-hybrides-et-electriques\/#primaryimage"},"thumbnailUrl":"https:\/\/static.link2fleet.com\/wp-content\/uploads\/2024\/01\/schermafbeelding-2024-01-16-om-160948.png","articleSection":["Gestion carburant et de l'\u00e9nergie","Gestion de flotte"],"inLanguage":"fr-FR"},{"@type":"WebPage","@id":"https:\/\/www.link2fleet.com\/fr\/radius-lance-sa-carte-de-recharge-dediee-aux-vehicules-hybrides-et-electriques\/","url":"https:\/\/www.link2fleet.com\/fr\/radius-lance-sa-carte-de-recharge-dediee-aux-vehicules-hybrides-et-electriques\/","name":"Radius lance sa carte de recharge d\u00e9di\u00e9e aux v\u00e9hicules hybrides et \u00e9lectriques - link2fleet","isPartOf":{"@id":"https:\/\/www.link2fleet.com\/fr\/#website"},"primaryImageOfPage":{"@id":"https:\/\/www.link2fleet.com\/fr\/radius-lance-sa-carte-de-recharge-dediee-aux-vehicules-hybrides-et-electriques\/#primaryimage"},"image":{"@id":"https:\/\/www.link2fleet.com\/fr\/radius-lance-sa-carte-de-recharge-dediee-aux-vehicules-hybrides-et-electriques\/#primaryimage"},"thumbnailUrl":"https:\/\/static.link2fleet.com\/wp-content\/uploads\/2024\/01\/schermafbeelding-2024-01-16-om-160948.png","datePublished":"2024-01-16T14:12:41+00:00","dateModified":"2024-01-29T10:37:50+00:00","breadcrumb":{"@id":"https:\/\/www.link2fleet.com\/fr\/radius-lance-sa-carte-de-recharge-dediee-aux-vehicules-hybrides-et-electriques\/#breadcrumb"},"inLanguage":"fr-FR","potentialAction":[{"@type":"ReadAction","target":["https:\/\/www.link2fleet.com\/fr\/radius-lance-sa-carte-de-recharge-dediee-aux-vehicules-hybrides-et-electriques\/"]}]},{"@type":"ImageObject","inLanguage":"fr-FR","@id":"https:\/\/www.link2fleet.com\/fr\/radius-lance-sa-carte-de-recharge-dediee-aux-vehicules-hybrides-et-electriques\/#primaryimage","url":"https:\/\/static.link2fleet.com\/wp-content\/uploads\/2024\/01\/schermafbeelding-2024-01-16-om-160948.png","contentUrl":"https:\/\/static.link2fleet.com\/wp-content\/uploads\/2024\/01\/schermafbeelding-2024-01-16-om-160948.png","width":1116,"height":692},{"@type":"BreadcrumbList","@id":"https:\/\/www.link2fleet.com\/fr\/radius-lance-sa-carte-de-recharge-dediee-aux-vehicules-hybrides-et-electriques\/#breadcrumb","itemListElement":[{"@type":"ListItem","position":1,"name":"Home","item":"https:\/\/www.link2fleet.com\/fr\/"},{"@type":"ListItem","position":2,"name":"Radius lance sa carte de recharge d\u00e9di\u00e9e aux v\u00e9hicules hybrides et \u00e9lectriques"}]},{"@type":"WebSite","@id":"https:\/\/www.link2fleet.com\/fr\/#website","url":"https:\/\/www.link2fleet.com\/fr\/","name":"Link2fleet","description":"","publisher":{"@id":"https:\/\/www.link2fleet.com\/fr\/#organization"},"potentialAction":[{"@type":"SearchAction","target":{"@type":"EntryPoint","urlTemplate":"https:\/\/www.link2fleet.com\/fr\/?s={search_term_string}"},"query-input":{"@type":"PropertyValueSpecification","valueRequired":true,"valueName":"search_term_string"}}],"inLanguage":"fr-FR"},{"@type":"Organization","@id":"https:\/\/www.link2fleet.com\/fr\/#organization","name":"Link2fleet","url":"https:\/\/www.link2fleet.com\/fr\/","logo":{"@type":"ImageObject","inLanguage":"fr-FR","@id":"https:\/\/www.link2fleet.com\/fr\/#\/schema\/logo\/image\/","url":"https:\/\/static.link2fleet.com\/wp-content\/uploads\/2024\/03\/share-image.jpg","contentUrl":"https:\/\/static.link2fleet.com\/wp-content\/uploads\/2024\/03\/share-image.jpg","width":1200,"height":630,"caption":"Link2fleet"},"image":{"@id":"https:\/\/www.link2fleet.com\/fr\/#\/schema\/logo\/image\/"},"sameAs":["https:\/\/www.linkedin.com\/company\/link2fleet-belgium","https:\/\/www.youtube.com\/user\/MMMBMBE"]},{"@type":"Person","@id":"https:\/\/www.link2fleet.com\/fr\/#\/schema\/person\/3f23fa5cf039e25761156c930f6bf38f","name":"Jeroen Evens","image":{"@type":"ImageObject","inLanguage":"fr-FR","@id":"https:\/\/secure.gravatar.com\/avatar\/6e059523a84fbec54e5ec5d0f3fb4322b7b077be22b323085f823d1d7f00f32e?s=96&d=mm&r=g","url":"https:\/\/secure.gravatar.com\/avatar\/6e059523a84fbec54e5ec5d0f3fb4322b7b077be22b323085f823d1d7f00f32e?s=96&d=mm&r=g","contentUrl":"https:\/\/secure.gravatar.com\/avatar\/6e059523a84fbec54e5ec5d0f3fb4322b7b077be22b323085f823d1d7f00f32e?s=96&d=mm&r=g","caption":"Jeroen Evens"},"description":"Jeroen Evens is opgeleid in de Communicatiewetenschappen (KULeuven) en is een enthousiaste volger van alles wat met mobiliteit en bedrijfswagens te maken heeft. Als freelance journalist gespecialiseerd in de fleetsector houdt hij al drie jaar lang de vinger aan de pols van de laatste ontwikkelingen in onze sector."}]}},"_links":{"self":[{"href":"https:\/\/www.link2fleet.com\/fr\/wp-json\/wp\/v2\/posts\/558","targetHints":{"allow":["GET"]}}],"collection":[{"href":"https:\/\/www.link2fleet.com\/fr\/wp-json\/wp\/v2\/posts"}],"about":[{"href":"https:\/\/www.link2fleet.com\/fr\/wp-json\/wp\/v2\/types\/post"}],"author":[{"embeddable":true,"href":"https:\/\/www.link2fleet.com\/fr\/wp-json\/wp\/v2\/users\/43"}],"replies":[{"embeddable":true,"href":"https:\/\/www.link2fleet.com\/fr\/wp-json\/wp\/v2\/comments?post=558"}],"version-history":[{"count":0,"href":"https:\/\/www.link2fleet.com\/fr\/wp-json\/wp\/v2\/posts\/558\/revisions"}],"wp:featuredmedia":[{"embeddable":true,"href":"https:\/\/www.link2fleet.com\/fr\/wp-json\/wp\/v2\/media\/559"}],"wp:attachment":[{"href":"https:\/\/www.link2fleet.com\/fr\/wp-json\/wp\/v2\/media?parent=558"}],"wp:term":[{"taxonomy":"category","embeddable":true,"href":"https:\/\/www.link2fleet.com\/fr\/wp-json\/wp\/v2\/categories?post=558"},{"taxonomy":"post_tag","embeddable":true,"href":"https:\/\/www.link2fleet.com\/fr\/wp-json\/wp\/v2\/tags?post=558"}],"curies":[{"name":"wp","href":"https:\/\/api.w.org\/{rel}","templated":true}]}}