{"id":564,"date":"2024-01-18T11:02:19","date_gmt":"2024-01-18T10:02:19","guid":{"rendered":"https:\/\/www.link2fleet.com\/moving-intelligence-et-echoes-sassocient-pour-redessiner-lavenir-des-solutions-europeennes-en-matiere-de-vehicules-connectes\/"},"modified":"2024-01-29T11:37:52","modified_gmt":"2024-01-29T10:37:52","slug":"moving-intelligence-et-echoes-sassocient-pour-redessiner-lavenir-des-solutions-europeennes-en-matiere-de-vehicules-connectes","status":"publish","type":"post","link":"https:\/\/www.link2fleet.com\/fr\/moving-intelligence-et-echoes-sassocient-pour-redessiner-lavenir-des-solutions-europeennes-en-matiere-de-vehicules-connectes\/","title":{"rendered":"Moving Intelligence et Echoes s&rsquo;associent pour redessiner l&rsquo;avenir des solutions europ\u00e9ennes en mati\u00e8re de v\u00e9hicules connect\u00e9s"},"content":{"rendered":"<p>Echoes fournit des solutions de gestion de flotte et de s\u00e9curit\u00e9 en se connectant directement aux unit\u00e9s t\u00e9l\u00e9matiques int\u00e9gr\u00e9es par les OEM, dont sont \u00e9quip\u00e9s la plupart des v\u00e9hicules r\u00e9cents. Cela r\u00e9duit consid\u00e9rablement les co\u00fbts de mat\u00e9riel et d&rsquo;installation, les temps d\u2019immobilisation ainsi que les co\u00fbts de gestion et de service pour les op\u00e9rateurs de flotte. Echoes s&rsquo;int\u00e8gre dans un large \u00e9ventail de nouveaux v\u00e9hicules (&gt;90%) et sa compatibilit\u00e9 avec les OEM continue de s&rsquo;accro\u00eetre de jour en jour. La soci\u00e9t\u00e9 est bas\u00e9e en France et est pr\u00e9sente notamment en Allemagne, au Royaume-Uni, au Benelux, en Italie, en Espagne et dans les pays nordiques.<\/p>\n<p><a href=\"https:\/\/www.link2fleet.com\/wp-content\/uploads\/2024\/01\/echoes-movingintelligence1.jpg\"><img loading=\"lazy\" decoding=\"async\" class=\"aligncenter  wp-image-1303413\" src=\"https:\/\/www.link2fleet.com\/wp-content\/uploads\/2024\/01\/echoes-movingintelligence1-1024x1024.jpg\" alt=\"\" width=\"466\" height=\"466\" \/><\/a><\/p>\n<p>&nbsp;<\/p>\n<p><strong>Des solutions avanc\u00e9es accessibles en un clic <\/strong><strong><br \/>\n<\/strong>Cette transaction historique anticipe les tendances strat\u00e9giques dans le domaine de la mobilit\u00e9 connect\u00e9e et est principalement motiv\u00e9e par notre d\u00e9sir de permettre aux clients d&rsquo;acc\u00e9der \u00e0 des solutions simples et efficaces en un clic. Ensemble, Echoes et Moving Intelligence peuvent fournir une gamme compl\u00e8te de solutions t\u00e9l\u00e9matiques avanc\u00e9es dans les domaines de la s\u00e9curit\u00e9, de la gestion de flotte, du suivi des actifs non motoris\u00e9s et de la durabilit\u00e9 \u00e0 une base de clients couvrant la location\/leasing, les concessionnaires, les entreprises ainsi que les PME.<\/p>\n<p>&nbsp;<\/p>\n<p><strong>\u00c9volutivit\u00e9 <\/strong><strong><br \/>\n<\/strong><a href=\"https:\/\/www.link2fleet.com\/wp-content\/uploads\/2024\/01\/echoes-movingintelligence3.jpg\"><img loading=\"lazy\" decoding=\"async\" class=\"alignright size-medium wp-image-1303417\" src=\"https:\/\/www.link2fleet.com\/wp-content\/uploads\/2024\/01\/echoes-movingintelligence3-225x300.jpg\" alt=\"\" width=\"225\" height=\"300\" \/><\/a>Patrick Horst, PDG de Moving Intelligence, commente : \u00ab\u00a0Nous sommes extr\u00eamement fiers de notre partenariat avec Echoes, le leader du march\u00e9 des solutions pour v\u00e9hicules connect\u00e9s, qui conna\u00eet une croissance rapide. Echoes repr\u00e9sente l&rsquo;avenir en nous permettant de nous connecter directement au v\u00e9hicule du client sans installer de mat\u00e9riel suppl\u00e9mentaire. Cela \u00e9largit notre port\u00e9e g\u00e9ographique, l&rsquo;\u00e9volutivit\u00e9 de notre offre ainsi que les services que nous pouvons fournir et, en parall\u00e8le, r\u00e9duit consid\u00e9rablement les co\u00fbts et les temps d&rsquo;arr\u00eat de l&rsquo;installation pour les clients. Il s&rsquo;agit d&rsquo;une proposition gagnant-gagnant pour nos clients, et nous travaillons d\u00e9j\u00e0 d&rsquo;arrache-pied pour int\u00e9grer les fonctionnalit\u00e9s d&rsquo;Echoes \u00e0 notre plateforme et vice-versa.\u00a0\u00bb<\/p>\n<p>\u00ab\u00a0Cette association est parfaite pour nos clients et nos partenaires\u00a0\u00bb, ajoute Mathieu Ch\u00e8nebit, pr\u00e9sident d&rsquo;Echoes, \u00ab\u00a0en ajoutant des produits de s\u00e9curit\u00e9 de haute qualit\u00e9 \u00e0 notre portefeuille, mais aussi en b\u00e9n\u00e9ficiant de la forte empreinte d\u00e9j\u00e0 existante en Europe, y compris le support local et les partenariats. Les donn\u00e9es OEM et un dispositif certifi\u00e9 offriront \u00e0 nos clients le meilleur des deux mondes\u00a0\u00bb.<\/p>\n<p><a href=\"https:\/\/www.link2fleet.com\/wp-content\/uploads\/2024\/01\/echoes-movingintelligence2.png\"><img loading=\"lazy\" decoding=\"async\" class=\"aligncenter size-large wp-image-1303415\" src=\"https:\/\/www.link2fleet.com\/wp-content\/uploads\/2024\/01\/echoes-movingintelligence2-1024x405.png\" alt=\"\" width=\"640\" height=\"253\" \/><\/a><\/p>\n<p>&nbsp;<\/p>\n<p><strong>Contexte et perspectives<br \/>\n<\/strong>Les deux entreprises partagent une forte ambition de croissance internationale et sont d\u00e9j\u00e0 des leaders des solutions t\u00e9l\u00e9matiques dans leurs domaines respectifs. La mise en commun de leur expertise les place en position optimale pour r\u00e9pondre aux besoins actuels et futurs de leurs clients. \u00c0 l&rsquo;avenir, les deux marques continueront d&rsquo;exister ind\u00e9pendamment, Moving Intelligence et Echoes fonctionnant de mani\u00e8re autonome. Les clients pourront continuer \u00e0 utiliser leurs services de confiance et, \u00e0 l&rsquo;avenir, ils auront la possibilit\u00e9 de b\u00e9n\u00e9ficier des services des deux marques. Pour les employ\u00e9s, il n&rsquo;y aura pas de changements significatifs, si ce n&rsquo;est qu&rsquo;ils feront d\u00e9sormais partie d&rsquo;une organisation internationale plus importante, travaillant en \u00e9troite collaboration pour d\u00e9ployer les solutions aupr\u00e8s des clients existants et potentiels.<\/p>\n","protected":false},"excerpt":{"rendered":"<p>Echoes fournit des solutions de gestion de flotte et de s\u00e9curit\u00e9 en se connectant directement aux unit\u00e9s t\u00e9l\u00e9matiques int\u00e9gr\u00e9es par les OEM, dont sont \u00e9quip\u00e9s la plupart des v\u00e9hicules r\u00e9cents. Cela r\u00e9duit consid\u00e9rablement les co\u00fbts de mat\u00e9riel et d&rsquo;installation, les temps d\u2019immobilisation ainsi que les co\u00fbts de gestion et de service pour les op\u00e9rateurs de [&hellip;]<\/p>\n","protected":false},"author":4,"featured_media":704,"comment_status":"closed","ping_status":"closed","sticky":false,"template":"","format":"standard","meta":{"_acf_changed":false,"footnotes":""},"categories":[91,82],"tags":[],"class_list":["post-564","post","type-post","status-publish","format-standard","has-post-thumbnail","hentry","category-expertise-et-management","category-connected-car-devices"],"acf":[],"yoast_head":"<!-- This site is optimized with the Yoast SEO plugin v27.3 - https:\/\/yoast.com\/product\/yoast-seo-wordpress\/ -->\n<title>Moving Intelligence et Echoes s&#039;associent pour redessiner l&#039;avenir des solutions europ\u00e9ennes en mati\u00e8re de v\u00e9hicules connect\u00e9s - link2fleet<\/title>\n<meta name=\"description\" content=\"Moving Intelligence, leader dans le domaine du suivi s\u00e9curis\u00e9 des actifs, de la gestion responsable des flottes et de la mobilit\u00e9 intelligente, annonce son partenariat\u2026\" \/>\n<meta name=\"robots\" content=\"index, follow, max-snippet:-1, max-image-preview:large, max-video-preview:-1\" \/>\n<meta property=\"og:locale\" content=\"fr_FR\" \/>\n<meta property=\"og:type\" content=\"article\" \/>\n<meta property=\"og:title\" content=\"Moving Intelligence et Echoes s&#039;associent pour redessiner l&#039;avenir des solutions europ\u00e9ennes en mati\u00e8re de v\u00e9hicules connect\u00e9s - link2fleet\" \/>\n<meta property=\"og:description\" content=\"Moving Intelligence, leader dans le domaine du suivi s\u00e9curis\u00e9 des actifs, de la gestion responsable des flottes et de la mobilit\u00e9 intelligente, annonce son partenariat\u2026\" \/>\n<meta property=\"og:url\" content=\"https:\/\/www.link2fleet.com\/fr\/moving-intelligence-et-echoes-sassocient-pour-redessiner-lavenir-des-solutions-europeennes-en-matiere-de-vehicules-connectes\/\" \/>\n<meta property=\"og:site_name\" content=\"link2fleet\" \/>\n<meta property=\"article:published_time\" content=\"2024-01-18T10:02:19+00:00\" \/>\n<meta property=\"article:modified_time\" content=\"2024-01-29T10:37:52+00:00\" \/>\n<meta property=\"og:image\" content=\"https:\/\/static.link2fleet.com\/wp-content\/uploads\/2024\/01\/echoes-movingintelligence2.png\" \/>\n\t<meta property=\"og:image:width\" content=\"1200\" \/>\n\t<meta property=\"og:image:height\" content=\"475\" \/>\n\t<meta property=\"og:image:type\" content=\"image\/png\" \/>\n<meta name=\"author\" content=\"Damien Malvetti\" \/>\n<meta name=\"twitter:card\" content=\"summary_large_image\" \/>\n<meta name=\"twitter:description\" content=\"Moving Intelligence, leader dans le domaine du suivi s\u00e9curis\u00e9 des actifs, de la gestion responsable des flottes et de la mobilit\u00e9 intelligente, annonce son partenariat\u2026\" \/>\n<meta name=\"twitter:label1\" content=\"\u00c9crit par\" \/>\n\t<meta name=\"twitter:data1\" content=\"Damien Malvetti\" \/>\n\t<meta name=\"twitter:label2\" content=\"Dur\u00e9e de lecture estim\u00e9e\" \/>\n\t<meta name=\"twitter:data2\" content=\"3 minutes\" \/>\n<script type=\"application\/ld+json\" class=\"yoast-schema-graph\">{\"@context\":\"https:\\\/\\\/schema.org\",\"@graph\":[{\"@type\":\"Article\",\"@id\":\"https:\\\/\\\/www.link2fleet.com\\\/fr\\\/moving-intelligence-et-echoes-sassocient-pour-redessiner-lavenir-des-solutions-europeennes-en-matiere-de-vehicules-connectes\\\/#article\",\"isPartOf\":{\"@id\":\"https:\\\/\\\/www.link2fleet.com\\\/fr\\\/moving-intelligence-et-echoes-sassocient-pour-redessiner-lavenir-des-solutions-europeennes-en-matiere-de-vehicules-connectes\\\/\"},\"author\":{\"name\":\"Damien Malvetti\",\"@id\":\"https:\\\/\\\/www.link2fleet.com\\\/fr\\\/#\\\/schema\\\/person\\\/027cd46113c78036b3809c9a054049da\"},\"headline\":\"Moving Intelligence et Echoes s&rsquo;associent pour redessiner l&rsquo;avenir des solutions europ\u00e9ennes en mati\u00e8re de v\u00e9hicules connect\u00e9s\",\"datePublished\":\"2024-01-18T10:02:19+00:00\",\"dateModified\":\"2024-01-29T10:37:52+00:00\",\"mainEntityOfPage\":{\"@id\":\"https:\\\/\\\/www.link2fleet.com\\\/fr\\\/moving-intelligence-et-echoes-sassocient-pour-redessiner-lavenir-des-solutions-europeennes-en-matiere-de-vehicules-connectes\\\/\"},\"wordCount\":598,\"publisher\":{\"@id\":\"https:\\\/\\\/www.link2fleet.com\\\/fr\\\/#organization\"},\"image\":{\"@id\":\"https:\\\/\\\/www.link2fleet.com\\\/fr\\\/moving-intelligence-et-echoes-sassocient-pour-redessiner-lavenir-des-solutions-europeennes-en-matiere-de-vehicules-connectes\\\/#primaryimage\"},\"thumbnailUrl\":\"https:\\\/\\\/static.link2fleet.com\\\/wp-content\\\/uploads\\\/2024\\\/01\\\/echoes-movingintelligence2.png\",\"articleSection\":[\"Gestion de flotte\",\"IT management et Connected cars\"],\"inLanguage\":\"fr-FR\"},{\"@type\":\"WebPage\",\"@id\":\"https:\\\/\\\/www.link2fleet.com\\\/fr\\\/moving-intelligence-et-echoes-sassocient-pour-redessiner-lavenir-des-solutions-europeennes-en-matiere-de-vehicules-connectes\\\/\",\"url\":\"https:\\\/\\\/www.link2fleet.com\\\/fr\\\/moving-intelligence-et-echoes-sassocient-pour-redessiner-lavenir-des-solutions-europeennes-en-matiere-de-vehicules-connectes\\\/\",\"name\":\"Moving Intelligence et Echoes s'associent pour redessiner l'avenir des solutions europ\u00e9ennes en mati\u00e8re de v\u00e9hicules connect\u00e9s - link2fleet\",\"isPartOf\":{\"@id\":\"https:\\\/\\\/www.link2fleet.com\\\/fr\\\/#website\"},\"primaryImageOfPage\":{\"@id\":\"https:\\\/\\\/www.link2fleet.com\\\/fr\\\/moving-intelligence-et-echoes-sassocient-pour-redessiner-lavenir-des-solutions-europeennes-en-matiere-de-vehicules-connectes\\\/#primaryimage\"},\"image\":{\"@id\":\"https:\\\/\\\/www.link2fleet.com\\\/fr\\\/moving-intelligence-et-echoes-sassocient-pour-redessiner-lavenir-des-solutions-europeennes-en-matiere-de-vehicules-connectes\\\/#primaryimage\"},\"thumbnailUrl\":\"https:\\\/\\\/static.link2fleet.com\\\/wp-content\\\/uploads\\\/2024\\\/01\\\/echoes-movingintelligence2.png\",\"datePublished\":\"2024-01-18T10:02:19+00:00\",\"dateModified\":\"2024-01-29T10:37:52+00:00\",\"breadcrumb\":{\"@id\":\"https:\\\/\\\/www.link2fleet.com\\\/fr\\\/moving-intelligence-et-echoes-sassocient-pour-redessiner-lavenir-des-solutions-europeennes-en-matiere-de-vehicules-connectes\\\/#breadcrumb\"},\"inLanguage\":\"fr-FR\",\"potentialAction\":[{\"@type\":\"ReadAction\",\"target\":[\"https:\\\/\\\/www.link2fleet.com\\\/fr\\\/moving-intelligence-et-echoes-sassocient-pour-redessiner-lavenir-des-solutions-europeennes-en-matiere-de-vehicules-connectes\\\/\"]}]},{\"@type\":\"ImageObject\",\"inLanguage\":\"fr-FR\",\"@id\":\"https:\\\/\\\/www.link2fleet.com\\\/fr\\\/moving-intelligence-et-echoes-sassocient-pour-redessiner-lavenir-des-solutions-europeennes-en-matiere-de-vehicules-connectes\\\/#primaryimage\",\"url\":\"https:\\\/\\\/static.link2fleet.com\\\/wp-content\\\/uploads\\\/2024\\\/01\\\/echoes-movingintelligence2.png\",\"contentUrl\":\"https:\\\/\\\/static.link2fleet.com\\\/wp-content\\\/uploads\\\/2024\\\/01\\\/echoes-movingintelligence2.png\",\"width\":1200,\"height\":475,\"caption\":\"||\"},{\"@type\":\"BreadcrumbList\",\"@id\":\"https:\\\/\\\/www.link2fleet.com\\\/fr\\\/moving-intelligence-et-echoes-sassocient-pour-redessiner-lavenir-des-solutions-europeennes-en-matiere-de-vehicules-connectes\\\/#breadcrumb\",\"itemListElement\":[{\"@type\":\"ListItem\",\"position\":1,\"name\":\"Home\",\"item\":\"https:\\\/\\\/www.link2fleet.com\\\/fr\\\/\"},{\"@type\":\"ListItem\",\"position\":2,\"name\":\"Moving Intelligence et Echoes s&#8217;associent pour redessiner l&#8217;avenir des solutions europ\u00e9ennes en mati\u00e8re de v\u00e9hicules connect\u00e9s\"}]},{\"@type\":\"WebSite\",\"@id\":\"https:\\\/\\\/www.link2fleet.com\\\/fr\\\/#website\",\"url\":\"https:\\\/\\\/www.link2fleet.com\\\/fr\\\/\",\"name\":\"Link2fleet\",\"description\":\"\",\"publisher\":{\"@id\":\"https:\\\/\\\/www.link2fleet.com\\\/fr\\\/#organization\"},\"potentialAction\":[{\"@type\":\"SearchAction\",\"target\":{\"@type\":\"EntryPoint\",\"urlTemplate\":\"https:\\\/\\\/www.link2fleet.com\\\/fr\\\/?s={search_term_string}\"},\"query-input\":{\"@type\":\"PropertyValueSpecification\",\"valueRequired\":true,\"valueName\":\"search_term_string\"}}],\"inLanguage\":\"fr-FR\"},{\"@type\":\"Organization\",\"@id\":\"https:\\\/\\\/www.link2fleet.com\\\/fr\\\/#organization\",\"name\":\"Link2fleet\",\"url\":\"https:\\\/\\\/www.link2fleet.com\\\/fr\\\/\",\"logo\":{\"@type\":\"ImageObject\",\"inLanguage\":\"fr-FR\",\"@id\":\"https:\\\/\\\/www.link2fleet.com\\\/fr\\\/#\\\/schema\\\/logo\\\/image\\\/\",\"url\":\"https:\\\/\\\/static.link2fleet.com\\\/wp-content\\\/uploads\\\/2024\\\/03\\\/share-image.jpg\",\"contentUrl\":\"https:\\\/\\\/static.link2fleet.com\\\/wp-content\\\/uploads\\\/2024\\\/03\\\/share-image.jpg\",\"width\":1200,\"height\":630,\"caption\":\"Link2fleet\"},\"image\":{\"@id\":\"https:\\\/\\\/www.link2fleet.com\\\/fr\\\/#\\\/schema\\\/logo\\\/image\\\/\"},\"sameAs\":[\"https:\\\/\\\/www.linkedin.com\\\/company\\\/link2fleet-belgium\",\"https:\\\/\\\/www.youtube.com\\\/user\\\/MMMBMBE\"]},{\"@type\":\"Person\",\"@id\":\"https:\\\/\\\/www.link2fleet.com\\\/fr\\\/#\\\/schema\\\/person\\\/027cd46113c78036b3809c9a054049da\",\"name\":\"Damien Malvetti\",\"image\":{\"@type\":\"ImageObject\",\"inLanguage\":\"fr-FR\",\"@id\":\"https:\\\/\\\/secure.gravatar.com\\\/avatar\\\/dd8cc03b49466c735f753ac37f8caa371af16dfed347456ed61f02883255eebb?s=96&d=mm&r=g\",\"url\":\"https:\\\/\\\/secure.gravatar.com\\\/avatar\\\/dd8cc03b49466c735f753ac37f8caa371af16dfed347456ed61f02883255eebb?s=96&d=mm&r=g\",\"contentUrl\":\"https:\\\/\\\/secure.gravatar.com\\\/avatar\\\/dd8cc03b49466c735f753ac37f8caa371af16dfed347456ed61f02883255eebb?s=96&d=mm&r=g\",\"caption\":\"Damien Malvetti\"},\"description\":\"Damien Malvetti is opgeleid als journalist en gepassioneerd door wagens, technologie en mobiliteit. Hij is verantwoordelijk voor de redactionele inhoud van link2fleet en beschikt over een uitgebreide kennis van de fleet-sector en elektrische mobiliteit.\",\"sameAs\":[\"https:\\\/\\\/www.linkedin.com\\\/in\\\/damien-malvetti-56601142\\\/\"]}]}<\/script>\n<!-- \/ Yoast SEO plugin. -->","yoast_head_json":{"title":"Moving Intelligence et Echoes s'associent pour redessiner l'avenir des solutions europ\u00e9ennes en mati\u00e8re de v\u00e9hicules connect\u00e9s - link2fleet","description":"Moving Intelligence, leader dans le domaine du suivi s\u00e9curis\u00e9 des actifs, de la gestion responsable des flottes et de la mobilit\u00e9 intelligente, annonce son partenariat\u2026","robots":{"index":"index","follow":"follow","max-snippet":"max-snippet:-1","max-image-preview":"max-image-preview:large","max-video-preview":"max-video-preview:-1"},"og_locale":"fr_FR","og_type":"article","og_title":"Moving Intelligence et Echoes s'associent pour redessiner l'avenir des solutions europ\u00e9ennes en mati\u00e8re de v\u00e9hicules connect\u00e9s - link2fleet","og_description":"Moving Intelligence, leader dans le domaine du suivi s\u00e9curis\u00e9 des actifs, de la gestion responsable des flottes et de la mobilit\u00e9 intelligente, annonce son partenariat\u2026","og_url":"https:\/\/www.link2fleet.com\/fr\/moving-intelligence-et-echoes-sassocient-pour-redessiner-lavenir-des-solutions-europeennes-en-matiere-de-vehicules-connectes\/","og_site_name":"link2fleet","article_published_time":"2024-01-18T10:02:19+00:00","article_modified_time":"2024-01-29T10:37:52+00:00","og_image":[{"width":1200,"height":475,"url":"https:\/\/static.link2fleet.com\/wp-content\/uploads\/2024\/01\/echoes-movingintelligence2.png","type":"image\/png"}],"author":"Damien Malvetti","twitter_card":"summary_large_image","twitter_description":"Moving Intelligence, leader dans le domaine du suivi s\u00e9curis\u00e9 des actifs, de la gestion responsable des flottes et de la mobilit\u00e9 intelligente, annonce son partenariat\u2026","twitter_misc":{"\u00c9crit par":"Damien Malvetti","Dur\u00e9e de lecture estim\u00e9e":"3 minutes"},"schema":{"@context":"https:\/\/schema.org","@graph":[{"@type":"Article","@id":"https:\/\/www.link2fleet.com\/fr\/moving-intelligence-et-echoes-sassocient-pour-redessiner-lavenir-des-solutions-europeennes-en-matiere-de-vehicules-connectes\/#article","isPartOf":{"@id":"https:\/\/www.link2fleet.com\/fr\/moving-intelligence-et-echoes-sassocient-pour-redessiner-lavenir-des-solutions-europeennes-en-matiere-de-vehicules-connectes\/"},"author":{"name":"Damien Malvetti","@id":"https:\/\/www.link2fleet.com\/fr\/#\/schema\/person\/027cd46113c78036b3809c9a054049da"},"headline":"Moving Intelligence et Echoes s&rsquo;associent pour redessiner l&rsquo;avenir des solutions europ\u00e9ennes en mati\u00e8re de v\u00e9hicules connect\u00e9s","datePublished":"2024-01-18T10:02:19+00:00","dateModified":"2024-01-29T10:37:52+00:00","mainEntityOfPage":{"@id":"https:\/\/www.link2fleet.com\/fr\/moving-intelligence-et-echoes-sassocient-pour-redessiner-lavenir-des-solutions-europeennes-en-matiere-de-vehicules-connectes\/"},"wordCount":598,"publisher":{"@id":"https:\/\/www.link2fleet.com\/fr\/#organization"},"image":{"@id":"https:\/\/www.link2fleet.com\/fr\/moving-intelligence-et-echoes-sassocient-pour-redessiner-lavenir-des-solutions-europeennes-en-matiere-de-vehicules-connectes\/#primaryimage"},"thumbnailUrl":"https:\/\/static.link2fleet.com\/wp-content\/uploads\/2024\/01\/echoes-movingintelligence2.png","articleSection":["Gestion de flotte","IT management et Connected cars"],"inLanguage":"fr-FR"},{"@type":"WebPage","@id":"https:\/\/www.link2fleet.com\/fr\/moving-intelligence-et-echoes-sassocient-pour-redessiner-lavenir-des-solutions-europeennes-en-matiere-de-vehicules-connectes\/","url":"https:\/\/www.link2fleet.com\/fr\/moving-intelligence-et-echoes-sassocient-pour-redessiner-lavenir-des-solutions-europeennes-en-matiere-de-vehicules-connectes\/","name":"Moving Intelligence et Echoes s'associent pour redessiner l'avenir des solutions europ\u00e9ennes en mati\u00e8re de v\u00e9hicules connect\u00e9s - link2fleet","isPartOf":{"@id":"https:\/\/www.link2fleet.com\/fr\/#website"},"primaryImageOfPage":{"@id":"https:\/\/www.link2fleet.com\/fr\/moving-intelligence-et-echoes-sassocient-pour-redessiner-lavenir-des-solutions-europeennes-en-matiere-de-vehicules-connectes\/#primaryimage"},"image":{"@id":"https:\/\/www.link2fleet.com\/fr\/moving-intelligence-et-echoes-sassocient-pour-redessiner-lavenir-des-solutions-europeennes-en-matiere-de-vehicules-connectes\/#primaryimage"},"thumbnailUrl":"https:\/\/static.link2fleet.com\/wp-content\/uploads\/2024\/01\/echoes-movingintelligence2.png","datePublished":"2024-01-18T10:02:19+00:00","dateModified":"2024-01-29T10:37:52+00:00","breadcrumb":{"@id":"https:\/\/www.link2fleet.com\/fr\/moving-intelligence-et-echoes-sassocient-pour-redessiner-lavenir-des-solutions-europeennes-en-matiere-de-vehicules-connectes\/#breadcrumb"},"inLanguage":"fr-FR","potentialAction":[{"@type":"ReadAction","target":["https:\/\/www.link2fleet.com\/fr\/moving-intelligence-et-echoes-sassocient-pour-redessiner-lavenir-des-solutions-europeennes-en-matiere-de-vehicules-connectes\/"]}]},{"@type":"ImageObject","inLanguage":"fr-FR","@id":"https:\/\/www.link2fleet.com\/fr\/moving-intelligence-et-echoes-sassocient-pour-redessiner-lavenir-des-solutions-europeennes-en-matiere-de-vehicules-connectes\/#primaryimage","url":"https:\/\/static.link2fleet.com\/wp-content\/uploads\/2024\/01\/echoes-movingintelligence2.png","contentUrl":"https:\/\/static.link2fleet.com\/wp-content\/uploads\/2024\/01\/echoes-movingintelligence2.png","width":1200,"height":475,"caption":"||"},{"@type":"BreadcrumbList","@id":"https:\/\/www.link2fleet.com\/fr\/moving-intelligence-et-echoes-sassocient-pour-redessiner-lavenir-des-solutions-europeennes-en-matiere-de-vehicules-connectes\/#breadcrumb","itemListElement":[{"@type":"ListItem","position":1,"name":"Home","item":"https:\/\/www.link2fleet.com\/fr\/"},{"@type":"ListItem","position":2,"name":"Moving Intelligence et Echoes s&#8217;associent pour redessiner l&#8217;avenir des solutions europ\u00e9ennes en mati\u00e8re de v\u00e9hicules connect\u00e9s"}]},{"@type":"WebSite","@id":"https:\/\/www.link2fleet.com\/fr\/#website","url":"https:\/\/www.link2fleet.com\/fr\/","name":"Link2fleet","description":"","publisher":{"@id":"https:\/\/www.link2fleet.com\/fr\/#organization"},"potentialAction":[{"@type":"SearchAction","target":{"@type":"EntryPoint","urlTemplate":"https:\/\/www.link2fleet.com\/fr\/?s={search_term_string}"},"query-input":{"@type":"PropertyValueSpecification","valueRequired":true,"valueName":"search_term_string"}}],"inLanguage":"fr-FR"},{"@type":"Organization","@id":"https:\/\/www.link2fleet.com\/fr\/#organization","name":"Link2fleet","url":"https:\/\/www.link2fleet.com\/fr\/","logo":{"@type":"ImageObject","inLanguage":"fr-FR","@id":"https:\/\/www.link2fleet.com\/fr\/#\/schema\/logo\/image\/","url":"https:\/\/static.link2fleet.com\/wp-content\/uploads\/2024\/03\/share-image.jpg","contentUrl":"https:\/\/static.link2fleet.com\/wp-content\/uploads\/2024\/03\/share-image.jpg","width":1200,"height":630,"caption":"Link2fleet"},"image":{"@id":"https:\/\/www.link2fleet.com\/fr\/#\/schema\/logo\/image\/"},"sameAs":["https:\/\/www.linkedin.com\/company\/link2fleet-belgium","https:\/\/www.youtube.com\/user\/MMMBMBE"]},{"@type":"Person","@id":"https:\/\/www.link2fleet.com\/fr\/#\/schema\/person\/027cd46113c78036b3809c9a054049da","name":"Damien Malvetti","image":{"@type":"ImageObject","inLanguage":"fr-FR","@id":"https:\/\/secure.gravatar.com\/avatar\/dd8cc03b49466c735f753ac37f8caa371af16dfed347456ed61f02883255eebb?s=96&d=mm&r=g","url":"https:\/\/secure.gravatar.com\/avatar\/dd8cc03b49466c735f753ac37f8caa371af16dfed347456ed61f02883255eebb?s=96&d=mm&r=g","contentUrl":"https:\/\/secure.gravatar.com\/avatar\/dd8cc03b49466c735f753ac37f8caa371af16dfed347456ed61f02883255eebb?s=96&d=mm&r=g","caption":"Damien Malvetti"},"description":"Damien Malvetti is opgeleid als journalist en gepassioneerd door wagens, technologie en mobiliteit. Hij is verantwoordelijk voor de redactionele inhoud van link2fleet en beschikt over een uitgebreide kennis van de fleet-sector en elektrische mobiliteit.","sameAs":["https:\/\/www.linkedin.com\/in\/damien-malvetti-56601142\/"]}]}},"_links":{"self":[{"href":"https:\/\/www.link2fleet.com\/fr\/wp-json\/wp\/v2\/posts\/564","targetHints":{"allow":["GET"]}}],"collection":[{"href":"https:\/\/www.link2fleet.com\/fr\/wp-json\/wp\/v2\/posts"}],"about":[{"href":"https:\/\/www.link2fleet.com\/fr\/wp-json\/wp\/v2\/types\/post"}],"author":[{"embeddable":true,"href":"https:\/\/www.link2fleet.com\/fr\/wp-json\/wp\/v2\/users\/4"}],"replies":[{"embeddable":true,"href":"https:\/\/www.link2fleet.com\/fr\/wp-json\/wp\/v2\/comments?post=564"}],"version-history":[{"count":0,"href":"https:\/\/www.link2fleet.com\/fr\/wp-json\/wp\/v2\/posts\/564\/revisions"}],"wp:featuredmedia":[{"embeddable":true,"href":"https:\/\/www.link2fleet.com\/fr\/wp-json\/wp\/v2\/media\/704"}],"wp:attachment":[{"href":"https:\/\/www.link2fleet.com\/fr\/wp-json\/wp\/v2\/media?parent=564"}],"wp:term":[{"taxonomy":"category","embeddable":true,"href":"https:\/\/www.link2fleet.com\/fr\/wp-json\/wp\/v2\/categories?post=564"},{"taxonomy":"post_tag","embeddable":true,"href":"https:\/\/www.link2fleet.com\/fr\/wp-json\/wp\/v2\/tags?post=564"}],"curies":[{"name":"wp","href":"https:\/\/api.w.org\/{rel}","templated":true}]}}