{"id":5693,"date":"2022-02-23T08:58:56","date_gmt":"2022-02-23T07:58:56","guid":{"rendered":"https:\/\/www.link2fleet.com\/livraison-de-15-citroen-ami-pour-le-reseau-ekoservices-en-collaboration-avec-le-garage-citroen-omnia-cars-mons\/"},"modified":"2024-04-17T16:47:50","modified_gmt":"2024-04-17T14:47:50","slug":"livraison-de-15-citroen-ami-pour-le-reseau-ekoservices-en-collaboration-avec-le-garage-citroen-omnia-cars-mons","status":"publish","type":"post","link":"https:\/\/www.link2fleet.com\/fr\/livraison-de-15-citroen-ami-pour-le-reseau-ekoservices-en-collaboration-avec-le-garage-citroen-omnia-cars-mons\/","title":{"rendered":"Livraison de 15 Citro\u00ebn AMI pour le r\u00e9seau Ekoservices, en collaboration avec le garage Citro\u00ebn Omnia-Cars Mons"},"content":{"rendered":"<p>Actif depuis 1999, le r\u00e9seau Ekoservices est devenu le premier op\u00e9rateur sp\u00e9cialis\u00e9 dans la prestation de services de proximit\u00e9 regroupant plus de 2.000 emplois en Wallonie et Bruxelles.\u00a0\u00a0Inscrit dans une d\u00e9marche constante d\u2019accompagnement de ses\u00a0travailleurs via,\u00a0par exemple,\u00a0le d\u00e9veloppement des maisons t\u00e9moins (agr\u00e9\u00e9es Forem formation, elles sont d\u00e9di\u00e9es \u00e0 la pr\u00e9-formation et formation au m\u00e9tier\u00a0d\u2019aide-m\u00e9nag\u00e8res), il \u00e9tait essentiel pour le Groupe de r\u00e9pondre \u00e0 un autre besoin : la probl\u00e9matique de mobilit\u00e9 rencontr\u00e9e de mani\u00e8re r\u00e9currente par les\u00a0collaborateurs (rices), prestant essentiellement en intra-muros.<\/p>\n<p><a href=\"https:\/\/www.link2fleet.com\/wp-content\/uploads\/2022\/02\/Citroen-Ami-Ekoservices-4.jpg\"><img loading=\"lazy\" decoding=\"async\" class=\"alignright size-medium wp-image-1277616\" src=\"https:\/\/www.link2fleet.com\/wp-content\/uploads\/2022\/02\/Citroen-Ami-Ekoservices-4-300x200.jpg\" alt=\"\" width=\"300\" height=\"200\" \/><\/a>En collaboration avec le garage Citro\u00ebn\u00a0Omnia-Cars Mons, <a title=\"\" contenteditable=\"false\">une solution de mobilit\u00e9 pratique, \u00e9conome et \u00e9cologique a \u00e9t\u00e9 apport\u00e9e au travers de l\u2019acquisition de 15 Citr\u00f6en AMI qui seront r\u00e9partis et mis \u00e0 disposition aupr\u00e8s des travailleurs sur les entit\u00e9s de\u00a0Mons, R\u00e9gion du Centre, Jurbise et Wallonie Picarde.<\/a>\u00a0 Cette initiative rejoint la volont\u00e9 permanente du r\u00e9seau Ekoservices d\u2019offrir \u00e0 ses travailleurs un package d\u2019emploi attractif et valorisant.<\/p>\n<p><a href=\"https:\/\/www.link2fleet.com\/wp-content\/uploads\/2022\/02\/Citroen-Ami-Ekoservices-5.jpg\"><img loading=\"lazy\" decoding=\"async\" class=\"alignleft size-medium wp-image-1277618\" src=\"https:\/\/www.link2fleet.com\/wp-content\/uploads\/2022\/02\/Citroen-Ami-Ekoservices-5-300x200.jpg\" alt=\"\" width=\"300\" height=\"200\" \/><\/a>La Citro\u00ebn Ami constitue l\u2019une des solutions de l\u2019offensive \u00e9lectrique lanc\u00e9e par Citro\u00ebn depuis 2020. Avec Ami, Citro\u00ebn propose une r\u00e9ponse aux enjeux de la mobilit\u00e9 en ville, des enjeux plus que jamais au c\u0153ur des pr\u00e9occupations et attentes des citadins. Ami est une solution de mobilit\u00e9 individuelle qui permet de se d\u00e9placer de mani\u00e8re prot\u00e9g\u00e9e dans un objet ferm\u00e9, 100 % \u00e9lectrique et accessible \u00e0 tous.<\/p>\n<p>La famille Ami s\u2019est agrandie \u00e9galement avec l\u2019arriv\u00e9e de la version utilitaire, My Ami Cargo, une solution \u00e9conomique innovante sur le march\u00e9, \u00e9lectrique, ultra compacte et pens\u00e9e pour r\u00e9pondre aux nouveaux besoins des professionnels de la livraison de petits colis sur de courtes distances, en milieu urbain jusqu\u2019aux d\u00e9placements intra sites.<\/p>\n\n","protected":false},"excerpt":{"rendered":"<p>Actif depuis 1999, le r\u00e9seau Ekoservices est devenu le premier op\u00e9rateur sp\u00e9cialis\u00e9 dans la prestation de services de proximit\u00e9 regroupant plus de 2.000 emplois en Wallonie et Bruxelles.\u00a0\u00a0Inscrit dans une d\u00e9marche constante d\u2019accompagnement de ses\u00a0travailleurs via,\u00a0par exemple,\u00a0le d\u00e9veloppement des maisons t\u00e9moins (agr\u00e9\u00e9es Forem formation, elles sont d\u00e9di\u00e9es \u00e0 la pr\u00e9-formation et formation au m\u00e9tier\u00a0d\u2019aide-m\u00e9nag\u00e8res), il [&hellip;]<\/p>\n","protected":false},"author":4,"featured_media":5694,"comment_status":"closed","ping_status":"closed","sticky":false,"template":"","format":"standard","meta":{"_acf_changed":false,"footnotes":""},"categories":[78,77,76],"tags":[],"class_list":["post-5693","post","type-post","status-publish","format-standard","has-post-thumbnail","hentry","category-fleet-dealers","category-importateurs-et-constructeurs-automobiles-vp","category-car"],"acf":[],"yoast_head":"<!-- This site is optimized with the Yoast SEO plugin v27.3 - https:\/\/yoast.com\/product\/yoast-seo-wordpress\/ -->\n<title>Livraison de 15 Citro\u00ebn AMI pour le r\u00e9seau Ekoservices, en collaboration avec le garage Citro\u00ebn Omnia-Cars Mons - link2fleet<\/title>\n<meta name=\"description\" content=\"Le vendredi 18 f\u00e9vrier, la livraison de 15 Citro\u00ebn Ami a eu lieu pour la soci\u00e9t\u00e9 Ekoservices. Avec la Citro\u00ebn Ami, Ekoservices a choisi une\u2026\" \/>\n<meta name=\"robots\" content=\"index, follow, max-snippet:-1, max-image-preview:large, max-video-preview:-1\" \/>\n<meta property=\"og:locale\" content=\"fr_FR\" \/>\n<meta property=\"og:type\" content=\"article\" \/>\n<meta property=\"og:title\" content=\"Livraison de 15 Citro\u00ebn AMI pour le r\u00e9seau Ekoservices, en collaboration avec le garage Citro\u00ebn Omnia-Cars Mons - link2fleet\" \/>\n<meta property=\"og:description\" content=\"Le vendredi 18 f\u00e9vrier, la livraison de 15 Citro\u00ebn Ami a eu lieu pour la soci\u00e9t\u00e9 Ekoservices. Avec la Citro\u00ebn Ami, Ekoservices a choisi une\u2026\" \/>\n<meta property=\"og:url\" content=\"https:\/\/www.link2fleet.com\/fr\/livraison-de-15-citroen-ami-pour-le-reseau-ekoservices-en-collaboration-avec-le-garage-citroen-omnia-cars-mons\/\" \/>\n<meta property=\"og:site_name\" content=\"link2fleet\" \/>\n<meta property=\"article:published_time\" content=\"2022-02-23T07:58:56+00:00\" \/>\n<meta property=\"article:modified_time\" content=\"2024-04-17T14:47:50+00:00\" \/>\n<meta property=\"og:image\" content=\"https:\/\/static.link2fleet.com\/wp-content\/uploads\/2024\/03\/citroen-ami-ekoservices-1.jpg\" \/>\n\t<meta property=\"og:image:width\" content=\"2200\" \/>\n\t<meta property=\"og:image:height\" content=\"1466\" \/>\n\t<meta property=\"og:image:type\" content=\"image\/jpeg\" \/>\n<meta name=\"author\" content=\"Damien Malvetti\" \/>\n<meta name=\"twitter:card\" content=\"summary_large_image\" \/>\n<meta name=\"twitter:description\" content=\"Le vendredi 18 f\u00e9vrier, la livraison de 15 Citro\u00ebn Ami a eu lieu pour la soci\u00e9t\u00e9 Ekoservices. Avec la Citro\u00ebn Ami, Ekoservices a choisi une\u2026\" \/>\n<meta name=\"twitter:label1\" content=\"\u00c9crit par\" \/>\n\t<meta name=\"twitter:data1\" content=\"Damien Malvetti\" \/>\n\t<meta name=\"twitter:label2\" content=\"Dur\u00e9e de lecture estim\u00e9e\" \/>\n\t<meta name=\"twitter:data2\" content=\"2 minutes\" \/>\n<script type=\"application\/ld+json\" class=\"yoast-schema-graph\">{\"@context\":\"https:\\\/\\\/schema.org\",\"@graph\":[{\"@type\":\"Article\",\"@id\":\"https:\\\/\\\/www.link2fleet.com\\\/fr\\\/livraison-de-15-citroen-ami-pour-le-reseau-ekoservices-en-collaboration-avec-le-garage-citroen-omnia-cars-mons\\\/#article\",\"isPartOf\":{\"@id\":\"https:\\\/\\\/www.link2fleet.com\\\/fr\\\/livraison-de-15-citroen-ami-pour-le-reseau-ekoservices-en-collaboration-avec-le-garage-citroen-omnia-cars-mons\\\/\"},\"author\":{\"name\":\"Damien Malvetti\",\"@id\":\"https:\\\/\\\/www.link2fleet.com\\\/fr\\\/#\\\/schema\\\/person\\\/027cd46113c78036b3809c9a054049da\"},\"headline\":\"Livraison de 15 Citro\u00ebn AMI pour le r\u00e9seau Ekoservices, en collaboration avec le garage Citro\u00ebn Omnia-Cars Mons\",\"datePublished\":\"2022-02-23T07:58:56+00:00\",\"dateModified\":\"2024-04-17T14:47:50+00:00\",\"mainEntityOfPage\":{\"@id\":\"https:\\\/\\\/www.link2fleet.com\\\/fr\\\/livraison-de-15-citroen-ami-pour-le-reseau-ekoservices-en-collaboration-avec-le-garage-citroen-omnia-cars-mons\\\/\"},\"wordCount\":444,\"publisher\":{\"@id\":\"https:\\\/\\\/www.link2fleet.com\\\/fr\\\/#organization\"},\"image\":{\"@id\":\"https:\\\/\\\/www.link2fleet.com\\\/fr\\\/livraison-de-15-citroen-ami-pour-le-reseau-ekoservices-en-collaboration-avec-le-garage-citroen-omnia-cars-mons\\\/#primaryimage\"},\"thumbnailUrl\":\"https:\\\/\\\/static.link2fleet.com\\\/wp-content\\\/uploads\\\/2024\\\/03\\\/citroen-ami-ekoservices-1.jpg\",\"articleSection\":[\"Dealers\",\"Importateurs et constructeurs\",\"V\u00e9hicules\"],\"inLanguage\":\"fr-FR\"},{\"@type\":\"WebPage\",\"@id\":\"https:\\\/\\\/www.link2fleet.com\\\/fr\\\/livraison-de-15-citroen-ami-pour-le-reseau-ekoservices-en-collaboration-avec-le-garage-citroen-omnia-cars-mons\\\/\",\"url\":\"https:\\\/\\\/www.link2fleet.com\\\/fr\\\/livraison-de-15-citroen-ami-pour-le-reseau-ekoservices-en-collaboration-avec-le-garage-citroen-omnia-cars-mons\\\/\",\"name\":\"Livraison de 15 Citro\u00ebn AMI pour le r\u00e9seau Ekoservices, en collaboration avec le garage Citro\u00ebn Omnia-Cars Mons - link2fleet\",\"isPartOf\":{\"@id\":\"https:\\\/\\\/www.link2fleet.com\\\/fr\\\/#website\"},\"primaryImageOfPage\":{\"@id\":\"https:\\\/\\\/www.link2fleet.com\\\/fr\\\/livraison-de-15-citroen-ami-pour-le-reseau-ekoservices-en-collaboration-avec-le-garage-citroen-omnia-cars-mons\\\/#primaryimage\"},\"image\":{\"@id\":\"https:\\\/\\\/www.link2fleet.com\\\/fr\\\/livraison-de-15-citroen-ami-pour-le-reseau-ekoservices-en-collaboration-avec-le-garage-citroen-omnia-cars-mons\\\/#primaryimage\"},\"thumbnailUrl\":\"https:\\\/\\\/static.link2fleet.com\\\/wp-content\\\/uploads\\\/2024\\\/03\\\/citroen-ami-ekoservices-1.jpg\",\"datePublished\":\"2022-02-23T07:58:56+00:00\",\"dateModified\":\"2024-04-17T14:47:50+00:00\",\"breadcrumb\":{\"@id\":\"https:\\\/\\\/www.link2fleet.com\\\/fr\\\/livraison-de-15-citroen-ami-pour-le-reseau-ekoservices-en-collaboration-avec-le-garage-citroen-omnia-cars-mons\\\/#breadcrumb\"},\"inLanguage\":\"fr-FR\",\"potentialAction\":[{\"@type\":\"ReadAction\",\"target\":[\"https:\\\/\\\/www.link2fleet.com\\\/fr\\\/livraison-de-15-citroen-ami-pour-le-reseau-ekoservices-en-collaboration-avec-le-garage-citroen-omnia-cars-mons\\\/\"]}]},{\"@type\":\"ImageObject\",\"inLanguage\":\"fr-FR\",\"@id\":\"https:\\\/\\\/www.link2fleet.com\\\/fr\\\/livraison-de-15-citroen-ami-pour-le-reseau-ekoservices-en-collaboration-avec-le-garage-citroen-omnia-cars-mons\\\/#primaryimage\",\"url\":\"https:\\\/\\\/static.link2fleet.com\\\/wp-content\\\/uploads\\\/2024\\\/03\\\/citroen-ami-ekoservices-1.jpg\",\"contentUrl\":\"https:\\\/\\\/static.link2fleet.com\\\/wp-content\\\/uploads\\\/2024\\\/03\\\/citroen-ami-ekoservices-1.jpg\",\"width\":2200,\"height\":1466,\"caption\":\"|||\"},{\"@type\":\"BreadcrumbList\",\"@id\":\"https:\\\/\\\/www.link2fleet.com\\\/fr\\\/livraison-de-15-citroen-ami-pour-le-reseau-ekoservices-en-collaboration-avec-le-garage-citroen-omnia-cars-mons\\\/#breadcrumb\",\"itemListElement\":[{\"@type\":\"ListItem\",\"position\":1,\"name\":\"Home\",\"item\":\"https:\\\/\\\/www.link2fleet.com\\\/fr\\\/\"},{\"@type\":\"ListItem\",\"position\":2,\"name\":\"Livraison de 15 Citro\u00ebn AMI pour le r\u00e9seau Ekoservices, en collaboration avec le garage Citro\u00ebn Omnia-Cars Mons\"}]},{\"@type\":\"WebSite\",\"@id\":\"https:\\\/\\\/www.link2fleet.com\\\/fr\\\/#website\",\"url\":\"https:\\\/\\\/www.link2fleet.com\\\/fr\\\/\",\"name\":\"Link2fleet\",\"description\":\"\",\"publisher\":{\"@id\":\"https:\\\/\\\/www.link2fleet.com\\\/fr\\\/#organization\"},\"potentialAction\":[{\"@type\":\"SearchAction\",\"target\":{\"@type\":\"EntryPoint\",\"urlTemplate\":\"https:\\\/\\\/www.link2fleet.com\\\/fr\\\/?s={search_term_string}\"},\"query-input\":{\"@type\":\"PropertyValueSpecification\",\"valueRequired\":true,\"valueName\":\"search_term_string\"}}],\"inLanguage\":\"fr-FR\"},{\"@type\":\"Organization\",\"@id\":\"https:\\\/\\\/www.link2fleet.com\\\/fr\\\/#organization\",\"name\":\"Link2fleet\",\"url\":\"https:\\\/\\\/www.link2fleet.com\\\/fr\\\/\",\"logo\":{\"@type\":\"ImageObject\",\"inLanguage\":\"fr-FR\",\"@id\":\"https:\\\/\\\/www.link2fleet.com\\\/fr\\\/#\\\/schema\\\/logo\\\/image\\\/\",\"url\":\"https:\\\/\\\/static.link2fleet.com\\\/wp-content\\\/uploads\\\/2024\\\/03\\\/share-image.jpg\",\"contentUrl\":\"https:\\\/\\\/static.link2fleet.com\\\/wp-content\\\/uploads\\\/2024\\\/03\\\/share-image.jpg\",\"width\":1200,\"height\":630,\"caption\":\"Link2fleet\"},\"image\":{\"@id\":\"https:\\\/\\\/www.link2fleet.com\\\/fr\\\/#\\\/schema\\\/logo\\\/image\\\/\"},\"sameAs\":[\"https:\\\/\\\/www.linkedin.com\\\/company\\\/link2fleet-belgium\",\"https:\\\/\\\/www.youtube.com\\\/user\\\/MMMBMBE\"]},{\"@type\":\"Person\",\"@id\":\"https:\\\/\\\/www.link2fleet.com\\\/fr\\\/#\\\/schema\\\/person\\\/027cd46113c78036b3809c9a054049da\",\"name\":\"Damien Malvetti\",\"image\":{\"@type\":\"ImageObject\",\"inLanguage\":\"fr-FR\",\"@id\":\"https:\\\/\\\/secure.gravatar.com\\\/avatar\\\/dd8cc03b49466c735f753ac37f8caa371af16dfed347456ed61f02883255eebb?s=96&d=mm&r=g\",\"url\":\"https:\\\/\\\/secure.gravatar.com\\\/avatar\\\/dd8cc03b49466c735f753ac37f8caa371af16dfed347456ed61f02883255eebb?s=96&d=mm&r=g\",\"contentUrl\":\"https:\\\/\\\/secure.gravatar.com\\\/avatar\\\/dd8cc03b49466c735f753ac37f8caa371af16dfed347456ed61f02883255eebb?s=96&d=mm&r=g\",\"caption\":\"Damien Malvetti\"},\"description\":\"Damien Malvetti is opgeleid als journalist en gepassioneerd door wagens, technologie en mobiliteit. Hij is verantwoordelijk voor de redactionele inhoud van link2fleet en beschikt over een uitgebreide kennis van de fleet-sector en elektrische mobiliteit.\",\"sameAs\":[\"https:\\\/\\\/www.linkedin.com\\\/in\\\/damien-malvetti-56601142\\\/\"]}]}<\/script>\n<!-- \/ Yoast SEO plugin. -->","yoast_head_json":{"title":"Livraison de 15 Citro\u00ebn AMI pour le r\u00e9seau Ekoservices, en collaboration avec le garage Citro\u00ebn Omnia-Cars Mons - link2fleet","description":"Le vendredi 18 f\u00e9vrier, la livraison de 15 Citro\u00ebn Ami a eu lieu pour la soci\u00e9t\u00e9 Ekoservices. Avec la Citro\u00ebn Ami, Ekoservices a choisi une\u2026","robots":{"index":"index","follow":"follow","max-snippet":"max-snippet:-1","max-image-preview":"max-image-preview:large","max-video-preview":"max-video-preview:-1"},"og_locale":"fr_FR","og_type":"article","og_title":"Livraison de 15 Citro\u00ebn AMI pour le r\u00e9seau Ekoservices, en collaboration avec le garage Citro\u00ebn Omnia-Cars Mons - link2fleet","og_description":"Le vendredi 18 f\u00e9vrier, la livraison de 15 Citro\u00ebn Ami a eu lieu pour la soci\u00e9t\u00e9 Ekoservices. Avec la Citro\u00ebn Ami, Ekoservices a choisi une\u2026","og_url":"https:\/\/www.link2fleet.com\/fr\/livraison-de-15-citroen-ami-pour-le-reseau-ekoservices-en-collaboration-avec-le-garage-citroen-omnia-cars-mons\/","og_site_name":"link2fleet","article_published_time":"2022-02-23T07:58:56+00:00","article_modified_time":"2024-04-17T14:47:50+00:00","og_image":[{"width":2200,"height":1466,"url":"https:\/\/static.link2fleet.com\/wp-content\/uploads\/2024\/03\/citroen-ami-ekoservices-1.jpg","type":"image\/jpeg"}],"author":"Damien Malvetti","twitter_card":"summary_large_image","twitter_description":"Le vendredi 18 f\u00e9vrier, la livraison de 15 Citro\u00ebn Ami a eu lieu pour la soci\u00e9t\u00e9 Ekoservices. Avec la Citro\u00ebn Ami, Ekoservices a choisi une\u2026","twitter_misc":{"\u00c9crit par":"Damien Malvetti","Dur\u00e9e de lecture estim\u00e9e":"2 minutes"},"schema":{"@context":"https:\/\/schema.org","@graph":[{"@type":"Article","@id":"https:\/\/www.link2fleet.com\/fr\/livraison-de-15-citroen-ami-pour-le-reseau-ekoservices-en-collaboration-avec-le-garage-citroen-omnia-cars-mons\/#article","isPartOf":{"@id":"https:\/\/www.link2fleet.com\/fr\/livraison-de-15-citroen-ami-pour-le-reseau-ekoservices-en-collaboration-avec-le-garage-citroen-omnia-cars-mons\/"},"author":{"name":"Damien Malvetti","@id":"https:\/\/www.link2fleet.com\/fr\/#\/schema\/person\/027cd46113c78036b3809c9a054049da"},"headline":"Livraison de 15 Citro\u00ebn AMI pour le r\u00e9seau Ekoservices, en collaboration avec le garage Citro\u00ebn Omnia-Cars Mons","datePublished":"2022-02-23T07:58:56+00:00","dateModified":"2024-04-17T14:47:50+00:00","mainEntityOfPage":{"@id":"https:\/\/www.link2fleet.com\/fr\/livraison-de-15-citroen-ami-pour-le-reseau-ekoservices-en-collaboration-avec-le-garage-citroen-omnia-cars-mons\/"},"wordCount":444,"publisher":{"@id":"https:\/\/www.link2fleet.com\/fr\/#organization"},"image":{"@id":"https:\/\/www.link2fleet.com\/fr\/livraison-de-15-citroen-ami-pour-le-reseau-ekoservices-en-collaboration-avec-le-garage-citroen-omnia-cars-mons\/#primaryimage"},"thumbnailUrl":"https:\/\/static.link2fleet.com\/wp-content\/uploads\/2024\/03\/citroen-ami-ekoservices-1.jpg","articleSection":["Dealers","Importateurs et constructeurs","V\u00e9hicules"],"inLanguage":"fr-FR"},{"@type":"WebPage","@id":"https:\/\/www.link2fleet.com\/fr\/livraison-de-15-citroen-ami-pour-le-reseau-ekoservices-en-collaboration-avec-le-garage-citroen-omnia-cars-mons\/","url":"https:\/\/www.link2fleet.com\/fr\/livraison-de-15-citroen-ami-pour-le-reseau-ekoservices-en-collaboration-avec-le-garage-citroen-omnia-cars-mons\/","name":"Livraison de 15 Citro\u00ebn AMI pour le r\u00e9seau Ekoservices, en collaboration avec le garage Citro\u00ebn Omnia-Cars Mons - link2fleet","isPartOf":{"@id":"https:\/\/www.link2fleet.com\/fr\/#website"},"primaryImageOfPage":{"@id":"https:\/\/www.link2fleet.com\/fr\/livraison-de-15-citroen-ami-pour-le-reseau-ekoservices-en-collaboration-avec-le-garage-citroen-omnia-cars-mons\/#primaryimage"},"image":{"@id":"https:\/\/www.link2fleet.com\/fr\/livraison-de-15-citroen-ami-pour-le-reseau-ekoservices-en-collaboration-avec-le-garage-citroen-omnia-cars-mons\/#primaryimage"},"thumbnailUrl":"https:\/\/static.link2fleet.com\/wp-content\/uploads\/2024\/03\/citroen-ami-ekoservices-1.jpg","datePublished":"2022-02-23T07:58:56+00:00","dateModified":"2024-04-17T14:47:50+00:00","breadcrumb":{"@id":"https:\/\/www.link2fleet.com\/fr\/livraison-de-15-citroen-ami-pour-le-reseau-ekoservices-en-collaboration-avec-le-garage-citroen-omnia-cars-mons\/#breadcrumb"},"inLanguage":"fr-FR","potentialAction":[{"@type":"ReadAction","target":["https:\/\/www.link2fleet.com\/fr\/livraison-de-15-citroen-ami-pour-le-reseau-ekoservices-en-collaboration-avec-le-garage-citroen-omnia-cars-mons\/"]}]},{"@type":"ImageObject","inLanguage":"fr-FR","@id":"https:\/\/www.link2fleet.com\/fr\/livraison-de-15-citroen-ami-pour-le-reseau-ekoservices-en-collaboration-avec-le-garage-citroen-omnia-cars-mons\/#primaryimage","url":"https:\/\/static.link2fleet.com\/wp-content\/uploads\/2024\/03\/citroen-ami-ekoservices-1.jpg","contentUrl":"https:\/\/static.link2fleet.com\/wp-content\/uploads\/2024\/03\/citroen-ami-ekoservices-1.jpg","width":2200,"height":1466,"caption":"|||"},{"@type":"BreadcrumbList","@id":"https:\/\/www.link2fleet.com\/fr\/livraison-de-15-citroen-ami-pour-le-reseau-ekoservices-en-collaboration-avec-le-garage-citroen-omnia-cars-mons\/#breadcrumb","itemListElement":[{"@type":"ListItem","position":1,"name":"Home","item":"https:\/\/www.link2fleet.com\/fr\/"},{"@type":"ListItem","position":2,"name":"Livraison de 15 Citro\u00ebn AMI pour le r\u00e9seau Ekoservices, en collaboration avec le garage Citro\u00ebn Omnia-Cars Mons"}]},{"@type":"WebSite","@id":"https:\/\/www.link2fleet.com\/fr\/#website","url":"https:\/\/www.link2fleet.com\/fr\/","name":"Link2fleet","description":"","publisher":{"@id":"https:\/\/www.link2fleet.com\/fr\/#organization"},"potentialAction":[{"@type":"SearchAction","target":{"@type":"EntryPoint","urlTemplate":"https:\/\/www.link2fleet.com\/fr\/?s={search_term_string}"},"query-input":{"@type":"PropertyValueSpecification","valueRequired":true,"valueName":"search_term_string"}}],"inLanguage":"fr-FR"},{"@type":"Organization","@id":"https:\/\/www.link2fleet.com\/fr\/#organization","name":"Link2fleet","url":"https:\/\/www.link2fleet.com\/fr\/","logo":{"@type":"ImageObject","inLanguage":"fr-FR","@id":"https:\/\/www.link2fleet.com\/fr\/#\/schema\/logo\/image\/","url":"https:\/\/static.link2fleet.com\/wp-content\/uploads\/2024\/03\/share-image.jpg","contentUrl":"https:\/\/static.link2fleet.com\/wp-content\/uploads\/2024\/03\/share-image.jpg","width":1200,"height":630,"caption":"Link2fleet"},"image":{"@id":"https:\/\/www.link2fleet.com\/fr\/#\/schema\/logo\/image\/"},"sameAs":["https:\/\/www.linkedin.com\/company\/link2fleet-belgium","https:\/\/www.youtube.com\/user\/MMMBMBE"]},{"@type":"Person","@id":"https:\/\/www.link2fleet.com\/fr\/#\/schema\/person\/027cd46113c78036b3809c9a054049da","name":"Damien Malvetti","image":{"@type":"ImageObject","inLanguage":"fr-FR","@id":"https:\/\/secure.gravatar.com\/avatar\/dd8cc03b49466c735f753ac37f8caa371af16dfed347456ed61f02883255eebb?s=96&d=mm&r=g","url":"https:\/\/secure.gravatar.com\/avatar\/dd8cc03b49466c735f753ac37f8caa371af16dfed347456ed61f02883255eebb?s=96&d=mm&r=g","contentUrl":"https:\/\/secure.gravatar.com\/avatar\/dd8cc03b49466c735f753ac37f8caa371af16dfed347456ed61f02883255eebb?s=96&d=mm&r=g","caption":"Damien Malvetti"},"description":"Damien Malvetti is opgeleid als journalist en gepassioneerd door wagens, technologie en mobiliteit. Hij is verantwoordelijk voor de redactionele inhoud van link2fleet en beschikt over een uitgebreide kennis van de fleet-sector en elektrische mobiliteit.","sameAs":["https:\/\/www.linkedin.com\/in\/damien-malvetti-56601142\/"]}]}},"_links":{"self":[{"href":"https:\/\/www.link2fleet.com\/fr\/wp-json\/wp\/v2\/posts\/5693","targetHints":{"allow":["GET"]}}],"collection":[{"href":"https:\/\/www.link2fleet.com\/fr\/wp-json\/wp\/v2\/posts"}],"about":[{"href":"https:\/\/www.link2fleet.com\/fr\/wp-json\/wp\/v2\/types\/post"}],"author":[{"embeddable":true,"href":"https:\/\/www.link2fleet.com\/fr\/wp-json\/wp\/v2\/users\/4"}],"replies":[{"embeddable":true,"href":"https:\/\/www.link2fleet.com\/fr\/wp-json\/wp\/v2\/comments?post=5693"}],"version-history":[{"count":0,"href":"https:\/\/www.link2fleet.com\/fr\/wp-json\/wp\/v2\/posts\/5693\/revisions"}],"wp:featuredmedia":[{"embeddable":true,"href":"https:\/\/www.link2fleet.com\/fr\/wp-json\/wp\/v2\/media\/5694"}],"wp:attachment":[{"href":"https:\/\/www.link2fleet.com\/fr\/wp-json\/wp\/v2\/media?parent=5693"}],"wp:term":[{"taxonomy":"category","embeddable":true,"href":"https:\/\/www.link2fleet.com\/fr\/wp-json\/wp\/v2\/categories?post=5693"},{"taxonomy":"post_tag","embeddable":true,"href":"https:\/\/www.link2fleet.com\/fr\/wp-json\/wp\/v2\/tags?post=5693"}],"curies":[{"name":"wp","href":"https:\/\/api.w.org\/{rel}","templated":true}]}}