{"id":5708,"date":"2022-02-28T14:33:37","date_gmt":"2022-02-28T13:33:37","guid":{"rendered":"https:\/\/www.link2fleet.com\/adaptez-votre-car-policy-a-la-transition-energetique\/"},"modified":"2024-04-17T16:47:42","modified_gmt":"2024-04-17T14:47:42","slug":"adaptez-votre-car-policy-a-la-transition-energetique","status":"publish","type":"post","link":"https:\/\/www.link2fleet.com\/fr\/adaptez-votre-car-policy-a-la-transition-energetique\/","title":{"rendered":"Adaptez votre car-policy \u00e0 la transition \u00e9nerg\u00e9tique"},"content":{"rendered":"<p><span data-ccp-props=\"{&quot;201341983&quot;:0,&quot;335559739&quot;:160,&quot;335559740&quot;:259}\">\u00a0<\/span><\/p>\n<p><b><span data-contrast=\"auto\">2022 sera marqu\u00e9e par ces changements<\/span><\/b><span data-ccp-props=\"{&quot;201341983&quot;:0,&quot;335559739&quot;:160,&quot;335559740&quot;:259}\">\u00a0<\/span><\/p>\n<p><span data-contrast=\"auto\">Le passage d\u00e9finitif \u00e0 la norme WLTP rendra la taxation des voitures en moyenne 6 \u00e0 10 % plus ch\u00e8re pour l&rsquo;entreprise. En revanche, l&rsquo;avantage <\/span><span data-contrast=\"auto\">de toute<\/span><span data-contrast=\"auto\"> nature li\u00e9 \u00e0 l&rsquo;utilisation priv\u00e9e de la voiture de fonction augmentera sensiblement. Les employ\u00e9s peuvent \u00e9conomiser 30 \u00e0 40 % de leurs frais g\u00e9n\u00e9raux en optant pour une voiture \u00e9lectrique. Ce sera le moteur du changement en 2022. <\/span><span data-contrast=\"none\">RH,<\/span><span data-contrast=\"none\"> vous <\/span><span data-contrast=\"none\">voil\u00e0<\/span><span data-contrast=\"none\"> pr\u00e9venu<\/span><span data-contrast=\"none\">s<\/span><span data-contrast=\"none\"> !<\/span><span data-ccp-props=\"{&quot;201341983&quot;:0,&quot;335559739&quot;:160,&quot;335559740&quot;:259}\">\u00a0<\/span><\/p>\n<p><span data-contrast=\"auto\">Malgr\u00e9 les nombreuses <\/span><span data-contrast=\"none\">formules <\/span><span data-contrast=\"auto\">de t\u00e9l\u00e9travail, on constate toujours autant d\u2019embouteillages, <\/span><span data-contrast=\"none\">synonymes de pertes de temps<\/span><span data-contrast=\"auto\">, avec Bruxelles <\/span><span data-contrast=\"none\">qui se positionne <\/span><span data-contrast=\"auto\">dans le top 3 des <\/span><span data-contrast=\"none\">villes affichant la <\/span><span data-contrast=\"auto\">plus forte congestion.\u00a0 <\/span><span data-contrast=\"none\">Cons\u00e9quence\u202f<\/span><span data-contrast=\"auto\">: des travailleurs m\u00e9contents et davantage d\u2019accidents. Les solutions flexibles de mobilit\u00e9 seront consid\u00e9r\u00e9s comme une valeur ajout\u00e9e par les employ\u00e9s travaillant dans des zones urbaines tr\u00e8s fr\u00e9quent\u00e9es.<\/span><span data-ccp-props=\"{&quot;201341983&quot;:0,&quot;335559739&quot;:160,&quot;335559740&quot;:259}\">\u00a0<\/span><\/p>\n<p><span data-contrast=\"auto\">Les accidents sont plus nombreux, principalement en raison de notre capacit\u00e9 d&rsquo;attention r\u00e9duite par les distractions (<\/span><span data-contrast=\"none\">lire\u202f<\/span><span data-contrast=\"none\">: <\/span><span data-contrast=\"none\">smartphone<\/span><span data-contrast=\"auto\">).<\/span><span data-ccp-props=\"{&quot;201341983&quot;:0,&quot;335559739&quot;:160,&quot;335559740&quot;:259}\">\u00a0<\/span><\/p>\n<p><span data-contrast=\"auto\">Malheureusement, 2022 promet \u00e9galement d&rsquo;\u00eatre une ann\u00e9e <\/span><span data-contrast=\"none\">marqu\u00e9e par la <\/span><span data-contrast=\"auto\">hausse des co\u00fbts. Le co\u00fbt des voitures en raison de l&rsquo;offre limit\u00e9e, le co\u00fbt des r\u00e9parations, le co\u00fbt des assurances et des int\u00e9r\u00eats sont tous en hausse et exercent une pression sur les <\/span><span data-contrast=\"none\">politiques fleet<\/span><span data-contrast=\"auto\">. <\/span><span data-contrast=\"none\">En effet, \u00e0 voiture similaire, le budget sera forc\u00e9ment diff\u00e9rent.<\/span><span data-ccp-props=\"{&quot;201341983&quot;:0,&quot;335559739&quot;:160,&quot;335559740&quot;:259}\">\u00a0<\/span><\/p>\n<p><span data-contrast=\"auto\">Le gestionnaire de flotte doit \u00e9voluer en cons\u00e9quence. De nouveaux domaines, avec au premier plan les solutions de recharge et les solutions de mobilit\u00e9, n\u00e9cessitent de questionner et d&rsquo;\u00e9tudier ces march\u00e9s. La question se pose \u00e9galement de savoir si le fournisseur actuel est toujours le bon partenaire, compte tenu du changement de strat\u00e9gie fleet avec les voitures \u00e9lectriques. Et la mise en concurrence permanente avec de multiples partenaires reste-t-elle la bonne strat\u00e9gie d&rsquo;achat ; prix versus processus uniformis\u00e9s et simplifi\u00e9s.<\/span><span data-ccp-props=\"{&quot;201341983&quot;:0,&quot;335559739&quot;:160,&quot;335559740&quot;:259}\">\u00a0<\/span><\/p>\n<p><span data-contrast=\"auto\">En bref, 2022 sera une ann\u00e9e \u00e0 la fois charg\u00e9e et passionnante pour les gestionnaires de flotte.<\/span><span data-ccp-props=\"{&quot;201341983&quot;:0,&quot;335559739&quot;:160,&quot;335559740&quot;:259}\">\u00a0<\/span><\/p>\n<p><span data-ccp-props=\"{&quot;201341983&quot;:0,&quot;335559739&quot;:160,&quot;335559740&quot;:259}\">\u00a0<\/span><\/p>\n<p><b><span data-contrast=\"auto\">Comment se pr\u00e9sentera une car-policy en 2022\u202f?<\/span><\/b><span data-ccp-props=\"{&quot;201341983&quot;:0,&quot;335559739&quot;:160,&quot;335559740&quot;:259}\">\u00a0<\/span><\/p>\n<p><span data-contrast=\"auto\">Pour les entreprises situ\u00e9es dans des lieux tr\u00e8s fr\u00e9quent\u00e9s et ayant acc\u00e8s \u00e0 d&rsquo;autres modes de mobilit\u00e9, 2022 pourrait \u00eatre l&rsquo;ann\u00e9e o\u00f9 l<\/span><span data-contrast=\"auto\">es <\/span><span data-contrast=\"none\">entreprises travailleront <\/span><span data-contrast=\"auto\">enfin<\/span><span data-contrast=\"auto\"> sur un budget de mobilit\u00e9 ou une offre multimodale en plus de la <\/span><span data-contrast=\"auto\">car-policy<\/span><span data-contrast=\"auto\"> ; au m<\/span><span data-contrast=\"auto\">inimum,<\/span><span data-contrast=\"auto\"> une politique <\/span><span data-contrast=\"none\">de t<\/span><span data-contrast=\"none\">\u00e9l\u00e9travail<\/span><span data-contrast=\"auto\">, une <\/span><span data-contrast=\"none\">proposition<\/span> <span data-contrast=\"auto\">v\u00e9lo<\/span><span data-contrast=\"auto\">s<\/span><span data-contrast=\"auto\">, une offre de remboursement pour les transports publics. De m\u00eame, pour les entreprises situ\u00e9es dans des endroits moins fr\u00e9quent\u00e9s, <\/span><span data-contrast=\"none\">on se dirigera de plus en plus vers<\/span><span data-contrast=\"none\"> une <\/span><span data-contrast=\"none\">strat\u00e9gie de t\u00e9l\u00e9travail<\/span><span data-contrast=\"none\">, <\/span><span data-contrast=\"auto\">moins de kilom\u00e8tres, et une politique <\/span><span data-contrast=\"none\">v\u00e9lo<\/span><span data-contrast=\"none\">s<\/span> <span data-contrast=\"auto\">comme offre compl\u00e9mentaire \u00e0 la voiture de fonction.<\/span><span data-ccp-props=\"{&quot;201341983&quot;:0,&quot;335559739&quot;:160,&quot;335559740&quot;:259}\">\u00a0<\/span><\/p>\n<h3><\/h3>\n<h3><strong>Retour \u00e0 la voiture et \u00e0 la car-policy\u2026\u00a0<\/strong><span data-ccp-props=\"{&quot;201341983&quot;:0,&quot;335559739&quot;:160,&quot;335559740&quot;:259}\">\u00a0<\/span><\/h3>\n<p><b><span data-contrast=\"auto\">E<\/span><\/b><b><span data-contrast=\"auto\">le<\/span><\/b><b><span data-contrast=\"auto\">c<\/span><\/b><b><span data-contrast=\"auto\">trificati<\/span><\/b><b><span data-contrast=\"auto\">on<\/span><\/b><span data-ccp-props=\"{&quot;201341983&quot;:0,&quot;335559739&quot;:160,&quot;335559740&quot;:259}\">\u00a0<\/span><\/p>\n<p><span data-contrast=\"auto\">En 2022, une car-policy doit soutenir les voitures \u00e9lectriques, soit les voitures \u00e0 batteries (BEV) et les hybrides rechargeables (PHEV).<\/span><span data-ccp-props=\"{&quot;201341983&quot;:0,&quot;335559739&quot;:160,&quot;335559740&quot;:259}\">\u00a0<\/span><\/p>\n<p>&nbsp;<\/p>\n<p><i><span data-contrast=\"auto\">BEV e<\/span><\/i><i><span data-contrast=\"auto\">t<\/span><\/i><i><span data-contrast=\"auto\"> PHEV?<\/span><\/i><span data-ccp-props=\"{&quot;201341983&quot;:0,&quot;335559739&quot;:160,&quot;335559740&quot;:259}\">\u00a0<\/span><\/p>\n<p><span data-contrast=\"auto\">Premi\u00e8re question \u00e0 se poser pour une nouvelle car-policy\u202f: inclut-on encore les PHEV ou fait-on l\u2019impasse sur cette \u2018technologie de transition\u2019\u202f?<\/span><span data-ccp-props=\"{&quot;201341983&quot;:0,&quot;335559739&quot;:160,&quot;335559740&quot;:259}\">\u00a0<\/span><\/p>\n<p><span data-contrast=\"auto\">Cette question fait ressortir une id\u00e9e fausse : seuls des profils de mobilit\u00e9 tr\u00e8s sp\u00e9cifiques conviennent pour une conduite rentable avec un PHEV. Apr\u00e8s tout, la majorit\u00e9 des trajets doivent \u00eatre effectu\u00e9s en mode \u00e9lectrique si l&rsquo;on veut respecter les faibles \u00e9missions de CO2 et la consommation. La voiture doit \u00eatre recharg\u00e9e fr\u00e9quemment et les trajets sont donc inf\u00e9rieurs \u00e0 50 km. Un tel profil peut, en principe, \u00e9galement conduire confortablement un BEV.<\/span><span data-ccp-props=\"{&quot;201341983&quot;:0,&quot;335559739&quot;:160,&quot;335559740&quot;:259}\">\u00a0<\/span><\/p>\n<p><span data-contrast=\"auto\">Les PHEV seront fiscalement \u2018punis\u2019 \u00e0 partir du 1<\/span><span data-contrast=\"auto\">er<\/span><span data-contrast=\"auto\"> juillet 2023. A partir de cette date, la d\u00e9ductibilit\u00e9 fiscale des v\u00e9hicules non neutres en carbone va diminuer sensiblement chaque ann\u00e9e.<\/span><span data-ccp-props=\"{&quot;201341983&quot;:0,&quot;335559739&quot;:160,&quot;335559740&quot;:259}\">\u00a0<\/span><\/p>\n<p>&nbsp;<\/p>\n<p><i><span data-contrast=\"auto\">Budget <\/span><\/i><i><span data-contrast=\"auto\">TCO <\/span><\/i><i><span data-contrast=\"auto\">?<\/span><\/i><span data-ccp-props=\"{&quot;201341983&quot;:0,&quot;335559739&quot;:160,&quot;335559740&quot;:259}\">\u00a0<\/span><\/p>\n<p><span data-contrast=\"auto\">L&rsquo;\u00e9lectrification signifie que de nouveaux budgets <\/span><span data-contrast=\"auto\">de car-policy<\/span><span data-contrast=\"auto\"> doivent \u00eatre calcul\u00e9s pour les v\u00e9hicules \u00e9lectriques et \u00e9ventuellement hybrides rechargeables. Une approche co\u00fbt total de possession (TCO<\/span><span data-contrast=\"none\">) <\/span><span data-contrast=\"none\">s\u2019impose<\/span><span data-contrast=\"auto\">. Le TCO peut \u00eatre utilis\u00e9 comme un nouveau budget ou comme une m\u00e9thodologie pour calculer de nouveaux budgets.<\/span><span data-ccp-props=\"{&quot;201341983&quot;:0,&quot;335559739&quot;:160,&quot;335559740&quot;:259}\">\u00a0<\/span><\/p>\n<p><span data-contrast=\"auto\">Un budget TCO est transparent et garantit que toutes les augmentations de co\u00fbts, notamment celles qui ne sont pas incluses dans le prix du leasing \u2013 principalement le carburant et les taxes \u2013 sont toujours support\u00e9es par les employ\u00e9s. D\u2019autre part, le TCO est difficile \u00e0 expliquer et vous trouverez toujours quelqu\u2019un avec une d\u00e9finition diff\u00e9rente du TCO. Cette derni\u00e8re cause aussi des difficult\u00e9s dans le configurateur de voiture que les soci\u00e9t\u00e9s de leasing mettent \u00e0 disposition pour composer une voiture dans un certain budget.<\/span><span data-ccp-props=\"{&quot;201341983&quot;:0,&quot;335559739&quot;:160,&quot;335559740&quot;:259}\">\u00a0<\/span><\/p>\n<p><span data-contrast=\"auto\">Une approche TCO permettant de calculer les <\/span><span data-contrast=\"auto\">nouveaux budget de car-policy <\/span><span data-contrast=\"auto\">sur base des budgets <\/span><span data-contrast=\"auto\">de car-policy<\/span><span data-contrast=\"auto\"> existants a fait ses preuves. Elle conduit \u00e0 de nouveaux budgets qui diff\u00e8rent selon l<\/span><span data-contrast=\"auto\">a motorisation<\/span><span data-contrast=\"auto\">, est bas\u00e9e sur les budgets actuels de la car policy, donc reconnaissable par le salari\u00e9, et offre une grande flexibilit\u00e9 dans l&rsquo;utilisation du configurateur de voiture et le processus de commande.<\/span><span data-ccp-props=\"{&quot;201341983&quot;:0,&quot;335559739&quot;:160,&quot;335559740&quot;:259}\">\u00a0<\/span><\/p>\n<p><span data-contrast=\"auto\">Un TCO est g\u00e9n\u00e9ralement compos\u00e9e de 3 piliers: le tarif leasing incluant les frais d\u2019assurance, d\u2019\u00e9nergie et les taxes. Pour chacun de ces \u00e9l\u00e9ments constitutifs, il faut s&rsquo;entendre sur des hypoth\u00e8ses afin d&rsquo;effectuer une comparaison correcte. Quelle base pour le calcul du co\u00fbt de l&rsquo;\u00e9nergie ? Consommation id\u00e9ale <\/span><span data-contrast=\"none\">versus <\/span><span data-contrast=\"auto\">consommation r\u00e9elle ? Quel kilom\u00e9trage annuel ? Qu&rsquo;en est-il de la consommation d&rsquo;un PHEV ? 70 % d&rsquo;\u00e9lectricit\u00e9 par rapport au carburant seul ? Quel prix du kWh pour les v\u00e9hicules \u00e9lectriques ? Comment calculer <\/span><span data-contrast=\"none\">l&rsquo;impact <\/span><span data-contrast=\"auto\">des d\u00e9penses rejet\u00e9es ?<\/span><span data-ccp-props=\"{&quot;201341983&quot;:0,&quot;335559739&quot;:160,&quot;335559740&quot;:259}\">\u00a0<\/span><\/p>\n<p><span data-contrast=\"auto\">En principe, il n&rsquo;y a pas de bonne r\u00e9ponse tant que ces hypoth\u00e8ses sont utilis\u00e9es de mani\u00e8re coh\u00e9rente et constante dans l&rsquo;\u00e9quation.<\/span><span data-ccp-props=\"{&quot;201341983&quot;:0,&quot;335559739&quot;:160,&quot;335559740&quot;:259}\">\u00a0<\/span><\/p>\n<p><span data-contrast=\"auto\">Les nouveaux budgets donnent acc\u00e8s aux voitures. Un test qui devrait absolument \u00eatre effectu\u00e9 est la comparaison \u00ab\u00a0like for like\u00a0\u00bb ; les voitures \u00e9lectriques \u00e9quivalentes rentrent-elles toujours dans le cadre du nouveau budget pour les voitures \u00e9lectriques ?<\/span><span data-ccp-props=\"{&quot;201341983&quot;:0,&quot;335559739&quot;:160,&quot;335559740&quot;:259}\">\u00a0<\/span><\/p>\n<p><span data-contrast=\"auto\">Si ce n&rsquo;est pas le cas, et en fonction des<\/span><span data-contrast=\"auto\"> \u00e9l\u00e9ments que nous voyons dans les <\/span><span data-contrast=\"none\">budgets les plus faibles des car-policies<\/span><span data-contrast=\"auto\">, d&rsquo;autres param\u00e8tres <\/span><span data-contrast=\"none\">de leasing <\/span><span data-contrast=\"auto\">tels que la dur\u00e9e et le kilom\u00e9trage peuvent \u00e9ventuellement \u00eatre pris en compte.\u00a0<\/span><span data-ccp-props=\"{&quot;201341983&quot;:0,&quot;335559739&quot;:160,&quot;335559740&quot;:259}\">\u00a0<\/span><\/p>\n<p><span data-contrast=\"auto\">En termes de dur\u00e9e, nous constatons que les soci\u00e9t\u00e9s de leasing \u00e9valuent positivement une dur\u00e9e de 60 mois pour les BEV. Et les kilom\u00e8tres contractuels peuvent \u00eatre adapt\u00e9s \u00e0 la nouvelle r\u00e9alit\u00e9 de l&rsquo;augmentation <\/span><span data-contrast=\"none\">du t\u00e9l\u00e9travail.<\/span><span data-ccp-props=\"{&quot;201341983&quot;:0,&quot;335559739&quot;:160,&quot;335559740&quot;:259}\">\u00a0<\/span><\/p>\n<p><span data-ccp-props=\"{&quot;201341983&quot;:0,&quot;335559739&quot;:160,&quot;335559740&quot;:259}\">\u00a0<\/span><\/p>\n<p><i><span data-contrast=\"auto\">R\u00e8gles concernant l\u2019usage des BEV\/PHEV<\/span><\/i><span data-ccp-props=\"{&quot;201341983&quot;:0,&quot;335559739&quot;:160,&quot;335559740&quot;:259}\">\u00a0<\/span><\/p>\n<p><span data-contrast=\"auto\">Une car-policy est un r\u00e8glement qui fixe des accords entre l\u2019employeur et le travailleur. Elle doit \u00eatre adapt\u00e9e pour les PHEV et BEV\u202f:<\/span><span data-ccp-props=\"{&quot;201341983&quot;:0,&quot;335559739&quot;:160,&quot;335559740&quot;:259}\">\u00a0<\/span><\/p>\n<ul>\n<li data-leveltext=\"\uf0b7\" data-font=\"Symbol\" data-listid=\"1\" aria-setsize=\"-1\" data-aria-posinset=\"1\" data-aria-level=\"1\"><span data-contrast=\"auto\">U<\/span><span data-contrast=\"auto\">ne politique de marque<\/span><span data-contrast=\"auto\">s<\/span><span data-contrast=\"auto\"> pour les BEV et PHEV ? En raison de l&rsquo;offre plut\u00f4t limit\u00e9e de BEV, le libre choix des marques semble <\/span><span data-contrast=\"none\">\u00eatre, \u00e0 titre transitoire, la meilleure recommandation<\/span><span data-contrast=\"auto\">. Pour les PHEV, une politique de marque<\/span><span data-contrast=\"auto\">(s)<\/span> <span data-contrast=\"none\">plus <\/span><span data-contrast=\"none\">stricte<\/span> <span data-contrast=\"auto\">peut \u00eatre maintenue.<\/span><span data-ccp-props=\"{&quot;201341983&quot;:0,&quot;335559739&quot;:160,&quot;335559740&quot;:259}\">\u00a0<\/span><\/li>\n<li data-leveltext=\"\uf0b7\" data-font=\"Symbol\" data-listid=\"1\" aria-setsize=\"-1\" data-aria-posinset=\"2\" data-aria-level=\"1\"><span data-contrast=\"auto\">Dur\u00e9e de contrat\/<\/span><span data-contrast=\"none\">kilom\u00e9trage<\/span><span data-contrast=\"auto\"> sp\u00e9cifique pour les BEV\u202f? Voir notre commentaire ci-dessous.<\/span><span data-ccp-props=\"{&quot;201341983&quot;:0,&quot;335559739&quot;:160,&quot;335559740&quot;:259}\">\u00a0<\/span><\/li>\n<li data-leveltext=\"\uf0b7\" data-font=\"Symbol\" data-listid=\"1\" aria-setsize=\"-1\" data-aria-posinset=\"3\" data-aria-level=\"1\"><span data-contrast=\"auto\">Qui peut rouler en BEV? Quels \u00e9l\u00e9ments <\/span><span data-contrast=\"none\">(profils <\/span><span data-contrast=\"auto\">de mobilit\u00e9, recharge \u00e0 domicile,\u2026) doivent \u00eatre pris en compte\u202f? Qui peut rouler en PHEV\u202f? Quels sont les crit\u00e8res <\/span><span data-contrast=\"none\">incontournables\u202f?<\/span><span data-ccp-props=\"{&quot;201341983&quot;:0,&quot;335559739&quot;:160,&quot;335559740&quot;:259}\">\u00a0<\/span><\/li>\n<\/ul>\n<ul>\n<li data-leveltext=\"\uf0b7\" data-font=\"Symbol\" data-listid=\"1\" aria-setsize=\"-1\" data-aria-posinset=\"1\" data-aria-level=\"1\"><span data-contrast=\"auto\">Quelles sont les r\u00e8gles sp\u00e9cifiques pour les BEV et PHEV\u202f? Exemple<\/span><span data-contrast=\"auto\">, <\/span><span data-contrast=\"auto\">livraison et c\u00e2ble de recharge, perte de c\u00e2ble de recharge, usage correct du PHEV,\u2026\u00a0<\/span><span data-contrast=\"auto\">\u00a0<\/span><span data-ccp-props=\"{&quot;201341983&quot;:0,&quot;335559739&quot;:160,&quot;335559740&quot;:259}\">\u00a0<\/span><\/li>\n<li data-leveltext=\"\uf0b7\" data-font=\"Symbol\" data-listid=\"1\" aria-setsize=\"-1\" data-aria-posinset=\"2\" data-aria-level=\"1\"><span data-contrast=\"auto\">Va-t-on encore travailler avec une shortlist limit\u00e9e, y compris pour les BEV et PHEV, ou laisse-t-on le choix libre pour les BEV\u202f?<\/span><span data-ccp-props=\"{&quot;201341983&quot;:0,&quot;335559739&quot;:160,&quot;335559740&quot;:259}\">\u00a0<\/span><\/li>\n<li data-leveltext=\"\uf0b7\" data-font=\"Symbol\" data-listid=\"1\" aria-setsize=\"-1\" data-aria-posinset=\"3\" data-aria-level=\"1\"><span data-contrast=\"auto\">\u2026<\/span><span data-ccp-props=\"{&quot;201341983&quot;:0,&quot;335559739&quot;:160,&quot;335559740&quot;:259}\">\u00a0<\/span><\/li>\n<\/ul>\n<p><span data-contrast=\"auto\">Tous ces \u00e9l\u00e9ments doivent \u00eatre discut\u00e9s et d\u00e9cid\u00e9s et <\/span><span data-contrast=\"none\">n\u00e9cessitent u<\/span><span data-contrast=\"auto\">n update de la car-policy sur mesure pour l\u2019entreprise.<\/span><span data-ccp-props=\"{&quot;201341983&quot;:0,&quot;335559739&quot;:160,&quot;335559740&quot;:259}\">\u00a0<\/span><\/p>\n<p><span data-ccp-props=\"{&quot;201341983&quot;:0,&quot;335559739&quot;:160,&quot;335559740&quot;:259}\">\u00a0<\/span><\/p>\n<p><i><span data-contrast=\"auto\">R\u00e8gles en mati\u00e8re de recharge \u00e0 <\/span><\/i><i><span data-contrast=\"none\">domicile<\/span><\/i><span data-ccp-props=\"{&quot;201341983&quot;:0,&quot;335559739&quot;:160,&quot;335559740&quot;:259}\">\u00a0<\/span><\/p>\n<p><span data-contrast=\"auto\">En ce qui concerne la recharge du v\u00e9hicule, certains points doivent \u00eatre repris dans la car-policy\u202f:<\/span><span data-ccp-props=\"{&quot;201341983&quot;:0,&quot;335559739&quot;:160,&quot;335559740&quot;:259}\">\u00a0<\/span><\/p>\n<ul>\n<li data-leveltext=\"\uf0b7\" data-font=\"Symbol\" data-listid=\"2\" aria-setsize=\"-1\" data-aria-posinset=\"1\" data-aria-level=\"1\"><span data-contrast=\"auto\">Quelle infrastructure de recharge \u00e0 <\/span><span data-contrast=\"none\">domicile?<\/span><span data-ccp-props=\"{&quot;201341983&quot;:0,&quot;335559739&quot;:160,&quot;335559740&quot;:259}\">\u00a0<\/span><\/li>\n<li data-leveltext=\"\uf0b7\" data-font=\"Symbol\" data-listid=\"2\" aria-setsize=\"-1\" data-aria-posinset=\"2\" data-aria-level=\"1\"><span data-contrast=\"auto\">Quels co\u00fbts sont pay\u00e9s par l\u2019entreprise\u202fet par l\u2019employ\u00e9\u202f? Comment sont-ils calcul\u00e9s\u202f?<\/span><span data-ccp-props=\"{&quot;201341983&quot;:0,&quot;335559739&quot;:160,&quot;335559740&quot;:259}\">\u00a0<\/span><\/li>\n<li data-leveltext=\"\uf0b7\" data-font=\"Symbol\" data-listid=\"2\" aria-setsize=\"-1\" data-aria-posinset=\"3\" data-aria-level=\"1\"><span data-contrast=\"auto\">Ou doit-on recharger de pr\u00e9f\u00e9rence\u202f? <\/span><span data-contrast=\"none\">Au domicile <\/span><span data-contrast=\"auto\">ou au travail\u202f? Y-a-t-il des limites en ce qui concerne la recharge publique ou sur bornes rapides\u202f?<\/span><span data-ccp-props=\"{&quot;201341983&quot;:0,&quot;335559739&quot;:160,&quot;335559740&quot;:259}\">\u00a0<\/span><\/li>\n<\/ul>\n<ul>\n<li data-leveltext=\"\uf0b7\" data-font=\"Symbol\" data-listid=\"2\" aria-setsize=\"-1\" data-aria-posinset=\"1\" data-aria-level=\"1\"><span data-contrast=\"auto\">Quelles sont les r\u00e8gles en mati\u00e8re de recharge d\u2019un PHEV\u202f? Quel monitoring est mis en place \u00e0 ce niveau\u202f?<\/span><span data-ccp-props=\"{&quot;201341983&quot;:0,&quot;335559739&quot;:160,&quot;335559740&quot;:259}\">\u00a0<\/span><\/li>\n<li data-leveltext=\"\uf0b7\" data-font=\"Symbol\" data-listid=\"2\" aria-setsize=\"-1\" data-aria-posinset=\"2\" data-aria-level=\"1\"><span data-contrast=\"auto\">Peut-on recharger \u00e0 l\u2019\u00e9tranger? <\/span><span data-contrast=\"none\">Ce param\u00e8tre <\/span><span data-contrast=\"auto\">peut \u00eatre int\u00e9gr\u00e9 de fa\u00e7on provisoire dans le but de stimuler l\u2019usage du v\u00e9hicule \u00e9lectrique pour les trajets de vacances\u2026 ou parce qu\u2019il n\u2019est pas techniquement possible <\/span><span data-contrast=\"none\">d\u2019en limiter l\u2019usage <\/span><span data-contrast=\"auto\">\u00e0 la Belgique.<\/span><span data-ccp-props=\"{&quot;201341983&quot;:0,&quot;335559739&quot;:160,&quot;335559740&quot;:259}\">\u00a0<\/span><\/li>\n<li data-leveltext=\"\uf0b7\" data-font=\"Symbol\" data-listid=\"2\" aria-setsize=\"-1\" data-aria-posinset=\"3\" data-aria-level=\"1\"><span data-contrast=\"auto\">Quid en cas de d\u00e9part de l\u2019entreprise? Quels sont les r\u00e8gles concernant l\u2019infrastructure de recharge \u00e0 domicile\u202f?<\/span><span data-ccp-props=\"{&quot;201341983&quot;:0,&quot;335559739&quot;:160,&quot;335559740&quot;:259}\">\u00a0<\/span><\/li>\n<\/ul>\n<p><span data-contrast=\"auto\">Ces nouvelles r\u00e8gles contribuent \u00e9galement \u00e0 la mise en place d&rsquo;une <\/span><span data-contrast=\"auto\">car-policy<\/span><span data-contrast=\"auto\"> sp\u00e9cifique adapt\u00e9e \u00e0 l&#8217;employeur.<\/span><span data-ccp-props=\"{&quot;201341983&quot;:0,&quot;335559739&quot;:160,&quot;335559740&quot;:259}\">\u00a0<\/span><\/p>\n<p><span data-ccp-props=\"{&quot;201341983&quot;:0,&quot;335559739&quot;:160,&quot;335559740&quot;:259}\">\u00a0<\/span><\/p>\n<p><i><span data-contrast=\"auto\">Processus de commande<\/span><\/i><span data-ccp-props=\"{&quot;201341983&quot;:0,&quot;335559739&quot;:160,&quot;335559740&quot;:259}\">\u00a0<\/span><\/p>\n<p><span data-contrast=\"auto\">Les \u00e9l\u00e9ments primordiaux pour pouvoir rouler en BEV ou PHEV doivent id\u00e9alement \u00eatre repris dans la car-policy.<\/span><span data-contrast=\"auto\">\u00a0<\/span><span data-ccp-props=\"{&quot;201341983&quot;:0,&quot;335559739&quot;:160,&quot;335559740&quot;:259}\">\u00a0<\/span><\/p>\n<p><span data-contrast=\"auto\">Le respect de ces crit\u00e8res et leur \u00e9valuation doivent, bien entendu, faire l\u2019objet d\u2019un processus objectif. Le gestionnaire de flotte peut discuter avec l&#8217;employ\u00e9 <\/span><span data-contrast=\"none\">du mode de propulsion \u00e0 <\/span><span data-contrast=\"auto\">adopter. Il est \u00e9galement possible de mettre en place un processus automatique et objectif bas\u00e9 sur un sch\u00e9ma d\u00e9cisionnel en fonction des crit\u00e8res de la car-policy. Des outils sont disponibles pour y parvenir.<\/span><span data-ccp-props=\"{&quot;201341983&quot;:0,&quot;335559739&quot;:160,&quot;335559740&quot;:259}\">\u00a0<\/span><\/p>\n<p><span data-contrast=\"none\">S<\/span><span data-contrast=\"none\">\u2019il appara\u00eet que le meilleur choix penche en faveur de<\/span> <span data-contrast=\"auto\">la conduite \u00e9lectrique, <\/span><span data-contrast=\"none\">il <\/span><span data-contrast=\"none\">restera \u00e0<\/span> <span data-contrast=\"auto\">v\u00e9rifier si cette personne peut recharger <\/span><span data-contrast=\"none\">\u00e0 <\/span><span data-contrast=\"none\">domicile<\/span> <span data-contrast=\"auto\">et quelle station de recharge est possible.<\/span><span data-ccp-props=\"{&quot;201341983&quot;:0,&quot;335559739&quot;:160,&quot;335559740&quot;:259}\">\u00a0<\/span><\/p>\n<p><span data-contrast=\"auto\">Une fois toutes les questions solutionn\u00e9es, on peut lancer le processus de commande<\/span> <span data-contrast=\"none\">tel que <\/span><span data-contrast=\"none\">d\u00e9crit <\/span><span data-contrast=\"auto\">dans la <\/span><span data-contrast=\"auto\">car-policy<\/span><span data-contrast=\"auto\"> ou dans l&rsquo;annexe <\/span><span data-contrast=\"auto\">de celle-ci<\/span><span data-contrast=\"auto\">.<\/span><span data-ccp-props=\"{&quot;201341983&quot;:0,&quot;335559739&quot;:160,&quot;335559740&quot;:259}\">\u00a0<\/span><\/p>\n<p><span data-ccp-props=\"{&quot;201341983&quot;:0,&quot;335559739&quot;:160,&quot;335559740&quot;:259}\">\u00a0<\/span><\/p>\n<p><i><span data-contrast=\"auto\">Driver management<\/span><\/i><span data-ccp-props=\"{&quot;201341983&quot;:0,&quot;335559739&quot;:160,&quot;335559740&quot;:259}\">\u00a0<\/span><\/p>\n<p><span data-contrast=\"auto\">Les statistiques d&rsquo;accidents vont \u00e0 nouveau dans le mauvais sens. En outre, le co\u00fbt des r\u00e9parations augmente syst\u00e9matiquement en raison de la technologie et du co\u00fbt plus \u00e9lev\u00e9 des pi\u00e8ces. Cela exerce <\/span><span data-contrast=\"auto\">aussi<\/span><span data-contrast=\"auto\"> une pression \u00e0 la hausse sur les co\u00fbts d&rsquo;assurance.<\/span><span data-ccp-props=\"{&quot;201341983&quot;:0,&quot;335559739&quot;:160,&quot;335559740&quot;:259}\">\u00a0<\/span><\/p>\n<p><span data-contrast=\"auto\">Il est donc important de reconsid\u00e9rer <\/span><span data-contrast=\"none\">l<\/span><span data-contrast=\"none\">es formules d\u2019<\/span><span data-contrast=\"none\">assurance<\/span><span data-contrast=\"auto\">. Pouvons-nous mettre en place une meilleure structure d&rsquo;assurance pour notre flotte ? <\/span><span data-contrast=\"none\">Faut-il \u00e0 nouveau envisager des actions de pr\u00e9vention\u202f?<\/span><span data-ccp-props=\"{&quot;201341983&quot;:0,&quot;335559739&quot;:160,&quot;335559740&quot;:259}\">\u00a0<\/span><\/p>\n<p><span data-contrast=\"auto\">La pr\u00e9vention commence <\/span><span data-contrast=\"none\">une<\/span> <span data-contrast=\"none\">car-policy claire<\/span><span data-contrast=\"auto\">. Qu&rsquo;attend-on du conducteur ? Que signifie \u00ab\u00a0\u00eatre un bon p\u00e8re de famille\u00a0\u00bb ? Que se passe-t-il si le conducteur <\/span><span data-contrast=\"none\">n<\/span><span data-contrast=\"none\">e satisfait pas \u00e0 ce crit\u00e8re<\/span><span data-contrast=\"none\"> ? Et <\/span><span data-contrast=\"none\">quid en cas d\u2019<\/span><span data-contrast=\"none\">accident<\/span><span data-contrast=\"auto\"> ? Le conducteur doit-il participer aux frais ? Comment pouvez-vous r\u00e9compenser les conducteurs qui ne sont pas impliqu\u00e9s dans des <\/span><span data-contrast=\"none\">accidents <\/span><span data-contrast=\"none\">en tort<\/span> <span data-contrast=\"auto\">?<\/span><span data-ccp-props=\"{&quot;201341983&quot;:0,&quot;335559739&quot;:160,&quot;335559740&quot;:259}\">\u00a0<\/span><\/p>\n<p><span data-contrast=\"none\">L<\/span><span data-contrast=\"none\">a mise en place d\u2019une politique de<\/span><span data-contrast=\"none\"> pr\u00e9vention<\/span><span data-contrast=\"auto\">, <\/span><span data-contrast=\"none\">ind\u00e9pendamment des<\/span> <span data-contrast=\"auto\">avantages humains non mesurables, est <\/span><span data-contrast=\"auto\">toujours <\/span><span data-contrast=\"none\">un choix judicieux<\/span><span data-contrast=\"none\">.<\/span><span data-ccp-props=\"{&quot;201341983&quot;:0,&quot;335559739&quot;:160,&quot;335559740&quot;:259}\">\u00a0<\/span><\/p>\n<p><span data-ccp-props=\"{&quot;201341983&quot;:0,&quot;335559739&quot;:160,&quot;335559740&quot;:259}\">\u00a0<\/span><\/p>\n<p><i><span data-contrast=\"auto\">Partenaire l<\/span><\/i><i><span data-contrast=\"auto\">eas<\/span><\/i><i><span data-contrast=\"auto\">ing<\/span><\/i><span data-ccp-props=\"{&quot;201341983&quot;:0,&quot;335559739&quot;:160,&quot;335559740&quot;:259}\">\u00a0<\/span><\/p>\n<p><span data-contrast=\"none\">Compte tenu des changements apport\u00e9s <\/span><span data-contrast=\"auto\">\u00e0 la strat\u00e9gie fleet, on peut se demander si les fournisseurs actuels sont <\/span><span data-contrast=\"none\">encore les plus ad\u00e9quats<\/span><span data-contrast=\"auto\">. Un moment de changement n\u00e9cessite naturellement un partenaire\/fournisseur qui peut faciliter et\/ou g\u00e9rer ces changements.<\/span><span data-ccp-props=\"{&quot;201341983&quot;:0,&quot;335559739&quot;:160,&quot;335559740&quot;:259}\">\u00a0<\/span><\/p>\n<p><span data-contrast=\"auto\">Au vu des \u00e9volutions du march\u00e9, on constate diff\u00e9rentes approches et strat\u00e9gies entre les diff\u00e9rents fournisseurs.<\/span><span data-ccp-props=\"{&quot;201341983&quot;:0,&quot;335559739&quot;:160,&quot;335559740&quot;:259}\">\u00a0<\/span><\/p>\n<p><span data-contrast=\"auto\">On constate \u00e9galement un int\u00e9r\u00eat croissant des entreprises pour l&rsquo;unification et la simplification des processus sous-jacents \u00e0 la flotte, avec un accent sur l\u2019outsourcing. <\/span><span data-contrast=\"none\">Un business model qui a la cote n\u2019est autre que le single supply ou la collaboration avec un seul partenaire de leasing<\/span><span data-contrast=\"auto\">. La possibilit\u00e9 de contr\u00f4ler la comp\u00e9titivit\u00e9 des prix apporte une plus grande transparence des prix sur le march\u00e9 et soutient ces mod\u00e8les. D&rsquo;autre part, on peut choisir de confier ce r\u00f4le \u00e0 une soci\u00e9t\u00e9 de fleet management <\/span><span data-contrast=\"none\">qui endossera le r\u00f4le de coordinateur <\/span><span data-contrast=\"auto\">entre les diff\u00e9rents fournisseurs.<\/span><span data-ccp-props=\"{&quot;201341983&quot;:0,&quot;335559739&quot;:160,&quot;335559740&quot;:259}\">\u00a0<\/span><\/p>\n<p><span data-contrast=\"auto\">On constate clairement une <\/span><span data-contrast=\"none\">tendance \u00e0 externaliser en raison d\u2019une complexit\u00e9 toujours plus importante.<\/span><span data-ccp-props=\"{&quot;201341983&quot;:0,&quot;335559739&quot;:160,&quot;335559740&quot;:259}\">\u00a0<\/span><\/p>\n<p><span data-ccp-props=\"{&quot;201341983&quot;:0,&quot;335559739&quot;:160,&quot;335559740&quot;:259}\">\u00a0<\/span><\/p>\n<p><b><span data-contrast=\"auto\">2022: <\/span><\/b><b><span data-contrast=\"auto\">un d\u00e9fi!<\/span><\/b><span data-ccp-props=\"{&quot;201341983&quot;:0,&quot;335559739&quot;:160,&quot;335559740&quot;:259}\">\u00a0<\/span><\/p>\n<p><span data-contrast=\"auto\">En bref, 2022 sera marqu\u00e9e par une <\/span><span data-contrast=\"none\">confirmation d<\/span><span data-contrast=\"auto\">es tendances que nous avons observ\u00e9es en 2021, mais vraisemblablement \u00e0 un rythme acc\u00e9l\u00e9r\u00e9. 2022 sera l&rsquo;ann\u00e9e ultime de l&rsquo;\u00e9lectrification de la car-policy.<\/span><span data-ccp-props=\"{&quot;201341983&quot;:0,&quot;335559739&quot;:160,&quot;335559740&quot;:259}\">\u00a0<\/span><\/p>\n","protected":false},"excerpt":{"rendered":"<p>\u00a0 2022 sera marqu\u00e9e par ces changements\u00a0 Le passage d\u00e9finitif \u00e0 la norme WLTP rendra la taxation des voitures en moyenne 6 \u00e0 10 % plus ch\u00e8re pour l&rsquo;entreprise. En revanche, l&rsquo;avantage de toute nature li\u00e9 \u00e0 l&rsquo;utilisation priv\u00e9e de la voiture de fonction augmentera sensiblement. Les employ\u00e9s peuvent \u00e9conomiser 30 \u00e0 40 % de [&hellip;]<\/p>\n","protected":false},"author":4,"featured_media":5709,"comment_status":"closed","ping_status":"closed","sticky":false,"template":"","format":"standard","meta":{"_acf_changed":false,"footnotes":""},"categories":[100,91],"tags":[],"class_list":["post-5708","post","type-post","status-publish","format-standard","has-post-thumbnail","hentry","category-best-practices","category-expertise-et-management"],"acf":[],"yoast_head":"<!-- This site is optimized with the Yoast SEO plugin v27.3 - https:\/\/yoast.com\/product\/yoast-seo-wordpress\/ -->\n<title>Adaptez votre car-policy \u00e0 la transition \u00e9nerg\u00e9tique - link2fleet<\/title>\n<meta name=\"description\" content=\"L\u2019ann\u00e9e 2021 est d\u00e9sormais derri\u00e8re nous. Quelle ann\u00e9e\u202f! Une fois de plus, nous avons d\u00fb repousser nos limites. Sur le plan humain d\u2019abord, avec une\u2026\" \/>\n<meta name=\"robots\" content=\"index, follow, max-snippet:-1, max-image-preview:large, max-video-preview:-1\" \/>\n<meta property=\"og:locale\" content=\"fr_FR\" \/>\n<meta property=\"og:type\" content=\"article\" \/>\n<meta property=\"og:title\" content=\"Adaptez votre car-policy \u00e0 la transition \u00e9nerg\u00e9tique - link2fleet\" \/>\n<meta property=\"og:description\" content=\"L\u2019ann\u00e9e 2021 est d\u00e9sormais derri\u00e8re nous. Quelle ann\u00e9e\u202f! Une fois de plus, nous avons d\u00fb repousser nos limites. Sur le plan humain d\u2019abord, avec une\u2026\" \/>\n<meta property=\"og:url\" content=\"https:\/\/www.link2fleet.com\/fr\/adaptez-votre-car-policy-a-la-transition-energetique\/\" \/>\n<meta property=\"og:site_name\" content=\"link2fleet\" \/>\n<meta property=\"article:published_time\" content=\"2022-02-28T13:33:37+00:00\" \/>\n<meta property=\"article:modified_time\" content=\"2024-04-17T14:47:42+00:00\" \/>\n<meta property=\"og:image\" content=\"https:\/\/static.link2fleet.com\/wp-content\/uploads\/2024\/03\/car-policy.png\" \/>\n\t<meta property=\"og:image:width\" content=\"580\" \/>\n\t<meta property=\"og:image:height\" content=\"353\" \/>\n\t<meta property=\"og:image:type\" content=\"image\/png\" \/>\n<meta name=\"author\" content=\"Damien Malvetti\" \/>\n<meta name=\"twitter:card\" content=\"summary_large_image\" \/>\n<meta name=\"twitter:description\" content=\"L\u2019ann\u00e9e 2021 est d\u00e9sormais derri\u00e8re nous. Quelle ann\u00e9e\u202f! Une fois de plus, nous avons d\u00fb repousser nos limites. Sur le plan humain d\u2019abord, avec une\u2026\" \/>\n<meta name=\"twitter:label1\" content=\"\u00c9crit par\" \/>\n\t<meta name=\"twitter:data1\" content=\"Damien Malvetti\" \/>\n\t<meta name=\"twitter:label2\" content=\"Dur\u00e9e de lecture estim\u00e9e\" \/>\n\t<meta name=\"twitter:data2\" content=\"10 minutes\" \/>\n<script type=\"application\/ld+json\" class=\"yoast-schema-graph\">{\"@context\":\"https:\\\/\\\/schema.org\",\"@graph\":[{\"@type\":\"Article\",\"@id\":\"https:\\\/\\\/www.link2fleet.com\\\/fr\\\/adaptez-votre-car-policy-a-la-transition-energetique\\\/#article\",\"isPartOf\":{\"@id\":\"https:\\\/\\\/www.link2fleet.com\\\/fr\\\/adaptez-votre-car-policy-a-la-transition-energetique\\\/\"},\"author\":{\"name\":\"Damien Malvetti\",\"@id\":\"https:\\\/\\\/www.link2fleet.com\\\/fr\\\/#\\\/schema\\\/person\\\/027cd46113c78036b3809c9a054049da\"},\"headline\":\"Adaptez votre car-policy \u00e0 la transition \u00e9nerg\u00e9tique\",\"datePublished\":\"2022-02-28T13:33:37+00:00\",\"dateModified\":\"2024-04-17T14:47:42+00:00\",\"mainEntityOfPage\":{\"@id\":\"https:\\\/\\\/www.link2fleet.com\\\/fr\\\/adaptez-votre-car-policy-a-la-transition-energetique\\\/\"},\"wordCount\":2025,\"publisher\":{\"@id\":\"https:\\\/\\\/www.link2fleet.com\\\/fr\\\/#organization\"},\"image\":{\"@id\":\"https:\\\/\\\/www.link2fleet.com\\\/fr\\\/adaptez-votre-car-policy-a-la-transition-energetique\\\/#primaryimage\"},\"thumbnailUrl\":\"https:\\\/\\\/static.link2fleet.com\\\/wp-content\\\/uploads\\\/2024\\\/03\\\/car-policy.png\",\"articleSection\":[\"Best practices\",\"Gestion de flotte\"],\"inLanguage\":\"fr-FR\"},{\"@type\":\"WebPage\",\"@id\":\"https:\\\/\\\/www.link2fleet.com\\\/fr\\\/adaptez-votre-car-policy-a-la-transition-energetique\\\/\",\"url\":\"https:\\\/\\\/www.link2fleet.com\\\/fr\\\/adaptez-votre-car-policy-a-la-transition-energetique\\\/\",\"name\":\"Adaptez votre car-policy \u00e0 la transition \u00e9nerg\u00e9tique - link2fleet\",\"isPartOf\":{\"@id\":\"https:\\\/\\\/www.link2fleet.com\\\/fr\\\/#website\"},\"primaryImageOfPage\":{\"@id\":\"https:\\\/\\\/www.link2fleet.com\\\/fr\\\/adaptez-votre-car-policy-a-la-transition-energetique\\\/#primaryimage\"},\"image\":{\"@id\":\"https:\\\/\\\/www.link2fleet.com\\\/fr\\\/adaptez-votre-car-policy-a-la-transition-energetique\\\/#primaryimage\"},\"thumbnailUrl\":\"https:\\\/\\\/static.link2fleet.com\\\/wp-content\\\/uploads\\\/2024\\\/03\\\/car-policy.png\",\"datePublished\":\"2022-02-28T13:33:37+00:00\",\"dateModified\":\"2024-04-17T14:47:42+00:00\",\"breadcrumb\":{\"@id\":\"https:\\\/\\\/www.link2fleet.com\\\/fr\\\/adaptez-votre-car-policy-a-la-transition-energetique\\\/#breadcrumb\"},\"inLanguage\":\"fr-FR\",\"potentialAction\":[{\"@type\":\"ReadAction\",\"target\":[\"https:\\\/\\\/www.link2fleet.com\\\/fr\\\/adaptez-votre-car-policy-a-la-transition-energetique\\\/\"]}]},{\"@type\":\"ImageObject\",\"inLanguage\":\"fr-FR\",\"@id\":\"https:\\\/\\\/www.link2fleet.com\\\/fr\\\/adaptez-votre-car-policy-a-la-transition-energetique\\\/#primaryimage\",\"url\":\"https:\\\/\\\/static.link2fleet.com\\\/wp-content\\\/uploads\\\/2024\\\/03\\\/car-policy.png\",\"contentUrl\":\"https:\\\/\\\/static.link2fleet.com\\\/wp-content\\\/uploads\\\/2024\\\/03\\\/car-policy.png\",\"width\":580,\"height\":353},{\"@type\":\"BreadcrumbList\",\"@id\":\"https:\\\/\\\/www.link2fleet.com\\\/fr\\\/adaptez-votre-car-policy-a-la-transition-energetique\\\/#breadcrumb\",\"itemListElement\":[{\"@type\":\"ListItem\",\"position\":1,\"name\":\"Home\",\"item\":\"https:\\\/\\\/www.link2fleet.com\\\/fr\\\/\"},{\"@type\":\"ListItem\",\"position\":2,\"name\":\"Adaptez votre car-policy \u00e0 la transition \u00e9nerg\u00e9tique\"}]},{\"@type\":\"WebSite\",\"@id\":\"https:\\\/\\\/www.link2fleet.com\\\/fr\\\/#website\",\"url\":\"https:\\\/\\\/www.link2fleet.com\\\/fr\\\/\",\"name\":\"Link2fleet\",\"description\":\"\",\"publisher\":{\"@id\":\"https:\\\/\\\/www.link2fleet.com\\\/fr\\\/#organization\"},\"potentialAction\":[{\"@type\":\"SearchAction\",\"target\":{\"@type\":\"EntryPoint\",\"urlTemplate\":\"https:\\\/\\\/www.link2fleet.com\\\/fr\\\/?s={search_term_string}\"},\"query-input\":{\"@type\":\"PropertyValueSpecification\",\"valueRequired\":true,\"valueName\":\"search_term_string\"}}],\"inLanguage\":\"fr-FR\"},{\"@type\":\"Organization\",\"@id\":\"https:\\\/\\\/www.link2fleet.com\\\/fr\\\/#organization\",\"name\":\"Link2fleet\",\"url\":\"https:\\\/\\\/www.link2fleet.com\\\/fr\\\/\",\"logo\":{\"@type\":\"ImageObject\",\"inLanguage\":\"fr-FR\",\"@id\":\"https:\\\/\\\/www.link2fleet.com\\\/fr\\\/#\\\/schema\\\/logo\\\/image\\\/\",\"url\":\"https:\\\/\\\/static.link2fleet.com\\\/wp-content\\\/uploads\\\/2024\\\/03\\\/share-image.jpg\",\"contentUrl\":\"https:\\\/\\\/static.link2fleet.com\\\/wp-content\\\/uploads\\\/2024\\\/03\\\/share-image.jpg\",\"width\":1200,\"height\":630,\"caption\":\"Link2fleet\"},\"image\":{\"@id\":\"https:\\\/\\\/www.link2fleet.com\\\/fr\\\/#\\\/schema\\\/logo\\\/image\\\/\"},\"sameAs\":[\"https:\\\/\\\/www.linkedin.com\\\/company\\\/link2fleet-belgium\",\"https:\\\/\\\/www.youtube.com\\\/user\\\/MMMBMBE\"]},{\"@type\":\"Person\",\"@id\":\"https:\\\/\\\/www.link2fleet.com\\\/fr\\\/#\\\/schema\\\/person\\\/027cd46113c78036b3809c9a054049da\",\"name\":\"Damien Malvetti\",\"image\":{\"@type\":\"ImageObject\",\"inLanguage\":\"fr-FR\",\"@id\":\"https:\\\/\\\/secure.gravatar.com\\\/avatar\\\/dd8cc03b49466c735f753ac37f8caa371af16dfed347456ed61f02883255eebb?s=96&d=mm&r=g\",\"url\":\"https:\\\/\\\/secure.gravatar.com\\\/avatar\\\/dd8cc03b49466c735f753ac37f8caa371af16dfed347456ed61f02883255eebb?s=96&d=mm&r=g\",\"contentUrl\":\"https:\\\/\\\/secure.gravatar.com\\\/avatar\\\/dd8cc03b49466c735f753ac37f8caa371af16dfed347456ed61f02883255eebb?s=96&d=mm&r=g\",\"caption\":\"Damien Malvetti\"},\"description\":\"Damien Malvetti is opgeleid als journalist en gepassioneerd door wagens, technologie en mobiliteit. Hij is verantwoordelijk voor de redactionele inhoud van link2fleet en beschikt over een uitgebreide kennis van de fleet-sector en elektrische mobiliteit.\",\"sameAs\":[\"https:\\\/\\\/www.linkedin.com\\\/in\\\/damien-malvetti-56601142\\\/\"]}]}<\/script>\n<!-- \/ Yoast SEO plugin. -->","yoast_head_json":{"title":"Adaptez votre car-policy \u00e0 la transition \u00e9nerg\u00e9tique - link2fleet","description":"L\u2019ann\u00e9e 2021 est d\u00e9sormais derri\u00e8re nous. Quelle ann\u00e9e\u202f! Une fois de plus, nous avons d\u00fb repousser nos limites. Sur le plan humain d\u2019abord, avec une\u2026","robots":{"index":"index","follow":"follow","max-snippet":"max-snippet:-1","max-image-preview":"max-image-preview:large","max-video-preview":"max-video-preview:-1"},"og_locale":"fr_FR","og_type":"article","og_title":"Adaptez votre car-policy \u00e0 la transition \u00e9nerg\u00e9tique - link2fleet","og_description":"L\u2019ann\u00e9e 2021 est d\u00e9sormais derri\u00e8re nous. Quelle ann\u00e9e\u202f! Une fois de plus, nous avons d\u00fb repousser nos limites. Sur le plan humain d\u2019abord, avec une\u2026","og_url":"https:\/\/www.link2fleet.com\/fr\/adaptez-votre-car-policy-a-la-transition-energetique\/","og_site_name":"link2fleet","article_published_time":"2022-02-28T13:33:37+00:00","article_modified_time":"2024-04-17T14:47:42+00:00","og_image":[{"width":580,"height":353,"url":"https:\/\/static.link2fleet.com\/wp-content\/uploads\/2024\/03\/car-policy.png","type":"image\/png"}],"author":"Damien Malvetti","twitter_card":"summary_large_image","twitter_description":"L\u2019ann\u00e9e 2021 est d\u00e9sormais derri\u00e8re nous. Quelle ann\u00e9e\u202f! Une fois de plus, nous avons d\u00fb repousser nos limites. Sur le plan humain d\u2019abord, avec une\u2026","twitter_misc":{"\u00c9crit par":"Damien Malvetti","Dur\u00e9e de lecture estim\u00e9e":"10 minutes"},"schema":{"@context":"https:\/\/schema.org","@graph":[{"@type":"Article","@id":"https:\/\/www.link2fleet.com\/fr\/adaptez-votre-car-policy-a-la-transition-energetique\/#article","isPartOf":{"@id":"https:\/\/www.link2fleet.com\/fr\/adaptez-votre-car-policy-a-la-transition-energetique\/"},"author":{"name":"Damien Malvetti","@id":"https:\/\/www.link2fleet.com\/fr\/#\/schema\/person\/027cd46113c78036b3809c9a054049da"},"headline":"Adaptez votre car-policy \u00e0 la transition \u00e9nerg\u00e9tique","datePublished":"2022-02-28T13:33:37+00:00","dateModified":"2024-04-17T14:47:42+00:00","mainEntityOfPage":{"@id":"https:\/\/www.link2fleet.com\/fr\/adaptez-votre-car-policy-a-la-transition-energetique\/"},"wordCount":2025,"publisher":{"@id":"https:\/\/www.link2fleet.com\/fr\/#organization"},"image":{"@id":"https:\/\/www.link2fleet.com\/fr\/adaptez-votre-car-policy-a-la-transition-energetique\/#primaryimage"},"thumbnailUrl":"https:\/\/static.link2fleet.com\/wp-content\/uploads\/2024\/03\/car-policy.png","articleSection":["Best practices","Gestion de flotte"],"inLanguage":"fr-FR"},{"@type":"WebPage","@id":"https:\/\/www.link2fleet.com\/fr\/adaptez-votre-car-policy-a-la-transition-energetique\/","url":"https:\/\/www.link2fleet.com\/fr\/adaptez-votre-car-policy-a-la-transition-energetique\/","name":"Adaptez votre car-policy \u00e0 la transition \u00e9nerg\u00e9tique - link2fleet","isPartOf":{"@id":"https:\/\/www.link2fleet.com\/fr\/#website"},"primaryImageOfPage":{"@id":"https:\/\/www.link2fleet.com\/fr\/adaptez-votre-car-policy-a-la-transition-energetique\/#primaryimage"},"image":{"@id":"https:\/\/www.link2fleet.com\/fr\/adaptez-votre-car-policy-a-la-transition-energetique\/#primaryimage"},"thumbnailUrl":"https:\/\/static.link2fleet.com\/wp-content\/uploads\/2024\/03\/car-policy.png","datePublished":"2022-02-28T13:33:37+00:00","dateModified":"2024-04-17T14:47:42+00:00","breadcrumb":{"@id":"https:\/\/www.link2fleet.com\/fr\/adaptez-votre-car-policy-a-la-transition-energetique\/#breadcrumb"},"inLanguage":"fr-FR","potentialAction":[{"@type":"ReadAction","target":["https:\/\/www.link2fleet.com\/fr\/adaptez-votre-car-policy-a-la-transition-energetique\/"]}]},{"@type":"ImageObject","inLanguage":"fr-FR","@id":"https:\/\/www.link2fleet.com\/fr\/adaptez-votre-car-policy-a-la-transition-energetique\/#primaryimage","url":"https:\/\/static.link2fleet.com\/wp-content\/uploads\/2024\/03\/car-policy.png","contentUrl":"https:\/\/static.link2fleet.com\/wp-content\/uploads\/2024\/03\/car-policy.png","width":580,"height":353},{"@type":"BreadcrumbList","@id":"https:\/\/www.link2fleet.com\/fr\/adaptez-votre-car-policy-a-la-transition-energetique\/#breadcrumb","itemListElement":[{"@type":"ListItem","position":1,"name":"Home","item":"https:\/\/www.link2fleet.com\/fr\/"},{"@type":"ListItem","position":2,"name":"Adaptez votre car-policy \u00e0 la transition \u00e9nerg\u00e9tique"}]},{"@type":"WebSite","@id":"https:\/\/www.link2fleet.com\/fr\/#website","url":"https:\/\/www.link2fleet.com\/fr\/","name":"Link2fleet","description":"","publisher":{"@id":"https:\/\/www.link2fleet.com\/fr\/#organization"},"potentialAction":[{"@type":"SearchAction","target":{"@type":"EntryPoint","urlTemplate":"https:\/\/www.link2fleet.com\/fr\/?s={search_term_string}"},"query-input":{"@type":"PropertyValueSpecification","valueRequired":true,"valueName":"search_term_string"}}],"inLanguage":"fr-FR"},{"@type":"Organization","@id":"https:\/\/www.link2fleet.com\/fr\/#organization","name":"Link2fleet","url":"https:\/\/www.link2fleet.com\/fr\/","logo":{"@type":"ImageObject","inLanguage":"fr-FR","@id":"https:\/\/www.link2fleet.com\/fr\/#\/schema\/logo\/image\/","url":"https:\/\/static.link2fleet.com\/wp-content\/uploads\/2024\/03\/share-image.jpg","contentUrl":"https:\/\/static.link2fleet.com\/wp-content\/uploads\/2024\/03\/share-image.jpg","width":1200,"height":630,"caption":"Link2fleet"},"image":{"@id":"https:\/\/www.link2fleet.com\/fr\/#\/schema\/logo\/image\/"},"sameAs":["https:\/\/www.linkedin.com\/company\/link2fleet-belgium","https:\/\/www.youtube.com\/user\/MMMBMBE"]},{"@type":"Person","@id":"https:\/\/www.link2fleet.com\/fr\/#\/schema\/person\/027cd46113c78036b3809c9a054049da","name":"Damien Malvetti","image":{"@type":"ImageObject","inLanguage":"fr-FR","@id":"https:\/\/secure.gravatar.com\/avatar\/dd8cc03b49466c735f753ac37f8caa371af16dfed347456ed61f02883255eebb?s=96&d=mm&r=g","url":"https:\/\/secure.gravatar.com\/avatar\/dd8cc03b49466c735f753ac37f8caa371af16dfed347456ed61f02883255eebb?s=96&d=mm&r=g","contentUrl":"https:\/\/secure.gravatar.com\/avatar\/dd8cc03b49466c735f753ac37f8caa371af16dfed347456ed61f02883255eebb?s=96&d=mm&r=g","caption":"Damien Malvetti"},"description":"Damien Malvetti is opgeleid als journalist en gepassioneerd door wagens, technologie en mobiliteit. Hij is verantwoordelijk voor de redactionele inhoud van link2fleet en beschikt over een uitgebreide kennis van de fleet-sector en elektrische mobiliteit.","sameAs":["https:\/\/www.linkedin.com\/in\/damien-malvetti-56601142\/"]}]}},"_links":{"self":[{"href":"https:\/\/www.link2fleet.com\/fr\/wp-json\/wp\/v2\/posts\/5708","targetHints":{"allow":["GET"]}}],"collection":[{"href":"https:\/\/www.link2fleet.com\/fr\/wp-json\/wp\/v2\/posts"}],"about":[{"href":"https:\/\/www.link2fleet.com\/fr\/wp-json\/wp\/v2\/types\/post"}],"author":[{"embeddable":true,"href":"https:\/\/www.link2fleet.com\/fr\/wp-json\/wp\/v2\/users\/4"}],"replies":[{"embeddable":true,"href":"https:\/\/www.link2fleet.com\/fr\/wp-json\/wp\/v2\/comments?post=5708"}],"version-history":[{"count":0,"href":"https:\/\/www.link2fleet.com\/fr\/wp-json\/wp\/v2\/posts\/5708\/revisions"}],"wp:featuredmedia":[{"embeddable":true,"href":"https:\/\/www.link2fleet.com\/fr\/wp-json\/wp\/v2\/media\/5709"}],"wp:attachment":[{"href":"https:\/\/www.link2fleet.com\/fr\/wp-json\/wp\/v2\/media?parent=5708"}],"wp:term":[{"taxonomy":"category","embeddable":true,"href":"https:\/\/www.link2fleet.com\/fr\/wp-json\/wp\/v2\/categories?post=5708"},{"taxonomy":"post_tag","embeddable":true,"href":"https:\/\/www.link2fleet.com\/fr\/wp-json\/wp\/v2\/tags?post=5708"}],"curies":[{"name":"wp","href":"https:\/\/api.w.org\/{rel}","templated":true}]}}