{"id":5735,"date":"2022-03-07T08:28:54","date_gmt":"2022-03-07T07:28:54","guid":{"rendered":"https:\/\/www.link2fleet.com\/fleet-test-opel-astra-2022-une-hatchback-moderne-avec-du-punch\/"},"modified":"2024-04-17T16:47:41","modified_gmt":"2024-04-17T14:47:41","slug":"fleet-test-opel-astra-2022-une-hatchback-moderne-avec-du-punch","status":"publish","type":"post","link":"https:\/\/www.link2fleet.com\/fr\/fleet-test-opel-astra-2022-une-hatchback-moderne-avec-du-punch\/","title":{"rendered":"Fleet test Opel Astra 2022: une hatchback moderne avec du punch"},"content":{"rendered":"<p>En termes de plateforme et de motorisations, on ne s\u2019attendait donc pas \u00e0 des diff\u00e9rences avec la Peugeot 308, mais on pouvait tout de m\u00eame s\u2019attendre \u00e0 ce que la sixi\u00e8me g\u00e9n\u00e9ration de l\u2019Astra soit capable de charmer les clients du segment des compactes. Et elle n\u2019a effectivement pas d\u00e9\u00e7u\u00a0!<\/p>\n<p>Pas besoin de vous dire que la premi\u00e8re impression est importante. Un arri\u00e8re plus anguleux et une toute nouvelle face avant &#8211; baptis\u00e9e du nom contemporain de Vizor &#8211; donnent \u00e0 l&rsquo;Astra une allure robuste. D&rsquo;\u00e9troites lumi\u00e8res LED entourent \u00e9l\u00e9gamment une calandre noire \u00e0 l&rsquo;avant, \u00e9quip\u00e9e de nombreux capteurs et d&rsquo;un logo int\u00e9gr\u00e9 de la m\u00eame couleur. A la fois de bon go\u00fbt et subtile. Le troisi\u00e8me feux vertical \u00e0 l&rsquo;arri\u00e8re apporte une touche agr\u00e9able au design, et la lucarne obscure apporte un petit plus, tant sur le plan fonctionnel qu&rsquo;esth\u00e9tique.<\/p>\n<p><strong>Prestations athl\u00e9tiques<\/strong><\/p>\n<p><a href=\"https:\/\/www.link2fleet.com\/wp-content\/uploads\/2022\/03\/Fotoshoots-wagens-14-van-48-scaled.jpg\"><img loading=\"lazy\" decoding=\"async\" class=\"alignright size-medium wp-image-1277865\" src=\"https:\/\/www.link2fleet.com\/wp-content\/uploads\/2022\/03\/Fotoshoots-wagens-14-van-48-300x200.jpg\" alt=\"\" width=\"300\" height=\"200\" \/><\/a>Il n\u2019y a pas que son look qu\u2019on peut qualifier d\u2019athl\u00e9tique. En mati\u00e8re de comportement routier, la version plug-in hybride que nous avons test\u00e9e livre des prestations d\u2019un tr\u00e8s haut niveau. L\u2019acc\u00e9l\u00e9ration est puissante, surtout en mode sport. Le fait que cette Astra n\u2019ait besoin que de 7,6 sec. pour atteindre le 0 \u00e0 100 km\/h, illustre parfaitement cette impression. La version hybride peut compter sur 180 chevaux pour assurer ses performances sportives.<\/p>\n<p>Mais l\u2019Astra reste avant tout une citadine, raison pour laquelle Opel a pris soin de soigner son confort. Son amortissement assimile par exemple parfaitement les irr\u00e9gularit\u00e9s, gr\u00e2ce au calibrage de sa direction, elle r\u00e9agit avec pr\u00e9cision dans les virages. Le passage de l\u2019\u00e9lectrique \u00e0 l\u2019essence est tr\u00e8s fluide et la bo\u00eete de vitesse automatique \u00e0 8 rapports assure une conduite remarquablement souple.<\/p>\n<p><a href=\"https:\/\/www.link2fleet.com\/wp-content\/uploads\/2022\/03\/Fotoshoots-wagens-10-van-48-scaled.jpg\"><img loading=\"lazy\" decoding=\"async\" class=\"aligncenter size-large wp-image-1277857\" src=\"https:\/\/www.link2fleet.com\/wp-content\/uploads\/2022\/03\/Fotoshoots-wagens-10-van-48-1024x683.jpg\" alt=\"\" width=\"640\" height=\"427\" \/><\/a><\/p>\n<p><strong>Technologie du plus haut niveau<\/strong><\/p>\n<p><a href=\"https:\/\/www.link2fleet.com\/wp-content\/uploads\/2022\/03\/Fotoshoots-wagens-13-van-48-scaled.jpg\"><img loading=\"lazy\" decoding=\"async\" class=\"alignleft size-medium wp-image-1277863\" src=\"https:\/\/www.link2fleet.com\/wp-content\/uploads\/2022\/03\/Fotoshoots-wagens-13-van-48-300x200.jpg\" alt=\"\" width=\"300\" height=\"200\" \/><\/a>Comme de coutume avec une allemande, l&rsquo;Astra affiche un excellent confort et une belle qualit\u00e9 de finition. Et sur le plan technologique, vous \u00eates choy\u00e9s. Le cockpit moderne, avec 2 \u00e9crans 10\u2019\u2019 int\u00e9gr\u00e9s et configurables \u2013 le fameux Pure Panel \u2013 rend les commandes intuitives, tandis que le chauffage des si\u00e8ges et du volant vous procure une sensation de luxe. Opel a mis les petits plats dans les grands pour impressionner sur le plan acoustique en isolant parfaitement les bruits ext\u00e9rieur et du moteur.<\/p>\n<p>&nbsp;<\/p>\n<p>&nbsp;<\/p>\n<p style=\"text-align: left;\"><strong>Fiche technique<\/strong><\/p>\n<p><strong>\u00a0<\/strong><strong>Opel Astra\u00a0<\/strong><strong>1.6 TURBO HYBRID 132KW BUSINESS EDITION<\/strong><\/p>\n<table width=\"565\">\n<tbody>\n<tr>\n<td width=\"300\"><strong>INFORMATIONS TECHNIQUES<\/strong><\/td>\n<td width=\"265\"><strong>\u00a0<\/strong><\/td>\n<\/tr>\n<tr>\n<td width=\"300\"><strong>Carburant\u00a0 <\/strong><\/td>\n<td width=\"265\">Hybride-essence<\/td>\n<\/tr>\n<tr>\n<td width=\"300\"><strong>Puissance<\/strong><\/td>\n<td width=\"265\">180 ch<\/td>\n<\/tr>\n<tr>\n<td width=\"300\"><strong>Poids \u00e0 vide<\/strong><\/td>\n<td width=\"265\">1.678 kg<\/td>\n<\/tr>\n<tr>\n<td width=\"300\"><strong>Volume du coffre<\/strong><\/td>\n<td width=\"265\">305 l<\/td>\n<\/tr>\n<tr>\n<td width=\"300\"><strong>Volume du r\u00e9servoir<\/strong><\/td>\n<td width=\"265\">42 l<\/td>\n<\/tr>\n<tr>\n<td width=\"300\"><strong>Consommation moyenne<\/strong><\/td>\n<td width=\"265\">1,1 l\/100 km<\/td>\n<\/tr>\n<tr>\n<td width=\"300\"><strong>Emission CO<sub>2<\/sub><\/strong><\/td>\n<td width=\"265\">22 g\/km<\/td>\n<\/tr>\n<tr>\n<td width=\"300\"><strong>Vitesse maximale<\/strong><\/td>\n<td width=\"265\">225 km\/h<\/td>\n<\/tr>\n<tr>\n<td width=\"300\"><strong>Cylindr\u00e9e<\/strong><\/td>\n<td width=\"265\">1.598 cm3<\/td>\n<\/tr>\n<\/tbody>\n<\/table>\n<p>&nbsp;<\/p>\n<p>&nbsp;<\/p>\n<table width=\"565\">\n<tbody>\n<tr>\n<td colspan=\"2\" width=\"565\"><strong>INFORMATIONS DE GESTION<\/strong><\/td>\n<\/tr>\n<tr>\n<td width=\"385\"><strong>Prix de base HTVA<\/strong><\/td>\n<td width=\"180\">26 688,00 \u20ac<\/td>\n<\/tr>\n<tr>\n<td width=\"385\"><strong>Prix de base TVAC<\/strong><\/td>\n<td width=\"180\">30 338,40 \u20ac<\/td>\n<\/tr>\n<tr>\n<td width=\"385\"><strong>TMC (Bruxelles, Wallonie, Leasing)<\/strong><\/td>\n<td width=\"180\">867 \u20ac<\/td>\n<\/tr>\n<tr>\n<td width=\"385\"><strong>BIV (Flandre)<\/strong><\/td>\n<td width=\"180\">46,23 \u20ac<\/td>\n<\/tr>\n<tr>\n<td width=\"385\"><strong>Taxe de circulation (Bruxelles, Wallonie)<\/strong><\/td>\n<td width=\"180\">297 \u20ac<\/td>\n<\/tr>\n<tr>\n<td width=\"385\"><strong>Taxe de circulation (Flandre)<\/strong><\/td>\n<td width=\"180\">140,83 \u20ac<\/td>\n<\/tr>\n<tr>\n<td width=\"385\"><strong>D\u00e9ductibilit\u00e9 fiscale<\/strong><\/td>\n<td width=\"180\">100 %<\/td>\n<\/tr>\n<tr>\n<td width=\"385\"><strong>ATN utilisateur<\/strong><\/td>\n<td width=\"180\">1.400 \u20ac\/an<\/td>\n<\/tr>\n<tr>\n<td width=\"385\"><strong>D\u00e9penses non-admises<\/strong><\/td>\n<td width=\"180\">228 \u20ac\/an<\/td>\n<\/tr>\n<tr>\n<td width=\"385\"><strong>Taxe CO<sub>2<\/sub><\/strong><\/td>\n<td width=\"180\">28,17 \u20ac<\/td>\n<\/tr>\n<\/tbody>\n<\/table>\n<p>&nbsp;<\/p>\n\n","protected":false},"excerpt":{"rendered":"<p>En termes de plateforme et de motorisations, on ne s\u2019attendait donc pas \u00e0 des diff\u00e9rences avec la Peugeot 308, mais on pouvait tout de m\u00eame s\u2019attendre \u00e0 ce que la sixi\u00e8me g\u00e9n\u00e9ration de l\u2019Astra soit capable de charmer les clients du segment des compactes. Et elle n\u2019a effectivement pas d\u00e9\u00e7u\u00a0! Pas besoin de vous dire [&hellip;]<\/p>\n","protected":false},"author":43,"featured_media":5736,"comment_status":"closed","ping_status":"closed","sticky":false,"template":"","format":"standard","meta":{"_acf_changed":false,"footnotes":""},"categories":[77,76],"tags":[],"class_list":["post-5735","post","type-post","status-publish","format-standard","has-post-thumbnail","hentry","category-importateurs-et-constructeurs-automobiles-vp","category-car"],"acf":[],"yoast_head":"<!-- This site is optimized with the Yoast SEO plugin v27.3 - https:\/\/yoast.com\/product\/yoast-seo-wordpress\/ -->\n<title>Fleet test Opel Astra 2022: une hatchback moderne avec du punch - link2fleet<\/title>\n<meta name=\"description\" content=\"Tr\u00e8s populaire sur le march\u00e9 fleet, l&rsquo;Astra s&rsquo;offre une toute nouvelle version, la premi\u00e8re sous l&rsquo;\u00e8re Stellantis. Avec ses lignes ac\u00e9r\u00e9es, sa technologie de pointe\u2026\" \/>\n<meta name=\"robots\" content=\"index, follow, max-snippet:-1, max-image-preview:large, max-video-preview:-1\" \/>\n<meta property=\"og:locale\" content=\"fr_FR\" \/>\n<meta property=\"og:type\" content=\"article\" \/>\n<meta property=\"og:title\" content=\"Fleet test Opel Astra 2022: une hatchback moderne avec du punch - link2fleet\" \/>\n<meta property=\"og:description\" content=\"Tr\u00e8s populaire sur le march\u00e9 fleet, l&rsquo;Astra s&rsquo;offre une toute nouvelle version, la premi\u00e8re sous l&rsquo;\u00e8re Stellantis. Avec ses lignes ac\u00e9r\u00e9es, sa technologie de pointe\u2026\" \/>\n<meta property=\"og:url\" content=\"https:\/\/www.link2fleet.com\/fr\/fleet-test-opel-astra-2022-une-hatchback-moderne-avec-du-punch\/\" \/>\n<meta property=\"og:site_name\" content=\"link2fleet\" \/>\n<meta property=\"article:published_time\" content=\"2022-03-07T07:28:54+00:00\" \/>\n<meta property=\"article:modified_time\" content=\"2024-04-17T14:47:41+00:00\" \/>\n<meta property=\"og:image\" content=\"https:\/\/static.link2fleet.com\/wp-content\/uploads\/2024\/03\/fotoshoots-wagens-17-van-48-scaled-1.jpg\" \/>\n\t<meta property=\"og:image:width\" content=\"2560\" \/>\n\t<meta property=\"og:image:height\" content=\"1707\" \/>\n\t<meta property=\"og:image:type\" content=\"image\/jpeg\" \/>\n<meta name=\"author\" content=\"Jeroen Evens\" \/>\n<meta name=\"twitter:card\" content=\"summary_large_image\" \/>\n<meta name=\"twitter:description\" content=\"Tr\u00e8s populaire sur le march\u00e9 fleet, l&rsquo;Astra s&rsquo;offre une toute nouvelle version, la premi\u00e8re sous l&rsquo;\u00e8re Stellantis. Avec ses lignes ac\u00e9r\u00e9es, sa technologie de pointe\u2026\" \/>\n<meta name=\"twitter:label1\" content=\"\u00c9crit par\" \/>\n\t<meta name=\"twitter:data1\" content=\"Jeroen Evens\" \/>\n\t<meta name=\"twitter:label2\" content=\"Dur\u00e9e de lecture estim\u00e9e\" \/>\n\t<meta name=\"twitter:data2\" content=\"4 minutes\" \/>\n<script type=\"application\/ld+json\" class=\"yoast-schema-graph\">{\"@context\":\"https:\\\/\\\/schema.org\",\"@graph\":[{\"@type\":\"Article\",\"@id\":\"https:\\\/\\\/www.link2fleet.com\\\/fr\\\/fleet-test-opel-astra-2022-une-hatchback-moderne-avec-du-punch\\\/#article\",\"isPartOf\":{\"@id\":\"https:\\\/\\\/www.link2fleet.com\\\/fr\\\/fleet-test-opel-astra-2022-une-hatchback-moderne-avec-du-punch\\\/\"},\"author\":{\"name\":\"Jeroen Evens\",\"@id\":\"https:\\\/\\\/www.link2fleet.com\\\/fr\\\/#\\\/schema\\\/person\\\/3f23fa5cf039e25761156c930f6bf38f\"},\"headline\":\"Fleet test Opel Astra 2022: une hatchback moderne avec du punch\",\"datePublished\":\"2022-03-07T07:28:54+00:00\",\"dateModified\":\"2024-04-17T14:47:41+00:00\",\"mainEntityOfPage\":{\"@id\":\"https:\\\/\\\/www.link2fleet.com\\\/fr\\\/fleet-test-opel-astra-2022-une-hatchback-moderne-avec-du-punch\\\/\"},\"wordCount\":783,\"publisher\":{\"@id\":\"https:\\\/\\\/www.link2fleet.com\\\/fr\\\/#organization\"},\"image\":{\"@id\":\"https:\\\/\\\/www.link2fleet.com\\\/fr\\\/fleet-test-opel-astra-2022-une-hatchback-moderne-avec-du-punch\\\/#primaryimage\"},\"thumbnailUrl\":\"https:\\\/\\\/static.link2fleet.com\\\/wp-content\\\/uploads\\\/2024\\\/03\\\/fotoshoots-wagens-17-van-48-scaled-1.jpg\",\"articleSection\":[\"Importateurs et constructeurs\",\"V\u00e9hicules\"],\"inLanguage\":\"fr-FR\"},{\"@type\":\"WebPage\",\"@id\":\"https:\\\/\\\/www.link2fleet.com\\\/fr\\\/fleet-test-opel-astra-2022-une-hatchback-moderne-avec-du-punch\\\/\",\"url\":\"https:\\\/\\\/www.link2fleet.com\\\/fr\\\/fleet-test-opel-astra-2022-une-hatchback-moderne-avec-du-punch\\\/\",\"name\":\"Fleet test Opel Astra 2022: une hatchback moderne avec du punch - link2fleet\",\"isPartOf\":{\"@id\":\"https:\\\/\\\/www.link2fleet.com\\\/fr\\\/#website\"},\"primaryImageOfPage\":{\"@id\":\"https:\\\/\\\/www.link2fleet.com\\\/fr\\\/fleet-test-opel-astra-2022-une-hatchback-moderne-avec-du-punch\\\/#primaryimage\"},\"image\":{\"@id\":\"https:\\\/\\\/www.link2fleet.com\\\/fr\\\/fleet-test-opel-astra-2022-une-hatchback-moderne-avec-du-punch\\\/#primaryimage\"},\"thumbnailUrl\":\"https:\\\/\\\/static.link2fleet.com\\\/wp-content\\\/uploads\\\/2024\\\/03\\\/fotoshoots-wagens-17-van-48-scaled-1.jpg\",\"datePublished\":\"2022-03-07T07:28:54+00:00\",\"dateModified\":\"2024-04-17T14:47:41+00:00\",\"breadcrumb\":{\"@id\":\"https:\\\/\\\/www.link2fleet.com\\\/fr\\\/fleet-test-opel-astra-2022-une-hatchback-moderne-avec-du-punch\\\/#breadcrumb\"},\"inLanguage\":\"fr-FR\",\"potentialAction\":[{\"@type\":\"ReadAction\",\"target\":[\"https:\\\/\\\/www.link2fleet.com\\\/fr\\\/fleet-test-opel-astra-2022-une-hatchback-moderne-avec-du-punch\\\/\"]}]},{\"@type\":\"ImageObject\",\"inLanguage\":\"fr-FR\",\"@id\":\"https:\\\/\\\/www.link2fleet.com\\\/fr\\\/fleet-test-opel-astra-2022-une-hatchback-moderne-avec-du-punch\\\/#primaryimage\",\"url\":\"https:\\\/\\\/static.link2fleet.com\\\/wp-content\\\/uploads\\\/2024\\\/03\\\/fotoshoots-wagens-17-van-48-scaled-1.jpg\",\"contentUrl\":\"https:\\\/\\\/static.link2fleet.com\\\/wp-content\\\/uploads\\\/2024\\\/03\\\/fotoshoots-wagens-17-van-48-scaled-1.jpg\",\"width\":2560,\"height\":1707,\"caption\":\"|||||||||\"},{\"@type\":\"BreadcrumbList\",\"@id\":\"https:\\\/\\\/www.link2fleet.com\\\/fr\\\/fleet-test-opel-astra-2022-une-hatchback-moderne-avec-du-punch\\\/#breadcrumb\",\"itemListElement\":[{\"@type\":\"ListItem\",\"position\":1,\"name\":\"Home\",\"item\":\"https:\\\/\\\/www.link2fleet.com\\\/fr\\\/\"},{\"@type\":\"ListItem\",\"position\":2,\"name\":\"Fleet test Opel Astra 2022: une hatchback moderne avec du punch\"}]},{\"@type\":\"WebSite\",\"@id\":\"https:\\\/\\\/www.link2fleet.com\\\/fr\\\/#website\",\"url\":\"https:\\\/\\\/www.link2fleet.com\\\/fr\\\/\",\"name\":\"Link2fleet\",\"description\":\"\",\"publisher\":{\"@id\":\"https:\\\/\\\/www.link2fleet.com\\\/fr\\\/#organization\"},\"potentialAction\":[{\"@type\":\"SearchAction\",\"target\":{\"@type\":\"EntryPoint\",\"urlTemplate\":\"https:\\\/\\\/www.link2fleet.com\\\/fr\\\/?s={search_term_string}\"},\"query-input\":{\"@type\":\"PropertyValueSpecification\",\"valueRequired\":true,\"valueName\":\"search_term_string\"}}],\"inLanguage\":\"fr-FR\"},{\"@type\":\"Organization\",\"@id\":\"https:\\\/\\\/www.link2fleet.com\\\/fr\\\/#organization\",\"name\":\"Link2fleet\",\"url\":\"https:\\\/\\\/www.link2fleet.com\\\/fr\\\/\",\"logo\":{\"@type\":\"ImageObject\",\"inLanguage\":\"fr-FR\",\"@id\":\"https:\\\/\\\/www.link2fleet.com\\\/fr\\\/#\\\/schema\\\/logo\\\/image\\\/\",\"url\":\"https:\\\/\\\/static.link2fleet.com\\\/wp-content\\\/uploads\\\/2024\\\/03\\\/share-image.jpg\",\"contentUrl\":\"https:\\\/\\\/static.link2fleet.com\\\/wp-content\\\/uploads\\\/2024\\\/03\\\/share-image.jpg\",\"width\":1200,\"height\":630,\"caption\":\"Link2fleet\"},\"image\":{\"@id\":\"https:\\\/\\\/www.link2fleet.com\\\/fr\\\/#\\\/schema\\\/logo\\\/image\\\/\"},\"sameAs\":[\"https:\\\/\\\/www.linkedin.com\\\/company\\\/link2fleet-belgium\",\"https:\\\/\\\/www.youtube.com\\\/user\\\/MMMBMBE\"]},{\"@type\":\"Person\",\"@id\":\"https:\\\/\\\/www.link2fleet.com\\\/fr\\\/#\\\/schema\\\/person\\\/3f23fa5cf039e25761156c930f6bf38f\",\"name\":\"Jeroen Evens\",\"image\":{\"@type\":\"ImageObject\",\"inLanguage\":\"fr-FR\",\"@id\":\"https:\\\/\\\/secure.gravatar.com\\\/avatar\\\/6e059523a84fbec54e5ec5d0f3fb4322b7b077be22b323085f823d1d7f00f32e?s=96&d=mm&r=g\",\"url\":\"https:\\\/\\\/secure.gravatar.com\\\/avatar\\\/6e059523a84fbec54e5ec5d0f3fb4322b7b077be22b323085f823d1d7f00f32e?s=96&d=mm&r=g\",\"contentUrl\":\"https:\\\/\\\/secure.gravatar.com\\\/avatar\\\/6e059523a84fbec54e5ec5d0f3fb4322b7b077be22b323085f823d1d7f00f32e?s=96&d=mm&r=g\",\"caption\":\"Jeroen Evens\"},\"description\":\"Jeroen Evens is opgeleid in de Communicatiewetenschappen (KULeuven) en is een enthousiaste volger van alles wat met mobiliteit en bedrijfswagens te maken heeft. Als freelance journalist gespecialiseerd in de fleetsector houdt hij al drie jaar lang de vinger aan de pols van de laatste ontwikkelingen in onze sector.\"}]}<\/script>\n<!-- \/ Yoast SEO plugin. -->","yoast_head_json":{"title":"Fleet test Opel Astra 2022: une hatchback moderne avec du punch - link2fleet","description":"Tr\u00e8s populaire sur le march\u00e9 fleet, l&rsquo;Astra s&rsquo;offre une toute nouvelle version, la premi\u00e8re sous l&rsquo;\u00e8re Stellantis. Avec ses lignes ac\u00e9r\u00e9es, sa technologie de pointe\u2026","robots":{"index":"index","follow":"follow","max-snippet":"max-snippet:-1","max-image-preview":"max-image-preview:large","max-video-preview":"max-video-preview:-1"},"og_locale":"fr_FR","og_type":"article","og_title":"Fleet test Opel Astra 2022: une hatchback moderne avec du punch - link2fleet","og_description":"Tr\u00e8s populaire sur le march\u00e9 fleet, l&rsquo;Astra s&rsquo;offre une toute nouvelle version, la premi\u00e8re sous l&rsquo;\u00e8re Stellantis. Avec ses lignes ac\u00e9r\u00e9es, sa technologie de pointe\u2026","og_url":"https:\/\/www.link2fleet.com\/fr\/fleet-test-opel-astra-2022-une-hatchback-moderne-avec-du-punch\/","og_site_name":"link2fleet","article_published_time":"2022-03-07T07:28:54+00:00","article_modified_time":"2024-04-17T14:47:41+00:00","og_image":[{"width":2560,"height":1707,"url":"https:\/\/static.link2fleet.com\/wp-content\/uploads\/2024\/03\/fotoshoots-wagens-17-van-48-scaled-1.jpg","type":"image\/jpeg"}],"author":"Jeroen Evens","twitter_card":"summary_large_image","twitter_description":"Tr\u00e8s populaire sur le march\u00e9 fleet, l&rsquo;Astra s&rsquo;offre une toute nouvelle version, la premi\u00e8re sous l&rsquo;\u00e8re Stellantis. Avec ses lignes ac\u00e9r\u00e9es, sa technologie de pointe\u2026","twitter_misc":{"\u00c9crit par":"Jeroen Evens","Dur\u00e9e de lecture estim\u00e9e":"4 minutes"},"schema":{"@context":"https:\/\/schema.org","@graph":[{"@type":"Article","@id":"https:\/\/www.link2fleet.com\/fr\/fleet-test-opel-astra-2022-une-hatchback-moderne-avec-du-punch\/#article","isPartOf":{"@id":"https:\/\/www.link2fleet.com\/fr\/fleet-test-opel-astra-2022-une-hatchback-moderne-avec-du-punch\/"},"author":{"name":"Jeroen Evens","@id":"https:\/\/www.link2fleet.com\/fr\/#\/schema\/person\/3f23fa5cf039e25761156c930f6bf38f"},"headline":"Fleet test Opel Astra 2022: une hatchback moderne avec du punch","datePublished":"2022-03-07T07:28:54+00:00","dateModified":"2024-04-17T14:47:41+00:00","mainEntityOfPage":{"@id":"https:\/\/www.link2fleet.com\/fr\/fleet-test-opel-astra-2022-une-hatchback-moderne-avec-du-punch\/"},"wordCount":783,"publisher":{"@id":"https:\/\/www.link2fleet.com\/fr\/#organization"},"image":{"@id":"https:\/\/www.link2fleet.com\/fr\/fleet-test-opel-astra-2022-une-hatchback-moderne-avec-du-punch\/#primaryimage"},"thumbnailUrl":"https:\/\/static.link2fleet.com\/wp-content\/uploads\/2024\/03\/fotoshoots-wagens-17-van-48-scaled-1.jpg","articleSection":["Importateurs et constructeurs","V\u00e9hicules"],"inLanguage":"fr-FR"},{"@type":"WebPage","@id":"https:\/\/www.link2fleet.com\/fr\/fleet-test-opel-astra-2022-une-hatchback-moderne-avec-du-punch\/","url":"https:\/\/www.link2fleet.com\/fr\/fleet-test-opel-astra-2022-une-hatchback-moderne-avec-du-punch\/","name":"Fleet test Opel Astra 2022: une hatchback moderne avec du punch - link2fleet","isPartOf":{"@id":"https:\/\/www.link2fleet.com\/fr\/#website"},"primaryImageOfPage":{"@id":"https:\/\/www.link2fleet.com\/fr\/fleet-test-opel-astra-2022-une-hatchback-moderne-avec-du-punch\/#primaryimage"},"image":{"@id":"https:\/\/www.link2fleet.com\/fr\/fleet-test-opel-astra-2022-une-hatchback-moderne-avec-du-punch\/#primaryimage"},"thumbnailUrl":"https:\/\/static.link2fleet.com\/wp-content\/uploads\/2024\/03\/fotoshoots-wagens-17-van-48-scaled-1.jpg","datePublished":"2022-03-07T07:28:54+00:00","dateModified":"2024-04-17T14:47:41+00:00","breadcrumb":{"@id":"https:\/\/www.link2fleet.com\/fr\/fleet-test-opel-astra-2022-une-hatchback-moderne-avec-du-punch\/#breadcrumb"},"inLanguage":"fr-FR","potentialAction":[{"@type":"ReadAction","target":["https:\/\/www.link2fleet.com\/fr\/fleet-test-opel-astra-2022-une-hatchback-moderne-avec-du-punch\/"]}]},{"@type":"ImageObject","inLanguage":"fr-FR","@id":"https:\/\/www.link2fleet.com\/fr\/fleet-test-opel-astra-2022-une-hatchback-moderne-avec-du-punch\/#primaryimage","url":"https:\/\/static.link2fleet.com\/wp-content\/uploads\/2024\/03\/fotoshoots-wagens-17-van-48-scaled-1.jpg","contentUrl":"https:\/\/static.link2fleet.com\/wp-content\/uploads\/2024\/03\/fotoshoots-wagens-17-van-48-scaled-1.jpg","width":2560,"height":1707,"caption":"|||||||||"},{"@type":"BreadcrumbList","@id":"https:\/\/www.link2fleet.com\/fr\/fleet-test-opel-astra-2022-une-hatchback-moderne-avec-du-punch\/#breadcrumb","itemListElement":[{"@type":"ListItem","position":1,"name":"Home","item":"https:\/\/www.link2fleet.com\/fr\/"},{"@type":"ListItem","position":2,"name":"Fleet test Opel Astra 2022: une hatchback moderne avec du punch"}]},{"@type":"WebSite","@id":"https:\/\/www.link2fleet.com\/fr\/#website","url":"https:\/\/www.link2fleet.com\/fr\/","name":"Link2fleet","description":"","publisher":{"@id":"https:\/\/www.link2fleet.com\/fr\/#organization"},"potentialAction":[{"@type":"SearchAction","target":{"@type":"EntryPoint","urlTemplate":"https:\/\/www.link2fleet.com\/fr\/?s={search_term_string}"},"query-input":{"@type":"PropertyValueSpecification","valueRequired":true,"valueName":"search_term_string"}}],"inLanguage":"fr-FR"},{"@type":"Organization","@id":"https:\/\/www.link2fleet.com\/fr\/#organization","name":"Link2fleet","url":"https:\/\/www.link2fleet.com\/fr\/","logo":{"@type":"ImageObject","inLanguage":"fr-FR","@id":"https:\/\/www.link2fleet.com\/fr\/#\/schema\/logo\/image\/","url":"https:\/\/static.link2fleet.com\/wp-content\/uploads\/2024\/03\/share-image.jpg","contentUrl":"https:\/\/static.link2fleet.com\/wp-content\/uploads\/2024\/03\/share-image.jpg","width":1200,"height":630,"caption":"Link2fleet"},"image":{"@id":"https:\/\/www.link2fleet.com\/fr\/#\/schema\/logo\/image\/"},"sameAs":["https:\/\/www.linkedin.com\/company\/link2fleet-belgium","https:\/\/www.youtube.com\/user\/MMMBMBE"]},{"@type":"Person","@id":"https:\/\/www.link2fleet.com\/fr\/#\/schema\/person\/3f23fa5cf039e25761156c930f6bf38f","name":"Jeroen Evens","image":{"@type":"ImageObject","inLanguage":"fr-FR","@id":"https:\/\/secure.gravatar.com\/avatar\/6e059523a84fbec54e5ec5d0f3fb4322b7b077be22b323085f823d1d7f00f32e?s=96&d=mm&r=g","url":"https:\/\/secure.gravatar.com\/avatar\/6e059523a84fbec54e5ec5d0f3fb4322b7b077be22b323085f823d1d7f00f32e?s=96&d=mm&r=g","contentUrl":"https:\/\/secure.gravatar.com\/avatar\/6e059523a84fbec54e5ec5d0f3fb4322b7b077be22b323085f823d1d7f00f32e?s=96&d=mm&r=g","caption":"Jeroen Evens"},"description":"Jeroen Evens is opgeleid in de Communicatiewetenschappen (KULeuven) en is een enthousiaste volger van alles wat met mobiliteit en bedrijfswagens te maken heeft. Als freelance journalist gespecialiseerd in de fleetsector houdt hij al drie jaar lang de vinger aan de pols van de laatste ontwikkelingen in onze sector."}]}},"_links":{"self":[{"href":"https:\/\/www.link2fleet.com\/fr\/wp-json\/wp\/v2\/posts\/5735","targetHints":{"allow":["GET"]}}],"collection":[{"href":"https:\/\/www.link2fleet.com\/fr\/wp-json\/wp\/v2\/posts"}],"about":[{"href":"https:\/\/www.link2fleet.com\/fr\/wp-json\/wp\/v2\/types\/post"}],"author":[{"embeddable":true,"href":"https:\/\/www.link2fleet.com\/fr\/wp-json\/wp\/v2\/users\/43"}],"replies":[{"embeddable":true,"href":"https:\/\/www.link2fleet.com\/fr\/wp-json\/wp\/v2\/comments?post=5735"}],"version-history":[{"count":0,"href":"https:\/\/www.link2fleet.com\/fr\/wp-json\/wp\/v2\/posts\/5735\/revisions"}],"wp:featuredmedia":[{"embeddable":true,"href":"https:\/\/www.link2fleet.com\/fr\/wp-json\/wp\/v2\/media\/5736"}],"wp:attachment":[{"href":"https:\/\/www.link2fleet.com\/fr\/wp-json\/wp\/v2\/media?parent=5735"}],"wp:term":[{"taxonomy":"category","embeddable":true,"href":"https:\/\/www.link2fleet.com\/fr\/wp-json\/wp\/v2\/categories?post=5735"},{"taxonomy":"post_tag","embeddable":true,"href":"https:\/\/www.link2fleet.com\/fr\/wp-json\/wp\/v2\/tags?post=5735"}],"curies":[{"name":"wp","href":"https:\/\/api.w.org\/{rel}","templated":true}]}}