{"id":57717,"date":"2025-10-02T16:24:44","date_gmt":"2025-10-02T14:24:44","guid":{"rendered":"https:\/\/www.link2fleet.com\/?p=57717"},"modified":"2025-10-02T18:50:11","modified_gmt":"2025-10-02T16:50:11","slug":"partir-en-vacances-en-voiture-100-electrique-on-a-teste-pour-vous","status":"publish","type":"post","link":"https:\/\/www.link2fleet.com\/fr\/partir-en-vacances-en-voiture-100-electrique-on-a-teste-pour-vous\/","title":{"rendered":"Partir en vacances en voiture 100% \u00e9lectrique? On a test\u00e9 pour vous!"},"content":{"rendered":"","protected":false},"excerpt":{"rendered":"","protected":false},"author":4,"featured_media":57718,"comment_status":"closed","ping_status":"closed","sticky":false,"template":"","format":"standard","meta":{"_acf_changed":false,"footnotes":""},"categories":[1448,135],"tags":[],"class_list":["post-57717","post","type-post","status-publish","format-standard","has-post-thumbnail","hentry","category-a-la-une","category-news-fr"],"acf":[],"yoast_head":"<!-- This site is optimized with the Yoast SEO plugin v27.3 - https:\/\/yoast.com\/product\/yoast-seo-wordpress\/ -->\n<title>Partir en vacances en voiture 100% \u00e9lectrique? On a test\u00e9 pour vous! - link2fleet<\/title>\n<meta name=\"description\" content=\"Peut-on vraiment partir en vacances avec une voiture 100 % \u00e9lectrique, sans stress et sans contrainte ? C\u2019est la question que nous avons voulu tester\u2026\" \/>\n<meta name=\"robots\" content=\"index, follow, max-snippet:-1, max-image-preview:large, max-video-preview:-1\" \/>\n<meta property=\"og:locale\" content=\"fr_FR\" \/>\n<meta property=\"og:type\" content=\"article\" \/>\n<meta property=\"og:title\" content=\"Partir en vacances en voiture 100% \u00e9lectrique? On a test\u00e9 pour vous! - link2fleet\" \/>\n<meta property=\"og:description\" content=\"Peut-on vraiment partir en vacances avec une voiture 100 % \u00e9lectrique, sans stress et sans contrainte ? C\u2019est la question que nous avons voulu tester\u2026\" \/>\n<meta property=\"og:url\" content=\"https:\/\/www.link2fleet.com\/fr\/partir-en-vacances-en-voiture-100-electrique-on-a-teste-pour-vous\/\" \/>\n<meta property=\"og:site_name\" content=\"link2fleet\" \/>\n<meta property=\"article:published_time\" content=\"2025-10-02T14:24:44+00:00\" \/>\n<meta property=\"article:modified_time\" content=\"2025-10-02T16:50:11+00:00\" \/>\n<meta property=\"og:image\" content=\"https:\/\/static.link2fleet.com\/wp-content\/uploads\/2025\/10\/maastricht-saint-raph.png\" \/>\n\t<meta property=\"og:image:width\" content=\"1280\" \/>\n\t<meta property=\"og:image:height\" content=\"720\" \/>\n\t<meta property=\"og:image:type\" content=\"image\/png\" \/>\n<meta name=\"author\" content=\"Damien Malvetti\" \/>\n<meta name=\"twitter:card\" content=\"summary_large_image\" \/>\n<meta name=\"twitter:description\" content=\"Peut-on vraiment partir en vacances avec une voiture 100 % \u00e9lectrique, sans stress et sans contrainte ? C\u2019est la question que nous avons voulu tester\u2026\" \/>\n<meta name=\"twitter:label1\" content=\"\u00c9crit par\" \/>\n\t<meta name=\"twitter:data1\" content=\"Damien Malvetti\" \/>\n\t<meta name=\"twitter:label2\" content=\"Dur\u00e9e de lecture estim\u00e9e\" \/>\n\t<meta name=\"twitter:data2\" content=\"2 minutes\" \/>\n<script type=\"application\/ld+json\" class=\"yoast-schema-graph\">{\"@context\":\"https:\\\/\\\/schema.org\",\"@graph\":[{\"@type\":\"Article\",\"@id\":\"https:\\\/\\\/www.link2fleet.com\\\/fr\\\/partir-en-vacances-en-voiture-100-electrique-on-a-teste-pour-vous\\\/#article\",\"isPartOf\":{\"@id\":\"https:\\\/\\\/www.link2fleet.com\\\/fr\\\/partir-en-vacances-en-voiture-100-electrique-on-a-teste-pour-vous\\\/\"},\"author\":{\"name\":\"Damien Malvetti\",\"@id\":\"https:\\\/\\\/www.link2fleet.com\\\/fr\\\/#\\\/schema\\\/person\\\/027cd46113c78036b3809c9a054049da\"},\"headline\":\"Partir en vacances en voiture 100% \u00e9lectrique? On a test\u00e9 pour vous!\",\"datePublished\":\"2025-10-02T14:24:44+00:00\",\"dateModified\":\"2025-10-02T16:50:11+00:00\",\"mainEntityOfPage\":{\"@id\":\"https:\\\/\\\/www.link2fleet.com\\\/fr\\\/partir-en-vacances-en-voiture-100-electrique-on-a-teste-pour-vous\\\/\"},\"wordCount\":11,\"publisher\":{\"@id\":\"https:\\\/\\\/www.link2fleet.com\\\/fr\\\/#organization\"},\"image\":{\"@id\":\"https:\\\/\\\/www.link2fleet.com\\\/fr\\\/partir-en-vacances-en-voiture-100-electrique-on-a-teste-pour-vous\\\/#primaryimage\"},\"thumbnailUrl\":\"https:\\\/\\\/static.link2fleet.com\\\/wp-content\\\/uploads\\\/2025\\\/10\\\/maastricht-saint-raph.png\",\"articleSection\":[\"A la une\",\"Actus\"],\"inLanguage\":\"fr-FR\"},{\"@type\":\"WebPage\",\"@id\":\"https:\\\/\\\/www.link2fleet.com\\\/fr\\\/partir-en-vacances-en-voiture-100-electrique-on-a-teste-pour-vous\\\/\",\"url\":\"https:\\\/\\\/www.link2fleet.com\\\/fr\\\/partir-en-vacances-en-voiture-100-electrique-on-a-teste-pour-vous\\\/\",\"name\":\"Partir en vacances en voiture 100% \u00e9lectrique? On a test\u00e9 pour vous! - link2fleet\",\"isPartOf\":{\"@id\":\"https:\\\/\\\/www.link2fleet.com\\\/fr\\\/#website\"},\"primaryImageOfPage\":{\"@id\":\"https:\\\/\\\/www.link2fleet.com\\\/fr\\\/partir-en-vacances-en-voiture-100-electrique-on-a-teste-pour-vous\\\/#primaryimage\"},\"image\":{\"@id\":\"https:\\\/\\\/www.link2fleet.com\\\/fr\\\/partir-en-vacances-en-voiture-100-electrique-on-a-teste-pour-vous\\\/#primaryimage\"},\"thumbnailUrl\":\"https:\\\/\\\/static.link2fleet.com\\\/wp-content\\\/uploads\\\/2025\\\/10\\\/maastricht-saint-raph.png\",\"datePublished\":\"2025-10-02T14:24:44+00:00\",\"dateModified\":\"2025-10-02T16:50:11+00:00\",\"breadcrumb\":{\"@id\":\"https:\\\/\\\/www.link2fleet.com\\\/fr\\\/partir-en-vacances-en-voiture-100-electrique-on-a-teste-pour-vous\\\/#breadcrumb\"},\"inLanguage\":\"fr-FR\",\"potentialAction\":[{\"@type\":\"ReadAction\",\"target\":[\"https:\\\/\\\/www.link2fleet.com\\\/fr\\\/partir-en-vacances-en-voiture-100-electrique-on-a-teste-pour-vous\\\/\"]}]},{\"@type\":\"ImageObject\",\"inLanguage\":\"fr-FR\",\"@id\":\"https:\\\/\\\/www.link2fleet.com\\\/fr\\\/partir-en-vacances-en-voiture-100-electrique-on-a-teste-pour-vous\\\/#primaryimage\",\"url\":\"https:\\\/\\\/static.link2fleet.com\\\/wp-content\\\/uploads\\\/2025\\\/10\\\/maastricht-saint-raph.png\",\"contentUrl\":\"https:\\\/\\\/static.link2fleet.com\\\/wp-content\\\/uploads\\\/2025\\\/10\\\/maastricht-saint-raph.png\",\"width\":1280,\"height\":720},{\"@type\":\"BreadcrumbList\",\"@id\":\"https:\\\/\\\/www.link2fleet.com\\\/fr\\\/partir-en-vacances-en-voiture-100-electrique-on-a-teste-pour-vous\\\/#breadcrumb\",\"itemListElement\":[{\"@type\":\"ListItem\",\"position\":1,\"name\":\"Home\",\"item\":\"https:\\\/\\\/www.link2fleet.com\\\/fr\\\/\"},{\"@type\":\"ListItem\",\"position\":2,\"name\":\"Partir en vacances en voiture 100% \u00e9lectrique? On a test\u00e9 pour vous!\"}]},{\"@type\":\"WebSite\",\"@id\":\"https:\\\/\\\/www.link2fleet.com\\\/fr\\\/#website\",\"url\":\"https:\\\/\\\/www.link2fleet.com\\\/fr\\\/\",\"name\":\"Link2fleet\",\"description\":\"\",\"publisher\":{\"@id\":\"https:\\\/\\\/www.link2fleet.com\\\/fr\\\/#organization\"},\"potentialAction\":[{\"@type\":\"SearchAction\",\"target\":{\"@type\":\"EntryPoint\",\"urlTemplate\":\"https:\\\/\\\/www.link2fleet.com\\\/fr\\\/?s={search_term_string}\"},\"query-input\":{\"@type\":\"PropertyValueSpecification\",\"valueRequired\":true,\"valueName\":\"search_term_string\"}}],\"inLanguage\":\"fr-FR\"},{\"@type\":\"Organization\",\"@id\":\"https:\\\/\\\/www.link2fleet.com\\\/fr\\\/#organization\",\"name\":\"Link2fleet\",\"url\":\"https:\\\/\\\/www.link2fleet.com\\\/fr\\\/\",\"logo\":{\"@type\":\"ImageObject\",\"inLanguage\":\"fr-FR\",\"@id\":\"https:\\\/\\\/www.link2fleet.com\\\/fr\\\/#\\\/schema\\\/logo\\\/image\\\/\",\"url\":\"https:\\\/\\\/static.link2fleet.com\\\/wp-content\\\/uploads\\\/2024\\\/03\\\/share-image.jpg\",\"contentUrl\":\"https:\\\/\\\/static.link2fleet.com\\\/wp-content\\\/uploads\\\/2024\\\/03\\\/share-image.jpg\",\"width\":1200,\"height\":630,\"caption\":\"Link2fleet\"},\"image\":{\"@id\":\"https:\\\/\\\/www.link2fleet.com\\\/fr\\\/#\\\/schema\\\/logo\\\/image\\\/\"},\"sameAs\":[\"https:\\\/\\\/www.linkedin.com\\\/company\\\/link2fleet-belgium\",\"https:\\\/\\\/www.youtube.com\\\/user\\\/MMMBMBE\"]},{\"@type\":\"Person\",\"@id\":\"https:\\\/\\\/www.link2fleet.com\\\/fr\\\/#\\\/schema\\\/person\\\/027cd46113c78036b3809c9a054049da\",\"name\":\"Damien Malvetti\",\"image\":{\"@type\":\"ImageObject\",\"inLanguage\":\"fr-FR\",\"@id\":\"https:\\\/\\\/secure.gravatar.com\\\/avatar\\\/dd8cc03b49466c735f753ac37f8caa371af16dfed347456ed61f02883255eebb?s=96&d=mm&r=g\",\"url\":\"https:\\\/\\\/secure.gravatar.com\\\/avatar\\\/dd8cc03b49466c735f753ac37f8caa371af16dfed347456ed61f02883255eebb?s=96&d=mm&r=g\",\"contentUrl\":\"https:\\\/\\\/secure.gravatar.com\\\/avatar\\\/dd8cc03b49466c735f753ac37f8caa371af16dfed347456ed61f02883255eebb?s=96&d=mm&r=g\",\"caption\":\"Damien Malvetti\"},\"description\":\"Damien Malvetti is opgeleid als journalist en gepassioneerd door wagens, technologie en mobiliteit. Hij is verantwoordelijk voor de redactionele inhoud van link2fleet en beschikt over een uitgebreide kennis van de fleet-sector en elektrische mobiliteit.\",\"sameAs\":[\"https:\\\/\\\/www.linkedin.com\\\/in\\\/damien-malvetti-56601142\\\/\"]}]}<\/script>\n<!-- \/ Yoast SEO plugin. -->","yoast_head_json":{"title":"Partir en vacances en voiture 100% \u00e9lectrique? On a test\u00e9 pour vous! - link2fleet","description":"Peut-on vraiment partir en vacances avec une voiture 100 % \u00e9lectrique, sans stress et sans contrainte ? C\u2019est la question que nous avons voulu tester\u2026","robots":{"index":"index","follow":"follow","max-snippet":"max-snippet:-1","max-image-preview":"max-image-preview:large","max-video-preview":"max-video-preview:-1"},"og_locale":"fr_FR","og_type":"article","og_title":"Partir en vacances en voiture 100% \u00e9lectrique? On a test\u00e9 pour vous! - link2fleet","og_description":"Peut-on vraiment partir en vacances avec une voiture 100 % \u00e9lectrique, sans stress et sans contrainte ? C\u2019est la question que nous avons voulu tester\u2026","og_url":"https:\/\/www.link2fleet.com\/fr\/partir-en-vacances-en-voiture-100-electrique-on-a-teste-pour-vous\/","og_site_name":"link2fleet","article_published_time":"2025-10-02T14:24:44+00:00","article_modified_time":"2025-10-02T16:50:11+00:00","og_image":[{"width":1280,"height":720,"url":"https:\/\/static.link2fleet.com\/wp-content\/uploads\/2025\/10\/maastricht-saint-raph.png","type":"image\/png"}],"author":"Damien Malvetti","twitter_card":"summary_large_image","twitter_description":"Peut-on vraiment partir en vacances avec une voiture 100 % \u00e9lectrique, sans stress et sans contrainte ? C\u2019est la question que nous avons voulu tester\u2026","twitter_misc":{"\u00c9crit par":"Damien Malvetti","Dur\u00e9e de lecture estim\u00e9e":"2 minutes"},"schema":{"@context":"https:\/\/schema.org","@graph":[{"@type":"Article","@id":"https:\/\/www.link2fleet.com\/fr\/partir-en-vacances-en-voiture-100-electrique-on-a-teste-pour-vous\/#article","isPartOf":{"@id":"https:\/\/www.link2fleet.com\/fr\/partir-en-vacances-en-voiture-100-electrique-on-a-teste-pour-vous\/"},"author":{"name":"Damien Malvetti","@id":"https:\/\/www.link2fleet.com\/fr\/#\/schema\/person\/027cd46113c78036b3809c9a054049da"},"headline":"Partir en vacances en voiture 100% \u00e9lectrique? On a test\u00e9 pour vous!","datePublished":"2025-10-02T14:24:44+00:00","dateModified":"2025-10-02T16:50:11+00:00","mainEntityOfPage":{"@id":"https:\/\/www.link2fleet.com\/fr\/partir-en-vacances-en-voiture-100-electrique-on-a-teste-pour-vous\/"},"wordCount":11,"publisher":{"@id":"https:\/\/www.link2fleet.com\/fr\/#organization"},"image":{"@id":"https:\/\/www.link2fleet.com\/fr\/partir-en-vacances-en-voiture-100-electrique-on-a-teste-pour-vous\/#primaryimage"},"thumbnailUrl":"https:\/\/static.link2fleet.com\/wp-content\/uploads\/2025\/10\/maastricht-saint-raph.png","articleSection":["A la une","Actus"],"inLanguage":"fr-FR"},{"@type":"WebPage","@id":"https:\/\/www.link2fleet.com\/fr\/partir-en-vacances-en-voiture-100-electrique-on-a-teste-pour-vous\/","url":"https:\/\/www.link2fleet.com\/fr\/partir-en-vacances-en-voiture-100-electrique-on-a-teste-pour-vous\/","name":"Partir en vacances en voiture 100% \u00e9lectrique? On a test\u00e9 pour vous! - link2fleet","isPartOf":{"@id":"https:\/\/www.link2fleet.com\/fr\/#website"},"primaryImageOfPage":{"@id":"https:\/\/www.link2fleet.com\/fr\/partir-en-vacances-en-voiture-100-electrique-on-a-teste-pour-vous\/#primaryimage"},"image":{"@id":"https:\/\/www.link2fleet.com\/fr\/partir-en-vacances-en-voiture-100-electrique-on-a-teste-pour-vous\/#primaryimage"},"thumbnailUrl":"https:\/\/static.link2fleet.com\/wp-content\/uploads\/2025\/10\/maastricht-saint-raph.png","datePublished":"2025-10-02T14:24:44+00:00","dateModified":"2025-10-02T16:50:11+00:00","breadcrumb":{"@id":"https:\/\/www.link2fleet.com\/fr\/partir-en-vacances-en-voiture-100-electrique-on-a-teste-pour-vous\/#breadcrumb"},"inLanguage":"fr-FR","potentialAction":[{"@type":"ReadAction","target":["https:\/\/www.link2fleet.com\/fr\/partir-en-vacances-en-voiture-100-electrique-on-a-teste-pour-vous\/"]}]},{"@type":"ImageObject","inLanguage":"fr-FR","@id":"https:\/\/www.link2fleet.com\/fr\/partir-en-vacances-en-voiture-100-electrique-on-a-teste-pour-vous\/#primaryimage","url":"https:\/\/static.link2fleet.com\/wp-content\/uploads\/2025\/10\/maastricht-saint-raph.png","contentUrl":"https:\/\/static.link2fleet.com\/wp-content\/uploads\/2025\/10\/maastricht-saint-raph.png","width":1280,"height":720},{"@type":"BreadcrumbList","@id":"https:\/\/www.link2fleet.com\/fr\/partir-en-vacances-en-voiture-100-electrique-on-a-teste-pour-vous\/#breadcrumb","itemListElement":[{"@type":"ListItem","position":1,"name":"Home","item":"https:\/\/www.link2fleet.com\/fr\/"},{"@type":"ListItem","position":2,"name":"Partir en vacances en voiture 100% \u00e9lectrique? On a test\u00e9 pour vous!"}]},{"@type":"WebSite","@id":"https:\/\/www.link2fleet.com\/fr\/#website","url":"https:\/\/www.link2fleet.com\/fr\/","name":"Link2fleet","description":"","publisher":{"@id":"https:\/\/www.link2fleet.com\/fr\/#organization"},"potentialAction":[{"@type":"SearchAction","target":{"@type":"EntryPoint","urlTemplate":"https:\/\/www.link2fleet.com\/fr\/?s={search_term_string}"},"query-input":{"@type":"PropertyValueSpecification","valueRequired":true,"valueName":"search_term_string"}}],"inLanguage":"fr-FR"},{"@type":"Organization","@id":"https:\/\/www.link2fleet.com\/fr\/#organization","name":"Link2fleet","url":"https:\/\/www.link2fleet.com\/fr\/","logo":{"@type":"ImageObject","inLanguage":"fr-FR","@id":"https:\/\/www.link2fleet.com\/fr\/#\/schema\/logo\/image\/","url":"https:\/\/static.link2fleet.com\/wp-content\/uploads\/2024\/03\/share-image.jpg","contentUrl":"https:\/\/static.link2fleet.com\/wp-content\/uploads\/2024\/03\/share-image.jpg","width":1200,"height":630,"caption":"Link2fleet"},"image":{"@id":"https:\/\/www.link2fleet.com\/fr\/#\/schema\/logo\/image\/"},"sameAs":["https:\/\/www.linkedin.com\/company\/link2fleet-belgium","https:\/\/www.youtube.com\/user\/MMMBMBE"]},{"@type":"Person","@id":"https:\/\/www.link2fleet.com\/fr\/#\/schema\/person\/027cd46113c78036b3809c9a054049da","name":"Damien Malvetti","image":{"@type":"ImageObject","inLanguage":"fr-FR","@id":"https:\/\/secure.gravatar.com\/avatar\/dd8cc03b49466c735f753ac37f8caa371af16dfed347456ed61f02883255eebb?s=96&d=mm&r=g","url":"https:\/\/secure.gravatar.com\/avatar\/dd8cc03b49466c735f753ac37f8caa371af16dfed347456ed61f02883255eebb?s=96&d=mm&r=g","contentUrl":"https:\/\/secure.gravatar.com\/avatar\/dd8cc03b49466c735f753ac37f8caa371af16dfed347456ed61f02883255eebb?s=96&d=mm&r=g","caption":"Damien Malvetti"},"description":"Damien Malvetti is opgeleid als journalist en gepassioneerd door wagens, technologie en mobiliteit. Hij is verantwoordelijk voor de redactionele inhoud van link2fleet en beschikt over een uitgebreide kennis van de fleet-sector en elektrische mobiliteit.","sameAs":["https:\/\/www.linkedin.com\/in\/damien-malvetti-56601142\/"]}]}},"_links":{"self":[{"href":"https:\/\/www.link2fleet.com\/fr\/wp-json\/wp\/v2\/posts\/57717","targetHints":{"allow":["GET"]}}],"collection":[{"href":"https:\/\/www.link2fleet.com\/fr\/wp-json\/wp\/v2\/posts"}],"about":[{"href":"https:\/\/www.link2fleet.com\/fr\/wp-json\/wp\/v2\/types\/post"}],"author":[{"embeddable":true,"href":"https:\/\/www.link2fleet.com\/fr\/wp-json\/wp\/v2\/users\/4"}],"replies":[{"embeddable":true,"href":"https:\/\/www.link2fleet.com\/fr\/wp-json\/wp\/v2\/comments?post=57717"}],"version-history":[{"count":4,"href":"https:\/\/www.link2fleet.com\/fr\/wp-json\/wp\/v2\/posts\/57717\/revisions"}],"predecessor-version":[{"id":57724,"href":"https:\/\/www.link2fleet.com\/fr\/wp-json\/wp\/v2\/posts\/57717\/revisions\/57724"}],"wp:featuredmedia":[{"embeddable":true,"href":"https:\/\/www.link2fleet.com\/fr\/wp-json\/wp\/v2\/media\/57718"}],"wp:attachment":[{"href":"https:\/\/www.link2fleet.com\/fr\/wp-json\/wp\/v2\/media?parent=57717"}],"wp:term":[{"taxonomy":"category","embeddable":true,"href":"https:\/\/www.link2fleet.com\/fr\/wp-json\/wp\/v2\/categories?post=57717"},{"taxonomy":"post_tag","embeddable":true,"href":"https:\/\/www.link2fleet.com\/fr\/wp-json\/wp\/v2\/tags?post=57717"}],"curies":[{"name":"wp","href":"https:\/\/api.w.org\/{rel}","templated":true}]}}