{"id":57729,"date":"2025-10-03T14:57:57","date_gmt":"2025-10-03T12:57:57","guid":{"rendered":"https:\/\/www.link2fleet.com\/?p=57729"},"modified":"2025-11-18T10:22:22","modified_gmt":"2025-11-18T09:22:22","slug":"renault-lcv-immersion-au-coeur-du-laboratoire-de-lutilitaire","status":"publish","type":"post","link":"https:\/\/www.link2fleet.com\/fr\/renault-lcv-immersion-au-coeur-du-laboratoire-de-lutilitaire\/","title":{"rendered":"Renault LCV : immersion au c\u0153ur du laboratoire de l\u2019utilitaire"},"content":{"rendered":"","protected":false},"excerpt":{"rendered":"","protected":false},"author":4,"featured_media":57748,"comment_status":"closed","ping_status":"closed","sticky":false,"template":"","format":"standard","meta":{"_acf_changed":false,"footnotes":""},"categories":[1448,77,1501,76],"tags":[],"class_list":["post-57729","post","type-post","status-publish","format-standard","has-post-thumbnail","hentry","category-a-la-une","category-importateurs-et-constructeurs-automobiles-vp","category-lcv","category-car"],"acf":[],"yoast_head":"<!-- This site is optimized with the Yoast SEO plugin v27.3 - https:\/\/yoast.com\/product\/yoast-seo-wordpress\/ -->\n<title>Renault LCV : immersion au c\u0153ur du laboratoire de l\u2019utilitaire - link2fleet<\/title>\n<meta name=\"description\" content=\"C\u2019est un lieu que peu de journalistes ont eu la chance d\u2019approcher. Nich\u00e9 \u00e0 Villiers-Saint-Fr\u00e9d\u00e9ric, \u00e0 une quarantaine de kilom\u00e8tres \u00e0 l\u2019ouest de Paris, le\u2026\" \/>\n<meta name=\"robots\" content=\"index, follow, max-snippet:-1, max-image-preview:large, max-video-preview:-1\" \/>\n<meta property=\"og:locale\" content=\"fr_FR\" \/>\n<meta property=\"og:type\" content=\"article\" \/>\n<meta property=\"og:title\" content=\"Renault LCV : immersion au c\u0153ur du laboratoire de l\u2019utilitaire - link2fleet\" \/>\n<meta property=\"og:description\" content=\"C\u2019est un lieu que peu de journalistes ont eu la chance d\u2019approcher. Nich\u00e9 \u00e0 Villiers-Saint-Fr\u00e9d\u00e9ric, \u00e0 une quarantaine de kilom\u00e8tres \u00e0 l\u2019ouest de Paris, le\u2026\" \/>\n<meta property=\"og:url\" content=\"https:\/\/www.link2fleet.com\/renault-lcv-een-kijkje-in-het-laboratorium-voor-bedrijfsvoertuigen\/\" \/>\n<meta property=\"og:site_name\" content=\"link2fleet\" \/>\n<meta property=\"article:published_time\" content=\"2025-10-03T12:57:57+00:00\" \/>\n<meta property=\"article:modified_time\" content=\"2025-11-18T09:22:22+00:00\" \/>\n<meta property=\"og:image\" content=\"https:\/\/static.link2fleet.com\/wp-content\/uploads\/2025\/10\/renaultlcvcentre-8.jpg\" \/>\n\t<meta property=\"og:image:width\" content=\"2048\" \/>\n\t<meta property=\"og:image:height\" content=\"1366\" \/>\n\t<meta property=\"og:image:type\" content=\"image\/jpeg\" \/>\n<meta name=\"author\" content=\"Damien Malvetti\" \/>\n<meta name=\"twitter:card\" content=\"summary_large_image\" \/>\n<meta name=\"twitter:description\" content=\"C\u2019est un lieu que peu de journalistes ont eu la chance d\u2019approcher. Nich\u00e9 \u00e0 Villiers-Saint-Fr\u00e9d\u00e9ric, \u00e0 une quarantaine de kilom\u00e8tres \u00e0 l\u2019ouest de Paris, le\u2026\" \/>\n<meta name=\"twitter:label1\" content=\"\u00c9crit par\" \/>\n\t<meta name=\"twitter:data1\" content=\"Damien Malvetti\" \/>\n\t<meta name=\"twitter:label2\" content=\"Dur\u00e9e de lecture estim\u00e9e\" \/>\n\t<meta name=\"twitter:data2\" content=\"7 minutes\" \/>\n<script type=\"application\/ld+json\" class=\"yoast-schema-graph\">{\"@context\":\"https:\\\/\\\/schema.org\",\"@graph\":[{\"@type\":\"Article\",\"@id\":\"https:\\\/\\\/www.link2fleet.com\\\/renault-lcv-een-kijkje-in-het-laboratorium-voor-bedrijfsvoertuigen\\\/#article\",\"isPartOf\":{\"@id\":\"https:\\\/\\\/www.link2fleet.com\\\/renault-lcv-een-kijkje-in-het-laboratorium-voor-bedrijfsvoertuigen\\\/\"},\"author\":{\"name\":\"Damien Malvetti\",\"@id\":\"https:\\\/\\\/www.link2fleet.com\\\/fr\\\/#\\\/schema\\\/person\\\/027cd46113c78036b3809c9a054049da\"},\"headline\":\"Renault LCV : immersion au c\u0153ur du laboratoire de l\u2019utilitaire\",\"datePublished\":\"2025-10-03T12:57:57+00:00\",\"dateModified\":\"2025-11-18T09:22:22+00:00\",\"mainEntityOfPage\":{\"@id\":\"https:\\\/\\\/www.link2fleet.com\\\/renault-lcv-een-kijkje-in-het-laboratorium-voor-bedrijfsvoertuigen\\\/\"},\"wordCount\":11,\"publisher\":{\"@id\":\"https:\\\/\\\/www.link2fleet.com\\\/fr\\\/#organization\"},\"image\":{\"@id\":\"https:\\\/\\\/www.link2fleet.com\\\/renault-lcv-een-kijkje-in-het-laboratorium-voor-bedrijfsvoertuigen\\\/#primaryimage\"},\"thumbnailUrl\":\"https:\\\/\\\/static.link2fleet.com\\\/wp-content\\\/uploads\\\/2025\\\/10\\\/renaultlcvcentre-8.jpg\",\"articleSection\":[\"A la une\",\"Importateurs et constructeurs\",\"LCV\",\"V\u00e9hicules\"],\"inLanguage\":\"fr-FR\"},{\"@type\":\"WebPage\",\"@id\":\"https:\\\/\\\/www.link2fleet.com\\\/renault-lcv-een-kijkje-in-het-laboratorium-voor-bedrijfsvoertuigen\\\/\",\"url\":\"https:\\\/\\\/www.link2fleet.com\\\/renault-lcv-een-kijkje-in-het-laboratorium-voor-bedrijfsvoertuigen\\\/\",\"name\":\"Renault LCV : immersion au c\u0153ur du laboratoire de l\u2019utilitaire - link2fleet\",\"isPartOf\":{\"@id\":\"https:\\\/\\\/www.link2fleet.com\\\/fr\\\/#website\"},\"primaryImageOfPage\":{\"@id\":\"https:\\\/\\\/www.link2fleet.com\\\/renault-lcv-een-kijkje-in-het-laboratorium-voor-bedrijfsvoertuigen\\\/#primaryimage\"},\"image\":{\"@id\":\"https:\\\/\\\/www.link2fleet.com\\\/renault-lcv-een-kijkje-in-het-laboratorium-voor-bedrijfsvoertuigen\\\/#primaryimage\"},\"thumbnailUrl\":\"https:\\\/\\\/static.link2fleet.com\\\/wp-content\\\/uploads\\\/2025\\\/10\\\/renaultlcvcentre-8.jpg\",\"datePublished\":\"2025-10-03T12:57:57+00:00\",\"dateModified\":\"2025-11-18T09:22:22+00:00\",\"breadcrumb\":{\"@id\":\"https:\\\/\\\/www.link2fleet.com\\\/renault-lcv-een-kijkje-in-het-laboratorium-voor-bedrijfsvoertuigen\\\/#breadcrumb\"},\"inLanguage\":\"fr-FR\",\"potentialAction\":[{\"@type\":\"ReadAction\",\"target\":[\"https:\\\/\\\/www.link2fleet.com\\\/renault-lcv-een-kijkje-in-het-laboratorium-voor-bedrijfsvoertuigen\\\/\"]}]},{\"@type\":\"ImageObject\",\"inLanguage\":\"fr-FR\",\"@id\":\"https:\\\/\\\/www.link2fleet.com\\\/renault-lcv-een-kijkje-in-het-laboratorium-voor-bedrijfsvoertuigen\\\/#primaryimage\",\"url\":\"https:\\\/\\\/static.link2fleet.com\\\/wp-content\\\/uploads\\\/2025\\\/10\\\/renaultlcvcentre-8.jpg\",\"contentUrl\":\"https:\\\/\\\/static.link2fleet.com\\\/wp-content\\\/uploads\\\/2025\\\/10\\\/renaultlcvcentre-8.jpg\",\"width\":2048,\"height\":1366},{\"@type\":\"BreadcrumbList\",\"@id\":\"https:\\\/\\\/www.link2fleet.com\\\/renault-lcv-een-kijkje-in-het-laboratorium-voor-bedrijfsvoertuigen\\\/#breadcrumb\",\"itemListElement\":[{\"@type\":\"ListItem\",\"position\":1,\"name\":\"Home\",\"item\":\"https:\\\/\\\/www.link2fleet.com\\\/fr\\\/\"},{\"@type\":\"ListItem\",\"position\":2,\"name\":\"Renault LCV : immersion au c\u0153ur du laboratoire de l\u2019utilitaire\"}]},{\"@type\":\"WebSite\",\"@id\":\"https:\\\/\\\/www.link2fleet.com\\\/fr\\\/#website\",\"url\":\"https:\\\/\\\/www.link2fleet.com\\\/fr\\\/\",\"name\":\"Link2fleet\",\"description\":\"\",\"publisher\":{\"@id\":\"https:\\\/\\\/www.link2fleet.com\\\/fr\\\/#organization\"},\"potentialAction\":[{\"@type\":\"SearchAction\",\"target\":{\"@type\":\"EntryPoint\",\"urlTemplate\":\"https:\\\/\\\/www.link2fleet.com\\\/fr\\\/?s={search_term_string}\"},\"query-input\":{\"@type\":\"PropertyValueSpecification\",\"valueRequired\":true,\"valueName\":\"search_term_string\"}}],\"inLanguage\":\"fr-FR\"},{\"@type\":\"Organization\",\"@id\":\"https:\\\/\\\/www.link2fleet.com\\\/fr\\\/#organization\",\"name\":\"Link2fleet\",\"url\":\"https:\\\/\\\/www.link2fleet.com\\\/fr\\\/\",\"logo\":{\"@type\":\"ImageObject\",\"inLanguage\":\"fr-FR\",\"@id\":\"https:\\\/\\\/www.link2fleet.com\\\/fr\\\/#\\\/schema\\\/logo\\\/image\\\/\",\"url\":\"https:\\\/\\\/static.link2fleet.com\\\/wp-content\\\/uploads\\\/2024\\\/03\\\/share-image.jpg\",\"contentUrl\":\"https:\\\/\\\/static.link2fleet.com\\\/wp-content\\\/uploads\\\/2024\\\/03\\\/share-image.jpg\",\"width\":1200,\"height\":630,\"caption\":\"Link2fleet\"},\"image\":{\"@id\":\"https:\\\/\\\/www.link2fleet.com\\\/fr\\\/#\\\/schema\\\/logo\\\/image\\\/\"},\"sameAs\":[\"https:\\\/\\\/www.linkedin.com\\\/company\\\/link2fleet-belgium\",\"https:\\\/\\\/www.youtube.com\\\/user\\\/MMMBMBE\"]},{\"@type\":\"Person\",\"@id\":\"https:\\\/\\\/www.link2fleet.com\\\/fr\\\/#\\\/schema\\\/person\\\/027cd46113c78036b3809c9a054049da\",\"name\":\"Damien Malvetti\",\"image\":{\"@type\":\"ImageObject\",\"inLanguage\":\"fr-FR\",\"@id\":\"https:\\\/\\\/secure.gravatar.com\\\/avatar\\\/dd8cc03b49466c735f753ac37f8caa371af16dfed347456ed61f02883255eebb?s=96&d=mm&r=g\",\"url\":\"https:\\\/\\\/secure.gravatar.com\\\/avatar\\\/dd8cc03b49466c735f753ac37f8caa371af16dfed347456ed61f02883255eebb?s=96&d=mm&r=g\",\"contentUrl\":\"https:\\\/\\\/secure.gravatar.com\\\/avatar\\\/dd8cc03b49466c735f753ac37f8caa371af16dfed347456ed61f02883255eebb?s=96&d=mm&r=g\",\"caption\":\"Damien Malvetti\"},\"description\":\"Damien Malvetti is opgeleid als journalist en gepassioneerd door wagens, technologie en mobiliteit. Hij is verantwoordelijk voor de redactionele inhoud van link2fleet en beschikt over een uitgebreide kennis van de fleet-sector en elektrische mobiliteit.\",\"sameAs\":[\"https:\\\/\\\/www.linkedin.com\\\/in\\\/damien-malvetti-56601142\\\/\"]}]}<\/script>\n<!-- \/ Yoast SEO plugin. -->","yoast_head_json":{"title":"Renault LCV : immersion au c\u0153ur du laboratoire de l\u2019utilitaire - link2fleet","description":"C\u2019est un lieu que peu de journalistes ont eu la chance d\u2019approcher. Nich\u00e9 \u00e0 Villiers-Saint-Fr\u00e9d\u00e9ric, \u00e0 une quarantaine de kilom\u00e8tres \u00e0 l\u2019ouest de Paris, le\u2026","robots":{"index":"index","follow":"follow","max-snippet":"max-snippet:-1","max-image-preview":"max-image-preview:large","max-video-preview":"max-video-preview:-1"},"og_locale":"fr_FR","og_type":"article","og_title":"Renault LCV : immersion au c\u0153ur du laboratoire de l\u2019utilitaire - link2fleet","og_description":"C\u2019est un lieu que peu de journalistes ont eu la chance d\u2019approcher. Nich\u00e9 \u00e0 Villiers-Saint-Fr\u00e9d\u00e9ric, \u00e0 une quarantaine de kilom\u00e8tres \u00e0 l\u2019ouest de Paris, le\u2026","og_url":"https:\/\/www.link2fleet.com\/renault-lcv-een-kijkje-in-het-laboratorium-voor-bedrijfsvoertuigen\/","og_site_name":"link2fleet","article_published_time":"2025-10-03T12:57:57+00:00","article_modified_time":"2025-11-18T09:22:22+00:00","og_image":[{"width":2048,"height":1366,"url":"https:\/\/static.link2fleet.com\/wp-content\/uploads\/2025\/10\/renaultlcvcentre-8.jpg","type":"image\/jpeg"}],"author":"Damien Malvetti","twitter_card":"summary_large_image","twitter_description":"C\u2019est un lieu que peu de journalistes ont eu la chance d\u2019approcher. Nich\u00e9 \u00e0 Villiers-Saint-Fr\u00e9d\u00e9ric, \u00e0 une quarantaine de kilom\u00e8tres \u00e0 l\u2019ouest de Paris, le\u2026","twitter_misc":{"\u00c9crit par":"Damien Malvetti","Dur\u00e9e de lecture estim\u00e9e":"7 minutes"},"schema":{"@context":"https:\/\/schema.org","@graph":[{"@type":"Article","@id":"https:\/\/www.link2fleet.com\/renault-lcv-een-kijkje-in-het-laboratorium-voor-bedrijfsvoertuigen\/#article","isPartOf":{"@id":"https:\/\/www.link2fleet.com\/renault-lcv-een-kijkje-in-het-laboratorium-voor-bedrijfsvoertuigen\/"},"author":{"name":"Damien Malvetti","@id":"https:\/\/www.link2fleet.com\/fr\/#\/schema\/person\/027cd46113c78036b3809c9a054049da"},"headline":"Renault LCV : immersion au c\u0153ur du laboratoire de l\u2019utilitaire","datePublished":"2025-10-03T12:57:57+00:00","dateModified":"2025-11-18T09:22:22+00:00","mainEntityOfPage":{"@id":"https:\/\/www.link2fleet.com\/renault-lcv-een-kijkje-in-het-laboratorium-voor-bedrijfsvoertuigen\/"},"wordCount":11,"publisher":{"@id":"https:\/\/www.link2fleet.com\/fr\/#organization"},"image":{"@id":"https:\/\/www.link2fleet.com\/renault-lcv-een-kijkje-in-het-laboratorium-voor-bedrijfsvoertuigen\/#primaryimage"},"thumbnailUrl":"https:\/\/static.link2fleet.com\/wp-content\/uploads\/2025\/10\/renaultlcvcentre-8.jpg","articleSection":["A la une","Importateurs et constructeurs","LCV","V\u00e9hicules"],"inLanguage":"fr-FR"},{"@type":"WebPage","@id":"https:\/\/www.link2fleet.com\/renault-lcv-een-kijkje-in-het-laboratorium-voor-bedrijfsvoertuigen\/","url":"https:\/\/www.link2fleet.com\/renault-lcv-een-kijkje-in-het-laboratorium-voor-bedrijfsvoertuigen\/","name":"Renault LCV : immersion au c\u0153ur du laboratoire de l\u2019utilitaire - link2fleet","isPartOf":{"@id":"https:\/\/www.link2fleet.com\/fr\/#website"},"primaryImageOfPage":{"@id":"https:\/\/www.link2fleet.com\/renault-lcv-een-kijkje-in-het-laboratorium-voor-bedrijfsvoertuigen\/#primaryimage"},"image":{"@id":"https:\/\/www.link2fleet.com\/renault-lcv-een-kijkje-in-het-laboratorium-voor-bedrijfsvoertuigen\/#primaryimage"},"thumbnailUrl":"https:\/\/static.link2fleet.com\/wp-content\/uploads\/2025\/10\/renaultlcvcentre-8.jpg","datePublished":"2025-10-03T12:57:57+00:00","dateModified":"2025-11-18T09:22:22+00:00","breadcrumb":{"@id":"https:\/\/www.link2fleet.com\/renault-lcv-een-kijkje-in-het-laboratorium-voor-bedrijfsvoertuigen\/#breadcrumb"},"inLanguage":"fr-FR","potentialAction":[{"@type":"ReadAction","target":["https:\/\/www.link2fleet.com\/renault-lcv-een-kijkje-in-het-laboratorium-voor-bedrijfsvoertuigen\/"]}]},{"@type":"ImageObject","inLanguage":"fr-FR","@id":"https:\/\/www.link2fleet.com\/renault-lcv-een-kijkje-in-het-laboratorium-voor-bedrijfsvoertuigen\/#primaryimage","url":"https:\/\/static.link2fleet.com\/wp-content\/uploads\/2025\/10\/renaultlcvcentre-8.jpg","contentUrl":"https:\/\/static.link2fleet.com\/wp-content\/uploads\/2025\/10\/renaultlcvcentre-8.jpg","width":2048,"height":1366},{"@type":"BreadcrumbList","@id":"https:\/\/www.link2fleet.com\/renault-lcv-een-kijkje-in-het-laboratorium-voor-bedrijfsvoertuigen\/#breadcrumb","itemListElement":[{"@type":"ListItem","position":1,"name":"Home","item":"https:\/\/www.link2fleet.com\/fr\/"},{"@type":"ListItem","position":2,"name":"Renault LCV : immersion au c\u0153ur du laboratoire de l\u2019utilitaire"}]},{"@type":"WebSite","@id":"https:\/\/www.link2fleet.com\/fr\/#website","url":"https:\/\/www.link2fleet.com\/fr\/","name":"Link2fleet","description":"","publisher":{"@id":"https:\/\/www.link2fleet.com\/fr\/#organization"},"potentialAction":[{"@type":"SearchAction","target":{"@type":"EntryPoint","urlTemplate":"https:\/\/www.link2fleet.com\/fr\/?s={search_term_string}"},"query-input":{"@type":"PropertyValueSpecification","valueRequired":true,"valueName":"search_term_string"}}],"inLanguage":"fr-FR"},{"@type":"Organization","@id":"https:\/\/www.link2fleet.com\/fr\/#organization","name":"Link2fleet","url":"https:\/\/www.link2fleet.com\/fr\/","logo":{"@type":"ImageObject","inLanguage":"fr-FR","@id":"https:\/\/www.link2fleet.com\/fr\/#\/schema\/logo\/image\/","url":"https:\/\/static.link2fleet.com\/wp-content\/uploads\/2024\/03\/share-image.jpg","contentUrl":"https:\/\/static.link2fleet.com\/wp-content\/uploads\/2024\/03\/share-image.jpg","width":1200,"height":630,"caption":"Link2fleet"},"image":{"@id":"https:\/\/www.link2fleet.com\/fr\/#\/schema\/logo\/image\/"},"sameAs":["https:\/\/www.linkedin.com\/company\/link2fleet-belgium","https:\/\/www.youtube.com\/user\/MMMBMBE"]},{"@type":"Person","@id":"https:\/\/www.link2fleet.com\/fr\/#\/schema\/person\/027cd46113c78036b3809c9a054049da","name":"Damien Malvetti","image":{"@type":"ImageObject","inLanguage":"fr-FR","@id":"https:\/\/secure.gravatar.com\/avatar\/dd8cc03b49466c735f753ac37f8caa371af16dfed347456ed61f02883255eebb?s=96&d=mm&r=g","url":"https:\/\/secure.gravatar.com\/avatar\/dd8cc03b49466c735f753ac37f8caa371af16dfed347456ed61f02883255eebb?s=96&d=mm&r=g","contentUrl":"https:\/\/secure.gravatar.com\/avatar\/dd8cc03b49466c735f753ac37f8caa371af16dfed347456ed61f02883255eebb?s=96&d=mm&r=g","caption":"Damien Malvetti"},"description":"Damien Malvetti is opgeleid als journalist en gepassioneerd door wagens, technologie en mobiliteit. Hij is verantwoordelijk voor de redactionele inhoud van link2fleet en beschikt over een uitgebreide kennis van de fleet-sector en elektrische mobiliteit.","sameAs":["https:\/\/www.linkedin.com\/in\/damien-malvetti-56601142\/"]}]}},"_links":{"self":[{"href":"https:\/\/www.link2fleet.com\/fr\/wp-json\/wp\/v2\/posts\/57729","targetHints":{"allow":["GET"]}}],"collection":[{"href":"https:\/\/www.link2fleet.com\/fr\/wp-json\/wp\/v2\/posts"}],"about":[{"href":"https:\/\/www.link2fleet.com\/fr\/wp-json\/wp\/v2\/types\/post"}],"author":[{"embeddable":true,"href":"https:\/\/www.link2fleet.com\/fr\/wp-json\/wp\/v2\/users\/4"}],"replies":[{"embeddable":true,"href":"https:\/\/www.link2fleet.com\/fr\/wp-json\/wp\/v2\/comments?post=57729"}],"version-history":[{"count":1,"href":"https:\/\/www.link2fleet.com\/fr\/wp-json\/wp\/v2\/posts\/57729\/revisions"}],"predecessor-version":[{"id":57772,"href":"https:\/\/www.link2fleet.com\/fr\/wp-json\/wp\/v2\/posts\/57729\/revisions\/57772"}],"wp:featuredmedia":[{"embeddable":true,"href":"https:\/\/www.link2fleet.com\/fr\/wp-json\/wp\/v2\/media\/57748"}],"wp:attachment":[{"href":"https:\/\/www.link2fleet.com\/fr\/wp-json\/wp\/v2\/media?parent=57729"}],"wp:term":[{"taxonomy":"category","embeddable":true,"href":"https:\/\/www.link2fleet.com\/fr\/wp-json\/wp\/v2\/categories?post=57729"},{"taxonomy":"post_tag","embeddable":true,"href":"https:\/\/www.link2fleet.com\/fr\/wp-json\/wp\/v2\/tags?post=57729"}],"curies":[{"name":"wp","href":"https:\/\/api.w.org\/{rel}","templated":true}]}}