{"id":57957,"date":"2025-10-09T12:46:19","date_gmt":"2025-10-09T10:46:19","guid":{"rendered":"https:\/\/www.link2fleet.com\/belgische-bedrijven-trekken-de-kar-in-de-overgang-naar-elektrisch-rijden-maar-particulieren-hinken-achterop\/"},"modified":"2025-10-10T14:53:23","modified_gmt":"2025-10-10T12:53:23","slug":"belgische-bedrijven-trekken-de-kar-in-de-overgang-naar-elektrisch-rijden-maar-particulieren-hinken-achterop","status":"publish","type":"post","link":"https:\/\/www.link2fleet.com\/fr\/belgische-bedrijven-trekken-de-kar-in-de-overgang-naar-elektrisch-rijden-maar-particulieren-hinken-achterop\/","title":{"rendered":"Les entreprises belges ouvrent la voie dans la transition vers la conduite \u00e9lectrique, mais les particuliers restent \u00e0 la tra\u00eene"},"content":{"rendered":"","protected":false},"excerpt":{"rendered":"","protected":false},"author":34,"featured_media":57952,"comment_status":"closed","ping_status":"closed","sticky":false,"template":"","format":"standard","meta":{"_acf_changed":false,"footnotes":""},"categories":[1448,135],"tags":[],"class_list":["post-57957","post","type-post","status-publish","format-standard","has-post-thumbnail","hentry","category-a-la-une","category-news-fr"],"acf":[],"yoast_head":"<!-- This site is optimized with the Yoast SEO plugin v27.3 - https:\/\/yoast.com\/product\/yoast-seo-wordpress\/ -->\n<title>Les entreprises belges ouvrent la voie dans la transition vers la conduite \u00e9lectrique, mais les particuliers restent \u00e0 la tra\u00eene - link2fleet<\/title>\n<meta name=\"description\" content=\"Actuellement, 34\u202f% des flottes d\u2019entreprises sont enti\u00e8rement \u00e9lectriques, et 18\u202f% suppl\u00e9mentaires pr\u00e9voient une \u00e9lectrification compl\u00e8te d\u2019ici 2026. Parall\u00e8lement, le march\u00e9 priv\u00e9 accuse un important retard.\u2026\" \/>\n<meta name=\"robots\" content=\"index, follow, max-snippet:-1, max-image-preview:large, max-video-preview:-1\" \/>\n<meta property=\"og:locale\" content=\"fr_FR\" \/>\n<meta property=\"og:type\" content=\"article\" \/>\n<meta property=\"og:title\" content=\"Les entreprises belges ouvrent la voie dans la transition vers la conduite \u00e9lectrique, mais les particuliers restent \u00e0 la tra\u00eene - link2fleet\" \/>\n<meta property=\"og:description\" content=\"Actuellement, 34\u202f% des flottes d\u2019entreprises sont enti\u00e8rement \u00e9lectriques, et 18\u202f% suppl\u00e9mentaires pr\u00e9voient une \u00e9lectrification compl\u00e8te d\u2019ici 2026. Parall\u00e8lement, le march\u00e9 priv\u00e9 accuse un important retard.\u2026\" \/>\n<meta property=\"og:url\" content=\"https:\/\/www.link2fleet.com\/fr\/belgische-bedrijven-trekken-de-kar-in-de-overgang-naar-elektrisch-rijden-maar-particulieren-hinken-achterop\/\" \/>\n<meta property=\"og:site_name\" content=\"link2fleet\" \/>\n<meta property=\"article:published_time\" content=\"2025-10-09T10:46:19+00:00\" \/>\n<meta property=\"article:modified_time\" content=\"2025-10-10T12:53:23+00:00\" \/>\n<meta property=\"og:image\" content=\"https:\/\/static.link2fleet.com\/wp-content\/uploads\/2025\/10\/electric-car-42764201280.jpg\" \/>\n\t<meta property=\"og:image:width\" content=\"1280\" \/>\n\t<meta property=\"og:image:height\" content=\"466\" \/>\n\t<meta property=\"og:image:type\" content=\"image\/jpeg\" \/>\n<meta name=\"author\" content=\"Expert\" \/>\n<meta name=\"twitter:card\" content=\"summary_large_image\" \/>\n<meta name=\"twitter:description\" content=\"Actuellement, 34\u202f% des flottes d\u2019entreprises sont enti\u00e8rement \u00e9lectriques, et 18\u202f% suppl\u00e9mentaires pr\u00e9voient une \u00e9lectrification compl\u00e8te d\u2019ici 2026. Parall\u00e8lement, le march\u00e9 priv\u00e9 accuse un important retard.\u2026\" \/>\n<meta name=\"twitter:label1\" content=\"\u00c9crit par\" \/>\n\t<meta name=\"twitter:data1\" content=\"Expert\" \/>\n\t<meta name=\"twitter:label2\" content=\"Dur\u00e9e de lecture estim\u00e9e\" \/>\n\t<meta name=\"twitter:data2\" content=\"6 minutes\" \/>\n<script type=\"application\/ld+json\" class=\"yoast-schema-graph\">{\"@context\":\"https:\\\/\\\/schema.org\",\"@graph\":[{\"@type\":\"Article\",\"@id\":\"https:\\\/\\\/www.link2fleet.com\\\/fr\\\/belgische-bedrijven-trekken-de-kar-in-de-overgang-naar-elektrisch-rijden-maar-particulieren-hinken-achterop\\\/#article\",\"isPartOf\":{\"@id\":\"https:\\\/\\\/www.link2fleet.com\\\/fr\\\/belgische-bedrijven-trekken-de-kar-in-de-overgang-naar-elektrisch-rijden-maar-particulieren-hinken-achterop\\\/\"},\"author\":{\"name\":\"Expert\",\"@id\":\"https:\\\/\\\/www.link2fleet.com\\\/fr\\\/#\\\/schema\\\/person\\\/36d21911f7d3d893d2342f0aaf800c55\"},\"headline\":\"Les entreprises belges ouvrent la voie dans la transition vers la conduite \u00e9lectrique, mais les particuliers restent \u00e0 la tra\u00eene\",\"datePublished\":\"2025-10-09T10:46:19+00:00\",\"dateModified\":\"2025-10-10T12:53:23+00:00\",\"mainEntityOfPage\":{\"@id\":\"https:\\\/\\\/www.link2fleet.com\\\/fr\\\/belgische-bedrijven-trekken-de-kar-in-de-overgang-naar-elektrisch-rijden-maar-particulieren-hinken-achterop\\\/\"},\"wordCount\":20,\"publisher\":{\"@id\":\"https:\\\/\\\/www.link2fleet.com\\\/fr\\\/#organization\"},\"image\":{\"@id\":\"https:\\\/\\\/www.link2fleet.com\\\/fr\\\/belgische-bedrijven-trekken-de-kar-in-de-overgang-naar-elektrisch-rijden-maar-particulieren-hinken-achterop\\\/#primaryimage\"},\"thumbnailUrl\":\"https:\\\/\\\/static.link2fleet.com\\\/wp-content\\\/uploads\\\/2025\\\/10\\\/electric-car-42764201280.jpg\",\"articleSection\":[\"A la une\",\"Actus\"],\"inLanguage\":\"fr-FR\"},{\"@type\":\"WebPage\",\"@id\":\"https:\\\/\\\/www.link2fleet.com\\\/fr\\\/belgische-bedrijven-trekken-de-kar-in-de-overgang-naar-elektrisch-rijden-maar-particulieren-hinken-achterop\\\/\",\"url\":\"https:\\\/\\\/www.link2fleet.com\\\/fr\\\/belgische-bedrijven-trekken-de-kar-in-de-overgang-naar-elektrisch-rijden-maar-particulieren-hinken-achterop\\\/\",\"name\":\"Les entreprises belges ouvrent la voie dans la transition vers la conduite \u00e9lectrique, mais les particuliers restent \u00e0 la tra\u00eene - link2fleet\",\"isPartOf\":{\"@id\":\"https:\\\/\\\/www.link2fleet.com\\\/fr\\\/#website\"},\"primaryImageOfPage\":{\"@id\":\"https:\\\/\\\/www.link2fleet.com\\\/fr\\\/belgische-bedrijven-trekken-de-kar-in-de-overgang-naar-elektrisch-rijden-maar-particulieren-hinken-achterop\\\/#primaryimage\"},\"image\":{\"@id\":\"https:\\\/\\\/www.link2fleet.com\\\/fr\\\/belgische-bedrijven-trekken-de-kar-in-de-overgang-naar-elektrisch-rijden-maar-particulieren-hinken-achterop\\\/#primaryimage\"},\"thumbnailUrl\":\"https:\\\/\\\/static.link2fleet.com\\\/wp-content\\\/uploads\\\/2025\\\/10\\\/electric-car-42764201280.jpg\",\"datePublished\":\"2025-10-09T10:46:19+00:00\",\"dateModified\":\"2025-10-10T12:53:23+00:00\",\"description\":\"Actuellement, 34% des flottes d\u2019entreprises sont enti\u00e8rement \u00e9lectriques, et 18% suppl\u00e9mentaires pr\u00e9voient une \u00e9lectrification compl\u00e8te d\u2019ici 2026.\",\"breadcrumb\":{\"@id\":\"https:\\\/\\\/www.link2fleet.com\\\/fr\\\/belgische-bedrijven-trekken-de-kar-in-de-overgang-naar-elektrisch-rijden-maar-particulieren-hinken-achterop\\\/#breadcrumb\"},\"inLanguage\":\"fr-FR\",\"potentialAction\":[{\"@type\":\"ReadAction\",\"target\":[\"https:\\\/\\\/www.link2fleet.com\\\/fr\\\/belgische-bedrijven-trekken-de-kar-in-de-overgang-naar-elektrisch-rijden-maar-particulieren-hinken-achterop\\\/\"]}]},{\"@type\":\"ImageObject\",\"inLanguage\":\"fr-FR\",\"@id\":\"https:\\\/\\\/www.link2fleet.com\\\/fr\\\/belgische-bedrijven-trekken-de-kar-in-de-overgang-naar-elektrisch-rijden-maar-particulieren-hinken-achterop\\\/#primaryimage\",\"url\":\"https:\\\/\\\/static.link2fleet.com\\\/wp-content\\\/uploads\\\/2025\\\/10\\\/electric-car-42764201280.jpg\",\"contentUrl\":\"https:\\\/\\\/static.link2fleet.com\\\/wp-content\\\/uploads\\\/2025\\\/10\\\/electric-car-42764201280.jpg\",\"width\":1280,\"height\":466},{\"@type\":\"BreadcrumbList\",\"@id\":\"https:\\\/\\\/www.link2fleet.com\\\/fr\\\/belgische-bedrijven-trekken-de-kar-in-de-overgang-naar-elektrisch-rijden-maar-particulieren-hinken-achterop\\\/#breadcrumb\",\"itemListElement\":[{\"@type\":\"ListItem\",\"position\":1,\"name\":\"Home\",\"item\":\"https:\\\/\\\/www.link2fleet.com\\\/fr\\\/\"},{\"@type\":\"ListItem\",\"position\":2,\"name\":\"Les entreprises belges ouvrent la voie dans la transition vers la conduite \u00e9lectrique, mais les particuliers restent \u00e0 la tra\u00eene\"}]},{\"@type\":\"WebSite\",\"@id\":\"https:\\\/\\\/www.link2fleet.com\\\/fr\\\/#website\",\"url\":\"https:\\\/\\\/www.link2fleet.com\\\/fr\\\/\",\"name\":\"Link2fleet\",\"description\":\"\",\"publisher\":{\"@id\":\"https:\\\/\\\/www.link2fleet.com\\\/fr\\\/#organization\"},\"potentialAction\":[{\"@type\":\"SearchAction\",\"target\":{\"@type\":\"EntryPoint\",\"urlTemplate\":\"https:\\\/\\\/www.link2fleet.com\\\/fr\\\/?s={search_term_string}\"},\"query-input\":{\"@type\":\"PropertyValueSpecification\",\"valueRequired\":true,\"valueName\":\"search_term_string\"}}],\"inLanguage\":\"fr-FR\"},{\"@type\":\"Organization\",\"@id\":\"https:\\\/\\\/www.link2fleet.com\\\/fr\\\/#organization\",\"name\":\"Link2fleet\",\"url\":\"https:\\\/\\\/www.link2fleet.com\\\/fr\\\/\",\"logo\":{\"@type\":\"ImageObject\",\"inLanguage\":\"fr-FR\",\"@id\":\"https:\\\/\\\/www.link2fleet.com\\\/fr\\\/#\\\/schema\\\/logo\\\/image\\\/\",\"url\":\"https:\\\/\\\/static.link2fleet.com\\\/wp-content\\\/uploads\\\/2024\\\/03\\\/share-image.jpg\",\"contentUrl\":\"https:\\\/\\\/static.link2fleet.com\\\/wp-content\\\/uploads\\\/2024\\\/03\\\/share-image.jpg\",\"width\":1200,\"height\":630,\"caption\":\"Link2fleet\"},\"image\":{\"@id\":\"https:\\\/\\\/www.link2fleet.com\\\/fr\\\/#\\\/schema\\\/logo\\\/image\\\/\"},\"sameAs\":[\"https:\\\/\\\/www.linkedin.com\\\/company\\\/link2fleet-belgium\",\"https:\\\/\\\/www.youtube.com\\\/user\\\/MMMBMBE\"]},{\"@type\":\"Person\",\"@id\":\"https:\\\/\\\/www.link2fleet.com\\\/fr\\\/#\\\/schema\\\/person\\\/36d21911f7d3d893d2342f0aaf800c55\",\"name\":\"Expert\",\"image\":{\"@type\":\"ImageObject\",\"inLanguage\":\"fr-FR\",\"@id\":\"https:\\\/\\\/secure.gravatar.com\\\/avatar\\\/16e5d370d22fa5439192d1b326dee7b50df0496a647249912e004db7d7f2be85?s=96&d=mm&r=g\",\"url\":\"https:\\\/\\\/secure.gravatar.com\\\/avatar\\\/16e5d370d22fa5439192d1b326dee7b50df0496a647249912e004db7d7f2be85?s=96&d=mm&r=g\",\"contentUrl\":\"https:\\\/\\\/secure.gravatar.com\\\/avatar\\\/16e5d370d22fa5439192d1b326dee7b50df0496a647249912e004db7d7f2be85?s=96&d=mm&r=g\",\"caption\":\"Expert\"}}]}<\/script>\n<!-- \/ Yoast SEO plugin. -->","yoast_head_json":{"title":"Les entreprises belges ouvrent la voie dans la transition vers la conduite \u00e9lectrique, mais les particuliers restent \u00e0 la tra\u00eene - link2fleet","description":"Actuellement, 34\u202f% des flottes d\u2019entreprises sont enti\u00e8rement \u00e9lectriques, et 18\u202f% suppl\u00e9mentaires pr\u00e9voient une \u00e9lectrification compl\u00e8te d\u2019ici 2026. Parall\u00e8lement, le march\u00e9 priv\u00e9 accuse un important retard.\u2026","robots":{"index":"index","follow":"follow","max-snippet":"max-snippet:-1","max-image-preview":"max-image-preview:large","max-video-preview":"max-video-preview:-1"},"og_locale":"fr_FR","og_type":"article","og_title":"Les entreprises belges ouvrent la voie dans la transition vers la conduite \u00e9lectrique, mais les particuliers restent \u00e0 la tra\u00eene - link2fleet","og_description":"Actuellement, 34\u202f% des flottes d\u2019entreprises sont enti\u00e8rement \u00e9lectriques, et 18\u202f% suppl\u00e9mentaires pr\u00e9voient une \u00e9lectrification compl\u00e8te d\u2019ici 2026. Parall\u00e8lement, le march\u00e9 priv\u00e9 accuse un important retard.\u2026","og_url":"https:\/\/www.link2fleet.com\/fr\/belgische-bedrijven-trekken-de-kar-in-de-overgang-naar-elektrisch-rijden-maar-particulieren-hinken-achterop\/","og_site_name":"link2fleet","article_published_time":"2025-10-09T10:46:19+00:00","article_modified_time":"2025-10-10T12:53:23+00:00","og_image":[{"width":1280,"height":466,"url":"https:\/\/static.link2fleet.com\/wp-content\/uploads\/2025\/10\/electric-car-42764201280.jpg","type":"image\/jpeg"}],"author":"Expert","twitter_card":"summary_large_image","twitter_description":"Actuellement, 34\u202f% des flottes d\u2019entreprises sont enti\u00e8rement \u00e9lectriques, et 18\u202f% suppl\u00e9mentaires pr\u00e9voient une \u00e9lectrification compl\u00e8te d\u2019ici 2026. Parall\u00e8lement, le march\u00e9 priv\u00e9 accuse un important retard.\u2026","twitter_misc":{"\u00c9crit par":"Expert","Dur\u00e9e de lecture estim\u00e9e":"6 minutes"},"schema":{"@context":"https:\/\/schema.org","@graph":[{"@type":"Article","@id":"https:\/\/www.link2fleet.com\/fr\/belgische-bedrijven-trekken-de-kar-in-de-overgang-naar-elektrisch-rijden-maar-particulieren-hinken-achterop\/#article","isPartOf":{"@id":"https:\/\/www.link2fleet.com\/fr\/belgische-bedrijven-trekken-de-kar-in-de-overgang-naar-elektrisch-rijden-maar-particulieren-hinken-achterop\/"},"author":{"name":"Expert","@id":"https:\/\/www.link2fleet.com\/fr\/#\/schema\/person\/36d21911f7d3d893d2342f0aaf800c55"},"headline":"Les entreprises belges ouvrent la voie dans la transition vers la conduite \u00e9lectrique, mais les particuliers restent \u00e0 la tra\u00eene","datePublished":"2025-10-09T10:46:19+00:00","dateModified":"2025-10-10T12:53:23+00:00","mainEntityOfPage":{"@id":"https:\/\/www.link2fleet.com\/fr\/belgische-bedrijven-trekken-de-kar-in-de-overgang-naar-elektrisch-rijden-maar-particulieren-hinken-achterop\/"},"wordCount":20,"publisher":{"@id":"https:\/\/www.link2fleet.com\/fr\/#organization"},"image":{"@id":"https:\/\/www.link2fleet.com\/fr\/belgische-bedrijven-trekken-de-kar-in-de-overgang-naar-elektrisch-rijden-maar-particulieren-hinken-achterop\/#primaryimage"},"thumbnailUrl":"https:\/\/static.link2fleet.com\/wp-content\/uploads\/2025\/10\/electric-car-42764201280.jpg","articleSection":["A la une","Actus"],"inLanguage":"fr-FR"},{"@type":"WebPage","@id":"https:\/\/www.link2fleet.com\/fr\/belgische-bedrijven-trekken-de-kar-in-de-overgang-naar-elektrisch-rijden-maar-particulieren-hinken-achterop\/","url":"https:\/\/www.link2fleet.com\/fr\/belgische-bedrijven-trekken-de-kar-in-de-overgang-naar-elektrisch-rijden-maar-particulieren-hinken-achterop\/","name":"Les entreprises belges ouvrent la voie dans la transition vers la conduite \u00e9lectrique, mais les particuliers restent \u00e0 la tra\u00eene - link2fleet","isPartOf":{"@id":"https:\/\/www.link2fleet.com\/fr\/#website"},"primaryImageOfPage":{"@id":"https:\/\/www.link2fleet.com\/fr\/belgische-bedrijven-trekken-de-kar-in-de-overgang-naar-elektrisch-rijden-maar-particulieren-hinken-achterop\/#primaryimage"},"image":{"@id":"https:\/\/www.link2fleet.com\/fr\/belgische-bedrijven-trekken-de-kar-in-de-overgang-naar-elektrisch-rijden-maar-particulieren-hinken-achterop\/#primaryimage"},"thumbnailUrl":"https:\/\/static.link2fleet.com\/wp-content\/uploads\/2025\/10\/electric-car-42764201280.jpg","datePublished":"2025-10-09T10:46:19+00:00","dateModified":"2025-10-10T12:53:23+00:00","description":"Actuellement, 34% des flottes d\u2019entreprises sont enti\u00e8rement \u00e9lectriques, et 18% suppl\u00e9mentaires pr\u00e9voient une \u00e9lectrification compl\u00e8te d\u2019ici 2026.","breadcrumb":{"@id":"https:\/\/www.link2fleet.com\/fr\/belgische-bedrijven-trekken-de-kar-in-de-overgang-naar-elektrisch-rijden-maar-particulieren-hinken-achterop\/#breadcrumb"},"inLanguage":"fr-FR","potentialAction":[{"@type":"ReadAction","target":["https:\/\/www.link2fleet.com\/fr\/belgische-bedrijven-trekken-de-kar-in-de-overgang-naar-elektrisch-rijden-maar-particulieren-hinken-achterop\/"]}]},{"@type":"ImageObject","inLanguage":"fr-FR","@id":"https:\/\/www.link2fleet.com\/fr\/belgische-bedrijven-trekken-de-kar-in-de-overgang-naar-elektrisch-rijden-maar-particulieren-hinken-achterop\/#primaryimage","url":"https:\/\/static.link2fleet.com\/wp-content\/uploads\/2025\/10\/electric-car-42764201280.jpg","contentUrl":"https:\/\/static.link2fleet.com\/wp-content\/uploads\/2025\/10\/electric-car-42764201280.jpg","width":1280,"height":466},{"@type":"BreadcrumbList","@id":"https:\/\/www.link2fleet.com\/fr\/belgische-bedrijven-trekken-de-kar-in-de-overgang-naar-elektrisch-rijden-maar-particulieren-hinken-achterop\/#breadcrumb","itemListElement":[{"@type":"ListItem","position":1,"name":"Home","item":"https:\/\/www.link2fleet.com\/fr\/"},{"@type":"ListItem","position":2,"name":"Les entreprises belges ouvrent la voie dans la transition vers la conduite \u00e9lectrique, mais les particuliers restent \u00e0 la tra\u00eene"}]},{"@type":"WebSite","@id":"https:\/\/www.link2fleet.com\/fr\/#website","url":"https:\/\/www.link2fleet.com\/fr\/","name":"Link2fleet","description":"","publisher":{"@id":"https:\/\/www.link2fleet.com\/fr\/#organization"},"potentialAction":[{"@type":"SearchAction","target":{"@type":"EntryPoint","urlTemplate":"https:\/\/www.link2fleet.com\/fr\/?s={search_term_string}"},"query-input":{"@type":"PropertyValueSpecification","valueRequired":true,"valueName":"search_term_string"}}],"inLanguage":"fr-FR"},{"@type":"Organization","@id":"https:\/\/www.link2fleet.com\/fr\/#organization","name":"Link2fleet","url":"https:\/\/www.link2fleet.com\/fr\/","logo":{"@type":"ImageObject","inLanguage":"fr-FR","@id":"https:\/\/www.link2fleet.com\/fr\/#\/schema\/logo\/image\/","url":"https:\/\/static.link2fleet.com\/wp-content\/uploads\/2024\/03\/share-image.jpg","contentUrl":"https:\/\/static.link2fleet.com\/wp-content\/uploads\/2024\/03\/share-image.jpg","width":1200,"height":630,"caption":"Link2fleet"},"image":{"@id":"https:\/\/www.link2fleet.com\/fr\/#\/schema\/logo\/image\/"},"sameAs":["https:\/\/www.linkedin.com\/company\/link2fleet-belgium","https:\/\/www.youtube.com\/user\/MMMBMBE"]},{"@type":"Person","@id":"https:\/\/www.link2fleet.com\/fr\/#\/schema\/person\/36d21911f7d3d893d2342f0aaf800c55","name":"Expert","image":{"@type":"ImageObject","inLanguage":"fr-FR","@id":"https:\/\/secure.gravatar.com\/avatar\/16e5d370d22fa5439192d1b326dee7b50df0496a647249912e004db7d7f2be85?s=96&d=mm&r=g","url":"https:\/\/secure.gravatar.com\/avatar\/16e5d370d22fa5439192d1b326dee7b50df0496a647249912e004db7d7f2be85?s=96&d=mm&r=g","contentUrl":"https:\/\/secure.gravatar.com\/avatar\/16e5d370d22fa5439192d1b326dee7b50df0496a647249912e004db7d7f2be85?s=96&d=mm&r=g","caption":"Expert"}}]}},"_links":{"self":[{"href":"https:\/\/www.link2fleet.com\/fr\/wp-json\/wp\/v2\/posts\/57957","targetHints":{"allow":["GET"]}}],"collection":[{"href":"https:\/\/www.link2fleet.com\/fr\/wp-json\/wp\/v2\/posts"}],"about":[{"href":"https:\/\/www.link2fleet.com\/fr\/wp-json\/wp\/v2\/types\/post"}],"author":[{"embeddable":true,"href":"https:\/\/www.link2fleet.com\/fr\/wp-json\/wp\/v2\/users\/34"}],"replies":[{"embeddable":true,"href":"https:\/\/www.link2fleet.com\/fr\/wp-json\/wp\/v2\/comments?post=57957"}],"version-history":[{"count":6,"href":"https:\/\/www.link2fleet.com\/fr\/wp-json\/wp\/v2\/posts\/57957\/revisions"}],"predecessor-version":[{"id":58178,"href":"https:\/\/www.link2fleet.com\/fr\/wp-json\/wp\/v2\/posts\/57957\/revisions\/58178"}],"wp:featuredmedia":[{"embeddable":true,"href":"https:\/\/www.link2fleet.com\/fr\/wp-json\/wp\/v2\/media\/57952"}],"wp:attachment":[{"href":"https:\/\/www.link2fleet.com\/fr\/wp-json\/wp\/v2\/media?parent=57957"}],"wp:term":[{"taxonomy":"category","embeddable":true,"href":"https:\/\/www.link2fleet.com\/fr\/wp-json\/wp\/v2\/categories?post=57957"},{"taxonomy":"post_tag","embeddable":true,"href":"https:\/\/www.link2fleet.com\/fr\/wp-json\/wp\/v2\/tags?post=57957"}],"curies":[{"name":"wp","href":"https:\/\/api.w.org\/{rel}","templated":true}]}}