{"id":57969,"date":"2025-10-09T13:29:25","date_gmt":"2025-10-09T11:29:25","guid":{"rendered":"https:\/\/www.link2fleet.com\/vrijstelling-biv-en-verkeersbelasting-voor-evs-in-vlaanderen-geschrapt-vanaf-1-januari-2026\/"},"modified":"2025-10-09T17:23:41","modified_gmt":"2025-10-09T15:23:41","slug":"vrijstelling-biv-en-verkeersbelasting-voor-evs-in-vlaanderen-geschrapt-vanaf-1-januari-2026","status":"publish","type":"post","link":"https:\/\/www.link2fleet.com\/fr\/vrijstelling-biv-en-verkeersbelasting-voor-evs-in-vlaanderen-geschrapt-vanaf-1-januari-2026\/","title":{"rendered":"TMC et taxe pour les VE obligatoire en Flandre d\u00e8s 2026 !"},"content":{"rendered":"","protected":false},"excerpt":{"rendered":"","protected":false},"author":49,"featured_media":57984,"comment_status":"closed","ping_status":"closed","sticky":false,"template":"","format":"standard","meta":{"_acf_changed":false,"footnotes":""},"categories":[1448,135,101],"tags":[],"class_list":["post-57969","post","type-post","status-publish","format-standard","has-post-thumbnail","hentry","category-a-la-une","category-news-fr","category-tax-legal"],"acf":[],"yoast_head":"<!-- This site is optimized with the Yoast SEO plugin v27.3 - https:\/\/yoast.com\/product\/yoast-seo-wordpress\/ -->\n<title>TMC et taxe pour les VE obligatoire en Flandre d\u00e8s 2026 ! - link2fleet<\/title>\n<meta name=\"description\" content=\"Le ministre flamand des Finances Ben Weyts a annonc\u00e9 que, le 1er janvier 2026, il sera mis fin \u00e0 l\u2019exon\u00e9ration de la taxe de mise\u2026\" \/>\n<meta name=\"robots\" content=\"index, follow, max-snippet:-1, max-image-preview:large, max-video-preview:-1\" \/>\n<meta property=\"og:locale\" content=\"fr_FR\" \/>\n<meta property=\"og:type\" content=\"article\" \/>\n<meta property=\"og:title\" content=\"TMC et taxe pour les VE obligatoire en Flandre d\u00e8s 2026 ! - link2fleet\" \/>\n<meta property=\"og:description\" content=\"Le ministre flamand des Finances Ben Weyts a annonc\u00e9 que, le 1er janvier 2026, il sera mis fin \u00e0 l\u2019exon\u00e9ration de la taxe de mise\u2026\" \/>\n<meta property=\"og:url\" content=\"https:\/\/www.link2fleet.com\/fr\/vrijstelling-biv-en-verkeersbelasting-voor-evs-in-vlaanderen-geschrapt-vanaf-1-januari-2026\/\" \/>\n<meta property=\"og:site_name\" content=\"link2fleet\" \/>\n<meta property=\"article:published_time\" content=\"2025-10-09T11:29:25+00:00\" \/>\n<meta property=\"article:modified_time\" content=\"2025-10-09T15:23:41+00:00\" \/>\n<meta property=\"og:image\" content=\"https:\/\/static.link2fleet.com\/wp-content\/uploads\/2025\/10\/chatgpt-image-9-okt-2025-135658-683x1024.png\" \/>\n\t<meta property=\"og:image:width\" content=\"683\" \/>\n\t<meta property=\"og:image:height\" content=\"1024\" \/>\n\t<meta property=\"og:image:type\" content=\"image\/png\" \/>\n<meta name=\"author\" content=\"Kevin Kersemans\" \/>\n<meta name=\"twitter:card\" content=\"summary_large_image\" \/>\n<meta name=\"twitter:description\" content=\"Le ministre flamand des Finances Ben Weyts a annonc\u00e9 que, le 1er janvier 2026, il sera mis fin \u00e0 l\u2019exon\u00e9ration de la taxe de mise\u2026\" \/>\n<meta name=\"twitter:label1\" content=\"\u00c9crit par\" \/>\n\t<meta name=\"twitter:data1\" content=\"Kevin Kersemans\" \/>\n\t<meta name=\"twitter:label2\" content=\"Dur\u00e9e de lecture estim\u00e9e\" \/>\n\t<meta name=\"twitter:data2\" content=\"4 minutes\" \/>\n<script type=\"application\/ld+json\" class=\"yoast-schema-graph\">{\"@context\":\"https:\\\/\\\/schema.org\",\"@graph\":[{\"@type\":\"Article\",\"@id\":\"https:\\\/\\\/www.link2fleet.com\\\/fr\\\/vrijstelling-biv-en-verkeersbelasting-voor-evs-in-vlaanderen-geschrapt-vanaf-1-januari-2026\\\/#article\",\"isPartOf\":{\"@id\":\"https:\\\/\\\/www.link2fleet.com\\\/fr\\\/vrijstelling-biv-en-verkeersbelasting-voor-evs-in-vlaanderen-geschrapt-vanaf-1-januari-2026\\\/\"},\"author\":{\"name\":\"Kevin Kersemans\",\"@id\":\"https:\\\/\\\/www.link2fleet.com\\\/fr\\\/#\\\/schema\\\/person\\\/877bc89c32c65772066cb11fe1e67bbf\"},\"headline\":\"TMC et taxe pour les VE obligatoire en Flandre d\u00e8s 2026 !\",\"datePublished\":\"2025-10-09T11:29:25+00:00\",\"dateModified\":\"2025-10-09T15:23:41+00:00\",\"mainEntityOfPage\":{\"@id\":\"https:\\\/\\\/www.link2fleet.com\\\/fr\\\/vrijstelling-biv-en-verkeersbelasting-voor-evs-in-vlaanderen-geschrapt-vanaf-1-januari-2026\\\/\"},\"wordCount\":11,\"publisher\":{\"@id\":\"https:\\\/\\\/www.link2fleet.com\\\/fr\\\/#organization\"},\"image\":{\"@id\":\"https:\\\/\\\/www.link2fleet.com\\\/fr\\\/vrijstelling-biv-en-verkeersbelasting-voor-evs-in-vlaanderen-geschrapt-vanaf-1-januari-2026\\\/#primaryimage\"},\"thumbnailUrl\":\"https:\\\/\\\/static.link2fleet.com\\\/wp-content\\\/uploads\\\/2025\\\/10\\\/chatgpt-image-9-okt-2025-135658.png\",\"articleSection\":[\"A la une\",\"Actus\",\"Tax &amp; legal\"],\"inLanguage\":\"fr-FR\"},{\"@type\":\"WebPage\",\"@id\":\"https:\\\/\\\/www.link2fleet.com\\\/fr\\\/vrijstelling-biv-en-verkeersbelasting-voor-evs-in-vlaanderen-geschrapt-vanaf-1-januari-2026\\\/\",\"url\":\"https:\\\/\\\/www.link2fleet.com\\\/fr\\\/vrijstelling-biv-en-verkeersbelasting-voor-evs-in-vlaanderen-geschrapt-vanaf-1-januari-2026\\\/\",\"name\":\"TMC et taxe pour les VE obligatoire en Flandre d\u00e8s 2026 ! - link2fleet\",\"isPartOf\":{\"@id\":\"https:\\\/\\\/www.link2fleet.com\\\/fr\\\/#website\"},\"primaryImageOfPage\":{\"@id\":\"https:\\\/\\\/www.link2fleet.com\\\/fr\\\/vrijstelling-biv-en-verkeersbelasting-voor-evs-in-vlaanderen-geschrapt-vanaf-1-januari-2026\\\/#primaryimage\"},\"image\":{\"@id\":\"https:\\\/\\\/www.link2fleet.com\\\/fr\\\/vrijstelling-biv-en-verkeersbelasting-voor-evs-in-vlaanderen-geschrapt-vanaf-1-januari-2026\\\/#primaryimage\"},\"thumbnailUrl\":\"https:\\\/\\\/static.link2fleet.com\\\/wp-content\\\/uploads\\\/2025\\\/10\\\/chatgpt-image-9-okt-2025-135658.png\",\"datePublished\":\"2025-10-09T11:29:25+00:00\",\"dateModified\":\"2025-10-09T15:23:41+00:00\",\"description\":\"Le ministre flamand des Finances a annonc\u00e9 que, le 1er janvier 2026, il sera mis fin \u00e0 l\u2019exon\u00e9ration de la taxe de mise en circulation (BIV) et de la taxe de circulation annuelle pour les v\u00e9hicules \u00e9lectriques.\",\"breadcrumb\":{\"@id\":\"https:\\\/\\\/www.link2fleet.com\\\/fr\\\/vrijstelling-biv-en-verkeersbelasting-voor-evs-in-vlaanderen-geschrapt-vanaf-1-januari-2026\\\/#breadcrumb\"},\"inLanguage\":\"fr-FR\",\"potentialAction\":[{\"@type\":\"ReadAction\",\"target\":[\"https:\\\/\\\/www.link2fleet.com\\\/fr\\\/vrijstelling-biv-en-verkeersbelasting-voor-evs-in-vlaanderen-geschrapt-vanaf-1-januari-2026\\\/\"]}]},{\"@type\":\"ImageObject\",\"inLanguage\":\"fr-FR\",\"@id\":\"https:\\\/\\\/www.link2fleet.com\\\/fr\\\/vrijstelling-biv-en-verkeersbelasting-voor-evs-in-vlaanderen-geschrapt-vanaf-1-januari-2026\\\/#primaryimage\",\"url\":\"https:\\\/\\\/static.link2fleet.com\\\/wp-content\\\/uploads\\\/2025\\\/10\\\/chatgpt-image-9-okt-2025-135658.png\",\"contentUrl\":\"https:\\\/\\\/static.link2fleet.com\\\/wp-content\\\/uploads\\\/2025\\\/10\\\/chatgpt-image-9-okt-2025-135658.png\",\"width\":1024,\"height\":1536},{\"@type\":\"BreadcrumbList\",\"@id\":\"https:\\\/\\\/www.link2fleet.com\\\/fr\\\/vrijstelling-biv-en-verkeersbelasting-voor-evs-in-vlaanderen-geschrapt-vanaf-1-januari-2026\\\/#breadcrumb\",\"itemListElement\":[{\"@type\":\"ListItem\",\"position\":1,\"name\":\"Home\",\"item\":\"https:\\\/\\\/www.link2fleet.com\\\/fr\\\/\"},{\"@type\":\"ListItem\",\"position\":2,\"name\":\"TMC et taxe pour les VE obligatoire en Flandre d\u00e8s 2026 !\"}]},{\"@type\":\"WebSite\",\"@id\":\"https:\\\/\\\/www.link2fleet.com\\\/fr\\\/#website\",\"url\":\"https:\\\/\\\/www.link2fleet.com\\\/fr\\\/\",\"name\":\"Link2fleet\",\"description\":\"\",\"publisher\":{\"@id\":\"https:\\\/\\\/www.link2fleet.com\\\/fr\\\/#organization\"},\"potentialAction\":[{\"@type\":\"SearchAction\",\"target\":{\"@type\":\"EntryPoint\",\"urlTemplate\":\"https:\\\/\\\/www.link2fleet.com\\\/fr\\\/?s={search_term_string}\"},\"query-input\":{\"@type\":\"PropertyValueSpecification\",\"valueRequired\":true,\"valueName\":\"search_term_string\"}}],\"inLanguage\":\"fr-FR\"},{\"@type\":\"Organization\",\"@id\":\"https:\\\/\\\/www.link2fleet.com\\\/fr\\\/#organization\",\"name\":\"Link2fleet\",\"url\":\"https:\\\/\\\/www.link2fleet.com\\\/fr\\\/\",\"logo\":{\"@type\":\"ImageObject\",\"inLanguage\":\"fr-FR\",\"@id\":\"https:\\\/\\\/www.link2fleet.com\\\/fr\\\/#\\\/schema\\\/logo\\\/image\\\/\",\"url\":\"https:\\\/\\\/static.link2fleet.com\\\/wp-content\\\/uploads\\\/2024\\\/03\\\/share-image.jpg\",\"contentUrl\":\"https:\\\/\\\/static.link2fleet.com\\\/wp-content\\\/uploads\\\/2024\\\/03\\\/share-image.jpg\",\"width\":1200,\"height\":630,\"caption\":\"Link2fleet\"},\"image\":{\"@id\":\"https:\\\/\\\/www.link2fleet.com\\\/fr\\\/#\\\/schema\\\/logo\\\/image\\\/\"},\"sameAs\":[\"https:\\\/\\\/www.linkedin.com\\\/company\\\/link2fleet-belgium\",\"https:\\\/\\\/www.youtube.com\\\/user\\\/MMMBMBE\"]},{\"@type\":\"Person\",\"@id\":\"https:\\\/\\\/www.link2fleet.com\\\/fr\\\/#\\\/schema\\\/person\\\/877bc89c32c65772066cb11fe1e67bbf\",\"name\":\"Kevin Kersemans\",\"image\":{\"@type\":\"ImageObject\",\"inLanguage\":\"fr-FR\",\"@id\":\"https:\\\/\\\/secure.gravatar.com\\\/avatar\\\/b12f7d0f252688f677f4c181b6df65bf86880634bfcef3be42c82efcdb33d654?s=96&d=mm&r=g\",\"url\":\"https:\\\/\\\/secure.gravatar.com\\\/avatar\\\/b12f7d0f252688f677f4c181b6df65bf86880634bfcef3be42c82efcdb33d654?s=96&d=mm&r=g\",\"contentUrl\":\"https:\\\/\\\/secure.gravatar.com\\\/avatar\\\/b12f7d0f252688f677f4c181b6df65bf86880634bfcef3be42c82efcdb33d654?s=96&d=mm&r=g\",\"caption\":\"Kevin Kersemans\"},\"description\":\"Kevin Kersemans is autojournalist met al enkele decennia ervaring op de teller. Zijn passie voor auto's en alles op wielen heeft hij al van kindsbeen af. Voor link2fleet volgt hij vooral de auto-actualiteit en test hij nieuwe modellen.\"}]}<\/script>\n<!-- \/ Yoast SEO plugin. -->","yoast_head_json":{"title":"TMC et taxe pour les VE obligatoire en Flandre d\u00e8s 2026 ! - link2fleet","description":"Le ministre flamand des Finances Ben Weyts a annonc\u00e9 que, le 1er janvier 2026, il sera mis fin \u00e0 l\u2019exon\u00e9ration de la taxe de mise\u2026","robots":{"index":"index","follow":"follow","max-snippet":"max-snippet:-1","max-image-preview":"max-image-preview:large","max-video-preview":"max-video-preview:-1"},"og_locale":"fr_FR","og_type":"article","og_title":"TMC et taxe pour les VE obligatoire en Flandre d\u00e8s 2026 ! - link2fleet","og_description":"Le ministre flamand des Finances Ben Weyts a annonc\u00e9 que, le 1er janvier 2026, il sera mis fin \u00e0 l\u2019exon\u00e9ration de la taxe de mise\u2026","og_url":"https:\/\/www.link2fleet.com\/fr\/vrijstelling-biv-en-verkeersbelasting-voor-evs-in-vlaanderen-geschrapt-vanaf-1-januari-2026\/","og_site_name":"link2fleet","article_published_time":"2025-10-09T11:29:25+00:00","article_modified_time":"2025-10-09T15:23:41+00:00","og_image":[{"width":683,"height":1024,"url":"https:\/\/static.link2fleet.com\/wp-content\/uploads\/2025\/10\/chatgpt-image-9-okt-2025-135658-683x1024.png","type":"image\/png"}],"author":"Kevin Kersemans","twitter_card":"summary_large_image","twitter_description":"Le ministre flamand des Finances Ben Weyts a annonc\u00e9 que, le 1er janvier 2026, il sera mis fin \u00e0 l\u2019exon\u00e9ration de la taxe de mise\u2026","twitter_misc":{"\u00c9crit par":"Kevin Kersemans","Dur\u00e9e de lecture estim\u00e9e":"4 minutes"},"schema":{"@context":"https:\/\/schema.org","@graph":[{"@type":"Article","@id":"https:\/\/www.link2fleet.com\/fr\/vrijstelling-biv-en-verkeersbelasting-voor-evs-in-vlaanderen-geschrapt-vanaf-1-januari-2026\/#article","isPartOf":{"@id":"https:\/\/www.link2fleet.com\/fr\/vrijstelling-biv-en-verkeersbelasting-voor-evs-in-vlaanderen-geschrapt-vanaf-1-januari-2026\/"},"author":{"name":"Kevin Kersemans","@id":"https:\/\/www.link2fleet.com\/fr\/#\/schema\/person\/877bc89c32c65772066cb11fe1e67bbf"},"headline":"TMC et taxe pour les VE obligatoire en Flandre d\u00e8s 2026 !","datePublished":"2025-10-09T11:29:25+00:00","dateModified":"2025-10-09T15:23:41+00:00","mainEntityOfPage":{"@id":"https:\/\/www.link2fleet.com\/fr\/vrijstelling-biv-en-verkeersbelasting-voor-evs-in-vlaanderen-geschrapt-vanaf-1-januari-2026\/"},"wordCount":11,"publisher":{"@id":"https:\/\/www.link2fleet.com\/fr\/#organization"},"image":{"@id":"https:\/\/www.link2fleet.com\/fr\/vrijstelling-biv-en-verkeersbelasting-voor-evs-in-vlaanderen-geschrapt-vanaf-1-januari-2026\/#primaryimage"},"thumbnailUrl":"https:\/\/static.link2fleet.com\/wp-content\/uploads\/2025\/10\/chatgpt-image-9-okt-2025-135658.png","articleSection":["A la une","Actus","Tax &amp; legal"],"inLanguage":"fr-FR"},{"@type":"WebPage","@id":"https:\/\/www.link2fleet.com\/fr\/vrijstelling-biv-en-verkeersbelasting-voor-evs-in-vlaanderen-geschrapt-vanaf-1-januari-2026\/","url":"https:\/\/www.link2fleet.com\/fr\/vrijstelling-biv-en-verkeersbelasting-voor-evs-in-vlaanderen-geschrapt-vanaf-1-januari-2026\/","name":"TMC et taxe pour les VE obligatoire en Flandre d\u00e8s 2026 ! - link2fleet","isPartOf":{"@id":"https:\/\/www.link2fleet.com\/fr\/#website"},"primaryImageOfPage":{"@id":"https:\/\/www.link2fleet.com\/fr\/vrijstelling-biv-en-verkeersbelasting-voor-evs-in-vlaanderen-geschrapt-vanaf-1-januari-2026\/#primaryimage"},"image":{"@id":"https:\/\/www.link2fleet.com\/fr\/vrijstelling-biv-en-verkeersbelasting-voor-evs-in-vlaanderen-geschrapt-vanaf-1-januari-2026\/#primaryimage"},"thumbnailUrl":"https:\/\/static.link2fleet.com\/wp-content\/uploads\/2025\/10\/chatgpt-image-9-okt-2025-135658.png","datePublished":"2025-10-09T11:29:25+00:00","dateModified":"2025-10-09T15:23:41+00:00","description":"Le ministre flamand des Finances a annonc\u00e9 que, le 1er janvier 2026, il sera mis fin \u00e0 l\u2019exon\u00e9ration de la taxe de mise en circulation (BIV) et de la taxe de circulation annuelle pour les v\u00e9hicules \u00e9lectriques.","breadcrumb":{"@id":"https:\/\/www.link2fleet.com\/fr\/vrijstelling-biv-en-verkeersbelasting-voor-evs-in-vlaanderen-geschrapt-vanaf-1-januari-2026\/#breadcrumb"},"inLanguage":"fr-FR","potentialAction":[{"@type":"ReadAction","target":["https:\/\/www.link2fleet.com\/fr\/vrijstelling-biv-en-verkeersbelasting-voor-evs-in-vlaanderen-geschrapt-vanaf-1-januari-2026\/"]}]},{"@type":"ImageObject","inLanguage":"fr-FR","@id":"https:\/\/www.link2fleet.com\/fr\/vrijstelling-biv-en-verkeersbelasting-voor-evs-in-vlaanderen-geschrapt-vanaf-1-januari-2026\/#primaryimage","url":"https:\/\/static.link2fleet.com\/wp-content\/uploads\/2025\/10\/chatgpt-image-9-okt-2025-135658.png","contentUrl":"https:\/\/static.link2fleet.com\/wp-content\/uploads\/2025\/10\/chatgpt-image-9-okt-2025-135658.png","width":1024,"height":1536},{"@type":"BreadcrumbList","@id":"https:\/\/www.link2fleet.com\/fr\/vrijstelling-biv-en-verkeersbelasting-voor-evs-in-vlaanderen-geschrapt-vanaf-1-januari-2026\/#breadcrumb","itemListElement":[{"@type":"ListItem","position":1,"name":"Home","item":"https:\/\/www.link2fleet.com\/fr\/"},{"@type":"ListItem","position":2,"name":"TMC et taxe pour les VE obligatoire en Flandre d\u00e8s 2026 !"}]},{"@type":"WebSite","@id":"https:\/\/www.link2fleet.com\/fr\/#website","url":"https:\/\/www.link2fleet.com\/fr\/","name":"Link2fleet","description":"","publisher":{"@id":"https:\/\/www.link2fleet.com\/fr\/#organization"},"potentialAction":[{"@type":"SearchAction","target":{"@type":"EntryPoint","urlTemplate":"https:\/\/www.link2fleet.com\/fr\/?s={search_term_string}"},"query-input":{"@type":"PropertyValueSpecification","valueRequired":true,"valueName":"search_term_string"}}],"inLanguage":"fr-FR"},{"@type":"Organization","@id":"https:\/\/www.link2fleet.com\/fr\/#organization","name":"Link2fleet","url":"https:\/\/www.link2fleet.com\/fr\/","logo":{"@type":"ImageObject","inLanguage":"fr-FR","@id":"https:\/\/www.link2fleet.com\/fr\/#\/schema\/logo\/image\/","url":"https:\/\/static.link2fleet.com\/wp-content\/uploads\/2024\/03\/share-image.jpg","contentUrl":"https:\/\/static.link2fleet.com\/wp-content\/uploads\/2024\/03\/share-image.jpg","width":1200,"height":630,"caption":"Link2fleet"},"image":{"@id":"https:\/\/www.link2fleet.com\/fr\/#\/schema\/logo\/image\/"},"sameAs":["https:\/\/www.linkedin.com\/company\/link2fleet-belgium","https:\/\/www.youtube.com\/user\/MMMBMBE"]},{"@type":"Person","@id":"https:\/\/www.link2fleet.com\/fr\/#\/schema\/person\/877bc89c32c65772066cb11fe1e67bbf","name":"Kevin Kersemans","image":{"@type":"ImageObject","inLanguage":"fr-FR","@id":"https:\/\/secure.gravatar.com\/avatar\/b12f7d0f252688f677f4c181b6df65bf86880634bfcef3be42c82efcdb33d654?s=96&d=mm&r=g","url":"https:\/\/secure.gravatar.com\/avatar\/b12f7d0f252688f677f4c181b6df65bf86880634bfcef3be42c82efcdb33d654?s=96&d=mm&r=g","contentUrl":"https:\/\/secure.gravatar.com\/avatar\/b12f7d0f252688f677f4c181b6df65bf86880634bfcef3be42c82efcdb33d654?s=96&d=mm&r=g","caption":"Kevin Kersemans"},"description":"Kevin Kersemans is autojournalist met al enkele decennia ervaring op de teller. Zijn passie voor auto's en alles op wielen heeft hij al van kindsbeen af. Voor link2fleet volgt hij vooral de auto-actualiteit en test hij nieuwe modellen."}]}},"_links":{"self":[{"href":"https:\/\/www.link2fleet.com\/fr\/wp-json\/wp\/v2\/posts\/57969","targetHints":{"allow":["GET"]}}],"collection":[{"href":"https:\/\/www.link2fleet.com\/fr\/wp-json\/wp\/v2\/posts"}],"about":[{"href":"https:\/\/www.link2fleet.com\/fr\/wp-json\/wp\/v2\/types\/post"}],"author":[{"embeddable":true,"href":"https:\/\/www.link2fleet.com\/fr\/wp-json\/wp\/v2\/users\/49"}],"replies":[{"embeddable":true,"href":"https:\/\/www.link2fleet.com\/fr\/wp-json\/wp\/v2\/comments?post=57969"}],"version-history":[{"count":10,"href":"https:\/\/www.link2fleet.com\/fr\/wp-json\/wp\/v2\/posts\/57969\/revisions"}],"predecessor-version":[{"id":57991,"href":"https:\/\/www.link2fleet.com\/fr\/wp-json\/wp\/v2\/posts\/57969\/revisions\/57991"}],"wp:featuredmedia":[{"embeddable":true,"href":"https:\/\/www.link2fleet.com\/fr\/wp-json\/wp\/v2\/media\/57984"}],"wp:attachment":[{"href":"https:\/\/www.link2fleet.com\/fr\/wp-json\/wp\/v2\/media?parent=57969"}],"wp:term":[{"taxonomy":"category","embeddable":true,"href":"https:\/\/www.link2fleet.com\/fr\/wp-json\/wp\/v2\/categories?post=57969"},{"taxonomy":"post_tag","embeddable":true,"href":"https:\/\/www.link2fleet.com\/fr\/wp-json\/wp\/v2\/tags?post=57969"}],"curies":[{"name":"wp","href":"https:\/\/api.w.org\/{rel}","templated":true}]}}