{"id":5802,"date":"2022-03-15T09:30:54","date_gmt":"2022-03-15T08:30:54","guid":{"rendered":"https:\/\/www.link2fleet.com\/le-gouvernement-reduit-les-accises-sur-lessence-et-le-diesel-de-175-cents-par-litre\/"},"modified":"2022-03-15T09:30:54","modified_gmt":"2022-03-15T08:30:54","slug":"le-gouvernement-reduit-les-accises-sur-lessence-et-le-diesel-de-175-cents-par-litre","status":"publish","type":"post","link":"https:\/\/www.link2fleet.com\/fr\/le-gouvernement-reduit-les-accises-sur-lessence-et-le-diesel-de-175-cents-par-litre\/","title":{"rendered":"Le gouvernement r\u00e9duit les accises sur l&rsquo;essence et le diesel de 17,5 cents par litre"},"content":{"rendered":"<p>Sur le diesel et l&rsquo;essence, les accises seront directement r\u00e9duites de 17,5 cents par litres. C&rsquo;est toutefois moins que le maximum possible.<\/p>\n<p>Afin d&rsquo;atteindre le minimum europ\u00e9en, une r\u00e9duction maximale de 29 centimes pourrait \u00eatre effectu\u00e9e.<\/p>\n<p>La r\u00e9duction des accises de 17,5 cents par litre signifie qu&rsquo;un plein complet de 60 litres est dor\u00e9navant 10,5 euros moins cher.<\/p>\n<p>Pour une voiture de soci\u00e9t\u00e9 diesel qui consomme 6 l\/100 avec un kilom\u00e9trage annuel de 27.000 km, cela signifie un gain de 23,63 euros par mois.<\/p>\n<p>Le co\u00fbt de cette mesure pour le tr\u00e9sor public est estim\u00e9 \u00e0 3,2 millions d&rsquo;euros par jour. Par cons\u00e9quent, une premi\u00e8re \u00e9valuation aura lieu \u00e0 la mi-juin 2022.<\/p>\n<p>D\u00e8s que le prix atteindra \u00e0 nouveau 1,7 euro par litre, le syst\u00e8me de cliquet sera activ\u00e9 et les accises augmenteront \u00e0 nouveau.<\/p>\n","protected":false},"excerpt":{"rendered":"<p>Sur le diesel et l&rsquo;essence, les accises seront directement r\u00e9duites de 17,5 cents par litres. C&rsquo;est toutefois moins que le maximum possible. Afin d&rsquo;atteindre le minimum europ\u00e9en, une r\u00e9duction maximale de 29 centimes pourrait \u00eatre effectu\u00e9e. La r\u00e9duction des accises de 17,5 cents par litre signifie qu&rsquo;un plein complet de 60 litres est dor\u00e9navant 10,5 [&hellip;]<\/p>\n","protected":false},"author":11,"featured_media":2756,"comment_status":"closed","ping_status":"closed","sticky":false,"template":"","format":"standard","meta":{"_acf_changed":false,"footnotes":""},"categories":[91,101],"tags":[],"class_list":["post-5802","post","type-post","status-publish","format-standard","has-post-thumbnail","hentry","category-expertise-et-management","category-tax-legal"],"acf":[],"yoast_head":"<!-- This site is optimized with the Yoast SEO plugin v27.3 - https:\/\/yoast.com\/product\/yoast-seo-wordpress\/ -->\n<title>Le gouvernement r\u00e9duit les accises sur l&#039;essence et le diesel de 17,5 cents par litre - link2fleet<\/title>\n<meta name=\"description\" content=\"Le Conseil des Ministres f\u00e9d\u00e9raux est parvenu \u00e0 un accord sur un troisi\u00e8me paquet \u00e9nerg\u00e9tique. Elle pr\u00e9voit une r\u00e9duction des accises sur le diesel et\u2026\" \/>\n<meta name=\"robots\" content=\"index, follow, max-snippet:-1, max-image-preview:large, max-video-preview:-1\" \/>\n<meta property=\"og:locale\" content=\"fr_FR\" \/>\n<meta property=\"og:type\" content=\"article\" \/>\n<meta property=\"og:title\" content=\"Le gouvernement r\u00e9duit les accises sur l&#039;essence et le diesel de 17,5 cents par litre - link2fleet\" \/>\n<meta property=\"og:description\" content=\"Le Conseil des Ministres f\u00e9d\u00e9raux est parvenu \u00e0 un accord sur un troisi\u00e8me paquet \u00e9nerg\u00e9tique. Elle pr\u00e9voit une r\u00e9duction des accises sur le diesel et\u2026\" \/>\n<meta property=\"og:url\" content=\"https:\/\/www.link2fleet.com\/fr\/le-gouvernement-reduit-les-accises-sur-lessence-et-le-diesel-de-175-cents-par-litre\/\" \/>\n<meta property=\"og:site_name\" content=\"link2fleet\" \/>\n<meta property=\"article:published_time\" content=\"2022-03-15T08:30:54+00:00\" \/>\n<meta property=\"og:image\" content=\"https:\/\/static.link2fleet.com\/wp-content\/uploads\/2024\/03\/essence-diesel.jpg\" \/>\n\t<meta property=\"og:image:width\" content=\"800\" \/>\n\t<meta property=\"og:image:height\" content=\"533\" \/>\n\t<meta property=\"og:image:type\" content=\"image\/jpeg\" \/>\n<meta name=\"author\" content=\"Michel Willems - Mobilitas\" \/>\n<meta name=\"twitter:card\" content=\"summary_large_image\" \/>\n<meta name=\"twitter:description\" content=\"Le Conseil des Ministres f\u00e9d\u00e9raux est parvenu \u00e0 un accord sur un troisi\u00e8me paquet \u00e9nerg\u00e9tique. Elle pr\u00e9voit une r\u00e9duction des accises sur le diesel et\u2026\" \/>\n<meta name=\"twitter:label1\" content=\"\u00c9crit par\" \/>\n\t<meta name=\"twitter:data1\" content=\"Michel Willems - Mobilitas\" \/>\n\t<meta name=\"twitter:label2\" content=\"Dur\u00e9e de lecture estim\u00e9e\" \/>\n\t<meta name=\"twitter:data2\" content=\"1 minute\" \/>\n<script type=\"application\/ld+json\" class=\"yoast-schema-graph\">{\"@context\":\"https:\\\/\\\/schema.org\",\"@graph\":[{\"@type\":\"Article\",\"@id\":\"https:\\\/\\\/www.link2fleet.com\\\/fr\\\/le-gouvernement-reduit-les-accises-sur-lessence-et-le-diesel-de-175-cents-par-litre\\\/#article\",\"isPartOf\":{\"@id\":\"https:\\\/\\\/www.link2fleet.com\\\/fr\\\/le-gouvernement-reduit-les-accises-sur-lessence-et-le-diesel-de-175-cents-par-litre\\\/\"},\"author\":{\"name\":\"Michel Willems - Mobilitas\",\"@id\":\"https:\\\/\\\/www.link2fleet.com\\\/fr\\\/#\\\/schema\\\/person\\\/bd29f6a2c2427e85a70d3acf17303486\"},\"headline\":\"Le gouvernement r\u00e9duit les accises sur l&rsquo;essence et le diesel de 17,5 cents par litre\",\"datePublished\":\"2022-03-15T08:30:54+00:00\",\"mainEntityOfPage\":{\"@id\":\"https:\\\/\\\/www.link2fleet.com\\\/fr\\\/le-gouvernement-reduit-les-accises-sur-lessence-et-le-diesel-de-175-cents-par-litre\\\/\"},\"wordCount\":155,\"publisher\":{\"@id\":\"https:\\\/\\\/www.link2fleet.com\\\/fr\\\/#organization\"},\"image\":{\"@id\":\"https:\\\/\\\/www.link2fleet.com\\\/fr\\\/le-gouvernement-reduit-les-accises-sur-lessence-et-le-diesel-de-175-cents-par-litre\\\/#primaryimage\"},\"thumbnailUrl\":\"https:\\\/\\\/static.link2fleet.com\\\/wp-content\\\/uploads\\\/2024\\\/03\\\/essence-diesel.jpg\",\"articleSection\":[\"Gestion de flotte\",\"Tax &amp; legal\"],\"inLanguage\":\"fr-FR\"},{\"@type\":\"WebPage\",\"@id\":\"https:\\\/\\\/www.link2fleet.com\\\/fr\\\/le-gouvernement-reduit-les-accises-sur-lessence-et-le-diesel-de-175-cents-par-litre\\\/\",\"url\":\"https:\\\/\\\/www.link2fleet.com\\\/fr\\\/le-gouvernement-reduit-les-accises-sur-lessence-et-le-diesel-de-175-cents-par-litre\\\/\",\"name\":\"Le gouvernement r\u00e9duit les accises sur l'essence et le diesel de 17,5 cents par litre - link2fleet\",\"isPartOf\":{\"@id\":\"https:\\\/\\\/www.link2fleet.com\\\/fr\\\/#website\"},\"primaryImageOfPage\":{\"@id\":\"https:\\\/\\\/www.link2fleet.com\\\/fr\\\/le-gouvernement-reduit-les-accises-sur-lessence-et-le-diesel-de-175-cents-par-litre\\\/#primaryimage\"},\"image\":{\"@id\":\"https:\\\/\\\/www.link2fleet.com\\\/fr\\\/le-gouvernement-reduit-les-accises-sur-lessence-et-le-diesel-de-175-cents-par-litre\\\/#primaryimage\"},\"thumbnailUrl\":\"https:\\\/\\\/static.link2fleet.com\\\/wp-content\\\/uploads\\\/2024\\\/03\\\/essence-diesel.jpg\",\"datePublished\":\"2022-03-15T08:30:54+00:00\",\"breadcrumb\":{\"@id\":\"https:\\\/\\\/www.link2fleet.com\\\/fr\\\/le-gouvernement-reduit-les-accises-sur-lessence-et-le-diesel-de-175-cents-par-litre\\\/#breadcrumb\"},\"inLanguage\":\"fr-FR\",\"potentialAction\":[{\"@type\":\"ReadAction\",\"target\":[\"https:\\\/\\\/www.link2fleet.com\\\/fr\\\/le-gouvernement-reduit-les-accises-sur-lessence-et-le-diesel-de-175-cents-par-litre\\\/\"]}]},{\"@type\":\"ImageObject\",\"inLanguage\":\"fr-FR\",\"@id\":\"https:\\\/\\\/www.link2fleet.com\\\/fr\\\/le-gouvernement-reduit-les-accises-sur-lessence-et-le-diesel-de-175-cents-par-litre\\\/#primaryimage\",\"url\":\"https:\\\/\\\/static.link2fleet.com\\\/wp-content\\\/uploads\\\/2024\\\/03\\\/essence-diesel.jpg\",\"contentUrl\":\"https:\\\/\\\/static.link2fleet.com\\\/wp-content\\\/uploads\\\/2024\\\/03\\\/essence-diesel.jpg\",\"width\":800,\"height\":533},{\"@type\":\"BreadcrumbList\",\"@id\":\"https:\\\/\\\/www.link2fleet.com\\\/fr\\\/le-gouvernement-reduit-les-accises-sur-lessence-et-le-diesel-de-175-cents-par-litre\\\/#breadcrumb\",\"itemListElement\":[{\"@type\":\"ListItem\",\"position\":1,\"name\":\"Home\",\"item\":\"https:\\\/\\\/www.link2fleet.com\\\/fr\\\/\"},{\"@type\":\"ListItem\",\"position\":2,\"name\":\"Le gouvernement r\u00e9duit les accises sur l&#8217;essence et le diesel de 17,5 cents par litre\"}]},{\"@type\":\"WebSite\",\"@id\":\"https:\\\/\\\/www.link2fleet.com\\\/fr\\\/#website\",\"url\":\"https:\\\/\\\/www.link2fleet.com\\\/fr\\\/\",\"name\":\"Link2fleet\",\"description\":\"\",\"publisher\":{\"@id\":\"https:\\\/\\\/www.link2fleet.com\\\/fr\\\/#organization\"},\"potentialAction\":[{\"@type\":\"SearchAction\",\"target\":{\"@type\":\"EntryPoint\",\"urlTemplate\":\"https:\\\/\\\/www.link2fleet.com\\\/fr\\\/?s={search_term_string}\"},\"query-input\":{\"@type\":\"PropertyValueSpecification\",\"valueRequired\":true,\"valueName\":\"search_term_string\"}}],\"inLanguage\":\"fr-FR\"},{\"@type\":\"Organization\",\"@id\":\"https:\\\/\\\/www.link2fleet.com\\\/fr\\\/#organization\",\"name\":\"Link2fleet\",\"url\":\"https:\\\/\\\/www.link2fleet.com\\\/fr\\\/\",\"logo\":{\"@type\":\"ImageObject\",\"inLanguage\":\"fr-FR\",\"@id\":\"https:\\\/\\\/www.link2fleet.com\\\/fr\\\/#\\\/schema\\\/logo\\\/image\\\/\",\"url\":\"https:\\\/\\\/static.link2fleet.com\\\/wp-content\\\/uploads\\\/2024\\\/03\\\/share-image.jpg\",\"contentUrl\":\"https:\\\/\\\/static.link2fleet.com\\\/wp-content\\\/uploads\\\/2024\\\/03\\\/share-image.jpg\",\"width\":1200,\"height\":630,\"caption\":\"Link2fleet\"},\"image\":{\"@id\":\"https:\\\/\\\/www.link2fleet.com\\\/fr\\\/#\\\/schema\\\/logo\\\/image\\\/\"},\"sameAs\":[\"https:\\\/\\\/www.linkedin.com\\\/company\\\/link2fleet-belgium\",\"https:\\\/\\\/www.youtube.com\\\/user\\\/MMMBMBE\"]},{\"@type\":\"Person\",\"@id\":\"https:\\\/\\\/www.link2fleet.com\\\/fr\\\/#\\\/schema\\\/person\\\/bd29f6a2c2427e85a70d3acf17303486\",\"name\":\"Michel Willems - Mobilitas\",\"image\":{\"@type\":\"ImageObject\",\"inLanguage\":\"fr-FR\",\"@id\":\"https:\\\/\\\/secure.gravatar.com\\\/avatar\\\/c937de514893d5b69b3b52ee88664fd4879b786925b6742dc7891d347f167414?s=96&d=mm&r=g\",\"url\":\"https:\\\/\\\/secure.gravatar.com\\\/avatar\\\/c937de514893d5b69b3b52ee88664fd4879b786925b6742dc7891d347f167414?s=96&d=mm&r=g\",\"contentUrl\":\"https:\\\/\\\/secure.gravatar.com\\\/avatar\\\/c937de514893d5b69b3b52ee88664fd4879b786925b6742dc7891d347f167414?s=96&d=mm&r=g\",\"caption\":\"Michel Willems - Mobilitas\"}}]}<\/script>\n<!-- \/ Yoast SEO plugin. -->","yoast_head_json":{"title":"Le gouvernement r\u00e9duit les accises sur l'essence et le diesel de 17,5 cents par litre - link2fleet","description":"Le Conseil des Ministres f\u00e9d\u00e9raux est parvenu \u00e0 un accord sur un troisi\u00e8me paquet \u00e9nerg\u00e9tique. Elle pr\u00e9voit une r\u00e9duction des accises sur le diesel et\u2026","robots":{"index":"index","follow":"follow","max-snippet":"max-snippet:-1","max-image-preview":"max-image-preview:large","max-video-preview":"max-video-preview:-1"},"og_locale":"fr_FR","og_type":"article","og_title":"Le gouvernement r\u00e9duit les accises sur l'essence et le diesel de 17,5 cents par litre - link2fleet","og_description":"Le Conseil des Ministres f\u00e9d\u00e9raux est parvenu \u00e0 un accord sur un troisi\u00e8me paquet \u00e9nerg\u00e9tique. Elle pr\u00e9voit une r\u00e9duction des accises sur le diesel et\u2026","og_url":"https:\/\/www.link2fleet.com\/fr\/le-gouvernement-reduit-les-accises-sur-lessence-et-le-diesel-de-175-cents-par-litre\/","og_site_name":"link2fleet","article_published_time":"2022-03-15T08:30:54+00:00","og_image":[{"width":800,"height":533,"url":"https:\/\/static.link2fleet.com\/wp-content\/uploads\/2024\/03\/essence-diesel.jpg","type":"image\/jpeg"}],"author":"Michel Willems - Mobilitas","twitter_card":"summary_large_image","twitter_description":"Le Conseil des Ministres f\u00e9d\u00e9raux est parvenu \u00e0 un accord sur un troisi\u00e8me paquet \u00e9nerg\u00e9tique. Elle pr\u00e9voit une r\u00e9duction des accises sur le diesel et\u2026","twitter_misc":{"\u00c9crit par":"Michel Willems - Mobilitas","Dur\u00e9e de lecture estim\u00e9e":"1 minute"},"schema":{"@context":"https:\/\/schema.org","@graph":[{"@type":"Article","@id":"https:\/\/www.link2fleet.com\/fr\/le-gouvernement-reduit-les-accises-sur-lessence-et-le-diesel-de-175-cents-par-litre\/#article","isPartOf":{"@id":"https:\/\/www.link2fleet.com\/fr\/le-gouvernement-reduit-les-accises-sur-lessence-et-le-diesel-de-175-cents-par-litre\/"},"author":{"name":"Michel Willems - Mobilitas","@id":"https:\/\/www.link2fleet.com\/fr\/#\/schema\/person\/bd29f6a2c2427e85a70d3acf17303486"},"headline":"Le gouvernement r\u00e9duit les accises sur l&rsquo;essence et le diesel de 17,5 cents par litre","datePublished":"2022-03-15T08:30:54+00:00","mainEntityOfPage":{"@id":"https:\/\/www.link2fleet.com\/fr\/le-gouvernement-reduit-les-accises-sur-lessence-et-le-diesel-de-175-cents-par-litre\/"},"wordCount":155,"publisher":{"@id":"https:\/\/www.link2fleet.com\/fr\/#organization"},"image":{"@id":"https:\/\/www.link2fleet.com\/fr\/le-gouvernement-reduit-les-accises-sur-lessence-et-le-diesel-de-175-cents-par-litre\/#primaryimage"},"thumbnailUrl":"https:\/\/static.link2fleet.com\/wp-content\/uploads\/2024\/03\/essence-diesel.jpg","articleSection":["Gestion de flotte","Tax &amp; legal"],"inLanguage":"fr-FR"},{"@type":"WebPage","@id":"https:\/\/www.link2fleet.com\/fr\/le-gouvernement-reduit-les-accises-sur-lessence-et-le-diesel-de-175-cents-par-litre\/","url":"https:\/\/www.link2fleet.com\/fr\/le-gouvernement-reduit-les-accises-sur-lessence-et-le-diesel-de-175-cents-par-litre\/","name":"Le gouvernement r\u00e9duit les accises sur l'essence et le diesel de 17,5 cents par litre - link2fleet","isPartOf":{"@id":"https:\/\/www.link2fleet.com\/fr\/#website"},"primaryImageOfPage":{"@id":"https:\/\/www.link2fleet.com\/fr\/le-gouvernement-reduit-les-accises-sur-lessence-et-le-diesel-de-175-cents-par-litre\/#primaryimage"},"image":{"@id":"https:\/\/www.link2fleet.com\/fr\/le-gouvernement-reduit-les-accises-sur-lessence-et-le-diesel-de-175-cents-par-litre\/#primaryimage"},"thumbnailUrl":"https:\/\/static.link2fleet.com\/wp-content\/uploads\/2024\/03\/essence-diesel.jpg","datePublished":"2022-03-15T08:30:54+00:00","breadcrumb":{"@id":"https:\/\/www.link2fleet.com\/fr\/le-gouvernement-reduit-les-accises-sur-lessence-et-le-diesel-de-175-cents-par-litre\/#breadcrumb"},"inLanguage":"fr-FR","potentialAction":[{"@type":"ReadAction","target":["https:\/\/www.link2fleet.com\/fr\/le-gouvernement-reduit-les-accises-sur-lessence-et-le-diesel-de-175-cents-par-litre\/"]}]},{"@type":"ImageObject","inLanguage":"fr-FR","@id":"https:\/\/www.link2fleet.com\/fr\/le-gouvernement-reduit-les-accises-sur-lessence-et-le-diesel-de-175-cents-par-litre\/#primaryimage","url":"https:\/\/static.link2fleet.com\/wp-content\/uploads\/2024\/03\/essence-diesel.jpg","contentUrl":"https:\/\/static.link2fleet.com\/wp-content\/uploads\/2024\/03\/essence-diesel.jpg","width":800,"height":533},{"@type":"BreadcrumbList","@id":"https:\/\/www.link2fleet.com\/fr\/le-gouvernement-reduit-les-accises-sur-lessence-et-le-diesel-de-175-cents-par-litre\/#breadcrumb","itemListElement":[{"@type":"ListItem","position":1,"name":"Home","item":"https:\/\/www.link2fleet.com\/fr\/"},{"@type":"ListItem","position":2,"name":"Le gouvernement r\u00e9duit les accises sur l&#8217;essence et le diesel de 17,5 cents par litre"}]},{"@type":"WebSite","@id":"https:\/\/www.link2fleet.com\/fr\/#website","url":"https:\/\/www.link2fleet.com\/fr\/","name":"Link2fleet","description":"","publisher":{"@id":"https:\/\/www.link2fleet.com\/fr\/#organization"},"potentialAction":[{"@type":"SearchAction","target":{"@type":"EntryPoint","urlTemplate":"https:\/\/www.link2fleet.com\/fr\/?s={search_term_string}"},"query-input":{"@type":"PropertyValueSpecification","valueRequired":true,"valueName":"search_term_string"}}],"inLanguage":"fr-FR"},{"@type":"Organization","@id":"https:\/\/www.link2fleet.com\/fr\/#organization","name":"Link2fleet","url":"https:\/\/www.link2fleet.com\/fr\/","logo":{"@type":"ImageObject","inLanguage":"fr-FR","@id":"https:\/\/www.link2fleet.com\/fr\/#\/schema\/logo\/image\/","url":"https:\/\/static.link2fleet.com\/wp-content\/uploads\/2024\/03\/share-image.jpg","contentUrl":"https:\/\/static.link2fleet.com\/wp-content\/uploads\/2024\/03\/share-image.jpg","width":1200,"height":630,"caption":"Link2fleet"},"image":{"@id":"https:\/\/www.link2fleet.com\/fr\/#\/schema\/logo\/image\/"},"sameAs":["https:\/\/www.linkedin.com\/company\/link2fleet-belgium","https:\/\/www.youtube.com\/user\/MMMBMBE"]},{"@type":"Person","@id":"https:\/\/www.link2fleet.com\/fr\/#\/schema\/person\/bd29f6a2c2427e85a70d3acf17303486","name":"Michel Willems - Mobilitas","image":{"@type":"ImageObject","inLanguage":"fr-FR","@id":"https:\/\/secure.gravatar.com\/avatar\/c937de514893d5b69b3b52ee88664fd4879b786925b6742dc7891d347f167414?s=96&d=mm&r=g","url":"https:\/\/secure.gravatar.com\/avatar\/c937de514893d5b69b3b52ee88664fd4879b786925b6742dc7891d347f167414?s=96&d=mm&r=g","contentUrl":"https:\/\/secure.gravatar.com\/avatar\/c937de514893d5b69b3b52ee88664fd4879b786925b6742dc7891d347f167414?s=96&d=mm&r=g","caption":"Michel Willems - Mobilitas"}}]}},"_links":{"self":[{"href":"https:\/\/www.link2fleet.com\/fr\/wp-json\/wp\/v2\/posts\/5802","targetHints":{"allow":["GET"]}}],"collection":[{"href":"https:\/\/www.link2fleet.com\/fr\/wp-json\/wp\/v2\/posts"}],"about":[{"href":"https:\/\/www.link2fleet.com\/fr\/wp-json\/wp\/v2\/types\/post"}],"author":[{"embeddable":true,"href":"https:\/\/www.link2fleet.com\/fr\/wp-json\/wp\/v2\/users\/11"}],"replies":[{"embeddable":true,"href":"https:\/\/www.link2fleet.com\/fr\/wp-json\/wp\/v2\/comments?post=5802"}],"version-history":[{"count":0,"href":"https:\/\/www.link2fleet.com\/fr\/wp-json\/wp\/v2\/posts\/5802\/revisions"}],"wp:featuredmedia":[{"embeddable":true,"href":"https:\/\/www.link2fleet.com\/fr\/wp-json\/wp\/v2\/media\/2756"}],"wp:attachment":[{"href":"https:\/\/www.link2fleet.com\/fr\/wp-json\/wp\/v2\/media?parent=5802"}],"wp:term":[{"taxonomy":"category","embeddable":true,"href":"https:\/\/www.link2fleet.com\/fr\/wp-json\/wp\/v2\/categories?post=5802"},{"taxonomy":"post_tag","embeddable":true,"href":"https:\/\/www.link2fleet.com\/fr\/wp-json\/wp\/v2\/tags?post=5802"}],"curies":[{"name":"wp","href":"https:\/\/api.w.org\/{rel}","templated":true}]}}