{"id":5852,"date":"2022-03-17T11:24:04","date_gmt":"2022-03-17T10:24:04","guid":{"rendered":"https:\/\/www.link2fleet.com\/alphabet-international-annonce-sa-forte-croissance-dans-le-secteur-de-lemobilite-en-2021\/"},"modified":"2022-03-17T11:24:04","modified_gmt":"2022-03-17T10:24:04","slug":"alphabet-international-annonce-sa-forte-croissance-dans-le-secteur-de-lemobilite-en-2021","status":"publish","type":"post","link":"https:\/\/www.link2fleet.com\/fr\/alphabet-international-annonce-sa-forte-croissance-dans-le-secteur-de-lemobilite-en-2021\/","title":{"rendered":"Alphabet International annonce sa forte croissance dans le secteur de l&rsquo;eMobilit\u00e9 en 2021"},"content":{"rendered":"<p>Cette ann\u00e9e, Alphabet International f\u00eate ses 25 ans : Ce qui a commenc\u00e9 en 1997 au Royaume-Uni avec la cr\u00e9ation d&rsquo;Alphabet en tant que filiale de gestion de flotte du groupe BMW est devenu aujourd&rsquo;hui un fournisseur de mobilit\u00e9 moderne, innovant et durable. Son portefeuille s&rsquo;est d\u00e9velopp\u00e9 rapidement au fil des ann\u00e9es : Alors qu&rsquo;en 2005, l&rsquo;entreprise comptait environ 100 000 v\u00e9hicules en circulation pour ses clients, il se stabilise aujourd&rsquo;hui \u00e0 environ 700 000.<\/p>\n<p>&nbsp;<\/p>\n<p><strong>La durabilit\u00e9 ouvre la voie<\/strong><\/p>\n<p>Les chiffres de l&rsquo;activit\u00e9 actuelle d&rsquo;Alphabet International indiquent que l\u2019attention port\u00e9e aux flottes durables et alternatives a continu\u00e9 d\u2019augmenter en 2021 : Le portefeuille BEV<sup>1*<\/sup>\/PHEV<sup>2*<\/sup> s&rsquo;est encore \u00e9largi pour atteindre 46 000 v\u00e9hicules. \u00ab\u00a0La durabilit\u00e9 est notre valeur principale pour l&rsquo;avenir\u00a0\u00bb, d\u00e9clare Markus Deusing, PDG d&rsquo;Alphabet International. \u00ab\u00a0Le business a augment\u00e9 d&rsquo;environ 77 % au total par rapport \u00e0 l&rsquo;ann\u00e9e pr\u00e9c\u00e9dente, atteignant un pic dans le domaine des xEV. Cette ann\u00e9e, Alphabet International vise \u00e0 augmenter encore la part des v\u00e9hicules \u00e9lectrifi\u00e9s dans ses nouvelles affaires pour atteindre 30 %. Nous poursuivrons notre mission qui vise \u00e0 sensibiliser et \u00e0 cr\u00e9er de la demande pour des options de flotte durables et plus vertes, car c\u2019est particuli\u00e8rement important afin d\u2019atteindre les objectifs climatiques.\u00a0\u00bb<\/p>\n<p>Alphabet \u00e9lectrifie d\u00e9j\u00e0 des flottes avec AlphaElectric depuis 2013 et continuera \u00e0 fournir aux clients des conseils complets et d\u00e9taill\u00e9s en mati\u00e8re de nouvelle durabilit\u00e9.<\/p>\n<p><sup>1*<\/sup> <sup>Battery Electric Vehicle \/ 2*Plug-in Hybrid\u00a0 Electric Vehicle<\/sup><\/p>\n<p>&nbsp;<\/p>\n<p><strong>Les solutions num\u00e9riques jouent un r\u00f4le crucial <\/strong><\/p>\n<p>Alphabet a reconnu tr\u00e8s t\u00f4t le potentiel de la num\u00e9risation et son r\u00f4le crucial dans la durabilit\u00e9 et a \u00e9t\u00e9 le premier fournisseur de leasing \u00e0 lancer une application pour ses conducteurs, l&rsquo;AlphaGuide, en 2010. L&rsquo;avenir des flottes sera d\u00e9termin\u00e9 par les solutions num\u00e9riques qui rendent la vie des clients beaucoup plus facile et plus pratique. Cela s&rsquo;accompagne d&rsquo;une importante flexibilisation des solutions, qui guident le client \u00e0 travers une complexit\u00e9 toujours plus grande.<\/p>\n<p>&nbsp;<\/p>\n<p><strong>Your mobility. Made easy.<\/strong><\/p>\n<p>L&rsquo;ann\u00e9e derni\u00e8re, Alphabet a marqu\u00e9 une autre \u00e9tape importante en d\u00e9voilant sa nouvelle image de marque et ses priorit\u00e9s. Avec la nouvelle identit\u00e9 visuelle, Alphabet refl\u00e8te son engagement accru en faveur de la durabilit\u00e9 et sa compr\u00e9hension profonde de l&rsquo;orientation client, qui se traduit par la nouvelle promesse de la marque : Your mobility. Made easy.<\/p>\n<p>Pour tenir sa promesse, Alphabet d\u00e9veloppera davantage les produits et services num\u00e9riques en 2022 avec le lancement d&rsquo;un tout nouveau portail libre-service pour simplifier la vie de ses clients en offrant un point d&rsquo;entr\u00e9e num\u00e9rique unique aux d\u00e9cideurs de la flotte pour ses produits et services, ainsi qu&rsquo;une mise \u00e0 jour compl\u00e8te de l&rsquo;application AlphaGuide. Ce n&rsquo;est qu&rsquo;un petit aper\u00e7u des nombreuses innovations \u00e0 venir. L&rsquo;avenir de la mobilit\u00e9 est \u00e9conomiquement et \u00e9cologiquement durable, num\u00e9rique et flexible. Avec Alphabet comme partenaire fiable et innovant, les entreprises poursuivent leur route vers une mobilit\u00e9 durable et tourn\u00e9e vers l&rsquo;avenir.<\/p>\n<p><a href=\"https:\/\/www.link2fleet.com\/wp-content\/uploads\/2022\/03\/220317_Alphabet_Timeline_Milestones.png\"><img loading=\"lazy\" decoding=\"async\" class=\"aligncenter size-large wp-image-1278260\" src=\"https:\/\/www.link2fleet.com\/wp-content\/uploads\/2022\/03\/220317_Alphabet_Timeline_Milestones-1024x640.png\" alt=\"\" width=\"640\" height=\"400\" \/><\/a><\/p>\n","protected":false},"excerpt":{"rendered":"<p>Cette ann\u00e9e, Alphabet International f\u00eate ses 25 ans : Ce qui a commenc\u00e9 en 1997 au Royaume-Uni avec la cr\u00e9ation d&rsquo;Alphabet en tant que filiale de gestion de flotte du groupe BMW est devenu aujourd&rsquo;hui un fournisseur de mobilit\u00e9 moderne, innovant et durable. Son portefeuille s&rsquo;est d\u00e9velopp\u00e9 rapidement au fil des ann\u00e9es : Alors qu&rsquo;en [&hellip;]<\/p>\n","protected":false},"author":4,"featured_media":5853,"comment_status":"closed","ping_status":"closed","sticky":false,"template":"","format":"standard","meta":{"_acf_changed":false,"footnotes":""},"categories":[91,79],"tags":[],"class_list":["post-5852","post","type-post","status-publish","format-standard","has-post-thumbnail","hentry","category-expertise-et-management","category-societes-de-leasing"],"acf":[],"yoast_head":"<!-- This site is optimized with the Yoast SEO plugin v27.3 - https:\/\/yoast.com\/product\/yoast-seo-wordpress\/ -->\n<title>Alphabet International annonce sa forte croissance dans le secteur de l&#039;eMobilit\u00e9 en 2021 - link2fleet<\/title>\n<meta name=\"description\" content=\"Alphabet International fait le bilan d&rsquo;une ann\u00e9e commerciale 2021 r\u00e9ussie : Malgr\u00e9 les difficult\u00e9s dues \u00e0 la pand\u00e9mie et \u00e0 la crise des semi-conducteurs, le\u2026\" \/>\n<meta name=\"robots\" content=\"index, follow, max-snippet:-1, max-image-preview:large, max-video-preview:-1\" \/>\n<meta property=\"og:locale\" content=\"fr_FR\" \/>\n<meta property=\"og:type\" content=\"article\" \/>\n<meta property=\"og:title\" content=\"Alphabet International annonce sa forte croissance dans le secteur de l&#039;eMobilit\u00e9 en 2021 - link2fleet\" \/>\n<meta property=\"og:description\" content=\"Alphabet International fait le bilan d&rsquo;une ann\u00e9e commerciale 2021 r\u00e9ussie : Malgr\u00e9 les difficult\u00e9s dues \u00e0 la pand\u00e9mie et \u00e0 la crise des semi-conducteurs, le\u2026\" \/>\n<meta property=\"og:url\" content=\"https:\/\/www.link2fleet.com\/fr\/alphabet-international-annonce-sa-forte-croissance-dans-le-secteur-de-lemobilite-en-2021\/\" \/>\n<meta property=\"og:site_name\" content=\"link2fleet\" \/>\n<meta property=\"article:published_time\" content=\"2022-03-17T10:24:04+00:00\" \/>\n<meta property=\"og:image\" content=\"https:\/\/static.link2fleet.com\/wp-content\/uploads\/2024\/03\/alphabet-25-ans.png\" \/>\n\t<meta property=\"og:image:width\" content=\"1110\" \/>\n\t<meta property=\"og:image:height\" content=\"676\" \/>\n\t<meta property=\"og:image:type\" content=\"image\/png\" \/>\n<meta name=\"author\" content=\"Damien Malvetti\" \/>\n<meta name=\"twitter:card\" content=\"summary_large_image\" \/>\n<meta name=\"twitter:description\" content=\"Alphabet International fait le bilan d&rsquo;une ann\u00e9e commerciale 2021 r\u00e9ussie : Malgr\u00e9 les difficult\u00e9s dues \u00e0 la pand\u00e9mie et \u00e0 la crise des semi-conducteurs, le\u2026\" \/>\n<meta name=\"twitter:label1\" content=\"\u00c9crit par\" \/>\n\t<meta name=\"twitter:data1\" content=\"Damien Malvetti\" \/>\n\t<meta name=\"twitter:label2\" content=\"Dur\u00e9e de lecture estim\u00e9e\" \/>\n\t<meta name=\"twitter:data2\" content=\"2 minutes\" \/>\n<script type=\"application\/ld+json\" class=\"yoast-schema-graph\">{\"@context\":\"https:\\\/\\\/schema.org\",\"@graph\":[{\"@type\":\"Article\",\"@id\":\"https:\\\/\\\/www.link2fleet.com\\\/fr\\\/alphabet-international-annonce-sa-forte-croissance-dans-le-secteur-de-lemobilite-en-2021\\\/#article\",\"isPartOf\":{\"@id\":\"https:\\\/\\\/www.link2fleet.com\\\/fr\\\/alphabet-international-annonce-sa-forte-croissance-dans-le-secteur-de-lemobilite-en-2021\\\/\"},\"author\":{\"name\":\"Damien Malvetti\",\"@id\":\"https:\\\/\\\/www.link2fleet.com\\\/fr\\\/#\\\/schema\\\/person\\\/027cd46113c78036b3809c9a054049da\"},\"headline\":\"Alphabet International annonce sa forte croissance dans le secteur de l&rsquo;eMobilit\u00e9 en 2021\",\"datePublished\":\"2022-03-17T10:24:04+00:00\",\"mainEntityOfPage\":{\"@id\":\"https:\\\/\\\/www.link2fleet.com\\\/fr\\\/alphabet-international-annonce-sa-forte-croissance-dans-le-secteur-de-lemobilite-en-2021\\\/\"},\"wordCount\":533,\"publisher\":{\"@id\":\"https:\\\/\\\/www.link2fleet.com\\\/fr\\\/#organization\"},\"image\":{\"@id\":\"https:\\\/\\\/www.link2fleet.com\\\/fr\\\/alphabet-international-annonce-sa-forte-croissance-dans-le-secteur-de-lemobilite-en-2021\\\/#primaryimage\"},\"thumbnailUrl\":\"https:\\\/\\\/static.link2fleet.com\\\/wp-content\\\/uploads\\\/2024\\\/03\\\/alphabet-25-ans.png\",\"articleSection\":[\"Gestion de flotte\",\"Location long-terme\"],\"inLanguage\":\"fr-FR\"},{\"@type\":\"WebPage\",\"@id\":\"https:\\\/\\\/www.link2fleet.com\\\/fr\\\/alphabet-international-annonce-sa-forte-croissance-dans-le-secteur-de-lemobilite-en-2021\\\/\",\"url\":\"https:\\\/\\\/www.link2fleet.com\\\/fr\\\/alphabet-international-annonce-sa-forte-croissance-dans-le-secteur-de-lemobilite-en-2021\\\/\",\"name\":\"Alphabet International annonce sa forte croissance dans le secteur de l'eMobilit\u00e9 en 2021 - link2fleet\",\"isPartOf\":{\"@id\":\"https:\\\/\\\/www.link2fleet.com\\\/fr\\\/#website\"},\"primaryImageOfPage\":{\"@id\":\"https:\\\/\\\/www.link2fleet.com\\\/fr\\\/alphabet-international-annonce-sa-forte-croissance-dans-le-secteur-de-lemobilite-en-2021\\\/#primaryimage\"},\"image\":{\"@id\":\"https:\\\/\\\/www.link2fleet.com\\\/fr\\\/alphabet-international-annonce-sa-forte-croissance-dans-le-secteur-de-lemobilite-en-2021\\\/#primaryimage\"},\"thumbnailUrl\":\"https:\\\/\\\/static.link2fleet.com\\\/wp-content\\\/uploads\\\/2024\\\/03\\\/alphabet-25-ans.png\",\"datePublished\":\"2022-03-17T10:24:04+00:00\",\"breadcrumb\":{\"@id\":\"https:\\\/\\\/www.link2fleet.com\\\/fr\\\/alphabet-international-annonce-sa-forte-croissance-dans-le-secteur-de-lemobilite-en-2021\\\/#breadcrumb\"},\"inLanguage\":\"fr-FR\",\"potentialAction\":[{\"@type\":\"ReadAction\",\"target\":[\"https:\\\/\\\/www.link2fleet.com\\\/fr\\\/alphabet-international-annonce-sa-forte-croissance-dans-le-secteur-de-lemobilite-en-2021\\\/\"]}]},{\"@type\":\"ImageObject\",\"inLanguage\":\"fr-FR\",\"@id\":\"https:\\\/\\\/www.link2fleet.com\\\/fr\\\/alphabet-international-annonce-sa-forte-croissance-dans-le-secteur-de-lemobilite-en-2021\\\/#primaryimage\",\"url\":\"https:\\\/\\\/static.link2fleet.com\\\/wp-content\\\/uploads\\\/2024\\\/03\\\/alphabet-25-ans.png\",\"contentUrl\":\"https:\\\/\\\/static.link2fleet.com\\\/wp-content\\\/uploads\\\/2024\\\/03\\\/alphabet-25-ans.png\",\"width\":1110,\"height\":676,\"caption\":\"|||\"},{\"@type\":\"BreadcrumbList\",\"@id\":\"https:\\\/\\\/www.link2fleet.com\\\/fr\\\/alphabet-international-annonce-sa-forte-croissance-dans-le-secteur-de-lemobilite-en-2021\\\/#breadcrumb\",\"itemListElement\":[{\"@type\":\"ListItem\",\"position\":1,\"name\":\"Home\",\"item\":\"https:\\\/\\\/www.link2fleet.com\\\/fr\\\/\"},{\"@type\":\"ListItem\",\"position\":2,\"name\":\"Alphabet International annonce sa forte croissance dans le secteur de l&#8217;eMobilit\u00e9 en 2021\"}]},{\"@type\":\"WebSite\",\"@id\":\"https:\\\/\\\/www.link2fleet.com\\\/fr\\\/#website\",\"url\":\"https:\\\/\\\/www.link2fleet.com\\\/fr\\\/\",\"name\":\"Link2fleet\",\"description\":\"\",\"publisher\":{\"@id\":\"https:\\\/\\\/www.link2fleet.com\\\/fr\\\/#organization\"},\"potentialAction\":[{\"@type\":\"SearchAction\",\"target\":{\"@type\":\"EntryPoint\",\"urlTemplate\":\"https:\\\/\\\/www.link2fleet.com\\\/fr\\\/?s={search_term_string}\"},\"query-input\":{\"@type\":\"PropertyValueSpecification\",\"valueRequired\":true,\"valueName\":\"search_term_string\"}}],\"inLanguage\":\"fr-FR\"},{\"@type\":\"Organization\",\"@id\":\"https:\\\/\\\/www.link2fleet.com\\\/fr\\\/#organization\",\"name\":\"Link2fleet\",\"url\":\"https:\\\/\\\/www.link2fleet.com\\\/fr\\\/\",\"logo\":{\"@type\":\"ImageObject\",\"inLanguage\":\"fr-FR\",\"@id\":\"https:\\\/\\\/www.link2fleet.com\\\/fr\\\/#\\\/schema\\\/logo\\\/image\\\/\",\"url\":\"https:\\\/\\\/static.link2fleet.com\\\/wp-content\\\/uploads\\\/2024\\\/03\\\/share-image.jpg\",\"contentUrl\":\"https:\\\/\\\/static.link2fleet.com\\\/wp-content\\\/uploads\\\/2024\\\/03\\\/share-image.jpg\",\"width\":1200,\"height\":630,\"caption\":\"Link2fleet\"},\"image\":{\"@id\":\"https:\\\/\\\/www.link2fleet.com\\\/fr\\\/#\\\/schema\\\/logo\\\/image\\\/\"},\"sameAs\":[\"https:\\\/\\\/www.linkedin.com\\\/company\\\/link2fleet-belgium\",\"https:\\\/\\\/www.youtube.com\\\/user\\\/MMMBMBE\"]},{\"@type\":\"Person\",\"@id\":\"https:\\\/\\\/www.link2fleet.com\\\/fr\\\/#\\\/schema\\\/person\\\/027cd46113c78036b3809c9a054049da\",\"name\":\"Damien Malvetti\",\"image\":{\"@type\":\"ImageObject\",\"inLanguage\":\"fr-FR\",\"@id\":\"https:\\\/\\\/secure.gravatar.com\\\/avatar\\\/dd8cc03b49466c735f753ac37f8caa371af16dfed347456ed61f02883255eebb?s=96&d=mm&r=g\",\"url\":\"https:\\\/\\\/secure.gravatar.com\\\/avatar\\\/dd8cc03b49466c735f753ac37f8caa371af16dfed347456ed61f02883255eebb?s=96&d=mm&r=g\",\"contentUrl\":\"https:\\\/\\\/secure.gravatar.com\\\/avatar\\\/dd8cc03b49466c735f753ac37f8caa371af16dfed347456ed61f02883255eebb?s=96&d=mm&r=g\",\"caption\":\"Damien Malvetti\"},\"description\":\"Damien Malvetti is opgeleid als journalist en gepassioneerd door wagens, technologie en mobiliteit. Hij is verantwoordelijk voor de redactionele inhoud van link2fleet en beschikt over een uitgebreide kennis van de fleet-sector en elektrische mobiliteit.\",\"sameAs\":[\"https:\\\/\\\/www.linkedin.com\\\/in\\\/damien-malvetti-56601142\\\/\"]}]}<\/script>\n<!-- \/ Yoast SEO plugin. -->","yoast_head_json":{"title":"Alphabet International annonce sa forte croissance dans le secteur de l'eMobilit\u00e9 en 2021 - link2fleet","description":"Alphabet International fait le bilan d&rsquo;une ann\u00e9e commerciale 2021 r\u00e9ussie : Malgr\u00e9 les difficult\u00e9s dues \u00e0 la pand\u00e9mie et \u00e0 la crise des semi-conducteurs, le\u2026","robots":{"index":"index","follow":"follow","max-snippet":"max-snippet:-1","max-image-preview":"max-image-preview:large","max-video-preview":"max-video-preview:-1"},"og_locale":"fr_FR","og_type":"article","og_title":"Alphabet International annonce sa forte croissance dans le secteur de l'eMobilit\u00e9 en 2021 - link2fleet","og_description":"Alphabet International fait le bilan d&rsquo;une ann\u00e9e commerciale 2021 r\u00e9ussie : Malgr\u00e9 les difficult\u00e9s dues \u00e0 la pand\u00e9mie et \u00e0 la crise des semi-conducteurs, le\u2026","og_url":"https:\/\/www.link2fleet.com\/fr\/alphabet-international-annonce-sa-forte-croissance-dans-le-secteur-de-lemobilite-en-2021\/","og_site_name":"link2fleet","article_published_time":"2022-03-17T10:24:04+00:00","og_image":[{"width":1110,"height":676,"url":"https:\/\/static.link2fleet.com\/wp-content\/uploads\/2024\/03\/alphabet-25-ans.png","type":"image\/png"}],"author":"Damien Malvetti","twitter_card":"summary_large_image","twitter_description":"Alphabet International fait le bilan d&rsquo;une ann\u00e9e commerciale 2021 r\u00e9ussie : Malgr\u00e9 les difficult\u00e9s dues \u00e0 la pand\u00e9mie et \u00e0 la crise des semi-conducteurs, le\u2026","twitter_misc":{"\u00c9crit par":"Damien Malvetti","Dur\u00e9e de lecture estim\u00e9e":"2 minutes"},"schema":{"@context":"https:\/\/schema.org","@graph":[{"@type":"Article","@id":"https:\/\/www.link2fleet.com\/fr\/alphabet-international-annonce-sa-forte-croissance-dans-le-secteur-de-lemobilite-en-2021\/#article","isPartOf":{"@id":"https:\/\/www.link2fleet.com\/fr\/alphabet-international-annonce-sa-forte-croissance-dans-le-secteur-de-lemobilite-en-2021\/"},"author":{"name":"Damien Malvetti","@id":"https:\/\/www.link2fleet.com\/fr\/#\/schema\/person\/027cd46113c78036b3809c9a054049da"},"headline":"Alphabet International annonce sa forte croissance dans le secteur de l&rsquo;eMobilit\u00e9 en 2021","datePublished":"2022-03-17T10:24:04+00:00","mainEntityOfPage":{"@id":"https:\/\/www.link2fleet.com\/fr\/alphabet-international-annonce-sa-forte-croissance-dans-le-secteur-de-lemobilite-en-2021\/"},"wordCount":533,"publisher":{"@id":"https:\/\/www.link2fleet.com\/fr\/#organization"},"image":{"@id":"https:\/\/www.link2fleet.com\/fr\/alphabet-international-annonce-sa-forte-croissance-dans-le-secteur-de-lemobilite-en-2021\/#primaryimage"},"thumbnailUrl":"https:\/\/static.link2fleet.com\/wp-content\/uploads\/2024\/03\/alphabet-25-ans.png","articleSection":["Gestion de flotte","Location long-terme"],"inLanguage":"fr-FR"},{"@type":"WebPage","@id":"https:\/\/www.link2fleet.com\/fr\/alphabet-international-annonce-sa-forte-croissance-dans-le-secteur-de-lemobilite-en-2021\/","url":"https:\/\/www.link2fleet.com\/fr\/alphabet-international-annonce-sa-forte-croissance-dans-le-secteur-de-lemobilite-en-2021\/","name":"Alphabet International annonce sa forte croissance dans le secteur de l'eMobilit\u00e9 en 2021 - link2fleet","isPartOf":{"@id":"https:\/\/www.link2fleet.com\/fr\/#website"},"primaryImageOfPage":{"@id":"https:\/\/www.link2fleet.com\/fr\/alphabet-international-annonce-sa-forte-croissance-dans-le-secteur-de-lemobilite-en-2021\/#primaryimage"},"image":{"@id":"https:\/\/www.link2fleet.com\/fr\/alphabet-international-annonce-sa-forte-croissance-dans-le-secteur-de-lemobilite-en-2021\/#primaryimage"},"thumbnailUrl":"https:\/\/static.link2fleet.com\/wp-content\/uploads\/2024\/03\/alphabet-25-ans.png","datePublished":"2022-03-17T10:24:04+00:00","breadcrumb":{"@id":"https:\/\/www.link2fleet.com\/fr\/alphabet-international-annonce-sa-forte-croissance-dans-le-secteur-de-lemobilite-en-2021\/#breadcrumb"},"inLanguage":"fr-FR","potentialAction":[{"@type":"ReadAction","target":["https:\/\/www.link2fleet.com\/fr\/alphabet-international-annonce-sa-forte-croissance-dans-le-secteur-de-lemobilite-en-2021\/"]}]},{"@type":"ImageObject","inLanguage":"fr-FR","@id":"https:\/\/www.link2fleet.com\/fr\/alphabet-international-annonce-sa-forte-croissance-dans-le-secteur-de-lemobilite-en-2021\/#primaryimage","url":"https:\/\/static.link2fleet.com\/wp-content\/uploads\/2024\/03\/alphabet-25-ans.png","contentUrl":"https:\/\/static.link2fleet.com\/wp-content\/uploads\/2024\/03\/alphabet-25-ans.png","width":1110,"height":676,"caption":"|||"},{"@type":"BreadcrumbList","@id":"https:\/\/www.link2fleet.com\/fr\/alphabet-international-annonce-sa-forte-croissance-dans-le-secteur-de-lemobilite-en-2021\/#breadcrumb","itemListElement":[{"@type":"ListItem","position":1,"name":"Home","item":"https:\/\/www.link2fleet.com\/fr\/"},{"@type":"ListItem","position":2,"name":"Alphabet International annonce sa forte croissance dans le secteur de l&#8217;eMobilit\u00e9 en 2021"}]},{"@type":"WebSite","@id":"https:\/\/www.link2fleet.com\/fr\/#website","url":"https:\/\/www.link2fleet.com\/fr\/","name":"Link2fleet","description":"","publisher":{"@id":"https:\/\/www.link2fleet.com\/fr\/#organization"},"potentialAction":[{"@type":"SearchAction","target":{"@type":"EntryPoint","urlTemplate":"https:\/\/www.link2fleet.com\/fr\/?s={search_term_string}"},"query-input":{"@type":"PropertyValueSpecification","valueRequired":true,"valueName":"search_term_string"}}],"inLanguage":"fr-FR"},{"@type":"Organization","@id":"https:\/\/www.link2fleet.com\/fr\/#organization","name":"Link2fleet","url":"https:\/\/www.link2fleet.com\/fr\/","logo":{"@type":"ImageObject","inLanguage":"fr-FR","@id":"https:\/\/www.link2fleet.com\/fr\/#\/schema\/logo\/image\/","url":"https:\/\/static.link2fleet.com\/wp-content\/uploads\/2024\/03\/share-image.jpg","contentUrl":"https:\/\/static.link2fleet.com\/wp-content\/uploads\/2024\/03\/share-image.jpg","width":1200,"height":630,"caption":"Link2fleet"},"image":{"@id":"https:\/\/www.link2fleet.com\/fr\/#\/schema\/logo\/image\/"},"sameAs":["https:\/\/www.linkedin.com\/company\/link2fleet-belgium","https:\/\/www.youtube.com\/user\/MMMBMBE"]},{"@type":"Person","@id":"https:\/\/www.link2fleet.com\/fr\/#\/schema\/person\/027cd46113c78036b3809c9a054049da","name":"Damien Malvetti","image":{"@type":"ImageObject","inLanguage":"fr-FR","@id":"https:\/\/secure.gravatar.com\/avatar\/dd8cc03b49466c735f753ac37f8caa371af16dfed347456ed61f02883255eebb?s=96&d=mm&r=g","url":"https:\/\/secure.gravatar.com\/avatar\/dd8cc03b49466c735f753ac37f8caa371af16dfed347456ed61f02883255eebb?s=96&d=mm&r=g","contentUrl":"https:\/\/secure.gravatar.com\/avatar\/dd8cc03b49466c735f753ac37f8caa371af16dfed347456ed61f02883255eebb?s=96&d=mm&r=g","caption":"Damien Malvetti"},"description":"Damien Malvetti is opgeleid als journalist en gepassioneerd door wagens, technologie en mobiliteit. Hij is verantwoordelijk voor de redactionele inhoud van link2fleet en beschikt over een uitgebreide kennis van de fleet-sector en elektrische mobiliteit.","sameAs":["https:\/\/www.linkedin.com\/in\/damien-malvetti-56601142\/"]}]}},"_links":{"self":[{"href":"https:\/\/www.link2fleet.com\/fr\/wp-json\/wp\/v2\/posts\/5852","targetHints":{"allow":["GET"]}}],"collection":[{"href":"https:\/\/www.link2fleet.com\/fr\/wp-json\/wp\/v2\/posts"}],"about":[{"href":"https:\/\/www.link2fleet.com\/fr\/wp-json\/wp\/v2\/types\/post"}],"author":[{"embeddable":true,"href":"https:\/\/www.link2fleet.com\/fr\/wp-json\/wp\/v2\/users\/4"}],"replies":[{"embeddable":true,"href":"https:\/\/www.link2fleet.com\/fr\/wp-json\/wp\/v2\/comments?post=5852"}],"version-history":[{"count":0,"href":"https:\/\/www.link2fleet.com\/fr\/wp-json\/wp\/v2\/posts\/5852\/revisions"}],"wp:featuredmedia":[{"embeddable":true,"href":"https:\/\/www.link2fleet.com\/fr\/wp-json\/wp\/v2\/media\/5853"}],"wp:attachment":[{"href":"https:\/\/www.link2fleet.com\/fr\/wp-json\/wp\/v2\/media?parent=5852"}],"wp:term":[{"taxonomy":"category","embeddable":true,"href":"https:\/\/www.link2fleet.com\/fr\/wp-json\/wp\/v2\/categories?post=5852"},{"taxonomy":"post_tag","embeddable":true,"href":"https:\/\/www.link2fleet.com\/fr\/wp-json\/wp\/v2\/tags?post=5852"}],"curies":[{"name":"wp","href":"https:\/\/api.w.org\/{rel}","templated":true}]}}