{"id":5888,"date":"2022-03-22T13:08:06","date_gmt":"2022-03-22T12:08:06","guid":{"rendered":"https:\/\/www.link2fleet.com\/ald-automotive-numerise-la-location-a-court-terme\/"},"modified":"2024-04-17T16:47:38","modified_gmt":"2024-04-17T14:47:38","slug":"ald-automotive-numerise-la-location-a-court-terme","status":"publish","type":"post","link":"https:\/\/www.link2fleet.com\/fr\/ald-automotive-numerise-la-location-a-court-terme\/","title":{"rendered":"ALD Automotive num\u00e9rise la location \u00e0 court terme"},"content":{"rendered":"<p>Les clients professionnels d\u2019ALD Automotive peuvent d\u00e9sormais r<strong>\u00e9server leurs voitures de courte dur\u00e9e en ligne via <\/strong><a title=\"https:\/\/fleet.myald.be\/\" contenteditable=\"false\" href=\"https:\/\/fleet.myald.be\/\"><b>My ALD<\/b><\/a>, la plateforme num\u00e9rique pour les gestionnaires de flotte. \u00c0 cette fin, ils peuvent choisir parmi diff\u00e9rentes cat\u00e9gories*: Mini (Renault Clio), Compact (Renault Megane), Classic (Peugeot 508), Luxury (BMW s\u00e9rie\u00a03), Monospace (Ford Galaxy) et Vans (Citro\u00ebn Berlingo). Le choix d\u2019une cat\u00e9gorie, la d\u00e9termination du lieu et de l\u2019heure de la livraison et la confirmation de la r\u00e9servation prennent moins de 5 minutes. Le client peut ensuite consulter le statut de sa r\u00e9servation, suivre les contrats en cours et m\u00eame planifier la restitution du v\u00e9hicule lorsqu\u2019il n\u2019en a plus besoin.<\/p>\n<p>Les v\u00e9hicules de courte dur\u00e9e <strong>ALD Flex<\/strong> peuvent \u00eatre r\u00e9serv\u00e9s pour des p\u00e9riodes allant d\u2019un jour \u00e0 18 mois et sont livr\u00e9s le <strong>jour ouvrable suivant<\/strong>. Une formule id\u00e9ale pour les entreprises qui cherchent rapidement une voiture pour de nouveaux collaborateurs ou du personnel temporaire.<\/p>\n<p><strong>Moins d\u2019administration<\/strong><br \/>\nCe n\u2019est pas la premi\u00e8re fois qu\u2019ALD joue la <strong>carte du num\u00e9rique<\/strong>. En septembre 2021, la compagnie de leasing est devenue la premi\u00e8re \u00e0 lancer un <a title=\"https:\/\/www.aldautomotive.be\/fr\/mobilite\/blog\/ArticleID\/4783\" contenteditable=\"false\" href=\"https:\/\/www.aldautomotive.be\/fr\/mobilite\/blog\/ArticleID\/4783\">processus de commande enti\u00e8rement num\u00e9rique pour les v\u00e9los<\/a>. <em>\u00ab\u2009La num\u00e9risation joue un r\u00f4le important dans notre secteur. Elle constitue, \u00e0 cet \u00e9gard, un des principaux objectifs d\u2019ALD dans le cadre de la strat\u00e9gie Move\u00a02025\u2009\u00bb<\/em>, affirme Benjamin Daels, Sales &amp; Marketing Director chez ALD Automotive. <em>\u00ab\u2009Cette initiative r\u00e9duira la charge administrative pour nos clients, qui pourront se concentrer sur ce qui importe vraiment, en l\u2019occurrence le d\u00e9ploiement d\u2019une strat\u00e9gie durable et l\u2019accompagnement de leurs travailleurs\u2009\u00bb.<\/em><\/p>\n<p><strong>Une demande croissante de flexibilit\u00e9<\/strong><br \/>\nDepuis le d\u00e9but de la pand\u00e9mie, les entreprises sont de plus en plus \u00e0 la recherche de solutions flexibles. Les chiffres le confirment \u00e9galement\u00a0: le nombre de v\u00e9hicules de courte dur\u00e9e ALD a <strong>augment\u00e9 de 38\u00a0%<\/strong> ces deux derni\u00e8res ann\u00e9es, pour atteindre un total de 2\u2009800 v\u00e9hicules. Cette tendance se poursuit d\u2019ailleurs, maintenant que le d\u00e9lai moyen de livraison d\u2019une nouvelle voiture se situe entre 9 mois et un an.<em> \u00ab\u2009Outre la prolongation des contrats de location existants, les entreprises se tournent de plus en plus vers la location \u00e0 court terme pour combler les longs d\u00e9lais de livraison et limiter les risques\u2009\u00bb,<\/em> conclut Benjamin.<\/p>\n<p><em>*Mod\u00e8les \u00e0 titre illustratif<\/em><\/p>\n","protected":false},"excerpt":{"rendered":"<p>Les clients professionnels d\u2019ALD Automotive peuvent d\u00e9sormais r\u00e9server leurs voitures de courte dur\u00e9e en ligne via My ALD, la plateforme num\u00e9rique pour les gestionnaires de flotte. \u00c0 cette fin, ils peuvent choisir parmi diff\u00e9rentes cat\u00e9gories*: Mini (Renault Clio), Compact (Renault Megane), Classic (Peugeot 508), Luxury (BMW s\u00e9rie\u00a03), Monospace (Ford Galaxy) et Vans (Citro\u00ebn Berlingo). Le [&hellip;]<\/p>\n","protected":false},"author":4,"featured_media":5889,"comment_status":"closed","ping_status":"closed","sticky":false,"template":"","format":"standard","meta":{"_acf_changed":false,"footnotes":""},"categories":[91,80],"tags":[],"class_list":["post-5888","post","type-post","status-publish","format-standard","has-post-thumbnail","hentry","category-expertise-et-management","category-loueurs-courtterme"],"acf":[],"yoast_head":"<!-- This site is optimized with the Yoast SEO plugin v27.3 - https:\/\/yoast.com\/product\/yoast-seo-wordpress\/ -->\n<title>ALD Automotive num\u00e9rise la location \u00e0 court terme - link2fleet<\/title>\n<meta name=\"description\" content=\"Commander une voiture pour une courte dur\u00e9e aupr\u00e8s d\u2019ALD Automotive est d\u00e9sormais possible enti\u00e8rement en ligne. La compagnie de leasing poursuit ainsi sur la voie\u2026\" \/>\n<meta name=\"robots\" content=\"index, follow, max-snippet:-1, max-image-preview:large, max-video-preview:-1\" \/>\n<meta property=\"og:locale\" content=\"fr_FR\" \/>\n<meta property=\"og:type\" content=\"article\" \/>\n<meta property=\"og:title\" content=\"ALD Automotive num\u00e9rise la location \u00e0 court terme - link2fleet\" \/>\n<meta property=\"og:description\" content=\"Commander une voiture pour une courte dur\u00e9e aupr\u00e8s d\u2019ALD Automotive est d\u00e9sormais possible enti\u00e8rement en ligne. La compagnie de leasing poursuit ainsi sur la voie\u2026\" \/>\n<meta property=\"og:url\" content=\"https:\/\/www.link2fleet.com\/fr\/ald-automotive-numerise-la-location-a-court-terme\/\" \/>\n<meta property=\"og:site_name\" content=\"link2fleet\" \/>\n<meta property=\"article:published_time\" content=\"2022-03-22T12:08:06+00:00\" \/>\n<meta property=\"article:modified_time\" content=\"2024-04-17T14:47:38+00:00\" \/>\n<meta property=\"og:image\" content=\"https:\/\/static.link2fleet.com\/wp-content\/uploads\/2024\/03\/myaldreservation-courtedureee.jpg\" \/>\n\t<meta property=\"og:image:width\" content=\"1200\" \/>\n\t<meta property=\"og:image:height\" content=\"628\" \/>\n\t<meta property=\"og:image:type\" content=\"image\/jpeg\" \/>\n<meta name=\"author\" content=\"Damien Malvetti\" \/>\n<meta name=\"twitter:card\" content=\"summary_large_image\" \/>\n<meta name=\"twitter:description\" content=\"Commander une voiture pour une courte dur\u00e9e aupr\u00e8s d\u2019ALD Automotive est d\u00e9sormais possible enti\u00e8rement en ligne. La compagnie de leasing poursuit ainsi sur la voie\u2026\" \/>\n<meta name=\"twitter:label1\" content=\"\u00c9crit par\" \/>\n\t<meta name=\"twitter:data1\" content=\"Damien Malvetti\" \/>\n\t<meta name=\"twitter:label2\" content=\"Dur\u00e9e de lecture estim\u00e9e\" \/>\n\t<meta name=\"twitter:data2\" content=\"2 minutes\" \/>\n<script type=\"application\/ld+json\" class=\"yoast-schema-graph\">{\"@context\":\"https:\\\/\\\/schema.org\",\"@graph\":[{\"@type\":\"Article\",\"@id\":\"https:\\\/\\\/www.link2fleet.com\\\/fr\\\/ald-automotive-numerise-la-location-a-court-terme\\\/#article\",\"isPartOf\":{\"@id\":\"https:\\\/\\\/www.link2fleet.com\\\/fr\\\/ald-automotive-numerise-la-location-a-court-terme\\\/\"},\"author\":{\"name\":\"Damien Malvetti\",\"@id\":\"https:\\\/\\\/www.link2fleet.com\\\/fr\\\/#\\\/schema\\\/person\\\/027cd46113c78036b3809c9a054049da\"},\"headline\":\"ALD Automotive num\u00e9rise la location \u00e0 court terme\",\"datePublished\":\"2022-03-22T12:08:06+00:00\",\"dateModified\":\"2024-04-17T14:47:38+00:00\",\"mainEntityOfPage\":{\"@id\":\"https:\\\/\\\/www.link2fleet.com\\\/fr\\\/ald-automotive-numerise-la-location-a-court-terme\\\/\"},\"wordCount\":419,\"publisher\":{\"@id\":\"https:\\\/\\\/www.link2fleet.com\\\/fr\\\/#organization\"},\"image\":{\"@id\":\"https:\\\/\\\/www.link2fleet.com\\\/fr\\\/ald-automotive-numerise-la-location-a-court-terme\\\/#primaryimage\"},\"thumbnailUrl\":\"https:\\\/\\\/static.link2fleet.com\\\/wp-content\\\/uploads\\\/2024\\\/03\\\/myaldreservation-courtedureee.jpg\",\"articleSection\":[\"Gestion de flotte\",\"Location court-terme\"],\"inLanguage\":\"fr-FR\"},{\"@type\":\"WebPage\",\"@id\":\"https:\\\/\\\/www.link2fleet.com\\\/fr\\\/ald-automotive-numerise-la-location-a-court-terme\\\/\",\"url\":\"https:\\\/\\\/www.link2fleet.com\\\/fr\\\/ald-automotive-numerise-la-location-a-court-terme\\\/\",\"name\":\"ALD Automotive num\u00e9rise la location \u00e0 court terme - link2fleet\",\"isPartOf\":{\"@id\":\"https:\\\/\\\/www.link2fleet.com\\\/fr\\\/#website\"},\"primaryImageOfPage\":{\"@id\":\"https:\\\/\\\/www.link2fleet.com\\\/fr\\\/ald-automotive-numerise-la-location-a-court-terme\\\/#primaryimage\"},\"image\":{\"@id\":\"https:\\\/\\\/www.link2fleet.com\\\/fr\\\/ald-automotive-numerise-la-location-a-court-terme\\\/#primaryimage\"},\"thumbnailUrl\":\"https:\\\/\\\/static.link2fleet.com\\\/wp-content\\\/uploads\\\/2024\\\/03\\\/myaldreservation-courtedureee.jpg\",\"datePublished\":\"2022-03-22T12:08:06+00:00\",\"dateModified\":\"2024-04-17T14:47:38+00:00\",\"breadcrumb\":{\"@id\":\"https:\\\/\\\/www.link2fleet.com\\\/fr\\\/ald-automotive-numerise-la-location-a-court-terme\\\/#breadcrumb\"},\"inLanguage\":\"fr-FR\",\"potentialAction\":[{\"@type\":\"ReadAction\",\"target\":[\"https:\\\/\\\/www.link2fleet.com\\\/fr\\\/ald-automotive-numerise-la-location-a-court-terme\\\/\"]}]},{\"@type\":\"ImageObject\",\"inLanguage\":\"fr-FR\",\"@id\":\"https:\\\/\\\/www.link2fleet.com\\\/fr\\\/ald-automotive-numerise-la-location-a-court-terme\\\/#primaryimage\",\"url\":\"https:\\\/\\\/static.link2fleet.com\\\/wp-content\\\/uploads\\\/2024\\\/03\\\/myaldreservation-courtedureee.jpg\",\"contentUrl\":\"https:\\\/\\\/static.link2fleet.com\\\/wp-content\\\/uploads\\\/2024\\\/03\\\/myaldreservation-courtedureee.jpg\",\"width\":1200,\"height\":628},{\"@type\":\"BreadcrumbList\",\"@id\":\"https:\\\/\\\/www.link2fleet.com\\\/fr\\\/ald-automotive-numerise-la-location-a-court-terme\\\/#breadcrumb\",\"itemListElement\":[{\"@type\":\"ListItem\",\"position\":1,\"name\":\"Home\",\"item\":\"https:\\\/\\\/www.link2fleet.com\\\/fr\\\/\"},{\"@type\":\"ListItem\",\"position\":2,\"name\":\"ALD Automotive num\u00e9rise la location \u00e0 court terme\"}]},{\"@type\":\"WebSite\",\"@id\":\"https:\\\/\\\/www.link2fleet.com\\\/fr\\\/#website\",\"url\":\"https:\\\/\\\/www.link2fleet.com\\\/fr\\\/\",\"name\":\"Link2fleet\",\"description\":\"\",\"publisher\":{\"@id\":\"https:\\\/\\\/www.link2fleet.com\\\/fr\\\/#organization\"},\"potentialAction\":[{\"@type\":\"SearchAction\",\"target\":{\"@type\":\"EntryPoint\",\"urlTemplate\":\"https:\\\/\\\/www.link2fleet.com\\\/fr\\\/?s={search_term_string}\"},\"query-input\":{\"@type\":\"PropertyValueSpecification\",\"valueRequired\":true,\"valueName\":\"search_term_string\"}}],\"inLanguage\":\"fr-FR\"},{\"@type\":\"Organization\",\"@id\":\"https:\\\/\\\/www.link2fleet.com\\\/fr\\\/#organization\",\"name\":\"Link2fleet\",\"url\":\"https:\\\/\\\/www.link2fleet.com\\\/fr\\\/\",\"logo\":{\"@type\":\"ImageObject\",\"inLanguage\":\"fr-FR\",\"@id\":\"https:\\\/\\\/www.link2fleet.com\\\/fr\\\/#\\\/schema\\\/logo\\\/image\\\/\",\"url\":\"https:\\\/\\\/static.link2fleet.com\\\/wp-content\\\/uploads\\\/2024\\\/03\\\/share-image.jpg\",\"contentUrl\":\"https:\\\/\\\/static.link2fleet.com\\\/wp-content\\\/uploads\\\/2024\\\/03\\\/share-image.jpg\",\"width\":1200,\"height\":630,\"caption\":\"Link2fleet\"},\"image\":{\"@id\":\"https:\\\/\\\/www.link2fleet.com\\\/fr\\\/#\\\/schema\\\/logo\\\/image\\\/\"},\"sameAs\":[\"https:\\\/\\\/www.linkedin.com\\\/company\\\/link2fleet-belgium\",\"https:\\\/\\\/www.youtube.com\\\/user\\\/MMMBMBE\"]},{\"@type\":\"Person\",\"@id\":\"https:\\\/\\\/www.link2fleet.com\\\/fr\\\/#\\\/schema\\\/person\\\/027cd46113c78036b3809c9a054049da\",\"name\":\"Damien Malvetti\",\"image\":{\"@type\":\"ImageObject\",\"inLanguage\":\"fr-FR\",\"@id\":\"https:\\\/\\\/secure.gravatar.com\\\/avatar\\\/dd8cc03b49466c735f753ac37f8caa371af16dfed347456ed61f02883255eebb?s=96&d=mm&r=g\",\"url\":\"https:\\\/\\\/secure.gravatar.com\\\/avatar\\\/dd8cc03b49466c735f753ac37f8caa371af16dfed347456ed61f02883255eebb?s=96&d=mm&r=g\",\"contentUrl\":\"https:\\\/\\\/secure.gravatar.com\\\/avatar\\\/dd8cc03b49466c735f753ac37f8caa371af16dfed347456ed61f02883255eebb?s=96&d=mm&r=g\",\"caption\":\"Damien Malvetti\"},\"description\":\"Damien Malvetti is opgeleid als journalist en gepassioneerd door wagens, technologie en mobiliteit. Hij is verantwoordelijk voor de redactionele inhoud van link2fleet en beschikt over een uitgebreide kennis van de fleet-sector en elektrische mobiliteit.\",\"sameAs\":[\"https:\\\/\\\/www.linkedin.com\\\/in\\\/damien-malvetti-56601142\\\/\"]}]}<\/script>\n<!-- \/ Yoast SEO plugin. -->","yoast_head_json":{"title":"ALD Automotive num\u00e9rise la location \u00e0 court terme - link2fleet","description":"Commander une voiture pour une courte dur\u00e9e aupr\u00e8s d\u2019ALD Automotive est d\u00e9sormais possible enti\u00e8rement en ligne. La compagnie de leasing poursuit ainsi sur la voie\u2026","robots":{"index":"index","follow":"follow","max-snippet":"max-snippet:-1","max-image-preview":"max-image-preview:large","max-video-preview":"max-video-preview:-1"},"og_locale":"fr_FR","og_type":"article","og_title":"ALD Automotive num\u00e9rise la location \u00e0 court terme - link2fleet","og_description":"Commander une voiture pour une courte dur\u00e9e aupr\u00e8s d\u2019ALD Automotive est d\u00e9sormais possible enti\u00e8rement en ligne. La compagnie de leasing poursuit ainsi sur la voie\u2026","og_url":"https:\/\/www.link2fleet.com\/fr\/ald-automotive-numerise-la-location-a-court-terme\/","og_site_name":"link2fleet","article_published_time":"2022-03-22T12:08:06+00:00","article_modified_time":"2024-04-17T14:47:38+00:00","og_image":[{"width":1200,"height":628,"url":"https:\/\/static.link2fleet.com\/wp-content\/uploads\/2024\/03\/myaldreservation-courtedureee.jpg","type":"image\/jpeg"}],"author":"Damien Malvetti","twitter_card":"summary_large_image","twitter_description":"Commander une voiture pour une courte dur\u00e9e aupr\u00e8s d\u2019ALD Automotive est d\u00e9sormais possible enti\u00e8rement en ligne. La compagnie de leasing poursuit ainsi sur la voie\u2026","twitter_misc":{"\u00c9crit par":"Damien Malvetti","Dur\u00e9e de lecture estim\u00e9e":"2 minutes"},"schema":{"@context":"https:\/\/schema.org","@graph":[{"@type":"Article","@id":"https:\/\/www.link2fleet.com\/fr\/ald-automotive-numerise-la-location-a-court-terme\/#article","isPartOf":{"@id":"https:\/\/www.link2fleet.com\/fr\/ald-automotive-numerise-la-location-a-court-terme\/"},"author":{"name":"Damien Malvetti","@id":"https:\/\/www.link2fleet.com\/fr\/#\/schema\/person\/027cd46113c78036b3809c9a054049da"},"headline":"ALD Automotive num\u00e9rise la location \u00e0 court terme","datePublished":"2022-03-22T12:08:06+00:00","dateModified":"2024-04-17T14:47:38+00:00","mainEntityOfPage":{"@id":"https:\/\/www.link2fleet.com\/fr\/ald-automotive-numerise-la-location-a-court-terme\/"},"wordCount":419,"publisher":{"@id":"https:\/\/www.link2fleet.com\/fr\/#organization"},"image":{"@id":"https:\/\/www.link2fleet.com\/fr\/ald-automotive-numerise-la-location-a-court-terme\/#primaryimage"},"thumbnailUrl":"https:\/\/static.link2fleet.com\/wp-content\/uploads\/2024\/03\/myaldreservation-courtedureee.jpg","articleSection":["Gestion de flotte","Location court-terme"],"inLanguage":"fr-FR"},{"@type":"WebPage","@id":"https:\/\/www.link2fleet.com\/fr\/ald-automotive-numerise-la-location-a-court-terme\/","url":"https:\/\/www.link2fleet.com\/fr\/ald-automotive-numerise-la-location-a-court-terme\/","name":"ALD Automotive num\u00e9rise la location \u00e0 court terme - link2fleet","isPartOf":{"@id":"https:\/\/www.link2fleet.com\/fr\/#website"},"primaryImageOfPage":{"@id":"https:\/\/www.link2fleet.com\/fr\/ald-automotive-numerise-la-location-a-court-terme\/#primaryimage"},"image":{"@id":"https:\/\/www.link2fleet.com\/fr\/ald-automotive-numerise-la-location-a-court-terme\/#primaryimage"},"thumbnailUrl":"https:\/\/static.link2fleet.com\/wp-content\/uploads\/2024\/03\/myaldreservation-courtedureee.jpg","datePublished":"2022-03-22T12:08:06+00:00","dateModified":"2024-04-17T14:47:38+00:00","breadcrumb":{"@id":"https:\/\/www.link2fleet.com\/fr\/ald-automotive-numerise-la-location-a-court-terme\/#breadcrumb"},"inLanguage":"fr-FR","potentialAction":[{"@type":"ReadAction","target":["https:\/\/www.link2fleet.com\/fr\/ald-automotive-numerise-la-location-a-court-terme\/"]}]},{"@type":"ImageObject","inLanguage":"fr-FR","@id":"https:\/\/www.link2fleet.com\/fr\/ald-automotive-numerise-la-location-a-court-terme\/#primaryimage","url":"https:\/\/static.link2fleet.com\/wp-content\/uploads\/2024\/03\/myaldreservation-courtedureee.jpg","contentUrl":"https:\/\/static.link2fleet.com\/wp-content\/uploads\/2024\/03\/myaldreservation-courtedureee.jpg","width":1200,"height":628},{"@type":"BreadcrumbList","@id":"https:\/\/www.link2fleet.com\/fr\/ald-automotive-numerise-la-location-a-court-terme\/#breadcrumb","itemListElement":[{"@type":"ListItem","position":1,"name":"Home","item":"https:\/\/www.link2fleet.com\/fr\/"},{"@type":"ListItem","position":2,"name":"ALD Automotive num\u00e9rise la location \u00e0 court terme"}]},{"@type":"WebSite","@id":"https:\/\/www.link2fleet.com\/fr\/#website","url":"https:\/\/www.link2fleet.com\/fr\/","name":"Link2fleet","description":"","publisher":{"@id":"https:\/\/www.link2fleet.com\/fr\/#organization"},"potentialAction":[{"@type":"SearchAction","target":{"@type":"EntryPoint","urlTemplate":"https:\/\/www.link2fleet.com\/fr\/?s={search_term_string}"},"query-input":{"@type":"PropertyValueSpecification","valueRequired":true,"valueName":"search_term_string"}}],"inLanguage":"fr-FR"},{"@type":"Organization","@id":"https:\/\/www.link2fleet.com\/fr\/#organization","name":"Link2fleet","url":"https:\/\/www.link2fleet.com\/fr\/","logo":{"@type":"ImageObject","inLanguage":"fr-FR","@id":"https:\/\/www.link2fleet.com\/fr\/#\/schema\/logo\/image\/","url":"https:\/\/static.link2fleet.com\/wp-content\/uploads\/2024\/03\/share-image.jpg","contentUrl":"https:\/\/static.link2fleet.com\/wp-content\/uploads\/2024\/03\/share-image.jpg","width":1200,"height":630,"caption":"Link2fleet"},"image":{"@id":"https:\/\/www.link2fleet.com\/fr\/#\/schema\/logo\/image\/"},"sameAs":["https:\/\/www.linkedin.com\/company\/link2fleet-belgium","https:\/\/www.youtube.com\/user\/MMMBMBE"]},{"@type":"Person","@id":"https:\/\/www.link2fleet.com\/fr\/#\/schema\/person\/027cd46113c78036b3809c9a054049da","name":"Damien Malvetti","image":{"@type":"ImageObject","inLanguage":"fr-FR","@id":"https:\/\/secure.gravatar.com\/avatar\/dd8cc03b49466c735f753ac37f8caa371af16dfed347456ed61f02883255eebb?s=96&d=mm&r=g","url":"https:\/\/secure.gravatar.com\/avatar\/dd8cc03b49466c735f753ac37f8caa371af16dfed347456ed61f02883255eebb?s=96&d=mm&r=g","contentUrl":"https:\/\/secure.gravatar.com\/avatar\/dd8cc03b49466c735f753ac37f8caa371af16dfed347456ed61f02883255eebb?s=96&d=mm&r=g","caption":"Damien Malvetti"},"description":"Damien Malvetti is opgeleid als journalist en gepassioneerd door wagens, technologie en mobiliteit. Hij is verantwoordelijk voor de redactionele inhoud van link2fleet en beschikt over een uitgebreide kennis van de fleet-sector en elektrische mobiliteit.","sameAs":["https:\/\/www.linkedin.com\/in\/damien-malvetti-56601142\/"]}]}},"_links":{"self":[{"href":"https:\/\/www.link2fleet.com\/fr\/wp-json\/wp\/v2\/posts\/5888","targetHints":{"allow":["GET"]}}],"collection":[{"href":"https:\/\/www.link2fleet.com\/fr\/wp-json\/wp\/v2\/posts"}],"about":[{"href":"https:\/\/www.link2fleet.com\/fr\/wp-json\/wp\/v2\/types\/post"}],"author":[{"embeddable":true,"href":"https:\/\/www.link2fleet.com\/fr\/wp-json\/wp\/v2\/users\/4"}],"replies":[{"embeddable":true,"href":"https:\/\/www.link2fleet.com\/fr\/wp-json\/wp\/v2\/comments?post=5888"}],"version-history":[{"count":0,"href":"https:\/\/www.link2fleet.com\/fr\/wp-json\/wp\/v2\/posts\/5888\/revisions"}],"wp:featuredmedia":[{"embeddable":true,"href":"https:\/\/www.link2fleet.com\/fr\/wp-json\/wp\/v2\/media\/5889"}],"wp:attachment":[{"href":"https:\/\/www.link2fleet.com\/fr\/wp-json\/wp\/v2\/media?parent=5888"}],"wp:term":[{"taxonomy":"category","embeddable":true,"href":"https:\/\/www.link2fleet.com\/fr\/wp-json\/wp\/v2\/categories?post=5888"},{"taxonomy":"post_tag","embeddable":true,"href":"https:\/\/www.link2fleet.com\/fr\/wp-json\/wp\/v2\/tags?post=5888"}],"curies":[{"name":"wp","href":"https:\/\/api.w.org\/{rel}","templated":true}]}}