{"id":59454,"date":"2025-10-14T13:56:17","date_gmt":"2025-10-14T11:56:17","guid":{"rendered":"https:\/\/www.link2fleet.com\/?p=59454"},"modified":"2025-10-14T13:56:17","modified_gmt":"2025-10-14T11:56:17","slug":"reflexion-les-vehicules-intermediaires-vont-ils-envahir-le-marche","status":"publish","type":"post","link":"https:\/\/www.link2fleet.com\/fr\/reflexion-les-vehicules-intermediaires-vont-ils-envahir-le-marche\/","title":{"rendered":"R\u00e9flexion : les v\u00e9hicules interm\u00e9diaires vont-ils envahir le march\u00e9 ?"},"content":{"rendered":"","protected":false},"excerpt":{"rendered":"","protected":false},"author":18,"featured_media":59456,"comment_status":"closed","ping_status":"closed","sticky":false,"template":"","format":"standard","meta":{"_acf_changed":false,"footnotes":""},"categories":[1448,87],"tags":[],"class_list":["post-59454","post","type-post","status-publish","format-standard","has-post-thumbnail","hentry","category-a-la-une","category-mobility-2"],"acf":[],"yoast_head":"<!-- This site is optimized with the Yoast SEO plugin v27.3 - https:\/\/yoast.com\/product\/yoast-seo-wordpress\/ -->\n<title>R\u00e9flexion : les v\u00e9hicules interm\u00e9diaires vont-ils envahir le march\u00e9 ? - link2fleet<\/title>\n<meta name=\"description\" content=\"\u00ab\u00a0La nouvelle aventure mobile\u00a0\u00bb\u00a0: voici le nom du documentaire que nous avons pu voir en premi\u00e8re belge, le 29 septembre dernier. Mettant en avant un\u2026\" \/>\n<meta name=\"robots\" content=\"index, follow, max-snippet:-1, max-image-preview:large, max-video-preview:-1\" \/>\n<meta property=\"og:locale\" content=\"fr_FR\" \/>\n<meta property=\"og:type\" content=\"article\" \/>\n<meta property=\"og:title\" content=\"R\u00e9flexion : les v\u00e9hicules interm\u00e9diaires vont-ils envahir le march\u00e9 ? - link2fleet\" \/>\n<meta property=\"og:description\" content=\"\u00ab\u00a0La nouvelle aventure mobile\u00a0\u00bb\u00a0: voici le nom du documentaire que nous avons pu voir en premi\u00e8re belge, le 29 septembre dernier. Mettant en avant un\u2026\" \/>\n<meta property=\"og:url\" content=\"https:\/\/www.link2fleet.com\/fr\/reflexion-les-vehicules-intermediaires-vont-ils-envahir-le-marche\/\" \/>\n<meta property=\"og:site_name\" content=\"link2fleet\" \/>\n<meta property=\"article:published_time\" content=\"2025-10-14T11:56:17+00:00\" \/>\n<meta property=\"og:image\" content=\"https:\/\/static.link2fleet.com\/wp-content\/uploads\/2025\/10\/la-nouvelle-aventure-mobilenews.png\" \/>\n\t<meta property=\"og:image:width\" content=\"1068\" \/>\n\t<meta property=\"og:image:height\" content=\"705\" \/>\n\t<meta property=\"og:image:type\" content=\"image\/png\" \/>\n<meta name=\"author\" content=\"Maxime Pasture\" \/>\n<meta name=\"twitter:card\" content=\"summary_large_image\" \/>\n<meta name=\"twitter:description\" content=\"\u00ab\u00a0La nouvelle aventure mobile\u00a0\u00bb\u00a0: voici le nom du documentaire que nous avons pu voir en premi\u00e8re belge, le 29 septembre dernier. Mettant en avant un\u2026\" \/>\n<meta name=\"twitter:label1\" content=\"\u00c9crit par\" \/>\n\t<meta name=\"twitter:data1\" content=\"Journaliste de formation, Maxime est tr\u00e8s curieux mais surtout passionn\u00e9 d&#039;automobile. Sa curiosit\u00e9 l&#039;am\u00e8ne \u00e0 traiter de sujets divers et vari\u00e9s li\u00e9s \u00e0 la mobilit\u00e9 au sens large et bien plus encore !\" \/>\n\t<meta name=\"twitter:label2\" content=\"Dur\u00e9e de lecture estim\u00e9e\" \/>\n\t<meta name=\"twitter:data2\" content=\"4 minutes\" \/>\n<script type=\"application\/ld+json\" class=\"yoast-schema-graph\">{\"@context\":\"https:\\\/\\\/schema.org\",\"@graph\":[{\"@type\":\"Article\",\"@id\":\"https:\\\/\\\/www.link2fleet.com\\\/fr\\\/reflexion-les-vehicules-intermediaires-vont-ils-envahir-le-marche\\\/#article\",\"isPartOf\":{\"@id\":\"https:\\\/\\\/www.link2fleet.com\\\/fr\\\/reflexion-les-vehicules-intermediaires-vont-ils-envahir-le-marche\\\/\"},\"author\":{\"name\":\"Maxime Pasture\",\"@id\":\"https:\\\/\\\/www.link2fleet.com\\\/fr\\\/#\\\/schema\\\/person\\\/36f3d48d12a83e110d72b602b5bebc11\"},\"headline\":\"R\u00e9flexion : les v\u00e9hicules interm\u00e9diaires vont-ils envahir le march\u00e9 ?\",\"datePublished\":\"2025-10-14T11:56:17+00:00\",\"mainEntityOfPage\":{\"@id\":\"https:\\\/\\\/www.link2fleet.com\\\/fr\\\/reflexion-les-vehicules-intermediaires-vont-ils-envahir-le-marche\\\/\"},\"wordCount\":11,\"publisher\":{\"@id\":\"https:\\\/\\\/www.link2fleet.com\\\/fr\\\/#organization\"},\"image\":{\"@id\":\"https:\\\/\\\/www.link2fleet.com\\\/fr\\\/reflexion-les-vehicules-intermediaires-vont-ils-envahir-le-marche\\\/#primaryimage\"},\"thumbnailUrl\":\"https:\\\/\\\/static.link2fleet.com\\\/wp-content\\\/uploads\\\/2025\\\/10\\\/la-nouvelle-aventure-mobilenews.png\",\"articleSection\":[\"A la une\",\"Mobilit\u00e9\"],\"inLanguage\":\"fr-FR\"},{\"@type\":\"WebPage\",\"@id\":\"https:\\\/\\\/www.link2fleet.com\\\/fr\\\/reflexion-les-vehicules-intermediaires-vont-ils-envahir-le-marche\\\/\",\"url\":\"https:\\\/\\\/www.link2fleet.com\\\/fr\\\/reflexion-les-vehicules-intermediaires-vont-ils-envahir-le-marche\\\/\",\"name\":\"R\u00e9flexion : les v\u00e9hicules interm\u00e9diaires vont-ils envahir le march\u00e9 ? - link2fleet\",\"isPartOf\":{\"@id\":\"https:\\\/\\\/www.link2fleet.com\\\/fr\\\/#website\"},\"primaryImageOfPage\":{\"@id\":\"https:\\\/\\\/www.link2fleet.com\\\/fr\\\/reflexion-les-vehicules-intermediaires-vont-ils-envahir-le-marche\\\/#primaryimage\"},\"image\":{\"@id\":\"https:\\\/\\\/www.link2fleet.com\\\/fr\\\/reflexion-les-vehicules-intermediaires-vont-ils-envahir-le-marche\\\/#primaryimage\"},\"thumbnailUrl\":\"https:\\\/\\\/static.link2fleet.com\\\/wp-content\\\/uploads\\\/2025\\\/10\\\/la-nouvelle-aventure-mobilenews.png\",\"datePublished\":\"2025-10-14T11:56:17+00:00\",\"description\":\"\u00ab La nouvelle aventure mobile \u00bb : voici le nom du documentaire que nous avons pu voir en premi\u00e8re belge, le 29 septembre dernier.\",\"breadcrumb\":{\"@id\":\"https:\\\/\\\/www.link2fleet.com\\\/fr\\\/reflexion-les-vehicules-intermediaires-vont-ils-envahir-le-marche\\\/#breadcrumb\"},\"inLanguage\":\"fr-FR\",\"potentialAction\":[{\"@type\":\"ReadAction\",\"target\":[\"https:\\\/\\\/www.link2fleet.com\\\/fr\\\/reflexion-les-vehicules-intermediaires-vont-ils-envahir-le-marche\\\/\"]}]},{\"@type\":\"ImageObject\",\"inLanguage\":\"fr-FR\",\"@id\":\"https:\\\/\\\/www.link2fleet.com\\\/fr\\\/reflexion-les-vehicules-intermediaires-vont-ils-envahir-le-marche\\\/#primaryimage\",\"url\":\"https:\\\/\\\/static.link2fleet.com\\\/wp-content\\\/uploads\\\/2025\\\/10\\\/la-nouvelle-aventure-mobilenews.png\",\"contentUrl\":\"https:\\\/\\\/static.link2fleet.com\\\/wp-content\\\/uploads\\\/2025\\\/10\\\/la-nouvelle-aventure-mobilenews.png\",\"width\":1068,\"height\":705},{\"@type\":\"BreadcrumbList\",\"@id\":\"https:\\\/\\\/www.link2fleet.com\\\/fr\\\/reflexion-les-vehicules-intermediaires-vont-ils-envahir-le-marche\\\/#breadcrumb\",\"itemListElement\":[{\"@type\":\"ListItem\",\"position\":1,\"name\":\"Home\",\"item\":\"https:\\\/\\\/www.link2fleet.com\\\/fr\\\/\"},{\"@type\":\"ListItem\",\"position\":2,\"name\":\"R\u00e9flexion : les v\u00e9hicules interm\u00e9diaires vont-ils envahir le march\u00e9 ?\"}]},{\"@type\":\"WebSite\",\"@id\":\"https:\\\/\\\/www.link2fleet.com\\\/fr\\\/#website\",\"url\":\"https:\\\/\\\/www.link2fleet.com\\\/fr\\\/\",\"name\":\"Link2fleet\",\"description\":\"\",\"publisher\":{\"@id\":\"https:\\\/\\\/www.link2fleet.com\\\/fr\\\/#organization\"},\"potentialAction\":[{\"@type\":\"SearchAction\",\"target\":{\"@type\":\"EntryPoint\",\"urlTemplate\":\"https:\\\/\\\/www.link2fleet.com\\\/fr\\\/?s={search_term_string}\"},\"query-input\":{\"@type\":\"PropertyValueSpecification\",\"valueRequired\":true,\"valueName\":\"search_term_string\"}}],\"inLanguage\":\"fr-FR\"},{\"@type\":\"Organization\",\"@id\":\"https:\\\/\\\/www.link2fleet.com\\\/fr\\\/#organization\",\"name\":\"Link2fleet\",\"url\":\"https:\\\/\\\/www.link2fleet.com\\\/fr\\\/\",\"logo\":{\"@type\":\"ImageObject\",\"inLanguage\":\"fr-FR\",\"@id\":\"https:\\\/\\\/www.link2fleet.com\\\/fr\\\/#\\\/schema\\\/logo\\\/image\\\/\",\"url\":\"https:\\\/\\\/static.link2fleet.com\\\/wp-content\\\/uploads\\\/2024\\\/03\\\/share-image.jpg\",\"contentUrl\":\"https:\\\/\\\/static.link2fleet.com\\\/wp-content\\\/uploads\\\/2024\\\/03\\\/share-image.jpg\",\"width\":1200,\"height\":630,\"caption\":\"Link2fleet\"},\"image\":{\"@id\":\"https:\\\/\\\/www.link2fleet.com\\\/fr\\\/#\\\/schema\\\/logo\\\/image\\\/\"},\"sameAs\":[\"https:\\\/\\\/www.linkedin.com\\\/company\\\/link2fleet-belgium\",\"https:\\\/\\\/www.youtube.com\\\/user\\\/MMMBMBE\"]},{\"@type\":\"Person\",\"@id\":\"https:\\\/\\\/www.link2fleet.com\\\/fr\\\/#\\\/schema\\\/person\\\/36f3d48d12a83e110d72b602b5bebc11\",\"name\":\"Maxime Pasture\",\"image\":{\"@type\":\"ImageObject\",\"inLanguage\":\"fr-FR\",\"@id\":\"https:\\\/\\\/secure.gravatar.com\\\/avatar\\\/a17c47a11dd3996c69a173e291c692b6a028e82349994bf0d9f60936c9795b9f?s=96&d=mm&r=g\",\"url\":\"https:\\\/\\\/secure.gravatar.com\\\/avatar\\\/a17c47a11dd3996c69a173e291c692b6a028e82349994bf0d9f60936c9795b9f?s=96&d=mm&r=g\",\"contentUrl\":\"https:\\\/\\\/secure.gravatar.com\\\/avatar\\\/a17c47a11dd3996c69a173e291c692b6a028e82349994bf0d9f60936c9795b9f?s=96&d=mm&r=g\",\"caption\":\"Maxime Pasture\"},\"description\":\"Journaliste de formation, Maxime est tr\u00e8s curieux mais surtout passionn\u00e9 d'automobile. Sa curiosit\u00e9 l'am\u00e8ne \u00e0 traiter de sujets divers et vari\u00e9s li\u00e9s \u00e0 la mobilit\u00e9 au sens large et bien plus encore !\"}]}<\/script>\n<!-- \/ Yoast SEO plugin. -->","yoast_head_json":{"title":"R\u00e9flexion : les v\u00e9hicules interm\u00e9diaires vont-ils envahir le march\u00e9 ? - link2fleet","description":"\u00ab\u00a0La nouvelle aventure mobile\u00a0\u00bb\u00a0: voici le nom du documentaire que nous avons pu voir en premi\u00e8re belge, le 29 septembre dernier. Mettant en avant un\u2026","robots":{"index":"index","follow":"follow","max-snippet":"max-snippet:-1","max-image-preview":"max-image-preview:large","max-video-preview":"max-video-preview:-1"},"og_locale":"fr_FR","og_type":"article","og_title":"R\u00e9flexion : les v\u00e9hicules interm\u00e9diaires vont-ils envahir le march\u00e9 ? - link2fleet","og_description":"\u00ab\u00a0La nouvelle aventure mobile\u00a0\u00bb\u00a0: voici le nom du documentaire que nous avons pu voir en premi\u00e8re belge, le 29 septembre dernier. Mettant en avant un\u2026","og_url":"https:\/\/www.link2fleet.com\/fr\/reflexion-les-vehicules-intermediaires-vont-ils-envahir-le-marche\/","og_site_name":"link2fleet","article_published_time":"2025-10-14T11:56:17+00:00","og_image":[{"width":1068,"height":705,"url":"https:\/\/static.link2fleet.com\/wp-content\/uploads\/2025\/10\/la-nouvelle-aventure-mobilenews.png","type":"image\/png"}],"author":"Maxime Pasture","twitter_card":"summary_large_image","twitter_description":"\u00ab\u00a0La nouvelle aventure mobile\u00a0\u00bb\u00a0: voici le nom du documentaire que nous avons pu voir en premi\u00e8re belge, le 29 septembre dernier. Mettant en avant un\u2026","twitter_misc":{"\u00c9crit par":"Journaliste de formation, Maxime est tr\u00e8s curieux mais surtout passionn\u00e9 d'automobile. Sa curiosit\u00e9 l'am\u00e8ne \u00e0 traiter de sujets divers et vari\u00e9s li\u00e9s \u00e0 la mobilit\u00e9 au sens large et bien plus encore !","Dur\u00e9e de lecture estim\u00e9e":"4 minutes"},"schema":{"@context":"https:\/\/schema.org","@graph":[{"@type":"Article","@id":"https:\/\/www.link2fleet.com\/fr\/reflexion-les-vehicules-intermediaires-vont-ils-envahir-le-marche\/#article","isPartOf":{"@id":"https:\/\/www.link2fleet.com\/fr\/reflexion-les-vehicules-intermediaires-vont-ils-envahir-le-marche\/"},"author":{"name":"Maxime Pasture","@id":"https:\/\/www.link2fleet.com\/fr\/#\/schema\/person\/36f3d48d12a83e110d72b602b5bebc11"},"headline":"R\u00e9flexion : les v\u00e9hicules interm\u00e9diaires vont-ils envahir le march\u00e9 ?","datePublished":"2025-10-14T11:56:17+00:00","mainEntityOfPage":{"@id":"https:\/\/www.link2fleet.com\/fr\/reflexion-les-vehicules-intermediaires-vont-ils-envahir-le-marche\/"},"wordCount":11,"publisher":{"@id":"https:\/\/www.link2fleet.com\/fr\/#organization"},"image":{"@id":"https:\/\/www.link2fleet.com\/fr\/reflexion-les-vehicules-intermediaires-vont-ils-envahir-le-marche\/#primaryimage"},"thumbnailUrl":"https:\/\/static.link2fleet.com\/wp-content\/uploads\/2025\/10\/la-nouvelle-aventure-mobilenews.png","articleSection":["A la une","Mobilit\u00e9"],"inLanguage":"fr-FR"},{"@type":"WebPage","@id":"https:\/\/www.link2fleet.com\/fr\/reflexion-les-vehicules-intermediaires-vont-ils-envahir-le-marche\/","url":"https:\/\/www.link2fleet.com\/fr\/reflexion-les-vehicules-intermediaires-vont-ils-envahir-le-marche\/","name":"R\u00e9flexion : les v\u00e9hicules interm\u00e9diaires vont-ils envahir le march\u00e9 ? - link2fleet","isPartOf":{"@id":"https:\/\/www.link2fleet.com\/fr\/#website"},"primaryImageOfPage":{"@id":"https:\/\/www.link2fleet.com\/fr\/reflexion-les-vehicules-intermediaires-vont-ils-envahir-le-marche\/#primaryimage"},"image":{"@id":"https:\/\/www.link2fleet.com\/fr\/reflexion-les-vehicules-intermediaires-vont-ils-envahir-le-marche\/#primaryimage"},"thumbnailUrl":"https:\/\/static.link2fleet.com\/wp-content\/uploads\/2025\/10\/la-nouvelle-aventure-mobilenews.png","datePublished":"2025-10-14T11:56:17+00:00","description":"\u00ab La nouvelle aventure mobile \u00bb : voici le nom du documentaire que nous avons pu voir en premi\u00e8re belge, le 29 septembre dernier.","breadcrumb":{"@id":"https:\/\/www.link2fleet.com\/fr\/reflexion-les-vehicules-intermediaires-vont-ils-envahir-le-marche\/#breadcrumb"},"inLanguage":"fr-FR","potentialAction":[{"@type":"ReadAction","target":["https:\/\/www.link2fleet.com\/fr\/reflexion-les-vehicules-intermediaires-vont-ils-envahir-le-marche\/"]}]},{"@type":"ImageObject","inLanguage":"fr-FR","@id":"https:\/\/www.link2fleet.com\/fr\/reflexion-les-vehicules-intermediaires-vont-ils-envahir-le-marche\/#primaryimage","url":"https:\/\/static.link2fleet.com\/wp-content\/uploads\/2025\/10\/la-nouvelle-aventure-mobilenews.png","contentUrl":"https:\/\/static.link2fleet.com\/wp-content\/uploads\/2025\/10\/la-nouvelle-aventure-mobilenews.png","width":1068,"height":705},{"@type":"BreadcrumbList","@id":"https:\/\/www.link2fleet.com\/fr\/reflexion-les-vehicules-intermediaires-vont-ils-envahir-le-marche\/#breadcrumb","itemListElement":[{"@type":"ListItem","position":1,"name":"Home","item":"https:\/\/www.link2fleet.com\/fr\/"},{"@type":"ListItem","position":2,"name":"R\u00e9flexion : les v\u00e9hicules interm\u00e9diaires vont-ils envahir le march\u00e9 ?"}]},{"@type":"WebSite","@id":"https:\/\/www.link2fleet.com\/fr\/#website","url":"https:\/\/www.link2fleet.com\/fr\/","name":"Link2fleet","description":"","publisher":{"@id":"https:\/\/www.link2fleet.com\/fr\/#organization"},"potentialAction":[{"@type":"SearchAction","target":{"@type":"EntryPoint","urlTemplate":"https:\/\/www.link2fleet.com\/fr\/?s={search_term_string}"},"query-input":{"@type":"PropertyValueSpecification","valueRequired":true,"valueName":"search_term_string"}}],"inLanguage":"fr-FR"},{"@type":"Organization","@id":"https:\/\/www.link2fleet.com\/fr\/#organization","name":"Link2fleet","url":"https:\/\/www.link2fleet.com\/fr\/","logo":{"@type":"ImageObject","inLanguage":"fr-FR","@id":"https:\/\/www.link2fleet.com\/fr\/#\/schema\/logo\/image\/","url":"https:\/\/static.link2fleet.com\/wp-content\/uploads\/2024\/03\/share-image.jpg","contentUrl":"https:\/\/static.link2fleet.com\/wp-content\/uploads\/2024\/03\/share-image.jpg","width":1200,"height":630,"caption":"Link2fleet"},"image":{"@id":"https:\/\/www.link2fleet.com\/fr\/#\/schema\/logo\/image\/"},"sameAs":["https:\/\/www.linkedin.com\/company\/link2fleet-belgium","https:\/\/www.youtube.com\/user\/MMMBMBE"]},{"@type":"Person","@id":"https:\/\/www.link2fleet.com\/fr\/#\/schema\/person\/36f3d48d12a83e110d72b602b5bebc11","name":"Maxime Pasture","image":{"@type":"ImageObject","inLanguage":"fr-FR","@id":"https:\/\/secure.gravatar.com\/avatar\/a17c47a11dd3996c69a173e291c692b6a028e82349994bf0d9f60936c9795b9f?s=96&d=mm&r=g","url":"https:\/\/secure.gravatar.com\/avatar\/a17c47a11dd3996c69a173e291c692b6a028e82349994bf0d9f60936c9795b9f?s=96&d=mm&r=g","contentUrl":"https:\/\/secure.gravatar.com\/avatar\/a17c47a11dd3996c69a173e291c692b6a028e82349994bf0d9f60936c9795b9f?s=96&d=mm&r=g","caption":"Maxime Pasture"},"description":"Journaliste de formation, Maxime est tr\u00e8s curieux mais surtout passionn\u00e9 d'automobile. Sa curiosit\u00e9 l'am\u00e8ne \u00e0 traiter de sujets divers et vari\u00e9s li\u00e9s \u00e0 la mobilit\u00e9 au sens large et bien plus encore !"}]}},"_links":{"self":[{"href":"https:\/\/www.link2fleet.com\/fr\/wp-json\/wp\/v2\/posts\/59454","targetHints":{"allow":["GET"]}}],"collection":[{"href":"https:\/\/www.link2fleet.com\/fr\/wp-json\/wp\/v2\/posts"}],"about":[{"href":"https:\/\/www.link2fleet.com\/fr\/wp-json\/wp\/v2\/types\/post"}],"author":[{"embeddable":true,"href":"https:\/\/www.link2fleet.com\/fr\/wp-json\/wp\/v2\/users\/18"}],"replies":[{"embeddable":true,"href":"https:\/\/www.link2fleet.com\/fr\/wp-json\/wp\/v2\/comments?post=59454"}],"version-history":[{"count":1,"href":"https:\/\/www.link2fleet.com\/fr\/wp-json\/wp\/v2\/posts\/59454\/revisions"}],"predecessor-version":[{"id":59459,"href":"https:\/\/www.link2fleet.com\/fr\/wp-json\/wp\/v2\/posts\/59454\/revisions\/59459"}],"wp:featuredmedia":[{"embeddable":true,"href":"https:\/\/www.link2fleet.com\/fr\/wp-json\/wp\/v2\/media\/59456"}],"wp:attachment":[{"href":"https:\/\/www.link2fleet.com\/fr\/wp-json\/wp\/v2\/media?parent=59454"}],"wp:term":[{"taxonomy":"category","embeddable":true,"href":"https:\/\/www.link2fleet.com\/fr\/wp-json\/wp\/v2\/categories?post=59454"},{"taxonomy":"post_tag","embeddable":true,"href":"https:\/\/www.link2fleet.com\/fr\/wp-json\/wp\/v2\/tags?post=59454"}],"curies":[{"name":"wp","href":"https:\/\/api.w.org\/{rel}","templated":true}]}}