{"id":59607,"date":"2025-10-20T15:12:06","date_gmt":"2025-10-20T13:12:06","guid":{"rendered":"https:\/\/www.link2fleet.com\/?p=59607"},"modified":"2025-10-20T15:12:06","modified_gmt":"2025-10-20T13:12:06","slug":"top-10-des-modeles-les-plus-vendus-aux-professionnels-et-tendances-3e-trimestre-2025","status":"publish","type":"post","link":"https:\/\/www.link2fleet.com\/fr\/top-10-des-modeles-les-plus-vendus-aux-professionnels-et-tendances-3e-trimestre-2025\/","title":{"rendered":"Top 10 des mod\u00e8les les plus vendus aux professionnels et tendances (3e trimestre 2025)"},"content":{"rendered":"","protected":false},"excerpt":{"rendered":"","protected":false},"author":18,"featured_media":51796,"comment_status":"closed","ping_status":"closed","sticky":false,"template":"","format":"standard","meta":{"_acf_changed":false,"footnotes":""},"categories":[1448,135],"tags":[],"class_list":["post-59607","post","type-post","status-publish","format-standard","has-post-thumbnail","hentry","category-a-la-une","category-news-fr"],"acf":[],"yoast_head":"<!-- This site is optimized with the Yoast SEO plugin v27.3 - https:\/\/yoast.com\/product\/yoast-seo-wordpress\/ -->\n<title>Top 10 des mod\u00e8les les plus vendus aux professionnels et tendances (3e trimestre 2025) - link2fleet<\/title>\n<meta name=\"description\" content=\"R\u00e9unies sous la coupole Mobia, les f\u00e9d\u00e9rations Traxio et Febiac livrent leur analyse du march\u00e9 automobile \u00e0 l\u2019issue du troisi\u00e8me trimestre 2025. Voici ce qu\u2019on\u2026\" \/>\n<meta name=\"robots\" content=\"index, follow, max-snippet:-1, max-image-preview:large, max-video-preview:-1\" \/>\n<meta property=\"og:locale\" content=\"fr_FR\" \/>\n<meta property=\"og:type\" content=\"article\" \/>\n<meta property=\"og:title\" content=\"Top 10 des mod\u00e8les les plus vendus aux professionnels et tendances (3e trimestre 2025) - link2fleet\" \/>\n<meta property=\"og:description\" content=\"R\u00e9unies sous la coupole Mobia, les f\u00e9d\u00e9rations Traxio et Febiac livrent leur analyse du march\u00e9 automobile \u00e0 l\u2019issue du troisi\u00e8me trimestre 2025. Voici ce qu\u2019on\u2026\" \/>\n<meta property=\"og:url\" content=\"https:\/\/www.link2fleet.com\/fr\/top-10-des-modeles-les-plus-vendus-aux-professionnels-et-tendances-3e-trimestre-2025\/\" \/>\n<meta property=\"og:site_name\" content=\"link2fleet\" \/>\n<meta property=\"article:published_time\" content=\"2025-10-20T13:12:06+00:00\" \/>\n<meta property=\"og:image\" content=\"https:\/\/static.link2fleet.com\/wp-content\/uploads\/2025\/06\/lp-229.jpg\" \/>\n\t<meta property=\"og:image:width\" content=\"2048\" \/>\n\t<meta property=\"og:image:height\" content=\"1365\" \/>\n\t<meta property=\"og:image:type\" content=\"image\/jpeg\" \/>\n<meta name=\"author\" content=\"Maxime Pasture\" \/>\n<meta name=\"twitter:card\" content=\"summary_large_image\" \/>\n<meta name=\"twitter:description\" content=\"R\u00e9unies sous la coupole Mobia, les f\u00e9d\u00e9rations Traxio et Febiac livrent leur analyse du march\u00e9 automobile \u00e0 l\u2019issue du troisi\u00e8me trimestre 2025. Voici ce qu\u2019on\u2026\" \/>\n<meta name=\"twitter:label1\" content=\"\u00c9crit par\" \/>\n\t<meta name=\"twitter:data1\" content=\"Journaliste de formation, Maxime est tr\u00e8s curieux mais surtout passionn\u00e9 d&#039;automobile. Sa curiosit\u00e9 l&#039;am\u00e8ne \u00e0 traiter de sujets divers et vari\u00e9s li\u00e9s \u00e0 la mobilit\u00e9 au sens large et bien plus encore !\" \/>\n\t<meta name=\"twitter:label2\" content=\"Dur\u00e9e de lecture estim\u00e9e\" \/>\n\t<meta name=\"twitter:data2\" content=\"2 minutes\" \/>\n<script type=\"application\/ld+json\" class=\"yoast-schema-graph\">{\"@context\":\"https:\\\/\\\/schema.org\",\"@graph\":[{\"@type\":\"Article\",\"@id\":\"https:\\\/\\\/www.link2fleet.com\\\/fr\\\/top-10-des-modeles-les-plus-vendus-aux-professionnels-et-tendances-3e-trimestre-2025\\\/#article\",\"isPartOf\":{\"@id\":\"https:\\\/\\\/www.link2fleet.com\\\/fr\\\/top-10-des-modeles-les-plus-vendus-aux-professionnels-et-tendances-3e-trimestre-2025\\\/\"},\"author\":{\"name\":\"Maxime Pasture\",\"@id\":\"https:\\\/\\\/www.link2fleet.com\\\/fr\\\/#\\\/schema\\\/person\\\/36f3d48d12a83e110d72b602b5bebc11\"},\"headline\":\"Top 10 des mod\u00e8les les plus vendus aux professionnels et tendances (3e trimestre 2025)\",\"datePublished\":\"2025-10-20T13:12:06+00:00\",\"mainEntityOfPage\":{\"@id\":\"https:\\\/\\\/www.link2fleet.com\\\/fr\\\/top-10-des-modeles-les-plus-vendus-aux-professionnels-et-tendances-3e-trimestre-2025\\\/\"},\"wordCount\":13,\"publisher\":{\"@id\":\"https:\\\/\\\/www.link2fleet.com\\\/fr\\\/#organization\"},\"image\":{\"@id\":\"https:\\\/\\\/www.link2fleet.com\\\/fr\\\/top-10-des-modeles-les-plus-vendus-aux-professionnels-et-tendances-3e-trimestre-2025\\\/#primaryimage\"},\"thumbnailUrl\":\"https:\\\/\\\/static.link2fleet.com\\\/wp-content\\\/uploads\\\/2025\\\/06\\\/lp-229.jpg\",\"articleSection\":[\"A la une\",\"Actus\"],\"inLanguage\":\"fr-FR\"},{\"@type\":\"WebPage\",\"@id\":\"https:\\\/\\\/www.link2fleet.com\\\/fr\\\/top-10-des-modeles-les-plus-vendus-aux-professionnels-et-tendances-3e-trimestre-2025\\\/\",\"url\":\"https:\\\/\\\/www.link2fleet.com\\\/fr\\\/top-10-des-modeles-les-plus-vendus-aux-professionnels-et-tendances-3e-trimestre-2025\\\/\",\"name\":\"Top 10 des mod\u00e8les les plus vendus aux professionnels et tendances (3e trimestre 2025) - link2fleet\",\"isPartOf\":{\"@id\":\"https:\\\/\\\/www.link2fleet.com\\\/fr\\\/#website\"},\"primaryImageOfPage\":{\"@id\":\"https:\\\/\\\/www.link2fleet.com\\\/fr\\\/top-10-des-modeles-les-plus-vendus-aux-professionnels-et-tendances-3e-trimestre-2025\\\/#primaryimage\"},\"image\":{\"@id\":\"https:\\\/\\\/www.link2fleet.com\\\/fr\\\/top-10-des-modeles-les-plus-vendus-aux-professionnels-et-tendances-3e-trimestre-2025\\\/#primaryimage\"},\"thumbnailUrl\":\"https:\\\/\\\/static.link2fleet.com\\\/wp-content\\\/uploads\\\/2025\\\/06\\\/lp-229.jpg\",\"datePublished\":\"2025-10-20T13:12:06+00:00\",\"description\":\"Les f\u00e9d\u00e9rations Traxio et Febiac livrent leur analyse du march\u00e9 automobile \u00e0 l\u2019issue du troisi\u00e8me trimestre 2025.\",\"breadcrumb\":{\"@id\":\"https:\\\/\\\/www.link2fleet.com\\\/fr\\\/top-10-des-modeles-les-plus-vendus-aux-professionnels-et-tendances-3e-trimestre-2025\\\/#breadcrumb\"},\"inLanguage\":\"fr-FR\",\"potentialAction\":[{\"@type\":\"ReadAction\",\"target\":[\"https:\\\/\\\/www.link2fleet.com\\\/fr\\\/top-10-des-modeles-les-plus-vendus-aux-professionnels-et-tendances-3e-trimestre-2025\\\/\"]}]},{\"@type\":\"ImageObject\",\"inLanguage\":\"fr-FR\",\"@id\":\"https:\\\/\\\/www.link2fleet.com\\\/fr\\\/top-10-des-modeles-les-plus-vendus-aux-professionnels-et-tendances-3e-trimestre-2025\\\/#primaryimage\",\"url\":\"https:\\\/\\\/static.link2fleet.com\\\/wp-content\\\/uploads\\\/2025\\\/06\\\/lp-229.jpg\",\"contentUrl\":\"https:\\\/\\\/static.link2fleet.com\\\/wp-content\\\/uploads\\\/2025\\\/06\\\/lp-229.jpg\",\"width\":2048,\"height\":1365,\"caption\":\"\u00a9Lio_Photography\\\/link2fleet\"},{\"@type\":\"BreadcrumbList\",\"@id\":\"https:\\\/\\\/www.link2fleet.com\\\/fr\\\/top-10-des-modeles-les-plus-vendus-aux-professionnels-et-tendances-3e-trimestre-2025\\\/#breadcrumb\",\"itemListElement\":[{\"@type\":\"ListItem\",\"position\":1,\"name\":\"Home\",\"item\":\"https:\\\/\\\/www.link2fleet.com\\\/fr\\\/\"},{\"@type\":\"ListItem\",\"position\":2,\"name\":\"Top 10 des mod\u00e8les les plus vendus aux professionnels et tendances (3e trimestre 2025)\"}]},{\"@type\":\"WebSite\",\"@id\":\"https:\\\/\\\/www.link2fleet.com\\\/fr\\\/#website\",\"url\":\"https:\\\/\\\/www.link2fleet.com\\\/fr\\\/\",\"name\":\"Link2fleet\",\"description\":\"\",\"publisher\":{\"@id\":\"https:\\\/\\\/www.link2fleet.com\\\/fr\\\/#organization\"},\"potentialAction\":[{\"@type\":\"SearchAction\",\"target\":{\"@type\":\"EntryPoint\",\"urlTemplate\":\"https:\\\/\\\/www.link2fleet.com\\\/fr\\\/?s={search_term_string}\"},\"query-input\":{\"@type\":\"PropertyValueSpecification\",\"valueRequired\":true,\"valueName\":\"search_term_string\"}}],\"inLanguage\":\"fr-FR\"},{\"@type\":\"Organization\",\"@id\":\"https:\\\/\\\/www.link2fleet.com\\\/fr\\\/#organization\",\"name\":\"Link2fleet\",\"url\":\"https:\\\/\\\/www.link2fleet.com\\\/fr\\\/\",\"logo\":{\"@type\":\"ImageObject\",\"inLanguage\":\"fr-FR\",\"@id\":\"https:\\\/\\\/www.link2fleet.com\\\/fr\\\/#\\\/schema\\\/logo\\\/image\\\/\",\"url\":\"https:\\\/\\\/static.link2fleet.com\\\/wp-content\\\/uploads\\\/2024\\\/03\\\/share-image.jpg\",\"contentUrl\":\"https:\\\/\\\/static.link2fleet.com\\\/wp-content\\\/uploads\\\/2024\\\/03\\\/share-image.jpg\",\"width\":1200,\"height\":630,\"caption\":\"Link2fleet\"},\"image\":{\"@id\":\"https:\\\/\\\/www.link2fleet.com\\\/fr\\\/#\\\/schema\\\/logo\\\/image\\\/\"},\"sameAs\":[\"https:\\\/\\\/www.linkedin.com\\\/company\\\/link2fleet-belgium\",\"https:\\\/\\\/www.youtube.com\\\/user\\\/MMMBMBE\"]},{\"@type\":\"Person\",\"@id\":\"https:\\\/\\\/www.link2fleet.com\\\/fr\\\/#\\\/schema\\\/person\\\/36f3d48d12a83e110d72b602b5bebc11\",\"name\":\"Maxime Pasture\",\"image\":{\"@type\":\"ImageObject\",\"inLanguage\":\"fr-FR\",\"@id\":\"https:\\\/\\\/secure.gravatar.com\\\/avatar\\\/a17c47a11dd3996c69a173e291c692b6a028e82349994bf0d9f60936c9795b9f?s=96&d=mm&r=g\",\"url\":\"https:\\\/\\\/secure.gravatar.com\\\/avatar\\\/a17c47a11dd3996c69a173e291c692b6a028e82349994bf0d9f60936c9795b9f?s=96&d=mm&r=g\",\"contentUrl\":\"https:\\\/\\\/secure.gravatar.com\\\/avatar\\\/a17c47a11dd3996c69a173e291c692b6a028e82349994bf0d9f60936c9795b9f?s=96&d=mm&r=g\",\"caption\":\"Maxime Pasture\"},\"description\":\"Journaliste de formation, Maxime est tr\u00e8s curieux mais surtout passionn\u00e9 d'automobile. Sa curiosit\u00e9 l'am\u00e8ne \u00e0 traiter de sujets divers et vari\u00e9s li\u00e9s \u00e0 la mobilit\u00e9 au sens large et bien plus encore !\"}]}<\/script>\n<!-- \/ Yoast SEO plugin. -->","yoast_head_json":{"title":"Top 10 des mod\u00e8les les plus vendus aux professionnels et tendances (3e trimestre 2025) - link2fleet","description":"R\u00e9unies sous la coupole Mobia, les f\u00e9d\u00e9rations Traxio et Febiac livrent leur analyse du march\u00e9 automobile \u00e0 l\u2019issue du troisi\u00e8me trimestre 2025. Voici ce qu\u2019on\u2026","robots":{"index":"index","follow":"follow","max-snippet":"max-snippet:-1","max-image-preview":"max-image-preview:large","max-video-preview":"max-video-preview:-1"},"og_locale":"fr_FR","og_type":"article","og_title":"Top 10 des mod\u00e8les les plus vendus aux professionnels et tendances (3e trimestre 2025) - link2fleet","og_description":"R\u00e9unies sous la coupole Mobia, les f\u00e9d\u00e9rations Traxio et Febiac livrent leur analyse du march\u00e9 automobile \u00e0 l\u2019issue du troisi\u00e8me trimestre 2025. Voici ce qu\u2019on\u2026","og_url":"https:\/\/www.link2fleet.com\/fr\/top-10-des-modeles-les-plus-vendus-aux-professionnels-et-tendances-3e-trimestre-2025\/","og_site_name":"link2fleet","article_published_time":"2025-10-20T13:12:06+00:00","og_image":[{"width":2048,"height":1365,"url":"https:\/\/static.link2fleet.com\/wp-content\/uploads\/2025\/06\/lp-229.jpg","type":"image\/jpeg"}],"author":"Maxime Pasture","twitter_card":"summary_large_image","twitter_description":"R\u00e9unies sous la coupole Mobia, les f\u00e9d\u00e9rations Traxio et Febiac livrent leur analyse du march\u00e9 automobile \u00e0 l\u2019issue du troisi\u00e8me trimestre 2025. Voici ce qu\u2019on\u2026","twitter_misc":{"\u00c9crit par":"Journaliste de formation, Maxime est tr\u00e8s curieux mais surtout passionn\u00e9 d'automobile. Sa curiosit\u00e9 l'am\u00e8ne \u00e0 traiter de sujets divers et vari\u00e9s li\u00e9s \u00e0 la mobilit\u00e9 au sens large et bien plus encore !","Dur\u00e9e de lecture estim\u00e9e":"2 minutes"},"schema":{"@context":"https:\/\/schema.org","@graph":[{"@type":"Article","@id":"https:\/\/www.link2fleet.com\/fr\/top-10-des-modeles-les-plus-vendus-aux-professionnels-et-tendances-3e-trimestre-2025\/#article","isPartOf":{"@id":"https:\/\/www.link2fleet.com\/fr\/top-10-des-modeles-les-plus-vendus-aux-professionnels-et-tendances-3e-trimestre-2025\/"},"author":{"name":"Maxime Pasture","@id":"https:\/\/www.link2fleet.com\/fr\/#\/schema\/person\/36f3d48d12a83e110d72b602b5bebc11"},"headline":"Top 10 des mod\u00e8les les plus vendus aux professionnels et tendances (3e trimestre 2025)","datePublished":"2025-10-20T13:12:06+00:00","mainEntityOfPage":{"@id":"https:\/\/www.link2fleet.com\/fr\/top-10-des-modeles-les-plus-vendus-aux-professionnels-et-tendances-3e-trimestre-2025\/"},"wordCount":13,"publisher":{"@id":"https:\/\/www.link2fleet.com\/fr\/#organization"},"image":{"@id":"https:\/\/www.link2fleet.com\/fr\/top-10-des-modeles-les-plus-vendus-aux-professionnels-et-tendances-3e-trimestre-2025\/#primaryimage"},"thumbnailUrl":"https:\/\/static.link2fleet.com\/wp-content\/uploads\/2025\/06\/lp-229.jpg","articleSection":["A la une","Actus"],"inLanguage":"fr-FR"},{"@type":"WebPage","@id":"https:\/\/www.link2fleet.com\/fr\/top-10-des-modeles-les-plus-vendus-aux-professionnels-et-tendances-3e-trimestre-2025\/","url":"https:\/\/www.link2fleet.com\/fr\/top-10-des-modeles-les-plus-vendus-aux-professionnels-et-tendances-3e-trimestre-2025\/","name":"Top 10 des mod\u00e8les les plus vendus aux professionnels et tendances (3e trimestre 2025) - link2fleet","isPartOf":{"@id":"https:\/\/www.link2fleet.com\/fr\/#website"},"primaryImageOfPage":{"@id":"https:\/\/www.link2fleet.com\/fr\/top-10-des-modeles-les-plus-vendus-aux-professionnels-et-tendances-3e-trimestre-2025\/#primaryimage"},"image":{"@id":"https:\/\/www.link2fleet.com\/fr\/top-10-des-modeles-les-plus-vendus-aux-professionnels-et-tendances-3e-trimestre-2025\/#primaryimage"},"thumbnailUrl":"https:\/\/static.link2fleet.com\/wp-content\/uploads\/2025\/06\/lp-229.jpg","datePublished":"2025-10-20T13:12:06+00:00","description":"Les f\u00e9d\u00e9rations Traxio et Febiac livrent leur analyse du march\u00e9 automobile \u00e0 l\u2019issue du troisi\u00e8me trimestre 2025.","breadcrumb":{"@id":"https:\/\/www.link2fleet.com\/fr\/top-10-des-modeles-les-plus-vendus-aux-professionnels-et-tendances-3e-trimestre-2025\/#breadcrumb"},"inLanguage":"fr-FR","potentialAction":[{"@type":"ReadAction","target":["https:\/\/www.link2fleet.com\/fr\/top-10-des-modeles-les-plus-vendus-aux-professionnels-et-tendances-3e-trimestre-2025\/"]}]},{"@type":"ImageObject","inLanguage":"fr-FR","@id":"https:\/\/www.link2fleet.com\/fr\/top-10-des-modeles-les-plus-vendus-aux-professionnels-et-tendances-3e-trimestre-2025\/#primaryimage","url":"https:\/\/static.link2fleet.com\/wp-content\/uploads\/2025\/06\/lp-229.jpg","contentUrl":"https:\/\/static.link2fleet.com\/wp-content\/uploads\/2025\/06\/lp-229.jpg","width":2048,"height":1365,"caption":"\u00a9Lio_Photography\/link2fleet"},{"@type":"BreadcrumbList","@id":"https:\/\/www.link2fleet.com\/fr\/top-10-des-modeles-les-plus-vendus-aux-professionnels-et-tendances-3e-trimestre-2025\/#breadcrumb","itemListElement":[{"@type":"ListItem","position":1,"name":"Home","item":"https:\/\/www.link2fleet.com\/fr\/"},{"@type":"ListItem","position":2,"name":"Top 10 des mod\u00e8les les plus vendus aux professionnels et tendances (3e trimestre 2025)"}]},{"@type":"WebSite","@id":"https:\/\/www.link2fleet.com\/fr\/#website","url":"https:\/\/www.link2fleet.com\/fr\/","name":"Link2fleet","description":"","publisher":{"@id":"https:\/\/www.link2fleet.com\/fr\/#organization"},"potentialAction":[{"@type":"SearchAction","target":{"@type":"EntryPoint","urlTemplate":"https:\/\/www.link2fleet.com\/fr\/?s={search_term_string}"},"query-input":{"@type":"PropertyValueSpecification","valueRequired":true,"valueName":"search_term_string"}}],"inLanguage":"fr-FR"},{"@type":"Organization","@id":"https:\/\/www.link2fleet.com\/fr\/#organization","name":"Link2fleet","url":"https:\/\/www.link2fleet.com\/fr\/","logo":{"@type":"ImageObject","inLanguage":"fr-FR","@id":"https:\/\/www.link2fleet.com\/fr\/#\/schema\/logo\/image\/","url":"https:\/\/static.link2fleet.com\/wp-content\/uploads\/2024\/03\/share-image.jpg","contentUrl":"https:\/\/static.link2fleet.com\/wp-content\/uploads\/2024\/03\/share-image.jpg","width":1200,"height":630,"caption":"Link2fleet"},"image":{"@id":"https:\/\/www.link2fleet.com\/fr\/#\/schema\/logo\/image\/"},"sameAs":["https:\/\/www.linkedin.com\/company\/link2fleet-belgium","https:\/\/www.youtube.com\/user\/MMMBMBE"]},{"@type":"Person","@id":"https:\/\/www.link2fleet.com\/fr\/#\/schema\/person\/36f3d48d12a83e110d72b602b5bebc11","name":"Maxime Pasture","image":{"@type":"ImageObject","inLanguage":"fr-FR","@id":"https:\/\/secure.gravatar.com\/avatar\/a17c47a11dd3996c69a173e291c692b6a028e82349994bf0d9f60936c9795b9f?s=96&d=mm&r=g","url":"https:\/\/secure.gravatar.com\/avatar\/a17c47a11dd3996c69a173e291c692b6a028e82349994bf0d9f60936c9795b9f?s=96&d=mm&r=g","contentUrl":"https:\/\/secure.gravatar.com\/avatar\/a17c47a11dd3996c69a173e291c692b6a028e82349994bf0d9f60936c9795b9f?s=96&d=mm&r=g","caption":"Maxime Pasture"},"description":"Journaliste de formation, Maxime est tr\u00e8s curieux mais surtout passionn\u00e9 d'automobile. Sa curiosit\u00e9 l'am\u00e8ne \u00e0 traiter de sujets divers et vari\u00e9s li\u00e9s \u00e0 la mobilit\u00e9 au sens large et bien plus encore !"}]}},"_links":{"self":[{"href":"https:\/\/www.link2fleet.com\/fr\/wp-json\/wp\/v2\/posts\/59607","targetHints":{"allow":["GET"]}}],"collection":[{"href":"https:\/\/www.link2fleet.com\/fr\/wp-json\/wp\/v2\/posts"}],"about":[{"href":"https:\/\/www.link2fleet.com\/fr\/wp-json\/wp\/v2\/types\/post"}],"author":[{"embeddable":true,"href":"https:\/\/www.link2fleet.com\/fr\/wp-json\/wp\/v2\/users\/18"}],"replies":[{"embeddable":true,"href":"https:\/\/www.link2fleet.com\/fr\/wp-json\/wp\/v2\/comments?post=59607"}],"version-history":[{"count":2,"href":"https:\/\/www.link2fleet.com\/fr\/wp-json\/wp\/v2\/posts\/59607\/revisions"}],"predecessor-version":[{"id":59610,"href":"https:\/\/www.link2fleet.com\/fr\/wp-json\/wp\/v2\/posts\/59607\/revisions\/59610"}],"wp:featuredmedia":[{"embeddable":true,"href":"https:\/\/www.link2fleet.com\/fr\/wp-json\/wp\/v2\/media\/51796"}],"wp:attachment":[{"href":"https:\/\/www.link2fleet.com\/fr\/wp-json\/wp\/v2\/media?parent=59607"}],"wp:term":[{"taxonomy":"category","embeddable":true,"href":"https:\/\/www.link2fleet.com\/fr\/wp-json\/wp\/v2\/categories?post=59607"},{"taxonomy":"post_tag","embeddable":true,"href":"https:\/\/www.link2fleet.com\/fr\/wp-json\/wp\/v2\/tags?post=59607"}],"curies":[{"name":"wp","href":"https:\/\/api.w.org\/{rel}","templated":true}]}}