{"id":59640,"date":"2025-10-21T11:38:11","date_gmt":"2025-10-21T09:38:11","guid":{"rendered":"https:\/\/www.link2fleet.com\/?p=59640"},"modified":"2025-10-21T11:39:23","modified_gmt":"2025-10-21T09:39:23","slug":"budget-mobilite-2026-renta-et-febiac-mettent-la-pression-sur-le-gouvernement","status":"publish","type":"post","link":"https:\/\/www.link2fleet.com\/fr\/budget-mobilite-2026-renta-et-febiac-mettent-la-pression-sur-le-gouvernement\/","title":{"rendered":"Budget mobilit\u00e9 2026 : Renta et Febiac mettent la pression sur le gouvernement"},"content":{"rendered":"","protected":false},"excerpt":{"rendered":"","protected":false},"author":18,"featured_media":42511,"comment_status":"closed","ping_status":"closed","sticky":false,"template":"","format":"standard","meta":{"_acf_changed":false,"footnotes":""},"categories":[1448,135],"tags":[884],"class_list":["post-59640","post","type-post","status-publish","format-standard","has-post-thumbnail","hentry","category-a-la-une","category-news-fr","tag-budget-mobilite"],"acf":[],"yoast_head":"<!-- This site is optimized with the Yoast SEO plugin v27.3 - https:\/\/yoast.com\/product\/yoast-seo-wordpress\/ -->\n<title>Budget mobilit\u00e9 2026 : Renta et Febiac mettent la pression sur le gouvernement - link2fleet<\/title>\n<meta name=\"description\" content=\"D\u2019apr\u00e8s Renta et Febiac, le d\u00e9lai d\u2019introduction du budget mobilit\u00e9 obligatoire est irr\u00e9aliste. De plus, les 2 f\u00e9d\u00e9rations ajoutent qu\u2019avec cette introduction, le f\u00e9d\u00e9ral pourrait\u2026\" \/>\n<meta name=\"robots\" content=\"index, follow, max-snippet:-1, max-image-preview:large, max-video-preview:-1\" \/>\n<meta property=\"og:locale\" content=\"fr_FR\" \/>\n<meta property=\"og:type\" content=\"article\" \/>\n<meta property=\"og:title\" content=\"Budget mobilit\u00e9 2026 : Renta et Febiac mettent la pression sur le gouvernement - link2fleet\" \/>\n<meta property=\"og:description\" content=\"D\u2019apr\u00e8s Renta et Febiac, le d\u00e9lai d\u2019introduction du budget mobilit\u00e9 obligatoire est irr\u00e9aliste. De plus, les 2 f\u00e9d\u00e9rations ajoutent qu\u2019avec cette introduction, le f\u00e9d\u00e9ral pourrait\u2026\" \/>\n<meta property=\"og:url\" content=\"https:\/\/www.link2fleet.com\/fr\/budget-mobilite-2026-renta-et-febiac-mettent-la-pression-sur-le-gouvernement\/\" \/>\n<meta property=\"og:site_name\" content=\"link2fleet\" \/>\n<meta property=\"article:published_time\" content=\"2025-10-21T09:38:11+00:00\" \/>\n<meta property=\"article:modified_time\" content=\"2025-10-21T09:39:23+00:00\" \/>\n<meta property=\"og:image\" content=\"https:\/\/static.link2fleet.com\/wp-content\/uploads\/2025\/05\/budgetmobilite-scaled-1-900x600-1.jpg\" \/>\n\t<meta property=\"og:image:width\" content=\"900\" \/>\n\t<meta property=\"og:image:height\" content=\"600\" \/>\n\t<meta property=\"og:image:type\" content=\"image\/jpeg\" \/>\n<meta name=\"author\" content=\"Maxime Pasture\" \/>\n<meta name=\"twitter:card\" content=\"summary_large_image\" \/>\n<meta name=\"twitter:description\" content=\"D\u2019apr\u00e8s Renta et Febiac, le d\u00e9lai d\u2019introduction du budget mobilit\u00e9 obligatoire est irr\u00e9aliste. De plus, les 2 f\u00e9d\u00e9rations ajoutent qu\u2019avec cette introduction, le f\u00e9d\u00e9ral pourrait\u2026\" \/>\n<meta name=\"twitter:label1\" content=\"\u00c9crit par\" \/>\n\t<meta name=\"twitter:data1\" content=\"Journaliste de formation, Maxime est tr\u00e8s curieux mais surtout passionn\u00e9 d&#039;automobile. Sa curiosit\u00e9 l&#039;am\u00e8ne \u00e0 traiter de sujets divers et vari\u00e9s li\u00e9s \u00e0 la mobilit\u00e9 au sens large et bien plus encore !\" \/>\n\t<meta name=\"twitter:label2\" content=\"Dur\u00e9e de lecture estim\u00e9e\" \/>\n\t<meta name=\"twitter:data2\" content=\"3 minutes\" \/>\n<script type=\"application\/ld+json\" class=\"yoast-schema-graph\">{\"@context\":\"https:\\\/\\\/schema.org\",\"@graph\":[{\"@type\":\"Article\",\"@id\":\"https:\\\/\\\/www.link2fleet.com\\\/fr\\\/budget-mobilite-2026-renta-et-febiac-mettent-la-pression-sur-le-gouvernement\\\/#article\",\"isPartOf\":{\"@id\":\"https:\\\/\\\/www.link2fleet.com\\\/fr\\\/budget-mobilite-2026-renta-et-febiac-mettent-la-pression-sur-le-gouvernement\\\/\"},\"author\":{\"name\":\"Maxime Pasture\",\"@id\":\"https:\\\/\\\/www.link2fleet.com\\\/fr\\\/#\\\/schema\\\/person\\\/36f3d48d12a83e110d72b602b5bebc11\"},\"headline\":\"Budget mobilit\u00e9 2026 : Renta et Febiac mettent la pression sur le gouvernement\",\"datePublished\":\"2025-10-21T09:38:11+00:00\",\"dateModified\":\"2025-10-21T09:39:23+00:00\",\"mainEntityOfPage\":{\"@id\":\"https:\\\/\\\/www.link2fleet.com\\\/fr\\\/budget-mobilite-2026-renta-et-febiac-mettent-la-pression-sur-le-gouvernement\\\/\"},\"wordCount\":11,\"publisher\":{\"@id\":\"https:\\\/\\\/www.link2fleet.com\\\/fr\\\/#organization\"},\"image\":{\"@id\":\"https:\\\/\\\/www.link2fleet.com\\\/fr\\\/budget-mobilite-2026-renta-et-febiac-mettent-la-pression-sur-le-gouvernement\\\/#primaryimage\"},\"thumbnailUrl\":\"https:\\\/\\\/static.link2fleet.com\\\/wp-content\\\/uploads\\\/2025\\\/05\\\/budgetmobilite-scaled-1-900x600-1.jpg\",\"keywords\":[\"budget mobilit\u00e9\"],\"articleSection\":[\"A la une\",\"Actus\"],\"inLanguage\":\"fr-FR\"},{\"@type\":\"WebPage\",\"@id\":\"https:\\\/\\\/www.link2fleet.com\\\/fr\\\/budget-mobilite-2026-renta-et-febiac-mettent-la-pression-sur-le-gouvernement\\\/\",\"url\":\"https:\\\/\\\/www.link2fleet.com\\\/fr\\\/budget-mobilite-2026-renta-et-febiac-mettent-la-pression-sur-le-gouvernement\\\/\",\"name\":\"Budget mobilit\u00e9 2026 : Renta et Febiac mettent la pression sur le gouvernement - link2fleet\",\"isPartOf\":{\"@id\":\"https:\\\/\\\/www.link2fleet.com\\\/fr\\\/#website\"},\"primaryImageOfPage\":{\"@id\":\"https:\\\/\\\/www.link2fleet.com\\\/fr\\\/budget-mobilite-2026-renta-et-febiac-mettent-la-pression-sur-le-gouvernement\\\/#primaryimage\"},\"image\":{\"@id\":\"https:\\\/\\\/www.link2fleet.com\\\/fr\\\/budget-mobilite-2026-renta-et-febiac-mettent-la-pression-sur-le-gouvernement\\\/#primaryimage\"},\"thumbnailUrl\":\"https:\\\/\\\/static.link2fleet.com\\\/wp-content\\\/uploads\\\/2025\\\/05\\\/budgetmobilite-scaled-1-900x600-1.jpg\",\"datePublished\":\"2025-10-21T09:38:11+00:00\",\"dateModified\":\"2025-10-21T09:39:23+00:00\",\"description\":\"D\u2019apr\u00e8s Renta et Febiac, le d\u00e9lai d\u2019introduction du budget mobilit\u00e9 obligatoire est irr\u00e9aliste. De plus, les 2 f\u00e9d\u00e9rations ajoutent qu\u2019avec cette introduction, le f\u00e9d\u00e9ral pourrait perdre environ 100 millions d'euros de recettes par an.\",\"breadcrumb\":{\"@id\":\"https:\\\/\\\/www.link2fleet.com\\\/fr\\\/budget-mobilite-2026-renta-et-febiac-mettent-la-pression-sur-le-gouvernement\\\/#breadcrumb\"},\"inLanguage\":\"fr-FR\",\"potentialAction\":[{\"@type\":\"ReadAction\",\"target\":[\"https:\\\/\\\/www.link2fleet.com\\\/fr\\\/budget-mobilite-2026-renta-et-febiac-mettent-la-pression-sur-le-gouvernement\\\/\"]}]},{\"@type\":\"ImageObject\",\"inLanguage\":\"fr-FR\",\"@id\":\"https:\\\/\\\/www.link2fleet.com\\\/fr\\\/budget-mobilite-2026-renta-et-febiac-mettent-la-pression-sur-le-gouvernement\\\/#primaryimage\",\"url\":\"https:\\\/\\\/static.link2fleet.com\\\/wp-content\\\/uploads\\\/2025\\\/05\\\/budgetmobilite-scaled-1-900x600-1.jpg\",\"contentUrl\":\"https:\\\/\\\/static.link2fleet.com\\\/wp-content\\\/uploads\\\/2025\\\/05\\\/budgetmobilite-scaled-1-900x600-1.jpg\",\"width\":900,\"height\":600},{\"@type\":\"BreadcrumbList\",\"@id\":\"https:\\\/\\\/www.link2fleet.com\\\/fr\\\/budget-mobilite-2026-renta-et-febiac-mettent-la-pression-sur-le-gouvernement\\\/#breadcrumb\",\"itemListElement\":[{\"@type\":\"ListItem\",\"position\":1,\"name\":\"Home\",\"item\":\"https:\\\/\\\/www.link2fleet.com\\\/fr\\\/\"},{\"@type\":\"ListItem\",\"position\":2,\"name\":\"Budget mobilit\u00e9 2026 : Renta et Febiac mettent la pression sur le gouvernement\"}]},{\"@type\":\"WebSite\",\"@id\":\"https:\\\/\\\/www.link2fleet.com\\\/fr\\\/#website\",\"url\":\"https:\\\/\\\/www.link2fleet.com\\\/fr\\\/\",\"name\":\"Link2fleet\",\"description\":\"\",\"publisher\":{\"@id\":\"https:\\\/\\\/www.link2fleet.com\\\/fr\\\/#organization\"},\"potentialAction\":[{\"@type\":\"SearchAction\",\"target\":{\"@type\":\"EntryPoint\",\"urlTemplate\":\"https:\\\/\\\/www.link2fleet.com\\\/fr\\\/?s={search_term_string}\"},\"query-input\":{\"@type\":\"PropertyValueSpecification\",\"valueRequired\":true,\"valueName\":\"search_term_string\"}}],\"inLanguage\":\"fr-FR\"},{\"@type\":\"Organization\",\"@id\":\"https:\\\/\\\/www.link2fleet.com\\\/fr\\\/#organization\",\"name\":\"Link2fleet\",\"url\":\"https:\\\/\\\/www.link2fleet.com\\\/fr\\\/\",\"logo\":{\"@type\":\"ImageObject\",\"inLanguage\":\"fr-FR\",\"@id\":\"https:\\\/\\\/www.link2fleet.com\\\/fr\\\/#\\\/schema\\\/logo\\\/image\\\/\",\"url\":\"https:\\\/\\\/static.link2fleet.com\\\/wp-content\\\/uploads\\\/2024\\\/03\\\/share-image.jpg\",\"contentUrl\":\"https:\\\/\\\/static.link2fleet.com\\\/wp-content\\\/uploads\\\/2024\\\/03\\\/share-image.jpg\",\"width\":1200,\"height\":630,\"caption\":\"Link2fleet\"},\"image\":{\"@id\":\"https:\\\/\\\/www.link2fleet.com\\\/fr\\\/#\\\/schema\\\/logo\\\/image\\\/\"},\"sameAs\":[\"https:\\\/\\\/www.linkedin.com\\\/company\\\/link2fleet-belgium\",\"https:\\\/\\\/www.youtube.com\\\/user\\\/MMMBMBE\"]},{\"@type\":\"Person\",\"@id\":\"https:\\\/\\\/www.link2fleet.com\\\/fr\\\/#\\\/schema\\\/person\\\/36f3d48d12a83e110d72b602b5bebc11\",\"name\":\"Maxime Pasture\",\"image\":{\"@type\":\"ImageObject\",\"inLanguage\":\"fr-FR\",\"@id\":\"https:\\\/\\\/secure.gravatar.com\\\/avatar\\\/a17c47a11dd3996c69a173e291c692b6a028e82349994bf0d9f60936c9795b9f?s=96&d=mm&r=g\",\"url\":\"https:\\\/\\\/secure.gravatar.com\\\/avatar\\\/a17c47a11dd3996c69a173e291c692b6a028e82349994bf0d9f60936c9795b9f?s=96&d=mm&r=g\",\"contentUrl\":\"https:\\\/\\\/secure.gravatar.com\\\/avatar\\\/a17c47a11dd3996c69a173e291c692b6a028e82349994bf0d9f60936c9795b9f?s=96&d=mm&r=g\",\"caption\":\"Maxime Pasture\"},\"description\":\"Journaliste de formation, Maxime est tr\u00e8s curieux mais surtout passionn\u00e9 d'automobile. Sa curiosit\u00e9 l'am\u00e8ne \u00e0 traiter de sujets divers et vari\u00e9s li\u00e9s \u00e0 la mobilit\u00e9 au sens large et bien plus encore !\"}]}<\/script>\n<!-- \/ Yoast SEO plugin. -->","yoast_head_json":{"title":"Budget mobilit\u00e9 2026 : Renta et Febiac mettent la pression sur le gouvernement - link2fleet","description":"D\u2019apr\u00e8s Renta et Febiac, le d\u00e9lai d\u2019introduction du budget mobilit\u00e9 obligatoire est irr\u00e9aliste. De plus, les 2 f\u00e9d\u00e9rations ajoutent qu\u2019avec cette introduction, le f\u00e9d\u00e9ral pourrait\u2026","robots":{"index":"index","follow":"follow","max-snippet":"max-snippet:-1","max-image-preview":"max-image-preview:large","max-video-preview":"max-video-preview:-1"},"og_locale":"fr_FR","og_type":"article","og_title":"Budget mobilit\u00e9 2026 : Renta et Febiac mettent la pression sur le gouvernement - link2fleet","og_description":"D\u2019apr\u00e8s Renta et Febiac, le d\u00e9lai d\u2019introduction du budget mobilit\u00e9 obligatoire est irr\u00e9aliste. De plus, les 2 f\u00e9d\u00e9rations ajoutent qu\u2019avec cette introduction, le f\u00e9d\u00e9ral pourrait\u2026","og_url":"https:\/\/www.link2fleet.com\/fr\/budget-mobilite-2026-renta-et-febiac-mettent-la-pression-sur-le-gouvernement\/","og_site_name":"link2fleet","article_published_time":"2025-10-21T09:38:11+00:00","article_modified_time":"2025-10-21T09:39:23+00:00","og_image":[{"width":900,"height":600,"url":"https:\/\/static.link2fleet.com\/wp-content\/uploads\/2025\/05\/budgetmobilite-scaled-1-900x600-1.jpg","type":"image\/jpeg"}],"author":"Maxime Pasture","twitter_card":"summary_large_image","twitter_description":"D\u2019apr\u00e8s Renta et Febiac, le d\u00e9lai d\u2019introduction du budget mobilit\u00e9 obligatoire est irr\u00e9aliste. De plus, les 2 f\u00e9d\u00e9rations ajoutent qu\u2019avec cette introduction, le f\u00e9d\u00e9ral pourrait\u2026","twitter_misc":{"\u00c9crit par":"Journaliste de formation, Maxime est tr\u00e8s curieux mais surtout passionn\u00e9 d'automobile. Sa curiosit\u00e9 l'am\u00e8ne \u00e0 traiter de sujets divers et vari\u00e9s li\u00e9s \u00e0 la mobilit\u00e9 au sens large et bien plus encore !","Dur\u00e9e de lecture estim\u00e9e":"3 minutes"},"schema":{"@context":"https:\/\/schema.org","@graph":[{"@type":"Article","@id":"https:\/\/www.link2fleet.com\/fr\/budget-mobilite-2026-renta-et-febiac-mettent-la-pression-sur-le-gouvernement\/#article","isPartOf":{"@id":"https:\/\/www.link2fleet.com\/fr\/budget-mobilite-2026-renta-et-febiac-mettent-la-pression-sur-le-gouvernement\/"},"author":{"name":"Maxime Pasture","@id":"https:\/\/www.link2fleet.com\/fr\/#\/schema\/person\/36f3d48d12a83e110d72b602b5bebc11"},"headline":"Budget mobilit\u00e9 2026 : Renta et Febiac mettent la pression sur le gouvernement","datePublished":"2025-10-21T09:38:11+00:00","dateModified":"2025-10-21T09:39:23+00:00","mainEntityOfPage":{"@id":"https:\/\/www.link2fleet.com\/fr\/budget-mobilite-2026-renta-et-febiac-mettent-la-pression-sur-le-gouvernement\/"},"wordCount":11,"publisher":{"@id":"https:\/\/www.link2fleet.com\/fr\/#organization"},"image":{"@id":"https:\/\/www.link2fleet.com\/fr\/budget-mobilite-2026-renta-et-febiac-mettent-la-pression-sur-le-gouvernement\/#primaryimage"},"thumbnailUrl":"https:\/\/static.link2fleet.com\/wp-content\/uploads\/2025\/05\/budgetmobilite-scaled-1-900x600-1.jpg","keywords":["budget mobilit\u00e9"],"articleSection":["A la une","Actus"],"inLanguage":"fr-FR"},{"@type":"WebPage","@id":"https:\/\/www.link2fleet.com\/fr\/budget-mobilite-2026-renta-et-febiac-mettent-la-pression-sur-le-gouvernement\/","url":"https:\/\/www.link2fleet.com\/fr\/budget-mobilite-2026-renta-et-febiac-mettent-la-pression-sur-le-gouvernement\/","name":"Budget mobilit\u00e9 2026 : Renta et Febiac mettent la pression sur le gouvernement - link2fleet","isPartOf":{"@id":"https:\/\/www.link2fleet.com\/fr\/#website"},"primaryImageOfPage":{"@id":"https:\/\/www.link2fleet.com\/fr\/budget-mobilite-2026-renta-et-febiac-mettent-la-pression-sur-le-gouvernement\/#primaryimage"},"image":{"@id":"https:\/\/www.link2fleet.com\/fr\/budget-mobilite-2026-renta-et-febiac-mettent-la-pression-sur-le-gouvernement\/#primaryimage"},"thumbnailUrl":"https:\/\/static.link2fleet.com\/wp-content\/uploads\/2025\/05\/budgetmobilite-scaled-1-900x600-1.jpg","datePublished":"2025-10-21T09:38:11+00:00","dateModified":"2025-10-21T09:39:23+00:00","description":"D\u2019apr\u00e8s Renta et Febiac, le d\u00e9lai d\u2019introduction du budget mobilit\u00e9 obligatoire est irr\u00e9aliste. De plus, les 2 f\u00e9d\u00e9rations ajoutent qu\u2019avec cette introduction, le f\u00e9d\u00e9ral pourrait perdre environ 100 millions d'euros de recettes par an.","breadcrumb":{"@id":"https:\/\/www.link2fleet.com\/fr\/budget-mobilite-2026-renta-et-febiac-mettent-la-pression-sur-le-gouvernement\/#breadcrumb"},"inLanguage":"fr-FR","potentialAction":[{"@type":"ReadAction","target":["https:\/\/www.link2fleet.com\/fr\/budget-mobilite-2026-renta-et-febiac-mettent-la-pression-sur-le-gouvernement\/"]}]},{"@type":"ImageObject","inLanguage":"fr-FR","@id":"https:\/\/www.link2fleet.com\/fr\/budget-mobilite-2026-renta-et-febiac-mettent-la-pression-sur-le-gouvernement\/#primaryimage","url":"https:\/\/static.link2fleet.com\/wp-content\/uploads\/2025\/05\/budgetmobilite-scaled-1-900x600-1.jpg","contentUrl":"https:\/\/static.link2fleet.com\/wp-content\/uploads\/2025\/05\/budgetmobilite-scaled-1-900x600-1.jpg","width":900,"height":600},{"@type":"BreadcrumbList","@id":"https:\/\/www.link2fleet.com\/fr\/budget-mobilite-2026-renta-et-febiac-mettent-la-pression-sur-le-gouvernement\/#breadcrumb","itemListElement":[{"@type":"ListItem","position":1,"name":"Home","item":"https:\/\/www.link2fleet.com\/fr\/"},{"@type":"ListItem","position":2,"name":"Budget mobilit\u00e9 2026 : Renta et Febiac mettent la pression sur le gouvernement"}]},{"@type":"WebSite","@id":"https:\/\/www.link2fleet.com\/fr\/#website","url":"https:\/\/www.link2fleet.com\/fr\/","name":"Link2fleet","description":"","publisher":{"@id":"https:\/\/www.link2fleet.com\/fr\/#organization"},"potentialAction":[{"@type":"SearchAction","target":{"@type":"EntryPoint","urlTemplate":"https:\/\/www.link2fleet.com\/fr\/?s={search_term_string}"},"query-input":{"@type":"PropertyValueSpecification","valueRequired":true,"valueName":"search_term_string"}}],"inLanguage":"fr-FR"},{"@type":"Organization","@id":"https:\/\/www.link2fleet.com\/fr\/#organization","name":"Link2fleet","url":"https:\/\/www.link2fleet.com\/fr\/","logo":{"@type":"ImageObject","inLanguage":"fr-FR","@id":"https:\/\/www.link2fleet.com\/fr\/#\/schema\/logo\/image\/","url":"https:\/\/static.link2fleet.com\/wp-content\/uploads\/2024\/03\/share-image.jpg","contentUrl":"https:\/\/static.link2fleet.com\/wp-content\/uploads\/2024\/03\/share-image.jpg","width":1200,"height":630,"caption":"Link2fleet"},"image":{"@id":"https:\/\/www.link2fleet.com\/fr\/#\/schema\/logo\/image\/"},"sameAs":["https:\/\/www.linkedin.com\/company\/link2fleet-belgium","https:\/\/www.youtube.com\/user\/MMMBMBE"]},{"@type":"Person","@id":"https:\/\/www.link2fleet.com\/fr\/#\/schema\/person\/36f3d48d12a83e110d72b602b5bebc11","name":"Maxime Pasture","image":{"@type":"ImageObject","inLanguage":"fr-FR","@id":"https:\/\/secure.gravatar.com\/avatar\/a17c47a11dd3996c69a173e291c692b6a028e82349994bf0d9f60936c9795b9f?s=96&d=mm&r=g","url":"https:\/\/secure.gravatar.com\/avatar\/a17c47a11dd3996c69a173e291c692b6a028e82349994bf0d9f60936c9795b9f?s=96&d=mm&r=g","contentUrl":"https:\/\/secure.gravatar.com\/avatar\/a17c47a11dd3996c69a173e291c692b6a028e82349994bf0d9f60936c9795b9f?s=96&d=mm&r=g","caption":"Maxime Pasture"},"description":"Journaliste de formation, Maxime est tr\u00e8s curieux mais surtout passionn\u00e9 d'automobile. Sa curiosit\u00e9 l'am\u00e8ne \u00e0 traiter de sujets divers et vari\u00e9s li\u00e9s \u00e0 la mobilit\u00e9 au sens large et bien plus encore !"}]}},"_links":{"self":[{"href":"https:\/\/www.link2fleet.com\/fr\/wp-json\/wp\/v2\/posts\/59640","targetHints":{"allow":["GET"]}}],"collection":[{"href":"https:\/\/www.link2fleet.com\/fr\/wp-json\/wp\/v2\/posts"}],"about":[{"href":"https:\/\/www.link2fleet.com\/fr\/wp-json\/wp\/v2\/types\/post"}],"author":[{"embeddable":true,"href":"https:\/\/www.link2fleet.com\/fr\/wp-json\/wp\/v2\/users\/18"}],"replies":[{"embeddable":true,"href":"https:\/\/www.link2fleet.com\/fr\/wp-json\/wp\/v2\/comments?post=59640"}],"version-history":[{"count":1,"href":"https:\/\/www.link2fleet.com\/fr\/wp-json\/wp\/v2\/posts\/59640\/revisions"}],"predecessor-version":[{"id":59642,"href":"https:\/\/www.link2fleet.com\/fr\/wp-json\/wp\/v2\/posts\/59640\/revisions\/59642"}],"wp:featuredmedia":[{"embeddable":true,"href":"https:\/\/www.link2fleet.com\/fr\/wp-json\/wp\/v2\/media\/42511"}],"wp:attachment":[{"href":"https:\/\/www.link2fleet.com\/fr\/wp-json\/wp\/v2\/media?parent=59640"}],"wp:term":[{"taxonomy":"category","embeddable":true,"href":"https:\/\/www.link2fleet.com\/fr\/wp-json\/wp\/v2\/categories?post=59640"},{"taxonomy":"post_tag","embeddable":true,"href":"https:\/\/www.link2fleet.com\/fr\/wp-json\/wp\/v2\/tags?post=59640"}],"curies":[{"name":"wp","href":"https:\/\/api.w.org\/{rel}","templated":true}]}}