{"id":6009,"date":"2022-04-01T12:11:10","date_gmt":"2022-04-01T10:11:10","guid":{"rendered":"https:\/\/www.link2fleet.com\/arval-belgique-et-luminus-unissent-leurs-forces-pour-repondre-au-besoin-croissant-de-bornes-de-recharge\/"},"modified":"2024-04-17T16:47:25","modified_gmt":"2024-04-17T14:47:25","slug":"arval-belgique-et-luminus-unissent-leurs-forces-pour-repondre-au-besoin-croissant-de-bornes-de-recharge","status":"publish","type":"post","link":"https:\/\/www.link2fleet.com\/fr\/arval-belgique-et-luminus-unissent-leurs-forces-pour-repondre-au-besoin-croissant-de-bornes-de-recharge\/","title":{"rendered":"Arval Belgique et Luminus unissent leurs forces pour r\u00e9pondre au besoin croissant de bornes de recharge"},"content":{"rendered":"<p><strong>Le succ\u00e8s croissant des voitures \u00e9lectriques<\/strong><br \/>\nAu cours des deux premiers mois de l\u2019ann\u00e9e 2022, Arval Belgium a d\u00e9j\u00e0 mis 3 654 nouvelles voitures de soci\u00e9t\u00e9 sur les routes belges. Pr\u00e8s d&rsquo;un sur cinq (18%) d&rsquo;entre eux sont des v\u00e9hicules 100% \u00e9lectriques. Le leader du march\u00e9 du leasing en Belgique voit le nombre de v\u00e9hicules \u00e9lectriques multipli\u00e9 par six d&rsquo;ici deux ans : en 2021, un peu plus d&rsquo;un v\u00e9hicule neuf sur 8 immatricul\u00e9 chez Arval (12%) \u00e9tait \u00e9lectrique, et en 2020, moins d&rsquo;un sur 30 (3%).<\/p>\n<blockquote><p><em>\u00ab\u00a0Depuis 2020, nous avons constat\u00e9 une croissance exponentielle du nombre de v\u00e9hicules commerciaux \u00e9lectriques et enti\u00e8rement hybrides. Pour soutenir cette augmentation significative, il est important de fournir rapidement des solutions de recharge suffisantes chez les conducteurs de nos clients. Gr\u00e2ce \u00e0 notre partenariat avec Luminus, l&rsquo;un des plus grands acteurs du secteur de l&rsquo;\u00e9nergie, notre capacit\u00e9 \u00e0 fournir rapidement une solution de recharge adapt\u00e9e est consid\u00e9rablement \u00e9largie, en plus de nos partenaires actuels.\u00a0\u00bb<\/em><br \/>\nLaurent Loncke, directeur g\u00e9n\u00e9ral d&rsquo;Arval Belgique<\/p><\/blockquote>\n<p><strong>Le besoin de possibilit\u00e9s de recharge va encore augmenter<\/strong><br \/>\n\u00c0 partir de 2023, les avantages fiscaux pour les nouvelles voitures de soci\u00e9t\u00e9 seront encore r\u00e9duits si elles ne sont pas 100 % \u00e9lectriques. En effet, \u00e0 partir du 1er janvier 2026, ces avantages ne s&rsquo;appliqueront plus aux nouveaux contrats. C&rsquo;est pourquoi Arval Belgium s&rsquo;attend \u00e0 ce que de plus en plus de conducteurs optent pour une voiture \u00e9lectrique ou enti\u00e8rement hybride dans les mois et ann\u00e9es \u00e0 venir. Cela ressort \u00e9galement des commandes pass\u00e9es au cours des deux premiers mois de 2022 : 43% des commandes sont \u00e9lectrifi\u00e9es (BEV et hybrides) et plus de 21% sont 100% \u00e9lectriques.\u00a0 Des recherches r\u00e9centes montrent \u00e9galement que pr\u00e8s d&rsquo;un salari\u00e9 du secteur priv\u00e9 sur quatre dispose d&rsquo;une voiture de fonction. Gr\u00e2ce \u00e0 ces deux facteurs, la demande d&rsquo;installations de recharge pour ces voitures, c&rsquo;est-\u00e0-dire de bornes de recharge sur la voie publique mais aussi chez les particuliers, continuera d&rsquo;augmenter dans les ann\u00e9es \u00e0 venir.<\/p>\n<figure id=\"attachment_1278899\" aria-describedby=\"caption-attachment-1278899\" style=\"width: 300px\" class=\"wp-caption alignleft\"><a href=\"https:\/\/www.link2fleet.com\/wp-content\/uploads\/2022\/04\/collabo-Arval_luminus_1.jpg\"><img loading=\"lazy\" decoding=\"async\" class=\"size-medium wp-image-1278899\" src=\"https:\/\/www.link2fleet.com\/wp-content\/uploads\/2022\/04\/collabo-Arval_luminus_1-300x196.jpg\" alt=\"\" width=\"300\" height=\"196\" \/><\/a><figcaption id=\"caption-attachment-1278899\" class=\"wp-caption-text\">Gr\u00e9goire Dallemagne, CEO van Luminus et Laurent Loncke, General Manager van Arval Belgi\u00eb<\/figcaption><\/figure>\n<p>M\u00eame si le nombre de bornes de recharge sur la voie publique en Belgique continue d&rsquo;augmenter &#8211; en 2021, il y avait un peu moins de 15 000 bornes de recharge sur la voie publique, alors qu&rsquo;il n&rsquo;y en avait que 8 500 en 2020 &#8211; il sera crucial d&rsquo;installer des infrastructures de recharge au domicile des conducteurs \u00e9galement. Dans un premier temps, Luminus installera des bornes de recharge intelligentes pour les conducteurs des clients d&rsquo;Arval Belgium. \u00a0Ces bornes connect\u00e9es mesurent la consommation d\u2019\u00e9lectricit\u00e9 qui est utilis\u00e9e pour recharger une voiture \u00e0 la maison et permettent le remboursement de ces co\u00fbts, aux conducteurs lorsqu\u2019ils sont employ\u00e9s d\u2019une entreprise. En outre, Luminus proposera des cartes de recharge afin que les conducteurs puissent recharger dans les stations de recharge publiques par l&rsquo;interm\u00e9diaire d&rsquo;Arval Belgium. Enfin, Luminus fournira \u00e9galement des chargeurs mobiles intelligents permettant aux conducteurs qui n\u2019ont pas la possibilit\u00e9 d\u2019installer une borne de recharge fixe \u00e0 la maison, de recharger leur voiture.<\/p>\n<p><strong>Des solutions de mobilit\u00e9 durable adapt\u00e9es \u00e0 vos besoins<\/strong><br \/>\nLa collaboration avec Luminus s&rsquo;inscrit pleinement dans la strat\u00e9gie 2020-2025 d&rsquo;Arval Belgium, qui met l&rsquo;accent sur l&rsquo;\u00e9lectrification acc\u00e9l\u00e9r\u00e9e de la flotte, l&rsquo;offre de formes alternatives de mobilit\u00e9 et la sensibilisation d&rsquo;un public plus large gr\u00e2ce \u00e0 des partenariats avec d&rsquo;autres entreprises. Avec Luminus comme partenaire, Arval Belgium entend r\u00e9aliser son ambition d&rsquo;offrir \u00e0 ses clients des solutions de mobilit\u00e9 durables et innovantes, adapt\u00e9es \u00e0 leurs besoins.<\/p>\n<blockquote><p><em>\u00ab<\/em><em>\u00a0<\/em><em>Nous constatons d\u00e9j\u00e0 que la plupart des entreprises acc\u00e9l\u00e8rent l&rsquo;\u00e9lectrification de leur parc de voitures de fonction. Elles adaptent leurs politiques en mati\u00e8re de voitures, mais elles s&rsquo;int\u00e9ressent aussi de plus en plus au co\u00fbt total de possession, de sorte que nos clients accordent \u00e9galement plus d&rsquo;attention \u00e0 la recharge des voitures de fonction et \u00e0 la mani\u00e8re la plus efficace de le faire. Si la quasi-totalit\u00e9 des voitures de soci\u00e9t\u00e9 doivent \u00eatre \u00e9lectriques d&rsquo;ici 2026, il faudra multiplier les stations de recharge publiques, semi-publiques et priv\u00e9es pour recharger les voitures.<\/em><em>\u00a0<\/em><em>\u00bb<\/em><br \/>\nLaurent Loncke, directeur g\u00e9n\u00e9ral d&rsquo;Arval Belgique.<\/p><\/blockquote>\n<p><strong>Construire un avenir \u00e9nerg\u00e9tique neutre en CO2 <\/strong><br \/>\nPlus que jamais, Luminus souhaite construire un avenir \u00e9nerg\u00e9tique neutre en CO2 et l&rsquo;\u00e9lectrification est la voie \u00e0 suivre, \u00e9galement pour la mobilit\u00e9.<\/p>\n<blockquote><p><em>\u00ab<\/em><em>\u00a0<\/em><em>Je suis extr\u00eamement heureux de notre partenariat avec Arval Belgium. Une voiture \u00e9lectrique est trois fois plus efficace qu&rsquo;une voiture \u00e0 moteur \u00e0 combustion interne. De plus, l&rsquo;\u00e9lectricit\u00e9 est la seule \u00e9nergie qui peut \u00eatre rendue produite \u00e0 grande \u00e9chelle de mani\u00e8re neutre en CO2 \u00e0 grande \u00e9chelle. Et m\u00eame lorsque l&rsquo;\u00e9lectricit\u00e9 est produite par une centrale \u00e0 gaz pour charger la voiture \u00e9lectrique, on \u00e9met moins de CO2 que lorsque cette voiture roule au diesel ou \u00e0 l&rsquo;essence.<\/em><em>\u00a0<\/em><em>\u00bb<\/em><br \/>\nGr\u00e9goire Dallemagne, CEO de Luminus<\/p><\/blockquote>\n","protected":false},"excerpt":{"rendered":"<p>Le succ\u00e8s croissant des voitures \u00e9lectriques Au cours des deux premiers mois de l\u2019ann\u00e9e 2022, Arval Belgium a d\u00e9j\u00e0 mis 3 654 nouvelles voitures de soci\u00e9t\u00e9 sur les routes belges. Pr\u00e8s d&rsquo;un sur cinq (18%) d&rsquo;entre eux sont des v\u00e9hicules 100% \u00e9lectriques. Le leader du march\u00e9 du leasing en Belgique voit le nombre de v\u00e9hicules [&hellip;]<\/p>\n","protected":false},"author":4,"featured_media":6010,"comment_status":"closed","ping_status":"closed","sticky":false,"template":"","format":"standard","meta":{"_acf_changed":false,"footnotes":""},"categories":[91,79],"tags":[],"class_list":["post-6009","post","type-post","status-publish","format-standard","has-post-thumbnail","hentry","category-expertise-et-management","category-societes-de-leasing"],"acf":[],"yoast_head":"<!-- This site is optimized with the Yoast SEO plugin v27.3 - https:\/\/yoast.com\/product\/yoast-seo-wordpress\/ -->\n<title>Arval Belgique et Luminus unissent leurs forces pour r\u00e9pondre au besoin croissant de bornes de recharge - link2fleet<\/title>\n<meta name=\"description\" content=\"L&rsquo;entreprise de solutions de mobilit\u00e9 Arval, leader sur le march\u00e9 belge du leasing automobile, s&rsquo;est aussi associ\u00e9e au fournisseur d&rsquo;\u00e9nergie Luminus pour r\u00e9pondre \u00e0 l&rsquo;engouement\u2026\" \/>\n<meta name=\"robots\" content=\"index, follow, max-snippet:-1, max-image-preview:large, max-video-preview:-1\" \/>\n<meta property=\"og:locale\" content=\"fr_FR\" \/>\n<meta property=\"og:type\" content=\"article\" \/>\n<meta property=\"og:title\" content=\"Arval Belgique et Luminus unissent leurs forces pour r\u00e9pondre au besoin croissant de bornes de recharge - link2fleet\" \/>\n<meta property=\"og:description\" content=\"L&rsquo;entreprise de solutions de mobilit\u00e9 Arval, leader sur le march\u00e9 belge du leasing automobile, s&rsquo;est aussi associ\u00e9e au fournisseur d&rsquo;\u00e9nergie Luminus pour r\u00e9pondre \u00e0 l&rsquo;engouement\u2026\" \/>\n<meta property=\"og:url\" content=\"https:\/\/www.link2fleet.com\/fr\/arval-belgique-et-luminus-unissent-leurs-forces-pour-repondre-au-besoin-croissant-de-bornes-de-recharge\/\" \/>\n<meta property=\"og:site_name\" content=\"link2fleet\" \/>\n<meta property=\"article:published_time\" content=\"2022-04-01T10:11:10+00:00\" \/>\n<meta property=\"article:modified_time\" content=\"2024-04-17T14:47:25+00:00\" \/>\n<meta property=\"og:image\" content=\"https:\/\/static.link2fleet.com\/wp-content\/uploads\/2024\/03\/collabo-arval-luminus-2-scaled-1.jpg\" \/>\n\t<meta property=\"og:image:width\" content=\"2560\" \/>\n\t<meta property=\"og:image:height\" content=\"1891\" \/>\n\t<meta property=\"og:image:type\" content=\"image\/jpeg\" \/>\n<meta name=\"author\" content=\"Damien Malvetti\" \/>\n<meta name=\"twitter:card\" content=\"summary_large_image\" \/>\n<meta name=\"twitter:description\" content=\"L&rsquo;entreprise de solutions de mobilit\u00e9 Arval, leader sur le march\u00e9 belge du leasing automobile, s&rsquo;est aussi associ\u00e9e au fournisseur d&rsquo;\u00e9nergie Luminus pour r\u00e9pondre \u00e0 l&rsquo;engouement\u2026\" \/>\n<meta name=\"twitter:label1\" content=\"\u00c9crit par\" \/>\n\t<meta name=\"twitter:data1\" content=\"Damien Malvetti\" \/>\n\t<meta name=\"twitter:label2\" content=\"Dur\u00e9e de lecture estim\u00e9e\" \/>\n\t<meta name=\"twitter:data2\" content=\"4 minutes\" \/>\n<script type=\"application\/ld+json\" class=\"yoast-schema-graph\">{\"@context\":\"https:\\\/\\\/schema.org\",\"@graph\":[{\"@type\":\"Article\",\"@id\":\"https:\\\/\\\/www.link2fleet.com\\\/fr\\\/arval-belgique-et-luminus-unissent-leurs-forces-pour-repondre-au-besoin-croissant-de-bornes-de-recharge\\\/#article\",\"isPartOf\":{\"@id\":\"https:\\\/\\\/www.link2fleet.com\\\/fr\\\/arval-belgique-et-luminus-unissent-leurs-forces-pour-repondre-au-besoin-croissant-de-bornes-de-recharge\\\/\"},\"author\":{\"name\":\"Damien Malvetti\",\"@id\":\"https:\\\/\\\/www.link2fleet.com\\\/fr\\\/#\\\/schema\\\/person\\\/027cd46113c78036b3809c9a054049da\"},\"headline\":\"Arval Belgique et Luminus unissent leurs forces pour r\u00e9pondre au besoin croissant de bornes de recharge\",\"datePublished\":\"2022-04-01T10:11:10+00:00\",\"dateModified\":\"2024-04-17T14:47:25+00:00\",\"mainEntityOfPage\":{\"@id\":\"https:\\\/\\\/www.link2fleet.com\\\/fr\\\/arval-belgique-et-luminus-unissent-leurs-forces-pour-repondre-au-besoin-croissant-de-bornes-de-recharge\\\/\"},\"wordCount\":865,\"publisher\":{\"@id\":\"https:\\\/\\\/www.link2fleet.com\\\/fr\\\/#organization\"},\"image\":{\"@id\":\"https:\\\/\\\/www.link2fleet.com\\\/fr\\\/arval-belgique-et-luminus-unissent-leurs-forces-pour-repondre-au-besoin-croissant-de-bornes-de-recharge\\\/#primaryimage\"},\"thumbnailUrl\":\"https:\\\/\\\/static.link2fleet.com\\\/wp-content\\\/uploads\\\/2024\\\/03\\\/collabo-arval-luminus-2-scaled-1.jpg\",\"articleSection\":[\"Gestion de flotte\",\"Location long-terme\"],\"inLanguage\":\"fr-FR\"},{\"@type\":\"WebPage\",\"@id\":\"https:\\\/\\\/www.link2fleet.com\\\/fr\\\/arval-belgique-et-luminus-unissent-leurs-forces-pour-repondre-au-besoin-croissant-de-bornes-de-recharge\\\/\",\"url\":\"https:\\\/\\\/www.link2fleet.com\\\/fr\\\/arval-belgique-et-luminus-unissent-leurs-forces-pour-repondre-au-besoin-croissant-de-bornes-de-recharge\\\/\",\"name\":\"Arval Belgique et Luminus unissent leurs forces pour r\u00e9pondre au besoin croissant de bornes de recharge - link2fleet\",\"isPartOf\":{\"@id\":\"https:\\\/\\\/www.link2fleet.com\\\/fr\\\/#website\"},\"primaryImageOfPage\":{\"@id\":\"https:\\\/\\\/www.link2fleet.com\\\/fr\\\/arval-belgique-et-luminus-unissent-leurs-forces-pour-repondre-au-besoin-croissant-de-bornes-de-recharge\\\/#primaryimage\"},\"image\":{\"@id\":\"https:\\\/\\\/www.link2fleet.com\\\/fr\\\/arval-belgique-et-luminus-unissent-leurs-forces-pour-repondre-au-besoin-croissant-de-bornes-de-recharge\\\/#primaryimage\"},\"thumbnailUrl\":\"https:\\\/\\\/static.link2fleet.com\\\/wp-content\\\/uploads\\\/2024\\\/03\\\/collabo-arval-luminus-2-scaled-1.jpg\",\"datePublished\":\"2022-04-01T10:11:10+00:00\",\"dateModified\":\"2024-04-17T14:47:25+00:00\",\"breadcrumb\":{\"@id\":\"https:\\\/\\\/www.link2fleet.com\\\/fr\\\/arval-belgique-et-luminus-unissent-leurs-forces-pour-repondre-au-besoin-croissant-de-bornes-de-recharge\\\/#breadcrumb\"},\"inLanguage\":\"fr-FR\",\"potentialAction\":[{\"@type\":\"ReadAction\",\"target\":[\"https:\\\/\\\/www.link2fleet.com\\\/fr\\\/arval-belgique-et-luminus-unissent-leurs-forces-pour-repondre-au-besoin-croissant-de-bornes-de-recharge\\\/\"]}]},{\"@type\":\"ImageObject\",\"inLanguage\":\"fr-FR\",\"@id\":\"https:\\\/\\\/www.link2fleet.com\\\/fr\\\/arval-belgique-et-luminus-unissent-leurs-forces-pour-repondre-au-besoin-croissant-de-bornes-de-recharge\\\/#primaryimage\",\"url\":\"https:\\\/\\\/static.link2fleet.com\\\/wp-content\\\/uploads\\\/2024\\\/03\\\/collabo-arval-luminus-2-scaled-1.jpg\",\"contentUrl\":\"https:\\\/\\\/static.link2fleet.com\\\/wp-content\\\/uploads\\\/2024\\\/03\\\/collabo-arval-luminus-2-scaled-1.jpg\",\"width\":2560,\"height\":1891,\"caption\":\"|Gr\u00e9goire Dallemagne\"},{\"@type\":\"BreadcrumbList\",\"@id\":\"https:\\\/\\\/www.link2fleet.com\\\/fr\\\/arval-belgique-et-luminus-unissent-leurs-forces-pour-repondre-au-besoin-croissant-de-bornes-de-recharge\\\/#breadcrumb\",\"itemListElement\":[{\"@type\":\"ListItem\",\"position\":1,\"name\":\"Home\",\"item\":\"https:\\\/\\\/www.link2fleet.com\\\/fr\\\/\"},{\"@type\":\"ListItem\",\"position\":2,\"name\":\"Arval Belgique et Luminus unissent leurs forces pour r\u00e9pondre au besoin croissant de bornes de recharge\"}]},{\"@type\":\"WebSite\",\"@id\":\"https:\\\/\\\/www.link2fleet.com\\\/fr\\\/#website\",\"url\":\"https:\\\/\\\/www.link2fleet.com\\\/fr\\\/\",\"name\":\"Link2fleet\",\"description\":\"\",\"publisher\":{\"@id\":\"https:\\\/\\\/www.link2fleet.com\\\/fr\\\/#organization\"},\"potentialAction\":[{\"@type\":\"SearchAction\",\"target\":{\"@type\":\"EntryPoint\",\"urlTemplate\":\"https:\\\/\\\/www.link2fleet.com\\\/fr\\\/?s={search_term_string}\"},\"query-input\":{\"@type\":\"PropertyValueSpecification\",\"valueRequired\":true,\"valueName\":\"search_term_string\"}}],\"inLanguage\":\"fr-FR\"},{\"@type\":\"Organization\",\"@id\":\"https:\\\/\\\/www.link2fleet.com\\\/fr\\\/#organization\",\"name\":\"Link2fleet\",\"url\":\"https:\\\/\\\/www.link2fleet.com\\\/fr\\\/\",\"logo\":{\"@type\":\"ImageObject\",\"inLanguage\":\"fr-FR\",\"@id\":\"https:\\\/\\\/www.link2fleet.com\\\/fr\\\/#\\\/schema\\\/logo\\\/image\\\/\",\"url\":\"https:\\\/\\\/static.link2fleet.com\\\/wp-content\\\/uploads\\\/2024\\\/03\\\/share-image.jpg\",\"contentUrl\":\"https:\\\/\\\/static.link2fleet.com\\\/wp-content\\\/uploads\\\/2024\\\/03\\\/share-image.jpg\",\"width\":1200,\"height\":630,\"caption\":\"Link2fleet\"},\"image\":{\"@id\":\"https:\\\/\\\/www.link2fleet.com\\\/fr\\\/#\\\/schema\\\/logo\\\/image\\\/\"},\"sameAs\":[\"https:\\\/\\\/www.linkedin.com\\\/company\\\/link2fleet-belgium\",\"https:\\\/\\\/www.youtube.com\\\/user\\\/MMMBMBE\"]},{\"@type\":\"Person\",\"@id\":\"https:\\\/\\\/www.link2fleet.com\\\/fr\\\/#\\\/schema\\\/person\\\/027cd46113c78036b3809c9a054049da\",\"name\":\"Damien Malvetti\",\"image\":{\"@type\":\"ImageObject\",\"inLanguage\":\"fr-FR\",\"@id\":\"https:\\\/\\\/secure.gravatar.com\\\/avatar\\\/dd8cc03b49466c735f753ac37f8caa371af16dfed347456ed61f02883255eebb?s=96&d=mm&r=g\",\"url\":\"https:\\\/\\\/secure.gravatar.com\\\/avatar\\\/dd8cc03b49466c735f753ac37f8caa371af16dfed347456ed61f02883255eebb?s=96&d=mm&r=g\",\"contentUrl\":\"https:\\\/\\\/secure.gravatar.com\\\/avatar\\\/dd8cc03b49466c735f753ac37f8caa371af16dfed347456ed61f02883255eebb?s=96&d=mm&r=g\",\"caption\":\"Damien Malvetti\"},\"description\":\"Damien Malvetti is opgeleid als journalist en gepassioneerd door wagens, technologie en mobiliteit. Hij is verantwoordelijk voor de redactionele inhoud van link2fleet en beschikt over een uitgebreide kennis van de fleet-sector en elektrische mobiliteit.\",\"sameAs\":[\"https:\\\/\\\/www.linkedin.com\\\/in\\\/damien-malvetti-56601142\\\/\"]}]}<\/script>\n<!-- \/ Yoast SEO plugin. -->","yoast_head_json":{"title":"Arval Belgique et Luminus unissent leurs forces pour r\u00e9pondre au besoin croissant de bornes de recharge - link2fleet","description":"L&rsquo;entreprise de solutions de mobilit\u00e9 Arval, leader sur le march\u00e9 belge du leasing automobile, s&rsquo;est aussi associ\u00e9e au fournisseur d&rsquo;\u00e9nergie Luminus pour r\u00e9pondre \u00e0 l&rsquo;engouement\u2026","robots":{"index":"index","follow":"follow","max-snippet":"max-snippet:-1","max-image-preview":"max-image-preview:large","max-video-preview":"max-video-preview:-1"},"og_locale":"fr_FR","og_type":"article","og_title":"Arval Belgique et Luminus unissent leurs forces pour r\u00e9pondre au besoin croissant de bornes de recharge - link2fleet","og_description":"L&rsquo;entreprise de solutions de mobilit\u00e9 Arval, leader sur le march\u00e9 belge du leasing automobile, s&rsquo;est aussi associ\u00e9e au fournisseur d&rsquo;\u00e9nergie Luminus pour r\u00e9pondre \u00e0 l&rsquo;engouement\u2026","og_url":"https:\/\/www.link2fleet.com\/fr\/arval-belgique-et-luminus-unissent-leurs-forces-pour-repondre-au-besoin-croissant-de-bornes-de-recharge\/","og_site_name":"link2fleet","article_published_time":"2022-04-01T10:11:10+00:00","article_modified_time":"2024-04-17T14:47:25+00:00","og_image":[{"width":2560,"height":1891,"url":"https:\/\/static.link2fleet.com\/wp-content\/uploads\/2024\/03\/collabo-arval-luminus-2-scaled-1.jpg","type":"image\/jpeg"}],"author":"Damien Malvetti","twitter_card":"summary_large_image","twitter_description":"L&rsquo;entreprise de solutions de mobilit\u00e9 Arval, leader sur le march\u00e9 belge du leasing automobile, s&rsquo;est aussi associ\u00e9e au fournisseur d&rsquo;\u00e9nergie Luminus pour r\u00e9pondre \u00e0 l&rsquo;engouement\u2026","twitter_misc":{"\u00c9crit par":"Damien Malvetti","Dur\u00e9e de lecture estim\u00e9e":"4 minutes"},"schema":{"@context":"https:\/\/schema.org","@graph":[{"@type":"Article","@id":"https:\/\/www.link2fleet.com\/fr\/arval-belgique-et-luminus-unissent-leurs-forces-pour-repondre-au-besoin-croissant-de-bornes-de-recharge\/#article","isPartOf":{"@id":"https:\/\/www.link2fleet.com\/fr\/arval-belgique-et-luminus-unissent-leurs-forces-pour-repondre-au-besoin-croissant-de-bornes-de-recharge\/"},"author":{"name":"Damien Malvetti","@id":"https:\/\/www.link2fleet.com\/fr\/#\/schema\/person\/027cd46113c78036b3809c9a054049da"},"headline":"Arval Belgique et Luminus unissent leurs forces pour r\u00e9pondre au besoin croissant de bornes de recharge","datePublished":"2022-04-01T10:11:10+00:00","dateModified":"2024-04-17T14:47:25+00:00","mainEntityOfPage":{"@id":"https:\/\/www.link2fleet.com\/fr\/arval-belgique-et-luminus-unissent-leurs-forces-pour-repondre-au-besoin-croissant-de-bornes-de-recharge\/"},"wordCount":865,"publisher":{"@id":"https:\/\/www.link2fleet.com\/fr\/#organization"},"image":{"@id":"https:\/\/www.link2fleet.com\/fr\/arval-belgique-et-luminus-unissent-leurs-forces-pour-repondre-au-besoin-croissant-de-bornes-de-recharge\/#primaryimage"},"thumbnailUrl":"https:\/\/static.link2fleet.com\/wp-content\/uploads\/2024\/03\/collabo-arval-luminus-2-scaled-1.jpg","articleSection":["Gestion de flotte","Location long-terme"],"inLanguage":"fr-FR"},{"@type":"WebPage","@id":"https:\/\/www.link2fleet.com\/fr\/arval-belgique-et-luminus-unissent-leurs-forces-pour-repondre-au-besoin-croissant-de-bornes-de-recharge\/","url":"https:\/\/www.link2fleet.com\/fr\/arval-belgique-et-luminus-unissent-leurs-forces-pour-repondre-au-besoin-croissant-de-bornes-de-recharge\/","name":"Arval Belgique et Luminus unissent leurs forces pour r\u00e9pondre au besoin croissant de bornes de recharge - link2fleet","isPartOf":{"@id":"https:\/\/www.link2fleet.com\/fr\/#website"},"primaryImageOfPage":{"@id":"https:\/\/www.link2fleet.com\/fr\/arval-belgique-et-luminus-unissent-leurs-forces-pour-repondre-au-besoin-croissant-de-bornes-de-recharge\/#primaryimage"},"image":{"@id":"https:\/\/www.link2fleet.com\/fr\/arval-belgique-et-luminus-unissent-leurs-forces-pour-repondre-au-besoin-croissant-de-bornes-de-recharge\/#primaryimage"},"thumbnailUrl":"https:\/\/static.link2fleet.com\/wp-content\/uploads\/2024\/03\/collabo-arval-luminus-2-scaled-1.jpg","datePublished":"2022-04-01T10:11:10+00:00","dateModified":"2024-04-17T14:47:25+00:00","breadcrumb":{"@id":"https:\/\/www.link2fleet.com\/fr\/arval-belgique-et-luminus-unissent-leurs-forces-pour-repondre-au-besoin-croissant-de-bornes-de-recharge\/#breadcrumb"},"inLanguage":"fr-FR","potentialAction":[{"@type":"ReadAction","target":["https:\/\/www.link2fleet.com\/fr\/arval-belgique-et-luminus-unissent-leurs-forces-pour-repondre-au-besoin-croissant-de-bornes-de-recharge\/"]}]},{"@type":"ImageObject","inLanguage":"fr-FR","@id":"https:\/\/www.link2fleet.com\/fr\/arval-belgique-et-luminus-unissent-leurs-forces-pour-repondre-au-besoin-croissant-de-bornes-de-recharge\/#primaryimage","url":"https:\/\/static.link2fleet.com\/wp-content\/uploads\/2024\/03\/collabo-arval-luminus-2-scaled-1.jpg","contentUrl":"https:\/\/static.link2fleet.com\/wp-content\/uploads\/2024\/03\/collabo-arval-luminus-2-scaled-1.jpg","width":2560,"height":1891,"caption":"|Gr\u00e9goire Dallemagne"},{"@type":"BreadcrumbList","@id":"https:\/\/www.link2fleet.com\/fr\/arval-belgique-et-luminus-unissent-leurs-forces-pour-repondre-au-besoin-croissant-de-bornes-de-recharge\/#breadcrumb","itemListElement":[{"@type":"ListItem","position":1,"name":"Home","item":"https:\/\/www.link2fleet.com\/fr\/"},{"@type":"ListItem","position":2,"name":"Arval Belgique et Luminus unissent leurs forces pour r\u00e9pondre au besoin croissant de bornes de recharge"}]},{"@type":"WebSite","@id":"https:\/\/www.link2fleet.com\/fr\/#website","url":"https:\/\/www.link2fleet.com\/fr\/","name":"Link2fleet","description":"","publisher":{"@id":"https:\/\/www.link2fleet.com\/fr\/#organization"},"potentialAction":[{"@type":"SearchAction","target":{"@type":"EntryPoint","urlTemplate":"https:\/\/www.link2fleet.com\/fr\/?s={search_term_string}"},"query-input":{"@type":"PropertyValueSpecification","valueRequired":true,"valueName":"search_term_string"}}],"inLanguage":"fr-FR"},{"@type":"Organization","@id":"https:\/\/www.link2fleet.com\/fr\/#organization","name":"Link2fleet","url":"https:\/\/www.link2fleet.com\/fr\/","logo":{"@type":"ImageObject","inLanguage":"fr-FR","@id":"https:\/\/www.link2fleet.com\/fr\/#\/schema\/logo\/image\/","url":"https:\/\/static.link2fleet.com\/wp-content\/uploads\/2024\/03\/share-image.jpg","contentUrl":"https:\/\/static.link2fleet.com\/wp-content\/uploads\/2024\/03\/share-image.jpg","width":1200,"height":630,"caption":"Link2fleet"},"image":{"@id":"https:\/\/www.link2fleet.com\/fr\/#\/schema\/logo\/image\/"},"sameAs":["https:\/\/www.linkedin.com\/company\/link2fleet-belgium","https:\/\/www.youtube.com\/user\/MMMBMBE"]},{"@type":"Person","@id":"https:\/\/www.link2fleet.com\/fr\/#\/schema\/person\/027cd46113c78036b3809c9a054049da","name":"Damien Malvetti","image":{"@type":"ImageObject","inLanguage":"fr-FR","@id":"https:\/\/secure.gravatar.com\/avatar\/dd8cc03b49466c735f753ac37f8caa371af16dfed347456ed61f02883255eebb?s=96&d=mm&r=g","url":"https:\/\/secure.gravatar.com\/avatar\/dd8cc03b49466c735f753ac37f8caa371af16dfed347456ed61f02883255eebb?s=96&d=mm&r=g","contentUrl":"https:\/\/secure.gravatar.com\/avatar\/dd8cc03b49466c735f753ac37f8caa371af16dfed347456ed61f02883255eebb?s=96&d=mm&r=g","caption":"Damien Malvetti"},"description":"Damien Malvetti is opgeleid als journalist en gepassioneerd door wagens, technologie en mobiliteit. Hij is verantwoordelijk voor de redactionele inhoud van link2fleet en beschikt over een uitgebreide kennis van de fleet-sector en elektrische mobiliteit.","sameAs":["https:\/\/www.linkedin.com\/in\/damien-malvetti-56601142\/"]}]}},"_links":{"self":[{"href":"https:\/\/www.link2fleet.com\/fr\/wp-json\/wp\/v2\/posts\/6009","targetHints":{"allow":["GET"]}}],"collection":[{"href":"https:\/\/www.link2fleet.com\/fr\/wp-json\/wp\/v2\/posts"}],"about":[{"href":"https:\/\/www.link2fleet.com\/fr\/wp-json\/wp\/v2\/types\/post"}],"author":[{"embeddable":true,"href":"https:\/\/www.link2fleet.com\/fr\/wp-json\/wp\/v2\/users\/4"}],"replies":[{"embeddable":true,"href":"https:\/\/www.link2fleet.com\/fr\/wp-json\/wp\/v2\/comments?post=6009"}],"version-history":[{"count":0,"href":"https:\/\/www.link2fleet.com\/fr\/wp-json\/wp\/v2\/posts\/6009\/revisions"}],"wp:featuredmedia":[{"embeddable":true,"href":"https:\/\/www.link2fleet.com\/fr\/wp-json\/wp\/v2\/media\/6010"}],"wp:attachment":[{"href":"https:\/\/www.link2fleet.com\/fr\/wp-json\/wp\/v2\/media?parent=6009"}],"wp:term":[{"taxonomy":"category","embeddable":true,"href":"https:\/\/www.link2fleet.com\/fr\/wp-json\/wp\/v2\/categories?post=6009"},{"taxonomy":"post_tag","embeddable":true,"href":"https:\/\/www.link2fleet.com\/fr\/wp-json\/wp\/v2\/tags?post=6009"}],"curies":[{"name":"wp","href":"https:\/\/api.w.org\/{rel}","templated":true}]}}