{"id":6026,"date":"2022-04-02T12:04:16","date_gmt":"2022-04-02T10:04:16","guid":{"rendered":"https:\/\/www.link2fleet.com\/fleet-test-subaru-solterra-electrique-atypique-mais-pas-inefficace\/"},"modified":"2024-04-17T16:47:24","modified_gmt":"2024-04-17T14:47:24","slug":"fleet-test-subaru-solterra-electrique-atypique-mais-pas-inefficace","status":"publish","type":"post","link":"https:\/\/www.link2fleet.com\/fr\/fleet-test-subaru-solterra-electrique-atypique-mais-pas-inefficace\/","title":{"rendered":"Fleet test Subaru Solterra : \u00e9lectrique atypique mais pas inefficace"},"content":{"rendered":"<p><a href=\"https:\/\/www.link2fleet.com\/wp-content\/uploads\/2022\/04\/subaru-solterra_-17.jpg\"><img loading=\"lazy\" decoding=\"async\" class=\"alignright size-medium wp-image-1278931\" src=\"https:\/\/www.link2fleet.com\/wp-content\/uploads\/2022\/04\/subaru-solterra_-17-300x200.jpg\" alt=\"\" width=\"300\" height=\"200\" \/><\/a>Enfin, si on se fie uniquement au visuel, on pourrait douter de cette derni\u00e8re affirmation. Entre les deux mod\u00e8les, les diff\u00e9rences sont assez minimes. On note bien une calandre et un bouclier avant sp\u00e9cifiques et des feux arri\u00e8re l\u00e9g\u00e8rement redessin\u00e9s, mais c\u2019est \u00e0 peu pr\u00e8s tout. A l\u2019int\u00e9rieur, c\u2019est du pareil au m\u00eame sauf\u2026 le volant\u00a0! Si Toyota a choisi d\u2019\u00e9quiper son bZ4X d\u2019un volant d\u2019une forme atypique, Subaru a pr\u00e9f\u00e9r\u00e9 rester dans le traditionnel. On notera aussi que le Solterra est le seul \u00e0 disposer du X-Mode (voir ci-dessous), de palettes au volant pour g\u00e9rer la r\u00e9cup\u00e9ration d\u2019\u00e9nergie et qu\u2019il propose aussi une teinte de carrosserie sp\u00e9cifique.<\/p>\n<p>Alors, \u00e0 la question de l\u2019\u0153uf ou la poule (bZ4X ou Solterra pour ceux qui ne suivent pas), les ing\u00e9nieurs nippons r\u00e9pondent qu\u2019il s\u2019agit d\u2019une collaboration 50\/50 qui reprend le meilleur du savoir-faire de chaque marque dans ses domaines de pr\u00e9dilection. Au final, on obtient un SUV \u00e0 4 roues motrices d\u2019un niveau de s\u00e9curit\u00e9 \u00e9lev\u00e9 \u2013 l\u2019ADN Subaru -, bas\u00e9 sur la plateforme TGNA et dot\u00e9 d\u2019un moteur \u00e9lectrique et des technologies made in Toyota.<\/p>\n<p>&nbsp;<\/p>\n<p><strong>Mise \u00e0 l\u2019\u00e9preuve<\/strong><\/p>\n<p><a href=\"https:\/\/www.link2fleet.com\/wp-content\/uploads\/2022\/04\/subaru-solterra_-31.jpg\"><img loading=\"lazy\" decoding=\"async\" class=\"alignleft size-medium wp-image-1278943\" src=\"https:\/\/www.link2fleet.com\/wp-content\/uploads\/2022\/04\/subaru-solterra_-31-300x200.jpg\" alt=\"\" width=\"300\" height=\"200\" \/><\/a>Sous sa carrosserie, la Solterra cache une batterie de 71,4 kWh et deux moteurs \u00e9lectriques de 80 kW, soit une puissance totale de 160 kW (218 ch). Avec ce cocktail, elle promet plus de 400 km d\u2019autonomie pour une charge AC jusqu\u2019\u00e0 6,6 kW et une charge DC jusqu\u2019\u00e0 150 kW. Et Subaru nous promet que la batterie conservera encore 90% de sa capacit\u00e9 apr\u00e8s 10 ans.<\/p>\n<p>Pour cette premi\u00e8re prise en main, Subaru nous a invit\u00e9s sur le circuit d\u2019Aldenhoven, pr\u00e8s d\u2019Aix-la-Chapelle. Avouons-le, les conditions n\u2019\u00e9taient donc pas id\u00e9ales pour tester l\u2019autonomie \u00e9lectrique de la voiture. Cependant, les diff\u00e9rents parcours propos\u00e9s nous ont permis de tester ses capacit\u00e9s de conduite face \u00e0 toutes sortes de situation. Malgr\u00e9 son poids (plus de 2 tonnes), ses dimensions et son centre de gravit\u00e9 bas d\u00fb \u00e0 la pr\u00e9sence des batteries, la Solterra se montre tr\u00e8s dynamique \u00e0 conduire et ne se fait jamais prendre en d\u00e9faut, que ce soit sur rev\u00eatement humide, ou lorsqu\u2019il faut \u00e9viter un obstacle en urgence. La tenue de route est tout \u00e0 fait exemplaire, sans mettre \u00e0 mal le confort des passagers.<\/p>\n<p>On notera aussi l\u2019efficacit\u00e9 de sa transmission int\u00e9grale X-Mode qui permet \u00e0 la voiture de d\u00e9marrer sans souffrir dans une c\u00f4te glissante ou de d\u00e9valer en toute autonomie, \u00e0 son rythme et en toute s\u00e9curit\u00e9, une pente ardue. Bref, la Solterra a tout ce qu\u2019on attend d\u2019un v\u00e9hicule tous terrains, avec cette petite diff\u00e9rence qu\u2019elle est\u2026 \u00e9lectrique\u00a0!<\/p>\n<p>&nbsp;<\/p>\n<p><strong>Bilan fleet<\/strong><\/p>\n<p>Avec la Solterra, Subaru ambitionne de toucher ses clients fid\u00e8les, mais aussi d\u2019acqu\u00e9rir une nouvelle client\u00e8le parmi les PME et de s\u00e9duire les fleet managers. Il est clair que ses capacit\u00e9s exemplaires permettront de r\u00e9pondre aux besoins sp\u00e9cifiques de certains profils fleet plus \u2018baroudeurs\u2019. Car eux non plus, ne vont pas \u00e9chapper \u00e0 la vague \u00e9lectrique.<\/p>\n<p>A l\u2019heure actuelle, son tarif n\u2019est pas encore connu, mais il devrait tourner aux alentours de 55.000 euros.<\/p>\n<p>&nbsp;<\/p>\n<h3>Fiche technique<\/h3>\n<table>\n<tbody>\n<tr>\n<td colspan=\"2\" width=\"604\"><strong>SUBARU SOLTERRA AWD Sky package<\/strong><\/td>\n<\/tr>\n<tr>\n<td width=\"302\"><strong>Puissance moteur<\/strong><\/td>\n<td width=\"302\">160 kW<\/td>\n<\/tr>\n<tr>\n<td width=\"302\"><strong>Batterie<\/strong><\/td>\n<td width=\"302\">71,4 kWh<\/td>\n<\/tr>\n<tr>\n<td width=\"302\"><strong>Autonomie (WLTP)<\/strong><\/td>\n<td width=\"302\">+400 km<\/td>\n<\/tr>\n<tr>\n<td width=\"302\"><strong>Volume du coffre<\/strong><\/td>\n<td width=\"302\">441 litres<\/td>\n<\/tr>\n<tr>\n<td width=\"302\"><strong>Consommation moyenne<\/strong><\/td>\n<td width=\"302\">NC<\/td>\n<\/tr>\n<tr>\n<td width=\"302\"><strong>Vitesse maximale<\/strong><\/td>\n<td width=\"302\">160 km\/h<\/td>\n<\/tr>\n<tr>\n<td width=\"302\"><strong>Poids \u00e0 vide<\/strong><\/td>\n<td width=\"302\">2.035 kg<\/td>\n<\/tr>\n<\/tbody>\n<\/table>\n<p>&nbsp;<\/p>\n<table>\n<tbody>\n<tr>\n<td width=\"302\"><strong>Prix de base HTVA<\/strong><\/td>\n<td width=\"302\">NC<\/td>\n<\/tr>\n<tr>\n<td width=\"302\"><strong>Prix de base TVAC<\/strong><\/td>\n<td width=\"302\">NC<\/td>\n<\/tr>\n<tr>\n<td width=\"302\"><strong>TMC (Bruxelles, Wallonie, Leasing)<\/strong><\/td>\n<td width=\"302\">61,5 \u20ac<\/td>\n<\/tr>\n<tr>\n<td width=\"302\"><strong>BIV (Flandre)<\/strong><\/td>\n<td width=\"302\">0 \u20ac<\/td>\n<\/tr>\n<tr>\n<td width=\"302\"><strong>Taxe de roulage (Bruxelles, Wallonie, Leasing)<\/strong><\/td>\n<td width=\"302\">85,27 \u20ac<\/td>\n<\/tr>\n<tr>\n<td width=\"302\"><strong>Taxe de roulage (Flandre)<\/strong><\/td>\n<td width=\"302\">0 \u20ac<\/td>\n<\/tr>\n<tr>\n<td width=\"302\"><strong>ATN utilisateur<\/strong><\/td>\n<td width=\"302\">NC<\/td>\n<\/tr>\n<tr>\n<td width=\"302\"><strong>ATN employeur<\/strong><\/td>\n<td width=\"302\">NC<\/td>\n<\/tr>\n<tr>\n<td width=\"302\"><strong>D\u00e9penses non-admises<\/strong><\/td>\n<td width=\"302\">NC<\/td>\n<\/tr>\n<\/tbody>\n<\/table>\n<p>&nbsp;<\/p>\n\n","protected":false},"excerpt":{"rendered":"<p>Enfin, si on se fie uniquement au visuel, on pourrait douter de cette derni\u00e8re affirmation. Entre les deux mod\u00e8les, les diff\u00e9rences sont assez minimes. On note bien une calandre et un bouclier avant sp\u00e9cifiques et des feux arri\u00e8re l\u00e9g\u00e8rement redessin\u00e9s, mais c\u2019est \u00e0 peu pr\u00e8s tout. A l\u2019int\u00e9rieur, c\u2019est du pareil au m\u00eame sauf\u2026 le [&hellip;]<\/p>\n","protected":false},"author":4,"featured_media":6027,"comment_status":"closed","ping_status":"closed","sticky":false,"template":"","format":"standard","meta":{"_acf_changed":false,"footnotes":""},"categories":[77,76],"tags":[],"class_list":["post-6026","post","type-post","status-publish","format-standard","has-post-thumbnail","hentry","category-importateurs-et-constructeurs-automobiles-vp","category-car"],"acf":[],"yoast_head":"<!-- This site is optimized with the Yoast SEO plugin v27.3 - https:\/\/yoast.com\/product\/yoast-seo-wordpress\/ -->\n<title>Fleet test Subaru Solterra : \u00e9lectrique atypique mais pas inefficace - link2fleet<\/title>\n<meta name=\"description\" content=\"Etant donn\u00e9 les directives europ\u00e9ennes auxquelles ils doivent se plier en mati\u00e8re de CO2, aucun constructeur n\u2019\u00e9chappera \u00e0 la transition \u00e9lectrique. Pour un acteur de\u2026\" \/>\n<meta name=\"robots\" content=\"index, follow, max-snippet:-1, max-image-preview:large, max-video-preview:-1\" \/>\n<meta property=\"og:locale\" content=\"fr_FR\" \/>\n<meta property=\"og:type\" content=\"article\" \/>\n<meta property=\"og:title\" content=\"Fleet test Subaru Solterra : \u00e9lectrique atypique mais pas inefficace - link2fleet\" \/>\n<meta property=\"og:description\" content=\"Etant donn\u00e9 les directives europ\u00e9ennes auxquelles ils doivent se plier en mati\u00e8re de CO2, aucun constructeur n\u2019\u00e9chappera \u00e0 la transition \u00e9lectrique. Pour un acteur de\u2026\" \/>\n<meta property=\"og:url\" content=\"https:\/\/www.link2fleet.com\/fr\/fleet-test-subaru-solterra-electrique-atypique-mais-pas-inefficace\/\" \/>\n<meta property=\"og:site_name\" content=\"link2fleet\" \/>\n<meta property=\"article:published_time\" content=\"2022-04-02T10:04:16+00:00\" \/>\n<meta property=\"article:modified_time\" content=\"2024-04-17T14:47:24+00:00\" \/>\n<meta property=\"og:image\" content=\"https:\/\/static.link2fleet.com\/wp-content\/uploads\/2024\/03\/subaru-solterra-21.jpeg\" \/>\n\t<meta property=\"og:image:width\" content=\"1000\" \/>\n\t<meta property=\"og:image:height\" content=\"667\" \/>\n\t<meta property=\"og:image:type\" content=\"image\/jpeg\" \/>\n<meta name=\"author\" content=\"Damien Malvetti\" \/>\n<meta name=\"twitter:card\" content=\"summary_large_image\" \/>\n<meta name=\"twitter:description\" content=\"Etant donn\u00e9 les directives europ\u00e9ennes auxquelles ils doivent se plier en mati\u00e8re de CO2, aucun constructeur n\u2019\u00e9chappera \u00e0 la transition \u00e9lectrique. Pour un acteur de\u2026\" \/>\n<meta name=\"twitter:label1\" content=\"\u00c9crit par\" \/>\n\t<meta name=\"twitter:data1\" content=\"Damien Malvetti\" \/>\n\t<meta name=\"twitter:label2\" content=\"Dur\u00e9e de lecture estim\u00e9e\" \/>\n\t<meta name=\"twitter:data2\" content=\"4 minutes\" \/>\n<script type=\"application\/ld+json\" class=\"yoast-schema-graph\">{\"@context\":\"https:\\\/\\\/schema.org\",\"@graph\":[{\"@type\":\"Article\",\"@id\":\"https:\\\/\\\/www.link2fleet.com\\\/fr\\\/fleet-test-subaru-solterra-electrique-atypique-mais-pas-inefficace\\\/#article\",\"isPartOf\":{\"@id\":\"https:\\\/\\\/www.link2fleet.com\\\/fr\\\/fleet-test-subaru-solterra-electrique-atypique-mais-pas-inefficace\\\/\"},\"author\":{\"name\":\"Damien Malvetti\",\"@id\":\"https:\\\/\\\/www.link2fleet.com\\\/fr\\\/#\\\/schema\\\/person\\\/027cd46113c78036b3809c9a054049da\"},\"headline\":\"Fleet test Subaru Solterra : \u00e9lectrique atypique mais pas inefficace\",\"datePublished\":\"2022-04-02T10:04:16+00:00\",\"dateModified\":\"2024-04-17T14:47:24+00:00\",\"mainEntityOfPage\":{\"@id\":\"https:\\\/\\\/www.link2fleet.com\\\/fr\\\/fleet-test-subaru-solterra-electrique-atypique-mais-pas-inefficace\\\/\"},\"wordCount\":893,\"publisher\":{\"@id\":\"https:\\\/\\\/www.link2fleet.com\\\/fr\\\/#organization\"},\"image\":{\"@id\":\"https:\\\/\\\/www.link2fleet.com\\\/fr\\\/fleet-test-subaru-solterra-electrique-atypique-mais-pas-inefficace\\\/#primaryimage\"},\"thumbnailUrl\":\"https:\\\/\\\/static.link2fleet.com\\\/wp-content\\\/uploads\\\/2024\\\/03\\\/subaru-solterra-21.jpeg\",\"articleSection\":[\"Importateurs et constructeurs\",\"V\u00e9hicules\"],\"inLanguage\":\"fr-FR\"},{\"@type\":\"WebPage\",\"@id\":\"https:\\\/\\\/www.link2fleet.com\\\/fr\\\/fleet-test-subaru-solterra-electrique-atypique-mais-pas-inefficace\\\/\",\"url\":\"https:\\\/\\\/www.link2fleet.com\\\/fr\\\/fleet-test-subaru-solterra-electrique-atypique-mais-pas-inefficace\\\/\",\"name\":\"Fleet test Subaru Solterra : \u00e9lectrique atypique mais pas inefficace - link2fleet\",\"isPartOf\":{\"@id\":\"https:\\\/\\\/www.link2fleet.com\\\/fr\\\/#website\"},\"primaryImageOfPage\":{\"@id\":\"https:\\\/\\\/www.link2fleet.com\\\/fr\\\/fleet-test-subaru-solterra-electrique-atypique-mais-pas-inefficace\\\/#primaryimage\"},\"image\":{\"@id\":\"https:\\\/\\\/www.link2fleet.com\\\/fr\\\/fleet-test-subaru-solterra-electrique-atypique-mais-pas-inefficace\\\/#primaryimage\"},\"thumbnailUrl\":\"https:\\\/\\\/static.link2fleet.com\\\/wp-content\\\/uploads\\\/2024\\\/03\\\/subaru-solterra-21.jpeg\",\"datePublished\":\"2022-04-02T10:04:16+00:00\",\"dateModified\":\"2024-04-17T14:47:24+00:00\",\"breadcrumb\":{\"@id\":\"https:\\\/\\\/www.link2fleet.com\\\/fr\\\/fleet-test-subaru-solterra-electrique-atypique-mais-pas-inefficace\\\/#breadcrumb\"},\"inLanguage\":\"fr-FR\",\"potentialAction\":[{\"@type\":\"ReadAction\",\"target\":[\"https:\\\/\\\/www.link2fleet.com\\\/fr\\\/fleet-test-subaru-solterra-electrique-atypique-mais-pas-inefficace\\\/\"]}]},{\"@type\":\"ImageObject\",\"inLanguage\":\"fr-FR\",\"@id\":\"https:\\\/\\\/www.link2fleet.com\\\/fr\\\/fleet-test-subaru-solterra-electrique-atypique-mais-pas-inefficace\\\/#primaryimage\",\"url\":\"https:\\\/\\\/static.link2fleet.com\\\/wp-content\\\/uploads\\\/2024\\\/03\\\/subaru-solterra-21.jpeg\",\"contentUrl\":\"https:\\\/\\\/static.link2fleet.com\\\/wp-content\\\/uploads\\\/2024\\\/03\\\/subaru-solterra-21.jpeg\",\"width\":1000,\"height\":667,\"caption\":\"|||||||||||||\"},{\"@type\":\"BreadcrumbList\",\"@id\":\"https:\\\/\\\/www.link2fleet.com\\\/fr\\\/fleet-test-subaru-solterra-electrique-atypique-mais-pas-inefficace\\\/#breadcrumb\",\"itemListElement\":[{\"@type\":\"ListItem\",\"position\":1,\"name\":\"Home\",\"item\":\"https:\\\/\\\/www.link2fleet.com\\\/fr\\\/\"},{\"@type\":\"ListItem\",\"position\":2,\"name\":\"Fleet test Subaru Solterra : \u00e9lectrique atypique mais pas inefficace\"}]},{\"@type\":\"WebSite\",\"@id\":\"https:\\\/\\\/www.link2fleet.com\\\/fr\\\/#website\",\"url\":\"https:\\\/\\\/www.link2fleet.com\\\/fr\\\/\",\"name\":\"Link2fleet\",\"description\":\"\",\"publisher\":{\"@id\":\"https:\\\/\\\/www.link2fleet.com\\\/fr\\\/#organization\"},\"potentialAction\":[{\"@type\":\"SearchAction\",\"target\":{\"@type\":\"EntryPoint\",\"urlTemplate\":\"https:\\\/\\\/www.link2fleet.com\\\/fr\\\/?s={search_term_string}\"},\"query-input\":{\"@type\":\"PropertyValueSpecification\",\"valueRequired\":true,\"valueName\":\"search_term_string\"}}],\"inLanguage\":\"fr-FR\"},{\"@type\":\"Organization\",\"@id\":\"https:\\\/\\\/www.link2fleet.com\\\/fr\\\/#organization\",\"name\":\"Link2fleet\",\"url\":\"https:\\\/\\\/www.link2fleet.com\\\/fr\\\/\",\"logo\":{\"@type\":\"ImageObject\",\"inLanguage\":\"fr-FR\",\"@id\":\"https:\\\/\\\/www.link2fleet.com\\\/fr\\\/#\\\/schema\\\/logo\\\/image\\\/\",\"url\":\"https:\\\/\\\/static.link2fleet.com\\\/wp-content\\\/uploads\\\/2024\\\/03\\\/share-image.jpg\",\"contentUrl\":\"https:\\\/\\\/static.link2fleet.com\\\/wp-content\\\/uploads\\\/2024\\\/03\\\/share-image.jpg\",\"width\":1200,\"height\":630,\"caption\":\"Link2fleet\"},\"image\":{\"@id\":\"https:\\\/\\\/www.link2fleet.com\\\/fr\\\/#\\\/schema\\\/logo\\\/image\\\/\"},\"sameAs\":[\"https:\\\/\\\/www.linkedin.com\\\/company\\\/link2fleet-belgium\",\"https:\\\/\\\/www.youtube.com\\\/user\\\/MMMBMBE\"]},{\"@type\":\"Person\",\"@id\":\"https:\\\/\\\/www.link2fleet.com\\\/fr\\\/#\\\/schema\\\/person\\\/027cd46113c78036b3809c9a054049da\",\"name\":\"Damien Malvetti\",\"image\":{\"@type\":\"ImageObject\",\"inLanguage\":\"fr-FR\",\"@id\":\"https:\\\/\\\/secure.gravatar.com\\\/avatar\\\/dd8cc03b49466c735f753ac37f8caa371af16dfed347456ed61f02883255eebb?s=96&d=mm&r=g\",\"url\":\"https:\\\/\\\/secure.gravatar.com\\\/avatar\\\/dd8cc03b49466c735f753ac37f8caa371af16dfed347456ed61f02883255eebb?s=96&d=mm&r=g\",\"contentUrl\":\"https:\\\/\\\/secure.gravatar.com\\\/avatar\\\/dd8cc03b49466c735f753ac37f8caa371af16dfed347456ed61f02883255eebb?s=96&d=mm&r=g\",\"caption\":\"Damien Malvetti\"},\"description\":\"Damien Malvetti is opgeleid als journalist en gepassioneerd door wagens, technologie en mobiliteit. Hij is verantwoordelijk voor de redactionele inhoud van link2fleet en beschikt over een uitgebreide kennis van de fleet-sector en elektrische mobiliteit.\",\"sameAs\":[\"https:\\\/\\\/www.linkedin.com\\\/in\\\/damien-malvetti-56601142\\\/\"]}]}<\/script>\n<!-- \/ Yoast SEO plugin. -->","yoast_head_json":{"title":"Fleet test Subaru Solterra : \u00e9lectrique atypique mais pas inefficace - link2fleet","description":"Etant donn\u00e9 les directives europ\u00e9ennes auxquelles ils doivent se plier en mati\u00e8re de CO2, aucun constructeur n\u2019\u00e9chappera \u00e0 la transition \u00e9lectrique. Pour un acteur de\u2026","robots":{"index":"index","follow":"follow","max-snippet":"max-snippet:-1","max-image-preview":"max-image-preview:large","max-video-preview":"max-video-preview:-1"},"og_locale":"fr_FR","og_type":"article","og_title":"Fleet test Subaru Solterra : \u00e9lectrique atypique mais pas inefficace - link2fleet","og_description":"Etant donn\u00e9 les directives europ\u00e9ennes auxquelles ils doivent se plier en mati\u00e8re de CO2, aucun constructeur n\u2019\u00e9chappera \u00e0 la transition \u00e9lectrique. Pour un acteur de\u2026","og_url":"https:\/\/www.link2fleet.com\/fr\/fleet-test-subaru-solterra-electrique-atypique-mais-pas-inefficace\/","og_site_name":"link2fleet","article_published_time":"2022-04-02T10:04:16+00:00","article_modified_time":"2024-04-17T14:47:24+00:00","og_image":[{"width":1000,"height":667,"url":"https:\/\/static.link2fleet.com\/wp-content\/uploads\/2024\/03\/subaru-solterra-21.jpeg","type":"image\/jpeg"}],"author":"Damien Malvetti","twitter_card":"summary_large_image","twitter_description":"Etant donn\u00e9 les directives europ\u00e9ennes auxquelles ils doivent se plier en mati\u00e8re de CO2, aucun constructeur n\u2019\u00e9chappera \u00e0 la transition \u00e9lectrique. Pour un acteur de\u2026","twitter_misc":{"\u00c9crit par":"Damien Malvetti","Dur\u00e9e de lecture estim\u00e9e":"4 minutes"},"schema":{"@context":"https:\/\/schema.org","@graph":[{"@type":"Article","@id":"https:\/\/www.link2fleet.com\/fr\/fleet-test-subaru-solterra-electrique-atypique-mais-pas-inefficace\/#article","isPartOf":{"@id":"https:\/\/www.link2fleet.com\/fr\/fleet-test-subaru-solterra-electrique-atypique-mais-pas-inefficace\/"},"author":{"name":"Damien Malvetti","@id":"https:\/\/www.link2fleet.com\/fr\/#\/schema\/person\/027cd46113c78036b3809c9a054049da"},"headline":"Fleet test Subaru Solterra : \u00e9lectrique atypique mais pas inefficace","datePublished":"2022-04-02T10:04:16+00:00","dateModified":"2024-04-17T14:47:24+00:00","mainEntityOfPage":{"@id":"https:\/\/www.link2fleet.com\/fr\/fleet-test-subaru-solterra-electrique-atypique-mais-pas-inefficace\/"},"wordCount":893,"publisher":{"@id":"https:\/\/www.link2fleet.com\/fr\/#organization"},"image":{"@id":"https:\/\/www.link2fleet.com\/fr\/fleet-test-subaru-solterra-electrique-atypique-mais-pas-inefficace\/#primaryimage"},"thumbnailUrl":"https:\/\/static.link2fleet.com\/wp-content\/uploads\/2024\/03\/subaru-solterra-21.jpeg","articleSection":["Importateurs et constructeurs","V\u00e9hicules"],"inLanguage":"fr-FR"},{"@type":"WebPage","@id":"https:\/\/www.link2fleet.com\/fr\/fleet-test-subaru-solterra-electrique-atypique-mais-pas-inefficace\/","url":"https:\/\/www.link2fleet.com\/fr\/fleet-test-subaru-solterra-electrique-atypique-mais-pas-inefficace\/","name":"Fleet test Subaru Solterra : \u00e9lectrique atypique mais pas inefficace - link2fleet","isPartOf":{"@id":"https:\/\/www.link2fleet.com\/fr\/#website"},"primaryImageOfPage":{"@id":"https:\/\/www.link2fleet.com\/fr\/fleet-test-subaru-solterra-electrique-atypique-mais-pas-inefficace\/#primaryimage"},"image":{"@id":"https:\/\/www.link2fleet.com\/fr\/fleet-test-subaru-solterra-electrique-atypique-mais-pas-inefficace\/#primaryimage"},"thumbnailUrl":"https:\/\/static.link2fleet.com\/wp-content\/uploads\/2024\/03\/subaru-solterra-21.jpeg","datePublished":"2022-04-02T10:04:16+00:00","dateModified":"2024-04-17T14:47:24+00:00","breadcrumb":{"@id":"https:\/\/www.link2fleet.com\/fr\/fleet-test-subaru-solterra-electrique-atypique-mais-pas-inefficace\/#breadcrumb"},"inLanguage":"fr-FR","potentialAction":[{"@type":"ReadAction","target":["https:\/\/www.link2fleet.com\/fr\/fleet-test-subaru-solterra-electrique-atypique-mais-pas-inefficace\/"]}]},{"@type":"ImageObject","inLanguage":"fr-FR","@id":"https:\/\/www.link2fleet.com\/fr\/fleet-test-subaru-solterra-electrique-atypique-mais-pas-inefficace\/#primaryimage","url":"https:\/\/static.link2fleet.com\/wp-content\/uploads\/2024\/03\/subaru-solterra-21.jpeg","contentUrl":"https:\/\/static.link2fleet.com\/wp-content\/uploads\/2024\/03\/subaru-solterra-21.jpeg","width":1000,"height":667,"caption":"|||||||||||||"},{"@type":"BreadcrumbList","@id":"https:\/\/www.link2fleet.com\/fr\/fleet-test-subaru-solterra-electrique-atypique-mais-pas-inefficace\/#breadcrumb","itemListElement":[{"@type":"ListItem","position":1,"name":"Home","item":"https:\/\/www.link2fleet.com\/fr\/"},{"@type":"ListItem","position":2,"name":"Fleet test Subaru Solterra : \u00e9lectrique atypique mais pas inefficace"}]},{"@type":"WebSite","@id":"https:\/\/www.link2fleet.com\/fr\/#website","url":"https:\/\/www.link2fleet.com\/fr\/","name":"Link2fleet","description":"","publisher":{"@id":"https:\/\/www.link2fleet.com\/fr\/#organization"},"potentialAction":[{"@type":"SearchAction","target":{"@type":"EntryPoint","urlTemplate":"https:\/\/www.link2fleet.com\/fr\/?s={search_term_string}"},"query-input":{"@type":"PropertyValueSpecification","valueRequired":true,"valueName":"search_term_string"}}],"inLanguage":"fr-FR"},{"@type":"Organization","@id":"https:\/\/www.link2fleet.com\/fr\/#organization","name":"Link2fleet","url":"https:\/\/www.link2fleet.com\/fr\/","logo":{"@type":"ImageObject","inLanguage":"fr-FR","@id":"https:\/\/www.link2fleet.com\/fr\/#\/schema\/logo\/image\/","url":"https:\/\/static.link2fleet.com\/wp-content\/uploads\/2024\/03\/share-image.jpg","contentUrl":"https:\/\/static.link2fleet.com\/wp-content\/uploads\/2024\/03\/share-image.jpg","width":1200,"height":630,"caption":"Link2fleet"},"image":{"@id":"https:\/\/www.link2fleet.com\/fr\/#\/schema\/logo\/image\/"},"sameAs":["https:\/\/www.linkedin.com\/company\/link2fleet-belgium","https:\/\/www.youtube.com\/user\/MMMBMBE"]},{"@type":"Person","@id":"https:\/\/www.link2fleet.com\/fr\/#\/schema\/person\/027cd46113c78036b3809c9a054049da","name":"Damien Malvetti","image":{"@type":"ImageObject","inLanguage":"fr-FR","@id":"https:\/\/secure.gravatar.com\/avatar\/dd8cc03b49466c735f753ac37f8caa371af16dfed347456ed61f02883255eebb?s=96&d=mm&r=g","url":"https:\/\/secure.gravatar.com\/avatar\/dd8cc03b49466c735f753ac37f8caa371af16dfed347456ed61f02883255eebb?s=96&d=mm&r=g","contentUrl":"https:\/\/secure.gravatar.com\/avatar\/dd8cc03b49466c735f753ac37f8caa371af16dfed347456ed61f02883255eebb?s=96&d=mm&r=g","caption":"Damien Malvetti"},"description":"Damien Malvetti is opgeleid als journalist en gepassioneerd door wagens, technologie en mobiliteit. Hij is verantwoordelijk voor de redactionele inhoud van link2fleet en beschikt over een uitgebreide kennis van de fleet-sector en elektrische mobiliteit.","sameAs":["https:\/\/www.linkedin.com\/in\/damien-malvetti-56601142\/"]}]}},"_links":{"self":[{"href":"https:\/\/www.link2fleet.com\/fr\/wp-json\/wp\/v2\/posts\/6026","targetHints":{"allow":["GET"]}}],"collection":[{"href":"https:\/\/www.link2fleet.com\/fr\/wp-json\/wp\/v2\/posts"}],"about":[{"href":"https:\/\/www.link2fleet.com\/fr\/wp-json\/wp\/v2\/types\/post"}],"author":[{"embeddable":true,"href":"https:\/\/www.link2fleet.com\/fr\/wp-json\/wp\/v2\/users\/4"}],"replies":[{"embeddable":true,"href":"https:\/\/www.link2fleet.com\/fr\/wp-json\/wp\/v2\/comments?post=6026"}],"version-history":[{"count":0,"href":"https:\/\/www.link2fleet.com\/fr\/wp-json\/wp\/v2\/posts\/6026\/revisions"}],"wp:featuredmedia":[{"embeddable":true,"href":"https:\/\/www.link2fleet.com\/fr\/wp-json\/wp\/v2\/media\/6027"}],"wp:attachment":[{"href":"https:\/\/www.link2fleet.com\/fr\/wp-json\/wp\/v2\/media?parent=6026"}],"wp:term":[{"taxonomy":"category","embeddable":true,"href":"https:\/\/www.link2fleet.com\/fr\/wp-json\/wp\/v2\/categories?post=6026"},{"taxonomy":"post_tag","embeddable":true,"href":"https:\/\/www.link2fleet.com\/fr\/wp-json\/wp\/v2\/tags?post=6026"}],"curies":[{"name":"wp","href":"https:\/\/api.w.org\/{rel}","templated":true}]}}