{"id":61215,"date":"2025-11-19T10:12:11","date_gmt":"2025-11-19T09:12:11","guid":{"rendered":"https:\/\/www.link2fleet.com\/?p=61215"},"modified":"2025-11-19T10:19:23","modified_gmt":"2025-11-19T09:19:23","slug":"recharge-au-bureau-lart-de-gerer-la-capacite-electrique-de-votre-entreprise","status":"publish","type":"post","link":"https:\/\/www.link2fleet.com\/fr\/recharge-au-bureau-lart-de-gerer-la-capacite-electrique-de-votre-entreprise\/","title":{"rendered":"Recharge au bureau : l\u2019art de g\u00e9rer la capacit\u00e9 \u00e9lectrique de votre entreprise"},"content":{"rendered":"","protected":false},"excerpt":{"rendered":"","protected":false},"author":34,"featured_media":61220,"comment_status":"closed","ping_status":"closed","sticky":false,"template":"","format":"standard","meta":{"_acf_changed":false,"footnotes":""},"categories":[81,91],"tags":[236,1457,1505],"class_list":["post-61215","post","type-post","status-publish","format-standard","has-post-thumbnail","hentry","category-gestion-de-carburant-et-energie","category-expertise-et-management","tag-fleet-management-fr","tag-gestion-de-flotte","tag-l2f265"],"acf":[],"yoast_head":"<!-- This site is optimized with the Yoast SEO plugin v27.3 - https:\/\/yoast.com\/product\/yoast-seo-wordpress\/ -->\n<title>Recharge au bureau : l\u2019art de g\u00e9rer la capacit\u00e9 \u00e9lectrique de votre entreprise - link2fleet<\/title>\n<meta name=\"description\" content=\"La conduite \u00e9lectrique progresse \u00e0 une vitesse fulgurante et occupe une place centrale dans la transition \u00e9nerg\u00e9tique. Mais au moment m\u00eame o\u00f9 cette croissance s\u2019acc\u00e9l\u00e8re,\u2026\" \/>\n<meta name=\"robots\" content=\"index, follow, max-snippet:-1, max-image-preview:large, max-video-preview:-1\" \/>\n<meta property=\"og:locale\" content=\"fr_FR\" \/>\n<meta property=\"og:type\" content=\"article\" \/>\n<meta property=\"og:title\" content=\"Recharge au bureau : l\u2019art de g\u00e9rer la capacit\u00e9 \u00e9lectrique de votre entreprise - link2fleet\" \/>\n<meta property=\"og:description\" content=\"La conduite \u00e9lectrique progresse \u00e0 une vitesse fulgurante et occupe une place centrale dans la transition \u00e9nerg\u00e9tique. Mais au moment m\u00eame o\u00f9 cette croissance s\u2019acc\u00e9l\u00e8re,\u2026\" \/>\n<meta property=\"og:url\" content=\"https:\/\/www.link2fleet.com\/fr\/recharge-au-bureau-lart-de-gerer-la-capacite-electrique-de-votre-entreprise\/\" \/>\n<meta property=\"og:site_name\" content=\"link2fleet\" \/>\n<meta property=\"article:published_time\" content=\"2025-11-19T09:12:11+00:00\" \/>\n<meta property=\"article:modified_time\" content=\"2025-11-19T09:19:23+00:00\" \/>\n<meta property=\"og:image\" content=\"https:\/\/static.link2fleet.com\/wp-content\/uploads\/2025\/11\/reaseauelectrique-1024x549.png\" \/>\n\t<meta property=\"og:image:width\" content=\"1024\" \/>\n\t<meta property=\"og:image:height\" content=\"549\" \/>\n\t<meta property=\"og:image:type\" content=\"image\/png\" \/>\n<meta name=\"author\" content=\"Expert\" \/>\n<meta name=\"twitter:card\" content=\"summary_large_image\" \/>\n<meta name=\"twitter:description\" content=\"La conduite \u00e9lectrique progresse \u00e0 une vitesse fulgurante et occupe une place centrale dans la transition \u00e9nerg\u00e9tique. Mais au moment m\u00eame o\u00f9 cette croissance s\u2019acc\u00e9l\u00e8re,\u2026\" \/>\n<meta name=\"twitter:label1\" content=\"\u00c9crit par\" \/>\n\t<meta name=\"twitter:data1\" content=\"Expert\" \/>\n\t<meta name=\"twitter:label2\" content=\"Dur\u00e9e de lecture estim\u00e9e\" \/>\n\t<meta name=\"twitter:data2\" content=\"5 minutes\" \/>\n<script type=\"application\/ld+json\" class=\"yoast-schema-graph\">{\"@context\":\"https:\\\/\\\/schema.org\",\"@graph\":[{\"@type\":\"Article\",\"@id\":\"https:\\\/\\\/www.link2fleet.com\\\/fr\\\/recharge-au-bureau-lart-de-gerer-la-capacite-electrique-de-votre-entreprise\\\/#article\",\"isPartOf\":{\"@id\":\"https:\\\/\\\/www.link2fleet.com\\\/fr\\\/recharge-au-bureau-lart-de-gerer-la-capacite-electrique-de-votre-entreprise\\\/\"},\"author\":{\"name\":\"Expert\",\"@id\":\"https:\\\/\\\/www.link2fleet.com\\\/fr\\\/#\\\/schema\\\/person\\\/36d21911f7d3d893d2342f0aaf800c55\"},\"headline\":\"Recharge au bureau : l\u2019art de g\u00e9rer la capacit\u00e9 \u00e9lectrique de votre entreprise\",\"datePublished\":\"2025-11-19T09:12:11+00:00\",\"dateModified\":\"2025-11-19T09:19:23+00:00\",\"mainEntityOfPage\":{\"@id\":\"https:\\\/\\\/www.link2fleet.com\\\/fr\\\/recharge-au-bureau-lart-de-gerer-la-capacite-electrique-de-votre-entreprise\\\/\"},\"wordCount\":14,\"publisher\":{\"@id\":\"https:\\\/\\\/www.link2fleet.com\\\/fr\\\/#organization\"},\"image\":{\"@id\":\"https:\\\/\\\/www.link2fleet.com\\\/fr\\\/recharge-au-bureau-lart-de-gerer-la-capacite-electrique-de-votre-entreprise\\\/#primaryimage\"},\"thumbnailUrl\":\"https:\\\/\\\/static.link2fleet.com\\\/wp-content\\\/uploads\\\/2025\\\/11\\\/reaseauelectrique.png\",\"keywords\":[\"fleet management\",\"gestion de flotte\",\"L2F265\"],\"articleSection\":[\"Gestion carburant et de l'\u00e9nergie\",\"Gestion de flotte\"],\"inLanguage\":\"fr-FR\"},{\"@type\":\"WebPage\",\"@id\":\"https:\\\/\\\/www.link2fleet.com\\\/fr\\\/recharge-au-bureau-lart-de-gerer-la-capacite-electrique-de-votre-entreprise\\\/\",\"url\":\"https:\\\/\\\/www.link2fleet.com\\\/fr\\\/recharge-au-bureau-lart-de-gerer-la-capacite-electrique-de-votre-entreprise\\\/\",\"name\":\"Recharge au bureau : l\u2019art de g\u00e9rer la capacit\u00e9 \u00e9lectrique de votre entreprise - link2fleet\",\"isPartOf\":{\"@id\":\"https:\\\/\\\/www.link2fleet.com\\\/fr\\\/#website\"},\"primaryImageOfPage\":{\"@id\":\"https:\\\/\\\/www.link2fleet.com\\\/fr\\\/recharge-au-bureau-lart-de-gerer-la-capacite-electrique-de-votre-entreprise\\\/#primaryimage\"},\"image\":{\"@id\":\"https:\\\/\\\/www.link2fleet.com\\\/fr\\\/recharge-au-bureau-lart-de-gerer-la-capacite-electrique-de-votre-entreprise\\\/#primaryimage\"},\"thumbnailUrl\":\"https:\\\/\\\/static.link2fleet.com\\\/wp-content\\\/uploads\\\/2025\\\/11\\\/reaseauelectrique.png\",\"datePublished\":\"2025-11-19T09:12:11+00:00\",\"dateModified\":\"2025-11-19T09:19:23+00:00\",\"description\":\"La conduite \u00e9lectrique progresse \u00e0 une vitesse fulgurante et occupe une place centrale dans la transition \u00e9nerg\u00e9tique. Au moment o\u00f9 cette croissance s\u2019acc\u00e9l\u00e8re, les d\u00e9fis deviennent visibles.\",\"breadcrumb\":{\"@id\":\"https:\\\/\\\/www.link2fleet.com\\\/fr\\\/recharge-au-bureau-lart-de-gerer-la-capacite-electrique-de-votre-entreprise\\\/#breadcrumb\"},\"inLanguage\":\"fr-FR\",\"potentialAction\":[{\"@type\":\"ReadAction\",\"target\":[\"https:\\\/\\\/www.link2fleet.com\\\/fr\\\/recharge-au-bureau-lart-de-gerer-la-capacite-electrique-de-votre-entreprise\\\/\"]}]},{\"@type\":\"ImageObject\",\"inLanguage\":\"fr-FR\",\"@id\":\"https:\\\/\\\/www.link2fleet.com\\\/fr\\\/recharge-au-bureau-lart-de-gerer-la-capacite-electrique-de-votre-entreprise\\\/#primaryimage\",\"url\":\"https:\\\/\\\/static.link2fleet.com\\\/wp-content\\\/uploads\\\/2025\\\/11\\\/reaseauelectrique.png\",\"contentUrl\":\"https:\\\/\\\/static.link2fleet.com\\\/wp-content\\\/uploads\\\/2025\\\/11\\\/reaseauelectrique.png\",\"width\":1536,\"height\":824},{\"@type\":\"BreadcrumbList\",\"@id\":\"https:\\\/\\\/www.link2fleet.com\\\/fr\\\/recharge-au-bureau-lart-de-gerer-la-capacite-electrique-de-votre-entreprise\\\/#breadcrumb\",\"itemListElement\":[{\"@type\":\"ListItem\",\"position\":1,\"name\":\"Home\",\"item\":\"https:\\\/\\\/www.link2fleet.com\\\/fr\\\/\"},{\"@type\":\"ListItem\",\"position\":2,\"name\":\"Recharge au bureau : l\u2019art de g\u00e9rer la capacit\u00e9 \u00e9lectrique de votre entreprise\"}]},{\"@type\":\"WebSite\",\"@id\":\"https:\\\/\\\/www.link2fleet.com\\\/fr\\\/#website\",\"url\":\"https:\\\/\\\/www.link2fleet.com\\\/fr\\\/\",\"name\":\"Link2fleet\",\"description\":\"\",\"publisher\":{\"@id\":\"https:\\\/\\\/www.link2fleet.com\\\/fr\\\/#organization\"},\"potentialAction\":[{\"@type\":\"SearchAction\",\"target\":{\"@type\":\"EntryPoint\",\"urlTemplate\":\"https:\\\/\\\/www.link2fleet.com\\\/fr\\\/?s={search_term_string}\"},\"query-input\":{\"@type\":\"PropertyValueSpecification\",\"valueRequired\":true,\"valueName\":\"search_term_string\"}}],\"inLanguage\":\"fr-FR\"},{\"@type\":\"Organization\",\"@id\":\"https:\\\/\\\/www.link2fleet.com\\\/fr\\\/#organization\",\"name\":\"Link2fleet\",\"url\":\"https:\\\/\\\/www.link2fleet.com\\\/fr\\\/\",\"logo\":{\"@type\":\"ImageObject\",\"inLanguage\":\"fr-FR\",\"@id\":\"https:\\\/\\\/www.link2fleet.com\\\/fr\\\/#\\\/schema\\\/logo\\\/image\\\/\",\"url\":\"https:\\\/\\\/static.link2fleet.com\\\/wp-content\\\/uploads\\\/2024\\\/03\\\/share-image.jpg\",\"contentUrl\":\"https:\\\/\\\/static.link2fleet.com\\\/wp-content\\\/uploads\\\/2024\\\/03\\\/share-image.jpg\",\"width\":1200,\"height\":630,\"caption\":\"Link2fleet\"},\"image\":{\"@id\":\"https:\\\/\\\/www.link2fleet.com\\\/fr\\\/#\\\/schema\\\/logo\\\/image\\\/\"},\"sameAs\":[\"https:\\\/\\\/www.linkedin.com\\\/company\\\/link2fleet-belgium\",\"https:\\\/\\\/www.youtube.com\\\/user\\\/MMMBMBE\"]},{\"@type\":\"Person\",\"@id\":\"https:\\\/\\\/www.link2fleet.com\\\/fr\\\/#\\\/schema\\\/person\\\/36d21911f7d3d893d2342f0aaf800c55\",\"name\":\"Expert\",\"image\":{\"@type\":\"ImageObject\",\"inLanguage\":\"fr-FR\",\"@id\":\"https:\\\/\\\/secure.gravatar.com\\\/avatar\\\/16e5d370d22fa5439192d1b326dee7b50df0496a647249912e004db7d7f2be85?s=96&d=mm&r=g\",\"url\":\"https:\\\/\\\/secure.gravatar.com\\\/avatar\\\/16e5d370d22fa5439192d1b326dee7b50df0496a647249912e004db7d7f2be85?s=96&d=mm&r=g\",\"contentUrl\":\"https:\\\/\\\/secure.gravatar.com\\\/avatar\\\/16e5d370d22fa5439192d1b326dee7b50df0496a647249912e004db7d7f2be85?s=96&d=mm&r=g\",\"caption\":\"Expert\"}}]}<\/script>\n<!-- \/ Yoast SEO plugin. -->","yoast_head_json":{"title":"Recharge au bureau : l\u2019art de g\u00e9rer la capacit\u00e9 \u00e9lectrique de votre entreprise - link2fleet","description":"La conduite \u00e9lectrique progresse \u00e0 une vitesse fulgurante et occupe une place centrale dans la transition \u00e9nerg\u00e9tique. Mais au moment m\u00eame o\u00f9 cette croissance s\u2019acc\u00e9l\u00e8re,\u2026","robots":{"index":"index","follow":"follow","max-snippet":"max-snippet:-1","max-image-preview":"max-image-preview:large","max-video-preview":"max-video-preview:-1"},"og_locale":"fr_FR","og_type":"article","og_title":"Recharge au bureau : l\u2019art de g\u00e9rer la capacit\u00e9 \u00e9lectrique de votre entreprise - link2fleet","og_description":"La conduite \u00e9lectrique progresse \u00e0 une vitesse fulgurante et occupe une place centrale dans la transition \u00e9nerg\u00e9tique. Mais au moment m\u00eame o\u00f9 cette croissance s\u2019acc\u00e9l\u00e8re,\u2026","og_url":"https:\/\/www.link2fleet.com\/fr\/recharge-au-bureau-lart-de-gerer-la-capacite-electrique-de-votre-entreprise\/","og_site_name":"link2fleet","article_published_time":"2025-11-19T09:12:11+00:00","article_modified_time":"2025-11-19T09:19:23+00:00","og_image":[{"width":1024,"height":549,"url":"https:\/\/static.link2fleet.com\/wp-content\/uploads\/2025\/11\/reaseauelectrique-1024x549.png","type":"image\/png"}],"author":"Expert","twitter_card":"summary_large_image","twitter_description":"La conduite \u00e9lectrique progresse \u00e0 une vitesse fulgurante et occupe une place centrale dans la transition \u00e9nerg\u00e9tique. Mais au moment m\u00eame o\u00f9 cette croissance s\u2019acc\u00e9l\u00e8re,\u2026","twitter_misc":{"\u00c9crit par":"Expert","Dur\u00e9e de lecture estim\u00e9e":"5 minutes"},"schema":{"@context":"https:\/\/schema.org","@graph":[{"@type":"Article","@id":"https:\/\/www.link2fleet.com\/fr\/recharge-au-bureau-lart-de-gerer-la-capacite-electrique-de-votre-entreprise\/#article","isPartOf":{"@id":"https:\/\/www.link2fleet.com\/fr\/recharge-au-bureau-lart-de-gerer-la-capacite-electrique-de-votre-entreprise\/"},"author":{"name":"Expert","@id":"https:\/\/www.link2fleet.com\/fr\/#\/schema\/person\/36d21911f7d3d893d2342f0aaf800c55"},"headline":"Recharge au bureau : l\u2019art de g\u00e9rer la capacit\u00e9 \u00e9lectrique de votre entreprise","datePublished":"2025-11-19T09:12:11+00:00","dateModified":"2025-11-19T09:19:23+00:00","mainEntityOfPage":{"@id":"https:\/\/www.link2fleet.com\/fr\/recharge-au-bureau-lart-de-gerer-la-capacite-electrique-de-votre-entreprise\/"},"wordCount":14,"publisher":{"@id":"https:\/\/www.link2fleet.com\/fr\/#organization"},"image":{"@id":"https:\/\/www.link2fleet.com\/fr\/recharge-au-bureau-lart-de-gerer-la-capacite-electrique-de-votre-entreprise\/#primaryimage"},"thumbnailUrl":"https:\/\/static.link2fleet.com\/wp-content\/uploads\/2025\/11\/reaseauelectrique.png","keywords":["fleet management","gestion de flotte","L2F265"],"articleSection":["Gestion carburant et de l'\u00e9nergie","Gestion de flotte"],"inLanguage":"fr-FR"},{"@type":"WebPage","@id":"https:\/\/www.link2fleet.com\/fr\/recharge-au-bureau-lart-de-gerer-la-capacite-electrique-de-votre-entreprise\/","url":"https:\/\/www.link2fleet.com\/fr\/recharge-au-bureau-lart-de-gerer-la-capacite-electrique-de-votre-entreprise\/","name":"Recharge au bureau : l\u2019art de g\u00e9rer la capacit\u00e9 \u00e9lectrique de votre entreprise - link2fleet","isPartOf":{"@id":"https:\/\/www.link2fleet.com\/fr\/#website"},"primaryImageOfPage":{"@id":"https:\/\/www.link2fleet.com\/fr\/recharge-au-bureau-lart-de-gerer-la-capacite-electrique-de-votre-entreprise\/#primaryimage"},"image":{"@id":"https:\/\/www.link2fleet.com\/fr\/recharge-au-bureau-lart-de-gerer-la-capacite-electrique-de-votre-entreprise\/#primaryimage"},"thumbnailUrl":"https:\/\/static.link2fleet.com\/wp-content\/uploads\/2025\/11\/reaseauelectrique.png","datePublished":"2025-11-19T09:12:11+00:00","dateModified":"2025-11-19T09:19:23+00:00","description":"La conduite \u00e9lectrique progresse \u00e0 une vitesse fulgurante et occupe une place centrale dans la transition \u00e9nerg\u00e9tique. Au moment o\u00f9 cette croissance s\u2019acc\u00e9l\u00e8re, les d\u00e9fis deviennent visibles.","breadcrumb":{"@id":"https:\/\/www.link2fleet.com\/fr\/recharge-au-bureau-lart-de-gerer-la-capacite-electrique-de-votre-entreprise\/#breadcrumb"},"inLanguage":"fr-FR","potentialAction":[{"@type":"ReadAction","target":["https:\/\/www.link2fleet.com\/fr\/recharge-au-bureau-lart-de-gerer-la-capacite-electrique-de-votre-entreprise\/"]}]},{"@type":"ImageObject","inLanguage":"fr-FR","@id":"https:\/\/www.link2fleet.com\/fr\/recharge-au-bureau-lart-de-gerer-la-capacite-electrique-de-votre-entreprise\/#primaryimage","url":"https:\/\/static.link2fleet.com\/wp-content\/uploads\/2025\/11\/reaseauelectrique.png","contentUrl":"https:\/\/static.link2fleet.com\/wp-content\/uploads\/2025\/11\/reaseauelectrique.png","width":1536,"height":824},{"@type":"BreadcrumbList","@id":"https:\/\/www.link2fleet.com\/fr\/recharge-au-bureau-lart-de-gerer-la-capacite-electrique-de-votre-entreprise\/#breadcrumb","itemListElement":[{"@type":"ListItem","position":1,"name":"Home","item":"https:\/\/www.link2fleet.com\/fr\/"},{"@type":"ListItem","position":2,"name":"Recharge au bureau : l\u2019art de g\u00e9rer la capacit\u00e9 \u00e9lectrique de votre entreprise"}]},{"@type":"WebSite","@id":"https:\/\/www.link2fleet.com\/fr\/#website","url":"https:\/\/www.link2fleet.com\/fr\/","name":"Link2fleet","description":"","publisher":{"@id":"https:\/\/www.link2fleet.com\/fr\/#organization"},"potentialAction":[{"@type":"SearchAction","target":{"@type":"EntryPoint","urlTemplate":"https:\/\/www.link2fleet.com\/fr\/?s={search_term_string}"},"query-input":{"@type":"PropertyValueSpecification","valueRequired":true,"valueName":"search_term_string"}}],"inLanguage":"fr-FR"},{"@type":"Organization","@id":"https:\/\/www.link2fleet.com\/fr\/#organization","name":"Link2fleet","url":"https:\/\/www.link2fleet.com\/fr\/","logo":{"@type":"ImageObject","inLanguage":"fr-FR","@id":"https:\/\/www.link2fleet.com\/fr\/#\/schema\/logo\/image\/","url":"https:\/\/static.link2fleet.com\/wp-content\/uploads\/2024\/03\/share-image.jpg","contentUrl":"https:\/\/static.link2fleet.com\/wp-content\/uploads\/2024\/03\/share-image.jpg","width":1200,"height":630,"caption":"Link2fleet"},"image":{"@id":"https:\/\/www.link2fleet.com\/fr\/#\/schema\/logo\/image\/"},"sameAs":["https:\/\/www.linkedin.com\/company\/link2fleet-belgium","https:\/\/www.youtube.com\/user\/MMMBMBE"]},{"@type":"Person","@id":"https:\/\/www.link2fleet.com\/fr\/#\/schema\/person\/36d21911f7d3d893d2342f0aaf800c55","name":"Expert","image":{"@type":"ImageObject","inLanguage":"fr-FR","@id":"https:\/\/secure.gravatar.com\/avatar\/16e5d370d22fa5439192d1b326dee7b50df0496a647249912e004db7d7f2be85?s=96&d=mm&r=g","url":"https:\/\/secure.gravatar.com\/avatar\/16e5d370d22fa5439192d1b326dee7b50df0496a647249912e004db7d7f2be85?s=96&d=mm&r=g","contentUrl":"https:\/\/secure.gravatar.com\/avatar\/16e5d370d22fa5439192d1b326dee7b50df0496a647249912e004db7d7f2be85?s=96&d=mm&r=g","caption":"Expert"}}]}},"_links":{"self":[{"href":"https:\/\/www.link2fleet.com\/fr\/wp-json\/wp\/v2\/posts\/61215","targetHints":{"allow":["GET"]}}],"collection":[{"href":"https:\/\/www.link2fleet.com\/fr\/wp-json\/wp\/v2\/posts"}],"about":[{"href":"https:\/\/www.link2fleet.com\/fr\/wp-json\/wp\/v2\/types\/post"}],"author":[{"embeddable":true,"href":"https:\/\/www.link2fleet.com\/fr\/wp-json\/wp\/v2\/users\/34"}],"replies":[{"embeddable":true,"href":"https:\/\/www.link2fleet.com\/fr\/wp-json\/wp\/v2\/comments?post=61215"}],"version-history":[{"count":6,"href":"https:\/\/www.link2fleet.com\/fr\/wp-json\/wp\/v2\/posts\/61215\/revisions"}],"predecessor-version":[{"id":61233,"href":"https:\/\/www.link2fleet.com\/fr\/wp-json\/wp\/v2\/posts\/61215\/revisions\/61233"}],"wp:featuredmedia":[{"embeddable":true,"href":"https:\/\/www.link2fleet.com\/fr\/wp-json\/wp\/v2\/media\/61220"}],"wp:attachment":[{"href":"https:\/\/www.link2fleet.com\/fr\/wp-json\/wp\/v2\/media?parent=61215"}],"wp:term":[{"taxonomy":"category","embeddable":true,"href":"https:\/\/www.link2fleet.com\/fr\/wp-json\/wp\/v2\/categories?post=61215"},{"taxonomy":"post_tag","embeddable":true,"href":"https:\/\/www.link2fleet.com\/fr\/wp-json\/wp\/v2\/tags?post=61215"}],"curies":[{"name":"wp","href":"https:\/\/api.w.org\/{rel}","templated":true}]}}