{"id":61328,"date":"2025-11-24T09:41:40","date_gmt":"2025-11-24T08:41:40","guid":{"rendered":"https:\/\/www.link2fleet.com\/?p=61328"},"modified":"2025-11-24T11:30:32","modified_gmt":"2025-11-24T10:30:32","slug":"budget-de-mobilite-obligatoire-ce-ne-sera-pas-pour-janvier","status":"publish","type":"post","link":"https:\/\/www.link2fleet.com\/fr\/budget-de-mobilite-obligatoire-ce-ne-sera-pas-pour-janvier\/","title":{"rendered":"Budget de mobilit\u00e9 obligatoire : ce ne sera pas pour janvier!"},"content":{"rendered":"","protected":false},"excerpt":{"rendered":"","protected":false},"author":11,"featured_media":55552,"comment_status":"closed","ping_status":"closed","sticky":false,"template":"","format":"standard","meta":{"_acf_changed":false,"footnotes":""},"categories":[1448,91,101],"tags":[],"class_list":["post-61328","post","type-post","status-publish","format-standard","has-post-thumbnail","hentry","category-a-la-une","category-expertise-et-management","category-tax-legal"],"acf":[],"yoast_head":"<!-- This site is optimized with the Yoast SEO plugin v27.3 - https:\/\/yoast.com\/product\/yoast-seo-wordpress\/ -->\n<title>Budget de mobilit\u00e9 obligatoire : ce ne sera pas pour janvier! - link2fleet<\/title>\n<meta name=\"description\" content=\"Sur base du rythme actuel de la proc\u00e9dure l\u00e9gislative, l\u2019entr\u00e9e en vigueur obligatoire du budget mobilit\u00e9 pour les employeurs proposant des voitures de soci\u00e9t\u00e9 ne\u2026\" \/>\n<meta name=\"robots\" content=\"index, follow, max-snippet:-1, max-image-preview:large, max-video-preview:-1\" \/>\n<meta property=\"og:locale\" content=\"fr_FR\" \/>\n<meta property=\"og:type\" content=\"article\" \/>\n<meta property=\"og:title\" content=\"Budget de mobilit\u00e9 obligatoire : ce ne sera pas pour janvier! - link2fleet\" \/>\n<meta property=\"og:description\" content=\"Sur base du rythme actuel de la proc\u00e9dure l\u00e9gislative, l\u2019entr\u00e9e en vigueur obligatoire du budget mobilit\u00e9 pour les employeurs proposant des voitures de soci\u00e9t\u00e9 ne\u2026\" \/>\n<meta property=\"og:url\" content=\"https:\/\/www.link2fleet.com\/fr\/budget-de-mobilite-obligatoire-ce-ne-sera-pas-pour-janvier\/\" \/>\n<meta property=\"og:site_name\" content=\"link2fleet\" \/>\n<meta property=\"article:published_time\" content=\"2025-11-24T08:41:40+00:00\" \/>\n<meta property=\"article:modified_time\" content=\"2025-11-24T10:30:32+00:00\" \/>\n<meta property=\"og:image\" content=\"https:\/\/static.link2fleet.com\/wp-content\/uploads\/2025\/09\/budget-mobilite-reflexion.png\" \/>\n\t<meta property=\"og:image:width\" content=\"1013\" \/>\n\t<meta property=\"og:image:height\" content=\"904\" \/>\n\t<meta property=\"og:image:type\" content=\"image\/png\" \/>\n<meta name=\"author\" content=\"Michel Willems - Mobilitas\" \/>\n<meta name=\"twitter:card\" content=\"summary_large_image\" \/>\n<meta name=\"twitter:description\" content=\"Sur base du rythme actuel de la proc\u00e9dure l\u00e9gislative, l\u2019entr\u00e9e en vigueur obligatoire du budget mobilit\u00e9 pour les employeurs proposant des voitures de soci\u00e9t\u00e9 ne\u2026\" \/>\n<meta name=\"twitter:label1\" content=\"\u00c9crit par\" \/>\n\t<meta name=\"twitter:data1\" content=\"Michel Willems - Mobilitas\" \/>\n\t<meta name=\"twitter:label2\" content=\"Dur\u00e9e de lecture estim\u00e9e\" \/>\n\t<meta name=\"twitter:data2\" content=\"2 minutes\" \/>\n<script type=\"application\/ld+json\" class=\"yoast-schema-graph\">{\"@context\":\"https:\\\/\\\/schema.org\",\"@graph\":[{\"@type\":\"Article\",\"@id\":\"https:\\\/\\\/www.link2fleet.com\\\/fr\\\/budget-de-mobilite-obligatoire-ce-ne-sera-pas-pour-janvier\\\/#article\",\"isPartOf\":{\"@id\":\"https:\\\/\\\/www.link2fleet.com\\\/fr\\\/budget-de-mobilite-obligatoire-ce-ne-sera-pas-pour-janvier\\\/\"},\"author\":{\"name\":\"Michel Willems - Mobilitas\",\"@id\":\"https:\\\/\\\/www.link2fleet.com\\\/fr\\\/#\\\/schema\\\/person\\\/bd29f6a2c2427e85a70d3acf17303486\"},\"headline\":\"Budget de mobilit\u00e9 obligatoire : ce ne sera pas pour janvier!\",\"datePublished\":\"2025-11-24T08:41:40+00:00\",\"dateModified\":\"2025-11-24T10:30:32+00:00\",\"mainEntityOfPage\":{\"@id\":\"https:\\\/\\\/www.link2fleet.com\\\/fr\\\/budget-de-mobilite-obligatoire-ce-ne-sera-pas-pour-janvier\\\/\"},\"wordCount\":10,\"publisher\":{\"@id\":\"https:\\\/\\\/www.link2fleet.com\\\/fr\\\/#organization\"},\"image\":{\"@id\":\"https:\\\/\\\/www.link2fleet.com\\\/fr\\\/budget-de-mobilite-obligatoire-ce-ne-sera-pas-pour-janvier\\\/#primaryimage\"},\"thumbnailUrl\":\"https:\\\/\\\/static.link2fleet.com\\\/wp-content\\\/uploads\\\/2025\\\/09\\\/budget-mobilite-reflexion.png\",\"articleSection\":[\"A la une\",\"Gestion de flotte\",\"Tax &amp; legal\"],\"inLanguage\":\"fr-FR\"},{\"@type\":\"WebPage\",\"@id\":\"https:\\\/\\\/www.link2fleet.com\\\/fr\\\/budget-de-mobilite-obligatoire-ce-ne-sera-pas-pour-janvier\\\/\",\"url\":\"https:\\\/\\\/www.link2fleet.com\\\/fr\\\/budget-de-mobilite-obligatoire-ce-ne-sera-pas-pour-janvier\\\/\",\"name\":\"Budget de mobilit\u00e9 obligatoire : ce ne sera pas pour janvier! - link2fleet\",\"isPartOf\":{\"@id\":\"https:\\\/\\\/www.link2fleet.com\\\/fr\\\/#website\"},\"primaryImageOfPage\":{\"@id\":\"https:\\\/\\\/www.link2fleet.com\\\/fr\\\/budget-de-mobilite-obligatoire-ce-ne-sera-pas-pour-janvier\\\/#primaryimage\"},\"image\":{\"@id\":\"https:\\\/\\\/www.link2fleet.com\\\/fr\\\/budget-de-mobilite-obligatoire-ce-ne-sera-pas-pour-janvier\\\/#primaryimage\"},\"thumbnailUrl\":\"https:\\\/\\\/static.link2fleet.com\\\/wp-content\\\/uploads\\\/2025\\\/09\\\/budget-mobilite-reflexion.png\",\"datePublished\":\"2025-11-24T08:41:40+00:00\",\"dateModified\":\"2025-11-24T10:30:32+00:00\",\"description\":\"Sur base du rythme actuel de la proc\u00e9dure l\u00e9gislative, l\u2019entr\u00e9e en vigueur obligatoire du budget mobilit\u00e9 pour les employeurs proposant des voitures de soci\u00e9t\u00e9 ne pourra pas d\u00e9buter au 1er janvier 2026.\",\"breadcrumb\":{\"@id\":\"https:\\\/\\\/www.link2fleet.com\\\/fr\\\/budget-de-mobilite-obligatoire-ce-ne-sera-pas-pour-janvier\\\/#breadcrumb\"},\"inLanguage\":\"fr-FR\",\"potentialAction\":[{\"@type\":\"ReadAction\",\"target\":[\"https:\\\/\\\/www.link2fleet.com\\\/fr\\\/budget-de-mobilite-obligatoire-ce-ne-sera-pas-pour-janvier\\\/\"]}]},{\"@type\":\"ImageObject\",\"inLanguage\":\"fr-FR\",\"@id\":\"https:\\\/\\\/www.link2fleet.com\\\/fr\\\/budget-de-mobilite-obligatoire-ce-ne-sera-pas-pour-janvier\\\/#primaryimage\",\"url\":\"https:\\\/\\\/static.link2fleet.com\\\/wp-content\\\/uploads\\\/2025\\\/09\\\/budget-mobilite-reflexion.png\",\"contentUrl\":\"https:\\\/\\\/static.link2fleet.com\\\/wp-content\\\/uploads\\\/2025\\\/09\\\/budget-mobilite-reflexion.png\",\"width\":1013,\"height\":904},{\"@type\":\"BreadcrumbList\",\"@id\":\"https:\\\/\\\/www.link2fleet.com\\\/fr\\\/budget-de-mobilite-obligatoire-ce-ne-sera-pas-pour-janvier\\\/#breadcrumb\",\"itemListElement\":[{\"@type\":\"ListItem\",\"position\":1,\"name\":\"Home\",\"item\":\"https:\\\/\\\/www.link2fleet.com\\\/fr\\\/\"},{\"@type\":\"ListItem\",\"position\":2,\"name\":\"Budget de mobilit\u00e9 obligatoire : ce ne sera pas pour janvier!\"}]},{\"@type\":\"WebSite\",\"@id\":\"https:\\\/\\\/www.link2fleet.com\\\/fr\\\/#website\",\"url\":\"https:\\\/\\\/www.link2fleet.com\\\/fr\\\/\",\"name\":\"Link2fleet\",\"description\":\"\",\"publisher\":{\"@id\":\"https:\\\/\\\/www.link2fleet.com\\\/fr\\\/#organization\"},\"potentialAction\":[{\"@type\":\"SearchAction\",\"target\":{\"@type\":\"EntryPoint\",\"urlTemplate\":\"https:\\\/\\\/www.link2fleet.com\\\/fr\\\/?s={search_term_string}\"},\"query-input\":{\"@type\":\"PropertyValueSpecification\",\"valueRequired\":true,\"valueName\":\"search_term_string\"}}],\"inLanguage\":\"fr-FR\"},{\"@type\":\"Organization\",\"@id\":\"https:\\\/\\\/www.link2fleet.com\\\/fr\\\/#organization\",\"name\":\"Link2fleet\",\"url\":\"https:\\\/\\\/www.link2fleet.com\\\/fr\\\/\",\"logo\":{\"@type\":\"ImageObject\",\"inLanguage\":\"fr-FR\",\"@id\":\"https:\\\/\\\/www.link2fleet.com\\\/fr\\\/#\\\/schema\\\/logo\\\/image\\\/\",\"url\":\"https:\\\/\\\/static.link2fleet.com\\\/wp-content\\\/uploads\\\/2024\\\/03\\\/share-image.jpg\",\"contentUrl\":\"https:\\\/\\\/static.link2fleet.com\\\/wp-content\\\/uploads\\\/2024\\\/03\\\/share-image.jpg\",\"width\":1200,\"height\":630,\"caption\":\"Link2fleet\"},\"image\":{\"@id\":\"https:\\\/\\\/www.link2fleet.com\\\/fr\\\/#\\\/schema\\\/logo\\\/image\\\/\"},\"sameAs\":[\"https:\\\/\\\/www.linkedin.com\\\/company\\\/link2fleet-belgium\",\"https:\\\/\\\/www.youtube.com\\\/user\\\/MMMBMBE\"]},{\"@type\":\"Person\",\"@id\":\"https:\\\/\\\/www.link2fleet.com\\\/fr\\\/#\\\/schema\\\/person\\\/bd29f6a2c2427e85a70d3acf17303486\",\"name\":\"Michel Willems - Mobilitas\",\"image\":{\"@type\":\"ImageObject\",\"inLanguage\":\"fr-FR\",\"@id\":\"https:\\\/\\\/secure.gravatar.com\\\/avatar\\\/c937de514893d5b69b3b52ee88664fd4879b786925b6742dc7891d347f167414?s=96&d=mm&r=g\",\"url\":\"https:\\\/\\\/secure.gravatar.com\\\/avatar\\\/c937de514893d5b69b3b52ee88664fd4879b786925b6742dc7891d347f167414?s=96&d=mm&r=g\",\"contentUrl\":\"https:\\\/\\\/secure.gravatar.com\\\/avatar\\\/c937de514893d5b69b3b52ee88664fd4879b786925b6742dc7891d347f167414?s=96&d=mm&r=g\",\"caption\":\"Michel Willems - Mobilitas\"}}]}<\/script>\n<!-- \/ Yoast SEO plugin. -->","yoast_head_json":{"title":"Budget de mobilit\u00e9 obligatoire : ce ne sera pas pour janvier! - link2fleet","description":"Sur base du rythme actuel de la proc\u00e9dure l\u00e9gislative, l\u2019entr\u00e9e en vigueur obligatoire du budget mobilit\u00e9 pour les employeurs proposant des voitures de soci\u00e9t\u00e9 ne\u2026","robots":{"index":"index","follow":"follow","max-snippet":"max-snippet:-1","max-image-preview":"max-image-preview:large","max-video-preview":"max-video-preview:-1"},"og_locale":"fr_FR","og_type":"article","og_title":"Budget de mobilit\u00e9 obligatoire : ce ne sera pas pour janvier! - link2fleet","og_description":"Sur base du rythme actuel de la proc\u00e9dure l\u00e9gislative, l\u2019entr\u00e9e en vigueur obligatoire du budget mobilit\u00e9 pour les employeurs proposant des voitures de soci\u00e9t\u00e9 ne\u2026","og_url":"https:\/\/www.link2fleet.com\/fr\/budget-de-mobilite-obligatoire-ce-ne-sera-pas-pour-janvier\/","og_site_name":"link2fleet","article_published_time":"2025-11-24T08:41:40+00:00","article_modified_time":"2025-11-24T10:30:32+00:00","og_image":[{"width":1013,"height":904,"url":"https:\/\/static.link2fleet.com\/wp-content\/uploads\/2025\/09\/budget-mobilite-reflexion.png","type":"image\/png"}],"author":"Michel Willems - Mobilitas","twitter_card":"summary_large_image","twitter_description":"Sur base du rythme actuel de la proc\u00e9dure l\u00e9gislative, l\u2019entr\u00e9e en vigueur obligatoire du budget mobilit\u00e9 pour les employeurs proposant des voitures de soci\u00e9t\u00e9 ne\u2026","twitter_misc":{"\u00c9crit par":"Michel Willems - Mobilitas","Dur\u00e9e de lecture estim\u00e9e":"2 minutes"},"schema":{"@context":"https:\/\/schema.org","@graph":[{"@type":"Article","@id":"https:\/\/www.link2fleet.com\/fr\/budget-de-mobilite-obligatoire-ce-ne-sera-pas-pour-janvier\/#article","isPartOf":{"@id":"https:\/\/www.link2fleet.com\/fr\/budget-de-mobilite-obligatoire-ce-ne-sera-pas-pour-janvier\/"},"author":{"name":"Michel Willems - Mobilitas","@id":"https:\/\/www.link2fleet.com\/fr\/#\/schema\/person\/bd29f6a2c2427e85a70d3acf17303486"},"headline":"Budget de mobilit\u00e9 obligatoire : ce ne sera pas pour janvier!","datePublished":"2025-11-24T08:41:40+00:00","dateModified":"2025-11-24T10:30:32+00:00","mainEntityOfPage":{"@id":"https:\/\/www.link2fleet.com\/fr\/budget-de-mobilite-obligatoire-ce-ne-sera-pas-pour-janvier\/"},"wordCount":10,"publisher":{"@id":"https:\/\/www.link2fleet.com\/fr\/#organization"},"image":{"@id":"https:\/\/www.link2fleet.com\/fr\/budget-de-mobilite-obligatoire-ce-ne-sera-pas-pour-janvier\/#primaryimage"},"thumbnailUrl":"https:\/\/static.link2fleet.com\/wp-content\/uploads\/2025\/09\/budget-mobilite-reflexion.png","articleSection":["A la une","Gestion de flotte","Tax &amp; legal"],"inLanguage":"fr-FR"},{"@type":"WebPage","@id":"https:\/\/www.link2fleet.com\/fr\/budget-de-mobilite-obligatoire-ce-ne-sera-pas-pour-janvier\/","url":"https:\/\/www.link2fleet.com\/fr\/budget-de-mobilite-obligatoire-ce-ne-sera-pas-pour-janvier\/","name":"Budget de mobilit\u00e9 obligatoire : ce ne sera pas pour janvier! - link2fleet","isPartOf":{"@id":"https:\/\/www.link2fleet.com\/fr\/#website"},"primaryImageOfPage":{"@id":"https:\/\/www.link2fleet.com\/fr\/budget-de-mobilite-obligatoire-ce-ne-sera-pas-pour-janvier\/#primaryimage"},"image":{"@id":"https:\/\/www.link2fleet.com\/fr\/budget-de-mobilite-obligatoire-ce-ne-sera-pas-pour-janvier\/#primaryimage"},"thumbnailUrl":"https:\/\/static.link2fleet.com\/wp-content\/uploads\/2025\/09\/budget-mobilite-reflexion.png","datePublished":"2025-11-24T08:41:40+00:00","dateModified":"2025-11-24T10:30:32+00:00","description":"Sur base du rythme actuel de la proc\u00e9dure l\u00e9gislative, l\u2019entr\u00e9e en vigueur obligatoire du budget mobilit\u00e9 pour les employeurs proposant des voitures de soci\u00e9t\u00e9 ne pourra pas d\u00e9buter au 1er janvier 2026.","breadcrumb":{"@id":"https:\/\/www.link2fleet.com\/fr\/budget-de-mobilite-obligatoire-ce-ne-sera-pas-pour-janvier\/#breadcrumb"},"inLanguage":"fr-FR","potentialAction":[{"@type":"ReadAction","target":["https:\/\/www.link2fleet.com\/fr\/budget-de-mobilite-obligatoire-ce-ne-sera-pas-pour-janvier\/"]}]},{"@type":"ImageObject","inLanguage":"fr-FR","@id":"https:\/\/www.link2fleet.com\/fr\/budget-de-mobilite-obligatoire-ce-ne-sera-pas-pour-janvier\/#primaryimage","url":"https:\/\/static.link2fleet.com\/wp-content\/uploads\/2025\/09\/budget-mobilite-reflexion.png","contentUrl":"https:\/\/static.link2fleet.com\/wp-content\/uploads\/2025\/09\/budget-mobilite-reflexion.png","width":1013,"height":904},{"@type":"BreadcrumbList","@id":"https:\/\/www.link2fleet.com\/fr\/budget-de-mobilite-obligatoire-ce-ne-sera-pas-pour-janvier\/#breadcrumb","itemListElement":[{"@type":"ListItem","position":1,"name":"Home","item":"https:\/\/www.link2fleet.com\/fr\/"},{"@type":"ListItem","position":2,"name":"Budget de mobilit\u00e9 obligatoire : ce ne sera pas pour janvier!"}]},{"@type":"WebSite","@id":"https:\/\/www.link2fleet.com\/fr\/#website","url":"https:\/\/www.link2fleet.com\/fr\/","name":"Link2fleet","description":"","publisher":{"@id":"https:\/\/www.link2fleet.com\/fr\/#organization"},"potentialAction":[{"@type":"SearchAction","target":{"@type":"EntryPoint","urlTemplate":"https:\/\/www.link2fleet.com\/fr\/?s={search_term_string}"},"query-input":{"@type":"PropertyValueSpecification","valueRequired":true,"valueName":"search_term_string"}}],"inLanguage":"fr-FR"},{"@type":"Organization","@id":"https:\/\/www.link2fleet.com\/fr\/#organization","name":"Link2fleet","url":"https:\/\/www.link2fleet.com\/fr\/","logo":{"@type":"ImageObject","inLanguage":"fr-FR","@id":"https:\/\/www.link2fleet.com\/fr\/#\/schema\/logo\/image\/","url":"https:\/\/static.link2fleet.com\/wp-content\/uploads\/2024\/03\/share-image.jpg","contentUrl":"https:\/\/static.link2fleet.com\/wp-content\/uploads\/2024\/03\/share-image.jpg","width":1200,"height":630,"caption":"Link2fleet"},"image":{"@id":"https:\/\/www.link2fleet.com\/fr\/#\/schema\/logo\/image\/"},"sameAs":["https:\/\/www.linkedin.com\/company\/link2fleet-belgium","https:\/\/www.youtube.com\/user\/MMMBMBE"]},{"@type":"Person","@id":"https:\/\/www.link2fleet.com\/fr\/#\/schema\/person\/bd29f6a2c2427e85a70d3acf17303486","name":"Michel Willems - Mobilitas","image":{"@type":"ImageObject","inLanguage":"fr-FR","@id":"https:\/\/secure.gravatar.com\/avatar\/c937de514893d5b69b3b52ee88664fd4879b786925b6742dc7891d347f167414?s=96&d=mm&r=g","url":"https:\/\/secure.gravatar.com\/avatar\/c937de514893d5b69b3b52ee88664fd4879b786925b6742dc7891d347f167414?s=96&d=mm&r=g","contentUrl":"https:\/\/secure.gravatar.com\/avatar\/c937de514893d5b69b3b52ee88664fd4879b786925b6742dc7891d347f167414?s=96&d=mm&r=g","caption":"Michel Willems - Mobilitas"}}]}},"_links":{"self":[{"href":"https:\/\/www.link2fleet.com\/fr\/wp-json\/wp\/v2\/posts\/61328","targetHints":{"allow":["GET"]}}],"collection":[{"href":"https:\/\/www.link2fleet.com\/fr\/wp-json\/wp\/v2\/posts"}],"about":[{"href":"https:\/\/www.link2fleet.com\/fr\/wp-json\/wp\/v2\/types\/post"}],"author":[{"embeddable":true,"href":"https:\/\/www.link2fleet.com\/fr\/wp-json\/wp\/v2\/users\/11"}],"replies":[{"embeddable":true,"href":"https:\/\/www.link2fleet.com\/fr\/wp-json\/wp\/v2\/comments?post=61328"}],"version-history":[{"count":3,"href":"https:\/\/www.link2fleet.com\/fr\/wp-json\/wp\/v2\/posts\/61328\/revisions"}],"predecessor-version":[{"id":61372,"href":"https:\/\/www.link2fleet.com\/fr\/wp-json\/wp\/v2\/posts\/61328\/revisions\/61372"}],"wp:featuredmedia":[{"embeddable":true,"href":"https:\/\/www.link2fleet.com\/fr\/wp-json\/wp\/v2\/media\/55552"}],"wp:attachment":[{"href":"https:\/\/www.link2fleet.com\/fr\/wp-json\/wp\/v2\/media?parent=61328"}],"wp:term":[{"taxonomy":"category","embeddable":true,"href":"https:\/\/www.link2fleet.com\/fr\/wp-json\/wp\/v2\/categories?post=61328"},{"taxonomy":"post_tag","embeddable":true,"href":"https:\/\/www.link2fleet.com\/fr\/wp-json\/wp\/v2\/tags?post=61328"}],"curies":[{"name":"wp","href":"https:\/\/api.w.org\/{rel}","templated":true}]}}