{"id":61348,"date":"2025-11-24T10:03:04","date_gmt":"2025-11-24T09:03:04","guid":{"rendered":"https:\/\/www.link2fleet.com\/snelladen-in-een-stroomversnelling-de-ambitie-van-fastned-belgie-voor-de-komende-jaren\/"},"modified":"2025-11-24T12:33:03","modified_gmt":"2025-11-24T11:33:03","slug":"snelladen-in-een-stroomversnelling-de-ambitie-van-fastned-belgie-voor-de-komende-jaren","status":"publish","type":"post","link":"https:\/\/www.link2fleet.com\/fr\/snelladen-in-een-stroomversnelling-de-ambitie-van-fastned-belgie-voor-de-komende-jaren\/","title":{"rendered":"La recharge rapide prend de l&rsquo;ampleur : les ambitions de Fastned Belgique pour les ann\u00e9es \u00e0 venir"},"content":{"rendered":"","protected":false},"excerpt":{"rendered":"","protected":false},"author":4,"featured_media":61344,"comment_status":"closed","ping_status":"closed","sticky":false,"template":"","format":"standard","meta":{"_acf_changed":false,"footnotes":""},"categories":[1448,81,91],"tags":[],"class_list":["post-61348","post","type-post","status-publish","format-standard","has-post-thumbnail","hentry","category-a-la-une","category-gestion-de-carburant-et-energie","category-expertise-et-management"],"acf":[],"yoast_head":"<!-- This site is optimized with the Yoast SEO plugin v27.3 - https:\/\/yoast.com\/product\/yoast-seo-wordpress\/ -->\n<title>La recharge rapide prend de l&#039;ampleur : les ambitions de Fastned Belgique pour les ann\u00e9es \u00e0 venir - link2fleet<\/title>\n<meta name=\"description\" content=\"L&rsquo;\u00e9lectrification du parc automobile s&rsquo;acc\u00e9l\u00e8re dans toute la Belgique, mais le d\u00e9veloppement d&rsquo;un r\u00e9seau de recharge rapide fiable et accessible reste un d\u00e9fi crucial. Fastned,\u2026\" \/>\n<meta name=\"robots\" content=\"index, follow, max-snippet:-1, max-image-preview:large, max-video-preview:-1\" \/>\n<meta property=\"og:locale\" content=\"fr_FR\" \/>\n<meta property=\"og:type\" content=\"article\" \/>\n<meta property=\"og:title\" content=\"La recharge rapide prend de l&#039;ampleur : les ambitions de Fastned Belgique pour les ann\u00e9es \u00e0 venir - link2fleet\" \/>\n<meta property=\"og:description\" content=\"L&rsquo;\u00e9lectrification du parc automobile s&rsquo;acc\u00e9l\u00e8re dans toute la Belgique, mais le d\u00e9veloppement d&rsquo;un r\u00e9seau de recharge rapide fiable et accessible reste un d\u00e9fi crucial. Fastned,\u2026\" \/>\n<meta property=\"og:url\" content=\"https:\/\/www.link2fleet.com\/fr\/snelladen-in-een-stroomversnelling-de-ambitie-van-fastned-belgie-voor-de-komende-jaren\/\" \/>\n<meta property=\"og:site_name\" content=\"link2fleet\" \/>\n<meta property=\"article:published_time\" content=\"2025-11-24T09:03:04+00:00\" \/>\n<meta property=\"article:modified_time\" content=\"2025-11-24T11:33:03+00:00\" \/>\n<meta property=\"og:image\" content=\"https:\/\/static.link2fleet.com\/wp-content\/uploads\/2025\/11\/1920fotoestacioacutendecargafastned1.jpg\" \/>\n\t<meta property=\"og:image:width\" content=\"1800\" \/>\n\t<meta property=\"og:image:height\" content=\"1200\" \/>\n\t<meta property=\"og:image:type\" content=\"image\/jpeg\" \/>\n<meta name=\"author\" content=\"Damien Malvetti\" \/>\n<meta name=\"twitter:card\" content=\"summary_large_image\" \/>\n<meta name=\"twitter:description\" content=\"L&rsquo;\u00e9lectrification du parc automobile s&rsquo;acc\u00e9l\u00e8re dans toute la Belgique, mais le d\u00e9veloppement d&rsquo;un r\u00e9seau de recharge rapide fiable et accessible reste un d\u00e9fi crucial. Fastned,\u2026\" \/>\n<meta name=\"twitter:label1\" content=\"\u00c9crit par\" \/>\n\t<meta name=\"twitter:data1\" content=\"Damien Malvetti\" \/>\n\t<meta name=\"twitter:label2\" content=\"Dur\u00e9e de lecture estim\u00e9e\" \/>\n\t<meta name=\"twitter:data2\" content=\"10 minutes\" \/>\n<script type=\"application\/ld+json\" class=\"yoast-schema-graph\">{\"@context\":\"https:\\\/\\\/schema.org\",\"@graph\":[{\"@type\":\"Article\",\"@id\":\"https:\\\/\\\/www.link2fleet.com\\\/fr\\\/snelladen-in-een-stroomversnelling-de-ambitie-van-fastned-belgie-voor-de-komende-jaren\\\/#article\",\"isPartOf\":{\"@id\":\"https:\\\/\\\/www.link2fleet.com\\\/fr\\\/snelladen-in-een-stroomversnelling-de-ambitie-van-fastned-belgie-voor-de-komende-jaren\\\/\"},\"author\":{\"name\":\"Damien Malvetti\",\"@id\":\"https:\\\/\\\/www.link2fleet.com\\\/fr\\\/#\\\/schema\\\/person\\\/027cd46113c78036b3809c9a054049da\"},\"headline\":\"La recharge rapide prend de l&rsquo;ampleur : les ambitions de Fastned Belgique pour les ann\u00e9es \u00e0 venir\",\"datePublished\":\"2025-11-24T09:03:04+00:00\",\"dateModified\":\"2025-11-24T11:33:03+00:00\",\"mainEntityOfPage\":{\"@id\":\"https:\\\/\\\/www.link2fleet.com\\\/fr\\\/snelladen-in-een-stroomversnelling-de-ambitie-van-fastned-belgie-voor-de-komende-jaren\\\/\"},\"wordCount\":17,\"publisher\":{\"@id\":\"https:\\\/\\\/www.link2fleet.com\\\/fr\\\/#organization\"},\"image\":{\"@id\":\"https:\\\/\\\/www.link2fleet.com\\\/fr\\\/snelladen-in-een-stroomversnelling-de-ambitie-van-fastned-belgie-voor-de-komende-jaren\\\/#primaryimage\"},\"thumbnailUrl\":\"https:\\\/\\\/static.link2fleet.com\\\/wp-content\\\/uploads\\\/2025\\\/11\\\/1920fotoestacioacutendecargafastned1.jpg\",\"articleSection\":[\"A la une\",\"Gestion carburant et de l'\u00e9nergie\",\"Gestion de flotte\"],\"inLanguage\":\"fr-FR\"},{\"@type\":\"WebPage\",\"@id\":\"https:\\\/\\\/www.link2fleet.com\\\/fr\\\/snelladen-in-een-stroomversnelling-de-ambitie-van-fastned-belgie-voor-de-komende-jaren\\\/\",\"url\":\"https:\\\/\\\/www.link2fleet.com\\\/fr\\\/snelladen-in-een-stroomversnelling-de-ambitie-van-fastned-belgie-voor-de-komende-jaren\\\/\",\"name\":\"La recharge rapide prend de l'ampleur : les ambitions de Fastned Belgique pour les ann\u00e9es \u00e0 venir - link2fleet\",\"isPartOf\":{\"@id\":\"https:\\\/\\\/www.link2fleet.com\\\/fr\\\/#website\"},\"primaryImageOfPage\":{\"@id\":\"https:\\\/\\\/www.link2fleet.com\\\/fr\\\/snelladen-in-een-stroomversnelling-de-ambitie-van-fastned-belgie-voor-de-komende-jaren\\\/#primaryimage\"},\"image\":{\"@id\":\"https:\\\/\\\/www.link2fleet.com\\\/fr\\\/snelladen-in-een-stroomversnelling-de-ambitie-van-fastned-belgie-voor-de-komende-jaren\\\/#primaryimage\"},\"thumbnailUrl\":\"https:\\\/\\\/static.link2fleet.com\\\/wp-content\\\/uploads\\\/2025\\\/11\\\/1920fotoestacioacutendecargafastned1.jpg\",\"datePublished\":\"2025-11-24T09:03:04+00:00\",\"dateModified\":\"2025-11-24T11:33:03+00:00\",\"breadcrumb\":{\"@id\":\"https:\\\/\\\/www.link2fleet.com\\\/fr\\\/snelladen-in-een-stroomversnelling-de-ambitie-van-fastned-belgie-voor-de-komende-jaren\\\/#breadcrumb\"},\"inLanguage\":\"fr-FR\",\"potentialAction\":[{\"@type\":\"ReadAction\",\"target\":[\"https:\\\/\\\/www.link2fleet.com\\\/fr\\\/snelladen-in-een-stroomversnelling-de-ambitie-van-fastned-belgie-voor-de-komende-jaren\\\/\"]}]},{\"@type\":\"ImageObject\",\"inLanguage\":\"fr-FR\",\"@id\":\"https:\\\/\\\/www.link2fleet.com\\\/fr\\\/snelladen-in-een-stroomversnelling-de-ambitie-van-fastned-belgie-voor-de-komende-jaren\\\/#primaryimage\",\"url\":\"https:\\\/\\\/static.link2fleet.com\\\/wp-content\\\/uploads\\\/2025\\\/11\\\/1920fotoestacioacutendecargafastned1.jpg\",\"contentUrl\":\"https:\\\/\\\/static.link2fleet.com\\\/wp-content\\\/uploads\\\/2025\\\/11\\\/1920fotoestacioacutendecargafastned1.jpg\",\"width\":1800,\"height\":1200},{\"@type\":\"BreadcrumbList\",\"@id\":\"https:\\\/\\\/www.link2fleet.com\\\/fr\\\/snelladen-in-een-stroomversnelling-de-ambitie-van-fastned-belgie-voor-de-komende-jaren\\\/#breadcrumb\",\"itemListElement\":[{\"@type\":\"ListItem\",\"position\":1,\"name\":\"Home\",\"item\":\"https:\\\/\\\/www.link2fleet.com\\\/fr\\\/\"},{\"@type\":\"ListItem\",\"position\":2,\"name\":\"La recharge rapide prend de l&rsquo;ampleur : les ambitions de Fastned Belgique pour les ann\u00e9es \u00e0 venir\"}]},{\"@type\":\"WebSite\",\"@id\":\"https:\\\/\\\/www.link2fleet.com\\\/fr\\\/#website\",\"url\":\"https:\\\/\\\/www.link2fleet.com\\\/fr\\\/\",\"name\":\"Link2fleet\",\"description\":\"\",\"publisher\":{\"@id\":\"https:\\\/\\\/www.link2fleet.com\\\/fr\\\/#organization\"},\"potentialAction\":[{\"@type\":\"SearchAction\",\"target\":{\"@type\":\"EntryPoint\",\"urlTemplate\":\"https:\\\/\\\/www.link2fleet.com\\\/fr\\\/?s={search_term_string}\"},\"query-input\":{\"@type\":\"PropertyValueSpecification\",\"valueRequired\":true,\"valueName\":\"search_term_string\"}}],\"inLanguage\":\"fr-FR\"},{\"@type\":\"Organization\",\"@id\":\"https:\\\/\\\/www.link2fleet.com\\\/fr\\\/#organization\",\"name\":\"Link2fleet\",\"url\":\"https:\\\/\\\/www.link2fleet.com\\\/fr\\\/\",\"logo\":{\"@type\":\"ImageObject\",\"inLanguage\":\"fr-FR\",\"@id\":\"https:\\\/\\\/www.link2fleet.com\\\/fr\\\/#\\\/schema\\\/logo\\\/image\\\/\",\"url\":\"https:\\\/\\\/static.link2fleet.com\\\/wp-content\\\/uploads\\\/2024\\\/03\\\/share-image.jpg\",\"contentUrl\":\"https:\\\/\\\/static.link2fleet.com\\\/wp-content\\\/uploads\\\/2024\\\/03\\\/share-image.jpg\",\"width\":1200,\"height\":630,\"caption\":\"Link2fleet\"},\"image\":{\"@id\":\"https:\\\/\\\/www.link2fleet.com\\\/fr\\\/#\\\/schema\\\/logo\\\/image\\\/\"},\"sameAs\":[\"https:\\\/\\\/www.linkedin.com\\\/company\\\/link2fleet-belgium\",\"https:\\\/\\\/www.youtube.com\\\/user\\\/MMMBMBE\"]},{\"@type\":\"Person\",\"@id\":\"https:\\\/\\\/www.link2fleet.com\\\/fr\\\/#\\\/schema\\\/person\\\/027cd46113c78036b3809c9a054049da\",\"name\":\"Damien Malvetti\",\"image\":{\"@type\":\"ImageObject\",\"inLanguage\":\"fr-FR\",\"@id\":\"https:\\\/\\\/secure.gravatar.com\\\/avatar\\\/dd8cc03b49466c735f753ac37f8caa371af16dfed347456ed61f02883255eebb?s=96&d=mm&r=g\",\"url\":\"https:\\\/\\\/secure.gravatar.com\\\/avatar\\\/dd8cc03b49466c735f753ac37f8caa371af16dfed347456ed61f02883255eebb?s=96&d=mm&r=g\",\"contentUrl\":\"https:\\\/\\\/secure.gravatar.com\\\/avatar\\\/dd8cc03b49466c735f753ac37f8caa371af16dfed347456ed61f02883255eebb?s=96&d=mm&r=g\",\"caption\":\"Damien Malvetti\"},\"description\":\"Damien Malvetti is opgeleid als journalist en gepassioneerd door wagens, technologie en mobiliteit. Hij is verantwoordelijk voor de redactionele inhoud van link2fleet en beschikt over een uitgebreide kennis van de fleet-sector en elektrische mobiliteit.\",\"sameAs\":[\"https:\\\/\\\/www.linkedin.com\\\/in\\\/damien-malvetti-56601142\\\/\"]}]}<\/script>\n<!-- \/ Yoast SEO plugin. -->","yoast_head_json":{"title":"La recharge rapide prend de l'ampleur : les ambitions de Fastned Belgique pour les ann\u00e9es \u00e0 venir - link2fleet","description":"L&rsquo;\u00e9lectrification du parc automobile s&rsquo;acc\u00e9l\u00e8re dans toute la Belgique, mais le d\u00e9veloppement d&rsquo;un r\u00e9seau de recharge rapide fiable et accessible reste un d\u00e9fi crucial. Fastned,\u2026","robots":{"index":"index","follow":"follow","max-snippet":"max-snippet:-1","max-image-preview":"max-image-preview:large","max-video-preview":"max-video-preview:-1"},"og_locale":"fr_FR","og_type":"article","og_title":"La recharge rapide prend de l'ampleur : les ambitions de Fastned Belgique pour les ann\u00e9es \u00e0 venir - link2fleet","og_description":"L&rsquo;\u00e9lectrification du parc automobile s&rsquo;acc\u00e9l\u00e8re dans toute la Belgique, mais le d\u00e9veloppement d&rsquo;un r\u00e9seau de recharge rapide fiable et accessible reste un d\u00e9fi crucial. Fastned,\u2026","og_url":"https:\/\/www.link2fleet.com\/fr\/snelladen-in-een-stroomversnelling-de-ambitie-van-fastned-belgie-voor-de-komende-jaren\/","og_site_name":"link2fleet","article_published_time":"2025-11-24T09:03:04+00:00","article_modified_time":"2025-11-24T11:33:03+00:00","og_image":[{"width":1800,"height":1200,"url":"https:\/\/static.link2fleet.com\/wp-content\/uploads\/2025\/11\/1920fotoestacioacutendecargafastned1.jpg","type":"image\/jpeg"}],"author":"Damien Malvetti","twitter_card":"summary_large_image","twitter_description":"L&rsquo;\u00e9lectrification du parc automobile s&rsquo;acc\u00e9l\u00e8re dans toute la Belgique, mais le d\u00e9veloppement d&rsquo;un r\u00e9seau de recharge rapide fiable et accessible reste un d\u00e9fi crucial. Fastned,\u2026","twitter_misc":{"\u00c9crit par":"Damien Malvetti","Dur\u00e9e de lecture estim\u00e9e":"10 minutes"},"schema":{"@context":"https:\/\/schema.org","@graph":[{"@type":"Article","@id":"https:\/\/www.link2fleet.com\/fr\/snelladen-in-een-stroomversnelling-de-ambitie-van-fastned-belgie-voor-de-komende-jaren\/#article","isPartOf":{"@id":"https:\/\/www.link2fleet.com\/fr\/snelladen-in-een-stroomversnelling-de-ambitie-van-fastned-belgie-voor-de-komende-jaren\/"},"author":{"name":"Damien Malvetti","@id":"https:\/\/www.link2fleet.com\/fr\/#\/schema\/person\/027cd46113c78036b3809c9a054049da"},"headline":"La recharge rapide prend de l&rsquo;ampleur : les ambitions de Fastned Belgique pour les ann\u00e9es \u00e0 venir","datePublished":"2025-11-24T09:03:04+00:00","dateModified":"2025-11-24T11:33:03+00:00","mainEntityOfPage":{"@id":"https:\/\/www.link2fleet.com\/fr\/snelladen-in-een-stroomversnelling-de-ambitie-van-fastned-belgie-voor-de-komende-jaren\/"},"wordCount":17,"publisher":{"@id":"https:\/\/www.link2fleet.com\/fr\/#organization"},"image":{"@id":"https:\/\/www.link2fleet.com\/fr\/snelladen-in-een-stroomversnelling-de-ambitie-van-fastned-belgie-voor-de-komende-jaren\/#primaryimage"},"thumbnailUrl":"https:\/\/static.link2fleet.com\/wp-content\/uploads\/2025\/11\/1920fotoestacioacutendecargafastned1.jpg","articleSection":["A la une","Gestion carburant et de l'\u00e9nergie","Gestion de flotte"],"inLanguage":"fr-FR"},{"@type":"WebPage","@id":"https:\/\/www.link2fleet.com\/fr\/snelladen-in-een-stroomversnelling-de-ambitie-van-fastned-belgie-voor-de-komende-jaren\/","url":"https:\/\/www.link2fleet.com\/fr\/snelladen-in-een-stroomversnelling-de-ambitie-van-fastned-belgie-voor-de-komende-jaren\/","name":"La recharge rapide prend de l'ampleur : les ambitions de Fastned Belgique pour les ann\u00e9es \u00e0 venir - link2fleet","isPartOf":{"@id":"https:\/\/www.link2fleet.com\/fr\/#website"},"primaryImageOfPage":{"@id":"https:\/\/www.link2fleet.com\/fr\/snelladen-in-een-stroomversnelling-de-ambitie-van-fastned-belgie-voor-de-komende-jaren\/#primaryimage"},"image":{"@id":"https:\/\/www.link2fleet.com\/fr\/snelladen-in-een-stroomversnelling-de-ambitie-van-fastned-belgie-voor-de-komende-jaren\/#primaryimage"},"thumbnailUrl":"https:\/\/static.link2fleet.com\/wp-content\/uploads\/2025\/11\/1920fotoestacioacutendecargafastned1.jpg","datePublished":"2025-11-24T09:03:04+00:00","dateModified":"2025-11-24T11:33:03+00:00","breadcrumb":{"@id":"https:\/\/www.link2fleet.com\/fr\/snelladen-in-een-stroomversnelling-de-ambitie-van-fastned-belgie-voor-de-komende-jaren\/#breadcrumb"},"inLanguage":"fr-FR","potentialAction":[{"@type":"ReadAction","target":["https:\/\/www.link2fleet.com\/fr\/snelladen-in-een-stroomversnelling-de-ambitie-van-fastned-belgie-voor-de-komende-jaren\/"]}]},{"@type":"ImageObject","inLanguage":"fr-FR","@id":"https:\/\/www.link2fleet.com\/fr\/snelladen-in-een-stroomversnelling-de-ambitie-van-fastned-belgie-voor-de-komende-jaren\/#primaryimage","url":"https:\/\/static.link2fleet.com\/wp-content\/uploads\/2025\/11\/1920fotoestacioacutendecargafastned1.jpg","contentUrl":"https:\/\/static.link2fleet.com\/wp-content\/uploads\/2025\/11\/1920fotoestacioacutendecargafastned1.jpg","width":1800,"height":1200},{"@type":"BreadcrumbList","@id":"https:\/\/www.link2fleet.com\/fr\/snelladen-in-een-stroomversnelling-de-ambitie-van-fastned-belgie-voor-de-komende-jaren\/#breadcrumb","itemListElement":[{"@type":"ListItem","position":1,"name":"Home","item":"https:\/\/www.link2fleet.com\/fr\/"},{"@type":"ListItem","position":2,"name":"La recharge rapide prend de l&rsquo;ampleur : les ambitions de Fastned Belgique pour les ann\u00e9es \u00e0 venir"}]},{"@type":"WebSite","@id":"https:\/\/www.link2fleet.com\/fr\/#website","url":"https:\/\/www.link2fleet.com\/fr\/","name":"Link2fleet","description":"","publisher":{"@id":"https:\/\/www.link2fleet.com\/fr\/#organization"},"potentialAction":[{"@type":"SearchAction","target":{"@type":"EntryPoint","urlTemplate":"https:\/\/www.link2fleet.com\/fr\/?s={search_term_string}"},"query-input":{"@type":"PropertyValueSpecification","valueRequired":true,"valueName":"search_term_string"}}],"inLanguage":"fr-FR"},{"@type":"Organization","@id":"https:\/\/www.link2fleet.com\/fr\/#organization","name":"Link2fleet","url":"https:\/\/www.link2fleet.com\/fr\/","logo":{"@type":"ImageObject","inLanguage":"fr-FR","@id":"https:\/\/www.link2fleet.com\/fr\/#\/schema\/logo\/image\/","url":"https:\/\/static.link2fleet.com\/wp-content\/uploads\/2024\/03\/share-image.jpg","contentUrl":"https:\/\/static.link2fleet.com\/wp-content\/uploads\/2024\/03\/share-image.jpg","width":1200,"height":630,"caption":"Link2fleet"},"image":{"@id":"https:\/\/www.link2fleet.com\/fr\/#\/schema\/logo\/image\/"},"sameAs":["https:\/\/www.linkedin.com\/company\/link2fleet-belgium","https:\/\/www.youtube.com\/user\/MMMBMBE"]},{"@type":"Person","@id":"https:\/\/www.link2fleet.com\/fr\/#\/schema\/person\/027cd46113c78036b3809c9a054049da","name":"Damien Malvetti","image":{"@type":"ImageObject","inLanguage":"fr-FR","@id":"https:\/\/secure.gravatar.com\/avatar\/dd8cc03b49466c735f753ac37f8caa371af16dfed347456ed61f02883255eebb?s=96&d=mm&r=g","url":"https:\/\/secure.gravatar.com\/avatar\/dd8cc03b49466c735f753ac37f8caa371af16dfed347456ed61f02883255eebb?s=96&d=mm&r=g","contentUrl":"https:\/\/secure.gravatar.com\/avatar\/dd8cc03b49466c735f753ac37f8caa371af16dfed347456ed61f02883255eebb?s=96&d=mm&r=g","caption":"Damien Malvetti"},"description":"Damien Malvetti is opgeleid als journalist en gepassioneerd door wagens, technologie en mobiliteit. Hij is verantwoordelijk voor de redactionele inhoud van link2fleet en beschikt over een uitgebreide kennis van de fleet-sector en elektrische mobiliteit.","sameAs":["https:\/\/www.linkedin.com\/in\/damien-malvetti-56601142\/"]}]}},"_links":{"self":[{"href":"https:\/\/www.link2fleet.com\/fr\/wp-json\/wp\/v2\/posts\/61348","targetHints":{"allow":["GET"]}}],"collection":[{"href":"https:\/\/www.link2fleet.com\/fr\/wp-json\/wp\/v2\/posts"}],"about":[{"href":"https:\/\/www.link2fleet.com\/fr\/wp-json\/wp\/v2\/types\/post"}],"author":[{"embeddable":true,"href":"https:\/\/www.link2fleet.com\/fr\/wp-json\/wp\/v2\/users\/4"}],"replies":[{"embeddable":true,"href":"https:\/\/www.link2fleet.com\/fr\/wp-json\/wp\/v2\/comments?post=61348"}],"version-history":[{"count":3,"href":"https:\/\/www.link2fleet.com\/fr\/wp-json\/wp\/v2\/posts\/61348\/revisions"}],"predecessor-version":[{"id":61375,"href":"https:\/\/www.link2fleet.com\/fr\/wp-json\/wp\/v2\/posts\/61348\/revisions\/61375"}],"wp:featuredmedia":[{"embeddable":true,"href":"https:\/\/www.link2fleet.com\/fr\/wp-json\/wp\/v2\/media\/61344"}],"wp:attachment":[{"href":"https:\/\/www.link2fleet.com\/fr\/wp-json\/wp\/v2\/media?parent=61348"}],"wp:term":[{"taxonomy":"category","embeddable":true,"href":"https:\/\/www.link2fleet.com\/fr\/wp-json\/wp\/v2\/categories?post=61348"},{"taxonomy":"post_tag","embeddable":true,"href":"https:\/\/www.link2fleet.com\/fr\/wp-json\/wp\/v2\/tags?post=61348"}],"curies":[{"name":"wp","href":"https:\/\/api.w.org\/{rel}","templated":true}]}}