{"id":61799,"date":"2025-12-04T16:57:48","date_gmt":"2025-12-04T15:57:48","guid":{"rendered":"https:\/\/www.link2fleet.com\/?p=61799"},"modified":"2025-12-08T15:53:02","modified_gmt":"2025-12-08T14:53:02","slug":"belfor-belgique-sassocie-a-dkv-mobility-pour-100-cartes-de-carburant-et-de-recharge","status":"publish","type":"post","link":"https:\/\/www.link2fleet.com\/fr\/belfor-belgique-sassocie-a-dkv-mobility-pour-100-cartes-de-carburant-et-de-recharge\/","title":{"rendered":"BELFOR Belgique s&rsquo;associe \u00e0 DKV Mobility pour 100 cartes de carburant et de recharge"},"content":{"rendered":"","protected":false},"excerpt":{"rendered":"","protected":false},"author":4,"featured_media":61800,"comment_status":"closed","ping_status":"closed","sticky":false,"template":"","format":"standard","meta":{"_acf_changed":false,"footnotes":""},"categories":[1448,81,91],"tags":[],"class_list":["post-61799","post","type-post","status-publish","format-standard","has-post-thumbnail","hentry","category-a-la-une","category-gestion-de-carburant-et-energie","category-expertise-et-management"],"acf":[],"yoast_head":"<!-- This site is optimized with the Yoast SEO plugin v27.3 - https:\/\/yoast.com\/product\/yoast-seo-wordpress\/ -->\n<title>BELFOR Belgique s&#039;associe \u00e0 DKV Mobility pour 100 cartes de carburant et de recharge - link2fleet<\/title>\n<meta name=\"description\" content=\"BELFOR, le num\u00e9ro un mondial de la restauration des dommages, et DKV Mobility, la premi\u00e8re plateforme B2B en Europe pour les solutions de mobilit\u00e9 en\u2026\" \/>\n<meta name=\"robots\" content=\"index, follow, max-snippet:-1, max-image-preview:large, max-video-preview:-1\" \/>\n<meta property=\"og:locale\" content=\"fr_FR\" \/>\n<meta property=\"og:type\" content=\"article\" \/>\n<meta property=\"og:title\" content=\"BELFOR Belgique s&#039;associe \u00e0 DKV Mobility pour 100 cartes de carburant et de recharge - link2fleet\" \/>\n<meta property=\"og:description\" content=\"BELFOR, le num\u00e9ro un mondial de la restauration des dommages, et DKV Mobility, la premi\u00e8re plateforme B2B en Europe pour les solutions de mobilit\u00e9 en\u2026\" \/>\n<meta property=\"og:url\" content=\"https:\/\/www.link2fleet.com\/fr\/belfor-belgique-sassocie-a-dkv-mobility-pour-100-cartes-de-carburant-et-de-recharge\/\" \/>\n<meta property=\"og:site_name\" content=\"link2fleet\" \/>\n<meta property=\"article:published_time\" content=\"2025-12-04T15:57:48+00:00\" \/>\n<meta property=\"article:modified_time\" content=\"2025-12-08T14:53:02+00:00\" \/>\n<meta property=\"og:image\" content=\"https:\/\/static.link2fleet.com\/wp-content\/uploads\/2025\/12\/image.jpeg\" \/>\n\t<meta property=\"og:image:width\" content=\"1280\" \/>\n\t<meta property=\"og:image:height\" content=\"853\" \/>\n\t<meta property=\"og:image:type\" content=\"image\/jpeg\" \/>\n<meta name=\"author\" content=\"Damien Malvetti\" \/>\n<meta name=\"twitter:card\" content=\"summary_large_image\" \/>\n<meta name=\"twitter:description\" content=\"BELFOR, le num\u00e9ro un mondial de la restauration des dommages, et DKV Mobility, la premi\u00e8re plateforme B2B en Europe pour les solutions de mobilit\u00e9 en\u2026\" \/>\n<meta name=\"twitter:label1\" content=\"\u00c9crit par\" \/>\n\t<meta name=\"twitter:data1\" content=\"Damien Malvetti\" \/>\n\t<meta name=\"twitter:label2\" content=\"Dur\u00e9e de lecture estim\u00e9e\" \/>\n\t<meta name=\"twitter:data2\" content=\"3 minutes\" \/>\n<script type=\"application\/ld+json\" class=\"yoast-schema-graph\">{\"@context\":\"https:\\\/\\\/schema.org\",\"@graph\":[{\"@type\":\"Article\",\"@id\":\"https:\\\/\\\/www.link2fleet.com\\\/fr\\\/belfor-belgique-sassocie-a-dkv-mobility-pour-100-cartes-de-carburant-et-de-recharge\\\/#article\",\"isPartOf\":{\"@id\":\"https:\\\/\\\/www.link2fleet.com\\\/fr\\\/belfor-belgique-sassocie-a-dkv-mobility-pour-100-cartes-de-carburant-et-de-recharge\\\/\"},\"author\":{\"name\":\"Damien Malvetti\",\"@id\":\"https:\\\/\\\/www.link2fleet.com\\\/fr\\\/#\\\/schema\\\/person\\\/027cd46113c78036b3809c9a054049da\"},\"headline\":\"BELFOR Belgique s&rsquo;associe \u00e0 DKV Mobility pour 100 cartes de carburant et de recharge\",\"datePublished\":\"2025-12-04T15:57:48+00:00\",\"dateModified\":\"2025-12-08T14:53:02+00:00\",\"mainEntityOfPage\":{\"@id\":\"https:\\\/\\\/www.link2fleet.com\\\/fr\\\/belfor-belgique-sassocie-a-dkv-mobility-pour-100-cartes-de-carburant-et-de-recharge\\\/\"},\"wordCount\":13,\"publisher\":{\"@id\":\"https:\\\/\\\/www.link2fleet.com\\\/fr\\\/#organization\"},\"image\":{\"@id\":\"https:\\\/\\\/www.link2fleet.com\\\/fr\\\/belfor-belgique-sassocie-a-dkv-mobility-pour-100-cartes-de-carburant-et-de-recharge\\\/#primaryimage\"},\"thumbnailUrl\":\"https:\\\/\\\/static.link2fleet.com\\\/wp-content\\\/uploads\\\/2025\\\/12\\\/image.jpeg\",\"articleSection\":[\"A la une\",\"Gestion carburant et de l'\u00e9nergie\",\"Gestion de flotte\"],\"inLanguage\":\"fr-FR\"},{\"@type\":\"WebPage\",\"@id\":\"https:\\\/\\\/www.link2fleet.com\\\/fr\\\/belfor-belgique-sassocie-a-dkv-mobility-pour-100-cartes-de-carburant-et-de-recharge\\\/\",\"url\":\"https:\\\/\\\/www.link2fleet.com\\\/fr\\\/belfor-belgique-sassocie-a-dkv-mobility-pour-100-cartes-de-carburant-et-de-recharge\\\/\",\"name\":\"BELFOR Belgique s'associe \u00e0 DKV Mobility pour 100 cartes de carburant et de recharge - link2fleet\",\"isPartOf\":{\"@id\":\"https:\\\/\\\/www.link2fleet.com\\\/fr\\\/#website\"},\"primaryImageOfPage\":{\"@id\":\"https:\\\/\\\/www.link2fleet.com\\\/fr\\\/belfor-belgique-sassocie-a-dkv-mobility-pour-100-cartes-de-carburant-et-de-recharge\\\/#primaryimage\"},\"image\":{\"@id\":\"https:\\\/\\\/www.link2fleet.com\\\/fr\\\/belfor-belgique-sassocie-a-dkv-mobility-pour-100-cartes-de-carburant-et-de-recharge\\\/#primaryimage\"},\"thumbnailUrl\":\"https:\\\/\\\/static.link2fleet.com\\\/wp-content\\\/uploads\\\/2025\\\/12\\\/image.jpeg\",\"datePublished\":\"2025-12-04T15:57:48+00:00\",\"dateModified\":\"2025-12-08T14:53:02+00:00\",\"breadcrumb\":{\"@id\":\"https:\\\/\\\/www.link2fleet.com\\\/fr\\\/belfor-belgique-sassocie-a-dkv-mobility-pour-100-cartes-de-carburant-et-de-recharge\\\/#breadcrumb\"},\"inLanguage\":\"fr-FR\",\"potentialAction\":[{\"@type\":\"ReadAction\",\"target\":[\"https:\\\/\\\/www.link2fleet.com\\\/fr\\\/belfor-belgique-sassocie-a-dkv-mobility-pour-100-cartes-de-carburant-et-de-recharge\\\/\"]}]},{\"@type\":\"ImageObject\",\"inLanguage\":\"fr-FR\",\"@id\":\"https:\\\/\\\/www.link2fleet.com\\\/fr\\\/belfor-belgique-sassocie-a-dkv-mobility-pour-100-cartes-de-carburant-et-de-recharge\\\/#primaryimage\",\"url\":\"https:\\\/\\\/static.link2fleet.com\\\/wp-content\\\/uploads\\\/2025\\\/12\\\/image.jpeg\",\"contentUrl\":\"https:\\\/\\\/static.link2fleet.com\\\/wp-content\\\/uploads\\\/2025\\\/12\\\/image.jpeg\",\"width\":1280,\"height\":853},{\"@type\":\"BreadcrumbList\",\"@id\":\"https:\\\/\\\/www.link2fleet.com\\\/fr\\\/belfor-belgique-sassocie-a-dkv-mobility-pour-100-cartes-de-carburant-et-de-recharge\\\/#breadcrumb\",\"itemListElement\":[{\"@type\":\"ListItem\",\"position\":1,\"name\":\"Home\",\"item\":\"https:\\\/\\\/www.link2fleet.com\\\/fr\\\/\"},{\"@type\":\"ListItem\",\"position\":2,\"name\":\"BELFOR Belgique s&rsquo;associe \u00e0 DKV Mobility pour 100 cartes de carburant et de recharge\"}]},{\"@type\":\"WebSite\",\"@id\":\"https:\\\/\\\/www.link2fleet.com\\\/fr\\\/#website\",\"url\":\"https:\\\/\\\/www.link2fleet.com\\\/fr\\\/\",\"name\":\"Link2fleet\",\"description\":\"\",\"publisher\":{\"@id\":\"https:\\\/\\\/www.link2fleet.com\\\/fr\\\/#organization\"},\"potentialAction\":[{\"@type\":\"SearchAction\",\"target\":{\"@type\":\"EntryPoint\",\"urlTemplate\":\"https:\\\/\\\/www.link2fleet.com\\\/fr\\\/?s={search_term_string}\"},\"query-input\":{\"@type\":\"PropertyValueSpecification\",\"valueRequired\":true,\"valueName\":\"search_term_string\"}}],\"inLanguage\":\"fr-FR\"},{\"@type\":\"Organization\",\"@id\":\"https:\\\/\\\/www.link2fleet.com\\\/fr\\\/#organization\",\"name\":\"Link2fleet\",\"url\":\"https:\\\/\\\/www.link2fleet.com\\\/fr\\\/\",\"logo\":{\"@type\":\"ImageObject\",\"inLanguage\":\"fr-FR\",\"@id\":\"https:\\\/\\\/www.link2fleet.com\\\/fr\\\/#\\\/schema\\\/logo\\\/image\\\/\",\"url\":\"https:\\\/\\\/static.link2fleet.com\\\/wp-content\\\/uploads\\\/2024\\\/03\\\/share-image.jpg\",\"contentUrl\":\"https:\\\/\\\/static.link2fleet.com\\\/wp-content\\\/uploads\\\/2024\\\/03\\\/share-image.jpg\",\"width\":1200,\"height\":630,\"caption\":\"Link2fleet\"},\"image\":{\"@id\":\"https:\\\/\\\/www.link2fleet.com\\\/fr\\\/#\\\/schema\\\/logo\\\/image\\\/\"},\"sameAs\":[\"https:\\\/\\\/www.linkedin.com\\\/company\\\/link2fleet-belgium\",\"https:\\\/\\\/www.youtube.com\\\/user\\\/MMMBMBE\"]},{\"@type\":\"Person\",\"@id\":\"https:\\\/\\\/www.link2fleet.com\\\/fr\\\/#\\\/schema\\\/person\\\/027cd46113c78036b3809c9a054049da\",\"name\":\"Damien Malvetti\",\"image\":{\"@type\":\"ImageObject\",\"inLanguage\":\"fr-FR\",\"@id\":\"https:\\\/\\\/secure.gravatar.com\\\/avatar\\\/dd8cc03b49466c735f753ac37f8caa371af16dfed347456ed61f02883255eebb?s=96&d=mm&r=g\",\"url\":\"https:\\\/\\\/secure.gravatar.com\\\/avatar\\\/dd8cc03b49466c735f753ac37f8caa371af16dfed347456ed61f02883255eebb?s=96&d=mm&r=g\",\"contentUrl\":\"https:\\\/\\\/secure.gravatar.com\\\/avatar\\\/dd8cc03b49466c735f753ac37f8caa371af16dfed347456ed61f02883255eebb?s=96&d=mm&r=g\",\"caption\":\"Damien Malvetti\"},\"description\":\"Damien Malvetti is opgeleid als journalist en gepassioneerd door wagens, technologie en mobiliteit. Hij is verantwoordelijk voor de redactionele inhoud van link2fleet en beschikt over een uitgebreide kennis van de fleet-sector en elektrische mobiliteit.\",\"sameAs\":[\"https:\\\/\\\/www.linkedin.com\\\/in\\\/damien-malvetti-56601142\\\/\"]}]}<\/script>\n<!-- \/ Yoast SEO plugin. -->","yoast_head_json":{"title":"BELFOR Belgique s'associe \u00e0 DKV Mobility pour 100 cartes de carburant et de recharge - link2fleet","description":"BELFOR, le num\u00e9ro un mondial de la restauration des dommages, et DKV Mobility, la premi\u00e8re plateforme B2B en Europe pour les solutions de mobilit\u00e9 en\u2026","robots":{"index":"index","follow":"follow","max-snippet":"max-snippet:-1","max-image-preview":"max-image-preview:large","max-video-preview":"max-video-preview:-1"},"og_locale":"fr_FR","og_type":"article","og_title":"BELFOR Belgique s'associe \u00e0 DKV Mobility pour 100 cartes de carburant et de recharge - link2fleet","og_description":"BELFOR, le num\u00e9ro un mondial de la restauration des dommages, et DKV Mobility, la premi\u00e8re plateforme B2B en Europe pour les solutions de mobilit\u00e9 en\u2026","og_url":"https:\/\/www.link2fleet.com\/fr\/belfor-belgique-sassocie-a-dkv-mobility-pour-100-cartes-de-carburant-et-de-recharge\/","og_site_name":"link2fleet","article_published_time":"2025-12-04T15:57:48+00:00","article_modified_time":"2025-12-08T14:53:02+00:00","og_image":[{"width":1280,"height":853,"url":"https:\/\/static.link2fleet.com\/wp-content\/uploads\/2025\/12\/image.jpeg","type":"image\/jpeg"}],"author":"Damien Malvetti","twitter_card":"summary_large_image","twitter_description":"BELFOR, le num\u00e9ro un mondial de la restauration des dommages, et DKV Mobility, la premi\u00e8re plateforme B2B en Europe pour les solutions de mobilit\u00e9 en\u2026","twitter_misc":{"\u00c9crit par":"Damien Malvetti","Dur\u00e9e de lecture estim\u00e9e":"3 minutes"},"schema":{"@context":"https:\/\/schema.org","@graph":[{"@type":"Article","@id":"https:\/\/www.link2fleet.com\/fr\/belfor-belgique-sassocie-a-dkv-mobility-pour-100-cartes-de-carburant-et-de-recharge\/#article","isPartOf":{"@id":"https:\/\/www.link2fleet.com\/fr\/belfor-belgique-sassocie-a-dkv-mobility-pour-100-cartes-de-carburant-et-de-recharge\/"},"author":{"name":"Damien Malvetti","@id":"https:\/\/www.link2fleet.com\/fr\/#\/schema\/person\/027cd46113c78036b3809c9a054049da"},"headline":"BELFOR Belgique s&rsquo;associe \u00e0 DKV Mobility pour 100 cartes de carburant et de recharge","datePublished":"2025-12-04T15:57:48+00:00","dateModified":"2025-12-08T14:53:02+00:00","mainEntityOfPage":{"@id":"https:\/\/www.link2fleet.com\/fr\/belfor-belgique-sassocie-a-dkv-mobility-pour-100-cartes-de-carburant-et-de-recharge\/"},"wordCount":13,"publisher":{"@id":"https:\/\/www.link2fleet.com\/fr\/#organization"},"image":{"@id":"https:\/\/www.link2fleet.com\/fr\/belfor-belgique-sassocie-a-dkv-mobility-pour-100-cartes-de-carburant-et-de-recharge\/#primaryimage"},"thumbnailUrl":"https:\/\/static.link2fleet.com\/wp-content\/uploads\/2025\/12\/image.jpeg","articleSection":["A la une","Gestion carburant et de l'\u00e9nergie","Gestion de flotte"],"inLanguage":"fr-FR"},{"@type":"WebPage","@id":"https:\/\/www.link2fleet.com\/fr\/belfor-belgique-sassocie-a-dkv-mobility-pour-100-cartes-de-carburant-et-de-recharge\/","url":"https:\/\/www.link2fleet.com\/fr\/belfor-belgique-sassocie-a-dkv-mobility-pour-100-cartes-de-carburant-et-de-recharge\/","name":"BELFOR Belgique s'associe \u00e0 DKV Mobility pour 100 cartes de carburant et de recharge - link2fleet","isPartOf":{"@id":"https:\/\/www.link2fleet.com\/fr\/#website"},"primaryImageOfPage":{"@id":"https:\/\/www.link2fleet.com\/fr\/belfor-belgique-sassocie-a-dkv-mobility-pour-100-cartes-de-carburant-et-de-recharge\/#primaryimage"},"image":{"@id":"https:\/\/www.link2fleet.com\/fr\/belfor-belgique-sassocie-a-dkv-mobility-pour-100-cartes-de-carburant-et-de-recharge\/#primaryimage"},"thumbnailUrl":"https:\/\/static.link2fleet.com\/wp-content\/uploads\/2025\/12\/image.jpeg","datePublished":"2025-12-04T15:57:48+00:00","dateModified":"2025-12-08T14:53:02+00:00","breadcrumb":{"@id":"https:\/\/www.link2fleet.com\/fr\/belfor-belgique-sassocie-a-dkv-mobility-pour-100-cartes-de-carburant-et-de-recharge\/#breadcrumb"},"inLanguage":"fr-FR","potentialAction":[{"@type":"ReadAction","target":["https:\/\/www.link2fleet.com\/fr\/belfor-belgique-sassocie-a-dkv-mobility-pour-100-cartes-de-carburant-et-de-recharge\/"]}]},{"@type":"ImageObject","inLanguage":"fr-FR","@id":"https:\/\/www.link2fleet.com\/fr\/belfor-belgique-sassocie-a-dkv-mobility-pour-100-cartes-de-carburant-et-de-recharge\/#primaryimage","url":"https:\/\/static.link2fleet.com\/wp-content\/uploads\/2025\/12\/image.jpeg","contentUrl":"https:\/\/static.link2fleet.com\/wp-content\/uploads\/2025\/12\/image.jpeg","width":1280,"height":853},{"@type":"BreadcrumbList","@id":"https:\/\/www.link2fleet.com\/fr\/belfor-belgique-sassocie-a-dkv-mobility-pour-100-cartes-de-carburant-et-de-recharge\/#breadcrumb","itemListElement":[{"@type":"ListItem","position":1,"name":"Home","item":"https:\/\/www.link2fleet.com\/fr\/"},{"@type":"ListItem","position":2,"name":"BELFOR Belgique s&rsquo;associe \u00e0 DKV Mobility pour 100 cartes de carburant et de recharge"}]},{"@type":"WebSite","@id":"https:\/\/www.link2fleet.com\/fr\/#website","url":"https:\/\/www.link2fleet.com\/fr\/","name":"Link2fleet","description":"","publisher":{"@id":"https:\/\/www.link2fleet.com\/fr\/#organization"},"potentialAction":[{"@type":"SearchAction","target":{"@type":"EntryPoint","urlTemplate":"https:\/\/www.link2fleet.com\/fr\/?s={search_term_string}"},"query-input":{"@type":"PropertyValueSpecification","valueRequired":true,"valueName":"search_term_string"}}],"inLanguage":"fr-FR"},{"@type":"Organization","@id":"https:\/\/www.link2fleet.com\/fr\/#organization","name":"Link2fleet","url":"https:\/\/www.link2fleet.com\/fr\/","logo":{"@type":"ImageObject","inLanguage":"fr-FR","@id":"https:\/\/www.link2fleet.com\/fr\/#\/schema\/logo\/image\/","url":"https:\/\/static.link2fleet.com\/wp-content\/uploads\/2024\/03\/share-image.jpg","contentUrl":"https:\/\/static.link2fleet.com\/wp-content\/uploads\/2024\/03\/share-image.jpg","width":1200,"height":630,"caption":"Link2fleet"},"image":{"@id":"https:\/\/www.link2fleet.com\/fr\/#\/schema\/logo\/image\/"},"sameAs":["https:\/\/www.linkedin.com\/company\/link2fleet-belgium","https:\/\/www.youtube.com\/user\/MMMBMBE"]},{"@type":"Person","@id":"https:\/\/www.link2fleet.com\/fr\/#\/schema\/person\/027cd46113c78036b3809c9a054049da","name":"Damien Malvetti","image":{"@type":"ImageObject","inLanguage":"fr-FR","@id":"https:\/\/secure.gravatar.com\/avatar\/dd8cc03b49466c735f753ac37f8caa371af16dfed347456ed61f02883255eebb?s=96&d=mm&r=g","url":"https:\/\/secure.gravatar.com\/avatar\/dd8cc03b49466c735f753ac37f8caa371af16dfed347456ed61f02883255eebb?s=96&d=mm&r=g","contentUrl":"https:\/\/secure.gravatar.com\/avatar\/dd8cc03b49466c735f753ac37f8caa371af16dfed347456ed61f02883255eebb?s=96&d=mm&r=g","caption":"Damien Malvetti"},"description":"Damien Malvetti is opgeleid als journalist en gepassioneerd door wagens, technologie en mobiliteit. Hij is verantwoordelijk voor de redactionele inhoud van link2fleet en beschikt over een uitgebreide kennis van de fleet-sector en elektrische mobiliteit.","sameAs":["https:\/\/www.linkedin.com\/in\/damien-malvetti-56601142\/"]}]}},"_links":{"self":[{"href":"https:\/\/www.link2fleet.com\/fr\/wp-json\/wp\/v2\/posts\/61799","targetHints":{"allow":["GET"]}}],"collection":[{"href":"https:\/\/www.link2fleet.com\/fr\/wp-json\/wp\/v2\/posts"}],"about":[{"href":"https:\/\/www.link2fleet.com\/fr\/wp-json\/wp\/v2\/types\/post"}],"author":[{"embeddable":true,"href":"https:\/\/www.link2fleet.com\/fr\/wp-json\/wp\/v2\/users\/4"}],"replies":[{"embeddable":true,"href":"https:\/\/www.link2fleet.com\/fr\/wp-json\/wp\/v2\/comments?post=61799"}],"version-history":[{"count":5,"href":"https:\/\/www.link2fleet.com\/fr\/wp-json\/wp\/v2\/posts\/61799\/revisions"}],"predecessor-version":[{"id":61842,"href":"https:\/\/www.link2fleet.com\/fr\/wp-json\/wp\/v2\/posts\/61799\/revisions\/61842"}],"wp:featuredmedia":[{"embeddable":true,"href":"https:\/\/www.link2fleet.com\/fr\/wp-json\/wp\/v2\/media\/61800"}],"wp:attachment":[{"href":"https:\/\/www.link2fleet.com\/fr\/wp-json\/wp\/v2\/media?parent=61799"}],"wp:term":[{"taxonomy":"category","embeddable":true,"href":"https:\/\/www.link2fleet.com\/fr\/wp-json\/wp\/v2\/categories?post=61799"},{"taxonomy":"post_tag","embeddable":true,"href":"https:\/\/www.link2fleet.com\/fr\/wp-json\/wp\/v2\/tags?post=61799"}],"curies":[{"name":"wp","href":"https:\/\/api.w.org\/{rel}","templated":true}]}}