{"id":61856,"date":"2025-12-03T09:30:00","date_gmt":"2025-12-03T08:30:00","guid":{"rendered":"https:\/\/www.link2fleet.com\/?p=61856"},"modified":"2025-12-03T09:30:00","modified_gmt":"2025-12-03T08:30:00","slug":"assurance-specifique-pour-la-mobilite-douce-luxe-ou-necessite","status":"publish","type":"post","link":"https:\/\/www.link2fleet.com\/fr\/assurance-specifique-pour-la-mobilite-douce-luxe-ou-necessite\/","title":{"rendered":"Assurance sp\u00e9cifique pour la mobilit\u00e9 douce : luxe ou n\u00e9cessit\u00e9 ?"},"content":{"rendered":"","protected":false},"excerpt":{"rendered":"","protected":false},"author":49,"featured_media":61858,"comment_status":"closed","ping_status":"closed","sticky":false,"template":"","format":"standard","meta":{"_acf_changed":false,"footnotes":""},"categories":[87],"tags":[820,602,300,885],"class_list":["post-61856","post","type-post","status-publish","format-standard","has-post-thumbnail","hentry","category-mobility-2","tag-assurance","tag-assurances","tag-mobilite","tag-mobilite-douce"],"acf":[],"yoast_head":"<!-- This site is optimized with the Yoast SEO plugin v27.3 - https:\/\/yoast.com\/product\/yoast-seo-wordpress\/ -->\n<title>Assurance sp\u00e9cifique pour la mobilit\u00e9 douce : luxe ou n\u00e9cessit\u00e9 ? - link2fleet<\/title>\n<meta name=\"description\" content=\"Le nombre d&rsquo;accidents du travail impliquant des travailleurs utilisant des modes de transport doux a fortement augment\u00e9 ces derni\u00e8res ann\u00e9es, selon une \u00e9tude r\u00e9cente d&rsquo;Assuralia,\u2026\" \/>\n<meta name=\"robots\" content=\"index, follow, max-snippet:-1, max-image-preview:large, max-video-preview:-1\" \/>\n<meta property=\"og:locale\" content=\"fr_FR\" \/>\n<meta property=\"og:type\" content=\"article\" \/>\n<meta property=\"og:title\" content=\"Assurance sp\u00e9cifique pour la mobilit\u00e9 douce : luxe ou n\u00e9cessit\u00e9 ? - link2fleet\" \/>\n<meta property=\"og:description\" content=\"Le nombre d&rsquo;accidents du travail impliquant des travailleurs utilisant des modes de transport doux a fortement augment\u00e9 ces derni\u00e8res ann\u00e9es, selon une \u00e9tude r\u00e9cente d&rsquo;Assuralia,\u2026\" \/>\n<meta property=\"og:url\" content=\"https:\/\/www.link2fleet.com\/fr\/assurance-specifique-pour-la-mobilite-douce-luxe-ou-necessite\/\" \/>\n<meta property=\"og:site_name\" content=\"link2fleet\" \/>\n<meta property=\"article:published_time\" content=\"2025-12-03T08:30:00+00:00\" \/>\n<meta property=\"og:image\" content=\"https:\/\/static.link2fleet.com\/wp-content\/uploads\/2025\/12\/assurances-mobilite-douce-link2fleet-1.png\" \/>\n\t<meta property=\"og:image:width\" content=\"1076\" \/>\n\t<meta property=\"og:image:height\" content=\"672\" \/>\n\t<meta property=\"og:image:type\" content=\"image\/png\" \/>\n<meta name=\"author\" content=\"Kevin Kersemans\" \/>\n<meta name=\"twitter:card\" content=\"summary_large_image\" \/>\n<meta name=\"twitter:description\" content=\"Le nombre d&rsquo;accidents du travail impliquant des travailleurs utilisant des modes de transport doux a fortement augment\u00e9 ces derni\u00e8res ann\u00e9es, selon une \u00e9tude r\u00e9cente d&rsquo;Assuralia,\u2026\" \/>\n<meta name=\"twitter:label1\" content=\"\u00c9crit par\" \/>\n\t<meta name=\"twitter:data1\" content=\"Kevin Kersemans\" \/>\n\t<meta name=\"twitter:label2\" content=\"Dur\u00e9e de lecture estim\u00e9e\" \/>\n\t<meta name=\"twitter:data2\" content=\"9 minutes\" \/>\n<script type=\"application\/ld+json\" class=\"yoast-schema-graph\">{\"@context\":\"https:\\\/\\\/schema.org\",\"@graph\":[{\"@type\":\"Article\",\"@id\":\"https:\\\/\\\/www.link2fleet.com\\\/fr\\\/assurance-specifique-pour-la-mobilite-douce-luxe-ou-necessite\\\/#article\",\"isPartOf\":{\"@id\":\"https:\\\/\\\/www.link2fleet.com\\\/fr\\\/assurance-specifique-pour-la-mobilite-douce-luxe-ou-necessite\\\/\"},\"author\":{\"name\":\"Kevin Kersemans\",\"@id\":\"https:\\\/\\\/www.link2fleet.com\\\/fr\\\/#\\\/schema\\\/person\\\/877bc89c32c65772066cb11fe1e67bbf\"},\"headline\":\"Assurance sp\u00e9cifique pour la mobilit\u00e9 douce : luxe ou n\u00e9cessit\u00e9 ?\",\"datePublished\":\"2025-12-03T08:30:00+00:00\",\"mainEntityOfPage\":{\"@id\":\"https:\\\/\\\/www.link2fleet.com\\\/fr\\\/assurance-specifique-pour-la-mobilite-douce-luxe-ou-necessite\\\/\"},\"wordCount\":11,\"publisher\":{\"@id\":\"https:\\\/\\\/www.link2fleet.com\\\/fr\\\/#organization\"},\"image\":{\"@id\":\"https:\\\/\\\/www.link2fleet.com\\\/fr\\\/assurance-specifique-pour-la-mobilite-douce-luxe-ou-necessite\\\/#primaryimage\"},\"thumbnailUrl\":\"https:\\\/\\\/static.link2fleet.com\\\/wp-content\\\/uploads\\\/2025\\\/12\\\/assurances-mobilite-douce-link2fleet-1.png\",\"keywords\":[\"assurance\",\"assurances\",\"mobilit\u00e9\",\"mobilit\u00e9 douce\"],\"articleSection\":[\"Mobilit\u00e9\"],\"inLanguage\":\"fr-FR\"},{\"@type\":\"WebPage\",\"@id\":\"https:\\\/\\\/www.link2fleet.com\\\/fr\\\/assurance-specifique-pour-la-mobilite-douce-luxe-ou-necessite\\\/\",\"url\":\"https:\\\/\\\/www.link2fleet.com\\\/fr\\\/assurance-specifique-pour-la-mobilite-douce-luxe-ou-necessite\\\/\",\"name\":\"Assurance sp\u00e9cifique pour la mobilit\u00e9 douce : luxe ou n\u00e9cessit\u00e9 ? - link2fleet\",\"isPartOf\":{\"@id\":\"https:\\\/\\\/www.link2fleet.com\\\/fr\\\/#website\"},\"primaryImageOfPage\":{\"@id\":\"https:\\\/\\\/www.link2fleet.com\\\/fr\\\/assurance-specifique-pour-la-mobilite-douce-luxe-ou-necessite\\\/#primaryimage\"},\"image\":{\"@id\":\"https:\\\/\\\/www.link2fleet.com\\\/fr\\\/assurance-specifique-pour-la-mobilite-douce-luxe-ou-necessite\\\/#primaryimage\"},\"thumbnailUrl\":\"https:\\\/\\\/static.link2fleet.com\\\/wp-content\\\/uploads\\\/2025\\\/12\\\/assurances-mobilite-douce-link2fleet-1.png\",\"datePublished\":\"2025-12-03T08:30:00+00:00\",\"description\":\"Le nombre d'accidents du travail impliquant des travailleurs utilisant des modes de transport doux a fortement augment\u00e9 ces derni\u00e8res ann\u00e9es.\",\"breadcrumb\":{\"@id\":\"https:\\\/\\\/www.link2fleet.com\\\/fr\\\/assurance-specifique-pour-la-mobilite-douce-luxe-ou-necessite\\\/#breadcrumb\"},\"inLanguage\":\"fr-FR\",\"potentialAction\":[{\"@type\":\"ReadAction\",\"target\":[\"https:\\\/\\\/www.link2fleet.com\\\/fr\\\/assurance-specifique-pour-la-mobilite-douce-luxe-ou-necessite\\\/\"]}]},{\"@type\":\"ImageObject\",\"inLanguage\":\"fr-FR\",\"@id\":\"https:\\\/\\\/www.link2fleet.com\\\/fr\\\/assurance-specifique-pour-la-mobilite-douce-luxe-ou-necessite\\\/#primaryimage\",\"url\":\"https:\\\/\\\/static.link2fleet.com\\\/wp-content\\\/uploads\\\/2025\\\/12\\\/assurances-mobilite-douce-link2fleet-1.png\",\"contentUrl\":\"https:\\\/\\\/static.link2fleet.com\\\/wp-content\\\/uploads\\\/2025\\\/12\\\/assurances-mobilite-douce-link2fleet-1.png\",\"width\":1076,\"height\":672},{\"@type\":\"BreadcrumbList\",\"@id\":\"https:\\\/\\\/www.link2fleet.com\\\/fr\\\/assurance-specifique-pour-la-mobilite-douce-luxe-ou-necessite\\\/#breadcrumb\",\"itemListElement\":[{\"@type\":\"ListItem\",\"position\":1,\"name\":\"Home\",\"item\":\"https:\\\/\\\/www.link2fleet.com\\\/fr\\\/\"},{\"@type\":\"ListItem\",\"position\":2,\"name\":\"Assurance sp\u00e9cifique pour la mobilit\u00e9 douce : luxe ou n\u00e9cessit\u00e9 ?\"}]},{\"@type\":\"WebSite\",\"@id\":\"https:\\\/\\\/www.link2fleet.com\\\/fr\\\/#website\",\"url\":\"https:\\\/\\\/www.link2fleet.com\\\/fr\\\/\",\"name\":\"Link2fleet\",\"description\":\"\",\"publisher\":{\"@id\":\"https:\\\/\\\/www.link2fleet.com\\\/fr\\\/#organization\"},\"potentialAction\":[{\"@type\":\"SearchAction\",\"target\":{\"@type\":\"EntryPoint\",\"urlTemplate\":\"https:\\\/\\\/www.link2fleet.com\\\/fr\\\/?s={search_term_string}\"},\"query-input\":{\"@type\":\"PropertyValueSpecification\",\"valueRequired\":true,\"valueName\":\"search_term_string\"}}],\"inLanguage\":\"fr-FR\"},{\"@type\":\"Organization\",\"@id\":\"https:\\\/\\\/www.link2fleet.com\\\/fr\\\/#organization\",\"name\":\"Link2fleet\",\"url\":\"https:\\\/\\\/www.link2fleet.com\\\/fr\\\/\",\"logo\":{\"@type\":\"ImageObject\",\"inLanguage\":\"fr-FR\",\"@id\":\"https:\\\/\\\/www.link2fleet.com\\\/fr\\\/#\\\/schema\\\/logo\\\/image\\\/\",\"url\":\"https:\\\/\\\/static.link2fleet.com\\\/wp-content\\\/uploads\\\/2024\\\/03\\\/share-image.jpg\",\"contentUrl\":\"https:\\\/\\\/static.link2fleet.com\\\/wp-content\\\/uploads\\\/2024\\\/03\\\/share-image.jpg\",\"width\":1200,\"height\":630,\"caption\":\"Link2fleet\"},\"image\":{\"@id\":\"https:\\\/\\\/www.link2fleet.com\\\/fr\\\/#\\\/schema\\\/logo\\\/image\\\/\"},\"sameAs\":[\"https:\\\/\\\/www.linkedin.com\\\/company\\\/link2fleet-belgium\",\"https:\\\/\\\/www.youtube.com\\\/user\\\/MMMBMBE\"]},{\"@type\":\"Person\",\"@id\":\"https:\\\/\\\/www.link2fleet.com\\\/fr\\\/#\\\/schema\\\/person\\\/877bc89c32c65772066cb11fe1e67bbf\",\"name\":\"Kevin Kersemans\",\"image\":{\"@type\":\"ImageObject\",\"inLanguage\":\"fr-FR\",\"@id\":\"https:\\\/\\\/secure.gravatar.com\\\/avatar\\\/b12f7d0f252688f677f4c181b6df65bf86880634bfcef3be42c82efcdb33d654?s=96&d=mm&r=g\",\"url\":\"https:\\\/\\\/secure.gravatar.com\\\/avatar\\\/b12f7d0f252688f677f4c181b6df65bf86880634bfcef3be42c82efcdb33d654?s=96&d=mm&r=g\",\"contentUrl\":\"https:\\\/\\\/secure.gravatar.com\\\/avatar\\\/b12f7d0f252688f677f4c181b6df65bf86880634bfcef3be42c82efcdb33d654?s=96&d=mm&r=g\",\"caption\":\"Kevin Kersemans\"},\"description\":\"Kevin Kersemans is autojournalist met al enkele decennia ervaring op de teller. Zijn passie voor auto's en alles op wielen heeft hij al van kindsbeen af. Voor link2fleet volgt hij vooral de auto-actualiteit en test hij nieuwe modellen.\"}]}<\/script>\n<!-- \/ Yoast SEO plugin. -->","yoast_head_json":{"title":"Assurance sp\u00e9cifique pour la mobilit\u00e9 douce : luxe ou n\u00e9cessit\u00e9 ? - link2fleet","description":"Le nombre d&rsquo;accidents du travail impliquant des travailleurs utilisant des modes de transport doux a fortement augment\u00e9 ces derni\u00e8res ann\u00e9es, selon une \u00e9tude r\u00e9cente d&rsquo;Assuralia,\u2026","robots":{"index":"index","follow":"follow","max-snippet":"max-snippet:-1","max-image-preview":"max-image-preview:large","max-video-preview":"max-video-preview:-1"},"og_locale":"fr_FR","og_type":"article","og_title":"Assurance sp\u00e9cifique pour la mobilit\u00e9 douce : luxe ou n\u00e9cessit\u00e9 ? - link2fleet","og_description":"Le nombre d&rsquo;accidents du travail impliquant des travailleurs utilisant des modes de transport doux a fortement augment\u00e9 ces derni\u00e8res ann\u00e9es, selon une \u00e9tude r\u00e9cente d&rsquo;Assuralia,\u2026","og_url":"https:\/\/www.link2fleet.com\/fr\/assurance-specifique-pour-la-mobilite-douce-luxe-ou-necessite\/","og_site_name":"link2fleet","article_published_time":"2025-12-03T08:30:00+00:00","og_image":[{"width":1076,"height":672,"url":"https:\/\/static.link2fleet.com\/wp-content\/uploads\/2025\/12\/assurances-mobilite-douce-link2fleet-1.png","type":"image\/png"}],"author":"Kevin Kersemans","twitter_card":"summary_large_image","twitter_description":"Le nombre d&rsquo;accidents du travail impliquant des travailleurs utilisant des modes de transport doux a fortement augment\u00e9 ces derni\u00e8res ann\u00e9es, selon une \u00e9tude r\u00e9cente d&rsquo;Assuralia,\u2026","twitter_misc":{"\u00c9crit par":"Kevin Kersemans","Dur\u00e9e de lecture estim\u00e9e":"9 minutes"},"schema":{"@context":"https:\/\/schema.org","@graph":[{"@type":"Article","@id":"https:\/\/www.link2fleet.com\/fr\/assurance-specifique-pour-la-mobilite-douce-luxe-ou-necessite\/#article","isPartOf":{"@id":"https:\/\/www.link2fleet.com\/fr\/assurance-specifique-pour-la-mobilite-douce-luxe-ou-necessite\/"},"author":{"name":"Kevin Kersemans","@id":"https:\/\/www.link2fleet.com\/fr\/#\/schema\/person\/877bc89c32c65772066cb11fe1e67bbf"},"headline":"Assurance sp\u00e9cifique pour la mobilit\u00e9 douce : luxe ou n\u00e9cessit\u00e9 ?","datePublished":"2025-12-03T08:30:00+00:00","mainEntityOfPage":{"@id":"https:\/\/www.link2fleet.com\/fr\/assurance-specifique-pour-la-mobilite-douce-luxe-ou-necessite\/"},"wordCount":11,"publisher":{"@id":"https:\/\/www.link2fleet.com\/fr\/#organization"},"image":{"@id":"https:\/\/www.link2fleet.com\/fr\/assurance-specifique-pour-la-mobilite-douce-luxe-ou-necessite\/#primaryimage"},"thumbnailUrl":"https:\/\/static.link2fleet.com\/wp-content\/uploads\/2025\/12\/assurances-mobilite-douce-link2fleet-1.png","keywords":["assurance","assurances","mobilit\u00e9","mobilit\u00e9 douce"],"articleSection":["Mobilit\u00e9"],"inLanguage":"fr-FR"},{"@type":"WebPage","@id":"https:\/\/www.link2fleet.com\/fr\/assurance-specifique-pour-la-mobilite-douce-luxe-ou-necessite\/","url":"https:\/\/www.link2fleet.com\/fr\/assurance-specifique-pour-la-mobilite-douce-luxe-ou-necessite\/","name":"Assurance sp\u00e9cifique pour la mobilit\u00e9 douce : luxe ou n\u00e9cessit\u00e9 ? - link2fleet","isPartOf":{"@id":"https:\/\/www.link2fleet.com\/fr\/#website"},"primaryImageOfPage":{"@id":"https:\/\/www.link2fleet.com\/fr\/assurance-specifique-pour-la-mobilite-douce-luxe-ou-necessite\/#primaryimage"},"image":{"@id":"https:\/\/www.link2fleet.com\/fr\/assurance-specifique-pour-la-mobilite-douce-luxe-ou-necessite\/#primaryimage"},"thumbnailUrl":"https:\/\/static.link2fleet.com\/wp-content\/uploads\/2025\/12\/assurances-mobilite-douce-link2fleet-1.png","datePublished":"2025-12-03T08:30:00+00:00","description":"Le nombre d'accidents du travail impliquant des travailleurs utilisant des modes de transport doux a fortement augment\u00e9 ces derni\u00e8res ann\u00e9es.","breadcrumb":{"@id":"https:\/\/www.link2fleet.com\/fr\/assurance-specifique-pour-la-mobilite-douce-luxe-ou-necessite\/#breadcrumb"},"inLanguage":"fr-FR","potentialAction":[{"@type":"ReadAction","target":["https:\/\/www.link2fleet.com\/fr\/assurance-specifique-pour-la-mobilite-douce-luxe-ou-necessite\/"]}]},{"@type":"ImageObject","inLanguage":"fr-FR","@id":"https:\/\/www.link2fleet.com\/fr\/assurance-specifique-pour-la-mobilite-douce-luxe-ou-necessite\/#primaryimage","url":"https:\/\/static.link2fleet.com\/wp-content\/uploads\/2025\/12\/assurances-mobilite-douce-link2fleet-1.png","contentUrl":"https:\/\/static.link2fleet.com\/wp-content\/uploads\/2025\/12\/assurances-mobilite-douce-link2fleet-1.png","width":1076,"height":672},{"@type":"BreadcrumbList","@id":"https:\/\/www.link2fleet.com\/fr\/assurance-specifique-pour-la-mobilite-douce-luxe-ou-necessite\/#breadcrumb","itemListElement":[{"@type":"ListItem","position":1,"name":"Home","item":"https:\/\/www.link2fleet.com\/fr\/"},{"@type":"ListItem","position":2,"name":"Assurance sp\u00e9cifique pour la mobilit\u00e9 douce : luxe ou n\u00e9cessit\u00e9 ?"}]},{"@type":"WebSite","@id":"https:\/\/www.link2fleet.com\/fr\/#website","url":"https:\/\/www.link2fleet.com\/fr\/","name":"Link2fleet","description":"","publisher":{"@id":"https:\/\/www.link2fleet.com\/fr\/#organization"},"potentialAction":[{"@type":"SearchAction","target":{"@type":"EntryPoint","urlTemplate":"https:\/\/www.link2fleet.com\/fr\/?s={search_term_string}"},"query-input":{"@type":"PropertyValueSpecification","valueRequired":true,"valueName":"search_term_string"}}],"inLanguage":"fr-FR"},{"@type":"Organization","@id":"https:\/\/www.link2fleet.com\/fr\/#organization","name":"Link2fleet","url":"https:\/\/www.link2fleet.com\/fr\/","logo":{"@type":"ImageObject","inLanguage":"fr-FR","@id":"https:\/\/www.link2fleet.com\/fr\/#\/schema\/logo\/image\/","url":"https:\/\/static.link2fleet.com\/wp-content\/uploads\/2024\/03\/share-image.jpg","contentUrl":"https:\/\/static.link2fleet.com\/wp-content\/uploads\/2024\/03\/share-image.jpg","width":1200,"height":630,"caption":"Link2fleet"},"image":{"@id":"https:\/\/www.link2fleet.com\/fr\/#\/schema\/logo\/image\/"},"sameAs":["https:\/\/www.linkedin.com\/company\/link2fleet-belgium","https:\/\/www.youtube.com\/user\/MMMBMBE"]},{"@type":"Person","@id":"https:\/\/www.link2fleet.com\/fr\/#\/schema\/person\/877bc89c32c65772066cb11fe1e67bbf","name":"Kevin Kersemans","image":{"@type":"ImageObject","inLanguage":"fr-FR","@id":"https:\/\/secure.gravatar.com\/avatar\/b12f7d0f252688f677f4c181b6df65bf86880634bfcef3be42c82efcdb33d654?s=96&d=mm&r=g","url":"https:\/\/secure.gravatar.com\/avatar\/b12f7d0f252688f677f4c181b6df65bf86880634bfcef3be42c82efcdb33d654?s=96&d=mm&r=g","contentUrl":"https:\/\/secure.gravatar.com\/avatar\/b12f7d0f252688f677f4c181b6df65bf86880634bfcef3be42c82efcdb33d654?s=96&d=mm&r=g","caption":"Kevin Kersemans"},"description":"Kevin Kersemans is autojournalist met al enkele decennia ervaring op de teller. Zijn passie voor auto's en alles op wielen heeft hij al van kindsbeen af. Voor link2fleet volgt hij vooral de auto-actualiteit en test hij nieuwe modellen."}]}},"_links":{"self":[{"href":"https:\/\/www.link2fleet.com\/fr\/wp-json\/wp\/v2\/posts\/61856","targetHints":{"allow":["GET"]}}],"collection":[{"href":"https:\/\/www.link2fleet.com\/fr\/wp-json\/wp\/v2\/posts"}],"about":[{"href":"https:\/\/www.link2fleet.com\/fr\/wp-json\/wp\/v2\/types\/post"}],"author":[{"embeddable":true,"href":"https:\/\/www.link2fleet.com\/fr\/wp-json\/wp\/v2\/users\/49"}],"replies":[{"embeddable":true,"href":"https:\/\/www.link2fleet.com\/fr\/wp-json\/wp\/v2\/comments?post=61856"}],"version-history":[{"count":5,"href":"https:\/\/www.link2fleet.com\/fr\/wp-json\/wp\/v2\/posts\/61856\/revisions"}],"predecessor-version":[{"id":61872,"href":"https:\/\/www.link2fleet.com\/fr\/wp-json\/wp\/v2\/posts\/61856\/revisions\/61872"}],"wp:featuredmedia":[{"embeddable":true,"href":"https:\/\/www.link2fleet.com\/fr\/wp-json\/wp\/v2\/media\/61858"}],"wp:attachment":[{"href":"https:\/\/www.link2fleet.com\/fr\/wp-json\/wp\/v2\/media?parent=61856"}],"wp:term":[{"taxonomy":"category","embeddable":true,"href":"https:\/\/www.link2fleet.com\/fr\/wp-json\/wp\/v2\/categories?post=61856"},{"taxonomy":"post_tag","embeddable":true,"href":"https:\/\/www.link2fleet.com\/fr\/wp-json\/wp\/v2\/tags?post=61856"}],"curies":[{"name":"wp","href":"https:\/\/api.w.org\/{rel}","templated":true}]}}