{"id":61882,"date":"2025-12-03T09:57:10","date_gmt":"2025-12-03T08:57:10","guid":{"rendered":"https:\/\/www.link2fleet.com\/?p=61882"},"modified":"2025-12-15T11:32:15","modified_gmt":"2025-12-15T10:32:15","slug":"poppy-veut-revolutionner-le-leasing-pour-particulier-et-entrepreneurs","status":"publish","type":"post","link":"https:\/\/www.link2fleet.com\/fr\/poppy-veut-revolutionner-le-leasing-pour-particulier-et-entrepreneurs\/","title":{"rendered":"Poppy veut r\u00e9volutionner le leasing pour particulier et entrepreneurs"},"content":{"rendered":"","protected":false},"excerpt":{"rendered":"","protected":false},"author":4,"featured_media":61886,"comment_status":"closed","ping_status":"closed","sticky":false,"template":"","format":"standard","meta":{"_acf_changed":false,"footnotes":""},"categories":[1448,91,79],"tags":[1524,217,1525,291],"class_list":["post-61882","post","type-post","status-publish","format-standard","has-post-thumbnail","hentry","category-a-la-une","category-expertise-et-management","category-societes-de-leasing","tag-lease","tag-leasing","tag-particuliers","tag-poppy-fr"],"acf":[],"yoast_head":"<!-- This site is optimized with the Yoast SEO plugin v27.3 - https:\/\/yoast.com\/product\/yoast-seo-wordpress\/ -->\n<title>Poppy veut r\u00e9volutionner le leasing pour particulier et entrepreneurs - link2fleet<\/title>\n<meta name=\"description\" content=\"Poppy, l\u2019op\u00e9rateur connu pour sa flotte de 2.000 v\u00e9hicules partag\u00e9e \u00e0 Bruxelles et Anvers, annonce aujourd\u2019hui le lancement de Poppy Lease. Avec cette nouvelle \u00e9tape\u2026\" \/>\n<meta name=\"robots\" content=\"index, follow, max-snippet:-1, max-image-preview:large, max-video-preview:-1\" \/>\n<meta property=\"og:locale\" content=\"fr_FR\" \/>\n<meta property=\"og:type\" content=\"article\" \/>\n<meta property=\"og:title\" content=\"Poppy veut r\u00e9volutionner le leasing pour particulier et entrepreneurs - link2fleet\" \/>\n<meta property=\"og:description\" content=\"Poppy, l\u2019op\u00e9rateur connu pour sa flotte de 2.000 v\u00e9hicules partag\u00e9e \u00e0 Bruxelles et Anvers, annonce aujourd\u2019hui le lancement de Poppy Lease. Avec cette nouvelle \u00e9tape\u2026\" \/>\n<meta property=\"og:url\" content=\"https:\/\/www.link2fleet.com\/fr\/poppy-veut-revolutionner-le-leasing-pour-particulier-et-entrepreneurs\/\" \/>\n<meta property=\"og:site_name\" content=\"link2fleet\" \/>\n<meta property=\"article:published_time\" content=\"2025-12-03T08:57:10+00:00\" \/>\n<meta property=\"article:modified_time\" content=\"2025-12-15T10:32:15+00:00\" \/>\n<meta property=\"og:image\" content=\"https:\/\/static.link2fleet.com\/wp-content\/uploads\/2025\/12\/mypopday2-083.jpg\" \/>\n\t<meta property=\"og:image:width\" content=\"1497\" \/>\n\t<meta property=\"og:image:height\" content=\"998\" \/>\n\t<meta property=\"og:image:type\" content=\"image\/jpeg\" \/>\n<meta name=\"author\" content=\"Damien Malvetti\" \/>\n<meta name=\"twitter:card\" content=\"summary_large_image\" \/>\n<meta name=\"twitter:description\" content=\"Poppy, l\u2019op\u00e9rateur connu pour sa flotte de 2.000 v\u00e9hicules partag\u00e9e \u00e0 Bruxelles et Anvers, annonce aujourd\u2019hui le lancement de Poppy Lease. Avec cette nouvelle \u00e9tape\u2026\" \/>\n<meta name=\"twitter:label1\" content=\"\u00c9crit par\" \/>\n\t<meta name=\"twitter:data1\" content=\"Damien Malvetti\" \/>\n\t<meta name=\"twitter:label2\" content=\"Dur\u00e9e de lecture estim\u00e9e\" \/>\n\t<meta name=\"twitter:data2\" content=\"3 minutes\" \/>\n<script type=\"application\/ld+json\" class=\"yoast-schema-graph\">{\"@context\":\"https:\\\/\\\/schema.org\",\"@graph\":[{\"@type\":\"Article\",\"@id\":\"https:\\\/\\\/www.link2fleet.com\\\/fr\\\/poppy-veut-revolutionner-le-leasing-pour-particulier-et-entrepreneurs\\\/#article\",\"isPartOf\":{\"@id\":\"https:\\\/\\\/www.link2fleet.com\\\/fr\\\/poppy-veut-revolutionner-le-leasing-pour-particulier-et-entrepreneurs\\\/\"},\"author\":{\"name\":\"Damien Malvetti\",\"@id\":\"https:\\\/\\\/www.link2fleet.com\\\/fr\\\/#\\\/schema\\\/person\\\/027cd46113c78036b3809c9a054049da\"},\"headline\":\"Poppy veut r\u00e9volutionner le leasing pour particulier et entrepreneurs\",\"datePublished\":\"2025-12-03T08:57:10+00:00\",\"dateModified\":\"2025-12-15T10:32:15+00:00\",\"mainEntityOfPage\":{\"@id\":\"https:\\\/\\\/www.link2fleet.com\\\/fr\\\/poppy-veut-revolutionner-le-leasing-pour-particulier-et-entrepreneurs\\\/\"},\"wordCount\":10,\"publisher\":{\"@id\":\"https:\\\/\\\/www.link2fleet.com\\\/fr\\\/#organization\"},\"image\":{\"@id\":\"https:\\\/\\\/www.link2fleet.com\\\/fr\\\/poppy-veut-revolutionner-le-leasing-pour-particulier-et-entrepreneurs\\\/#primaryimage\"},\"thumbnailUrl\":\"https:\\\/\\\/static.link2fleet.com\\\/wp-content\\\/uploads\\\/2025\\\/12\\\/mypopday2-083.jpg\",\"keywords\":[\"lease\",\"leasing\",\"particuliers\",\"poppy\"],\"articleSection\":[\"A la une\",\"Gestion de flotte\",\"Location long-terme\"],\"inLanguage\":\"fr-FR\"},{\"@type\":\"WebPage\",\"@id\":\"https:\\\/\\\/www.link2fleet.com\\\/fr\\\/poppy-veut-revolutionner-le-leasing-pour-particulier-et-entrepreneurs\\\/\",\"url\":\"https:\\\/\\\/www.link2fleet.com\\\/fr\\\/poppy-veut-revolutionner-le-leasing-pour-particulier-et-entrepreneurs\\\/\",\"name\":\"Poppy veut r\u00e9volutionner le leasing pour particulier et entrepreneurs - link2fleet\",\"isPartOf\":{\"@id\":\"https:\\\/\\\/www.link2fleet.com\\\/fr\\\/#website\"},\"primaryImageOfPage\":{\"@id\":\"https:\\\/\\\/www.link2fleet.com\\\/fr\\\/poppy-veut-revolutionner-le-leasing-pour-particulier-et-entrepreneurs\\\/#primaryimage\"},\"image\":{\"@id\":\"https:\\\/\\\/www.link2fleet.com\\\/fr\\\/poppy-veut-revolutionner-le-leasing-pour-particulier-et-entrepreneurs\\\/#primaryimage\"},\"thumbnailUrl\":\"https:\\\/\\\/static.link2fleet.com\\\/wp-content\\\/uploads\\\/2025\\\/12\\\/mypopday2-083.jpg\",\"datePublished\":\"2025-12-03T08:57:10+00:00\",\"dateModified\":\"2025-12-15T10:32:15+00:00\",\"breadcrumb\":{\"@id\":\"https:\\\/\\\/www.link2fleet.com\\\/fr\\\/poppy-veut-revolutionner-le-leasing-pour-particulier-et-entrepreneurs\\\/#breadcrumb\"},\"inLanguage\":\"fr-FR\",\"potentialAction\":[{\"@type\":\"ReadAction\",\"target\":[\"https:\\\/\\\/www.link2fleet.com\\\/fr\\\/poppy-veut-revolutionner-le-leasing-pour-particulier-et-entrepreneurs\\\/\"]}]},{\"@type\":\"ImageObject\",\"inLanguage\":\"fr-FR\",\"@id\":\"https:\\\/\\\/www.link2fleet.com\\\/fr\\\/poppy-veut-revolutionner-le-leasing-pour-particulier-et-entrepreneurs\\\/#primaryimage\",\"url\":\"https:\\\/\\\/static.link2fleet.com\\\/wp-content\\\/uploads\\\/2025\\\/12\\\/mypopday2-083.jpg\",\"contentUrl\":\"https:\\\/\\\/static.link2fleet.com\\\/wp-content\\\/uploads\\\/2025\\\/12\\\/mypopday2-083.jpg\",\"width\":1497,\"height\":998},{\"@type\":\"BreadcrumbList\",\"@id\":\"https:\\\/\\\/www.link2fleet.com\\\/fr\\\/poppy-veut-revolutionner-le-leasing-pour-particulier-et-entrepreneurs\\\/#breadcrumb\",\"itemListElement\":[{\"@type\":\"ListItem\",\"position\":1,\"name\":\"Home\",\"item\":\"https:\\\/\\\/www.link2fleet.com\\\/fr\\\/\"},{\"@type\":\"ListItem\",\"position\":2,\"name\":\"Poppy veut r\u00e9volutionner le leasing pour particulier et entrepreneurs\"}]},{\"@type\":\"WebSite\",\"@id\":\"https:\\\/\\\/www.link2fleet.com\\\/fr\\\/#website\",\"url\":\"https:\\\/\\\/www.link2fleet.com\\\/fr\\\/\",\"name\":\"Link2fleet\",\"description\":\"\",\"publisher\":{\"@id\":\"https:\\\/\\\/www.link2fleet.com\\\/fr\\\/#organization\"},\"potentialAction\":[{\"@type\":\"SearchAction\",\"target\":{\"@type\":\"EntryPoint\",\"urlTemplate\":\"https:\\\/\\\/www.link2fleet.com\\\/fr\\\/?s={search_term_string}\"},\"query-input\":{\"@type\":\"PropertyValueSpecification\",\"valueRequired\":true,\"valueName\":\"search_term_string\"}}],\"inLanguage\":\"fr-FR\"},{\"@type\":\"Organization\",\"@id\":\"https:\\\/\\\/www.link2fleet.com\\\/fr\\\/#organization\",\"name\":\"Link2fleet\",\"url\":\"https:\\\/\\\/www.link2fleet.com\\\/fr\\\/\",\"logo\":{\"@type\":\"ImageObject\",\"inLanguage\":\"fr-FR\",\"@id\":\"https:\\\/\\\/www.link2fleet.com\\\/fr\\\/#\\\/schema\\\/logo\\\/image\\\/\",\"url\":\"https:\\\/\\\/static.link2fleet.com\\\/wp-content\\\/uploads\\\/2024\\\/03\\\/share-image.jpg\",\"contentUrl\":\"https:\\\/\\\/static.link2fleet.com\\\/wp-content\\\/uploads\\\/2024\\\/03\\\/share-image.jpg\",\"width\":1200,\"height\":630,\"caption\":\"Link2fleet\"},\"image\":{\"@id\":\"https:\\\/\\\/www.link2fleet.com\\\/fr\\\/#\\\/schema\\\/logo\\\/image\\\/\"},\"sameAs\":[\"https:\\\/\\\/www.linkedin.com\\\/company\\\/link2fleet-belgium\",\"https:\\\/\\\/www.youtube.com\\\/user\\\/MMMBMBE\"]},{\"@type\":\"Person\",\"@id\":\"https:\\\/\\\/www.link2fleet.com\\\/fr\\\/#\\\/schema\\\/person\\\/027cd46113c78036b3809c9a054049da\",\"name\":\"Damien Malvetti\",\"image\":{\"@type\":\"ImageObject\",\"inLanguage\":\"fr-FR\",\"@id\":\"https:\\\/\\\/secure.gravatar.com\\\/avatar\\\/dd8cc03b49466c735f753ac37f8caa371af16dfed347456ed61f02883255eebb?s=96&d=mm&r=g\",\"url\":\"https:\\\/\\\/secure.gravatar.com\\\/avatar\\\/dd8cc03b49466c735f753ac37f8caa371af16dfed347456ed61f02883255eebb?s=96&d=mm&r=g\",\"contentUrl\":\"https:\\\/\\\/secure.gravatar.com\\\/avatar\\\/dd8cc03b49466c735f753ac37f8caa371af16dfed347456ed61f02883255eebb?s=96&d=mm&r=g\",\"caption\":\"Damien Malvetti\"},\"description\":\"Damien Malvetti is opgeleid als journalist en gepassioneerd door wagens, technologie en mobiliteit. Hij is verantwoordelijk voor de redactionele inhoud van link2fleet en beschikt over een uitgebreide kennis van de fleet-sector en elektrische mobiliteit.\",\"sameAs\":[\"https:\\\/\\\/www.linkedin.com\\\/in\\\/damien-malvetti-56601142\\\/\"]}]}<\/script>\n<!-- \/ Yoast SEO plugin. -->","yoast_head_json":{"title":"Poppy veut r\u00e9volutionner le leasing pour particulier et entrepreneurs - link2fleet","description":"Poppy, l\u2019op\u00e9rateur connu pour sa flotte de 2.000 v\u00e9hicules partag\u00e9e \u00e0 Bruxelles et Anvers, annonce aujourd\u2019hui le lancement de Poppy Lease. Avec cette nouvelle \u00e9tape\u2026","robots":{"index":"index","follow":"follow","max-snippet":"max-snippet:-1","max-image-preview":"max-image-preview:large","max-video-preview":"max-video-preview:-1"},"og_locale":"fr_FR","og_type":"article","og_title":"Poppy veut r\u00e9volutionner le leasing pour particulier et entrepreneurs - link2fleet","og_description":"Poppy, l\u2019op\u00e9rateur connu pour sa flotte de 2.000 v\u00e9hicules partag\u00e9e \u00e0 Bruxelles et Anvers, annonce aujourd\u2019hui le lancement de Poppy Lease. Avec cette nouvelle \u00e9tape\u2026","og_url":"https:\/\/www.link2fleet.com\/fr\/poppy-veut-revolutionner-le-leasing-pour-particulier-et-entrepreneurs\/","og_site_name":"link2fleet","article_published_time":"2025-12-03T08:57:10+00:00","article_modified_time":"2025-12-15T10:32:15+00:00","og_image":[{"width":1497,"height":998,"url":"https:\/\/static.link2fleet.com\/wp-content\/uploads\/2025\/12\/mypopday2-083.jpg","type":"image\/jpeg"}],"author":"Damien Malvetti","twitter_card":"summary_large_image","twitter_description":"Poppy, l\u2019op\u00e9rateur connu pour sa flotte de 2.000 v\u00e9hicules partag\u00e9e \u00e0 Bruxelles et Anvers, annonce aujourd\u2019hui le lancement de Poppy Lease. Avec cette nouvelle \u00e9tape\u2026","twitter_misc":{"\u00c9crit par":"Damien Malvetti","Dur\u00e9e de lecture estim\u00e9e":"3 minutes"},"schema":{"@context":"https:\/\/schema.org","@graph":[{"@type":"Article","@id":"https:\/\/www.link2fleet.com\/fr\/poppy-veut-revolutionner-le-leasing-pour-particulier-et-entrepreneurs\/#article","isPartOf":{"@id":"https:\/\/www.link2fleet.com\/fr\/poppy-veut-revolutionner-le-leasing-pour-particulier-et-entrepreneurs\/"},"author":{"name":"Damien Malvetti","@id":"https:\/\/www.link2fleet.com\/fr\/#\/schema\/person\/027cd46113c78036b3809c9a054049da"},"headline":"Poppy veut r\u00e9volutionner le leasing pour particulier et entrepreneurs","datePublished":"2025-12-03T08:57:10+00:00","dateModified":"2025-12-15T10:32:15+00:00","mainEntityOfPage":{"@id":"https:\/\/www.link2fleet.com\/fr\/poppy-veut-revolutionner-le-leasing-pour-particulier-et-entrepreneurs\/"},"wordCount":10,"publisher":{"@id":"https:\/\/www.link2fleet.com\/fr\/#organization"},"image":{"@id":"https:\/\/www.link2fleet.com\/fr\/poppy-veut-revolutionner-le-leasing-pour-particulier-et-entrepreneurs\/#primaryimage"},"thumbnailUrl":"https:\/\/static.link2fleet.com\/wp-content\/uploads\/2025\/12\/mypopday2-083.jpg","keywords":["lease","leasing","particuliers","poppy"],"articleSection":["A la une","Gestion de flotte","Location long-terme"],"inLanguage":"fr-FR"},{"@type":"WebPage","@id":"https:\/\/www.link2fleet.com\/fr\/poppy-veut-revolutionner-le-leasing-pour-particulier-et-entrepreneurs\/","url":"https:\/\/www.link2fleet.com\/fr\/poppy-veut-revolutionner-le-leasing-pour-particulier-et-entrepreneurs\/","name":"Poppy veut r\u00e9volutionner le leasing pour particulier et entrepreneurs - link2fleet","isPartOf":{"@id":"https:\/\/www.link2fleet.com\/fr\/#website"},"primaryImageOfPage":{"@id":"https:\/\/www.link2fleet.com\/fr\/poppy-veut-revolutionner-le-leasing-pour-particulier-et-entrepreneurs\/#primaryimage"},"image":{"@id":"https:\/\/www.link2fleet.com\/fr\/poppy-veut-revolutionner-le-leasing-pour-particulier-et-entrepreneurs\/#primaryimage"},"thumbnailUrl":"https:\/\/static.link2fleet.com\/wp-content\/uploads\/2025\/12\/mypopday2-083.jpg","datePublished":"2025-12-03T08:57:10+00:00","dateModified":"2025-12-15T10:32:15+00:00","breadcrumb":{"@id":"https:\/\/www.link2fleet.com\/fr\/poppy-veut-revolutionner-le-leasing-pour-particulier-et-entrepreneurs\/#breadcrumb"},"inLanguage":"fr-FR","potentialAction":[{"@type":"ReadAction","target":["https:\/\/www.link2fleet.com\/fr\/poppy-veut-revolutionner-le-leasing-pour-particulier-et-entrepreneurs\/"]}]},{"@type":"ImageObject","inLanguage":"fr-FR","@id":"https:\/\/www.link2fleet.com\/fr\/poppy-veut-revolutionner-le-leasing-pour-particulier-et-entrepreneurs\/#primaryimage","url":"https:\/\/static.link2fleet.com\/wp-content\/uploads\/2025\/12\/mypopday2-083.jpg","contentUrl":"https:\/\/static.link2fleet.com\/wp-content\/uploads\/2025\/12\/mypopday2-083.jpg","width":1497,"height":998},{"@type":"BreadcrumbList","@id":"https:\/\/www.link2fleet.com\/fr\/poppy-veut-revolutionner-le-leasing-pour-particulier-et-entrepreneurs\/#breadcrumb","itemListElement":[{"@type":"ListItem","position":1,"name":"Home","item":"https:\/\/www.link2fleet.com\/fr\/"},{"@type":"ListItem","position":2,"name":"Poppy veut r\u00e9volutionner le leasing pour particulier et entrepreneurs"}]},{"@type":"WebSite","@id":"https:\/\/www.link2fleet.com\/fr\/#website","url":"https:\/\/www.link2fleet.com\/fr\/","name":"Link2fleet","description":"","publisher":{"@id":"https:\/\/www.link2fleet.com\/fr\/#organization"},"potentialAction":[{"@type":"SearchAction","target":{"@type":"EntryPoint","urlTemplate":"https:\/\/www.link2fleet.com\/fr\/?s={search_term_string}"},"query-input":{"@type":"PropertyValueSpecification","valueRequired":true,"valueName":"search_term_string"}}],"inLanguage":"fr-FR"},{"@type":"Organization","@id":"https:\/\/www.link2fleet.com\/fr\/#organization","name":"Link2fleet","url":"https:\/\/www.link2fleet.com\/fr\/","logo":{"@type":"ImageObject","inLanguage":"fr-FR","@id":"https:\/\/www.link2fleet.com\/fr\/#\/schema\/logo\/image\/","url":"https:\/\/static.link2fleet.com\/wp-content\/uploads\/2024\/03\/share-image.jpg","contentUrl":"https:\/\/static.link2fleet.com\/wp-content\/uploads\/2024\/03\/share-image.jpg","width":1200,"height":630,"caption":"Link2fleet"},"image":{"@id":"https:\/\/www.link2fleet.com\/fr\/#\/schema\/logo\/image\/"},"sameAs":["https:\/\/www.linkedin.com\/company\/link2fleet-belgium","https:\/\/www.youtube.com\/user\/MMMBMBE"]},{"@type":"Person","@id":"https:\/\/www.link2fleet.com\/fr\/#\/schema\/person\/027cd46113c78036b3809c9a054049da","name":"Damien Malvetti","image":{"@type":"ImageObject","inLanguage":"fr-FR","@id":"https:\/\/secure.gravatar.com\/avatar\/dd8cc03b49466c735f753ac37f8caa371af16dfed347456ed61f02883255eebb?s=96&d=mm&r=g","url":"https:\/\/secure.gravatar.com\/avatar\/dd8cc03b49466c735f753ac37f8caa371af16dfed347456ed61f02883255eebb?s=96&d=mm&r=g","contentUrl":"https:\/\/secure.gravatar.com\/avatar\/dd8cc03b49466c735f753ac37f8caa371af16dfed347456ed61f02883255eebb?s=96&d=mm&r=g","caption":"Damien Malvetti"},"description":"Damien Malvetti is opgeleid als journalist en gepassioneerd door wagens, technologie en mobiliteit. Hij is verantwoordelijk voor de redactionele inhoud van link2fleet en beschikt over een uitgebreide kennis van de fleet-sector en elektrische mobiliteit.","sameAs":["https:\/\/www.linkedin.com\/in\/damien-malvetti-56601142\/"]}]}},"_links":{"self":[{"href":"https:\/\/www.link2fleet.com\/fr\/wp-json\/wp\/v2\/posts\/61882","targetHints":{"allow":["GET"]}}],"collection":[{"href":"https:\/\/www.link2fleet.com\/fr\/wp-json\/wp\/v2\/posts"}],"about":[{"href":"https:\/\/www.link2fleet.com\/fr\/wp-json\/wp\/v2\/types\/post"}],"author":[{"embeddable":true,"href":"https:\/\/www.link2fleet.com\/fr\/wp-json\/wp\/v2\/users\/4"}],"replies":[{"embeddable":true,"href":"https:\/\/www.link2fleet.com\/fr\/wp-json\/wp\/v2\/comments?post=61882"}],"version-history":[{"count":3,"href":"https:\/\/www.link2fleet.com\/fr\/wp-json\/wp\/v2\/posts\/61882\/revisions"}],"predecessor-version":[{"id":62603,"href":"https:\/\/www.link2fleet.com\/fr\/wp-json\/wp\/v2\/posts\/61882\/revisions\/62603"}],"wp:featuredmedia":[{"embeddable":true,"href":"https:\/\/www.link2fleet.com\/fr\/wp-json\/wp\/v2\/media\/61886"}],"wp:attachment":[{"href":"https:\/\/www.link2fleet.com\/fr\/wp-json\/wp\/v2\/media?parent=61882"}],"wp:term":[{"taxonomy":"category","embeddable":true,"href":"https:\/\/www.link2fleet.com\/fr\/wp-json\/wp\/v2\/categories?post=61882"},{"taxonomy":"post_tag","embeddable":true,"href":"https:\/\/www.link2fleet.com\/fr\/wp-json\/wp\/v2\/tags?post=61882"}],"curies":[{"name":"wp","href":"https:\/\/api.w.org\/{rel}","templated":true}]}}